{"id":12222,"date":"2025-05-06T11:00:20","date_gmt":"2025-05-06T09:00:20","guid":{"rendered":"https:\/\/blogg.svenskakyrkan.se\/act\/?p=12222"},"modified":"2025-05-08T13:46:21","modified_gmt":"2025-05-08T11:46:21","slug":"utbildning-for-en-mer-inkluderande-varld","status":"publish","type":"post","link":"https:\/\/blogg.svenskakyrkan.se\/act\/2025\/05\/06\/utbildning-for-en-mer-inkluderande-varld\/","title":{"rendered":"Utbildning f\u00f6r en mer inkluderande v\u00e4rld"},"content":{"rendered":"\n<p><strong>Ett liv p\u00e5 flykt \u00e4r en stor utmaning i sig. Att dessutom vara barn och ha en funktionsneds\u00e4ttning g\u00f6r situationen \u00e4nnu sv\u00e5rare. Act Svenska kyrkan st\u00e5r bakom insatser i flera flyktingl\u00e4ger i \u00f6stra Afrika f\u00f6r alla barns r\u00e4tt till skola, st\u00f6d och hj\u00e4lpmedel. Ett av de projekten finns i Maban i Sydsudan.<\/strong><\/p>\n\n\n\n<p>I de \u00f6verbefolkade flyktingl\u00e4gren i Maban lever hundratusentals m\u00e4nniskor som tvingats fly undan konflikter och sv\u00e4lt. Bland dem finns m\u00e5nga barn med funktionsneds\u00e4ttningar, som l\u00e4nge f\u00f6rv\u00e4grats sin r\u00e4tt till utbildning och en framtid. Act Svenska kyrkan f\u00f6r\u00e4ndrar detta genom att skapa en inkluderande skolmilj\u00f6, d\u00e4r alla barn f\u00e5r m\u00f6jlighet att l\u00e4ra och utvecklas utifr\u00e5n sina egna f\u00f6ruts\u00e4ttningar.<\/p>\n\n\n\n<p>Specialanpassad undervisning, utbildning av l\u00e4rare och tillg\u00e5ng till hj\u00e4lpmedel g\u00f6r att fler barn kan g\u00e5 i skolan. Anpassade skolv\u00e4gar och tillg\u00e4ngliga klassrum g\u00f6r att \u00e4ven de barn som tidigare haft sv\u00e5rt att ta sig till skolan nu kan delta i undervisningen. Samtidigt arbetar Act Svenska kyrkan med att f\u00f6r\u00e4ndra attityder och minska stigmat kring funktionsneds\u00e4ttningar, vilket ger barnen st\u00f6rre acceptans och trygghet i samh\u00e4llet.<\/p>\n\n\n\n<figure class=\"wp-block-image size-large\"><a href=\"https:\/\/blogg.svenskakyrkan.se\/act\/files\/2025\/05\/1255663-webb-Foto-Josefin-Casteryd-Ikon.jpg\"><img loading=\"lazy\" decoding=\"async\" width=\"1024\" height=\"683\" src=\"https:\/\/blogg.svenskakyrkan.se\/act\/files\/2025\/05\/1255663-webb-Foto-Josefin-Casteryd-Ikon-1024x683.jpg\" alt=\"Tv\u00e5 kvinnor som pratar med varandra. Den ena kvinnan har en v\u00e4st som det st\u00e5r Act Svenska kyrkan p\u00e5. \" class=\"wp-image-12238\" srcset=\"https:\/\/blogg.svenskakyrkan.se\/act\/files\/2025\/05\/1255663-webb-Foto-Josefin-Casteryd-Ikon-1024x683.jpg 1024w, https:\/\/blogg.svenskakyrkan.se\/act\/files\/2025\/05\/1255663-webb-Foto-Josefin-Casteryd-Ikon-300x200.jpg 300w, https:\/\/blogg.svenskakyrkan.se\/act\/files\/2025\/05\/1255663-webb-Foto-Josefin-Casteryd-Ikon-768x512.jpg 768w, https:\/\/blogg.svenskakyrkan.se\/act\/files\/2025\/05\/1255663-webb-Foto-Josefin-Casteryd-Ikon-1536x1024.jpg 1536w, https:\/\/blogg.svenskakyrkan.se\/act\/files\/2025\/05\/1255663-webb-Foto-Josefin-Casteryd-Ikon-1200x800.jpg 1200w, https:\/\/blogg.svenskakyrkan.se\/act\/files\/2025\/05\/1255663-webb-Foto-Josefin-Casteryd-Ikon.jpg 1920w\" sizes=\"auto, (max-width: 1024px) 100vw, 1024px\" \/><\/a><figcaption class=\"wp-element-caption\">Amima Kabdaja\u00e4r ledare i f\u00f6r\u00e4ldra- och l\u00e4rarr\u00e5det p\u00e5 en av skolorna i ett av flyktingl\u00e4gren i Maban. En viktig roll f\u00f6r henne \u00e4r att prata med f\u00f6r\u00e4ldrar i l\u00e4gret av vikten av att alla barn g\u00e5r i skolan. \u201cUtbildning \u00e4r en nyckel\u201d, s\u00e4ger Amima.<\/figcaption><\/figure>\n\n\n\n<p>\u201dM\u00e5nga f\u00f6r\u00e4ldrar till barn med funktionsneds\u00e4ttningar var r\u00e4dda f\u00f6r att skicka sina barn till skolan, men nu kommer de hit!\u201d, ber\u00e4ttar Amima Kabdaja, som leder f\u00f6r\u00e4ldra- och l\u00e4rarr\u00e5det p\u00e5 en av skolorna i Maban. Hon och andra f\u00f6r\u00e4ldrar arbetar aktivt f\u00f6r att informera och engagera familjer i vikten av utbildning.<\/p>\n\n\n\n<h2 class=\"wp-block-heading\">En inkluderande skola st\u00e4rker barnens sj\u00e4lvk\u00e4nsla<\/h2>\n\n\n\n<p>F\u00f6r att skapa l\u00e5ngsiktig f\u00f6r\u00e4ndring utbildas specialpedagoger som kan undervisa barn med olika funktionsneds\u00e4ttningar, s\u00e5som nedsatt syn, h\u00f6rsel, tal eller r\u00f6relsef\u00f6rm\u00e5ga. Arbetet omfattar \u00e4ven st\u00f6d till barn med utvecklingsm\u00e4ssiga och mentala utmaningar. Genom en inkluderande skolkultur st\u00e4rks barnens sj\u00e4lvk\u00e4nsla och framtidstro.<\/p>\n\n\n\n<p>Tillsammans med samarbetspartner har Act Svenska kyrkan i \u00f6ver ett decennium st\u00f6ttat barn med funktionsneds\u00e4ttningar p\u00e5 flykt i \u00f6stra Afrika genom utbildning och med hj\u00e4lpmedel. Genom att arbeta n\u00e4ra samh\u00e4llet, utbilda l\u00e4rare och st\u00e4rka f\u00f6r\u00e4ldrarnas engagemang, skapas en framtid d\u00e4r fler barn f\u00e5r m\u00f6jlighet att l\u00e4ra, v\u00e4xa och dr\u00f6mma. Med ditt st\u00f6d kan \u00e4nnu fler barn n\u00e5s och arbetet f\u00f6r en mer inkluderande v\u00e4rld forts\u00e4tta.<\/p>\n\n\n\n<p><a href=\"https:\/\/www.svenskakyrkan.se\/act\/varldens-barn\">L\u00e4s mer om Act Svenska kyrkans medverkan i V\u00e4rldens Barn.<\/a><\/p>\n\n\n<div id=\"infobox-block_1adea555ab86a3f580ddf3e6084d08f2\"  class=\"b-infobox\" surface=\"theme-primary-100\">\n    <div class=\"acf-innerblocks-container\">\n\n<h2 class=\"wp-block-heading\">Information\/fakta om Maban<\/h2>\n\n\n\n<ul class=\"wp-block-list\">\n<li>Maban ligger i nord\u00f6sta Sydsudan och i regionen finns fyra flyktingl\u00e4ger.<\/li>\n\n\n\n<li>I dag bor \u00f6ver tv\u00e5hundratusen m\u00e4nniskor i Maban. De flesta har flytt till fots fr\u00e5n Blue Nile i Sudan (som ligger precis p\u00e5 andra sidan gr\u00e4nsen).<\/li>\n\n\n\n<li>Under 2025 f\u00f6rv\u00e4ntas antalet flyktingar i Maban \u00f6ka med n\u00e4rmare tolv procent.<\/li>\n\n\n\n<li>Act Svenska kyrkans projekt i Maban ing\u00e5r i ett st\u00f6rre regionalt projekt som inkluderar flyktingl\u00e4gren i Dadaab och Kakuma i Kenya samt Kismayo i Somalia.<\/li>\n\n\n\n<li>Projektet avser att ge st\u00f6d till n\u00e4rmare tiotusen barn med funktionsneds\u00e4ttningar som lever p\u00e5 flykt i Sydsudan, Somalia och Kenya.<\/li>\n<\/ul>\n\n<\/div>\n<\/div>\n\n\n<div id=\"infobox-block_1adea555ab86a3f580ddf3e6084d08f2\"  class=\"b-infobox\" surface=\"theme-primary-100\">\n    <div class=\"acf-innerblocks-container\">\n\n<h2 class=\"wp-block-heading\">Vad r\u00e4cker pengarna till?<\/h2>\n\n\n\n<ul class=\"wp-block-list\">\n<li>200 kronor r\u00e4cker till en skoluniform.<\/li>\n\n\n\n<li>1&nbsp;400 kronor r\u00e4cker till en rullstol.<\/li>\n\n\n\n<li>30&nbsp;000 kronor r\u00e4cker f\u00f6r att utbilda 450 l\u00e4rare inom inkluderande pedagogik.<\/li>\n<\/ul>\n\n<\/div>\n<\/div>\n\n\n\n<div class=\"wp-block-columns is-layout-flex wp-container-core-columns-is-layout-28f84493 wp-block-columns-is-layout-flex\">\n<div class=\"wp-block-column is-layout-flow wp-block-column-is-layout-flow\" style=\"flex-basis:100%\"><\/div>\n<\/div>\n\n\n<div id=\"related-posts-block_b879e50d67c97fca3db597b5c6640b92\"  class=\"b-related-posts alignwide\">\n    <div class=\"acf-innerblocks-container\">\n\n<h2 class=\"wp-block-heading\">Andra ber\u00e4ttelser d\u00e4r st\u00f6det till V\u00e4rldens Barn g\u00f6r skillnad<\/h2>\n\n<\/div>\n    \n    \n    <div class=\"wp-block-query alignwide is-layout-flow wp-block-query-is-layout-flow\">\n        <ul class=\"is-flex-container columns-3 alignwide related-posts__content wp-block-post-template is-layout-flow wp-block-post-template-is-layout-flow\"><li class=\"wp-block-post post-12467 post type-post status-publish format-standard has-post-thumbnail hentry category-engagemanget-folkrorelsen tag-insamlingen-varldens-barn\">\n            \n            <div class=\"wp-block-group post__content is-layout-flow wp-block-group-is-layout-flow\">\n                <figure style=\"margin-bottom:var(--wp--preset--spacing--50);\" class=\"wp-block-post-featured-image\"><a href=\"https:\/\/blogg.svenskakyrkan.se\/act\/2025\/09\/30\/maraton-pa-nordpolen\/\" target=\"_self\"  ><img loading=\"lazy\" decoding=\"async\" width=\"1080\" height=\"720\" src=\"https:\/\/blogg.svenskakyrkan.se\/act\/files\/2025\/09\/Nordpolen-Foto-Privat-2-webb.jpg\" class=\"attachment-post-thumbnail size-post-thumbnail wp-post-image\" alt=\"H\u00e5kan Jonsson sprang maraton p\u00e5 Nordpolen f\u00f6r barns r\u00e4ttigheter\" style=\"object-fit:cover;\" srcset=\"https:\/\/blogg.svenskakyrkan.se\/act\/files\/2025\/09\/Nordpolen-Foto-Privat-2-webb.jpg 1080w, https:\/\/blogg.svenskakyrkan.se\/act\/files\/2025\/09\/Nordpolen-Foto-Privat-2-webb-300x200.jpg 300w, https:\/\/blogg.svenskakyrkan.se\/act\/files\/2025\/09\/Nordpolen-Foto-Privat-2-webb-1024x683.jpg 1024w, https:\/\/blogg.svenskakyrkan.se\/act\/files\/2025\/09\/Nordpolen-Foto-Privat-2-webb-768x512.jpg 768w\" sizes=\"auto, (max-width: 1080px) 100vw, 1080px\" \/><\/a><\/figure>\n                <h2 class=\"wp-block-post-title has-h-3-font-size\"><a href=\"https:\/\/blogg.svenskakyrkan.se\/act\/2025\/09\/30\/maraton-pa-nordpolen\/\" target=\"_self\" >H\u00e5kan Jonsson sprang maraton p\u00e5 Nordpolen f\u00f6r barns r\u00e4ttigheter<\/a><\/h2>\n                <div class=\"wp-block-post-date\"><time datetime=\"2025-09-30T12:40:41+02:00\">30 september, 2025<\/time><\/div>\n                <div class=\"wp-block-post-excerpt\"><p class=\"wp-block-post-excerpt__excerpt\">H\u00e5kan Jonsson \u00e4r l\u00e4kare, maratonl\u00f6pare och ambassad\u00f6r f\u00f6r Act Svenska kyrkan. Han \u00e4r ocks\u00e5 en orubblig k\u00e4mpe f\u00f6r barns r\u00e4ttigheter. H\u00e4r delar han med sig av ber\u00e4ttelsen om sitt hittills st\u00f6rsta \u00e4ventyr \u2013 att springa maraton p\u00e5 Nordpolen f\u00f6r V\u00e4rldens Barn.<\/p><\/div>\n            <\/div>\n            \n        <\/li><li class=\"wp-block-post post-12240 post type-post status-publish format-standard has-post-thumbnail hentry category-afrika category-katastrofinsatser category-sydsudan tag-insamlingen-varldens-barn\">\n            \n            <div class=\"wp-block-group post__content is-layout-flow wp-block-group-is-layout-flow\">\n                <figure style=\"margin-bottom:var(--wp--preset--spacing--50);\" class=\"wp-block-post-featured-image\"><a href=\"https:\/\/blogg.svenskakyrkan.se\/act\/2025\/05\/06\/yasmins-resa-mot-en-ljusare-framtid\/\" target=\"_self\"  ><img loading=\"lazy\" decoding=\"async\" width=\"1920\" height=\"1280\" src=\"https:\/\/blogg.svenskakyrkan.se\/act\/files\/2025\/05\/1255647-webb-Foto-Josefin-Casteryd-Ikon-1.jpg\" class=\"attachment-post-thumbnail size-post-thumbnail wp-post-image\" alt=\"Yasmins resa mot en ljusare framtid\" style=\"object-fit:cover;\" srcset=\"https:\/\/blogg.svenskakyrkan.se\/act\/files\/2025\/05\/1255647-webb-Foto-Josefin-Casteryd-Ikon-1.jpg 1920w, https:\/\/blogg.svenskakyrkan.se\/act\/files\/2025\/05\/1255647-webb-Foto-Josefin-Casteryd-Ikon-1-300x200.jpg 300w, https:\/\/blogg.svenskakyrkan.se\/act\/files\/2025\/05\/1255647-webb-Foto-Josefin-Casteryd-Ikon-1-1024x683.jpg 1024w, https:\/\/blogg.svenskakyrkan.se\/act\/files\/2025\/05\/1255647-webb-Foto-Josefin-Casteryd-Ikon-1-768x512.jpg 768w, https:\/\/blogg.svenskakyrkan.se\/act\/files\/2025\/05\/1255647-webb-Foto-Josefin-Casteryd-Ikon-1-1536x1024.jpg 1536w, https:\/\/blogg.svenskakyrkan.se\/act\/files\/2025\/05\/1255647-webb-Foto-Josefin-Casteryd-Ikon-1-1200x800.jpg 1200w\" sizes=\"auto, (max-width: 1920px) 100vw, 1920px\" \/><\/a><\/figure>\n                <h2 class=\"wp-block-post-title has-h-3-font-size\"><a href=\"https:\/\/blogg.svenskakyrkan.se\/act\/2025\/05\/06\/yasmins-resa-mot-en-ljusare-framtid\/\" target=\"_self\" >Yasmins resa mot en ljusare framtid<\/a><\/h2>\n                <div class=\"wp-block-post-date\"><time datetime=\"2025-05-06T10:59:25+02:00\">06 maj, 2025<\/time><\/div>\n                <div class=\"wp-block-post-excerpt\"><p class=\"wp-block-post-excerpt__excerpt\">I en enkel liten hydda i ett flyktingl\u00e4ger i Maban i Sydsudan bor sju\u00e5riga Yasmin tillsammans med sin mamma Haute och sin lillasyster Duwana. Hit kom de efter att de f\u00f6rra \u00e5ret tvingades fly fr\u00e5n sitt hem i Sudan n\u00e4r strider utbr\u00f6t d\u00e4r. F\u00f6r att kunna fly tillsammans med sina[\u2026]<\/p><\/div>\n            <\/div>\n            \n        <\/li><li class=\"wp-block-post post-10214 post type-post status-publish format-standard has-post-thumbnail hentry category-afrika category-katastrofinsatser category-kenya tag-insamlingen-varldens-barn\">\n            \n            <div class=\"wp-block-group post__content is-layout-flow wp-block-group-is-layout-flow\">\n                <figure style=\"margin-bottom:var(--wp--preset--spacing--50);\" class=\"wp-block-post-featured-image\"><a href=\"https:\/\/blogg.svenskakyrkan.se\/act\/2023\/05\/05\/nar-en-rullstol-kan-uppratta-manniskovardet\/\" target=\"_self\"  ><img loading=\"lazy\" decoding=\"async\" width=\"1613\" height=\"1075\" src=\"https:\/\/blogg.svenskakyrkan.se\/act\/files\/2023\/05\/220530-220602_Dadaab_046_webb.jpg\" class=\"attachment-post-thumbnail size-post-thumbnail wp-post-image\" alt=\"N\u00e4r en rullstol kan uppr\u00e4tta m\u00e4nniskov\u00e4rdet\" style=\"object-fit:cover;\" srcset=\"https:\/\/blogg.svenskakyrkan.se\/act\/files\/2023\/05\/220530-220602_Dadaab_046_webb.jpg 1613w, https:\/\/blogg.svenskakyrkan.se\/act\/files\/2023\/05\/220530-220602_Dadaab_046_webb-300x200.jpg 300w, https:\/\/blogg.svenskakyrkan.se\/act\/files\/2023\/05\/220530-220602_Dadaab_046_webb-1024x682.jpg 1024w, https:\/\/blogg.svenskakyrkan.se\/act\/files\/2023\/05\/220530-220602_Dadaab_046_webb-768x512.jpg 768w, https:\/\/blogg.svenskakyrkan.se\/act\/files\/2023\/05\/220530-220602_Dadaab_046_webb-1536x1024.jpg 1536w, https:\/\/blogg.svenskakyrkan.se\/act\/files\/2023\/05\/220530-220602_Dadaab_046_webb-1200x800.jpg 1200w\" sizes=\"auto, (max-width: 1613px) 100vw, 1613px\" \/><\/a><\/figure>\n                <h2 class=\"wp-block-post-title has-h-3-font-size\"><a href=\"https:\/\/blogg.svenskakyrkan.se\/act\/2023\/05\/05\/nar-en-rullstol-kan-uppratta-manniskovardet\/\" target=\"_self\" >N\u00e4r en rullstol kan uppr\u00e4tta m\u00e4nniskov\u00e4rdet<\/a><\/h2>\n                <div class=\"wp-block-post-date\"><time datetime=\"2023-05-05T17:15:10+02:00\">05 maj, 2023<\/time><\/div>\n                <div class=\"wp-block-post-excerpt\"><p class=\"wp-block-post-excerpt__excerpt\">Hawa klappar sin dotters hand och smeker hennes kind. Fatma \u00e4r 8 \u00e5r gammal har flera sv\u00e5ra funktionsneds\u00e4ttningar. Hon \u00e4r n\u00e4stan blind, har nersatt h\u00f6rsel och kan inte g\u00e5. Hon sitter i en alldeles f\u00f6r stor rullstol och hennes bl\u00e5 sl\u00f6ja \u00e4r dekorerad med sm\u00e5 gl\u00e4nsande paljetter.<\/p><\/div>\n            <\/div>\n            \n        <\/li><\/ul>\n        \n    <\/div>\n    <\/div>\n","protected":false},"excerpt":{"rendered":"<p>Ett liv p\u00e5 flykt \u00e4r en stor utmaning i sig. Att dessutom vara barn och ha en funktionsneds\u00e4ttning g\u00f6r situationen \u00e4nnu sv\u00e5rare. Act Svenska kyrkan st\u00e5r bakom insatser i flera flyktingl\u00e4ger i \u00f6stra Afrika f\u00f6r alla barns r\u00e4tt till skola, st\u00f6d och hj\u00e4lpmedel. Ett av de projekten finns i Maban i Sydsudan. I de \u00f6verbefolkade [&hellip;]<\/p>\n","protected":false},"author":696,"featured_media":12224,"comment_status":"closed","ping_status":"open","sticky":false,"template":"","format":"standard","meta":{"_acf_changed":false,"footnotes":""},"categories":[11071,7607,40754],"tags":[196271],"class_list":["post-12222","post","type-post","status-publish","format-standard","has-post-thumbnail","hentry","category-afrika","category-katastrofinsatser","category-sydsudan","tag-insamlingen-varldens-barn"],"acf":[],"yoast_head":"<!-- This site is optimized with the Yoast SEO plugin v27.1.1 - https:\/\/yoast.com\/product\/yoast-seo-wordpress\/ -->\n<title>Utbildning f\u00f6r en mer inkluderande v\u00e4rld - Act Svenska kyrkan<\/title>\n<meta name=\"description\" content=\"Act Svenska kyrkan st\u00e5r bakom insatser i flera flyktingl\u00e4ger i \u00f6stra Afrika f\u00f6r alla barns r\u00e4tt till skola, st\u00f6d och hj\u00e4lpmedel.\" \/>\n<meta name=\"robots\" content=\"index, follow, max-snippet:-1, max-image-preview:large, max-video-preview:-1\" \/>\n<link rel=\"canonical\" href=\"https:\/\/blogg.svenskakyrkan.se\/act\/2025\/05\/06\/utbildning-for-en-mer-inkluderande-varld\/\" \/>\n<meta property=\"og:locale\" content=\"sv_SE\" \/>\n<meta property=\"og:type\" content=\"article\" \/>\n<meta property=\"og:title\" content=\"Utbildning f\u00f6r en mer inkluderande v\u00e4rld - Act Svenska kyrkan\" \/>\n<meta property=\"og:description\" content=\"Act Svenska kyrkan st\u00e5r bakom insatser i flera flyktingl\u00e4ger i \u00f6stra Afrika f\u00f6r alla barns r\u00e4tt till skola, st\u00f6d och hj\u00e4lpmedel.\" \/>\n<meta property=\"og:url\" content=\"https:\/\/blogg.svenskakyrkan.se\/act\/2025\/05\/06\/utbildning-for-en-mer-inkluderande-varld\/\" \/>\n<meta property=\"og:site_name\" content=\"Act Svenska kyrkan\" \/>\n<meta property=\"article:published_time\" content=\"2025-05-06T09:00:20+00:00\" \/>\n<meta property=\"article:modified_time\" content=\"2025-05-08T11:46:21+00:00\" \/>\n<meta property=\"og:image\" content=\"http:\/\/blogg.svenskakyrkan.se\/act\/files\/2025\/04\/1255644-webb-Foto-Magdalenda-Vogt-Ikon.jpg\" \/>\n\t<meta property=\"og:image:width\" content=\"1920\" \/>\n\t<meta property=\"og:image:height\" content=\"1280\" \/>\n\t<meta property=\"og:image:type\" content=\"image\/jpeg\" \/>\n<meta name=\"author\" content=\"Act Svenska kyrkan\" \/>\n<meta name=\"twitter:card\" content=\"summary_large_image\" \/>\n<meta name=\"twitter:label1\" content=\"Skriven av\" \/>\n\t<meta name=\"twitter:data1\" content=\"Act Svenska kyrkan\" \/>\n\t<meta name=\"twitter:label2\" content=\"Ber\u00e4knad l\u00e4stid\" \/>\n\t<meta name=\"twitter:data2\" content=\"4 minuter\" \/>\n<script type=\"application\/ld+json\" class=\"yoast-schema-graph\">{\"@context\":\"https:\/\/schema.org\",\"@graph\":[{\"@type\":\"Article\",\"@id\":\"https:\/\/blogg.svenskakyrkan.se\/act\/2025\/05\/06\/utbildning-for-en-mer-inkluderande-varld\/#article\",\"isPartOf\":{\"@id\":\"https:\/\/blogg.svenskakyrkan.se\/act\/2025\/05\/06\/utbildning-for-en-mer-inkluderande-varld\/\"},\"author\":{\"name\":\"Act Svenska kyrkan\",\"@id\":\"https:\/\/blogg.svenskakyrkan.se\/act\/#\/schema\/person\/9bf731c3d4419e86b92c0b4d9f9424fe\"},\"headline\":\"Utbildning f\u00f6r en mer inkluderande v\u00e4rld\",\"datePublished\":\"2025-05-06T09:00:20+00:00\",\"dateModified\":\"2025-05-08T11:46:21+00:00\",\"mainEntityOfPage\":{\"@id\":\"https:\/\/blogg.svenskakyrkan.se\/act\/2025\/05\/06\/utbildning-for-en-mer-inkluderande-varld\/\"},\"wordCount\":660,\"image\":{\"@id\":\"https:\/\/blogg.svenskakyrkan.se\/act\/2025\/05\/06\/utbildning-for-en-mer-inkluderande-varld\/#primaryimage\"},\"thumbnailUrl\":\"https:\/\/blogg.svenskakyrkan.se\/act\/files\/2025\/04\/1255644-webb-Foto-Magdalenda-Vogt-Ikon.jpg\",\"keywords\":[\"Insamlingen V\u00e4rldens Barn\"],\"articleSection\":[\"Afrika\",\"Katastrofinsatser\",\"Sydsudan\"],\"inLanguage\":\"sv-SE\"},{\"@type\":\"WebPage\",\"@id\":\"https:\/\/blogg.svenskakyrkan.se\/act\/2025\/05\/06\/utbildning-for-en-mer-inkluderande-varld\/\",\"url\":\"https:\/\/blogg.svenskakyrkan.se\/act\/2025\/05\/06\/utbildning-for-en-mer-inkluderande-varld\/\",\"name\":\"Utbildning f\u00f6r en mer inkluderande v\u00e4rld - Act Svenska kyrkan\",\"isPartOf\":{\"@id\":\"https:\/\/blogg.svenskakyrkan.se\/act\/#website\"},\"primaryImageOfPage\":{\"@id\":\"https:\/\/blogg.svenskakyrkan.se\/act\/2025\/05\/06\/utbildning-for-en-mer-inkluderande-varld\/#primaryimage\"},\"image\":{\"@id\":\"https:\/\/blogg.svenskakyrkan.se\/act\/2025\/05\/06\/utbildning-for-en-mer-inkluderande-varld\/#primaryimage\"},\"thumbnailUrl\":\"https:\/\/blogg.svenskakyrkan.se\/act\/files\/2025\/04\/1255644-webb-Foto-Magdalenda-Vogt-Ikon.jpg\",\"datePublished\":\"2025-05-06T09:00:20+00:00\",\"dateModified\":\"2025-05-08T11:46:21+00:00\",\"author\":{\"@id\":\"https:\/\/blogg.svenskakyrkan.se\/act\/#\/schema\/person\/9bf731c3d4419e86b92c0b4d9f9424fe\"},\"description\":\"Act Svenska kyrkan st\u00e5r bakom insatser i flera flyktingl\u00e4ger i \u00f6stra Afrika f\u00f6r alla barns r\u00e4tt till skola, st\u00f6d och hj\u00e4lpmedel.\",\"breadcrumb\":{\"@id\":\"https:\/\/blogg.svenskakyrkan.se\/act\/2025\/05\/06\/utbildning-for-en-mer-inkluderande-varld\/#breadcrumb\"},\"inLanguage\":\"sv-SE\",\"potentialAction\":[{\"@type\":\"ReadAction\",\"target\":[\"https:\/\/blogg.svenskakyrkan.se\/act\/2025\/05\/06\/utbildning-for-en-mer-inkluderande-varld\/\"]}]},{\"@type\":\"ImageObject\",\"inLanguage\":\"sv-SE\",\"@id\":\"https:\/\/blogg.svenskakyrkan.se\/act\/2025\/05\/06\/utbildning-for-en-mer-inkluderande-varld\/#primaryimage\",\"url\":\"https:\/\/blogg.svenskakyrkan.se\/act\/files\/2025\/04\/1255644-webb-Foto-Magdalenda-Vogt-Ikon.jpg\",\"contentUrl\":\"https:\/\/blogg.svenskakyrkan.se\/act\/files\/2025\/04\/1255644-webb-Foto-Magdalenda-Vogt-Ikon.jpg\",\"width\":1920,\"height\":1280,\"caption\":\"I flyktingl\u00e4gren i Maban i Sydsudan arbetar Act Svenska kyrkan med projekt f\u00f6r inkludering av barn med funktionsneds\u00e4ttningar. M\u00e5let \u00e4r att se till att barnen f\u00e5r m\u00f6jlighet till skolg\u00e5ng samt hj\u00e4lpmedel som kan ge dem utveckling, sj\u00e4lvk\u00e4nsla och verktyg f\u00f6r att sj\u00e4lva skapa en framtid med inkomst och trygghet som vuxna.\"},{\"@type\":\"BreadcrumbList\",\"@id\":\"https:\/\/blogg.svenskakyrkan.se\/act\/2025\/05\/06\/utbildning-for-en-mer-inkluderande-varld\/#breadcrumb\",\"itemListElement\":[{\"@type\":\"ListItem\",\"position\":1,\"name\":\"Hem\",\"item\":\"https:\/\/blogg.svenskakyrkan.se\/act\/\"},{\"@type\":\"ListItem\",\"position\":2,\"name\":\"Utbildning f\u00f6r en mer inkluderande v\u00e4rld\"}]},{\"@type\":\"WebSite\",\"@id\":\"https:\/\/blogg.svenskakyrkan.se\/act\/#website\",\"url\":\"https:\/\/blogg.svenskakyrkan.se\/act\/\",\"name\":\"Act Svenska kyrkan\",\"description\":\"Vi lever alla under samma himmel. Vi har samma r\u00e4ttigheter men verkligheten ser olika ut. Tillsammans f\u00f6r vi en kamp f\u00f6r liv.\",\"potentialAction\":[{\"@type\":\"SearchAction\",\"target\":{\"@type\":\"EntryPoint\",\"urlTemplate\":\"https:\/\/blogg.svenskakyrkan.se\/act\/?s={search_term_string}\"},\"query-input\":{\"@type\":\"PropertyValueSpecification\",\"valueRequired\":true,\"valueName\":\"search_term_string\"}}],\"inLanguage\":\"sv-SE\"},{\"@type\":\"Person\",\"@id\":\"https:\/\/blogg.svenskakyrkan.se\/act\/#\/schema\/person\/9bf731c3d4419e86b92c0b4d9f9424fe\",\"name\":\"Act Svenska kyrkan\",\"image\":{\"@type\":\"ImageObject\",\"inLanguage\":\"sv-SE\",\"@id\":\"https:\/\/blogg.svenskakyrkan.se\/act\/#\/schema\/person\/image\/\",\"url\":\"https:\/\/secure.gravatar.com\/avatar\/dad841196686727e2ffedb0188c265e5bdf1c43732884cfd19099c46d7f62f68?s=96&d=mm&r=g\",\"contentUrl\":\"https:\/\/secure.gravatar.com\/avatar\/dad841196686727e2ffedb0188c265e5bdf1c43732884cfd19099c46d7f62f68?s=96&d=mm&r=g\",\"caption\":\"Act Svenska kyrkan\"},\"url\":\"https:\/\/blogg.svenskakyrkan.se\/act\/author\/intkom\/\"}]}<\/script>\n<!-- \/ Yoast SEO plugin. -->","yoast_head_json":{"title":"Utbildning f\u00f6r en mer inkluderande v\u00e4rld - Act Svenska kyrkan","description":"Act Svenska kyrkan st\u00e5r bakom insatser i flera flyktingl\u00e4ger i \u00f6stra Afrika f\u00f6r alla barns r\u00e4tt till skola, st\u00f6d och hj\u00e4lpmedel.","robots":{"index":"index","follow":"follow","max-snippet":"max-snippet:-1","max-image-preview":"max-image-preview:large","max-video-preview":"max-video-preview:-1"},"canonical":"https:\/\/blogg.svenskakyrkan.se\/act\/2025\/05\/06\/utbildning-for-en-mer-inkluderande-varld\/","og_locale":"sv_SE","og_type":"article","og_title":"Utbildning f\u00f6r en mer inkluderande v\u00e4rld - Act Svenska kyrkan","og_description":"Act Svenska kyrkan st\u00e5r bakom insatser i flera flyktingl\u00e4ger i \u00f6stra Afrika f\u00f6r alla barns r\u00e4tt till skola, st\u00f6d och hj\u00e4lpmedel.","og_url":"https:\/\/blogg.svenskakyrkan.se\/act\/2025\/05\/06\/utbildning-for-en-mer-inkluderande-varld\/","og_site_name":"Act Svenska kyrkan","article_published_time":"2025-05-06T09:00:20+00:00","article_modified_time":"2025-05-08T11:46:21+00:00","og_image":[{"width":1920,"height":1280,"url":"http:\/\/blogg.svenskakyrkan.se\/act\/files\/2025\/04\/1255644-webb-Foto-Magdalenda-Vogt-Ikon.jpg","type":"image\/jpeg"}],"author":"Act Svenska kyrkan","twitter_card":"summary_large_image","twitter_misc":{"Skriven av":"Act Svenska kyrkan","Ber\u00e4knad l\u00e4stid":"4 minuter"},"schema":{"@context":"https:\/\/schema.org","@graph":[{"@type":"Article","@id":"https:\/\/blogg.svenskakyrkan.se\/act\/2025\/05\/06\/utbildning-for-en-mer-inkluderande-varld\/#article","isPartOf":{"@id":"https:\/\/blogg.svenskakyrkan.se\/act\/2025\/05\/06\/utbildning-for-en-mer-inkluderande-varld\/"},"author":{"name":"Act Svenska kyrkan","@id":"https:\/\/blogg.svenskakyrkan.se\/act\/#\/schema\/person\/9bf731c3d4419e86b92c0b4d9f9424fe"},"headline":"Utbildning f\u00f6r en mer inkluderande v\u00e4rld","datePublished":"2025-05-06T09:00:20+00:00","dateModified":"2025-05-08T11:46:21+00:00","mainEntityOfPage":{"@id":"https:\/\/blogg.svenskakyrkan.se\/act\/2025\/05\/06\/utbildning-for-en-mer-inkluderande-varld\/"},"wordCount":660,"image":{"@id":"https:\/\/blogg.svenskakyrkan.se\/act\/2025\/05\/06\/utbildning-for-en-mer-inkluderande-varld\/#primaryimage"},"thumbnailUrl":"https:\/\/blogg.svenskakyrkan.se\/act\/files\/2025\/04\/1255644-webb-Foto-Magdalenda-Vogt-Ikon.jpg","keywords":["Insamlingen V\u00e4rldens Barn"],"articleSection":["Afrika","Katastrofinsatser","Sydsudan"],"inLanguage":"sv-SE"},{"@type":"WebPage","@id":"https:\/\/blogg.svenskakyrkan.se\/act\/2025\/05\/06\/utbildning-for-en-mer-inkluderande-varld\/","url":"https:\/\/blogg.svenskakyrkan.se\/act\/2025\/05\/06\/utbildning-for-en-mer-inkluderande-varld\/","name":"Utbildning f\u00f6r en mer inkluderande v\u00e4rld - Act Svenska kyrkan","isPartOf":{"@id":"https:\/\/blogg.svenskakyrkan.se\/act\/#website"},"primaryImageOfPage":{"@id":"https:\/\/blogg.svenskakyrkan.se\/act\/2025\/05\/06\/utbildning-for-en-mer-inkluderande-varld\/#primaryimage"},"image":{"@id":"https:\/\/blogg.svenskakyrkan.se\/act\/2025\/05\/06\/utbildning-for-en-mer-inkluderande-varld\/#primaryimage"},"thumbnailUrl":"https:\/\/blogg.svenskakyrkan.se\/act\/files\/2025\/04\/1255644-webb-Foto-Magdalenda-Vogt-Ikon.jpg","datePublished":"2025-05-06T09:00:20+00:00","dateModified":"2025-05-08T11:46:21+00:00","author":{"@id":"https:\/\/blogg.svenskakyrkan.se\/act\/#\/schema\/person\/9bf731c3d4419e86b92c0b4d9f9424fe"},"description":"Act Svenska kyrkan st\u00e5r bakom insatser i flera flyktingl\u00e4ger i \u00f6stra Afrika f\u00f6r alla barns r\u00e4tt till skola, st\u00f6d och hj\u00e4lpmedel.","breadcrumb":{"@id":"https:\/\/blogg.svenskakyrkan.se\/act\/2025\/05\/06\/utbildning-for-en-mer-inkluderande-varld\/#breadcrumb"},"inLanguage":"sv-SE","potentialAction":[{"@type":"ReadAction","target":["https:\/\/blogg.svenskakyrkan.se\/act\/2025\/05\/06\/utbildning-for-en-mer-inkluderande-varld\/"]}]},{"@type":"ImageObject","inLanguage":"sv-SE","@id":"https:\/\/blogg.svenskakyrkan.se\/act\/2025\/05\/06\/utbildning-for-en-mer-inkluderande-varld\/#primaryimage","url":"https:\/\/blogg.svenskakyrkan.se\/act\/files\/2025\/04\/1255644-webb-Foto-Magdalenda-Vogt-Ikon.jpg","contentUrl":"https:\/\/blogg.svenskakyrkan.se\/act\/files\/2025\/04\/1255644-webb-Foto-Magdalenda-Vogt-Ikon.jpg","width":1920,"height":1280,"caption":"I flyktingl\u00e4gren i Maban i Sydsudan arbetar Act Svenska kyrkan med projekt f\u00f6r inkludering av barn med funktionsneds\u00e4ttningar. M\u00e5let \u00e4r att se till att barnen f\u00e5r m\u00f6jlighet till skolg\u00e5ng samt hj\u00e4lpmedel som kan ge dem utveckling, sj\u00e4lvk\u00e4nsla och verktyg f\u00f6r att sj\u00e4lva skapa en framtid med inkomst och trygghet som vuxna."},{"@type":"BreadcrumbList","@id":"https:\/\/blogg.svenskakyrkan.se\/act\/2025\/05\/06\/utbildning-for-en-mer-inkluderande-varld\/#breadcrumb","itemListElement":[{"@type":"ListItem","position":1,"name":"Hem","item":"https:\/\/blogg.svenskakyrkan.se\/act\/"},{"@type":"ListItem","position":2,"name":"Utbildning f\u00f6r en mer inkluderande v\u00e4rld"}]},{"@type":"WebSite","@id":"https:\/\/blogg.svenskakyrkan.se\/act\/#website","url":"https:\/\/blogg.svenskakyrkan.se\/act\/","name":"Act Svenska kyrkan","description":"Vi lever alla under samma himmel. Vi har samma r\u00e4ttigheter men verkligheten ser olika ut. Tillsammans f\u00f6r vi en kamp f\u00f6r liv.","potentialAction":[{"@type":"SearchAction","target":{"@type":"EntryPoint","urlTemplate":"https:\/\/blogg.svenskakyrkan.se\/act\/?s={search_term_string}"},"query-input":{"@type":"PropertyValueSpecification","valueRequired":true,"valueName":"search_term_string"}}],"inLanguage":"sv-SE"},{"@type":"Person","@id":"https:\/\/blogg.svenskakyrkan.se\/act\/#\/schema\/person\/9bf731c3d4419e86b92c0b4d9f9424fe","name":"Act Svenska kyrkan","image":{"@type":"ImageObject","inLanguage":"sv-SE","@id":"https:\/\/blogg.svenskakyrkan.se\/act\/#\/schema\/person\/image\/","url":"https:\/\/secure.gravatar.com\/avatar\/dad841196686727e2ffedb0188c265e5bdf1c43732884cfd19099c46d7f62f68?s=96&d=mm&r=g","contentUrl":"https:\/\/secure.gravatar.com\/avatar\/dad841196686727e2ffedb0188c265e5bdf1c43732884cfd19099c46d7f62f68?s=96&d=mm&r=g","caption":"Act Svenska kyrkan"},"url":"https:\/\/blogg.svenskakyrkan.se\/act\/author\/intkom\/"}]}},"author_meta":{"ID":"696","user_nicename":"intkom","user_registered":"2019-02-06 08:14:30","display_name":"Act Svenska kyrkan","first_name":"Act Svenska kyrkan","last_name":"Redakt\u00f6r","avatar":"https:\/\/secure.gravatar.com\/avatar\/dad841196686727e2ffedb0188c265e5bdf1c43732884cfd19099c46d7f62f68?s=96&d=mm&r=g"},"featured_image":["https:\/\/blogg.svenskakyrkan.se\/act\/files\/2025\/04\/1255644-webb-Foto-Magdalenda-Vogt-Ikon-1024x683.jpg",1024,683,true],"bloginfo":{"name":"Act Svenska kyrkan","url":"https:\/\/blogg.svenskakyrkan.se\/act"},"_links":{"self":[{"href":"https:\/\/blogg.svenskakyrkan.se\/act\/wp-json\/wp\/v2\/posts\/12222","targetHints":{"allow":["GET"]}}],"collection":[{"href":"https:\/\/blogg.svenskakyrkan.se\/act\/wp-json\/wp\/v2\/posts"}],"about":[{"href":"https:\/\/blogg.svenskakyrkan.se\/act\/wp-json\/wp\/v2\/types\/post"}],"author":[{"embeddable":true,"href":"https:\/\/blogg.svenskakyrkan.se\/act\/wp-json\/wp\/v2\/users\/696"}],"replies":[{"embeddable":true,"href":"https:\/\/blogg.svenskakyrkan.se\/act\/wp-json\/wp\/v2\/comments?post=12222"}],"version-history":[{"count":9,"href":"https:\/\/blogg.svenskakyrkan.se\/act\/wp-json\/wp\/v2\/posts\/12222\/revisions"}],"predecessor-version":[{"id":12250,"href":"https:\/\/blogg.svenskakyrkan.se\/act\/wp-json\/wp\/v2\/posts\/12222\/revisions\/12250"}],"wp:featuredmedia":[{"embeddable":true,"href":"https:\/\/blogg.svenskakyrkan.se\/act\/wp-json\/wp\/v2\/media\/12224"}],"wp:attachment":[{"href":"https:\/\/blogg.svenskakyrkan.se\/act\/wp-json\/wp\/v2\/media?parent=12222"}],"wp:term":[{"taxonomy":"category","embeddable":true,"href":"https:\/\/blogg.svenskakyrkan.se\/act\/wp-json\/wp\/v2\/categories?post=12222"},{"taxonomy":"post_tag","embeddable":true,"href":"https:\/\/blogg.svenskakyrkan.se\/act\/wp-json\/wp\/v2\/tags?post=12222"}],"curies":[{"name":"wp","href":"https:\/\/api.w.org\/{rel}","templated":true}]}}