{"id":12240,"date":"2025-05-06T10:59:25","date_gmt":"2025-05-06T08:59:25","guid":{"rendered":"https:\/\/blogg.svenskakyrkan.se\/act\/?p=12240"},"modified":"2025-05-06T10:59:27","modified_gmt":"2025-05-06T08:59:27","slug":"yasmins-resa-mot-en-ljusare-framtid","status":"publish","type":"post","link":"https:\/\/blogg.svenskakyrkan.se\/act\/2025\/05\/06\/yasmins-resa-mot-en-ljusare-framtid\/","title":{"rendered":"Yasmins resa mot en ljusare framtid"},"content":{"rendered":"\n<p>I en enkel liten hydda i ett flyktingl\u00e4ger i Maban i Sydsudan bor sju\u00e5riga Yasmin tillsammans med sin mamma Haute och sin lillasyster Duwana. Hit kom de efter att de f\u00f6rra \u00e5ret tvingades fly fr\u00e5n sitt hem i Sudan n\u00e4r strider utbr\u00f6t d\u00e4r. F\u00f6r att kunna fly tillsammans med sina tv\u00e5 yngsta d\u00f6ttrar k\u00f6pte mamma Haute en cykel f\u00f6r sina sparade pengar. Under flykten kom hon ifr\u00e5n sin man och sina \u00e4ldre barn. Hon vet fortfarande inte var de \u00e4r och de har d\u00e4rf\u00f6r ingen kontakt. Trots de stora f\u00f6rlusterna k\u00e4mpar Haute varje dag f\u00f6r att ge sina flickor en b\u00e4ttre framtid \u2013 och utbildning \u00e4r hennes starkaste hopp.<\/p>\n\n\n\n<p>&#8211; Jag har sj\u00e4lv studerat och jag vet att utbildning \u00e4r en styrka. Det \u00e4r det jag hoppas p\u00e5 f\u00f6r min dotter. Jag vill att hon studerar, f\u00f6r jag hoppas att hon ska ha en framtid och kunna jobba, ber\u00e4ttar Haute.<\/p>\n\n\n\n<figure class=\"wp-block-image size-large\"><a href=\"http:\/\/blogg.svenskakyrkan.se\/act\/files\/2025\/05\/1255641-webb-Foto-Josefin-Casteryd-Ikon.jpg\"><img loading=\"lazy\" decoding=\"async\" width=\"1024\" height=\"683\" src=\"http:\/\/blogg.svenskakyrkan.se\/act\/files\/2025\/05\/1255641-webb-Foto-Josefin-Casteryd-Ikon-1024x683.jpg\" alt=\"Tv\u00e5 flickor sitter i en rullstol, en av dem har en rycks\u00e4ck i handen. Bredvid sitter en kvinna p\u00e5 huk och ler mot barnen.\" class=\"wp-image-12241\" srcset=\"https:\/\/blogg.svenskakyrkan.se\/act\/files\/2025\/05\/1255641-webb-Foto-Josefin-Casteryd-Ikon-1024x683.jpg 1024w, https:\/\/blogg.svenskakyrkan.se\/act\/files\/2025\/05\/1255641-webb-Foto-Josefin-Casteryd-Ikon-300x200.jpg 300w, https:\/\/blogg.svenskakyrkan.se\/act\/files\/2025\/05\/1255641-webb-Foto-Josefin-Casteryd-Ikon-768x512.jpg 768w, https:\/\/blogg.svenskakyrkan.se\/act\/files\/2025\/05\/1255641-webb-Foto-Josefin-Casteryd-Ikon-1536x1024.jpg 1536w, https:\/\/blogg.svenskakyrkan.se\/act\/files\/2025\/05\/1255641-webb-Foto-Josefin-Casteryd-Ikon-1200x800.jpg 1200w, https:\/\/blogg.svenskakyrkan.se\/act\/files\/2025\/05\/1255641-webb-Foto-Josefin-Casteryd-Ikon.jpg 1920w\" sizes=\"auto, (max-width: 1024px) 100vw, 1024px\" \/><\/a><figcaption class=\"wp-element-caption\">Yasmin tillsammans med hennes mamma och lillasyster. Foto: Magdalena Vogt\/Ikon<\/figcaption><\/figure>\n\n\n\n<p>I flyktingl\u00e4gren i Maban arbetar Act Svenska kyrkan f\u00f6r att barn ska f\u00e5 trygga platser d\u00e4r de kan leka och l\u00e4ka fr\u00e5n sv\u00e5ra minnen, och f\u00f6r att alla barn ska f\u00e5 g\u00e5 i skolan. Yasmin har f\u00e5tt en rullstol. Hon kan nu g\u00e5 i skolan och vara med p\u00e5 aktiviteter utanf\u00f6r hemmet. Hautes k\u00e4rlek till sina barn \u00e4r otroligt stark och hon g\u00f6r allt hon kan f\u00f6r sina flickor.<\/p>\n\n\n\n<p>&#8211; Jag tackar Gud att jag fortfarande \u00e4r h\u00e4r. Jag vill ocks\u00e5 tacka er som hj\u00e4lper oss med hj\u00e4lpmedel och st\u00f6d till barnen. Tack vare ert st\u00f6d f\u00e5r barnen utbildning och det st\u00f6d de beh\u00f6ver, s\u00e4ger Haute. <\/p>\n\n\n\n<p>Haute tar Yasmin till och fr\u00e5n skolan varje dag med hj\u00e4lp av rullstolen som hon har f\u00e5tt. Den senaste tiden har Yasmin b\u00f6rjat f\u00f6rs\u00f6ka anv\u00e4nda sina ben och \u00e4ven b\u00f6rjat prata lite. Det fyller hennes mamma med hopp.<\/p>\n\n\n\n<p>Tillsammans kan vi ge fler barn som Yasmin en chans att l\u00e4ra, v\u00e4xa och dr\u00f6mma. Ditt st\u00f6d g\u00f6r skillnad!<\/p>\n\n\n\n<p><a href=\"https:\/\/www.svenskakyrkan.se\/act\/varldens-barn\">L\u00e4s mer om Act Svenska kyrkans medverkan i V\u00e4rldens Barn.<\/a><\/p>\n\n\n<div id=\"related-posts-block_6ec4939de11b6a191ce89eb6fd1f7a3b\"  class=\"b-related-posts alignwide\">\n    <div class=\"acf-innerblocks-container\">\n\n<h2 class=\"wp-block-heading\">Andra ber\u00e4ttelser d\u00e4r st\u00f6det till V\u00e4rldens Barn g\u00f6r skillnad<\/h2>\n\n<\/div>\n    \n    \n    <div class=\"wp-block-query alignwide is-layout-flow wp-block-query-is-layout-flow\">\n        <ul class=\"is-flex-container columns-3 alignwide related-posts__content wp-block-post-template is-layout-flow wp-block-post-template-is-layout-flow\"><li class=\"wp-block-post post-12467 post type-post status-publish format-standard has-post-thumbnail hentry category-engagemanget-folkrorelsen tag-insamlingen-varldens-barn\">\n            \n            <div class=\"wp-block-group post__content is-layout-flow wp-block-group-is-layout-flow\">\n                <figure style=\"margin-bottom:var(--wp--preset--spacing--50);\" class=\"wp-block-post-featured-image\"><a href=\"https:\/\/blogg.svenskakyrkan.se\/act\/2025\/09\/30\/maraton-pa-nordpolen\/\" target=\"_self\"  ><img loading=\"lazy\" decoding=\"async\" width=\"1080\" height=\"720\" src=\"https:\/\/blogg.svenskakyrkan.se\/act\/files\/2025\/09\/Nordpolen-Foto-Privat-2-webb.jpg\" class=\"attachment-post-thumbnail size-post-thumbnail wp-post-image\" alt=\"H\u00e5kan Jonsson sprang maraton p\u00e5 Nordpolen f\u00f6r barns r\u00e4ttigheter\" style=\"object-fit:cover;\" srcset=\"https:\/\/blogg.svenskakyrkan.se\/act\/files\/2025\/09\/Nordpolen-Foto-Privat-2-webb.jpg 1080w, https:\/\/blogg.svenskakyrkan.se\/act\/files\/2025\/09\/Nordpolen-Foto-Privat-2-webb-300x200.jpg 300w, https:\/\/blogg.svenskakyrkan.se\/act\/files\/2025\/09\/Nordpolen-Foto-Privat-2-webb-1024x683.jpg 1024w, https:\/\/blogg.svenskakyrkan.se\/act\/files\/2025\/09\/Nordpolen-Foto-Privat-2-webb-768x512.jpg 768w\" sizes=\"auto, (max-width: 1080px) 100vw, 1080px\" \/><\/a><\/figure>\n                <h2 class=\"wp-block-post-title has-h-3-font-size\"><a href=\"https:\/\/blogg.svenskakyrkan.se\/act\/2025\/09\/30\/maraton-pa-nordpolen\/\" target=\"_self\" >H\u00e5kan Jonsson sprang maraton p\u00e5 Nordpolen f\u00f6r barns r\u00e4ttigheter<\/a><\/h2>\n                <div class=\"wp-block-post-date\"><time datetime=\"2025-09-30T12:40:41+02:00\">30 september, 2025<\/time><\/div>\n                <div class=\"wp-block-post-excerpt\"><p class=\"wp-block-post-excerpt__excerpt\">H\u00e5kan Jonsson \u00e4r l\u00e4kare, maratonl\u00f6pare och ambassad\u00f6r f\u00f6r Act Svenska kyrkan. Han \u00e4r ocks\u00e5 en orubblig k\u00e4mpe f\u00f6r barns r\u00e4ttigheter. H\u00e4r delar han med sig av ber\u00e4ttelsen om sitt hittills st\u00f6rsta \u00e4ventyr \u2013 att springa maraton p\u00e5 Nordpolen f\u00f6r V\u00e4rldens Barn.<\/p><\/div>\n            <\/div>\n            \n        <\/li><li class=\"wp-block-post post-12222 post type-post status-publish format-standard has-post-thumbnail hentry category-afrika category-katastrofinsatser category-sydsudan tag-insamlingen-varldens-barn\">\n            \n            <div class=\"wp-block-group post__content is-layout-flow wp-block-group-is-layout-flow\">\n                <figure style=\"margin-bottom:var(--wp--preset--spacing--50);\" class=\"wp-block-post-featured-image\"><a href=\"https:\/\/blogg.svenskakyrkan.se\/act\/2025\/05\/06\/utbildning-for-en-mer-inkluderande-varld\/\" target=\"_self\"  ><img loading=\"lazy\" decoding=\"async\" width=\"1920\" height=\"1280\" src=\"https:\/\/blogg.svenskakyrkan.se\/act\/files\/2025\/04\/1255644-webb-Foto-Magdalenda-Vogt-Ikon.jpg\" class=\"attachment-post-thumbnail size-post-thumbnail wp-post-image\" alt=\"Utbildning f\u00f6r en mer inkluderande v\u00e4rld\" style=\"object-fit:cover;\" srcset=\"https:\/\/blogg.svenskakyrkan.se\/act\/files\/2025\/04\/1255644-webb-Foto-Magdalenda-Vogt-Ikon.jpg 1920w, https:\/\/blogg.svenskakyrkan.se\/act\/files\/2025\/04\/1255644-webb-Foto-Magdalenda-Vogt-Ikon-300x200.jpg 300w, https:\/\/blogg.svenskakyrkan.se\/act\/files\/2025\/04\/1255644-webb-Foto-Magdalenda-Vogt-Ikon-1024x683.jpg 1024w, https:\/\/blogg.svenskakyrkan.se\/act\/files\/2025\/04\/1255644-webb-Foto-Magdalenda-Vogt-Ikon-768x512.jpg 768w, https:\/\/blogg.svenskakyrkan.se\/act\/files\/2025\/04\/1255644-webb-Foto-Magdalenda-Vogt-Ikon-1536x1024.jpg 1536w, https:\/\/blogg.svenskakyrkan.se\/act\/files\/2025\/04\/1255644-webb-Foto-Magdalenda-Vogt-Ikon-1200x800.jpg 1200w\" sizes=\"auto, (max-width: 1920px) 100vw, 1920px\" \/><\/a><\/figure>\n                <h2 class=\"wp-block-post-title has-h-3-font-size\"><a href=\"https:\/\/blogg.svenskakyrkan.se\/act\/2025\/05\/06\/utbildning-for-en-mer-inkluderande-varld\/\" target=\"_self\" >Utbildning f\u00f6r en mer inkluderande v\u00e4rld<\/a><\/h2>\n                <div class=\"wp-block-post-date\"><time datetime=\"2025-05-06T11:00:20+02:00\">06 maj, 2025<\/time><\/div>\n                <div class=\"wp-block-post-excerpt\"><p class=\"wp-block-post-excerpt__excerpt\">Ett liv p\u00e5 flykt \u00e4r en stor utmaning i sig. Att dessutom vara barn och ha en funktionsneds\u00e4ttning g\u00f6r situationen \u00e4nnu sv\u00e5rare. Act Svenska kyrkan st\u00e5r bakom insatser i flera flyktingl\u00e4ger i \u00f6stra Afrika f\u00f6r alla barns r\u00e4tt till skola, st\u00f6d och hj\u00e4lpmedel. Ett av de projekten finns i Maban[\u2026]<\/p><\/div>\n            <\/div>\n            \n        <\/li><li class=\"wp-block-post post-10214 post type-post status-publish format-standard has-post-thumbnail hentry category-afrika category-katastrofinsatser category-kenya tag-insamlingen-varldens-barn\">\n            \n            <div class=\"wp-block-group post__content is-layout-flow wp-block-group-is-layout-flow\">\n                <figure style=\"margin-bottom:var(--wp--preset--spacing--50);\" class=\"wp-block-post-featured-image\"><a href=\"https:\/\/blogg.svenskakyrkan.se\/act\/2023\/05\/05\/nar-en-rullstol-kan-uppratta-manniskovardet\/\" target=\"_self\"  ><img loading=\"lazy\" decoding=\"async\" width=\"1613\" height=\"1075\" src=\"https:\/\/blogg.svenskakyrkan.se\/act\/files\/2023\/05\/220530-220602_Dadaab_046_webb.jpg\" class=\"attachment-post-thumbnail size-post-thumbnail wp-post-image\" alt=\"N\u00e4r en rullstol kan uppr\u00e4tta m\u00e4nniskov\u00e4rdet\" style=\"object-fit:cover;\" srcset=\"https:\/\/blogg.svenskakyrkan.se\/act\/files\/2023\/05\/220530-220602_Dadaab_046_webb.jpg 1613w, https:\/\/blogg.svenskakyrkan.se\/act\/files\/2023\/05\/220530-220602_Dadaab_046_webb-300x200.jpg 300w, https:\/\/blogg.svenskakyrkan.se\/act\/files\/2023\/05\/220530-220602_Dadaab_046_webb-1024x682.jpg 1024w, https:\/\/blogg.svenskakyrkan.se\/act\/files\/2023\/05\/220530-220602_Dadaab_046_webb-768x512.jpg 768w, https:\/\/blogg.svenskakyrkan.se\/act\/files\/2023\/05\/220530-220602_Dadaab_046_webb-1536x1024.jpg 1536w, https:\/\/blogg.svenskakyrkan.se\/act\/files\/2023\/05\/220530-220602_Dadaab_046_webb-1200x800.jpg 1200w\" sizes=\"auto, (max-width: 1613px) 100vw, 1613px\" \/><\/a><\/figure>\n                <h2 class=\"wp-block-post-title has-h-3-font-size\"><a href=\"https:\/\/blogg.svenskakyrkan.se\/act\/2023\/05\/05\/nar-en-rullstol-kan-uppratta-manniskovardet\/\" target=\"_self\" >N\u00e4r en rullstol kan uppr\u00e4tta m\u00e4nniskov\u00e4rdet<\/a><\/h2>\n                <div class=\"wp-block-post-date\"><time datetime=\"2023-05-05T17:15:10+02:00\">05 maj, 2023<\/time><\/div>\n                <div class=\"wp-block-post-excerpt\"><p class=\"wp-block-post-excerpt__excerpt\">Hawa klappar sin dotters hand och smeker hennes kind. Fatma \u00e4r 8 \u00e5r gammal har flera sv\u00e5ra funktionsneds\u00e4ttningar. Hon \u00e4r n\u00e4stan blind, har nersatt h\u00f6rsel och kan inte g\u00e5. Hon sitter i en alldeles f\u00f6r stor rullstol och hennes bl\u00e5 sl\u00f6ja \u00e4r dekorerad med sm\u00e5 gl\u00e4nsande paljetter.<\/p><\/div>\n            <\/div>\n            \n        <\/li><\/ul>\n        \n    <\/div>\n    <\/div>\n","protected":false},"excerpt":{"rendered":"<p>I en enkel liten hydda i ett flyktingl\u00e4ger i Maban i Sydsudan bor sju\u00e5riga Yasmin tillsammans med sin mamma Haute och sin lillasyster Duwana. Hit kom de efter att de f\u00f6rra \u00e5ret tvingades fly fr\u00e5n sitt hem i Sudan n\u00e4r strider utbr\u00f6t d\u00e4r. F\u00f6r att kunna fly tillsammans med sina tv\u00e5 yngsta d\u00f6ttrar k\u00f6pte mamma [&hellip;]<\/p>\n","protected":false},"author":696,"featured_media":12243,"comment_status":"closed","ping_status":"open","sticky":false,"template":"","format":"standard","meta":{"_acf_changed":false,"footnotes":""},"categories":[11071,7607,40754],"tags":[196271],"class_list":["post-12240","post","type-post","status-publish","format-standard","has-post-thumbnail","hentry","category-afrika","category-katastrofinsatser","category-sydsudan","tag-insamlingen-varldens-barn"],"acf":[],"yoast_head":"<!-- This site is optimized with the Yoast SEO plugin v27.1.1 - https:\/\/yoast.com\/product\/yoast-seo-wordpress\/ -->\n<title>Yasmins resa mot en ljusare framtid - Act Svenska kyrkan<\/title>\n<meta name=\"description\" content=\"Yasmin \u00e4r sju \u00e5r och bor tillsammans med sin mamma Haute och sin lillasyster Duwana i en liten hydda i ett flyktingl\u00e4ger i Maban i Sydsudan.\" \/>\n<meta name=\"robots\" content=\"index, follow, max-snippet:-1, max-image-preview:large, max-video-preview:-1\" \/>\n<link rel=\"canonical\" href=\"https:\/\/blogg.svenskakyrkan.se\/act\/2025\/05\/06\/yasmins-resa-mot-en-ljusare-framtid\/\" \/>\n<meta property=\"og:locale\" content=\"sv_SE\" \/>\n<meta property=\"og:type\" content=\"article\" \/>\n<meta property=\"og:title\" content=\"Yasmins resa mot en ljusare framtid - Act Svenska kyrkan\" \/>\n<meta property=\"og:description\" content=\"Yasmin \u00e4r sju \u00e5r och bor tillsammans med sin mamma Haute och sin lillasyster Duwana i en liten hydda i ett flyktingl\u00e4ger i Maban i Sydsudan.\" \/>\n<meta property=\"og:url\" content=\"https:\/\/blogg.svenskakyrkan.se\/act\/2025\/05\/06\/yasmins-resa-mot-en-ljusare-framtid\/\" \/>\n<meta property=\"og:site_name\" content=\"Act Svenska kyrkan\" \/>\n<meta property=\"article:published_time\" content=\"2025-05-06T08:59:25+00:00\" \/>\n<meta property=\"article:modified_time\" content=\"2025-05-06T08:59:27+00:00\" \/>\n<meta property=\"og:image\" content=\"http:\/\/blogg.svenskakyrkan.se\/act\/files\/2025\/05\/1255647-webb-Foto-Josefin-Casteryd-Ikon-1.jpg\" \/>\n\t<meta property=\"og:image:width\" content=\"1920\" \/>\n\t<meta property=\"og:image:height\" content=\"1280\" \/>\n\t<meta property=\"og:image:type\" content=\"image\/jpeg\" \/>\n<meta name=\"author\" content=\"Act Svenska kyrkan\" \/>\n<meta name=\"twitter:card\" content=\"summary_large_image\" \/>\n<meta name=\"twitter:label1\" content=\"Skriven av\" \/>\n\t<meta name=\"twitter:data1\" content=\"Act Svenska kyrkan\" \/>\n\t<meta name=\"twitter:label2\" content=\"Ber\u00e4knad l\u00e4stid\" \/>\n\t<meta name=\"twitter:data2\" content=\"3 minuter\" \/>\n<script type=\"application\/ld+json\" class=\"yoast-schema-graph\">{\"@context\":\"https:\/\/schema.org\",\"@graph\":[{\"@type\":\"Article\",\"@id\":\"https:\/\/blogg.svenskakyrkan.se\/act\/2025\/05\/06\/yasmins-resa-mot-en-ljusare-framtid\/#article\",\"isPartOf\":{\"@id\":\"https:\/\/blogg.svenskakyrkan.se\/act\/2025\/05\/06\/yasmins-resa-mot-en-ljusare-framtid\/\"},\"author\":{\"name\":\"Act Svenska kyrkan\",\"@id\":\"https:\/\/blogg.svenskakyrkan.se\/act\/#\/schema\/person\/9bf731c3d4419e86b92c0b4d9f9424fe\"},\"headline\":\"Yasmins resa mot en ljusare framtid\",\"datePublished\":\"2025-05-06T08:59:25+00:00\",\"dateModified\":\"2025-05-06T08:59:27+00:00\",\"mainEntityOfPage\":{\"@id\":\"https:\/\/blogg.svenskakyrkan.se\/act\/2025\/05\/06\/yasmins-resa-mot-en-ljusare-framtid\/\"},\"wordCount\":411,\"image\":{\"@id\":\"https:\/\/blogg.svenskakyrkan.se\/act\/2025\/05\/06\/yasmins-resa-mot-en-ljusare-framtid\/#primaryimage\"},\"thumbnailUrl\":\"https:\/\/blogg.svenskakyrkan.se\/act\/files\/2025\/05\/1255647-webb-Foto-Josefin-Casteryd-Ikon-1.jpg\",\"keywords\":[\"Insamlingen V\u00e4rldens Barn\"],\"articleSection\":[\"Afrika\",\"Katastrofinsatser\",\"Sydsudan\"],\"inLanguage\":\"sv-SE\"},{\"@type\":\"WebPage\",\"@id\":\"https:\/\/blogg.svenskakyrkan.se\/act\/2025\/05\/06\/yasmins-resa-mot-en-ljusare-framtid\/\",\"url\":\"https:\/\/blogg.svenskakyrkan.se\/act\/2025\/05\/06\/yasmins-resa-mot-en-ljusare-framtid\/\",\"name\":\"Yasmins resa mot en ljusare framtid - Act Svenska kyrkan\",\"isPartOf\":{\"@id\":\"https:\/\/blogg.svenskakyrkan.se\/act\/#website\"},\"primaryImageOfPage\":{\"@id\":\"https:\/\/blogg.svenskakyrkan.se\/act\/2025\/05\/06\/yasmins-resa-mot-en-ljusare-framtid\/#primaryimage\"},\"image\":{\"@id\":\"https:\/\/blogg.svenskakyrkan.se\/act\/2025\/05\/06\/yasmins-resa-mot-en-ljusare-framtid\/#primaryimage\"},\"thumbnailUrl\":\"https:\/\/blogg.svenskakyrkan.se\/act\/files\/2025\/05\/1255647-webb-Foto-Josefin-Casteryd-Ikon-1.jpg\",\"datePublished\":\"2025-05-06T08:59:25+00:00\",\"dateModified\":\"2025-05-06T08:59:27+00:00\",\"author\":{\"@id\":\"https:\/\/blogg.svenskakyrkan.se\/act\/#\/schema\/person\/9bf731c3d4419e86b92c0b4d9f9424fe\"},\"description\":\"Yasmin \u00e4r sju \u00e5r och bor tillsammans med sin mamma Haute och sin lillasyster Duwana i en liten hydda i ett flyktingl\u00e4ger i Maban i Sydsudan.\",\"breadcrumb\":{\"@id\":\"https:\/\/blogg.svenskakyrkan.se\/act\/2025\/05\/06\/yasmins-resa-mot-en-ljusare-framtid\/#breadcrumb\"},\"inLanguage\":\"sv-SE\",\"potentialAction\":[{\"@type\":\"ReadAction\",\"target\":[\"https:\/\/blogg.svenskakyrkan.se\/act\/2025\/05\/06\/yasmins-resa-mot-en-ljusare-framtid\/\"]}]},{\"@type\":\"ImageObject\",\"inLanguage\":\"sv-SE\",\"@id\":\"https:\/\/blogg.svenskakyrkan.se\/act\/2025\/05\/06\/yasmins-resa-mot-en-ljusare-framtid\/#primaryimage\",\"url\":\"https:\/\/blogg.svenskakyrkan.se\/act\/files\/2025\/05\/1255647-webb-Foto-Josefin-Casteryd-Ikon-1.jpg\",\"contentUrl\":\"https:\/\/blogg.svenskakyrkan.se\/act\/files\/2025\/05\/1255647-webb-Foto-Josefin-Casteryd-Ikon-1.jpg\",\"width\":1920,\"height\":1280,\"caption\":\"I flyktingl\u00e4gren i Maban i Sydsudan arbetar Act Svenska kyrkan med projekt f\u00f6r inkludering av barn med funktionsneds\u00e4ttningar. M\u00e5let \u00e4r att se till att barnen f\u00e5r m\u00f6jlighet till skolg\u00e5ng samt hj\u00e4lpmedel som kan ge dem utveckling, sj\u00e4lvk\u00e4nsla och verktyg f\u00f6r att sj\u00e4lva skapa en framtid med inkomst och trygghet som vuxna.\"},{\"@type\":\"BreadcrumbList\",\"@id\":\"https:\/\/blogg.svenskakyrkan.se\/act\/2025\/05\/06\/yasmins-resa-mot-en-ljusare-framtid\/#breadcrumb\",\"itemListElement\":[{\"@type\":\"ListItem\",\"position\":1,\"name\":\"Hem\",\"item\":\"https:\/\/blogg.svenskakyrkan.se\/act\/\"},{\"@type\":\"ListItem\",\"position\":2,\"name\":\"Yasmins resa mot en ljusare framtid\"}]},{\"@type\":\"WebSite\",\"@id\":\"https:\/\/blogg.svenskakyrkan.se\/act\/#website\",\"url\":\"https:\/\/blogg.svenskakyrkan.se\/act\/\",\"name\":\"Act Svenska kyrkan\",\"description\":\"Vi lever alla under samma himmel. Vi har samma r\u00e4ttigheter men verkligheten ser olika ut. Tillsammans f\u00f6r vi en kamp f\u00f6r liv.\",\"potentialAction\":[{\"@type\":\"SearchAction\",\"target\":{\"@type\":\"EntryPoint\",\"urlTemplate\":\"https:\/\/blogg.svenskakyrkan.se\/act\/?s={search_term_string}\"},\"query-input\":{\"@type\":\"PropertyValueSpecification\",\"valueRequired\":true,\"valueName\":\"search_term_string\"}}],\"inLanguage\":\"sv-SE\"},{\"@type\":\"Person\",\"@id\":\"https:\/\/blogg.svenskakyrkan.se\/act\/#\/schema\/person\/9bf731c3d4419e86b92c0b4d9f9424fe\",\"name\":\"Act Svenska kyrkan\",\"image\":{\"@type\":\"ImageObject\",\"inLanguage\":\"sv-SE\",\"@id\":\"https:\/\/blogg.svenskakyrkan.se\/act\/#\/schema\/person\/image\/\",\"url\":\"https:\/\/secure.gravatar.com\/avatar\/dad841196686727e2ffedb0188c265e5bdf1c43732884cfd19099c46d7f62f68?s=96&d=mm&r=g\",\"contentUrl\":\"https:\/\/secure.gravatar.com\/avatar\/dad841196686727e2ffedb0188c265e5bdf1c43732884cfd19099c46d7f62f68?s=96&d=mm&r=g\",\"caption\":\"Act Svenska kyrkan\"},\"url\":\"https:\/\/blogg.svenskakyrkan.se\/act\/author\/intkom\/\"}]}<\/script>\n<!-- \/ Yoast SEO plugin. -->","yoast_head_json":{"title":"Yasmins resa mot en ljusare framtid - Act Svenska kyrkan","description":"Yasmin \u00e4r sju \u00e5r och bor tillsammans med sin mamma Haute och sin lillasyster Duwana i en liten hydda i ett flyktingl\u00e4ger i Maban i Sydsudan.","robots":{"index":"index","follow":"follow","max-snippet":"max-snippet:-1","max-image-preview":"max-image-preview:large","max-video-preview":"max-video-preview:-1"},"canonical":"https:\/\/blogg.svenskakyrkan.se\/act\/2025\/05\/06\/yasmins-resa-mot-en-ljusare-framtid\/","og_locale":"sv_SE","og_type":"article","og_title":"Yasmins resa mot en ljusare framtid - Act Svenska kyrkan","og_description":"Yasmin \u00e4r sju \u00e5r och bor tillsammans med sin mamma Haute och sin lillasyster Duwana i en liten hydda i ett flyktingl\u00e4ger i Maban i Sydsudan.","og_url":"https:\/\/blogg.svenskakyrkan.se\/act\/2025\/05\/06\/yasmins-resa-mot-en-ljusare-framtid\/","og_site_name":"Act Svenska kyrkan","article_published_time":"2025-05-06T08:59:25+00:00","article_modified_time":"2025-05-06T08:59:27+00:00","og_image":[{"width":1920,"height":1280,"url":"http:\/\/blogg.svenskakyrkan.se\/act\/files\/2025\/05\/1255647-webb-Foto-Josefin-Casteryd-Ikon-1.jpg","type":"image\/jpeg"}],"author":"Act Svenska kyrkan","twitter_card":"summary_large_image","twitter_misc":{"Skriven av":"Act Svenska kyrkan","Ber\u00e4knad l\u00e4stid":"3 minuter"},"schema":{"@context":"https:\/\/schema.org","@graph":[{"@type":"Article","@id":"https:\/\/blogg.svenskakyrkan.se\/act\/2025\/05\/06\/yasmins-resa-mot-en-ljusare-framtid\/#article","isPartOf":{"@id":"https:\/\/blogg.svenskakyrkan.se\/act\/2025\/05\/06\/yasmins-resa-mot-en-ljusare-framtid\/"},"author":{"name":"Act Svenska kyrkan","@id":"https:\/\/blogg.svenskakyrkan.se\/act\/#\/schema\/person\/9bf731c3d4419e86b92c0b4d9f9424fe"},"headline":"Yasmins resa mot en ljusare framtid","datePublished":"2025-05-06T08:59:25+00:00","dateModified":"2025-05-06T08:59:27+00:00","mainEntityOfPage":{"@id":"https:\/\/blogg.svenskakyrkan.se\/act\/2025\/05\/06\/yasmins-resa-mot-en-ljusare-framtid\/"},"wordCount":411,"image":{"@id":"https:\/\/blogg.svenskakyrkan.se\/act\/2025\/05\/06\/yasmins-resa-mot-en-ljusare-framtid\/#primaryimage"},"thumbnailUrl":"https:\/\/blogg.svenskakyrkan.se\/act\/files\/2025\/05\/1255647-webb-Foto-Josefin-Casteryd-Ikon-1.jpg","keywords":["Insamlingen V\u00e4rldens Barn"],"articleSection":["Afrika","Katastrofinsatser","Sydsudan"],"inLanguage":"sv-SE"},{"@type":"WebPage","@id":"https:\/\/blogg.svenskakyrkan.se\/act\/2025\/05\/06\/yasmins-resa-mot-en-ljusare-framtid\/","url":"https:\/\/blogg.svenskakyrkan.se\/act\/2025\/05\/06\/yasmins-resa-mot-en-ljusare-framtid\/","name":"Yasmins resa mot en ljusare framtid - Act Svenska kyrkan","isPartOf":{"@id":"https:\/\/blogg.svenskakyrkan.se\/act\/#website"},"primaryImageOfPage":{"@id":"https:\/\/blogg.svenskakyrkan.se\/act\/2025\/05\/06\/yasmins-resa-mot-en-ljusare-framtid\/#primaryimage"},"image":{"@id":"https:\/\/blogg.svenskakyrkan.se\/act\/2025\/05\/06\/yasmins-resa-mot-en-ljusare-framtid\/#primaryimage"},"thumbnailUrl":"https:\/\/blogg.svenskakyrkan.se\/act\/files\/2025\/05\/1255647-webb-Foto-Josefin-Casteryd-Ikon-1.jpg","datePublished":"2025-05-06T08:59:25+00:00","dateModified":"2025-05-06T08:59:27+00:00","author":{"@id":"https:\/\/blogg.svenskakyrkan.se\/act\/#\/schema\/person\/9bf731c3d4419e86b92c0b4d9f9424fe"},"description":"Yasmin \u00e4r sju \u00e5r och bor tillsammans med sin mamma Haute och sin lillasyster Duwana i en liten hydda i ett flyktingl\u00e4ger i Maban i Sydsudan.","breadcrumb":{"@id":"https:\/\/blogg.svenskakyrkan.se\/act\/2025\/05\/06\/yasmins-resa-mot-en-ljusare-framtid\/#breadcrumb"},"inLanguage":"sv-SE","potentialAction":[{"@type":"ReadAction","target":["https:\/\/blogg.svenskakyrkan.se\/act\/2025\/05\/06\/yasmins-resa-mot-en-ljusare-framtid\/"]}]},{"@type":"ImageObject","inLanguage":"sv-SE","@id":"https:\/\/blogg.svenskakyrkan.se\/act\/2025\/05\/06\/yasmins-resa-mot-en-ljusare-framtid\/#primaryimage","url":"https:\/\/blogg.svenskakyrkan.se\/act\/files\/2025\/05\/1255647-webb-Foto-Josefin-Casteryd-Ikon-1.jpg","contentUrl":"https:\/\/blogg.svenskakyrkan.se\/act\/files\/2025\/05\/1255647-webb-Foto-Josefin-Casteryd-Ikon-1.jpg","width":1920,"height":1280,"caption":"I flyktingl\u00e4gren i Maban i Sydsudan arbetar Act Svenska kyrkan med projekt f\u00f6r inkludering av barn med funktionsneds\u00e4ttningar. M\u00e5let \u00e4r att se till att barnen f\u00e5r m\u00f6jlighet till skolg\u00e5ng samt hj\u00e4lpmedel som kan ge dem utveckling, sj\u00e4lvk\u00e4nsla och verktyg f\u00f6r att sj\u00e4lva skapa en framtid med inkomst och trygghet som vuxna."},{"@type":"BreadcrumbList","@id":"https:\/\/blogg.svenskakyrkan.se\/act\/2025\/05\/06\/yasmins-resa-mot-en-ljusare-framtid\/#breadcrumb","itemListElement":[{"@type":"ListItem","position":1,"name":"Hem","item":"https:\/\/blogg.svenskakyrkan.se\/act\/"},{"@type":"ListItem","position":2,"name":"Yasmins resa mot en ljusare framtid"}]},{"@type":"WebSite","@id":"https:\/\/blogg.svenskakyrkan.se\/act\/#website","url":"https:\/\/blogg.svenskakyrkan.se\/act\/","name":"Act Svenska kyrkan","description":"Vi lever alla under samma himmel. Vi har samma r\u00e4ttigheter men verkligheten ser olika ut. Tillsammans f\u00f6r vi en kamp f\u00f6r liv.","potentialAction":[{"@type":"SearchAction","target":{"@type":"EntryPoint","urlTemplate":"https:\/\/blogg.svenskakyrkan.se\/act\/?s={search_term_string}"},"query-input":{"@type":"PropertyValueSpecification","valueRequired":true,"valueName":"search_term_string"}}],"inLanguage":"sv-SE"},{"@type":"Person","@id":"https:\/\/blogg.svenskakyrkan.se\/act\/#\/schema\/person\/9bf731c3d4419e86b92c0b4d9f9424fe","name":"Act Svenska kyrkan","image":{"@type":"ImageObject","inLanguage":"sv-SE","@id":"https:\/\/blogg.svenskakyrkan.se\/act\/#\/schema\/person\/image\/","url":"https:\/\/secure.gravatar.com\/avatar\/dad841196686727e2ffedb0188c265e5bdf1c43732884cfd19099c46d7f62f68?s=96&d=mm&r=g","contentUrl":"https:\/\/secure.gravatar.com\/avatar\/dad841196686727e2ffedb0188c265e5bdf1c43732884cfd19099c46d7f62f68?s=96&d=mm&r=g","caption":"Act Svenska kyrkan"},"url":"https:\/\/blogg.svenskakyrkan.se\/act\/author\/intkom\/"}]}},"author_meta":{"ID":"696","user_nicename":"intkom","user_registered":"2019-02-06 08:14:30","display_name":"Act Svenska kyrkan","first_name":"Act Svenska kyrkan","last_name":"Redakt\u00f6r","avatar":"https:\/\/secure.gravatar.com\/avatar\/dad841196686727e2ffedb0188c265e5bdf1c43732884cfd19099c46d7f62f68?s=96&d=mm&r=g"},"featured_image":["https:\/\/blogg.svenskakyrkan.se\/act\/files\/2025\/05\/1255647-webb-Foto-Josefin-Casteryd-Ikon-1-1024x683.jpg",1024,683,true],"bloginfo":{"name":"Act Svenska kyrkan","url":"https:\/\/blogg.svenskakyrkan.se\/act"},"_links":{"self":[{"href":"https:\/\/blogg.svenskakyrkan.se\/act\/wp-json\/wp\/v2\/posts\/12240","targetHints":{"allow":["GET"]}}],"collection":[{"href":"https:\/\/blogg.svenskakyrkan.se\/act\/wp-json\/wp\/v2\/posts"}],"about":[{"href":"https:\/\/blogg.svenskakyrkan.se\/act\/wp-json\/wp\/v2\/types\/post"}],"author":[{"embeddable":true,"href":"https:\/\/blogg.svenskakyrkan.se\/act\/wp-json\/wp\/v2\/users\/696"}],"replies":[{"embeddable":true,"href":"https:\/\/blogg.svenskakyrkan.se\/act\/wp-json\/wp\/v2\/comments?post=12240"}],"version-history":[{"count":2,"href":"https:\/\/blogg.svenskakyrkan.se\/act\/wp-json\/wp\/v2\/posts\/12240\/revisions"}],"predecessor-version":[{"id":12247,"href":"https:\/\/blogg.svenskakyrkan.se\/act\/wp-json\/wp\/v2\/posts\/12240\/revisions\/12247"}],"wp:featuredmedia":[{"embeddable":true,"href":"https:\/\/blogg.svenskakyrkan.se\/act\/wp-json\/wp\/v2\/media\/12243"}],"wp:attachment":[{"href":"https:\/\/blogg.svenskakyrkan.se\/act\/wp-json\/wp\/v2\/media?parent=12240"}],"wp:term":[{"taxonomy":"category","embeddable":true,"href":"https:\/\/blogg.svenskakyrkan.se\/act\/wp-json\/wp\/v2\/categories?post=12240"},{"taxonomy":"post_tag","embeddable":true,"href":"https:\/\/blogg.svenskakyrkan.se\/act\/wp-json\/wp\/v2\/tags?post=12240"}],"curies":[{"name":"wp","href":"https:\/\/api.w.org\/{rel}","templated":true}]}}