{"id":13292,"date":"2026-09-04T11:37:36","date_gmt":"2026-09-04T09:37:36","guid":{"rendered":"https:\/\/blogg.svenskakyrkan.se\/act\/?p=13292"},"modified":"2026-09-04T12:24:21","modified_gmt":"2026-09-04T10:24:21","slug":"forskolor-ger-naring-for-livet","status":"publish","type":"post","link":"https:\/\/blogg.svenskakyrkan.se\/act\/2026\/09\/04\/forskolor-ger-naring-for-livet\/","title":{"rendered":"F\u00f6rskolor\u00a0ger n\u00e4ring f\u00f6r livet"},"content":{"rendered":"\n<p class=\"is-style-intro\"><strong>F\u00f6r m\u00e5nga barn i \u00d6stra Kapprovinsen i Sydafrika \u00e4r frukosten och lunchen p\u00e5 f\u00f6rskolan dagens enda lagade m\u00e5ltider. Samtidigt f\u00e5r de trygghet, lek och kunskap som f\u00f6rbereder dem&nbsp;inf\u00f6r skolstarten.&nbsp;Act&nbsp;Svenska kyrkan&nbsp;st\u00f6djer 17 f\u00f6rskolor i n\u00e5gra av de mest rurala omr\u00e5dena.<\/strong>&nbsp;<\/p>\n\n\n<figure class=\"wp-block-post-featured-image\"><img loading=\"lazy\" decoding=\"async\" width=\"1920\" height=\"1281\" src=\"https:\/\/blogg.svenskakyrkan.se\/act\/files\/2026\/09\/1276225.jpg\" class=\"attachment-post-thumbnail size-post-thumbnail wp-post-image\" alt=\"\" style=\"object-fit:cover;\" srcset=\"https:\/\/blogg.svenskakyrkan.se\/act\/files\/2026\/09\/1276225.jpg 1920w, https:\/\/blogg.svenskakyrkan.se\/act\/files\/2026\/09\/1276225-300x200.jpg 300w, https:\/\/blogg.svenskakyrkan.se\/act\/files\/2026\/09\/1276225-1024x683.jpg 1024w, https:\/\/blogg.svenskakyrkan.se\/act\/files\/2026\/09\/1276225-768x512.jpg 768w, https:\/\/blogg.svenskakyrkan.se\/act\/files\/2026\/09\/1276225-1536x1025.jpg 1536w, https:\/\/blogg.svenskakyrkan.se\/act\/files\/2026\/09\/1276225-1200x801.jpg 1200w\" sizes=\"auto, (max-width: 1920px) 100vw, 1920px\" \/><\/figure>\n\n\n<p>Landskapet&nbsp;i \u00d6stra Kapprovinsen breder ut sig s\u00e5 l\u00e5ngt \u00f6gat kan n\u00e5.&nbsp;Mellan de gr\u00f6na&nbsp;kullarna&nbsp;ligger sm\u00e5&nbsp;hus&nbsp;utspridda, sammanbundna av smala grusv\u00e4gar och l\u00e5nga vandringsleder. Naturen \u00e4r vacker,&nbsp;men bakom den rofyllda utsikten d\u00f6ljer sig en vardag pr\u00e4glad av stora utmaningar.&nbsp;<\/p>\n\n\n\n<p>De flesta som bor i omr\u00e5det saknar inkomst och m\u00e5ste helt f\u00f6rlita sig p\u00e5 sl\u00e4ktingars v\u00e4lvilja eller statliga socialbidrag. F\u00f6r m\u00e5nga mammor inneb\u00e4r varje dag en kamp att f\u00e5 maten att r\u00e4cka.&nbsp;Vatten h\u00e4mtas i n\u00e4rmaste b\u00e4ck, vilket inneb\u00e4r stora h\u00e4lsorisker.&nbsp;V\u00e4gen till n\u00e4rmaste&nbsp;aff\u00e4r, v\u00e5rdcentral eller&nbsp;skola&nbsp;kan vara flera timmar bort per fot.&nbsp;Undern\u00e4ring \u00e4r vanligt och m\u00e5nga v\u00e4xer upp utan tillg\u00e5ng till den stimulans, lek och utveckling som sm\u00e5 barn beh\u00f6ver f\u00f6r att f\u00e5 en bra start i livet.&nbsp;&nbsp;<\/p>\n\n\n\n<p>Mitt i denna utsatthet\u00a0st\u00f6djer\u00a0Act\u00a0Svenska kyrkan den lokala organisationen\u00a0Philani.\u00a0Genom 17 f\u00f6rskolor n\u00e5r\u00a0Philani\u00a0i dag \u00f6ver 800 barn mellan tre och sex \u00e5r och ger dem en starkare grund f\u00f6r framtiden.\u00a0<\/p>\n\n\n\n<figure class=\"wp-block-image size-large\"><a href=\"http:\/\/blogg.svenskakyrkan.se\/act\/files\/2026\/09\/1276277.jpg\"><img loading=\"lazy\" decoding=\"async\" width=\"1024\" height=\"683\" src=\"http:\/\/blogg.svenskakyrkan.se\/act\/files\/2026\/09\/1276277-1024x683.jpg\" alt=\"\" class=\"wp-image-13293\" srcset=\"https:\/\/blogg.svenskakyrkan.se\/act\/files\/2026\/09\/1276277-1024x683.jpg 1024w, https:\/\/blogg.svenskakyrkan.se\/act\/files\/2026\/09\/1276277-300x200.jpg 300w, https:\/\/blogg.svenskakyrkan.se\/act\/files\/2026\/09\/1276277-768x512.jpg 768w, https:\/\/blogg.svenskakyrkan.se\/act\/files\/2026\/09\/1276277-1536x1025.jpg 1536w, https:\/\/blogg.svenskakyrkan.se\/act\/files\/2026\/09\/1276277-1200x801.jpg 1200w, https:\/\/blogg.svenskakyrkan.se\/act\/files\/2026\/09\/1276277.jpg 1920w\" sizes=\"auto, (max-width: 1024px) 100vw, 1024px\" \/><\/a><figcaption class=\"wp-element-caption\">Philanis f\u00f6rskolor ligger i de rurala omr\u00e5dena i \u00d6stra Kapprovinsen, d\u00e4r m\u00e5nga barn annars saknar anpassade platser och material f\u00f6r lek och l\u00e4rande. Foto: Josefin Casteryd\/Ikon.<\/figcaption><\/figure>\n\n\n\n<h2 class=\"wp-block-heading\">Tv\u00e5 m\u00e5ltider och en trygg start i livet<\/h2>\n\n\n\n<p>Undervisningen&nbsp;p\u00e5 f\u00f6rskolorna&nbsp;\u00e4r bara en del av verksamheten. Minst lika viktig \u00e4r maten.&nbsp;Varje dag serveras barnen en n\u00e4ringsrik frukost med majsgr\u00f6t och jordn\u00f6tssm\u00f6r. Till lunch f\u00e5r de nudlar med \u00e4gg och ett glas mj\u00f6lk.&nbsp;F\u00f6r m\u00e5nga av barnen \u00e4r det dagens enda lagade m\u00e5ltider.&nbsp;N\u00e4ringen \u00e4r en f\u00f6ruts\u00e4ttning f\u00f6r att b\u00e5de kropp och hj\u00e4rna ska kunna utvecklas normalt.&nbsp;<\/p>\n\n\n\n<p>P\u00e5 en av f\u00f6rskolorna m\u00f6ter vi l\u00e4raren&nbsp;Rosana&nbsp;Mboneni. I \u00f6ver tio \u00e5r har hon hj\u00e4lpt f\u00f6rskolebarnen i omr\u00e5det att ta sina f\u00f6rsta steg mot skolg\u00e5ngen. Trots att de endast \u00e4r tv\u00e5 anst\u00e4llda p\u00e5 f\u00f6rskolan, en pedagog och en m\u00e5ltidsansvarig, r\u00e5der en varm och trygg st\u00e4mning. Barnen l\u00e4r sig genom s\u00e5ng, lek och kreativa aktiviteter. De tr\u00e4nar spr\u00e5k, motorik och sociala f\u00e4rdigheter&nbsp;samtidigt som de f\u00e5r rutiner och sj\u00e4lvf\u00f6rtroende inf\u00f6r skolstarten.&nbsp;&nbsp;<\/p>\n\n\n\n<p>Barnen \u00e4lskar&nbsp;Rosana.&nbsp;Hon har bland annat l\u00e4rt dem att&nbsp;presentera sig sj\u00e4lva p\u00e5 engelska, trots att xhosa \u00e4r deras modersm\u00e5l. De kan ber\u00e4tta vad de heter, hur gamla de \u00e4r, vilken f\u00f6rskola de g\u00e5r p\u00e5 och&nbsp;att fr\u00f6ken&nbsp;Rosana&nbsp;\u00e4r deras l\u00e4rare.&nbsp;Kunskaperna kanske verkar sm\u00e5, men de ger barnen ett viktigt f\u00f6rspr\u00e5ng n\u00e4r det \u00e4r dags att b\u00f6rja skolan i de ofta stora och kr\u00e4vande klasserna.&nbsp;<\/p>\n\n\n\n<figure class=\"wp-block-image size-large\"><a href=\"http:\/\/blogg.svenskakyrkan.se\/act\/files\/2026\/09\/1276274.jpg\"><img loading=\"lazy\" decoding=\"async\" width=\"1024\" height=\"683\" src=\"http:\/\/blogg.svenskakyrkan.se\/act\/files\/2026\/09\/1276274-1024x683.jpg\" alt=\"\" class=\"wp-image-13294\" srcset=\"https:\/\/blogg.svenskakyrkan.se\/act\/files\/2026\/09\/1276274-1024x683.jpg 1024w, https:\/\/blogg.svenskakyrkan.se\/act\/files\/2026\/09\/1276274-300x200.jpg 300w, https:\/\/blogg.svenskakyrkan.se\/act\/files\/2026\/09\/1276274-768x512.jpg 768w, https:\/\/blogg.svenskakyrkan.se\/act\/files\/2026\/09\/1276274-1536x1025.jpg 1536w, https:\/\/blogg.svenskakyrkan.se\/act\/files\/2026\/09\/1276274-1200x801.jpg 1200w, https:\/\/blogg.svenskakyrkan.se\/act\/files\/2026\/09\/1276274.jpg 1920w\" sizes=\"auto, (max-width: 1024px) 100vw, 1024px\" \/><\/a><figcaption class=\"wp-element-caption\">Rosana Mboneni har i \u00f6ver tio \u00e5r arbetat som f\u00f6rskoll\u00e4rare p\u00e5 en av Philanis f\u00f6rskolor. Hon \u00e4lskar sitt jobb och f\u00f6rskolebarnen \u00e4lskar henne. Trots att hon \u00e4r ensam ansvarig f\u00f6r 38 inskrivna barn, \u00e4r det en god ordning i s\u00e5v\u00e4l klassrummet som utemilj\u00f6n. Foto: Josefin Casteryd\/Ikon.<\/figcaption><\/figure>\n\n\n\n<h2 class=\"wp-block-heading\">Hela byn hj\u00e4lper till<\/h2>\n\n\n\n<p>F\u00f6rskolorna&nbsp;drivs&nbsp;inte&nbsp;enbart&nbsp;av personalen utan ocks\u00e5 av familjerna sj\u00e4lva.&nbsp;Nomafana&nbsp;Kotyi, som sitter i&nbsp;f\u00f6rskolans&nbsp;f\u00f6r\u00e4ldrakommitt\u00e9 och \u00e4r mormor till ett av barnen,&nbsp;ber\u00e4ttar om deras gemensamma m\u00e5l med verksamheten. De planerar bland annat f\u00f6r att bygga upp en k\u00f6kstr\u00e4dg\u00e5rd med olika gr\u00f6nsaker bredvid f\u00f6rskolan, s\u00e5 att barnen kan f\u00e5 mer n\u00e4ring. Kunskaperna om odling kommer ocks\u00e5 vara positiv f\u00f6r s\u00e5v\u00e4l barnen som f\u00f6r\u00e4ldrarna.<\/p>\n\n\n\n<figure class=\"wp-block-image size-large\"><a href=\"http:\/\/blogg.svenskakyrkan.se\/act\/files\/2026\/09\/1276248.jpg\"><img loading=\"lazy\" decoding=\"async\" width=\"683\" height=\"1024\" src=\"http:\/\/blogg.svenskakyrkan.se\/act\/files\/2026\/09\/1276248-683x1024.jpg\" alt=\"\" class=\"wp-image-13295\" srcset=\"https:\/\/blogg.svenskakyrkan.se\/act\/files\/2026\/09\/1276248-683x1024.jpg 683w, https:\/\/blogg.svenskakyrkan.se\/act\/files\/2026\/09\/1276248-200x300.jpg 200w, https:\/\/blogg.svenskakyrkan.se\/act\/files\/2026\/09\/1276248-768x1151.jpg 768w, https:\/\/blogg.svenskakyrkan.se\/act\/files\/2026\/09\/1276248-1025x1536.jpg 1025w, https:\/\/blogg.svenskakyrkan.se\/act\/files\/2026\/09\/1276248-1200x1799.jpg 1200w, https:\/\/blogg.svenskakyrkan.se\/act\/files\/2026\/09\/1276248.jpg 1281w\" sizes=\"auto, (max-width: 683px) 100vw, 683px\" \/><\/a><figcaption class=\"wp-element-caption\">&#8221;Det finns m\u00e5nga utmaningar med att bo h\u00e4r ute p\u00e5 landsbygden, s\u00e5som brist p\u00e5 arbete, brist p\u00e5 rent vatten och l\u00e5nga avst\u00e5nd f\u00f6r barnen att g\u00e5 till skolan. S\u00e4rskilt fem\u00e5ringarna beh\u00f6ver utveckling inf\u00f6r skolstarten,&#8221;&nbsp;s\u00e4ger Nomafana&nbsp;Kotyi, ordf\u00f6rande i f\u00f6r\u00e4ldrakommitt\u00e9n och mormor till tre\u00e5riga Ababalwe.<\/figcaption><\/figure>\n\n\n\n<p>F\u00f6r skolbarnen&nbsp;i omr\u00e5det&nbsp;inneb\u00e4r&nbsp;v\u00e4gen till n\u00e4rmaste skola&nbsp;i grannbyn&nbsp;tv\u00e5 timmar till fots.&nbsp;H\u00e4r finns inga skolbussar eller skoltaxi.&nbsp;F\u00f6rskolan&nbsp;i omr\u00e5det&nbsp;rustar&nbsp;d\u00e4rf\u00f6r&nbsp;barnen att klara sig sj\u00e4lva.&nbsp;Redan&nbsp;fr\u00e5n tre \u00e5rs \u00e5lder&nbsp;g\u00e5r de&nbsp;hem p\u00e5 egen hand fr\u00e5n&nbsp;byns&nbsp;f\u00f6rskola.&nbsp;<\/p>\n\n\n\n<h2 class=\"wp-block-heading\">Efterfr\u00e5gan p\u00e5 f\u00f6rskolor v\u00e4xer\u00a0<\/h2>\n\n\n\n<p>Behovet av f\u00f6rskolor \u00e4r stort. Philanis verksamhet&nbsp;\u00e4r&nbsp;mycket uppskattad i omr\u00e5den d\u00e4r det annars saknas pedagogisk verksamhet f\u00f6r sm\u00e5 barn.&nbsp;<\/p>\n\n\n\n<p>&#8221;Det \u00e4r sv\u00e5rt att leva p\u00e5 landsbygden h\u00e4r och tidigare gick inga barn i f\u00f6rskolan ute i byarna. Nu har vi k\u00f6listor, fler f\u00f6r\u00e4ldrar \u00f6nskar att deras barn f\u00e5r g\u00e5 i f\u00f6rskola.&#8221;&nbsp;ber\u00e4ttar<strong>&nbsp;<\/strong>Lindiwe&nbsp;Bomwana, som \u00e4r ansvarig f\u00f6r Philanis f\u00f6rskolor.&nbsp;<\/p>\n\n\n\n<p>I dag arbetar&nbsp;Philani&nbsp;f\u00f6r att \u00f6ppna fyra nya f\u00f6rskolor s\u00e5 att&nbsp;\u00e4nnu&nbsp;fler barn ska f\u00e5 m\u00f6jlighet till l\u00e4rande, trygghet och n\u00e4ringsrik mat.&nbsp;Ut\u00f6ver f\u00f6rskolorna arbetar Philanis mentormammor&nbsp;med att st\u00f6tta familjer i deras hem. De ger r\u00e5d om barns h\u00e4lsa, hygien, nutrition och vaccinationer, och hj\u00e4lper f\u00f6r\u00e4ldrar att skapa b\u00e4ttre f\u00f6ruts\u00e4ttningar f\u00f6r sina barn.&nbsp;<\/p>\n\n\n\n<p>Tillsammans bidrar f\u00f6rskolor och mentormammor till att fler barn f\u00e5r en tryggare och mer h\u00e4lsosam start i livet.&nbsp;F\u00f6r\u00e4ndringen b\u00f6rjar ofta med n\u00e5got s\u00e5 grundl\u00e4ggande som en sk\u00e5l gr\u00f6t och&nbsp;vuxna som g\u00e5r samman f\u00f6r att skapa en tryggare uppv\u00e4xt f\u00f6r barnen.&nbsp;F\u00f6rskolan blir en knutpunkt i samh\u00e4llet, d\u00e4r gemensamma framtidsdr\u00f6mmar kan sl\u00e5 rot.&nbsp;&nbsp;<\/p>\n\n\n\n<p><strong>Text: Susanna Olivin, Act Svenska kyrkan<\/strong><\/p>\n\n\n\n<p><a href=\"https:\/\/www.svenskakyrkan.se\/act\/det-har-gor-vi\/projektexempel\/mentormammor\">L\u00e4s mer om effekterna av mentormammamodellen p\u00e5 v\u00e5r webbplats.<\/a><\/p>\n\n\n\n<div class=\"wp-block-group has-base-background-color has-background is-layout-flow wp-block-group-is-layout-flow\">\n<h2 class=\"wp-block-heading\">Vi lever alla under samma himmel<\/h2>\n\n\n\n<p>Vi har samma r\u00e4ttigheter. Men beroende p\u00e5 var vi f\u00f6ds ser verkligheten olika ut. Det kan vi aldrig acceptera. Var med i kampen f\u00f6r varje m\u00e4nniskas r\u00e4tt till ett v\u00e4rdigt liv.<\/p>\n\n\n\n<div class=\"wp-block-buttons is-style-cta is-content-justification-left is-layout-flex wp-container-core-buttons-is-layout-fc4fd283 wp-block-buttons-is-layout-flex\">\n<div class=\"wp-block-button is-style-cta\"><a class=\"wp-block-button__link wp-element-button\" href=\"https:\/\/www.svenskakyrkan.se\/act\/ge-en-gava\/privatperson?type=person&amp;frequencyPreset=once&amp;mtm_medium=display&amp;mtm_source=bloggportalen&amp;mtm_campaign=insamling_gavovadjan_insatser_ospecificerat&amp;mtm_content=&amp;mtm_keyword=\">Ge en g\u00e5va<\/a><\/div>\n<\/div>\n<\/div>\n\n\n<div id=\"featured-posts-block_f1ec64b53d748cd74ce408707b0863f8\"  class=\"b-featured-posts alignfull\">\n    <div class=\"acf-innerblocks-container\">\n\n<h2 class=\"wp-block-heading\">L\u00e4s fler ber\u00e4ttelser om mentormammor<\/h2>\n\n<\/div>\n    <div class=\"is-layout-flow wp-block-query\">\n        <ul class=\"featured-posts__content is-layout-flow is-flex-container wp-block-post-template columns-3\">\n                            <li class=\"featured-posts__post\">\n\n                    <div class=\"wp-block-group post__content is-layout-flow wp-block-group-is-layout-flow\">\n                        <figure style=\"margin-bottom:var(--wp--preset--spacing--50);\" class=\"wp-block-post-featured-image\"><a href=\"https:\/\/blogg.svenskakyrkan.se\/act\/2026\/06\/12\/ingrid-le-roux-kvinnan-som-bevisat-att-fler-barn-kan-overleva\/\" target=\"_self\"  ><img loading=\"lazy\" decoding=\"async\" width=\"1920\" height=\"1281\" src=\"https:\/\/blogg.svenskakyrkan.se\/act\/files\/2026\/06\/1276415-2.jpg\" class=\"attachment-post-thumbnail size-post-thumbnail wp-post-image\" alt=\"Ingrid le Roux \u2013 kvinnan som bevisat att fler barn kan \u00f6verleva\" style=\"object-fit:cover;\" srcset=\"https:\/\/blogg.svenskakyrkan.se\/act\/files\/2026\/06\/1276415-2.jpg 1920w, https:\/\/blogg.svenskakyrkan.se\/act\/files\/2026\/06\/1276415-2-300x200.jpg 300w, https:\/\/blogg.svenskakyrkan.se\/act\/files\/2026\/06\/1276415-2-1024x683.jpg 1024w, https:\/\/blogg.svenskakyrkan.se\/act\/files\/2026\/06\/1276415-2-768x512.jpg 768w, https:\/\/blogg.svenskakyrkan.se\/act\/files\/2026\/06\/1276415-2-1536x1025.jpg 1536w, https:\/\/blogg.svenskakyrkan.se\/act\/files\/2026\/06\/1276415-2-1200x801.jpg 1200w\" sizes=\"auto, (max-width: 1920px) 100vw, 1920px\" \/><\/a><\/figure>\n                        <h2 class=\"wp-block-post-title has-h-3-font-size\"><a href=\"https:\/\/blogg.svenskakyrkan.se\/act\/2026\/06\/12\/ingrid-le-roux-kvinnan-som-bevisat-att-fler-barn-kan-overleva\/\" target=\"_self\" >Ingrid le Roux \u2013 kvinnan som bevisat att fler barn kan \u00f6verleva<\/a><\/h2>\n                        <div class=\"wp-block-post-date\"><time datetime=\"2026-06-12T10:26:38+02:00\">12 juni, 2026<\/time><\/div>\n                        <div class=\"wp-block-post-excerpt\"><p class=\"wp-block-post-excerpt__excerpt\">Ingrid Le Roux \u00e4r grundaren av den framg\u00e5ngsrika metoden med mentormammor. Tillsammans med sina kollegor i Sydafrika har hon visat att n\u00e4r v\u00e5rden kommer hem till familjerna minskar antalet undern\u00e4rda barn. Mentormammor r\u00e4ddar liv!<\/p><\/div>\n                    <\/div>\n                    <\/li>\n                            <li class=\"featured-posts__post\">\n\n                    <div class=\"wp-block-group post__content is-layout-flow wp-block-group-is-layout-flow\">\n                        <figure style=\"margin-bottom:var(--wp--preset--spacing--50);\" class=\"wp-block-post-featured-image\"><a href=\"https:\/\/blogg.svenskakyrkan.se\/act\/2026\/03\/18\/mentormammor-minskar-barnadodlighet\/\" target=\"_self\"  ><img loading=\"lazy\" decoding=\"async\" width=\"1920\" height=\"1281\" src=\"https:\/\/blogg.svenskakyrkan.se\/act\/files\/2026\/03\/1276301.jpg\" class=\"attachment-post-thumbnail size-post-thumbnail wp-post-image\" alt=\"Mentormammor minskar barnad\u00f6dlighet\u00a0\u00a0\" style=\"object-fit:cover;\" srcset=\"https:\/\/blogg.svenskakyrkan.se\/act\/files\/2026\/03\/1276301.jpg 1920w, https:\/\/blogg.svenskakyrkan.se\/act\/files\/2026\/03\/1276301-300x200.jpg 300w, https:\/\/blogg.svenskakyrkan.se\/act\/files\/2026\/03\/1276301-1024x683.jpg 1024w, https:\/\/blogg.svenskakyrkan.se\/act\/files\/2026\/03\/1276301-768x512.jpg 768w, https:\/\/blogg.svenskakyrkan.se\/act\/files\/2026\/03\/1276301-1536x1025.jpg 1536w, https:\/\/blogg.svenskakyrkan.se\/act\/files\/2026\/03\/1276301-1200x801.jpg 1200w\" sizes=\"auto, (max-width: 1920px) 100vw, 1920px\" \/><\/a><\/figure>\n                        <h2 class=\"wp-block-post-title has-h-3-font-size\"><a href=\"https:\/\/blogg.svenskakyrkan.se\/act\/2026\/03\/18\/mentormammor-minskar-barnadodlighet\/\" target=\"_self\" >Mentormammor minskar barnad\u00f6dlighet\u00a0\u00a0<\/a><\/h2>\n                        <div class=\"wp-block-post-date\"><time datetime=\"2026-03-18T10:11:06+02:00\">18 mars, 2026<\/time><\/div>\n                        <div class=\"wp-block-post-excerpt\"><p class=\"wp-block-post-excerpt__excerpt\">Utan el, rent vatten och tillg\u00e5ng till v\u00e5rd \u00e4r vardagen tuff f\u00f6r m\u00e5nga familjer p\u00e5 Sydafrikas landsbygd. Genom hembes\u00f6k och livsviktig kunskap om hygien, amning och barnh\u00e4lsa minskar\u00a0mentormammorna\u00a0barnad\u00f6dlighet.\u00a0<\/p><\/div>\n                    <\/div>\n                    <\/li>\n                            <li class=\"featured-posts__post\">\n\n                    <div class=\"wp-block-group post__content is-layout-flow wp-block-group-is-layout-flow\">\n                        <figure style=\"margin-bottom:var(--wp--preset--spacing--50);\" class=\"wp-block-post-featured-image\"><a href=\"https:\/\/blogg.svenskakyrkan.se\/act\/2025\/01\/15\/aterkoppling-2024-projektexempel-mentormammornas-insatser-forandrar-och-raddar-liv\/\" target=\"_self\"  ><img loading=\"lazy\" decoding=\"async\" width=\"1920\" height=\"1280\" src=\"https:\/\/blogg.svenskakyrkan.se\/act\/files\/2025\/01\/1254783-webb-Foto-Anna-Theander-Ikon.jpg\" class=\"attachment-post-thumbnail size-post-thumbnail wp-post-image\" alt=\"\u00c5terkoppling 2024: Projektexempel \u2013 Mentormammornas insatser f\u00f6r\u00e4ndrar och r\u00e4ddar liv\" style=\"object-fit:cover;\" srcset=\"https:\/\/blogg.svenskakyrkan.se\/act\/files\/2025\/01\/1254783-webb-Foto-Anna-Theander-Ikon.jpg 1920w, https:\/\/blogg.svenskakyrkan.se\/act\/files\/2025\/01\/1254783-webb-Foto-Anna-Theander-Ikon-300x200.jpg 300w, https:\/\/blogg.svenskakyrkan.se\/act\/files\/2025\/01\/1254783-webb-Foto-Anna-Theander-Ikon-1024x683.jpg 1024w, https:\/\/blogg.svenskakyrkan.se\/act\/files\/2025\/01\/1254783-webb-Foto-Anna-Theander-Ikon-768x512.jpg 768w, https:\/\/blogg.svenskakyrkan.se\/act\/files\/2025\/01\/1254783-webb-Foto-Anna-Theander-Ikon-1536x1024.jpg 1536w, https:\/\/blogg.svenskakyrkan.se\/act\/files\/2025\/01\/1254783-webb-Foto-Anna-Theander-Ikon-1200x800.jpg 1200w\" sizes=\"auto, (max-width: 1920px) 100vw, 1920px\" \/><\/a><\/figure>\n                        <h2 class=\"wp-block-post-title has-h-3-font-size\"><a href=\"https:\/\/blogg.svenskakyrkan.se\/act\/2025\/01\/15\/aterkoppling-2024-projektexempel-mentormammornas-insatser-forandrar-och-raddar-liv\/\" target=\"_self\" >\u00c5terkoppling 2024: Projektexempel \u2013 Mentormammornas insatser f\u00f6r\u00e4ndrar och r\u00e4ddar liv<\/a><\/h2>\n                        <div class=\"wp-block-post-date\"><time datetime=\"2025-01-15T12:30:41+02:00\">15 januari, 2025<\/time><\/div>\n                        <div class=\"wp-block-post-excerpt\"><p class=\"wp-block-post-excerpt__excerpt\">Under 2024 har mentormammorna fortsatt sina livsviktiga insatser f\u00f6r gravida kvinnor, nyblivna mammor och deras barn i n\u00e5gra av v\u00e4rldens mest utsatta omr\u00e5den. Tack vare g\u00e5vor har deras arbete inte bara r\u00e4ddat liv, utan ocks\u00e5 skapat hopp och f\u00f6r\u00e4ndring i samh\u00e4llen.<\/p><\/div>\n                    <\/div>\n                    <\/li>\n                                <\/ul>\n    <\/div>\n<\/div>\n","protected":false},"excerpt":{"rendered":"<p>F\u00f6r m\u00e5nga barn i \u00d6stra Kapprovinsen i Sydafrika \u00e4r frukosten och lunchen p\u00e5 f\u00f6rskolan dagens enda lagade m\u00e5ltider. Samtidigt f\u00e5r de trygghet, lek och kunskap som f\u00f6rbereder dem&nbsp;inf\u00f6r skolstarten.&nbsp;Act&nbsp;Svenska kyrkan&nbsp;st\u00f6djer 17 f\u00f6rskolor i n\u00e5gra av de mest rurala omr\u00e5dena.&nbsp; Landskapet&nbsp;i \u00d6stra Kapprovinsen breder ut sig s\u00e5 l\u00e5ngt \u00f6gat kan n\u00e5.&nbsp;Mellan de gr\u00f6na&nbsp;kullarna&nbsp;ligger sm\u00e5&nbsp;hus&nbsp;utspridda, sammanbundna av [&hellip;]<\/p>\n","protected":false},"author":696,"featured_media":13296,"comment_status":"closed","ping_status":"open","sticky":false,"template":"","format":"standard","meta":{"_acf_changed":false,"footnotes":""},"categories":[11071,13726,73339,40772,26557],"tags":[],"class_list":["post-13292","post","type-post","status-publish","format-standard","has-post-thumbnail","hentry","category-afrika","category-jamstalldhet-och-halsa","category-mentormammor","category-sodra-afrika","category-sydafrika"],"acf":[],"yoast_head":"<!-- This site is optimized with the Yoast SEO plugin v27.1.1 - https:\/\/yoast.com\/product\/yoast-seo-wordpress\/ -->\n<title>F\u00f6rskolor\u00a0ger n\u00e4ring f\u00f6r livet - Act Svenska kyrkan<\/title>\n<meta name=\"description\" content=\"Barn beh\u00f6ver trygghet, mat och utveckling. Act\u00a0Svenska kyrkan\u00a0st\u00f6djer 17 f\u00f6rskolor i \u00d6stra Kapprovinsen i Sydafrika.\" \/>\n<meta name=\"robots\" content=\"index, follow, max-snippet:-1, max-image-preview:large, max-video-preview:-1\" \/>\n<link rel=\"canonical\" href=\"https:\/\/blogg.svenskakyrkan.se\/act\/2026\/09\/04\/forskolor-ger-naring-for-livet\/\" \/>\n<meta property=\"og:locale\" content=\"sv_SE\" \/>\n<meta property=\"og:type\" content=\"article\" \/>\n<meta property=\"og:title\" content=\"F\u00f6rskolor\u00a0ger n\u00e4ring f\u00f6r livet - Act Svenska kyrkan\" \/>\n<meta property=\"og:description\" content=\"Barn beh\u00f6ver trygghet, mat och utveckling. Act\u00a0Svenska kyrkan\u00a0st\u00f6djer 17 f\u00f6rskolor i \u00d6stra Kapprovinsen i Sydafrika.\" \/>\n<meta property=\"og:url\" content=\"https:\/\/blogg.svenskakyrkan.se\/act\/2026\/09\/04\/forskolor-ger-naring-for-livet\/\" \/>\n<meta property=\"og:site_name\" content=\"Act Svenska kyrkan\" \/>\n<meta property=\"article:published_time\" content=\"2026-09-04T09:37:36+00:00\" \/>\n<meta property=\"article:modified_time\" content=\"2026-09-04T10:24:21+00:00\" \/>\n<meta property=\"og:image\" content=\"http:\/\/blogg.svenskakyrkan.se\/act\/files\/2026\/09\/1276225.jpg\" \/>\n\t<meta property=\"og:image:width\" content=\"1920\" \/>\n\t<meta property=\"og:image:height\" content=\"1281\" \/>\n\t<meta property=\"og:image:type\" content=\"image\/jpeg\" \/>\n<meta name=\"author\" content=\"Act Svenska kyrkan\" \/>\n<meta name=\"twitter:card\" content=\"summary_large_image\" \/>\n<meta name=\"twitter:label1\" content=\"Skriven av\" \/>\n\t<meta name=\"twitter:data1\" content=\"Act Svenska kyrkan\" \/>\n\t<meta name=\"twitter:label2\" content=\"Ber\u00e4knad l\u00e4stid\" \/>\n\t<meta name=\"twitter:data2\" content=\"6 minuter\" \/>\n<script type=\"application\/ld+json\" class=\"yoast-schema-graph\">{\"@context\":\"https:\/\/schema.org\",\"@graph\":[{\"@type\":\"Article\",\"@id\":\"https:\/\/blogg.svenskakyrkan.se\/act\/2026\/09\/04\/forskolor-ger-naring-for-livet\/#article\",\"isPartOf\":{\"@id\":\"https:\/\/blogg.svenskakyrkan.se\/act\/2026\/09\/04\/forskolor-ger-naring-for-livet\/\"},\"author\":{\"name\":\"Act Svenska kyrkan\",\"@id\":\"https:\/\/blogg.svenskakyrkan.se\/act\/#\/schema\/person\/9bf731c3d4419e86b92c0b4d9f9424fe\"},\"headline\":\"F\u00f6rskolor\u00a0ger n\u00e4ring f\u00f6r livet\",\"datePublished\":\"2026-09-04T09:37:36+00:00\",\"dateModified\":\"2026-09-04T10:24:21+00:00\",\"mainEntityOfPage\":{\"@id\":\"https:\/\/blogg.svenskakyrkan.se\/act\/2026\/09\/04\/forskolor-ger-naring-for-livet\/\"},\"wordCount\":1151,\"image\":{\"@id\":\"https:\/\/blogg.svenskakyrkan.se\/act\/2026\/09\/04\/forskolor-ger-naring-for-livet\/#primaryimage\"},\"thumbnailUrl\":\"https:\/\/blogg.svenskakyrkan.se\/act\/files\/2026\/09\/1276225.jpg\",\"articleSection\":[\"Afrika\",\"J\u00e4mst\u00e4lldhet och h\u00e4lsa\",\"Mentormammor\",\"S\u00f6dra Afrika\",\"Sydafrika\"],\"inLanguage\":\"sv-SE\"},{\"@type\":\"WebPage\",\"@id\":\"https:\/\/blogg.svenskakyrkan.se\/act\/2026\/09\/04\/forskolor-ger-naring-for-livet\/\",\"url\":\"https:\/\/blogg.svenskakyrkan.se\/act\/2026\/09\/04\/forskolor-ger-naring-for-livet\/\",\"name\":\"F\u00f6rskolor\u00a0ger n\u00e4ring f\u00f6r livet - Act Svenska kyrkan\",\"isPartOf\":{\"@id\":\"https:\/\/blogg.svenskakyrkan.se\/act\/#website\"},\"primaryImageOfPage\":{\"@id\":\"https:\/\/blogg.svenskakyrkan.se\/act\/2026\/09\/04\/forskolor-ger-naring-for-livet\/#primaryimage\"},\"image\":{\"@id\":\"https:\/\/blogg.svenskakyrkan.se\/act\/2026\/09\/04\/forskolor-ger-naring-for-livet\/#primaryimage\"},\"thumbnailUrl\":\"https:\/\/blogg.svenskakyrkan.se\/act\/files\/2026\/09\/1276225.jpg\",\"datePublished\":\"2026-09-04T09:37:36+00:00\",\"dateModified\":\"2026-09-04T10:24:21+00:00\",\"author\":{\"@id\":\"https:\/\/blogg.svenskakyrkan.se\/act\/#\/schema\/person\/9bf731c3d4419e86b92c0b4d9f9424fe\"},\"description\":\"Barn beh\u00f6ver trygghet, mat och utveckling. Act\u00a0Svenska kyrkan\u00a0st\u00f6djer 17 f\u00f6rskolor i \u00d6stra Kapprovinsen i Sydafrika.\",\"breadcrumb\":{\"@id\":\"https:\/\/blogg.svenskakyrkan.se\/act\/2026\/09\/04\/forskolor-ger-naring-for-livet\/#breadcrumb\"},\"inLanguage\":\"sv-SE\",\"potentialAction\":[{\"@type\":\"ReadAction\",\"target\":[\"https:\/\/blogg.svenskakyrkan.se\/act\/2026\/09\/04\/forskolor-ger-naring-for-livet\/\"]}]},{\"@type\":\"ImageObject\",\"inLanguage\":\"sv-SE\",\"@id\":\"https:\/\/blogg.svenskakyrkan.se\/act\/2026\/09\/04\/forskolor-ger-naring-for-livet\/#primaryimage\",\"url\":\"https:\/\/blogg.svenskakyrkan.se\/act\/files\/2026\/09\/1276225.jpg\",\"contentUrl\":\"https:\/\/blogg.svenskakyrkan.se\/act\/files\/2026\/09\/1276225.jpg\",\"width\":1920,\"height\":1281,\"caption\":\"Sydafrika 2025. I Kapstadens k\u00e5kst\u00e4der och p\u00e5 landsbygden i \u00d6stra Kapprovinsen d\u00f6r m\u00e5nga barn p\u00e5 grund av undern\u00e4ring och sjukdomar. Act Svenska kyrkan st\u00f6djer mentormammor som s\u00f6ker upp barnfamiljer f\u00f6r att utbilda i fr\u00e5gor om hygien, nutrition och vaccination. De ger \u00e4ven preventivmedelsr\u00e5dgivning och pratar om r\u00e4tten till sin egen kropp. Arbetet syftar till att minska barnad\u00f6dlighet, f\u00f6rebygga undern\u00e4ring och st\u00e4rka kvinnors sj\u00e4lvk\u00e4nsla. Philani driver \u00e4ven 17 f\u00f6rskolor i utsatta omr\u00e5den. \u00d6ver 800 barn mellan tre och sex \u00e5r f\u00e5r n\u00e4ringsrik mat och utveckling i en trygg milj\u00f6. Barnen ges intellektuell, motorisk och kognitiv tr\u00e4ning. De utvecklar \u00e4ven sin sociala och emotionella f\u00f6rm\u00e5ga genom kommunikation och samspel med andra barn. Ett ledord f\u00f6r verksamheten \u00e4r att leken ska vara i centrum och barnen stimuleras kreativt och lustfyllt varje dag. F\u00f6rskolorna drivs av personal som sj\u00e4lva bor i omr\u00e5det. De flesta har f\u00e5tt ekonomiskt st\u00f6d via Philani f\u00f6r att kunna l\u00e4sa till f\u00f6rskoll\u00e4rare. De assisteras av en k\u00f6ksansvarig person. Varje dag serveras majsgr\u00f6t berikad med jordn\u00f6tssm\u00f6r till frukost och nudlar med \u00e4gg till lunch, samt ett glas mj\u00f6lk. F\u00f6rskoleverksamhetens koordinator tydligg\u00f6r att barn som har g\u00e5tt i f\u00f6rskolan f\u00e5r b\u00e4ttre m\u00f6jligheter att klara skolans stora barngrupper, rutiner och krav. Hemmilj\u00f6n hos m\u00e5nga av familjerna saknar ofta l\u00e4randematerial s\u00e5 som utbildande leksaker, b\u00f6cker eller material f\u00f6r att rita och skriva. I m\u00e5nga hush\u00e5ll finns heller inte tillr\u00e4ckligt med mat. F\u00f6rskolans tv\u00e5 m\u00e5ltider \u00e4r ofta den enda tillagade maten barnen f\u00e5r per dag. Eftersom f\u00f6rskolebarnen under flera \u00e5r \u00e4ter regelbundet och n\u00e4ringsrikt och d\u00e4rmed kan utvecklas h\u00e4lsosamt, f\u00f6rb\u00e4ttras ocks\u00e5 deras f\u00f6ruts\u00e4ttningar att kunna tillgodog\u00f6ra sig information och kunskap senare i livet.\"},{\"@type\":\"BreadcrumbList\",\"@id\":\"https:\/\/blogg.svenskakyrkan.se\/act\/2026\/09\/04\/forskolor-ger-naring-for-livet\/#breadcrumb\",\"itemListElement\":[{\"@type\":\"ListItem\",\"position\":1,\"name\":\"Hem\",\"item\":\"https:\/\/blogg.svenskakyrkan.se\/act\/\"},{\"@type\":\"ListItem\",\"position\":2,\"name\":\"F\u00f6rskolor\u00a0ger n\u00e4ring f\u00f6r livet\"}]},{\"@type\":\"WebSite\",\"@id\":\"https:\/\/blogg.svenskakyrkan.se\/act\/#website\",\"url\":\"https:\/\/blogg.svenskakyrkan.se\/act\/\",\"name\":\"Act Svenska kyrkan\",\"description\":\"Vi lever alla under samma himmel. Vi har samma r\u00e4ttigheter men verkligheten ser olika ut. Tillsammans f\u00f6r vi en kamp f\u00f6r liv.\",\"potentialAction\":[{\"@type\":\"SearchAction\",\"target\":{\"@type\":\"EntryPoint\",\"urlTemplate\":\"https:\/\/blogg.svenskakyrkan.se\/act\/?s={search_term_string}\"},\"query-input\":{\"@type\":\"PropertyValueSpecification\",\"valueRequired\":true,\"valueName\":\"search_term_string\"}}],\"inLanguage\":\"sv-SE\"},{\"@type\":\"Person\",\"@id\":\"https:\/\/blogg.svenskakyrkan.se\/act\/#\/schema\/person\/9bf731c3d4419e86b92c0b4d9f9424fe\",\"name\":\"Act Svenska kyrkan\",\"image\":{\"@type\":\"ImageObject\",\"inLanguage\":\"sv-SE\",\"@id\":\"https:\/\/blogg.svenskakyrkan.se\/act\/#\/schema\/person\/image\/\",\"url\":\"https:\/\/secure.gravatar.com\/avatar\/dad841196686727e2ffedb0188c265e5bdf1c43732884cfd19099c46d7f62f68?s=96&d=mm&r=g\",\"contentUrl\":\"https:\/\/secure.gravatar.com\/avatar\/dad841196686727e2ffedb0188c265e5bdf1c43732884cfd19099c46d7f62f68?s=96&d=mm&r=g\",\"caption\":\"Act Svenska kyrkan\"},\"url\":\"https:\/\/blogg.svenskakyrkan.se\/act\/author\/intkom\/\"}]}<\/script>\n<!-- \/ Yoast SEO plugin. -->","yoast_head_json":{"title":"F\u00f6rskolor\u00a0ger n\u00e4ring f\u00f6r livet - Act Svenska kyrkan","description":"Barn beh\u00f6ver trygghet, mat och utveckling. Act\u00a0Svenska kyrkan\u00a0st\u00f6djer 17 f\u00f6rskolor i \u00d6stra Kapprovinsen i Sydafrika.","robots":{"index":"index","follow":"follow","max-snippet":"max-snippet:-1","max-image-preview":"max-image-preview:large","max-video-preview":"max-video-preview:-1"},"canonical":"https:\/\/blogg.svenskakyrkan.se\/act\/2026\/09\/04\/forskolor-ger-naring-for-livet\/","og_locale":"sv_SE","og_type":"article","og_title":"F\u00f6rskolor\u00a0ger n\u00e4ring f\u00f6r livet - Act Svenska kyrkan","og_description":"Barn beh\u00f6ver trygghet, mat och utveckling. Act\u00a0Svenska kyrkan\u00a0st\u00f6djer 17 f\u00f6rskolor i \u00d6stra Kapprovinsen i Sydafrika.","og_url":"https:\/\/blogg.svenskakyrkan.se\/act\/2026\/09\/04\/forskolor-ger-naring-for-livet\/","og_site_name":"Act Svenska kyrkan","article_published_time":"2026-09-04T09:37:36+00:00","article_modified_time":"2026-09-04T10:24:21+00:00","og_image":[{"width":1920,"height":1281,"url":"http:\/\/blogg.svenskakyrkan.se\/act\/files\/2026\/09\/1276225.jpg","type":"image\/jpeg"}],"author":"Act Svenska kyrkan","twitter_card":"summary_large_image","twitter_misc":{"Skriven av":"Act Svenska kyrkan","Ber\u00e4knad l\u00e4stid":"6 minuter"},"schema":{"@context":"https:\/\/schema.org","@graph":[{"@type":"Article","@id":"https:\/\/blogg.svenskakyrkan.se\/act\/2026\/09\/04\/forskolor-ger-naring-for-livet\/#article","isPartOf":{"@id":"https:\/\/blogg.svenskakyrkan.se\/act\/2026\/09\/04\/forskolor-ger-naring-for-livet\/"},"author":{"name":"Act Svenska kyrkan","@id":"https:\/\/blogg.svenskakyrkan.se\/act\/#\/schema\/person\/9bf731c3d4419e86b92c0b4d9f9424fe"},"headline":"F\u00f6rskolor\u00a0ger n\u00e4ring f\u00f6r livet","datePublished":"2026-09-04T09:37:36+00:00","dateModified":"2026-09-04T10:24:21+00:00","mainEntityOfPage":{"@id":"https:\/\/blogg.svenskakyrkan.se\/act\/2026\/09\/04\/forskolor-ger-naring-for-livet\/"},"wordCount":1151,"image":{"@id":"https:\/\/blogg.svenskakyrkan.se\/act\/2026\/09\/04\/forskolor-ger-naring-for-livet\/#primaryimage"},"thumbnailUrl":"https:\/\/blogg.svenskakyrkan.se\/act\/files\/2026\/09\/1276225.jpg","articleSection":["Afrika","J\u00e4mst\u00e4lldhet och h\u00e4lsa","Mentormammor","S\u00f6dra Afrika","Sydafrika"],"inLanguage":"sv-SE"},{"@type":"WebPage","@id":"https:\/\/blogg.svenskakyrkan.se\/act\/2026\/09\/04\/forskolor-ger-naring-for-livet\/","url":"https:\/\/blogg.svenskakyrkan.se\/act\/2026\/09\/04\/forskolor-ger-naring-for-livet\/","name":"F\u00f6rskolor\u00a0ger n\u00e4ring f\u00f6r livet - Act Svenska kyrkan","isPartOf":{"@id":"https:\/\/blogg.svenskakyrkan.se\/act\/#website"},"primaryImageOfPage":{"@id":"https:\/\/blogg.svenskakyrkan.se\/act\/2026\/09\/04\/forskolor-ger-naring-for-livet\/#primaryimage"},"image":{"@id":"https:\/\/blogg.svenskakyrkan.se\/act\/2026\/09\/04\/forskolor-ger-naring-for-livet\/#primaryimage"},"thumbnailUrl":"https:\/\/blogg.svenskakyrkan.se\/act\/files\/2026\/09\/1276225.jpg","datePublished":"2026-09-04T09:37:36+00:00","dateModified":"2026-09-04T10:24:21+00:00","author":{"@id":"https:\/\/blogg.svenskakyrkan.se\/act\/#\/schema\/person\/9bf731c3d4419e86b92c0b4d9f9424fe"},"description":"Barn beh\u00f6ver trygghet, mat och utveckling. Act\u00a0Svenska kyrkan\u00a0st\u00f6djer 17 f\u00f6rskolor i \u00d6stra Kapprovinsen i Sydafrika.","breadcrumb":{"@id":"https:\/\/blogg.svenskakyrkan.se\/act\/2026\/09\/04\/forskolor-ger-naring-for-livet\/#breadcrumb"},"inLanguage":"sv-SE","potentialAction":[{"@type":"ReadAction","target":["https:\/\/blogg.svenskakyrkan.se\/act\/2026\/09\/04\/forskolor-ger-naring-for-livet\/"]}]},{"@type":"ImageObject","inLanguage":"sv-SE","@id":"https:\/\/blogg.svenskakyrkan.se\/act\/2026\/09\/04\/forskolor-ger-naring-for-livet\/#primaryimage","url":"https:\/\/blogg.svenskakyrkan.se\/act\/files\/2026\/09\/1276225.jpg","contentUrl":"https:\/\/blogg.svenskakyrkan.se\/act\/files\/2026\/09\/1276225.jpg","width":1920,"height":1281,"caption":"Sydafrika 2025. I Kapstadens k\u00e5kst\u00e4der och p\u00e5 landsbygden i \u00d6stra Kapprovinsen d\u00f6r m\u00e5nga barn p\u00e5 grund av undern\u00e4ring och sjukdomar. Act Svenska kyrkan st\u00f6djer mentormammor som s\u00f6ker upp barnfamiljer f\u00f6r att utbilda i fr\u00e5gor om hygien, nutrition och vaccination. De ger \u00e4ven preventivmedelsr\u00e5dgivning och pratar om r\u00e4tten till sin egen kropp. Arbetet syftar till att minska barnad\u00f6dlighet, f\u00f6rebygga undern\u00e4ring och st\u00e4rka kvinnors sj\u00e4lvk\u00e4nsla. Philani driver \u00e4ven 17 f\u00f6rskolor i utsatta omr\u00e5den. \u00d6ver 800 barn mellan tre och sex \u00e5r f\u00e5r n\u00e4ringsrik mat och utveckling i en trygg milj\u00f6. Barnen ges intellektuell, motorisk och kognitiv tr\u00e4ning. De utvecklar \u00e4ven sin sociala och emotionella f\u00f6rm\u00e5ga genom kommunikation och samspel med andra barn. Ett ledord f\u00f6r verksamheten \u00e4r att leken ska vara i centrum och barnen stimuleras kreativt och lustfyllt varje dag. F\u00f6rskolorna drivs av personal som sj\u00e4lva bor i omr\u00e5det. De flesta har f\u00e5tt ekonomiskt st\u00f6d via Philani f\u00f6r att kunna l\u00e4sa till f\u00f6rskoll\u00e4rare. De assisteras av en k\u00f6ksansvarig person. Varje dag serveras majsgr\u00f6t berikad med jordn\u00f6tssm\u00f6r till frukost och nudlar med \u00e4gg till lunch, samt ett glas mj\u00f6lk. F\u00f6rskoleverksamhetens koordinator tydligg\u00f6r att barn som har g\u00e5tt i f\u00f6rskolan f\u00e5r b\u00e4ttre m\u00f6jligheter att klara skolans stora barngrupper, rutiner och krav. Hemmilj\u00f6n hos m\u00e5nga av familjerna saknar ofta l\u00e4randematerial s\u00e5 som utbildande leksaker, b\u00f6cker eller material f\u00f6r att rita och skriva. I m\u00e5nga hush\u00e5ll finns heller inte tillr\u00e4ckligt med mat. F\u00f6rskolans tv\u00e5 m\u00e5ltider \u00e4r ofta den enda tillagade maten barnen f\u00e5r per dag. Eftersom f\u00f6rskolebarnen under flera \u00e5r \u00e4ter regelbundet och n\u00e4ringsrikt och d\u00e4rmed kan utvecklas h\u00e4lsosamt, f\u00f6rb\u00e4ttras ocks\u00e5 deras f\u00f6ruts\u00e4ttningar att kunna tillgodog\u00f6ra sig information och kunskap senare i livet."},{"@type":"BreadcrumbList","@id":"https:\/\/blogg.svenskakyrkan.se\/act\/2026\/09\/04\/forskolor-ger-naring-for-livet\/#breadcrumb","itemListElement":[{"@type":"ListItem","position":1,"name":"Hem","item":"https:\/\/blogg.svenskakyrkan.se\/act\/"},{"@type":"ListItem","position":2,"name":"F\u00f6rskolor\u00a0ger n\u00e4ring f\u00f6r livet"}]},{"@type":"WebSite","@id":"https:\/\/blogg.svenskakyrkan.se\/act\/#website","url":"https:\/\/blogg.svenskakyrkan.se\/act\/","name":"Act Svenska kyrkan","description":"Vi lever alla under samma himmel. Vi har samma r\u00e4ttigheter men verkligheten ser olika ut. Tillsammans f\u00f6r vi en kamp f\u00f6r liv.","potentialAction":[{"@type":"SearchAction","target":{"@type":"EntryPoint","urlTemplate":"https:\/\/blogg.svenskakyrkan.se\/act\/?s={search_term_string}"},"query-input":{"@type":"PropertyValueSpecification","valueRequired":true,"valueName":"search_term_string"}}],"inLanguage":"sv-SE"},{"@type":"Person","@id":"https:\/\/blogg.svenskakyrkan.se\/act\/#\/schema\/person\/9bf731c3d4419e86b92c0b4d9f9424fe","name":"Act Svenska kyrkan","image":{"@type":"ImageObject","inLanguage":"sv-SE","@id":"https:\/\/blogg.svenskakyrkan.se\/act\/#\/schema\/person\/image\/","url":"https:\/\/secure.gravatar.com\/avatar\/dad841196686727e2ffedb0188c265e5bdf1c43732884cfd19099c46d7f62f68?s=96&d=mm&r=g","contentUrl":"https:\/\/secure.gravatar.com\/avatar\/dad841196686727e2ffedb0188c265e5bdf1c43732884cfd19099c46d7f62f68?s=96&d=mm&r=g","caption":"Act Svenska kyrkan"},"url":"https:\/\/blogg.svenskakyrkan.se\/act\/author\/intkom\/"}]}},"author_meta":{"ID":"696","user_nicename":"intkom","user_registered":"2019-02-06 08:14:30","display_name":"Act Svenska kyrkan","first_name":"Act Svenska kyrkan","last_name":"Redakt\u00f6r","avatar":"https:\/\/secure.gravatar.com\/avatar\/dad841196686727e2ffedb0188c265e5bdf1c43732884cfd19099c46d7f62f68?s=96&d=mm&r=g"},"featured_image":["https:\/\/blogg.svenskakyrkan.se\/act\/files\/2026\/09\/1276225-1024x683.jpg",1024,683,true],"bloginfo":{"name":"Act Svenska kyrkan","url":"https:\/\/blogg.svenskakyrkan.se\/act"},"_links":{"self":[{"href":"https:\/\/blogg.svenskakyrkan.se\/act\/wp-json\/wp\/v2\/posts\/13292","targetHints":{"allow":["GET"]}}],"collection":[{"href":"https:\/\/blogg.svenskakyrkan.se\/act\/wp-json\/wp\/v2\/posts"}],"about":[{"href":"https:\/\/blogg.svenskakyrkan.se\/act\/wp-json\/wp\/v2\/types\/post"}],"author":[{"embeddable":true,"href":"https:\/\/blogg.svenskakyrkan.se\/act\/wp-json\/wp\/v2\/users\/696"}],"replies":[{"embeddable":true,"href":"https:\/\/blogg.svenskakyrkan.se\/act\/wp-json\/wp\/v2\/comments?post=13292"}],"version-history":[{"count":3,"href":"https:\/\/blogg.svenskakyrkan.se\/act\/wp-json\/wp\/v2\/posts\/13292\/revisions"}],"predecessor-version":[{"id":13301,"href":"https:\/\/blogg.svenskakyrkan.se\/act\/wp-json\/wp\/v2\/posts\/13292\/revisions\/13301"}],"wp:featuredmedia":[{"embeddable":true,"href":"https:\/\/blogg.svenskakyrkan.se\/act\/wp-json\/wp\/v2\/media\/13296"}],"wp:attachment":[{"href":"https:\/\/blogg.svenskakyrkan.se\/act\/wp-json\/wp\/v2\/media?parent=13292"}],"wp:term":[{"taxonomy":"category","embeddable":true,"href":"https:\/\/blogg.svenskakyrkan.se\/act\/wp-json\/wp\/v2\/categories?post=13292"},{"taxonomy":"post_tag","embeddable":true,"href":"https:\/\/blogg.svenskakyrkan.se\/act\/wp-json\/wp\/v2\/tags?post=13292"}],"curies":[{"name":"wp","href":"https:\/\/api.w.org\/{rel}","templated":true}]}}