{"id":1081,"date":"2013-01-13T23:06:13","date_gmt":"2013-01-13T22:06:13","guid":{"rendered":"http:\/\/blogg.svenskakyrkan.se\/akebonnier\/?p=1081"},"modified":"2013-01-13T23:19:18","modified_gmt":"2013-01-13T22:19:18","slug":"juden-jesus","status":"publish","type":"post","link":"https:\/\/blogg.svenskakyrkan.se\/akebonnier\/2013\/01\/13\/juden-jesus\/","title":{"rendered":"Juden Jesus"},"content":{"rendered":"<p>I kv\u00e4ll har jag varit med och talat vid invigningen av en oerh\u00f6rt viktig utst\u00e4llning i Stockholm. Det \u00e4r Judiska museet som har arbetat fram b\u00e5de en bra utst\u00e4llning<em>\u00a0<\/em>och en str\u00e5lande katalog om den judiske Jesus. Vid invigningen talade \u00f6verrabbinen emeritus Morton Narrowe, docent Tord Fornberg, biskop Eva Brunne, Rabbinen David Lazar m fl. Dessutom sj\u00f6ng den judiske kantorn Maynard Gerber bl a fr\u00e5n den Jesajatext som Jesus citerade i Nasarets synagoga. F\u00f6ljande tal h\u00f6ll jag:<\/p>\n<p><em>Vill Du hj\u00e4lpa till i konfirmandundervisningen?<\/em> Hon var praktikant i Liding\u00f6 f\u00f6rsamling, f\u00f6dd och uppvuxen p\u00e5 annat h\u00e5ll i Sverige och pr\u00e4glad av en teologi som d\u00e5 k\u00e4ndes lite lockande \u2013 en teologi som var v\u00e4lstrukturerad. Hon tog hand om undervisningen g\u00e4llande Bibeln och ber\u00e4ttade f\u00f6r konfirmanderna och mig om den r\u00f6da tr\u00e5den i Bibeln. Hon sa: <em>F\u00f6rsta skapade Gud alla folk, sen utvalde Gud ett folk. S\u00e5 blev det s\u00e5 sm\u00e5ningom en rest kvar och man b\u00f6rjade tala om Messias. S\u00e5 kom Messias, d v s Jesus, han samlade en rest, d v s l\u00e4rjungarna, de var med och skapade ett folk, d v s kyrkan och kyrkans uppgift \u00e4r att g\u00f6ra alla folk till l\u00e4rjungar. <\/em>Det h\u00e4r tyckte jag l\u00e4t bra. S\u00e5 var det ju och judarna hade ju p\u00e5 s\u00e4tt och vis spelat ut sin roll. Det var de kristna och Kyrkan med stort K som nu hade det nya uppdraget att vara Guds folk. Jag hade l\u00e4st teologi p\u00e5 80-talet och inte reflekterat s\u00e5 mycket \u00f6ver annat \u00e4n att Jesus stod i konflikt med judarna. S\u00e5 skrev ju Rudolf Bultmann, den store exegeten i sin Johanneskommentar som jag l\u00e4ste.<\/p>\n<p>I b\u00f6rjan av 90-talet for jag till Jerusalem och Svenska Teologiska Institutet p\u00e5 en kurs. Jag ville ju komma till det Heliga Landet \u2013 till Jesus land. Kursen jag gick p\u00e5 i tv\u00e5 veckor hette n\u00e5got i stil med: <em>\u00a0Att vara pr\u00e4st i ett multireligi\u00f6st samh\u00e4lle.<\/em> Jag tr\u00e4ffade den d\u00e5varande direktorn \u00c5ke Skoog och ins\u00e5g att vad jag l\u00e4rt mig i Uppsala och vad jag undervisat mina konfirmander om inte var n\u00e5got annat \u00e4n ers\u00e4ttningsteologi \u2013 en teologi som utraderar den judiske Jesus och g\u00f6r Jesus till en kristen person och som utradera mina judiska br\u00f6ders och systrars relation till Gud och v\u00e4g till Gud. Fjell f\u00f6ll fr\u00e5n mina \u00f6gon och jag b\u00f6rjade intressera mig mer och mer f\u00f6r min judiske broder Jesus. Vem var han egentligen? Och efter n\u00e5gra \u00e5r b\u00f6rjade jag att l\u00e4sa och skriva. Jesus var ju jude och, som jag brukar s\u00e4ga, och han hade inga planer p\u00e5 att konvertera.<\/p>\n<p>Jesus var en m\u00e5ngfacetterad person och knappast l\u00e4tt att \u201df\u00e5nga in\u201d och etikettera. Bilden av den judiske Jesus rymmer m\u00e5nga vinklingar.Den judiske Jesus var en galileisk landsbygdsman som engagerade sig i de marginaliserade m\u00e4nniskorna, inte som en socialarbetare, men utifr\u00e5n gudsrikestanken. Dessa marginaliserade, tullindrivare och syndare &#8211; var kallade och f\u00f6red\u00f6men d\u00e5 det g\u00e4llde omv\u00e4ndelsen. De hade bordsgemenskap i Guds rike. Egentligen stod tanken p\u00e5 Guds rikes omedelbara n\u00e4rhet i centrum f\u00f6r juden Jesus, och gudsriket medf\u00f6rde utmaningar g\u00e4llande fullkomlighet och lagfromhet samtidigt som den som kallades till Guds rike inte kunde v\u00e4nta sig bekv\u00e4mlighet utan skulle satsa allt f\u00f6r rikets skull. Med gudsrikets utbredande f\u00f6r \u00f6gonen s\u00e5g nog ocks\u00e5 den judiske Jesus p\u00e5 sig sj\u00e4lv som Messias i den bem\u00e4rkelsen att han var den som personifierade gudsrikets n\u00e4rvaro och tydligast vittnade om det.\u00a0 Br\u00f6t han mot lagen? D\u00e4rom tvistar de l\u00e4rde. Br\u00f6t han mot sabbatsbudet? Det beror p\u00e5 tolkningstradition av sabbatsbuden. \u00a0Matf\u00f6reskrifterna h\u00f6ll han med all sannolikhet ocks\u00e5.. Jesus var allts\u00e5 en typisk judisk l\u00e4rare och karismatiker som disputerade med huvudsakligen fariseer men ocks\u00e5 med saddukeer.<\/p>\n<p>\u00a0Vad vet vi om de underverk som tillskrevs Jesus? T\u00e4mligen lite. Men att avf\u00e4rda dem s\u00e5som varande konstruktioner av en uppst\u00e5ndelsetroende kyrka \u00e4r mer komplicerat \u00e4n att anta att juden Jesus med all sannolikhet utf\u00f6rde s\u00e5dana saker som man p\u00e5 den tiden r\u00e4knade till underverk. Jesus var nog troligen en judisk\u00a0 karismatiker, en\u00a0 exorcist, l\u00e4kare, healer. Sedan levde han s\u00e4kert i en tradition och i ett sammanhang d\u00e4r detta inte var ovanligt. Kanske skulle man v\u00e5ga p\u00e5st\u00e5 att det inte var dessa kraftg\u00e4rningar som var det viktiga utan snarare hans l\u00e4ra, det han ville visa sina samtida p\u00e5 och d\u00e4r de omvittnade g\u00e4rningarna snarare f\u00e5r en bekr\u00e4ftande funktion.\u00a0<\/p>\n<p>\u00a0Jesus tycks ocks\u00e5 ha st\u00f6tt sig med sina samtida. Den egna familjen tycks ha haft problem med Jesus och det \u00e4r som om han betonar att\u00a0 inget, inte ens familjen, f\u00e5r g\u00e5 f\u00f6re Guds rikes utbredande. Detta g\u00e4llde lika f\u00f6r b\u00e5de kvinnor och m\u00e4n. <em>Den som g\u00f6r min himmelske faders vilja \u00e4r min bror och syster och mor<\/em>.<a title=\"\" href=\"http:\/\/blogg.svenskakyrkan.se\/akebonnier\/wp-admin\/post-new.php#_ftn1\">[1]<\/a><\/p>\n<p>Jesus var inte kritisk till sin egen religion. Han var ingen ny religionsgrundare. Kanske skulle man snarare kunna kalla honom f\u00f6r reformator som var kritisk till vissa typer av religionsut\u00f6vande. Han var jude, ville leva judiskt men betonade samtidigt att det fanns en sak, en huvudsak, som var viktigare \u00e4n allt annat och det var Guds rike som mycket v\u00e4l kan ha utmanat till det som juden Jesus p\u00e5 olika s\u00e4tt po\u00e4ngterade: <em>teshuvah <\/em>\u00a0(omv\u00e4ndelsen), <em>emunah<\/em> (gudstillit) och gudsunderkastelse.<\/p>\n<p>Nu \u00e4r jag glad att det i bild och skrift har kunnat tas fram en utst\u00e4llning om Juden Jesus, \u00a0min judiske bror som jag \u00f6nskar att s\u00e5 m\u00e5nga ska f\u00e5 l\u00e4ra k\u00e4nna.Tack f\u00f6r att jag f\u00e5tt vara med i goda samtal och diskussioner!<\/p>\n<p>&nbsp;<\/p>\n<p>&nbsp;<\/p>\n<div>\n<hr align=\"left\" size=\"1\" width=\"33%\" \/>\n<div>\n<p><a title=\"\" href=\"http:\/\/blogg.svenskakyrkan.se\/akebonnier\/wp-admin\/post-new.php#_ftnref1\">[1]<\/a> Matt 12:50.<\/p>\n<\/div>\n<\/div>\n","protected":false},"excerpt":{"rendered":"<p>I kv\u00e4ll har jag varit med och talat vid invigningen av en oerh\u00f6rt viktig utst\u00e4llning i Stockholm. Det \u00e4r Judiska museet som har arbetat fram b\u00e5de en bra utst\u00e4llning\u00a0och en str\u00e5lande katalog om den judiske Jesus. Vid invigningen talade \u00f6verrabbinen emeritus Morton Narrowe, docent Tord Fornberg, biskop Eva Brunne, Rabbinen David Lazar m fl. Dessutom [&hellip;]<\/p>\n","protected":false},"author":108,"featured_media":0,"comment_status":"open","ping_status":"open","sticky":false,"template":"","format":"standard","meta":{"_acf_changed":false,"footnotes":""},"categories":[9],"tags":[],"class_list":["post-1081","post","type-post","status-publish","format-standard","hentry","category-okategoriserade"],"acf":[],"yoast_head":"<!-- This site is optimized with the Yoast SEO plugin v27.1.1 - https:\/\/yoast.com\/product\/yoast-seo-wordpress\/ -->\n<title>Juden Jesus - \u00c5ke Bonnier<\/title>\n<meta name=\"robots\" content=\"index, follow, max-snippet:-1, max-image-preview:large, max-video-preview:-1\" \/>\n<link rel=\"canonical\" href=\"https:\/\/blogg.svenskakyrkan.se\/akebonnier\/2013\/01\/13\/juden-jesus\/\" \/>\n<meta property=\"og:locale\" content=\"sv_SE\" \/>\n<meta property=\"og:type\" content=\"article\" \/>\n<meta property=\"og:title\" content=\"Juden Jesus - \u00c5ke Bonnier\" \/>\n<meta property=\"og:description\" content=\"I kv\u00e4ll har jag varit med och talat vid invigningen av en oerh\u00f6rt viktig utst\u00e4llning i Stockholm. Det \u00e4r Judiska museet som har arbetat fram b\u00e5de en bra utst\u00e4llning\u00a0och en str\u00e5lande katalog om den judiske Jesus. Vid invigningen talade \u00f6verrabbinen emeritus Morton Narrowe, docent Tord Fornberg, biskop Eva Brunne, Rabbinen David Lazar m fl. Dessutom [&hellip;]\" \/>\n<meta property=\"og:url\" content=\"https:\/\/blogg.svenskakyrkan.se\/akebonnier\/2013\/01\/13\/juden-jesus\/\" \/>\n<meta property=\"og:site_name\" content=\"\u00c5ke Bonnier\" \/>\n<meta property=\"article:published_time\" content=\"2013-01-13T22:06:13+00:00\" \/>\n<meta property=\"article:modified_time\" content=\"2013-01-13T22:19:18+00:00\" \/>\n<meta name=\"author\" content=\"\u00c5ke Bonnier\" \/>\n<meta name=\"twitter:card\" content=\"summary_large_image\" \/>\n<meta name=\"twitter:label1\" content=\"Skriven av\" \/>\n\t<meta name=\"twitter:data1\" content=\"\u00c5ke Bonnier\" \/>\n\t<meta name=\"twitter:label2\" content=\"Ber\u00e4knad l\u00e4stid\" \/>\n\t<meta name=\"twitter:data2\" content=\"5 minuter\" \/>\n<script type=\"application\/ld+json\" class=\"yoast-schema-graph\">{\"@context\":\"https:\/\/schema.org\",\"@graph\":[{\"@type\":\"Article\",\"@id\":\"https:\/\/blogg.svenskakyrkan.se\/akebonnier\/2013\/01\/13\/juden-jesus\/#article\",\"isPartOf\":{\"@id\":\"https:\/\/blogg.svenskakyrkan.se\/akebonnier\/2013\/01\/13\/juden-jesus\/\"},\"author\":{\"name\":\"\u00c5ke Bonnier\",\"@id\":\"https:\/\/blogg.svenskakyrkan.se\/akebonnier\/#\/schema\/person\/8db68bc0c94f6a5a62df2d4486ff1343\"},\"headline\":\"Juden Jesus\",\"datePublished\":\"2013-01-13T22:06:13+00:00\",\"dateModified\":\"2013-01-13T22:19:18+00:00\",\"mainEntityOfPage\":{\"@id\":\"https:\/\/blogg.svenskakyrkan.se\/akebonnier\/2013\/01\/13\/juden-jesus\/\"},\"wordCount\":1014,\"commentCount\":92,\"inLanguage\":\"sv-SE\",\"potentialAction\":[{\"@type\":\"CommentAction\",\"name\":\"Comment\",\"target\":[\"https:\/\/blogg.svenskakyrkan.se\/akebonnier\/2013\/01\/13\/juden-jesus\/#respond\"]}]},{\"@type\":\"WebPage\",\"@id\":\"https:\/\/blogg.svenskakyrkan.se\/akebonnier\/2013\/01\/13\/juden-jesus\/\",\"url\":\"https:\/\/blogg.svenskakyrkan.se\/akebonnier\/2013\/01\/13\/juden-jesus\/\",\"name\":\"Juden Jesus - \u00c5ke Bonnier\",\"isPartOf\":{\"@id\":\"https:\/\/blogg.svenskakyrkan.se\/akebonnier\/#website\"},\"datePublished\":\"2013-01-13T22:06:13+00:00\",\"dateModified\":\"2013-01-13T22:19:18+00:00\",\"author\":{\"@id\":\"https:\/\/blogg.svenskakyrkan.se\/akebonnier\/#\/schema\/person\/8db68bc0c94f6a5a62df2d4486ff1343\"},\"breadcrumb\":{\"@id\":\"https:\/\/blogg.svenskakyrkan.se\/akebonnier\/2013\/01\/13\/juden-jesus\/#breadcrumb\"},\"inLanguage\":\"sv-SE\",\"potentialAction\":[{\"@type\":\"ReadAction\",\"target\":[\"https:\/\/blogg.svenskakyrkan.se\/akebonnier\/2013\/01\/13\/juden-jesus\/\"]}]},{\"@type\":\"BreadcrumbList\",\"@id\":\"https:\/\/blogg.svenskakyrkan.se\/akebonnier\/2013\/01\/13\/juden-jesus\/#breadcrumb\",\"itemListElement\":[{\"@type\":\"ListItem\",\"position\":1,\"name\":\"Hem\",\"item\":\"https:\/\/blogg.svenskakyrkan.se\/akebonnier\/\"},{\"@type\":\"ListItem\",\"position\":2,\"name\":\"Juden Jesus\"}]},{\"@type\":\"WebSite\",\"@id\":\"https:\/\/blogg.svenskakyrkan.se\/akebonnier\/#website\",\"url\":\"https:\/\/blogg.svenskakyrkan.se\/akebonnier\/\",\"name\":\"\u00c5ke Bonnier\",\"description\":\"Biskop i Svenska kyrkan - Skara stift\",\"potentialAction\":[{\"@type\":\"SearchAction\",\"target\":{\"@type\":\"EntryPoint\",\"urlTemplate\":\"https:\/\/blogg.svenskakyrkan.se\/akebonnier\/?s={search_term_string}\"},\"query-input\":{\"@type\":\"PropertyValueSpecification\",\"valueRequired\":true,\"valueName\":\"search_term_string\"}}],\"inLanguage\":\"sv-SE\"},{\"@type\":\"Person\",\"@id\":\"https:\/\/blogg.svenskakyrkan.se\/akebonnier\/#\/schema\/person\/8db68bc0c94f6a5a62df2d4486ff1343\",\"name\":\"\u00c5ke Bonnier\",\"image\":{\"@type\":\"ImageObject\",\"inLanguage\":\"sv-SE\",\"@id\":\"https:\/\/blogg.svenskakyrkan.se\/akebonnier\/#\/schema\/person\/image\/\",\"url\":\"https:\/\/secure.gravatar.com\/avatar\/b88264736bb0bc0d1ea92298aef02c9f98cfc13c7484130c42c663ae484f9462?s=96&d=mm&r=g\",\"contentUrl\":\"https:\/\/secure.gravatar.com\/avatar\/b88264736bb0bc0d1ea92298aef02c9f98cfc13c7484130c42c663ae484f9462?s=96&d=mm&r=g\",\"caption\":\"\u00c5ke Bonnier\"},\"description\":\"Jag \u00e4r gift och har tv\u00e5 vuxna d\u00f6ttrar. Pr\u00e4stvigdes 1984 och biskopsvigs 26 augusti 2012 . Jag har tidigare bland annat varit, komminister och kyrkoherde i Liding\u00f6 f\u00f6rsamling och domprost i Stockholms domkyrkof\u00f6rsamling. Jag \u00e4r intresserad av konst, litteratur, teater, film. Jag tr\u00e4nar regelbundet p\u00e5 gym. Mitt huvudsakliga musikintresse \u00e4r klassisk musik men ocks\u00e5 Beatles, Elvis Presley, Monika Zettelund, Povel Ramel och m\u00e5nga andra tycker jag om att lyssna p\u00e5. Jag l\u00e4ser f\u00f6r lite sk\u00f6nlitteratur beroende p\u00e5 annat som jag m\u00e5ste l\u00e4sa i mitt uppdrag som biskop. Men jag \u00e4lskar b\u00f6cker. Naturligtvis l\u00e4ser jag n\u00e4st intill dagligdags i \\\"B\u00f6ckernas Bok.\\\"\",\"sameAs\":[\"http:\/\/www.skarastift.se\"],\"url\":\"https:\/\/blogg.svenskakyrkan.se\/akebonnier\/author\/akebonnier\/\"}]}<\/script>\n<!-- \/ Yoast SEO plugin. -->","yoast_head_json":{"title":"Juden Jesus - \u00c5ke Bonnier","robots":{"index":"index","follow":"follow","max-snippet":"max-snippet:-1","max-image-preview":"max-image-preview:large","max-video-preview":"max-video-preview:-1"},"canonical":"https:\/\/blogg.svenskakyrkan.se\/akebonnier\/2013\/01\/13\/juden-jesus\/","og_locale":"sv_SE","og_type":"article","og_title":"Juden Jesus - \u00c5ke Bonnier","og_description":"I kv\u00e4ll har jag varit med och talat vid invigningen av en oerh\u00f6rt viktig utst\u00e4llning i Stockholm. Det \u00e4r Judiska museet som har arbetat fram b\u00e5de en bra utst\u00e4llning\u00a0och en str\u00e5lande katalog om den judiske Jesus. Vid invigningen talade \u00f6verrabbinen emeritus Morton Narrowe, docent Tord Fornberg, biskop Eva Brunne, Rabbinen David Lazar m fl. Dessutom [&hellip;]","og_url":"https:\/\/blogg.svenskakyrkan.se\/akebonnier\/2013\/01\/13\/juden-jesus\/","og_site_name":"\u00c5ke Bonnier","article_published_time":"2013-01-13T22:06:13+00:00","article_modified_time":"2013-01-13T22:19:18+00:00","author":"\u00c5ke Bonnier","twitter_card":"summary_large_image","twitter_misc":{"Skriven av":"\u00c5ke Bonnier","Ber\u00e4knad l\u00e4stid":"5 minuter"},"schema":{"@context":"https:\/\/schema.org","@graph":[{"@type":"Article","@id":"https:\/\/blogg.svenskakyrkan.se\/akebonnier\/2013\/01\/13\/juden-jesus\/#article","isPartOf":{"@id":"https:\/\/blogg.svenskakyrkan.se\/akebonnier\/2013\/01\/13\/juden-jesus\/"},"author":{"name":"\u00c5ke Bonnier","@id":"https:\/\/blogg.svenskakyrkan.se\/akebonnier\/#\/schema\/person\/8db68bc0c94f6a5a62df2d4486ff1343"},"headline":"Juden Jesus","datePublished":"2013-01-13T22:06:13+00:00","dateModified":"2013-01-13T22:19:18+00:00","mainEntityOfPage":{"@id":"https:\/\/blogg.svenskakyrkan.se\/akebonnier\/2013\/01\/13\/juden-jesus\/"},"wordCount":1014,"commentCount":92,"inLanguage":"sv-SE","potentialAction":[{"@type":"CommentAction","name":"Comment","target":["https:\/\/blogg.svenskakyrkan.se\/akebonnier\/2013\/01\/13\/juden-jesus\/#respond"]}]},{"@type":"WebPage","@id":"https:\/\/blogg.svenskakyrkan.se\/akebonnier\/2013\/01\/13\/juden-jesus\/","url":"https:\/\/blogg.svenskakyrkan.se\/akebonnier\/2013\/01\/13\/juden-jesus\/","name":"Juden Jesus - \u00c5ke Bonnier","isPartOf":{"@id":"https:\/\/blogg.svenskakyrkan.se\/akebonnier\/#website"},"datePublished":"2013-01-13T22:06:13+00:00","dateModified":"2013-01-13T22:19:18+00:00","author":{"@id":"https:\/\/blogg.svenskakyrkan.se\/akebonnier\/#\/schema\/person\/8db68bc0c94f6a5a62df2d4486ff1343"},"breadcrumb":{"@id":"https:\/\/blogg.svenskakyrkan.se\/akebonnier\/2013\/01\/13\/juden-jesus\/#breadcrumb"},"inLanguage":"sv-SE","potentialAction":[{"@type":"ReadAction","target":["https:\/\/blogg.svenskakyrkan.se\/akebonnier\/2013\/01\/13\/juden-jesus\/"]}]},{"@type":"BreadcrumbList","@id":"https:\/\/blogg.svenskakyrkan.se\/akebonnier\/2013\/01\/13\/juden-jesus\/#breadcrumb","itemListElement":[{"@type":"ListItem","position":1,"name":"Hem","item":"https:\/\/blogg.svenskakyrkan.se\/akebonnier\/"},{"@type":"ListItem","position":2,"name":"Juden Jesus"}]},{"@type":"WebSite","@id":"https:\/\/blogg.svenskakyrkan.se\/akebonnier\/#website","url":"https:\/\/blogg.svenskakyrkan.se\/akebonnier\/","name":"\u00c5ke Bonnier","description":"Biskop i Svenska kyrkan - Skara stift","potentialAction":[{"@type":"SearchAction","target":{"@type":"EntryPoint","urlTemplate":"https:\/\/blogg.svenskakyrkan.se\/akebonnier\/?s={search_term_string}"},"query-input":{"@type":"PropertyValueSpecification","valueRequired":true,"valueName":"search_term_string"}}],"inLanguage":"sv-SE"},{"@type":"Person","@id":"https:\/\/blogg.svenskakyrkan.se\/akebonnier\/#\/schema\/person\/8db68bc0c94f6a5a62df2d4486ff1343","name":"\u00c5ke Bonnier","image":{"@type":"ImageObject","inLanguage":"sv-SE","@id":"https:\/\/blogg.svenskakyrkan.se\/akebonnier\/#\/schema\/person\/image\/","url":"https:\/\/secure.gravatar.com\/avatar\/b88264736bb0bc0d1ea92298aef02c9f98cfc13c7484130c42c663ae484f9462?s=96&d=mm&r=g","contentUrl":"https:\/\/secure.gravatar.com\/avatar\/b88264736bb0bc0d1ea92298aef02c9f98cfc13c7484130c42c663ae484f9462?s=96&d=mm&r=g","caption":"\u00c5ke Bonnier"},"description":"Jag \u00e4r gift och har tv\u00e5 vuxna d\u00f6ttrar. Pr\u00e4stvigdes 1984 och biskopsvigs 26 augusti 2012 . Jag har tidigare bland annat varit, komminister och kyrkoherde i Liding\u00f6 f\u00f6rsamling och domprost i Stockholms domkyrkof\u00f6rsamling. Jag \u00e4r intresserad av konst, litteratur, teater, film. Jag tr\u00e4nar regelbundet p\u00e5 gym. Mitt huvudsakliga musikintresse \u00e4r klassisk musik men ocks\u00e5 Beatles, Elvis Presley, Monika Zettelund, Povel Ramel och m\u00e5nga andra tycker jag om att lyssna p\u00e5. Jag l\u00e4ser f\u00f6r lite sk\u00f6nlitteratur beroende p\u00e5 annat som jag m\u00e5ste l\u00e4sa i mitt uppdrag som biskop. Men jag \u00e4lskar b\u00f6cker. Naturligtvis l\u00e4ser jag n\u00e4st intill dagligdags i \"B\u00f6ckernas Bok.\"","sameAs":["http:\/\/www.skarastift.se"],"url":"https:\/\/blogg.svenskakyrkan.se\/akebonnier\/author\/akebonnier\/"}]}},"author_meta":{"ID":"108","user_nicename":"akebonnier","user_url":"http:\/\/www.skarastift.se","user_registered":"2011-10-11 09:24:48","display_name":"\u00c5ke Bonnier","first_name":"\u00c5ke","last_name":"Bonnier","avatar":"https:\/\/secure.gravatar.com\/avatar\/b88264736bb0bc0d1ea92298aef02c9f98cfc13c7484130c42c663ae484f9462?s=96&d=mm&r=g"},"featured_image":false,"bloginfo":{"name":"\u00c5ke Bonnier","url":"https:\/\/blogg.svenskakyrkan.se\/akebonnier"},"_links":{"self":[{"href":"https:\/\/blogg.svenskakyrkan.se\/akebonnier\/wp-json\/wp\/v2\/posts\/1081","targetHints":{"allow":["GET"]}}],"collection":[{"href":"https:\/\/blogg.svenskakyrkan.se\/akebonnier\/wp-json\/wp\/v2\/posts"}],"about":[{"href":"https:\/\/blogg.svenskakyrkan.se\/akebonnier\/wp-json\/wp\/v2\/types\/post"}],"author":[{"embeddable":true,"href":"https:\/\/blogg.svenskakyrkan.se\/akebonnier\/wp-json\/wp\/v2\/users\/108"}],"replies":[{"embeddable":true,"href":"https:\/\/blogg.svenskakyrkan.se\/akebonnier\/wp-json\/wp\/v2\/comments?post=1081"}],"version-history":[{"count":5,"href":"https:\/\/blogg.svenskakyrkan.se\/akebonnier\/wp-json\/wp\/v2\/posts\/1081\/revisions"}],"predecessor-version":[{"id":1087,"href":"https:\/\/blogg.svenskakyrkan.se\/akebonnier\/wp-json\/wp\/v2\/posts\/1081\/revisions\/1087"}],"wp:attachment":[{"href":"https:\/\/blogg.svenskakyrkan.se\/akebonnier\/wp-json\/wp\/v2\/media?parent=1081"}],"wp:term":[{"taxonomy":"category","embeddable":true,"href":"https:\/\/blogg.svenskakyrkan.se\/akebonnier\/wp-json\/wp\/v2\/categories?post=1081"},{"taxonomy":"post_tag","embeddable":true,"href":"https:\/\/blogg.svenskakyrkan.se\/akebonnier\/wp-json\/wp\/v2\/tags?post=1081"}],"curies":[{"name":"wp","href":"https:\/\/api.w.org\/{rel}","templated":true}]}}