{"id":1214,"date":"2013-06-22T22:57:56","date_gmt":"2013-06-22T20:57:56","guid":{"rendered":"http:\/\/blogg.svenskakyrkan.se\/akebonnier\/?p=1214"},"modified":"2013-06-22T22:57:56","modified_gmt":"2013-06-22T20:57:56","slug":"varfor-vill-jag-vara-kristen","status":"publish","type":"post","link":"https:\/\/blogg.svenskakyrkan.se\/akebonnier\/2013\/06\/22\/varfor-vill-jag-vara-kristen\/","title":{"rendered":"Varf\u00f6r vill jag vara kristen?"},"content":{"rendered":"<p>Om aftonen p\u00e5 Midsommardagen kommer dessa tankar \u00f6ver mig. Varf\u00f6r vill jag vara kristen? Egentligen kan jag leva ett alldeles str\u00e5lande liv utan att bek\u00e4nna mig till kristen tro. Egentligen kan jag bete mig p\u00e5 ett klokt, varmt och v\u00e4nligt s\u00e4tt mot mina medm\u00e4nniskor utan att vara kristen. Jag kan s\u00e4ga, t\u00e4nka och g\u00f6ra bra saker utan att alls beh\u00f6va relatera till kristen tro och n\u00e4r det g\u00e4ller naturen och skapelsen kan jag njuta av den, ta vara p\u00e5 den, v\u00e5rda den utan att relatera till n\u00e5gon h\u00f6gre makt.<\/p>\n<p>\u00c4nd\u00e5 vill jag vara och \u00e4r kristen! Varf\u00f6r?<\/p>\n<p>F\u00f6r det f\u00f6rsta f\u00f6rdjupar den kristna tron min uppfattning om tillvaron. Livet f\u00e5r ytterligare en f\u00e4rgnyans &#8211; den gudomliga &#8221;f\u00e4rgens&#8221; djup. Ungef\u00e4r som n\u00e4r man ser ett TV-program i svart-vitt f\u00f6r att sedan se det p\u00e5 nytt i f\u00e4rg. Det \u00e4r samma TV-program. Samma saker s\u00e4gs och g\u00f6rs men ser jag det i f\u00e4rg f\u00e5r det en f\u00f6rdjupad nyans som ger ett djupare tilltal. Jag tror ju att Gud finns och <em>\u00e4r<\/em> och att Gud alltid har varit och kommer att vara. Men Gud \u00e4r inte fr\u00e4mst en Gud l\u00e5ngt borta utan en Gud som \u00e4r n\u00e4ra och som m\u00f6ter mig i varje andetag, i varje sommarbris, i varje regndroppe och solstr\u00e5le, i varje darrande l\u00f6v och i varje blommas blad. Allt &#8211; hela skapelsen i all dess sk\u00f6nhet och sk\u00f6rhet \u00e4r Guds tilltal till mig. Men jag m\u00e5ste naturligtvis tr\u00e4na mig p\u00e5 att h\u00f6ra detta tilltal. Det beh\u00f6vs daglig tr\u00e4ning, daglig omv\u00e4ndelse, men det \u00e4r sannerligen v\u00e4r det<\/p>\n<p>Men Gud uttrycker ocks\u00e5 sin k\u00e4rlek till mig. Jag \u00e4r \u00e4lskad och gr\u00e4nsl\u00f6s v\u00e4rdefull precis som alla m\u00e4nniskor oavsett allt. Kan man fr\u00e5ntas sitt m\u00e4nniskov\u00e4rde om man beg\u00e5r n\u00e5got tillr\u00e4ckligt hemskt? Hitler, Breivik m fl &#8211; har de f\u00f6rlorat sitt m\u00e4nniskov\u00e4rde? De som drabbats av deras fasansfulla handlingar har s\u00e4kert sv\u00e5rt att se g\u00e4rningsm\u00e4nnen som Guds \u00e4lskade och v\u00e4rdefulla barn. Och det \u00e4r sannerligen fullt begripligt! Hur sv\u00e5rt det \u00e4n k\u00e4nns att skriva det s\u00e5 \u00e4r min fulla \u00f6vertygelse att alla m\u00e4nniskor, oavsett allt, \u00e4r Guds \u00e4lskade barn. \u00c4ven jag. Mitt eget v\u00e4rde ges mig av Gud &#8211; inte genom bed\u00f6mning av mina prestationer utan f\u00f6r att jag \u00e4r. Detta kan inte nog s\u00e4gas. Och det \u00e4r just detta som \u00e4r centrum i den kristna tron f\u00f6r det handlar om Gud som delar min tillvaro genom att m\u00f6ta oss m\u00e4nniskor p\u00e5 ett unikt s\u00e4tt i en historisk person. Det \u00e4r det som \u00e4r s\u00e5 lockande och viktigt med den kristna tron &#8211; att Gud blivit m\u00e4nniska, att Gud inte bara finns i stj\u00e4rnhimlen utan i m\u00e4nniskovimlet, mitt i det m\u00e4nskliga sammanhanget och att Gud, genom att dela det djupt m\u00e4nskliga visar p\u00e5 att var och en av oss \u00e4r \u00e4lskade och v\u00e4rdefulla. Gud villkorade inte sitt m\u00e4nniskoblivande. Nej, Gud blev m\u00e4nniska f\u00f6r v\u00e5r skull, f\u00f6r att manifestera sin k\u00e4rlek till oss.\u00a0 Det \u00e4r ju helt fantastiskt!<\/p>\n<p>Denna Guds k\u00e4rlek fick sedan sim br\u00e4nnpunkt p\u00e5 korset. Det finns inget som kan stoppa Guds k\u00e4rlek, inga gr\u00e4nser f\u00f6r Guds k\u00e4rlek d\u00e4rf\u00f6r att Gud g\u00e5tt \u00f6ver alla gr\u00e4nser genom Jesu liv, d\u00f6d och uppst\u00e5ndelse.<\/p>\n<p>Jag vill vara kristen och jag bek\u00e4nner h\u00f6gt och ljudligt att jag \u00e4r kristen f\u00f6r att Guds g\u00e4rningar i och genom Jesus Kristus betyder s\u00e5 ofattbart mycket f\u00f6r mig. D\u00e4rf\u00f6r vill jag f\u00f6lja Jesus Kristus som lever och verkar i dag mitt ibland oss. Att vara kristen \u00e4r en kallelse &#8211; en Guds kallelse &#8211; en kallelse som g\u00e4ller Dig och mig.<\/p>\n<p>Men att f\u00f6lja Jesus &#8211; att vara hans l\u00e4rjunge handlar ocks\u00e5 om att satsa p\u00e5 detta livet &#8211; fr\u00e4mst detta livet. Det andra &#8211; det som \u00e4r bortom d\u00f6dens gr\u00e4ns, \u00e4r Guds sak. Min uppgift \u00e4r att leva det innevarande livet &#8211; att leva ut Guds k\u00e4rlek nedtransponerad till m\u00e4nsklig k\u00e4rlek. Jag f\u00e5r \u00e4lska och alltid ta k\u00e4rlekens initiativ. Inspirerad av Gud handlar det om att \u00e4lska alla, inte bara dem jag tycker om, inte bara dem jag st\u00e5r n\u00e4ra, inte bara dem jag arbetar ihop med utan \u00e4lska alla. Det \u00e4r sannerligen inte enkelt. Jag misslyckas dagligen och stundligen. Jag beh\u00f6ver verkligen b\u00f6rja om och b\u00f6rja om\u00a0 och b\u00f6rja om och jag f\u00e5r g\u00f6ra det. Det \u00e4r ju Guds n\u00e5d det handlar om &#8211; Guds n\u00e5d och Guds k\u00e4rlek. Men det \u00e4r mitt uppdrag som m\u00e4nniska att \u00e4lska min medbroder och medsyster oavsett allt. Vad betyder det nu i semestertid? Vad betyder det p\u00e5 mitt kontor? Vad betyder det i m\u00f6tet med de som jag kan uppleva som knepiga?<\/p>\n<p>\u00c4r uppdraget \u00f6verdrivet? \u00c4r livsstilen om\u00f6jlig? Ja, p\u00e5 ett s\u00e4tt &#8211; om jag tror att det handlar om prestation &#8211; att vara duktig. Men kanske \u00e4r det endast en sak som g\u00e4ller och det \u00e4r att inse att det endast \u00e4r Gud i mig &#8211; Jesus den korsf\u00e4ste och uppst\u00e5ndne och som lever i mig som\u00a0 kan \u00e4lska p\u00e5 det viset och jag f\u00e5r \u00f6verl\u00e4mna mig helt till Jesus f\u00f6r att kunna leva ut denna k\u00e4rlek. Den jag d\u00e5 \u00e4lskar \u00e4r Jesus i min medm\u00e4nniska. Jesus i mig \u00e4lskar d\u00e5 Jesus i dig. Den k\u00e4rleken \u00e4r den sannaste och den k\u00e4rleken f\u00f6r\u00e4ndrar. I den k\u00e4rleken kan vi ana att Guds rike \u00e4r mitt ibland oss &#8211; ett rike, en relation som ytterst handlar om att denna v\u00e4rld ska vara m\u00e4nsklig i ordets allra djupaste bem\u00e4rkelse.<\/p>\n<p>Vilken utmaning! D\u00e4rf\u00f6r vill jag vara kristen.<\/p>\n<p>&nbsp;<\/p>\n","protected":false},"excerpt":{"rendered":"<p>Om aftonen p\u00e5 Midsommardagen kommer dessa tankar \u00f6ver mig. Varf\u00f6r vill jag vara kristen? Egentligen kan jag leva ett alldeles str\u00e5lande liv utan att bek\u00e4nna mig till kristen tro. Egentligen kan jag bete mig p\u00e5 ett klokt, varmt och v\u00e4nligt s\u00e4tt mot mina medm\u00e4nniskor utan att vara kristen. Jag kan s\u00e4ga, t\u00e4nka och g\u00f6ra bra [&hellip;]<\/p>\n","protected":false},"author":108,"featured_media":0,"comment_status":"open","ping_status":"open","sticky":false,"template":"","format":"standard","meta":{"_acf_changed":false,"footnotes":""},"categories":[9],"tags":[],"class_list":["post-1214","post","type-post","status-publish","format-standard","hentry","category-okategoriserade"],"acf":[],"yoast_head":"<!-- This site is optimized with the Yoast SEO plugin v27.1.1 - https:\/\/yoast.com\/product\/yoast-seo-wordpress\/ -->\n<title>Varf\u00f6r vill jag vara kristen? - \u00c5ke Bonnier<\/title>\n<meta name=\"robots\" content=\"index, follow, max-snippet:-1, max-image-preview:large, max-video-preview:-1\" \/>\n<link rel=\"canonical\" href=\"https:\/\/blogg.svenskakyrkan.se\/akebonnier\/2013\/06\/22\/varfor-vill-jag-vara-kristen\/\" \/>\n<meta property=\"og:locale\" content=\"sv_SE\" \/>\n<meta property=\"og:type\" content=\"article\" \/>\n<meta property=\"og:title\" content=\"Varf\u00f6r vill jag vara kristen? - \u00c5ke Bonnier\" \/>\n<meta property=\"og:description\" content=\"Om aftonen p\u00e5 Midsommardagen kommer dessa tankar \u00f6ver mig. Varf\u00f6r vill jag vara kristen? Egentligen kan jag leva ett alldeles str\u00e5lande liv utan att bek\u00e4nna mig till kristen tro. Egentligen kan jag bete mig p\u00e5 ett klokt, varmt och v\u00e4nligt s\u00e4tt mot mina medm\u00e4nniskor utan att vara kristen. Jag kan s\u00e4ga, t\u00e4nka och g\u00f6ra bra [&hellip;]\" \/>\n<meta property=\"og:url\" content=\"https:\/\/blogg.svenskakyrkan.se\/akebonnier\/2013\/06\/22\/varfor-vill-jag-vara-kristen\/\" \/>\n<meta property=\"og:site_name\" content=\"\u00c5ke Bonnier\" \/>\n<meta property=\"article:published_time\" content=\"2013-06-22T20:57:56+00:00\" \/>\n<meta name=\"author\" content=\"\u00c5ke Bonnier\" \/>\n<meta name=\"twitter:card\" content=\"summary_large_image\" \/>\n<meta name=\"twitter:label1\" content=\"Skriven av\" \/>\n\t<meta name=\"twitter:data1\" content=\"\u00c5ke Bonnier\" \/>\n\t<meta name=\"twitter:label2\" content=\"Ber\u00e4knad l\u00e4stid\" \/>\n\t<meta name=\"twitter:data2\" content=\"5 minuter\" \/>\n<script type=\"application\/ld+json\" class=\"yoast-schema-graph\">{\"@context\":\"https:\/\/schema.org\",\"@graph\":[{\"@type\":\"Article\",\"@id\":\"https:\/\/blogg.svenskakyrkan.se\/akebonnier\/2013\/06\/22\/varfor-vill-jag-vara-kristen\/#article\",\"isPartOf\":{\"@id\":\"https:\/\/blogg.svenskakyrkan.se\/akebonnier\/2013\/06\/22\/varfor-vill-jag-vara-kristen\/\"},\"author\":{\"name\":\"\u00c5ke Bonnier\",\"@id\":\"https:\/\/blogg.svenskakyrkan.se\/akebonnier\/#\/schema\/person\/8db68bc0c94f6a5a62df2d4486ff1343\"},\"headline\":\"Varf\u00f6r vill jag vara kristen?\",\"datePublished\":\"2013-06-22T20:57:56+00:00\",\"mainEntityOfPage\":{\"@id\":\"https:\/\/blogg.svenskakyrkan.se\/akebonnier\/2013\/06\/22\/varfor-vill-jag-vara-kristen\/\"},\"wordCount\":1050,\"commentCount\":6,\"inLanguage\":\"sv-SE\",\"potentialAction\":[{\"@type\":\"CommentAction\",\"name\":\"Comment\",\"target\":[\"https:\/\/blogg.svenskakyrkan.se\/akebonnier\/2013\/06\/22\/varfor-vill-jag-vara-kristen\/#respond\"]}]},{\"@type\":\"WebPage\",\"@id\":\"https:\/\/blogg.svenskakyrkan.se\/akebonnier\/2013\/06\/22\/varfor-vill-jag-vara-kristen\/\",\"url\":\"https:\/\/blogg.svenskakyrkan.se\/akebonnier\/2013\/06\/22\/varfor-vill-jag-vara-kristen\/\",\"name\":\"Varf\u00f6r vill jag vara kristen? - \u00c5ke Bonnier\",\"isPartOf\":{\"@id\":\"https:\/\/blogg.svenskakyrkan.se\/akebonnier\/#website\"},\"datePublished\":\"2013-06-22T20:57:56+00:00\",\"author\":{\"@id\":\"https:\/\/blogg.svenskakyrkan.se\/akebonnier\/#\/schema\/person\/8db68bc0c94f6a5a62df2d4486ff1343\"},\"breadcrumb\":{\"@id\":\"https:\/\/blogg.svenskakyrkan.se\/akebonnier\/2013\/06\/22\/varfor-vill-jag-vara-kristen\/#breadcrumb\"},\"inLanguage\":\"sv-SE\",\"potentialAction\":[{\"@type\":\"ReadAction\",\"target\":[\"https:\/\/blogg.svenskakyrkan.se\/akebonnier\/2013\/06\/22\/varfor-vill-jag-vara-kristen\/\"]}]},{\"@type\":\"BreadcrumbList\",\"@id\":\"https:\/\/blogg.svenskakyrkan.se\/akebonnier\/2013\/06\/22\/varfor-vill-jag-vara-kristen\/#breadcrumb\",\"itemListElement\":[{\"@type\":\"ListItem\",\"position\":1,\"name\":\"Hem\",\"item\":\"https:\/\/blogg.svenskakyrkan.se\/akebonnier\/\"},{\"@type\":\"ListItem\",\"position\":2,\"name\":\"Varf\u00f6r vill jag vara kristen?\"}]},{\"@type\":\"WebSite\",\"@id\":\"https:\/\/blogg.svenskakyrkan.se\/akebonnier\/#website\",\"url\":\"https:\/\/blogg.svenskakyrkan.se\/akebonnier\/\",\"name\":\"\u00c5ke Bonnier\",\"description\":\"Biskop i Svenska kyrkan - Skara stift\",\"potentialAction\":[{\"@type\":\"SearchAction\",\"target\":{\"@type\":\"EntryPoint\",\"urlTemplate\":\"https:\/\/blogg.svenskakyrkan.se\/akebonnier\/?s={search_term_string}\"},\"query-input\":{\"@type\":\"PropertyValueSpecification\",\"valueRequired\":true,\"valueName\":\"search_term_string\"}}],\"inLanguage\":\"sv-SE\"},{\"@type\":\"Person\",\"@id\":\"https:\/\/blogg.svenskakyrkan.se\/akebonnier\/#\/schema\/person\/8db68bc0c94f6a5a62df2d4486ff1343\",\"name\":\"\u00c5ke Bonnier\",\"image\":{\"@type\":\"ImageObject\",\"inLanguage\":\"sv-SE\",\"@id\":\"https:\/\/blogg.svenskakyrkan.se\/akebonnier\/#\/schema\/person\/image\/\",\"url\":\"https:\/\/secure.gravatar.com\/avatar\/b88264736bb0bc0d1ea92298aef02c9f98cfc13c7484130c42c663ae484f9462?s=96&d=mm&r=g\",\"contentUrl\":\"https:\/\/secure.gravatar.com\/avatar\/b88264736bb0bc0d1ea92298aef02c9f98cfc13c7484130c42c663ae484f9462?s=96&d=mm&r=g\",\"caption\":\"\u00c5ke Bonnier\"},\"description\":\"Jag \u00e4r gift och har tv\u00e5 vuxna d\u00f6ttrar. Pr\u00e4stvigdes 1984 och biskopsvigs 26 augusti 2012 . Jag har tidigare bland annat varit, komminister och kyrkoherde i Liding\u00f6 f\u00f6rsamling och domprost i Stockholms domkyrkof\u00f6rsamling. Jag \u00e4r intresserad av konst, litteratur, teater, film. Jag tr\u00e4nar regelbundet p\u00e5 gym. Mitt huvudsakliga musikintresse \u00e4r klassisk musik men ocks\u00e5 Beatles, Elvis Presley, Monika Zettelund, Povel Ramel och m\u00e5nga andra tycker jag om att lyssna p\u00e5. Jag l\u00e4ser f\u00f6r lite sk\u00f6nlitteratur beroende p\u00e5 annat som jag m\u00e5ste l\u00e4sa i mitt uppdrag som biskop. Men jag \u00e4lskar b\u00f6cker. Naturligtvis l\u00e4ser jag n\u00e4st intill dagligdags i \\\"B\u00f6ckernas Bok.\\\"\",\"sameAs\":[\"http:\/\/www.skarastift.se\"],\"url\":\"https:\/\/blogg.svenskakyrkan.se\/akebonnier\/author\/akebonnier\/\"}]}<\/script>\n<!-- \/ Yoast SEO plugin. -->","yoast_head_json":{"title":"Varf\u00f6r vill jag vara kristen? - \u00c5ke Bonnier","robots":{"index":"index","follow":"follow","max-snippet":"max-snippet:-1","max-image-preview":"max-image-preview:large","max-video-preview":"max-video-preview:-1"},"canonical":"https:\/\/blogg.svenskakyrkan.se\/akebonnier\/2013\/06\/22\/varfor-vill-jag-vara-kristen\/","og_locale":"sv_SE","og_type":"article","og_title":"Varf\u00f6r vill jag vara kristen? - \u00c5ke Bonnier","og_description":"Om aftonen p\u00e5 Midsommardagen kommer dessa tankar \u00f6ver mig. Varf\u00f6r vill jag vara kristen? Egentligen kan jag leva ett alldeles str\u00e5lande liv utan att bek\u00e4nna mig till kristen tro. Egentligen kan jag bete mig p\u00e5 ett klokt, varmt och v\u00e4nligt s\u00e4tt mot mina medm\u00e4nniskor utan att vara kristen. Jag kan s\u00e4ga, t\u00e4nka och g\u00f6ra bra [&hellip;]","og_url":"https:\/\/blogg.svenskakyrkan.se\/akebonnier\/2013\/06\/22\/varfor-vill-jag-vara-kristen\/","og_site_name":"\u00c5ke Bonnier","article_published_time":"2013-06-22T20:57:56+00:00","author":"\u00c5ke Bonnier","twitter_card":"summary_large_image","twitter_misc":{"Skriven av":"\u00c5ke Bonnier","Ber\u00e4knad l\u00e4stid":"5 minuter"},"schema":{"@context":"https:\/\/schema.org","@graph":[{"@type":"Article","@id":"https:\/\/blogg.svenskakyrkan.se\/akebonnier\/2013\/06\/22\/varfor-vill-jag-vara-kristen\/#article","isPartOf":{"@id":"https:\/\/blogg.svenskakyrkan.se\/akebonnier\/2013\/06\/22\/varfor-vill-jag-vara-kristen\/"},"author":{"name":"\u00c5ke Bonnier","@id":"https:\/\/blogg.svenskakyrkan.se\/akebonnier\/#\/schema\/person\/8db68bc0c94f6a5a62df2d4486ff1343"},"headline":"Varf\u00f6r vill jag vara kristen?","datePublished":"2013-06-22T20:57:56+00:00","mainEntityOfPage":{"@id":"https:\/\/blogg.svenskakyrkan.se\/akebonnier\/2013\/06\/22\/varfor-vill-jag-vara-kristen\/"},"wordCount":1050,"commentCount":6,"inLanguage":"sv-SE","potentialAction":[{"@type":"CommentAction","name":"Comment","target":["https:\/\/blogg.svenskakyrkan.se\/akebonnier\/2013\/06\/22\/varfor-vill-jag-vara-kristen\/#respond"]}]},{"@type":"WebPage","@id":"https:\/\/blogg.svenskakyrkan.se\/akebonnier\/2013\/06\/22\/varfor-vill-jag-vara-kristen\/","url":"https:\/\/blogg.svenskakyrkan.se\/akebonnier\/2013\/06\/22\/varfor-vill-jag-vara-kristen\/","name":"Varf\u00f6r vill jag vara kristen? - \u00c5ke Bonnier","isPartOf":{"@id":"https:\/\/blogg.svenskakyrkan.se\/akebonnier\/#website"},"datePublished":"2013-06-22T20:57:56+00:00","author":{"@id":"https:\/\/blogg.svenskakyrkan.se\/akebonnier\/#\/schema\/person\/8db68bc0c94f6a5a62df2d4486ff1343"},"breadcrumb":{"@id":"https:\/\/blogg.svenskakyrkan.se\/akebonnier\/2013\/06\/22\/varfor-vill-jag-vara-kristen\/#breadcrumb"},"inLanguage":"sv-SE","potentialAction":[{"@type":"ReadAction","target":["https:\/\/blogg.svenskakyrkan.se\/akebonnier\/2013\/06\/22\/varfor-vill-jag-vara-kristen\/"]}]},{"@type":"BreadcrumbList","@id":"https:\/\/blogg.svenskakyrkan.se\/akebonnier\/2013\/06\/22\/varfor-vill-jag-vara-kristen\/#breadcrumb","itemListElement":[{"@type":"ListItem","position":1,"name":"Hem","item":"https:\/\/blogg.svenskakyrkan.se\/akebonnier\/"},{"@type":"ListItem","position":2,"name":"Varf\u00f6r vill jag vara kristen?"}]},{"@type":"WebSite","@id":"https:\/\/blogg.svenskakyrkan.se\/akebonnier\/#website","url":"https:\/\/blogg.svenskakyrkan.se\/akebonnier\/","name":"\u00c5ke Bonnier","description":"Biskop i Svenska kyrkan - Skara stift","potentialAction":[{"@type":"SearchAction","target":{"@type":"EntryPoint","urlTemplate":"https:\/\/blogg.svenskakyrkan.se\/akebonnier\/?s={search_term_string}"},"query-input":{"@type":"PropertyValueSpecification","valueRequired":true,"valueName":"search_term_string"}}],"inLanguage":"sv-SE"},{"@type":"Person","@id":"https:\/\/blogg.svenskakyrkan.se\/akebonnier\/#\/schema\/person\/8db68bc0c94f6a5a62df2d4486ff1343","name":"\u00c5ke Bonnier","image":{"@type":"ImageObject","inLanguage":"sv-SE","@id":"https:\/\/blogg.svenskakyrkan.se\/akebonnier\/#\/schema\/person\/image\/","url":"https:\/\/secure.gravatar.com\/avatar\/b88264736bb0bc0d1ea92298aef02c9f98cfc13c7484130c42c663ae484f9462?s=96&d=mm&r=g","contentUrl":"https:\/\/secure.gravatar.com\/avatar\/b88264736bb0bc0d1ea92298aef02c9f98cfc13c7484130c42c663ae484f9462?s=96&d=mm&r=g","caption":"\u00c5ke Bonnier"},"description":"Jag \u00e4r gift och har tv\u00e5 vuxna d\u00f6ttrar. Pr\u00e4stvigdes 1984 och biskopsvigs 26 augusti 2012 . Jag har tidigare bland annat varit, komminister och kyrkoherde i Liding\u00f6 f\u00f6rsamling och domprost i Stockholms domkyrkof\u00f6rsamling. Jag \u00e4r intresserad av konst, litteratur, teater, film. Jag tr\u00e4nar regelbundet p\u00e5 gym. Mitt huvudsakliga musikintresse \u00e4r klassisk musik men ocks\u00e5 Beatles, Elvis Presley, Monika Zettelund, Povel Ramel och m\u00e5nga andra tycker jag om att lyssna p\u00e5. Jag l\u00e4ser f\u00f6r lite sk\u00f6nlitteratur beroende p\u00e5 annat som jag m\u00e5ste l\u00e4sa i mitt uppdrag som biskop. Men jag \u00e4lskar b\u00f6cker. Naturligtvis l\u00e4ser jag n\u00e4st intill dagligdags i \"B\u00f6ckernas Bok.\"","sameAs":["http:\/\/www.skarastift.se"],"url":"https:\/\/blogg.svenskakyrkan.se\/akebonnier\/author\/akebonnier\/"}]}},"author_meta":{"ID":"108","user_nicename":"akebonnier","user_url":"http:\/\/www.skarastift.se","user_registered":"2011-10-11 09:24:48","display_name":"\u00c5ke Bonnier","first_name":"\u00c5ke","last_name":"Bonnier","avatar":"https:\/\/secure.gravatar.com\/avatar\/b88264736bb0bc0d1ea92298aef02c9f98cfc13c7484130c42c663ae484f9462?s=96&d=mm&r=g"},"featured_image":false,"bloginfo":{"name":"\u00c5ke Bonnier","url":"https:\/\/blogg.svenskakyrkan.se\/akebonnier"},"_links":{"self":[{"href":"https:\/\/blogg.svenskakyrkan.se\/akebonnier\/wp-json\/wp\/v2\/posts\/1214","targetHints":{"allow":["GET"]}}],"collection":[{"href":"https:\/\/blogg.svenskakyrkan.se\/akebonnier\/wp-json\/wp\/v2\/posts"}],"about":[{"href":"https:\/\/blogg.svenskakyrkan.se\/akebonnier\/wp-json\/wp\/v2\/types\/post"}],"author":[{"embeddable":true,"href":"https:\/\/blogg.svenskakyrkan.se\/akebonnier\/wp-json\/wp\/v2\/users\/108"}],"replies":[{"embeddable":true,"href":"https:\/\/blogg.svenskakyrkan.se\/akebonnier\/wp-json\/wp\/v2\/comments?post=1214"}],"version-history":[{"count":2,"href":"https:\/\/blogg.svenskakyrkan.se\/akebonnier\/wp-json\/wp\/v2\/posts\/1214\/revisions"}],"predecessor-version":[{"id":1216,"href":"https:\/\/blogg.svenskakyrkan.se\/akebonnier\/wp-json\/wp\/v2\/posts\/1214\/revisions\/1216"}],"wp:attachment":[{"href":"https:\/\/blogg.svenskakyrkan.se\/akebonnier\/wp-json\/wp\/v2\/media?parent=1214"}],"wp:term":[{"taxonomy":"category","embeddable":true,"href":"https:\/\/blogg.svenskakyrkan.se\/akebonnier\/wp-json\/wp\/v2\/categories?post=1214"},{"taxonomy":"post_tag","embeddable":true,"href":"https:\/\/blogg.svenskakyrkan.se\/akebonnier\/wp-json\/wp\/v2\/tags?post=1214"}],"curies":[{"name":"wp","href":"https:\/\/api.w.org\/{rel}","templated":true}]}}