{"id":1581,"date":"2014-08-11T09:54:09","date_gmt":"2014-08-11T07:54:09","guid":{"rendered":"http:\/\/blogg.svenskakyrkan.se\/akebonnier\/?p=1581"},"modified":"2014-08-11T10:15:53","modified_gmt":"2014-08-11T08:15:53","slug":"antisemitismen-maste-bekampas","status":"publish","type":"post","link":"https:\/\/blogg.svenskakyrkan.se\/akebonnier\/2014\/08\/11\/antisemitismen-maste-bekampas\/","title":{"rendered":"Antisemitismen m\u00e5ste bek\u00e4mpas!"},"content":{"rendered":"<p>G\u00e5ng p\u00e5 g\u00e5ng har vi kunnat l\u00e4sa, b\u00e5de p\u00e5 Facebook och i tidningar om antisemitismens framfart i Sverige. M\u00e5nga s\u00e4ger att det har sin grund i Israels regerings beslut i konflikten med Hamas. I det resonemanget blandar man ihop begreppet &#8221;judar&#8221; med att vara demokratiskt folkvald politiker i Israel. Jo, det sitter judar i Knesset och fattar politiska beslut som f\u00e5tt (och i v\u00e4rsta fall kommer att f\u00e5, om milit\u00e4ra insatser forts\u00e4tter) fruktansv\u00e4rda konsekvenser f\u00f6r civila personer i Gaza. Men det \u00e4r inte judarna som folk som b\u00e4r ansvar f\u00f6r detta. Det \u00e4r folkvalda personer som fattar beslut som har det yttersta ansvaret f\u00f6r vad som sker. Sj\u00e4lvklart har ocks\u00e5 Hamas ledning ansvar f\u00f6r vad som sker. Det finns ett uttryck som p\u00e5 engelska lyder: &#8221;It takes two to a tango&#8221;. S\u00e5 \u00e4r det, men Israels regering \u00e4r den starkare parten. D\u00e4rom r\u00e5der nog ingen oenighet och d\u00e5 \u00e5vilar det \u00a0Israels regering att vara med och fatta beslut som m\u00f6jligg\u00f6r fred och f\u00f6rsoning. Samtidigt m\u00e5ste Israel f\u00e5 f\u00f6rsvara sin befolkning som st\u00e4ndigt hotas av missilangrepp. \u00a0Som kristna utanf\u00f6r Israel och Palestina f\u00e5r vi vara med och be f\u00f6r alla dem som drabbas av missilernas och kulornas vederv\u00e4rdighet och p\u00e5 annat s\u00e4tt engagera oss f\u00f6r de drabbade, b\u00e5de kristna, muslimer och andra. Det \u00e4r viktigt och d\u00e4r kan kraftfull kritik mot b\u00e5de destruktiva hamasbeslut och israeliska regeringsbeslut h\u00f6ras och m\u00e5ste h\u00f6ras.<\/p>\n<p>Men att h\u00f6gt eller tyst, indirekt eller rent ut, h\u00e5lla Sveriges judar delansvariga f\u00f6r det som sker i Israel \u00e4r inget annat \u00e4n ren och sk\u00e4r antisemitism. Aftonbladet Kultur hade h\u00e4romdagen publicerat en seriestrip p\u00e5 sin hemsida (plockades bort efter n\u00e5gra timmar) \u00a0som talade om att det var fel judar som gasades ihj\u00e4l, underf\u00f6rst\u00e5tt att r\u00e4tt judar borde ha gjort det. Jublet tystnade bland \u00e5sk\u00e5darna i prideparaden i Stockholm n\u00e4r \u00a0judiska f\u00f6rsamlingens grupp passerade i paraden. Rabbinen i Malm\u00f6 har utsatts f\u00f6r b\u00e5de hot och direkta attacker, Stefan L\u00f6vens balanserade Facebookinl\u00e4gg bem\u00f6ttes av gr\u00e4nsl\u00f6st m\u00e5nga antisemitiska kommentarer, hakkors och antisemitiska foremuleringar har sprayats och m\u00e5lats p\u00e5 olika byggnader o s v. Hoten mot judar i Sverige har \u00f6kat s\u00e5 kraftigt att man f\u00e5tt ekonomiska medel beslutade av regeringen f\u00f6r att bland annat st\u00e4rka s\u00e4kerheten. \u00a0Det \u00e4r fasansfullt! Vi f\u00e5r inte tiga!<\/p>\n<p>I kyrkans sammanhang m\u00e5ste vi bli mycket mer medvetna om att vi \u00a0genom d\u00e5lig f\u00f6rkunnelse och exegetisk okunnighet g\u00f6der antisemitismen och sp\u00e4der p\u00e5 f\u00f6rdomar. \u00a0De teologiska institutionerna inom universiteten i Sverige och Svenska kyrkans profilutbildningar beh\u00f6ver f\u00f6rdjupa studenternas kunskap g\u00e4llande texttolkning och ers\u00e4ttningsteologi. Jag hoppas ocks\u00e5 att det kommande kyrkom\u00f6tet, i sitt novembersammantr\u00e4de, vill fatta beslut som gynnar kampen mot antisemitism. Det finns flera motioner som m\u00f6jligg\u00f6r detta. Kyrkans f\u00f6rkunnelse \u00a0m\u00e5ste sk\u00e4rpas s\u00e5 att vi ser att det glada budskapet om skapelse, befrielse och liv genomsyrar hela Bibeln och genomsyrar b\u00e5de judendom och kristendom. Det finns bara en Gud, inte en gammaltestamentlig och en nytestamentlig. Det finns bara en Gud, inte en judisk och en kristen och en muslimsk. Det finns bara en Gud som har skapat oss alla till sina barn och som \u00e4lskar oss alla gr\u00e4nsl\u00f6st. D\u00e4rf\u00f6r kan vi gl\u00e4djas med v\u00e5ra judiska br\u00f6der och systrar och st\u00e5 upp f\u00f6r och v\u00e4rna deras r\u00e4tt att vara dem de \u00e4r liksom vi kristna f\u00e5r leva v\u00e5rt kristna liv med v\u00e5r kristna bek\u00e4nnelse och handling i respekt och stolthet, i dialog och trohet.<\/p>\n<p>Ingen antisemitism \u00e4r f\u00f6rsvarbar, oavsett om den kommer fr\u00e5n etniskt svenskt h\u00e5ll eller fr\u00e5n annat h\u00e5ll. All antisemitism m\u00e5ste bek\u00e4mpas h\u00f6gt och tydligt! Det borde vara en sj\u00e4lvklarhet i Sverige idag. Det \u00e4r det dock inte! D\u00e4rf\u00f6r m\u00e5ste vi tillsammans st\u00e5 upp, oerh\u00f6rt tydligt!<\/p>\n","protected":false},"excerpt":{"rendered":"<p>G\u00e5ng p\u00e5 g\u00e5ng har vi kunnat l\u00e4sa, b\u00e5de p\u00e5 Facebook och i tidningar om antisemitismens framfart i Sverige. M\u00e5nga s\u00e4ger att det har sin grund i Israels regerings beslut i konflikten med Hamas. I det resonemanget blandar man ihop begreppet &#8221;judar&#8221; med att vara demokratiskt folkvald politiker i Israel. Jo, det sitter judar i Knesset [&hellip;]<\/p>\n","protected":false},"author":108,"featured_media":0,"comment_status":"open","ping_status":"open","sticky":false,"template":"","format":"standard","meta":{"_acf_changed":false,"footnotes":""},"categories":[9],"tags":[],"class_list":["post-1581","post","type-post","status-publish","format-standard","hentry","category-okategoriserade"],"acf":[],"yoast_head":"<!-- This site is optimized with the Yoast SEO plugin v27.1.1 - https:\/\/yoast.com\/product\/yoast-seo-wordpress\/ -->\n<title>Antisemitismen m\u00e5ste bek\u00e4mpas! - \u00c5ke Bonnier<\/title>\n<meta name=\"robots\" content=\"index, follow, max-snippet:-1, max-image-preview:large, max-video-preview:-1\" \/>\n<link rel=\"canonical\" href=\"https:\/\/blogg.svenskakyrkan.se\/akebonnier\/2014\/08\/11\/antisemitismen-maste-bekampas\/\" \/>\n<meta property=\"og:locale\" content=\"sv_SE\" \/>\n<meta property=\"og:type\" content=\"article\" \/>\n<meta property=\"og:title\" content=\"Antisemitismen m\u00e5ste bek\u00e4mpas! - \u00c5ke Bonnier\" \/>\n<meta property=\"og:description\" content=\"G\u00e5ng p\u00e5 g\u00e5ng har vi kunnat l\u00e4sa, b\u00e5de p\u00e5 Facebook och i tidningar om antisemitismens framfart i Sverige. M\u00e5nga s\u00e4ger att det har sin grund i Israels regerings beslut i konflikten med Hamas. I det resonemanget blandar man ihop begreppet &#8221;judar&#8221; med att vara demokratiskt folkvald politiker i Israel. Jo, det sitter judar i Knesset [&hellip;]\" \/>\n<meta property=\"og:url\" content=\"https:\/\/blogg.svenskakyrkan.se\/akebonnier\/2014\/08\/11\/antisemitismen-maste-bekampas\/\" \/>\n<meta property=\"og:site_name\" content=\"\u00c5ke Bonnier\" \/>\n<meta property=\"article:published_time\" content=\"2014-08-11T07:54:09+00:00\" \/>\n<meta property=\"article:modified_time\" content=\"2014-08-11T08:15:53+00:00\" \/>\n<meta name=\"author\" content=\"\u00c5ke Bonnier\" \/>\n<meta name=\"twitter:card\" content=\"summary_large_image\" \/>\n<meta name=\"twitter:label1\" content=\"Skriven av\" \/>\n\t<meta name=\"twitter:data1\" content=\"\u00c5ke Bonnier\" \/>\n\t<meta name=\"twitter:label2\" content=\"Ber\u00e4knad l\u00e4stid\" \/>\n\t<meta name=\"twitter:data2\" content=\"4 minuter\" \/>\n<script type=\"application\/ld+json\" class=\"yoast-schema-graph\">{\"@context\":\"https:\/\/schema.org\",\"@graph\":[{\"@type\":\"Article\",\"@id\":\"https:\/\/blogg.svenskakyrkan.se\/akebonnier\/2014\/08\/11\/antisemitismen-maste-bekampas\/#article\",\"isPartOf\":{\"@id\":\"https:\/\/blogg.svenskakyrkan.se\/akebonnier\/2014\/08\/11\/antisemitismen-maste-bekampas\/\"},\"author\":{\"name\":\"\u00c5ke Bonnier\",\"@id\":\"https:\/\/blogg.svenskakyrkan.se\/akebonnier\/#\/schema\/person\/8db68bc0c94f6a5a62df2d4486ff1343\"},\"headline\":\"Antisemitismen m\u00e5ste bek\u00e4mpas!\",\"datePublished\":\"2014-08-11T07:54:09+00:00\",\"dateModified\":\"2014-08-11T08:15:53+00:00\",\"mainEntityOfPage\":{\"@id\":\"https:\/\/blogg.svenskakyrkan.se\/akebonnier\/2014\/08\/11\/antisemitismen-maste-bekampas\/\"},\"wordCount\":712,\"commentCount\":106,\"inLanguage\":\"sv-SE\",\"potentialAction\":[{\"@type\":\"CommentAction\",\"name\":\"Comment\",\"target\":[\"https:\/\/blogg.svenskakyrkan.se\/akebonnier\/2014\/08\/11\/antisemitismen-maste-bekampas\/#respond\"]}]},{\"@type\":\"WebPage\",\"@id\":\"https:\/\/blogg.svenskakyrkan.se\/akebonnier\/2014\/08\/11\/antisemitismen-maste-bekampas\/\",\"url\":\"https:\/\/blogg.svenskakyrkan.se\/akebonnier\/2014\/08\/11\/antisemitismen-maste-bekampas\/\",\"name\":\"Antisemitismen m\u00e5ste bek\u00e4mpas! - \u00c5ke Bonnier\",\"isPartOf\":{\"@id\":\"https:\/\/blogg.svenskakyrkan.se\/akebonnier\/#website\"},\"datePublished\":\"2014-08-11T07:54:09+00:00\",\"dateModified\":\"2014-08-11T08:15:53+00:00\",\"author\":{\"@id\":\"https:\/\/blogg.svenskakyrkan.se\/akebonnier\/#\/schema\/person\/8db68bc0c94f6a5a62df2d4486ff1343\"},\"breadcrumb\":{\"@id\":\"https:\/\/blogg.svenskakyrkan.se\/akebonnier\/2014\/08\/11\/antisemitismen-maste-bekampas\/#breadcrumb\"},\"inLanguage\":\"sv-SE\",\"potentialAction\":[{\"@type\":\"ReadAction\",\"target\":[\"https:\/\/blogg.svenskakyrkan.se\/akebonnier\/2014\/08\/11\/antisemitismen-maste-bekampas\/\"]}]},{\"@type\":\"BreadcrumbList\",\"@id\":\"https:\/\/blogg.svenskakyrkan.se\/akebonnier\/2014\/08\/11\/antisemitismen-maste-bekampas\/#breadcrumb\",\"itemListElement\":[{\"@type\":\"ListItem\",\"position\":1,\"name\":\"Hem\",\"item\":\"https:\/\/blogg.svenskakyrkan.se\/akebonnier\/\"},{\"@type\":\"ListItem\",\"position\":2,\"name\":\"Antisemitismen m\u00e5ste bek\u00e4mpas!\"}]},{\"@type\":\"WebSite\",\"@id\":\"https:\/\/blogg.svenskakyrkan.se\/akebonnier\/#website\",\"url\":\"https:\/\/blogg.svenskakyrkan.se\/akebonnier\/\",\"name\":\"\u00c5ke Bonnier\",\"description\":\"Biskop i Svenska kyrkan - Skara stift\",\"potentialAction\":[{\"@type\":\"SearchAction\",\"target\":{\"@type\":\"EntryPoint\",\"urlTemplate\":\"https:\/\/blogg.svenskakyrkan.se\/akebonnier\/?s={search_term_string}\"},\"query-input\":{\"@type\":\"PropertyValueSpecification\",\"valueRequired\":true,\"valueName\":\"search_term_string\"}}],\"inLanguage\":\"sv-SE\"},{\"@type\":\"Person\",\"@id\":\"https:\/\/blogg.svenskakyrkan.se\/akebonnier\/#\/schema\/person\/8db68bc0c94f6a5a62df2d4486ff1343\",\"name\":\"\u00c5ke Bonnier\",\"image\":{\"@type\":\"ImageObject\",\"inLanguage\":\"sv-SE\",\"@id\":\"https:\/\/blogg.svenskakyrkan.se\/akebonnier\/#\/schema\/person\/image\/\",\"url\":\"https:\/\/secure.gravatar.com\/avatar\/b88264736bb0bc0d1ea92298aef02c9f98cfc13c7484130c42c663ae484f9462?s=96&d=mm&r=g\",\"contentUrl\":\"https:\/\/secure.gravatar.com\/avatar\/b88264736bb0bc0d1ea92298aef02c9f98cfc13c7484130c42c663ae484f9462?s=96&d=mm&r=g\",\"caption\":\"\u00c5ke Bonnier\"},\"description\":\"Jag \u00e4r gift och har tv\u00e5 vuxna d\u00f6ttrar. Pr\u00e4stvigdes 1984 och biskopsvigs 26 augusti 2012 . Jag har tidigare bland annat varit, komminister och kyrkoherde i Liding\u00f6 f\u00f6rsamling och domprost i Stockholms domkyrkof\u00f6rsamling. Jag \u00e4r intresserad av konst, litteratur, teater, film. Jag tr\u00e4nar regelbundet p\u00e5 gym. Mitt huvudsakliga musikintresse \u00e4r klassisk musik men ocks\u00e5 Beatles, Elvis Presley, Monika Zettelund, Povel Ramel och m\u00e5nga andra tycker jag om att lyssna p\u00e5. Jag l\u00e4ser f\u00f6r lite sk\u00f6nlitteratur beroende p\u00e5 annat som jag m\u00e5ste l\u00e4sa i mitt uppdrag som biskop. Men jag \u00e4lskar b\u00f6cker. Naturligtvis l\u00e4ser jag n\u00e4st intill dagligdags i \\\"B\u00f6ckernas Bok.\\\"\",\"sameAs\":[\"http:\/\/www.skarastift.se\"],\"url\":\"https:\/\/blogg.svenskakyrkan.se\/akebonnier\/author\/akebonnier\/\"}]}<\/script>\n<!-- \/ Yoast SEO plugin. -->","yoast_head_json":{"title":"Antisemitismen m\u00e5ste bek\u00e4mpas! - \u00c5ke Bonnier","robots":{"index":"index","follow":"follow","max-snippet":"max-snippet:-1","max-image-preview":"max-image-preview:large","max-video-preview":"max-video-preview:-1"},"canonical":"https:\/\/blogg.svenskakyrkan.se\/akebonnier\/2014\/08\/11\/antisemitismen-maste-bekampas\/","og_locale":"sv_SE","og_type":"article","og_title":"Antisemitismen m\u00e5ste bek\u00e4mpas! - \u00c5ke Bonnier","og_description":"G\u00e5ng p\u00e5 g\u00e5ng har vi kunnat l\u00e4sa, b\u00e5de p\u00e5 Facebook och i tidningar om antisemitismens framfart i Sverige. M\u00e5nga s\u00e4ger att det har sin grund i Israels regerings beslut i konflikten med Hamas. I det resonemanget blandar man ihop begreppet &#8221;judar&#8221; med att vara demokratiskt folkvald politiker i Israel. Jo, det sitter judar i Knesset [&hellip;]","og_url":"https:\/\/blogg.svenskakyrkan.se\/akebonnier\/2014\/08\/11\/antisemitismen-maste-bekampas\/","og_site_name":"\u00c5ke Bonnier","article_published_time":"2014-08-11T07:54:09+00:00","article_modified_time":"2014-08-11T08:15:53+00:00","author":"\u00c5ke Bonnier","twitter_card":"summary_large_image","twitter_misc":{"Skriven av":"\u00c5ke Bonnier","Ber\u00e4knad l\u00e4stid":"4 minuter"},"schema":{"@context":"https:\/\/schema.org","@graph":[{"@type":"Article","@id":"https:\/\/blogg.svenskakyrkan.se\/akebonnier\/2014\/08\/11\/antisemitismen-maste-bekampas\/#article","isPartOf":{"@id":"https:\/\/blogg.svenskakyrkan.se\/akebonnier\/2014\/08\/11\/antisemitismen-maste-bekampas\/"},"author":{"name":"\u00c5ke Bonnier","@id":"https:\/\/blogg.svenskakyrkan.se\/akebonnier\/#\/schema\/person\/8db68bc0c94f6a5a62df2d4486ff1343"},"headline":"Antisemitismen m\u00e5ste bek\u00e4mpas!","datePublished":"2014-08-11T07:54:09+00:00","dateModified":"2014-08-11T08:15:53+00:00","mainEntityOfPage":{"@id":"https:\/\/blogg.svenskakyrkan.se\/akebonnier\/2014\/08\/11\/antisemitismen-maste-bekampas\/"},"wordCount":712,"commentCount":106,"inLanguage":"sv-SE","potentialAction":[{"@type":"CommentAction","name":"Comment","target":["https:\/\/blogg.svenskakyrkan.se\/akebonnier\/2014\/08\/11\/antisemitismen-maste-bekampas\/#respond"]}]},{"@type":"WebPage","@id":"https:\/\/blogg.svenskakyrkan.se\/akebonnier\/2014\/08\/11\/antisemitismen-maste-bekampas\/","url":"https:\/\/blogg.svenskakyrkan.se\/akebonnier\/2014\/08\/11\/antisemitismen-maste-bekampas\/","name":"Antisemitismen m\u00e5ste bek\u00e4mpas! - \u00c5ke Bonnier","isPartOf":{"@id":"https:\/\/blogg.svenskakyrkan.se\/akebonnier\/#website"},"datePublished":"2014-08-11T07:54:09+00:00","dateModified":"2014-08-11T08:15:53+00:00","author":{"@id":"https:\/\/blogg.svenskakyrkan.se\/akebonnier\/#\/schema\/person\/8db68bc0c94f6a5a62df2d4486ff1343"},"breadcrumb":{"@id":"https:\/\/blogg.svenskakyrkan.se\/akebonnier\/2014\/08\/11\/antisemitismen-maste-bekampas\/#breadcrumb"},"inLanguage":"sv-SE","potentialAction":[{"@type":"ReadAction","target":["https:\/\/blogg.svenskakyrkan.se\/akebonnier\/2014\/08\/11\/antisemitismen-maste-bekampas\/"]}]},{"@type":"BreadcrumbList","@id":"https:\/\/blogg.svenskakyrkan.se\/akebonnier\/2014\/08\/11\/antisemitismen-maste-bekampas\/#breadcrumb","itemListElement":[{"@type":"ListItem","position":1,"name":"Hem","item":"https:\/\/blogg.svenskakyrkan.se\/akebonnier\/"},{"@type":"ListItem","position":2,"name":"Antisemitismen m\u00e5ste bek\u00e4mpas!"}]},{"@type":"WebSite","@id":"https:\/\/blogg.svenskakyrkan.se\/akebonnier\/#website","url":"https:\/\/blogg.svenskakyrkan.se\/akebonnier\/","name":"\u00c5ke Bonnier","description":"Biskop i Svenska kyrkan - Skara stift","potentialAction":[{"@type":"SearchAction","target":{"@type":"EntryPoint","urlTemplate":"https:\/\/blogg.svenskakyrkan.se\/akebonnier\/?s={search_term_string}"},"query-input":{"@type":"PropertyValueSpecification","valueRequired":true,"valueName":"search_term_string"}}],"inLanguage":"sv-SE"},{"@type":"Person","@id":"https:\/\/blogg.svenskakyrkan.se\/akebonnier\/#\/schema\/person\/8db68bc0c94f6a5a62df2d4486ff1343","name":"\u00c5ke Bonnier","image":{"@type":"ImageObject","inLanguage":"sv-SE","@id":"https:\/\/blogg.svenskakyrkan.se\/akebonnier\/#\/schema\/person\/image\/","url":"https:\/\/secure.gravatar.com\/avatar\/b88264736bb0bc0d1ea92298aef02c9f98cfc13c7484130c42c663ae484f9462?s=96&d=mm&r=g","contentUrl":"https:\/\/secure.gravatar.com\/avatar\/b88264736bb0bc0d1ea92298aef02c9f98cfc13c7484130c42c663ae484f9462?s=96&d=mm&r=g","caption":"\u00c5ke Bonnier"},"description":"Jag \u00e4r gift och har tv\u00e5 vuxna d\u00f6ttrar. Pr\u00e4stvigdes 1984 och biskopsvigs 26 augusti 2012 . Jag har tidigare bland annat varit, komminister och kyrkoherde i Liding\u00f6 f\u00f6rsamling och domprost i Stockholms domkyrkof\u00f6rsamling. Jag \u00e4r intresserad av konst, litteratur, teater, film. Jag tr\u00e4nar regelbundet p\u00e5 gym. Mitt huvudsakliga musikintresse \u00e4r klassisk musik men ocks\u00e5 Beatles, Elvis Presley, Monika Zettelund, Povel Ramel och m\u00e5nga andra tycker jag om att lyssna p\u00e5. Jag l\u00e4ser f\u00f6r lite sk\u00f6nlitteratur beroende p\u00e5 annat som jag m\u00e5ste l\u00e4sa i mitt uppdrag som biskop. Men jag \u00e4lskar b\u00f6cker. Naturligtvis l\u00e4ser jag n\u00e4st intill dagligdags i \"B\u00f6ckernas Bok.\"","sameAs":["http:\/\/www.skarastift.se"],"url":"https:\/\/blogg.svenskakyrkan.se\/akebonnier\/author\/akebonnier\/"}]}},"author_meta":{"ID":"108","user_nicename":"akebonnier","user_url":"http:\/\/www.skarastift.se","user_registered":"2011-10-11 09:24:48","display_name":"\u00c5ke Bonnier","first_name":"\u00c5ke","last_name":"Bonnier","avatar":"https:\/\/secure.gravatar.com\/avatar\/b88264736bb0bc0d1ea92298aef02c9f98cfc13c7484130c42c663ae484f9462?s=96&d=mm&r=g"},"featured_image":false,"bloginfo":{"name":"\u00c5ke Bonnier","url":"https:\/\/blogg.svenskakyrkan.se\/akebonnier"},"_links":{"self":[{"href":"https:\/\/blogg.svenskakyrkan.se\/akebonnier\/wp-json\/wp\/v2\/posts\/1581","targetHints":{"allow":["GET"]}}],"collection":[{"href":"https:\/\/blogg.svenskakyrkan.se\/akebonnier\/wp-json\/wp\/v2\/posts"}],"about":[{"href":"https:\/\/blogg.svenskakyrkan.se\/akebonnier\/wp-json\/wp\/v2\/types\/post"}],"author":[{"embeddable":true,"href":"https:\/\/blogg.svenskakyrkan.se\/akebonnier\/wp-json\/wp\/v2\/users\/108"}],"replies":[{"embeddable":true,"href":"https:\/\/blogg.svenskakyrkan.se\/akebonnier\/wp-json\/wp\/v2\/comments?post=1581"}],"version-history":[{"count":8,"href":"https:\/\/blogg.svenskakyrkan.se\/akebonnier\/wp-json\/wp\/v2\/posts\/1581\/revisions"}],"predecessor-version":[{"id":1589,"href":"https:\/\/blogg.svenskakyrkan.se\/akebonnier\/wp-json\/wp\/v2\/posts\/1581\/revisions\/1589"}],"wp:attachment":[{"href":"https:\/\/blogg.svenskakyrkan.se\/akebonnier\/wp-json\/wp\/v2\/media?parent=1581"}],"wp:term":[{"taxonomy":"category","embeddable":true,"href":"https:\/\/blogg.svenskakyrkan.se\/akebonnier\/wp-json\/wp\/v2\/categories?post=1581"},{"taxonomy":"post_tag","embeddable":true,"href":"https:\/\/blogg.svenskakyrkan.se\/akebonnier\/wp-json\/wp\/v2\/tags?post=1581"}],"curies":[{"name":"wp","href":"https:\/\/api.w.org\/{rel}","templated":true}]}}