{"id":225,"date":"2009-04-19T19:01:00","date_gmt":"2009-04-19T19:01:00","guid":{"rendered":"http:\/\/blogg.svenskakyrkan.se\/akebonnier\/2009\/04\/19\/kyrkkaffe-utan-kyrka\/"},"modified":"2009-04-19T19:01:00","modified_gmt":"2009-04-19T19:01:00","slug":"kyrkkaffe-utan-kyrka","status":"publish","type":"post","link":"https:\/\/blogg.svenskakyrkan.se\/akebonnier\/2009\/04\/19\/kyrkkaffe-utan-kyrka\/","title":{"rendered":"Kyrkkaffe utan kyrka."},"content":{"rendered":"<p>Idag p\u00e5 f\u00f6rmiddagen skulle hustrun och jag bege oss till den lilla sk\u00e4rg\u00e5rdskyrkan f\u00f6r att fira s\u00f6ndagsm\u00e4ssa. Den ligger 6 km fr\u00e5n v\u00e5rt sk\u00e4rg\u00e5rdshus s\u00e5 d\u00e4rf\u00f6r tog vi bilen. Glada i h\u00e5gen skulle vi f\u00e5 fira m\u00e4ssa under temat &#8221;P\u00e5skens vittnen&#8221;. F\u00f6r s\u00e4kerhets skull hade hustrun hittat uppgifter p\u00e5 en hemsida om att gudstj\u00e4nsten skulle b\u00f6rja kl. 11.00 och dessutom stod pr\u00e4stens namn plus ett namn till. N\u00e4r vi parkerat bilen n\u00e4ra ett s\u00f6ndags\u00f6ppet konditori gick vi fram till kyrkan som s\u00e5g st\u00e4ngd ut. N\u00e5gra konfirmander (tror jag) satt p\u00e5 en b\u00e4nk utanf\u00f6r och tittade p\u00e5 oss. Jag undrar om de var r\u00e4dda f\u00f6r att jag skulle \u00f6ppna kyrkan och leda gudstj\u00e4nsten, f\u00f6r kyrkan var l\u00e5st och tillbommad. Konstigt, sa vi till varandra, gick tillbaka till anslagstavlan och s\u00e5g d\u00e5 till v\u00e5r f\u00f6rskr\u00e4ckelse att gudstj\u00e4nsten var sammanlyst med en annan kyrka i kontraktet flera mil fr\u00e5n den kyrka d\u00e4r vi nu befann oss. Vi gav upp och irriterade och besvikna k\u00f6pte vi morgontidningen och drack v\u00e5rt kyrkkaffe utan kyrka i det tidigare passerade konditoriet d\u00e4r vi tr\u00e4ffade Amelia och den ingifte morbror Gunnar. Konstigt att det inte stod p\u00e5 n\u00e5gon hemsida att gudstj\u00e4nsten var sammanlyst. Bara p\u00e5skglada affischer som man m\u00e5ste se p\u00e5 n\u00e4ra h\u00e5ll f\u00f6r att ta till sig informationen.<br \/>I v\u00e5rt datoriserade samh\u00e4lle \u00e4r det a och o att ha en uppdaterad hemsida d\u00e4r <strong>aktuell<\/strong> information ges &#8211; ocks\u00e5 d\u00e5 en kyrka m\u00e5ste sammanlysas.<\/p>\n<p>Sen fick vi ist\u00e4llet fira m\u00e4ssa i S:t Jacobs kyrka p\u00e5 kv\u00e4llen med International Church in Stockholm (ICS). Nick Howe ledde den m\u00e4ssan som var v\u00e4ldigt fin. S\u00e5 det gick i slut\u00e4nden ingen n\u00f6d p\u00e5 oss \u00e4ven om vi nu inte fick dela den lokala sk\u00e4rg\u00e5rdsf\u00f6rsamlingens gudstj\u00e4nstliv.<\/p>\n<div class=\"blogger-post-footer\"><img width='1' height='1' src='https:\/\/blogger.googleusercontent.com\/tracker\/9055441369901436026-7136107973166387468?l=akebonnier.blogspot.com' alt='' \/><\/div>\n","protected":false},"excerpt":{"rendered":"<p>Idag p\u00e5 f\u00f6rmiddagen skulle hustrun och jag bege oss till den lilla sk\u00e4rg\u00e5rdskyrkan f\u00f6r att fira s\u00f6ndagsm\u00e4ssa. Den ligger 6 km fr\u00e5n v\u00e5rt sk\u00e4rg\u00e5rdshus s\u00e5 d\u00e4rf\u00f6r tog vi bilen. Glada i h\u00e5gen skulle vi f\u00e5 fira m\u00e4ssa under temat &#8221;P\u00e5skens vittnen&#8221;. F\u00f6r s\u00e4kerhets skull hade hustrun hittat uppgifter p\u00e5 en hemsida om att gudstj\u00e4nsten skulle [&hellip;]<\/p>\n","protected":false},"author":108,"featured_media":0,"comment_status":"open","ping_status":"open","sticky":false,"template":"","format":"standard","meta":{"_acf_changed":false,"footnotes":""},"categories":[16199],"tags":[],"class_list":["post-225","post","type-post","status-publish","format-standard","hentry","category-kyrkkaffe-utan-kyrka"],"acf":[],"yoast_head":"<!-- This site is optimized with the Yoast SEO plugin v27.1.1 - https:\/\/yoast.com\/product\/yoast-seo-wordpress\/ -->\n<title>Kyrkkaffe utan kyrka. - \u00c5ke Bonnier<\/title>\n<meta name=\"robots\" content=\"index, follow, max-snippet:-1, max-image-preview:large, max-video-preview:-1\" \/>\n<link rel=\"canonical\" href=\"https:\/\/blogg.svenskakyrkan.se\/akebonnier\/2009\/04\/19\/kyrkkaffe-utan-kyrka\/\" \/>\n<meta property=\"og:locale\" content=\"sv_SE\" \/>\n<meta property=\"og:type\" content=\"article\" \/>\n<meta property=\"og:title\" content=\"Kyrkkaffe utan kyrka. - \u00c5ke Bonnier\" \/>\n<meta property=\"og:description\" content=\"Idag p\u00e5 f\u00f6rmiddagen skulle hustrun och jag bege oss till den lilla sk\u00e4rg\u00e5rdskyrkan f\u00f6r att fira s\u00f6ndagsm\u00e4ssa. Den ligger 6 km fr\u00e5n v\u00e5rt sk\u00e4rg\u00e5rdshus s\u00e5 d\u00e4rf\u00f6r tog vi bilen. Glada i h\u00e5gen skulle vi f\u00e5 fira m\u00e4ssa under temat &#8221;P\u00e5skens vittnen&#8221;. F\u00f6r s\u00e4kerhets skull hade hustrun hittat uppgifter p\u00e5 en hemsida om att gudstj\u00e4nsten skulle [&hellip;]\" \/>\n<meta property=\"og:url\" content=\"https:\/\/blogg.svenskakyrkan.se\/akebonnier\/2009\/04\/19\/kyrkkaffe-utan-kyrka\/\" \/>\n<meta property=\"og:site_name\" content=\"\u00c5ke Bonnier\" \/>\n<meta property=\"article:published_time\" content=\"2009-04-19T19:01:00+00:00\" \/>\n<meta property=\"og:image\" content=\"https:\/\/blogger.googleusercontent.com\/tracker\/9055441369901436026-7136107973166387468?l=akebonnier.blogspot.com\" \/>\n<meta name=\"author\" content=\"\u00c5ke Bonnier\" \/>\n<meta name=\"twitter:card\" content=\"summary_large_image\" \/>\n<meta name=\"twitter:label1\" content=\"Skriven av\" \/>\n\t<meta name=\"twitter:data1\" content=\"\u00c5ke Bonnier\" \/>\n\t<meta name=\"twitter:label2\" content=\"Ber\u00e4knad l\u00e4stid\" \/>\n\t<meta name=\"twitter:data2\" content=\"2 minuter\" \/>\n<script type=\"application\/ld+json\" class=\"yoast-schema-graph\">{\"@context\":\"https:\/\/schema.org\",\"@graph\":[{\"@type\":\"Article\",\"@id\":\"https:\/\/blogg.svenskakyrkan.se\/akebonnier\/2009\/04\/19\/kyrkkaffe-utan-kyrka\/#article\",\"isPartOf\":{\"@id\":\"https:\/\/blogg.svenskakyrkan.se\/akebonnier\/2009\/04\/19\/kyrkkaffe-utan-kyrka\/\"},\"author\":{\"name\":\"\u00c5ke Bonnier\",\"@id\":\"https:\/\/blogg.svenskakyrkan.se\/akebonnier\/#\/schema\/person\/8db68bc0c94f6a5a62df2d4486ff1343\"},\"headline\":\"Kyrkkaffe utan kyrka.\",\"datePublished\":\"2009-04-19T19:01:00+00:00\",\"mainEntityOfPage\":{\"@id\":\"https:\/\/blogg.svenskakyrkan.se\/akebonnier\/2009\/04\/19\/kyrkkaffe-utan-kyrka\/\"},\"wordCount\":352,\"commentCount\":0,\"image\":{\"@id\":\"https:\/\/blogg.svenskakyrkan.se\/akebonnier\/2009\/04\/19\/kyrkkaffe-utan-kyrka\/#primaryimage\"},\"thumbnailUrl\":\"https:\/\/blogger.googleusercontent.com\/tracker\/9055441369901436026-7136107973166387468?l=akebonnier.blogspot.com\",\"articleSection\":[\"Kyrkkaffe utan kyrka\"],\"inLanguage\":\"sv-SE\",\"potentialAction\":[{\"@type\":\"CommentAction\",\"name\":\"Comment\",\"target\":[\"https:\/\/blogg.svenskakyrkan.se\/akebonnier\/2009\/04\/19\/kyrkkaffe-utan-kyrka\/#respond\"]}]},{\"@type\":\"WebPage\",\"@id\":\"https:\/\/blogg.svenskakyrkan.se\/akebonnier\/2009\/04\/19\/kyrkkaffe-utan-kyrka\/\",\"url\":\"https:\/\/blogg.svenskakyrkan.se\/akebonnier\/2009\/04\/19\/kyrkkaffe-utan-kyrka\/\",\"name\":\"Kyrkkaffe utan kyrka. - \u00c5ke Bonnier\",\"isPartOf\":{\"@id\":\"https:\/\/blogg.svenskakyrkan.se\/akebonnier\/#website\"},\"primaryImageOfPage\":{\"@id\":\"https:\/\/blogg.svenskakyrkan.se\/akebonnier\/2009\/04\/19\/kyrkkaffe-utan-kyrka\/#primaryimage\"},\"image\":{\"@id\":\"https:\/\/blogg.svenskakyrkan.se\/akebonnier\/2009\/04\/19\/kyrkkaffe-utan-kyrka\/#primaryimage\"},\"thumbnailUrl\":\"https:\/\/blogger.googleusercontent.com\/tracker\/9055441369901436026-7136107973166387468?l=akebonnier.blogspot.com\",\"datePublished\":\"2009-04-19T19:01:00+00:00\",\"author\":{\"@id\":\"https:\/\/blogg.svenskakyrkan.se\/akebonnier\/#\/schema\/person\/8db68bc0c94f6a5a62df2d4486ff1343\"},\"breadcrumb\":{\"@id\":\"https:\/\/blogg.svenskakyrkan.se\/akebonnier\/2009\/04\/19\/kyrkkaffe-utan-kyrka\/#breadcrumb\"},\"inLanguage\":\"sv-SE\",\"potentialAction\":[{\"@type\":\"ReadAction\",\"target\":[\"https:\/\/blogg.svenskakyrkan.se\/akebonnier\/2009\/04\/19\/kyrkkaffe-utan-kyrka\/\"]}]},{\"@type\":\"ImageObject\",\"inLanguage\":\"sv-SE\",\"@id\":\"https:\/\/blogg.svenskakyrkan.se\/akebonnier\/2009\/04\/19\/kyrkkaffe-utan-kyrka\/#primaryimage\",\"url\":\"https:\/\/blogger.googleusercontent.com\/tracker\/9055441369901436026-7136107973166387468?l=akebonnier.blogspot.com\",\"contentUrl\":\"https:\/\/blogger.googleusercontent.com\/tracker\/9055441369901436026-7136107973166387468?l=akebonnier.blogspot.com\"},{\"@type\":\"BreadcrumbList\",\"@id\":\"https:\/\/blogg.svenskakyrkan.se\/akebonnier\/2009\/04\/19\/kyrkkaffe-utan-kyrka\/#breadcrumb\",\"itemListElement\":[{\"@type\":\"ListItem\",\"position\":1,\"name\":\"Hem\",\"item\":\"https:\/\/blogg.svenskakyrkan.se\/akebonnier\/\"},{\"@type\":\"ListItem\",\"position\":2,\"name\":\"Kyrkkaffe utan kyrka.\"}]},{\"@type\":\"WebSite\",\"@id\":\"https:\/\/blogg.svenskakyrkan.se\/akebonnier\/#website\",\"url\":\"https:\/\/blogg.svenskakyrkan.se\/akebonnier\/\",\"name\":\"\u00c5ke Bonnier\",\"description\":\"Biskop i Svenska kyrkan - Skara stift\",\"potentialAction\":[{\"@type\":\"SearchAction\",\"target\":{\"@type\":\"EntryPoint\",\"urlTemplate\":\"https:\/\/blogg.svenskakyrkan.se\/akebonnier\/?s={search_term_string}\"},\"query-input\":{\"@type\":\"PropertyValueSpecification\",\"valueRequired\":true,\"valueName\":\"search_term_string\"}}],\"inLanguage\":\"sv-SE\"},{\"@type\":\"Person\",\"@id\":\"https:\/\/blogg.svenskakyrkan.se\/akebonnier\/#\/schema\/person\/8db68bc0c94f6a5a62df2d4486ff1343\",\"name\":\"\u00c5ke Bonnier\",\"image\":{\"@type\":\"ImageObject\",\"inLanguage\":\"sv-SE\",\"@id\":\"https:\/\/blogg.svenskakyrkan.se\/akebonnier\/#\/schema\/person\/image\/\",\"url\":\"https:\/\/secure.gravatar.com\/avatar\/b88264736bb0bc0d1ea92298aef02c9f98cfc13c7484130c42c663ae484f9462?s=96&d=mm&r=g\",\"contentUrl\":\"https:\/\/secure.gravatar.com\/avatar\/b88264736bb0bc0d1ea92298aef02c9f98cfc13c7484130c42c663ae484f9462?s=96&d=mm&r=g\",\"caption\":\"\u00c5ke Bonnier\"},\"description\":\"Jag \u00e4r gift och har tv\u00e5 vuxna d\u00f6ttrar. Pr\u00e4stvigdes 1984 och biskopsvigs 26 augusti 2012 . Jag har tidigare bland annat varit, komminister och kyrkoherde i Liding\u00f6 f\u00f6rsamling och domprost i Stockholms domkyrkof\u00f6rsamling. Jag \u00e4r intresserad av konst, litteratur, teater, film. Jag tr\u00e4nar regelbundet p\u00e5 gym. Mitt huvudsakliga musikintresse \u00e4r klassisk musik men ocks\u00e5 Beatles, Elvis Presley, Monika Zettelund, Povel Ramel och m\u00e5nga andra tycker jag om att lyssna p\u00e5. Jag l\u00e4ser f\u00f6r lite sk\u00f6nlitteratur beroende p\u00e5 annat som jag m\u00e5ste l\u00e4sa i mitt uppdrag som biskop. Men jag \u00e4lskar b\u00f6cker. Naturligtvis l\u00e4ser jag n\u00e4st intill dagligdags i \\\"B\u00f6ckernas Bok.\\\"\",\"sameAs\":[\"http:\/\/www.skarastift.se\"],\"url\":\"https:\/\/blogg.svenskakyrkan.se\/akebonnier\/author\/akebonnier\/\"}]}<\/script>\n<!-- \/ Yoast SEO plugin. -->","yoast_head_json":{"title":"Kyrkkaffe utan kyrka. - \u00c5ke Bonnier","robots":{"index":"index","follow":"follow","max-snippet":"max-snippet:-1","max-image-preview":"max-image-preview:large","max-video-preview":"max-video-preview:-1"},"canonical":"https:\/\/blogg.svenskakyrkan.se\/akebonnier\/2009\/04\/19\/kyrkkaffe-utan-kyrka\/","og_locale":"sv_SE","og_type":"article","og_title":"Kyrkkaffe utan kyrka. - \u00c5ke Bonnier","og_description":"Idag p\u00e5 f\u00f6rmiddagen skulle hustrun och jag bege oss till den lilla sk\u00e4rg\u00e5rdskyrkan f\u00f6r att fira s\u00f6ndagsm\u00e4ssa. Den ligger 6 km fr\u00e5n v\u00e5rt sk\u00e4rg\u00e5rdshus s\u00e5 d\u00e4rf\u00f6r tog vi bilen. Glada i h\u00e5gen skulle vi f\u00e5 fira m\u00e4ssa under temat &#8221;P\u00e5skens vittnen&#8221;. F\u00f6r s\u00e4kerhets skull hade hustrun hittat uppgifter p\u00e5 en hemsida om att gudstj\u00e4nsten skulle [&hellip;]","og_url":"https:\/\/blogg.svenskakyrkan.se\/akebonnier\/2009\/04\/19\/kyrkkaffe-utan-kyrka\/","og_site_name":"\u00c5ke Bonnier","article_published_time":"2009-04-19T19:01:00+00:00","og_image":[{"url":"https:\/\/blogger.googleusercontent.com\/tracker\/9055441369901436026-7136107973166387468?l=akebonnier.blogspot.com","type":"","width":"","height":""}],"author":"\u00c5ke Bonnier","twitter_card":"summary_large_image","twitter_misc":{"Skriven av":"\u00c5ke Bonnier","Ber\u00e4knad l\u00e4stid":"2 minuter"},"schema":{"@context":"https:\/\/schema.org","@graph":[{"@type":"Article","@id":"https:\/\/blogg.svenskakyrkan.se\/akebonnier\/2009\/04\/19\/kyrkkaffe-utan-kyrka\/#article","isPartOf":{"@id":"https:\/\/blogg.svenskakyrkan.se\/akebonnier\/2009\/04\/19\/kyrkkaffe-utan-kyrka\/"},"author":{"name":"\u00c5ke Bonnier","@id":"https:\/\/blogg.svenskakyrkan.se\/akebonnier\/#\/schema\/person\/8db68bc0c94f6a5a62df2d4486ff1343"},"headline":"Kyrkkaffe utan kyrka.","datePublished":"2009-04-19T19:01:00+00:00","mainEntityOfPage":{"@id":"https:\/\/blogg.svenskakyrkan.se\/akebonnier\/2009\/04\/19\/kyrkkaffe-utan-kyrka\/"},"wordCount":352,"commentCount":0,"image":{"@id":"https:\/\/blogg.svenskakyrkan.se\/akebonnier\/2009\/04\/19\/kyrkkaffe-utan-kyrka\/#primaryimage"},"thumbnailUrl":"https:\/\/blogger.googleusercontent.com\/tracker\/9055441369901436026-7136107973166387468?l=akebonnier.blogspot.com","articleSection":["Kyrkkaffe utan kyrka"],"inLanguage":"sv-SE","potentialAction":[{"@type":"CommentAction","name":"Comment","target":["https:\/\/blogg.svenskakyrkan.se\/akebonnier\/2009\/04\/19\/kyrkkaffe-utan-kyrka\/#respond"]}]},{"@type":"WebPage","@id":"https:\/\/blogg.svenskakyrkan.se\/akebonnier\/2009\/04\/19\/kyrkkaffe-utan-kyrka\/","url":"https:\/\/blogg.svenskakyrkan.se\/akebonnier\/2009\/04\/19\/kyrkkaffe-utan-kyrka\/","name":"Kyrkkaffe utan kyrka. - \u00c5ke Bonnier","isPartOf":{"@id":"https:\/\/blogg.svenskakyrkan.se\/akebonnier\/#website"},"primaryImageOfPage":{"@id":"https:\/\/blogg.svenskakyrkan.se\/akebonnier\/2009\/04\/19\/kyrkkaffe-utan-kyrka\/#primaryimage"},"image":{"@id":"https:\/\/blogg.svenskakyrkan.se\/akebonnier\/2009\/04\/19\/kyrkkaffe-utan-kyrka\/#primaryimage"},"thumbnailUrl":"https:\/\/blogger.googleusercontent.com\/tracker\/9055441369901436026-7136107973166387468?l=akebonnier.blogspot.com","datePublished":"2009-04-19T19:01:00+00:00","author":{"@id":"https:\/\/blogg.svenskakyrkan.se\/akebonnier\/#\/schema\/person\/8db68bc0c94f6a5a62df2d4486ff1343"},"breadcrumb":{"@id":"https:\/\/blogg.svenskakyrkan.se\/akebonnier\/2009\/04\/19\/kyrkkaffe-utan-kyrka\/#breadcrumb"},"inLanguage":"sv-SE","potentialAction":[{"@type":"ReadAction","target":["https:\/\/blogg.svenskakyrkan.se\/akebonnier\/2009\/04\/19\/kyrkkaffe-utan-kyrka\/"]}]},{"@type":"ImageObject","inLanguage":"sv-SE","@id":"https:\/\/blogg.svenskakyrkan.se\/akebonnier\/2009\/04\/19\/kyrkkaffe-utan-kyrka\/#primaryimage","url":"https:\/\/blogger.googleusercontent.com\/tracker\/9055441369901436026-7136107973166387468?l=akebonnier.blogspot.com","contentUrl":"https:\/\/blogger.googleusercontent.com\/tracker\/9055441369901436026-7136107973166387468?l=akebonnier.blogspot.com"},{"@type":"BreadcrumbList","@id":"https:\/\/blogg.svenskakyrkan.se\/akebonnier\/2009\/04\/19\/kyrkkaffe-utan-kyrka\/#breadcrumb","itemListElement":[{"@type":"ListItem","position":1,"name":"Hem","item":"https:\/\/blogg.svenskakyrkan.se\/akebonnier\/"},{"@type":"ListItem","position":2,"name":"Kyrkkaffe utan kyrka."}]},{"@type":"WebSite","@id":"https:\/\/blogg.svenskakyrkan.se\/akebonnier\/#website","url":"https:\/\/blogg.svenskakyrkan.se\/akebonnier\/","name":"\u00c5ke Bonnier","description":"Biskop i Svenska kyrkan - Skara stift","potentialAction":[{"@type":"SearchAction","target":{"@type":"EntryPoint","urlTemplate":"https:\/\/blogg.svenskakyrkan.se\/akebonnier\/?s={search_term_string}"},"query-input":{"@type":"PropertyValueSpecification","valueRequired":true,"valueName":"search_term_string"}}],"inLanguage":"sv-SE"},{"@type":"Person","@id":"https:\/\/blogg.svenskakyrkan.se\/akebonnier\/#\/schema\/person\/8db68bc0c94f6a5a62df2d4486ff1343","name":"\u00c5ke Bonnier","image":{"@type":"ImageObject","inLanguage":"sv-SE","@id":"https:\/\/blogg.svenskakyrkan.se\/akebonnier\/#\/schema\/person\/image\/","url":"https:\/\/secure.gravatar.com\/avatar\/b88264736bb0bc0d1ea92298aef02c9f98cfc13c7484130c42c663ae484f9462?s=96&d=mm&r=g","contentUrl":"https:\/\/secure.gravatar.com\/avatar\/b88264736bb0bc0d1ea92298aef02c9f98cfc13c7484130c42c663ae484f9462?s=96&d=mm&r=g","caption":"\u00c5ke Bonnier"},"description":"Jag \u00e4r gift och har tv\u00e5 vuxna d\u00f6ttrar. Pr\u00e4stvigdes 1984 och biskopsvigs 26 augusti 2012 . Jag har tidigare bland annat varit, komminister och kyrkoherde i Liding\u00f6 f\u00f6rsamling och domprost i Stockholms domkyrkof\u00f6rsamling. Jag \u00e4r intresserad av konst, litteratur, teater, film. Jag tr\u00e4nar regelbundet p\u00e5 gym. Mitt huvudsakliga musikintresse \u00e4r klassisk musik men ocks\u00e5 Beatles, Elvis Presley, Monika Zettelund, Povel Ramel och m\u00e5nga andra tycker jag om att lyssna p\u00e5. Jag l\u00e4ser f\u00f6r lite sk\u00f6nlitteratur beroende p\u00e5 annat som jag m\u00e5ste l\u00e4sa i mitt uppdrag som biskop. Men jag \u00e4lskar b\u00f6cker. Naturligtvis l\u00e4ser jag n\u00e4st intill dagligdags i \"B\u00f6ckernas Bok.\"","sameAs":["http:\/\/www.skarastift.se"],"url":"https:\/\/blogg.svenskakyrkan.se\/akebonnier\/author\/akebonnier\/"}]}},"author_meta":{"ID":"108","user_nicename":"akebonnier","user_url":"http:\/\/www.skarastift.se","user_registered":"2011-10-11 09:24:48","display_name":"\u00c5ke Bonnier","first_name":"\u00c5ke","last_name":"Bonnier","avatar":"https:\/\/secure.gravatar.com\/avatar\/b88264736bb0bc0d1ea92298aef02c9f98cfc13c7484130c42c663ae484f9462?s=96&d=mm&r=g"},"featured_image":false,"bloginfo":{"name":"\u00c5ke Bonnier","url":"https:\/\/blogg.svenskakyrkan.se\/akebonnier"},"_links":{"self":[{"href":"https:\/\/blogg.svenskakyrkan.se\/akebonnier\/wp-json\/wp\/v2\/posts\/225","targetHints":{"allow":["GET"]}}],"collection":[{"href":"https:\/\/blogg.svenskakyrkan.se\/akebonnier\/wp-json\/wp\/v2\/posts"}],"about":[{"href":"https:\/\/blogg.svenskakyrkan.se\/akebonnier\/wp-json\/wp\/v2\/types\/post"}],"author":[{"embeddable":true,"href":"https:\/\/blogg.svenskakyrkan.se\/akebonnier\/wp-json\/wp\/v2\/users\/108"}],"replies":[{"embeddable":true,"href":"https:\/\/blogg.svenskakyrkan.se\/akebonnier\/wp-json\/wp\/v2\/comments?post=225"}],"version-history":[{"count":0,"href":"https:\/\/blogg.svenskakyrkan.se\/akebonnier\/wp-json\/wp\/v2\/posts\/225\/revisions"}],"wp:attachment":[{"href":"https:\/\/blogg.svenskakyrkan.se\/akebonnier\/wp-json\/wp\/v2\/media?parent=225"}],"wp:term":[{"taxonomy":"category","embeddable":true,"href":"https:\/\/blogg.svenskakyrkan.se\/akebonnier\/wp-json\/wp\/v2\/categories?post=225"},{"taxonomy":"post_tag","embeddable":true,"href":"https:\/\/blogg.svenskakyrkan.se\/akebonnier\/wp-json\/wp\/v2\/tags?post=225"}],"curies":[{"name":"wp","href":"https:\/\/api.w.org\/{rel}","templated":true}]}}