{"id":226,"date":"2009-04-21T08:52:00","date_gmt":"2009-04-21T08:52:00","guid":{"rendered":"http:\/\/blogg.svenskakyrkan.se\/akebonnier\/2009\/04\/21\/antisemitism-nej\/"},"modified":"2009-04-21T08:52:00","modified_gmt":"2009-04-21T08:52:00","slug":"antisemitism-nej","status":"publish","type":"post","link":"https:\/\/blogg.svenskakyrkan.se\/akebonnier\/2009\/04\/21\/antisemitism-nej\/","title":{"rendered":"Antisemitism &#8211; nej!!!"},"content":{"rendered":"<p>FN-konferensens misslyckande \u00e4r djupt tragiskt! Det \u00e4r tydligt att antisemitismen fortfarande frodas. Man anar en \u00f6nskan om Israels ickeexistens bakom den iranske presidentens tal. Det var hedrande att s\u00e5 m\u00e5nga EU-diplomater l\u00e4mnade salen n\u00e4r <span class=\"blsp-spelling-error\">Mahmoud<\/span> <span class=\"blsp-spelling-error\">Ahmadinejad<\/span> h\u00f6ll sitt <span class=\"blsp-spelling-error\">vederv\u00e4rdiga<\/span> tal.<\/p>\n<p>Men <span class=\"blsp-spelling-corrected\">antisemitism<\/span> \u00e4r inte bara ett internationellt fenomen. Antisemitismens fula tryne dyker upp ocks\u00e5 p\u00e5 hemmafronten med j\u00e4mna mellanrum. De gamla nazistiska och fr\u00e4mlingsfientliga <span class=\"blsp-spelling-error\">schablonerna<\/span> om m\u00e4nniskor av annan tro, annat ursprung har vi inte gjort upp med i Sverige.<br \/>I en av v\u00e5ra psalmer i psalmboken st\u00e5r det: &#8221;och \u00e4nd\u00e5 \u00e4r det murar oss emellan och genom gallren ser vi p\u00e5 varann. V\u00e5rt f\u00e4ngelse \u00e4r byggt av r\u00e4dslans stenar. V\u00e5r f\u00e5ngdr\u00e4kt \u00e4r v\u00e5rt eget knutna jag&#8221; (Psalm 289 vers 3). Den psalmen speglar m\u00e5ngas syn p\u00e5 flyktingar och invandrare i Sverige. Antisemitismen och <span class=\"blsp-spelling-error\">fr\u00e4mligsfientligheten<\/span> finns mitt ibland oss, <span class=\"blsp-spelling-corrected\">pr\u00e4glad<\/span> av r\u00e4dsla, pr\u00e4glad av okunnighet, pr\u00e4glad av v\u00e5r of\u00f6rm\u00e5ga att se p\u00e5 varandra som medm\u00e4nniskor.<\/p>\n<p>Kampen mot fr\u00e4mlingsfientlighet och antisemitism m\u00e5ste tydligg\u00f6ras och r\u00f6ster m\u00e5ste h\u00f6jas. Varje <span class=\"blsp-spelling-error\">tillstymmelse<\/span> till dylikt el\u00e4nde borde kort sagt motarbetas.<\/p>\n<div class=\"blogger-post-footer\"><img width='1' height='1' src='https:\/\/blogger.googleusercontent.com\/tracker\/9055441369901436026-7733563438794818992?l=akebonnier.blogspot.com' alt='' \/><\/div>\n","protected":false},"excerpt":{"rendered":"<p>FN-konferensens misslyckande \u00e4r djupt tragiskt! Det \u00e4r tydligt att antisemitismen fortfarande frodas. Man anar en \u00f6nskan om Israels ickeexistens bakom den iranske presidentens tal. Det var hedrande att s\u00e5 m\u00e5nga EU-diplomater l\u00e4mnade salen n\u00e4r Mahmoud Ahmadinejad h\u00f6ll sitt vederv\u00e4rdiga tal. Men antisemitism \u00e4r inte bara ett internationellt fenomen. Antisemitismens fula tryne dyker upp ocks\u00e5 p\u00e5 [&hellip;]<\/p>\n","protected":false},"author":108,"featured_media":0,"comment_status":"open","ping_status":"open","sticky":false,"template":"","format":"standard","meta":{"_acf_changed":false,"footnotes":""},"categories":[16200],"tags":[],"class_list":["post-226","post","type-post","status-publish","format-standard","hentry","category-antisemitism-nej"],"acf":[],"yoast_head":"<!-- This site is optimized with the Yoast SEO plugin v27.1.1 - https:\/\/yoast.com\/product\/yoast-seo-wordpress\/ -->\n<title>Antisemitism - nej!!! - \u00c5ke Bonnier<\/title>\n<meta name=\"robots\" content=\"index, follow, max-snippet:-1, max-image-preview:large, max-video-preview:-1\" \/>\n<link rel=\"canonical\" href=\"https:\/\/blogg.svenskakyrkan.se\/akebonnier\/2009\/04\/21\/antisemitism-nej\/\" \/>\n<meta property=\"og:locale\" content=\"sv_SE\" \/>\n<meta property=\"og:type\" content=\"article\" \/>\n<meta property=\"og:title\" content=\"Antisemitism - nej!!! - \u00c5ke Bonnier\" \/>\n<meta property=\"og:description\" content=\"FN-konferensens misslyckande \u00e4r djupt tragiskt! Det \u00e4r tydligt att antisemitismen fortfarande frodas. Man anar en \u00f6nskan om Israels ickeexistens bakom den iranske presidentens tal. Det var hedrande att s\u00e5 m\u00e5nga EU-diplomater l\u00e4mnade salen n\u00e4r Mahmoud Ahmadinejad h\u00f6ll sitt vederv\u00e4rdiga tal. Men antisemitism \u00e4r inte bara ett internationellt fenomen. Antisemitismens fula tryne dyker upp ocks\u00e5 p\u00e5 [&hellip;]\" \/>\n<meta property=\"og:url\" content=\"https:\/\/blogg.svenskakyrkan.se\/akebonnier\/2009\/04\/21\/antisemitism-nej\/\" \/>\n<meta property=\"og:site_name\" content=\"\u00c5ke Bonnier\" \/>\n<meta property=\"article:published_time\" content=\"2009-04-21T08:52:00+00:00\" \/>\n<meta property=\"og:image\" content=\"https:\/\/blogger.googleusercontent.com\/tracker\/9055441369901436026-7733563438794818992?l=akebonnier.blogspot.com\" \/>\n<meta name=\"author\" content=\"\u00c5ke Bonnier\" \/>\n<meta name=\"twitter:card\" content=\"summary_large_image\" \/>\n<meta name=\"twitter:label1\" content=\"Skriven av\" \/>\n\t<meta name=\"twitter:data1\" content=\"\u00c5ke Bonnier\" \/>\n\t<meta name=\"twitter:label2\" content=\"Ber\u00e4knad l\u00e4stid\" \/>\n\t<meta name=\"twitter:data2\" content=\"1 minut\" \/>\n<script type=\"application\/ld+json\" class=\"yoast-schema-graph\">{\"@context\":\"https:\/\/schema.org\",\"@graph\":[{\"@type\":\"Article\",\"@id\":\"https:\/\/blogg.svenskakyrkan.se\/akebonnier\/2009\/04\/21\/antisemitism-nej\/#article\",\"isPartOf\":{\"@id\":\"https:\/\/blogg.svenskakyrkan.se\/akebonnier\/2009\/04\/21\/antisemitism-nej\/\"},\"author\":{\"name\":\"\u00c5ke Bonnier\",\"@id\":\"https:\/\/blogg.svenskakyrkan.se\/akebonnier\/#\/schema\/person\/8db68bc0c94f6a5a62df2d4486ff1343\"},\"headline\":\"Antisemitism &#8211; nej!!!\",\"datePublished\":\"2009-04-21T08:52:00+00:00\",\"mainEntityOfPage\":{\"@id\":\"https:\/\/blogg.svenskakyrkan.se\/akebonnier\/2009\/04\/21\/antisemitism-nej\/\"},\"wordCount\":210,\"commentCount\":2,\"image\":{\"@id\":\"https:\/\/blogg.svenskakyrkan.se\/akebonnier\/2009\/04\/21\/antisemitism-nej\/#primaryimage\"},\"thumbnailUrl\":\"https:\/\/blogger.googleusercontent.com\/tracker\/9055441369901436026-7733563438794818992?l=akebonnier.blogspot.com\",\"articleSection\":[\"Antisemitism - nej\"],\"inLanguage\":\"sv-SE\",\"potentialAction\":[{\"@type\":\"CommentAction\",\"name\":\"Comment\",\"target\":[\"https:\/\/blogg.svenskakyrkan.se\/akebonnier\/2009\/04\/21\/antisemitism-nej\/#respond\"]}]},{\"@type\":\"WebPage\",\"@id\":\"https:\/\/blogg.svenskakyrkan.se\/akebonnier\/2009\/04\/21\/antisemitism-nej\/\",\"url\":\"https:\/\/blogg.svenskakyrkan.se\/akebonnier\/2009\/04\/21\/antisemitism-nej\/\",\"name\":\"Antisemitism - nej!!! - \u00c5ke Bonnier\",\"isPartOf\":{\"@id\":\"https:\/\/blogg.svenskakyrkan.se\/akebonnier\/#website\"},\"primaryImageOfPage\":{\"@id\":\"https:\/\/blogg.svenskakyrkan.se\/akebonnier\/2009\/04\/21\/antisemitism-nej\/#primaryimage\"},\"image\":{\"@id\":\"https:\/\/blogg.svenskakyrkan.se\/akebonnier\/2009\/04\/21\/antisemitism-nej\/#primaryimage\"},\"thumbnailUrl\":\"https:\/\/blogger.googleusercontent.com\/tracker\/9055441369901436026-7733563438794818992?l=akebonnier.blogspot.com\",\"datePublished\":\"2009-04-21T08:52:00+00:00\",\"author\":{\"@id\":\"https:\/\/blogg.svenskakyrkan.se\/akebonnier\/#\/schema\/person\/8db68bc0c94f6a5a62df2d4486ff1343\"},\"breadcrumb\":{\"@id\":\"https:\/\/blogg.svenskakyrkan.se\/akebonnier\/2009\/04\/21\/antisemitism-nej\/#breadcrumb\"},\"inLanguage\":\"sv-SE\",\"potentialAction\":[{\"@type\":\"ReadAction\",\"target\":[\"https:\/\/blogg.svenskakyrkan.se\/akebonnier\/2009\/04\/21\/antisemitism-nej\/\"]}]},{\"@type\":\"ImageObject\",\"inLanguage\":\"sv-SE\",\"@id\":\"https:\/\/blogg.svenskakyrkan.se\/akebonnier\/2009\/04\/21\/antisemitism-nej\/#primaryimage\",\"url\":\"https:\/\/blogger.googleusercontent.com\/tracker\/9055441369901436026-7733563438794818992?l=akebonnier.blogspot.com\",\"contentUrl\":\"https:\/\/blogger.googleusercontent.com\/tracker\/9055441369901436026-7733563438794818992?l=akebonnier.blogspot.com\"},{\"@type\":\"BreadcrumbList\",\"@id\":\"https:\/\/blogg.svenskakyrkan.se\/akebonnier\/2009\/04\/21\/antisemitism-nej\/#breadcrumb\",\"itemListElement\":[{\"@type\":\"ListItem\",\"position\":1,\"name\":\"Hem\",\"item\":\"https:\/\/blogg.svenskakyrkan.se\/akebonnier\/\"},{\"@type\":\"ListItem\",\"position\":2,\"name\":\"Antisemitism &#8211; nej!!!\"}]},{\"@type\":\"WebSite\",\"@id\":\"https:\/\/blogg.svenskakyrkan.se\/akebonnier\/#website\",\"url\":\"https:\/\/blogg.svenskakyrkan.se\/akebonnier\/\",\"name\":\"\u00c5ke Bonnier\",\"description\":\"Biskop i Svenska kyrkan - Skara stift\",\"potentialAction\":[{\"@type\":\"SearchAction\",\"target\":{\"@type\":\"EntryPoint\",\"urlTemplate\":\"https:\/\/blogg.svenskakyrkan.se\/akebonnier\/?s={search_term_string}\"},\"query-input\":{\"@type\":\"PropertyValueSpecification\",\"valueRequired\":true,\"valueName\":\"search_term_string\"}}],\"inLanguage\":\"sv-SE\"},{\"@type\":\"Person\",\"@id\":\"https:\/\/blogg.svenskakyrkan.se\/akebonnier\/#\/schema\/person\/8db68bc0c94f6a5a62df2d4486ff1343\",\"name\":\"\u00c5ke Bonnier\",\"image\":{\"@type\":\"ImageObject\",\"inLanguage\":\"sv-SE\",\"@id\":\"https:\/\/blogg.svenskakyrkan.se\/akebonnier\/#\/schema\/person\/image\/\",\"url\":\"https:\/\/secure.gravatar.com\/avatar\/b88264736bb0bc0d1ea92298aef02c9f98cfc13c7484130c42c663ae484f9462?s=96&d=mm&r=g\",\"contentUrl\":\"https:\/\/secure.gravatar.com\/avatar\/b88264736bb0bc0d1ea92298aef02c9f98cfc13c7484130c42c663ae484f9462?s=96&d=mm&r=g\",\"caption\":\"\u00c5ke Bonnier\"},\"description\":\"Jag \u00e4r gift och har tv\u00e5 vuxna d\u00f6ttrar. Pr\u00e4stvigdes 1984 och biskopsvigs 26 augusti 2012 . Jag har tidigare bland annat varit, komminister och kyrkoherde i Liding\u00f6 f\u00f6rsamling och domprost i Stockholms domkyrkof\u00f6rsamling. Jag \u00e4r intresserad av konst, litteratur, teater, film. Jag tr\u00e4nar regelbundet p\u00e5 gym. Mitt huvudsakliga musikintresse \u00e4r klassisk musik men ocks\u00e5 Beatles, Elvis Presley, Monika Zettelund, Povel Ramel och m\u00e5nga andra tycker jag om att lyssna p\u00e5. Jag l\u00e4ser f\u00f6r lite sk\u00f6nlitteratur beroende p\u00e5 annat som jag m\u00e5ste l\u00e4sa i mitt uppdrag som biskop. Men jag \u00e4lskar b\u00f6cker. Naturligtvis l\u00e4ser jag n\u00e4st intill dagligdags i \\\"B\u00f6ckernas Bok.\\\"\",\"sameAs\":[\"http:\/\/www.skarastift.se\"],\"url\":\"https:\/\/blogg.svenskakyrkan.se\/akebonnier\/author\/akebonnier\/\"}]}<\/script>\n<!-- \/ Yoast SEO plugin. -->","yoast_head_json":{"title":"Antisemitism - nej!!! - \u00c5ke Bonnier","robots":{"index":"index","follow":"follow","max-snippet":"max-snippet:-1","max-image-preview":"max-image-preview:large","max-video-preview":"max-video-preview:-1"},"canonical":"https:\/\/blogg.svenskakyrkan.se\/akebonnier\/2009\/04\/21\/antisemitism-nej\/","og_locale":"sv_SE","og_type":"article","og_title":"Antisemitism - nej!!! - \u00c5ke Bonnier","og_description":"FN-konferensens misslyckande \u00e4r djupt tragiskt! Det \u00e4r tydligt att antisemitismen fortfarande frodas. Man anar en \u00f6nskan om Israels ickeexistens bakom den iranske presidentens tal. Det var hedrande att s\u00e5 m\u00e5nga EU-diplomater l\u00e4mnade salen n\u00e4r Mahmoud Ahmadinejad h\u00f6ll sitt vederv\u00e4rdiga tal. Men antisemitism \u00e4r inte bara ett internationellt fenomen. Antisemitismens fula tryne dyker upp ocks\u00e5 p\u00e5 [&hellip;]","og_url":"https:\/\/blogg.svenskakyrkan.se\/akebonnier\/2009\/04\/21\/antisemitism-nej\/","og_site_name":"\u00c5ke Bonnier","article_published_time":"2009-04-21T08:52:00+00:00","og_image":[{"url":"https:\/\/blogger.googleusercontent.com\/tracker\/9055441369901436026-7733563438794818992?l=akebonnier.blogspot.com","type":"","width":"","height":""}],"author":"\u00c5ke Bonnier","twitter_card":"summary_large_image","twitter_misc":{"Skriven av":"\u00c5ke Bonnier","Ber\u00e4knad l\u00e4stid":"1 minut"},"schema":{"@context":"https:\/\/schema.org","@graph":[{"@type":"Article","@id":"https:\/\/blogg.svenskakyrkan.se\/akebonnier\/2009\/04\/21\/antisemitism-nej\/#article","isPartOf":{"@id":"https:\/\/blogg.svenskakyrkan.se\/akebonnier\/2009\/04\/21\/antisemitism-nej\/"},"author":{"name":"\u00c5ke Bonnier","@id":"https:\/\/blogg.svenskakyrkan.se\/akebonnier\/#\/schema\/person\/8db68bc0c94f6a5a62df2d4486ff1343"},"headline":"Antisemitism &#8211; nej!!!","datePublished":"2009-04-21T08:52:00+00:00","mainEntityOfPage":{"@id":"https:\/\/blogg.svenskakyrkan.se\/akebonnier\/2009\/04\/21\/antisemitism-nej\/"},"wordCount":210,"commentCount":2,"image":{"@id":"https:\/\/blogg.svenskakyrkan.se\/akebonnier\/2009\/04\/21\/antisemitism-nej\/#primaryimage"},"thumbnailUrl":"https:\/\/blogger.googleusercontent.com\/tracker\/9055441369901436026-7733563438794818992?l=akebonnier.blogspot.com","articleSection":["Antisemitism - nej"],"inLanguage":"sv-SE","potentialAction":[{"@type":"CommentAction","name":"Comment","target":["https:\/\/blogg.svenskakyrkan.se\/akebonnier\/2009\/04\/21\/antisemitism-nej\/#respond"]}]},{"@type":"WebPage","@id":"https:\/\/blogg.svenskakyrkan.se\/akebonnier\/2009\/04\/21\/antisemitism-nej\/","url":"https:\/\/blogg.svenskakyrkan.se\/akebonnier\/2009\/04\/21\/antisemitism-nej\/","name":"Antisemitism - nej!!! - \u00c5ke Bonnier","isPartOf":{"@id":"https:\/\/blogg.svenskakyrkan.se\/akebonnier\/#website"},"primaryImageOfPage":{"@id":"https:\/\/blogg.svenskakyrkan.se\/akebonnier\/2009\/04\/21\/antisemitism-nej\/#primaryimage"},"image":{"@id":"https:\/\/blogg.svenskakyrkan.se\/akebonnier\/2009\/04\/21\/antisemitism-nej\/#primaryimage"},"thumbnailUrl":"https:\/\/blogger.googleusercontent.com\/tracker\/9055441369901436026-7733563438794818992?l=akebonnier.blogspot.com","datePublished":"2009-04-21T08:52:00+00:00","author":{"@id":"https:\/\/blogg.svenskakyrkan.se\/akebonnier\/#\/schema\/person\/8db68bc0c94f6a5a62df2d4486ff1343"},"breadcrumb":{"@id":"https:\/\/blogg.svenskakyrkan.se\/akebonnier\/2009\/04\/21\/antisemitism-nej\/#breadcrumb"},"inLanguage":"sv-SE","potentialAction":[{"@type":"ReadAction","target":["https:\/\/blogg.svenskakyrkan.se\/akebonnier\/2009\/04\/21\/antisemitism-nej\/"]}]},{"@type":"ImageObject","inLanguage":"sv-SE","@id":"https:\/\/blogg.svenskakyrkan.se\/akebonnier\/2009\/04\/21\/antisemitism-nej\/#primaryimage","url":"https:\/\/blogger.googleusercontent.com\/tracker\/9055441369901436026-7733563438794818992?l=akebonnier.blogspot.com","contentUrl":"https:\/\/blogger.googleusercontent.com\/tracker\/9055441369901436026-7733563438794818992?l=akebonnier.blogspot.com"},{"@type":"BreadcrumbList","@id":"https:\/\/blogg.svenskakyrkan.se\/akebonnier\/2009\/04\/21\/antisemitism-nej\/#breadcrumb","itemListElement":[{"@type":"ListItem","position":1,"name":"Hem","item":"https:\/\/blogg.svenskakyrkan.se\/akebonnier\/"},{"@type":"ListItem","position":2,"name":"Antisemitism &#8211; nej!!!"}]},{"@type":"WebSite","@id":"https:\/\/blogg.svenskakyrkan.se\/akebonnier\/#website","url":"https:\/\/blogg.svenskakyrkan.se\/akebonnier\/","name":"\u00c5ke Bonnier","description":"Biskop i Svenska kyrkan - Skara stift","potentialAction":[{"@type":"SearchAction","target":{"@type":"EntryPoint","urlTemplate":"https:\/\/blogg.svenskakyrkan.se\/akebonnier\/?s={search_term_string}"},"query-input":{"@type":"PropertyValueSpecification","valueRequired":true,"valueName":"search_term_string"}}],"inLanguage":"sv-SE"},{"@type":"Person","@id":"https:\/\/blogg.svenskakyrkan.se\/akebonnier\/#\/schema\/person\/8db68bc0c94f6a5a62df2d4486ff1343","name":"\u00c5ke Bonnier","image":{"@type":"ImageObject","inLanguage":"sv-SE","@id":"https:\/\/blogg.svenskakyrkan.se\/akebonnier\/#\/schema\/person\/image\/","url":"https:\/\/secure.gravatar.com\/avatar\/b88264736bb0bc0d1ea92298aef02c9f98cfc13c7484130c42c663ae484f9462?s=96&d=mm&r=g","contentUrl":"https:\/\/secure.gravatar.com\/avatar\/b88264736bb0bc0d1ea92298aef02c9f98cfc13c7484130c42c663ae484f9462?s=96&d=mm&r=g","caption":"\u00c5ke Bonnier"},"description":"Jag \u00e4r gift och har tv\u00e5 vuxna d\u00f6ttrar. Pr\u00e4stvigdes 1984 och biskopsvigs 26 augusti 2012 . Jag har tidigare bland annat varit, komminister och kyrkoherde i Liding\u00f6 f\u00f6rsamling och domprost i Stockholms domkyrkof\u00f6rsamling. Jag \u00e4r intresserad av konst, litteratur, teater, film. Jag tr\u00e4nar regelbundet p\u00e5 gym. Mitt huvudsakliga musikintresse \u00e4r klassisk musik men ocks\u00e5 Beatles, Elvis Presley, Monika Zettelund, Povel Ramel och m\u00e5nga andra tycker jag om att lyssna p\u00e5. Jag l\u00e4ser f\u00f6r lite sk\u00f6nlitteratur beroende p\u00e5 annat som jag m\u00e5ste l\u00e4sa i mitt uppdrag som biskop. Men jag \u00e4lskar b\u00f6cker. Naturligtvis l\u00e4ser jag n\u00e4st intill dagligdags i \"B\u00f6ckernas Bok.\"","sameAs":["http:\/\/www.skarastift.se"],"url":"https:\/\/blogg.svenskakyrkan.se\/akebonnier\/author\/akebonnier\/"}]}},"author_meta":{"ID":"108","user_nicename":"akebonnier","user_url":"http:\/\/www.skarastift.se","user_registered":"2011-10-11 09:24:48","display_name":"\u00c5ke Bonnier","first_name":"\u00c5ke","last_name":"Bonnier","avatar":"https:\/\/secure.gravatar.com\/avatar\/b88264736bb0bc0d1ea92298aef02c9f98cfc13c7484130c42c663ae484f9462?s=96&d=mm&r=g"},"featured_image":false,"bloginfo":{"name":"\u00c5ke Bonnier","url":"https:\/\/blogg.svenskakyrkan.se\/akebonnier"},"_links":{"self":[{"href":"https:\/\/blogg.svenskakyrkan.se\/akebonnier\/wp-json\/wp\/v2\/posts\/226","targetHints":{"allow":["GET"]}}],"collection":[{"href":"https:\/\/blogg.svenskakyrkan.se\/akebonnier\/wp-json\/wp\/v2\/posts"}],"about":[{"href":"https:\/\/blogg.svenskakyrkan.se\/akebonnier\/wp-json\/wp\/v2\/types\/post"}],"author":[{"embeddable":true,"href":"https:\/\/blogg.svenskakyrkan.se\/akebonnier\/wp-json\/wp\/v2\/users\/108"}],"replies":[{"embeddable":true,"href":"https:\/\/blogg.svenskakyrkan.se\/akebonnier\/wp-json\/wp\/v2\/comments?post=226"}],"version-history":[{"count":0,"href":"https:\/\/blogg.svenskakyrkan.se\/akebonnier\/wp-json\/wp\/v2\/posts\/226\/revisions"}],"wp:attachment":[{"href":"https:\/\/blogg.svenskakyrkan.se\/akebonnier\/wp-json\/wp\/v2\/media?parent=226"}],"wp:term":[{"taxonomy":"category","embeddable":true,"href":"https:\/\/blogg.svenskakyrkan.se\/akebonnier\/wp-json\/wp\/v2\/categories?post=226"},{"taxonomy":"post_tag","embeddable":true,"href":"https:\/\/blogg.svenskakyrkan.se\/akebonnier\/wp-json\/wp\/v2\/tags?post=226"}],"curies":[{"name":"wp","href":"https:\/\/api.w.org\/{rel}","templated":true}]}}