{"id":232,"date":"2009-05-01T18:25:00","date_gmt":"2009-05-01T18:25:00","guid":{"rendered":"http:\/\/blogg.svenskakyrkan.se\/akebonnier\/2009\/05\/01\/jesusmanifestationen-nu-drar-det-ihop-sig\/"},"modified":"2009-05-01T18:25:00","modified_gmt":"2009-05-01T18:25:00","slug":"jesusmanifestationen-nu-drar-det-ihop-sig","status":"publish","type":"post","link":"https:\/\/blogg.svenskakyrkan.se\/akebonnier\/2009\/05\/01\/jesusmanifestationen-nu-drar-det-ihop-sig\/","title":{"rendered":"Jesusmanifestationen &#8211; nu drar det ihop sig!"},"content":{"rendered":"<p>P\u00e5 tidningen Dagen (<a href=\"http:\/\/www.dagen.se\/\">www.dagen.se<\/a>) kan man l\u00e4sa direktrapporter fr\u00e5n Jesusmanifestationen. Egentligen har den redan &#8221;tjuvstartat&#8221; med m\u00f6ten p\u00e5 Sergelstorg. Men imorgon \u00e4r det som det &#8221;sm\u00e4ller&#8221;. I Storkyrkan firar vi sedvanlig f\u00f6rb\u00f6nsm\u00e4ssa kl 11.00 (V\u00e4lkomna)! 12.00 talar bl a G\u00f6ran Skytte p\u00e5 Stortorget och katolikerna h\u00e5ller till p\u00e5 Mynttorget d\u00e4r Focolarer\u00f6relsen finns representerad. Fler m\u00f6ten \u00e4ger rum p\u00e5 fler torg (<a href=\"http:\/\/www.jesusmanifestationen.se\/\">www.jesusmanifestationen.se<\/a>).<\/p>\n<p>Sj\u00e4lv gl\u00e4ds jag \u00f6ver denna gemensamma manifestation som fortfarande &#8221;bara&#8221; \u00e4r en manifestation F\u00d6R Jesus och inte mot Islam, Judendom etc&#8230;<\/p>\n<p>Jag kommer att vara med b\u00e5de bland folket p\u00e5 Stortorget, Mynttorget och i Kungstr\u00e4dg\u00e5rden kl 15.00. Tillsammans f\u00e5r vi manifestera v\u00e5r tro p\u00e5 v\u00e5r gemensamma (!) Herre. Sedan har vi olika tolkningar av Bibeln. Men det f\u00e5r vi leva med, arbeta mer med och vara lyh\u00f6rda f\u00f6r varandra, l\u00e4ra oss mer av varandra i full respekt.<\/p>\n<p>17.30 har vi en andakt i S:t Jacobs kyrka. Det kan vara sk\u00f6nt att f\u00e5 vara i stillhet efter allt det m\u00f6jligen &#8221;h\u00e4ftiga&#8221; i Kungstr\u00e4dg\u00e5rden.<\/p>\n<p>G\u00e5rdagen \u00e4r nu f\u00f6rbi och allt tjafs kring min persons n\u00e4rvaro i ledningsgruppen \u00e4r bortsopat. Nu f\u00e5r vi gl\u00e4djas ihop!<\/p>\n<p>Var med Du ocks\u00e5!<\/p>\n<div class=\"blogger-post-footer\"><img width='1' height='1' src='https:\/\/blogger.googleusercontent.com\/tracker\/9055441369901436026-7342537991387143795?l=akebonnier.blogspot.com' alt='' \/><\/div>\n","protected":false},"excerpt":{"rendered":"<p>P\u00e5 tidningen Dagen (www.dagen.se) kan man l\u00e4sa direktrapporter fr\u00e5n Jesusmanifestationen. Egentligen har den redan &#8221;tjuvstartat&#8221; med m\u00f6ten p\u00e5 Sergelstorg. Men imorgon \u00e4r det som det &#8221;sm\u00e4ller&#8221;. I Storkyrkan firar vi sedvanlig f\u00f6rb\u00f6nsm\u00e4ssa kl 11.00 (V\u00e4lkomna)! 12.00 talar bl a G\u00f6ran Skytte p\u00e5 Stortorget och katolikerna h\u00e5ller till p\u00e5 Mynttorget d\u00e4r Focolarer\u00f6relsen finns representerad. Fler m\u00f6ten [&hellip;]<\/p>\n","protected":false},"author":108,"featured_media":0,"comment_status":"open","ping_status":"open","sticky":false,"template":"","format":"standard","meta":{"_acf_changed":false,"footnotes":""},"categories":[16206],"tags":[],"class_list":["post-232","post","type-post","status-publish","format-standard","hentry","category-jesusmanifestationen-nu-drar-det-ihop-sig"],"acf":[],"yoast_head":"<!-- This site is optimized with the Yoast SEO plugin v27.1.1 - https:\/\/yoast.com\/product\/yoast-seo-wordpress\/ -->\n<title>Jesusmanifestationen - nu drar det ihop sig! - \u00c5ke Bonnier<\/title>\n<meta name=\"robots\" content=\"index, follow, max-snippet:-1, max-image-preview:large, max-video-preview:-1\" \/>\n<link rel=\"canonical\" href=\"https:\/\/blogg.svenskakyrkan.se\/akebonnier\/2009\/05\/01\/jesusmanifestationen-nu-drar-det-ihop-sig\/\" \/>\n<meta property=\"og:locale\" content=\"sv_SE\" \/>\n<meta property=\"og:type\" content=\"article\" \/>\n<meta property=\"og:title\" content=\"Jesusmanifestationen - nu drar det ihop sig! - \u00c5ke Bonnier\" \/>\n<meta property=\"og:description\" content=\"P\u00e5 tidningen Dagen (www.dagen.se) kan man l\u00e4sa direktrapporter fr\u00e5n Jesusmanifestationen. Egentligen har den redan &#8221;tjuvstartat&#8221; med m\u00f6ten p\u00e5 Sergelstorg. Men imorgon \u00e4r det som det &#8221;sm\u00e4ller&#8221;. I Storkyrkan firar vi sedvanlig f\u00f6rb\u00f6nsm\u00e4ssa kl 11.00 (V\u00e4lkomna)! 12.00 talar bl a G\u00f6ran Skytte p\u00e5 Stortorget och katolikerna h\u00e5ller till p\u00e5 Mynttorget d\u00e4r Focolarer\u00f6relsen finns representerad. Fler m\u00f6ten [&hellip;]\" \/>\n<meta property=\"og:url\" content=\"https:\/\/blogg.svenskakyrkan.se\/akebonnier\/2009\/05\/01\/jesusmanifestationen-nu-drar-det-ihop-sig\/\" \/>\n<meta property=\"og:site_name\" content=\"\u00c5ke Bonnier\" \/>\n<meta property=\"article:published_time\" content=\"2009-05-01T18:25:00+00:00\" \/>\n<meta property=\"og:image\" content=\"https:\/\/blogger.googleusercontent.com\/tracker\/9055441369901436026-7342537991387143795?l=akebonnier.blogspot.com\" \/>\n<meta name=\"author\" content=\"\u00c5ke Bonnier\" \/>\n<meta name=\"twitter:card\" content=\"summary_large_image\" \/>\n<meta name=\"twitter:label1\" content=\"Skriven av\" \/>\n\t<meta name=\"twitter:data1\" content=\"\u00c5ke Bonnier\" \/>\n\t<meta name=\"twitter:label2\" content=\"Ber\u00e4knad l\u00e4stid\" \/>\n\t<meta name=\"twitter:data2\" content=\"1 minut\" \/>\n<script type=\"application\/ld+json\" class=\"yoast-schema-graph\">{\"@context\":\"https:\/\/schema.org\",\"@graph\":[{\"@type\":\"Article\",\"@id\":\"https:\/\/blogg.svenskakyrkan.se\/akebonnier\/2009\/05\/01\/jesusmanifestationen-nu-drar-det-ihop-sig\/#article\",\"isPartOf\":{\"@id\":\"https:\/\/blogg.svenskakyrkan.se\/akebonnier\/2009\/05\/01\/jesusmanifestationen-nu-drar-det-ihop-sig\/\"},\"author\":{\"name\":\"\u00c5ke Bonnier\",\"@id\":\"https:\/\/blogg.svenskakyrkan.se\/akebonnier\/#\/schema\/person\/8db68bc0c94f6a5a62df2d4486ff1343\"},\"headline\":\"Jesusmanifestationen &#8211; nu drar det ihop sig!\",\"datePublished\":\"2009-05-01T18:25:00+00:00\",\"mainEntityOfPage\":{\"@id\":\"https:\/\/blogg.svenskakyrkan.se\/akebonnier\/2009\/05\/01\/jesusmanifestationen-nu-drar-det-ihop-sig\/\"},\"wordCount\":230,\"commentCount\":0,\"image\":{\"@id\":\"https:\/\/blogg.svenskakyrkan.se\/akebonnier\/2009\/05\/01\/jesusmanifestationen-nu-drar-det-ihop-sig\/#primaryimage\"},\"thumbnailUrl\":\"https:\/\/blogger.googleusercontent.com\/tracker\/9055441369901436026-7342537991387143795?l=akebonnier.blogspot.com\",\"articleSection\":[\"Jesusmanifestationen - nu drar det ihop sig\"],\"inLanguage\":\"sv-SE\",\"potentialAction\":[{\"@type\":\"CommentAction\",\"name\":\"Comment\",\"target\":[\"https:\/\/blogg.svenskakyrkan.se\/akebonnier\/2009\/05\/01\/jesusmanifestationen-nu-drar-det-ihop-sig\/#respond\"]}]},{\"@type\":\"WebPage\",\"@id\":\"https:\/\/blogg.svenskakyrkan.se\/akebonnier\/2009\/05\/01\/jesusmanifestationen-nu-drar-det-ihop-sig\/\",\"url\":\"https:\/\/blogg.svenskakyrkan.se\/akebonnier\/2009\/05\/01\/jesusmanifestationen-nu-drar-det-ihop-sig\/\",\"name\":\"Jesusmanifestationen - nu drar det ihop sig! - \u00c5ke Bonnier\",\"isPartOf\":{\"@id\":\"https:\/\/blogg.svenskakyrkan.se\/akebonnier\/#website\"},\"primaryImageOfPage\":{\"@id\":\"https:\/\/blogg.svenskakyrkan.se\/akebonnier\/2009\/05\/01\/jesusmanifestationen-nu-drar-det-ihop-sig\/#primaryimage\"},\"image\":{\"@id\":\"https:\/\/blogg.svenskakyrkan.se\/akebonnier\/2009\/05\/01\/jesusmanifestationen-nu-drar-det-ihop-sig\/#primaryimage\"},\"thumbnailUrl\":\"https:\/\/blogger.googleusercontent.com\/tracker\/9055441369901436026-7342537991387143795?l=akebonnier.blogspot.com\",\"datePublished\":\"2009-05-01T18:25:00+00:00\",\"author\":{\"@id\":\"https:\/\/blogg.svenskakyrkan.se\/akebonnier\/#\/schema\/person\/8db68bc0c94f6a5a62df2d4486ff1343\"},\"breadcrumb\":{\"@id\":\"https:\/\/blogg.svenskakyrkan.se\/akebonnier\/2009\/05\/01\/jesusmanifestationen-nu-drar-det-ihop-sig\/#breadcrumb\"},\"inLanguage\":\"sv-SE\",\"potentialAction\":[{\"@type\":\"ReadAction\",\"target\":[\"https:\/\/blogg.svenskakyrkan.se\/akebonnier\/2009\/05\/01\/jesusmanifestationen-nu-drar-det-ihop-sig\/\"]}]},{\"@type\":\"ImageObject\",\"inLanguage\":\"sv-SE\",\"@id\":\"https:\/\/blogg.svenskakyrkan.se\/akebonnier\/2009\/05\/01\/jesusmanifestationen-nu-drar-det-ihop-sig\/#primaryimage\",\"url\":\"https:\/\/blogger.googleusercontent.com\/tracker\/9055441369901436026-7342537991387143795?l=akebonnier.blogspot.com\",\"contentUrl\":\"https:\/\/blogger.googleusercontent.com\/tracker\/9055441369901436026-7342537991387143795?l=akebonnier.blogspot.com\"},{\"@type\":\"BreadcrumbList\",\"@id\":\"https:\/\/blogg.svenskakyrkan.se\/akebonnier\/2009\/05\/01\/jesusmanifestationen-nu-drar-det-ihop-sig\/#breadcrumb\",\"itemListElement\":[{\"@type\":\"ListItem\",\"position\":1,\"name\":\"Hem\",\"item\":\"https:\/\/blogg.svenskakyrkan.se\/akebonnier\/\"},{\"@type\":\"ListItem\",\"position\":2,\"name\":\"Jesusmanifestationen &#8211; nu drar det ihop sig!\"}]},{\"@type\":\"WebSite\",\"@id\":\"https:\/\/blogg.svenskakyrkan.se\/akebonnier\/#website\",\"url\":\"https:\/\/blogg.svenskakyrkan.se\/akebonnier\/\",\"name\":\"\u00c5ke Bonnier\",\"description\":\"Biskop i Svenska kyrkan - Skara stift\",\"potentialAction\":[{\"@type\":\"SearchAction\",\"target\":{\"@type\":\"EntryPoint\",\"urlTemplate\":\"https:\/\/blogg.svenskakyrkan.se\/akebonnier\/?s={search_term_string}\"},\"query-input\":{\"@type\":\"PropertyValueSpecification\",\"valueRequired\":true,\"valueName\":\"search_term_string\"}}],\"inLanguage\":\"sv-SE\"},{\"@type\":\"Person\",\"@id\":\"https:\/\/blogg.svenskakyrkan.se\/akebonnier\/#\/schema\/person\/8db68bc0c94f6a5a62df2d4486ff1343\",\"name\":\"\u00c5ke Bonnier\",\"image\":{\"@type\":\"ImageObject\",\"inLanguage\":\"sv-SE\",\"@id\":\"https:\/\/blogg.svenskakyrkan.se\/akebonnier\/#\/schema\/person\/image\/\",\"url\":\"https:\/\/secure.gravatar.com\/avatar\/b88264736bb0bc0d1ea92298aef02c9f98cfc13c7484130c42c663ae484f9462?s=96&d=mm&r=g\",\"contentUrl\":\"https:\/\/secure.gravatar.com\/avatar\/b88264736bb0bc0d1ea92298aef02c9f98cfc13c7484130c42c663ae484f9462?s=96&d=mm&r=g\",\"caption\":\"\u00c5ke Bonnier\"},\"description\":\"Jag \u00e4r gift och har tv\u00e5 vuxna d\u00f6ttrar. Pr\u00e4stvigdes 1984 och biskopsvigs 26 augusti 2012 . Jag har tidigare bland annat varit, komminister och kyrkoherde i Liding\u00f6 f\u00f6rsamling och domprost i Stockholms domkyrkof\u00f6rsamling. Jag \u00e4r intresserad av konst, litteratur, teater, film. Jag tr\u00e4nar regelbundet p\u00e5 gym. Mitt huvudsakliga musikintresse \u00e4r klassisk musik men ocks\u00e5 Beatles, Elvis Presley, Monika Zettelund, Povel Ramel och m\u00e5nga andra tycker jag om att lyssna p\u00e5. Jag l\u00e4ser f\u00f6r lite sk\u00f6nlitteratur beroende p\u00e5 annat som jag m\u00e5ste l\u00e4sa i mitt uppdrag som biskop. Men jag \u00e4lskar b\u00f6cker. Naturligtvis l\u00e4ser jag n\u00e4st intill dagligdags i \\\"B\u00f6ckernas Bok.\\\"\",\"sameAs\":[\"http:\/\/www.skarastift.se\"],\"url\":\"https:\/\/blogg.svenskakyrkan.se\/akebonnier\/author\/akebonnier\/\"}]}<\/script>\n<!-- \/ Yoast SEO plugin. -->","yoast_head_json":{"title":"Jesusmanifestationen - nu drar det ihop sig! - \u00c5ke Bonnier","robots":{"index":"index","follow":"follow","max-snippet":"max-snippet:-1","max-image-preview":"max-image-preview:large","max-video-preview":"max-video-preview:-1"},"canonical":"https:\/\/blogg.svenskakyrkan.se\/akebonnier\/2009\/05\/01\/jesusmanifestationen-nu-drar-det-ihop-sig\/","og_locale":"sv_SE","og_type":"article","og_title":"Jesusmanifestationen - nu drar det ihop sig! - \u00c5ke Bonnier","og_description":"P\u00e5 tidningen Dagen (www.dagen.se) kan man l\u00e4sa direktrapporter fr\u00e5n Jesusmanifestationen. Egentligen har den redan &#8221;tjuvstartat&#8221; med m\u00f6ten p\u00e5 Sergelstorg. Men imorgon \u00e4r det som det &#8221;sm\u00e4ller&#8221;. I Storkyrkan firar vi sedvanlig f\u00f6rb\u00f6nsm\u00e4ssa kl 11.00 (V\u00e4lkomna)! 12.00 talar bl a G\u00f6ran Skytte p\u00e5 Stortorget och katolikerna h\u00e5ller till p\u00e5 Mynttorget d\u00e4r Focolarer\u00f6relsen finns representerad. Fler m\u00f6ten [&hellip;]","og_url":"https:\/\/blogg.svenskakyrkan.se\/akebonnier\/2009\/05\/01\/jesusmanifestationen-nu-drar-det-ihop-sig\/","og_site_name":"\u00c5ke Bonnier","article_published_time":"2009-05-01T18:25:00+00:00","og_image":[{"url":"https:\/\/blogger.googleusercontent.com\/tracker\/9055441369901436026-7342537991387143795?l=akebonnier.blogspot.com","type":"","width":"","height":""}],"author":"\u00c5ke Bonnier","twitter_card":"summary_large_image","twitter_misc":{"Skriven av":"\u00c5ke Bonnier","Ber\u00e4knad l\u00e4stid":"1 minut"},"schema":{"@context":"https:\/\/schema.org","@graph":[{"@type":"Article","@id":"https:\/\/blogg.svenskakyrkan.se\/akebonnier\/2009\/05\/01\/jesusmanifestationen-nu-drar-det-ihop-sig\/#article","isPartOf":{"@id":"https:\/\/blogg.svenskakyrkan.se\/akebonnier\/2009\/05\/01\/jesusmanifestationen-nu-drar-det-ihop-sig\/"},"author":{"name":"\u00c5ke Bonnier","@id":"https:\/\/blogg.svenskakyrkan.se\/akebonnier\/#\/schema\/person\/8db68bc0c94f6a5a62df2d4486ff1343"},"headline":"Jesusmanifestationen &#8211; nu drar det ihop sig!","datePublished":"2009-05-01T18:25:00+00:00","mainEntityOfPage":{"@id":"https:\/\/blogg.svenskakyrkan.se\/akebonnier\/2009\/05\/01\/jesusmanifestationen-nu-drar-det-ihop-sig\/"},"wordCount":230,"commentCount":0,"image":{"@id":"https:\/\/blogg.svenskakyrkan.se\/akebonnier\/2009\/05\/01\/jesusmanifestationen-nu-drar-det-ihop-sig\/#primaryimage"},"thumbnailUrl":"https:\/\/blogger.googleusercontent.com\/tracker\/9055441369901436026-7342537991387143795?l=akebonnier.blogspot.com","articleSection":["Jesusmanifestationen - nu drar det ihop sig"],"inLanguage":"sv-SE","potentialAction":[{"@type":"CommentAction","name":"Comment","target":["https:\/\/blogg.svenskakyrkan.se\/akebonnier\/2009\/05\/01\/jesusmanifestationen-nu-drar-det-ihop-sig\/#respond"]}]},{"@type":"WebPage","@id":"https:\/\/blogg.svenskakyrkan.se\/akebonnier\/2009\/05\/01\/jesusmanifestationen-nu-drar-det-ihop-sig\/","url":"https:\/\/blogg.svenskakyrkan.se\/akebonnier\/2009\/05\/01\/jesusmanifestationen-nu-drar-det-ihop-sig\/","name":"Jesusmanifestationen - nu drar det ihop sig! - \u00c5ke Bonnier","isPartOf":{"@id":"https:\/\/blogg.svenskakyrkan.se\/akebonnier\/#website"},"primaryImageOfPage":{"@id":"https:\/\/blogg.svenskakyrkan.se\/akebonnier\/2009\/05\/01\/jesusmanifestationen-nu-drar-det-ihop-sig\/#primaryimage"},"image":{"@id":"https:\/\/blogg.svenskakyrkan.se\/akebonnier\/2009\/05\/01\/jesusmanifestationen-nu-drar-det-ihop-sig\/#primaryimage"},"thumbnailUrl":"https:\/\/blogger.googleusercontent.com\/tracker\/9055441369901436026-7342537991387143795?l=akebonnier.blogspot.com","datePublished":"2009-05-01T18:25:00+00:00","author":{"@id":"https:\/\/blogg.svenskakyrkan.se\/akebonnier\/#\/schema\/person\/8db68bc0c94f6a5a62df2d4486ff1343"},"breadcrumb":{"@id":"https:\/\/blogg.svenskakyrkan.se\/akebonnier\/2009\/05\/01\/jesusmanifestationen-nu-drar-det-ihop-sig\/#breadcrumb"},"inLanguage":"sv-SE","potentialAction":[{"@type":"ReadAction","target":["https:\/\/blogg.svenskakyrkan.se\/akebonnier\/2009\/05\/01\/jesusmanifestationen-nu-drar-det-ihop-sig\/"]}]},{"@type":"ImageObject","inLanguage":"sv-SE","@id":"https:\/\/blogg.svenskakyrkan.se\/akebonnier\/2009\/05\/01\/jesusmanifestationen-nu-drar-det-ihop-sig\/#primaryimage","url":"https:\/\/blogger.googleusercontent.com\/tracker\/9055441369901436026-7342537991387143795?l=akebonnier.blogspot.com","contentUrl":"https:\/\/blogger.googleusercontent.com\/tracker\/9055441369901436026-7342537991387143795?l=akebonnier.blogspot.com"},{"@type":"BreadcrumbList","@id":"https:\/\/blogg.svenskakyrkan.se\/akebonnier\/2009\/05\/01\/jesusmanifestationen-nu-drar-det-ihop-sig\/#breadcrumb","itemListElement":[{"@type":"ListItem","position":1,"name":"Hem","item":"https:\/\/blogg.svenskakyrkan.se\/akebonnier\/"},{"@type":"ListItem","position":2,"name":"Jesusmanifestationen &#8211; nu drar det ihop sig!"}]},{"@type":"WebSite","@id":"https:\/\/blogg.svenskakyrkan.se\/akebonnier\/#website","url":"https:\/\/blogg.svenskakyrkan.se\/akebonnier\/","name":"\u00c5ke Bonnier","description":"Biskop i Svenska kyrkan - Skara stift","potentialAction":[{"@type":"SearchAction","target":{"@type":"EntryPoint","urlTemplate":"https:\/\/blogg.svenskakyrkan.se\/akebonnier\/?s={search_term_string}"},"query-input":{"@type":"PropertyValueSpecification","valueRequired":true,"valueName":"search_term_string"}}],"inLanguage":"sv-SE"},{"@type":"Person","@id":"https:\/\/blogg.svenskakyrkan.se\/akebonnier\/#\/schema\/person\/8db68bc0c94f6a5a62df2d4486ff1343","name":"\u00c5ke Bonnier","image":{"@type":"ImageObject","inLanguage":"sv-SE","@id":"https:\/\/blogg.svenskakyrkan.se\/akebonnier\/#\/schema\/person\/image\/","url":"https:\/\/secure.gravatar.com\/avatar\/b88264736bb0bc0d1ea92298aef02c9f98cfc13c7484130c42c663ae484f9462?s=96&d=mm&r=g","contentUrl":"https:\/\/secure.gravatar.com\/avatar\/b88264736bb0bc0d1ea92298aef02c9f98cfc13c7484130c42c663ae484f9462?s=96&d=mm&r=g","caption":"\u00c5ke Bonnier"},"description":"Jag \u00e4r gift och har tv\u00e5 vuxna d\u00f6ttrar. Pr\u00e4stvigdes 1984 och biskopsvigs 26 augusti 2012 . Jag har tidigare bland annat varit, komminister och kyrkoherde i Liding\u00f6 f\u00f6rsamling och domprost i Stockholms domkyrkof\u00f6rsamling. Jag \u00e4r intresserad av konst, litteratur, teater, film. Jag tr\u00e4nar regelbundet p\u00e5 gym. Mitt huvudsakliga musikintresse \u00e4r klassisk musik men ocks\u00e5 Beatles, Elvis Presley, Monika Zettelund, Povel Ramel och m\u00e5nga andra tycker jag om att lyssna p\u00e5. Jag l\u00e4ser f\u00f6r lite sk\u00f6nlitteratur beroende p\u00e5 annat som jag m\u00e5ste l\u00e4sa i mitt uppdrag som biskop. Men jag \u00e4lskar b\u00f6cker. Naturligtvis l\u00e4ser jag n\u00e4st intill dagligdags i \"B\u00f6ckernas Bok.\"","sameAs":["http:\/\/www.skarastift.se"],"url":"https:\/\/blogg.svenskakyrkan.se\/akebonnier\/author\/akebonnier\/"}]}},"author_meta":{"ID":"108","user_nicename":"akebonnier","user_url":"http:\/\/www.skarastift.se","user_registered":"2011-10-11 09:24:48","display_name":"\u00c5ke Bonnier","first_name":"\u00c5ke","last_name":"Bonnier","avatar":"https:\/\/secure.gravatar.com\/avatar\/b88264736bb0bc0d1ea92298aef02c9f98cfc13c7484130c42c663ae484f9462?s=96&d=mm&r=g"},"featured_image":false,"bloginfo":{"name":"\u00c5ke Bonnier","url":"https:\/\/blogg.svenskakyrkan.se\/akebonnier"},"_links":{"self":[{"href":"https:\/\/blogg.svenskakyrkan.se\/akebonnier\/wp-json\/wp\/v2\/posts\/232","targetHints":{"allow":["GET"]}}],"collection":[{"href":"https:\/\/blogg.svenskakyrkan.se\/akebonnier\/wp-json\/wp\/v2\/posts"}],"about":[{"href":"https:\/\/blogg.svenskakyrkan.se\/akebonnier\/wp-json\/wp\/v2\/types\/post"}],"author":[{"embeddable":true,"href":"https:\/\/blogg.svenskakyrkan.se\/akebonnier\/wp-json\/wp\/v2\/users\/108"}],"replies":[{"embeddable":true,"href":"https:\/\/blogg.svenskakyrkan.se\/akebonnier\/wp-json\/wp\/v2\/comments?post=232"}],"version-history":[{"count":0,"href":"https:\/\/blogg.svenskakyrkan.se\/akebonnier\/wp-json\/wp\/v2\/posts\/232\/revisions"}],"wp:attachment":[{"href":"https:\/\/blogg.svenskakyrkan.se\/akebonnier\/wp-json\/wp\/v2\/media?parent=232"}],"wp:term":[{"taxonomy":"category","embeddable":true,"href":"https:\/\/blogg.svenskakyrkan.se\/akebonnier\/wp-json\/wp\/v2\/categories?post=232"},{"taxonomy":"post_tag","embeddable":true,"href":"https:\/\/blogg.svenskakyrkan.se\/akebonnier\/wp-json\/wp\/v2\/tags?post=232"}],"curies":[{"name":"wp","href":"https:\/\/api.w.org\/{rel}","templated":true}]}}