{"id":237,"date":"2009-05-07T14:29:00","date_gmt":"2009-05-07T14:29:00","guid":{"rendered":"http:\/\/blogg.svenskakyrkan.se\/akebonnier\/2009\/05\/07\/jag-tror-som-noor\/"},"modified":"2009-05-07T14:29:00","modified_gmt":"2009-05-07T14:29:00","slug":"jag-tror-som-noor","status":"publish","type":"post","link":"https:\/\/blogg.svenskakyrkan.se\/akebonnier\/2009\/05\/07\/jag-tror-som-noor\/","title":{"rendered":"Jag tror som Noor!"},"content":{"rendered":"<p>I g\u00e5rdagens nummer av tidningen <span class=\"blsp-spelling-error\">Metro<\/span> intervjuades Jordaniens drottning <span class=\"blsp-spelling-error\">Noor.<\/span> Hon har engagerat sig i m\u00e5nga goda ting s\u00e5som milj\u00f6arbete, mikrofinans och f\u00f6r Jordaniens kvinnor. M\u00e5nga andra saker har hon ocks\u00e5 engagerat sig i och nu senast, enligt <span class=\"blsp-spelling-error\">Metro<\/span>, har hon engagerat sig i <span class=\"blsp-spelling-error\">Globalzero.org<\/span> som har som syfte att avskaffa v\u00e4rldens k\u00e4rnvapen. <span class=\"blsp-spelling-error\">Michail<\/span> <span class=\"blsp-spelling-error\">Gorbatjov<\/span>, <span class=\"blsp-spelling-error\">CarlBildt<\/span>, Gro <span class=\"blsp-spelling-error\">HarlemBrundtland<\/span>, Jimmy <span class=\"blsp-spelling-error\">carter<\/span>, Demond <span class=\"blsp-spelling-error\">Tutu<\/span> m <span class=\"blsp-spelling-error\">fl<\/span> har engagerat sig i detta outs\u00e4gligt viktiga. K\u00e4rnvapnen har ju inte anv\u00e4nds i krig sedan 2.a v\u00e4rldskriget men utg\u00f6r \u00e4nd\u00e5 ett starkt hot och skapar &#8221;fred&#8221; p\u00e5 terrorbalansens <span class=\"blsp-spelling-corrected\">villkor<\/span> Alla krafter som arbetar mot detta \u00e4r v\u00e4l v\u00e4rda att st\u00f6djas. Det finns <span class=\"blsp-spelling-corrected\">sannerligen<\/span> inget h\u00e5llbart f\u00f6rsvar f\u00f6r <span class=\"blsp-spelling-corrected\">k\u00e4rnvapen<\/span> i n\u00e5gon form. Det m\u00e5ste g\u00e5 att finna fredliga relationer utan att man indirekt hotar med att trycka p\u00e5 &#8221;knappen&#8221; om den andre hotar. <span class=\"blsp-spelling-corrected\">Hasse<\/span> och tages ber\u00f6mda monolog i &#8221;Sk\u00f6na Helena&#8221; lyder: <em>Det kanske inte \u00e4r sant att man \u00e4r s\u00e5ld om man bem\u00f6ter v\u00e5ld med ickev\u00e5ld.<\/em><br \/><em><\/em><br \/>I samma nummer av <span class=\"blsp-spelling-error\">Metro<\/span> f\u00e5r drottning <span class=\"blsp-spelling-error\">Noor<\/span> fr\u00e5gan: <em>Hur ser Ers Majest\u00e4t Er roll som l\u00e4nk mellan Mellan\u00f6stern och v\u00e4stv\u00e4rlden?<\/em> Hon talar om sin sl\u00e4kt, om sin <span class=\"blsp-spelling-error\">konvertion<\/span> till Islam men s\u00e5 s\u00e4ger hon ocks\u00e5 f\u00f6ljande viktiga ord: <em>F\u00e5 i v\u00e4st f\u00f6rst\u00e5r till exempel att kristendomen, judendomen och islam har samma ursprung. Vi tror p\u00e5 samma Gud och hans profeter. Abrahams barn har mycket mer som f\u00f6renar \u00e4n som skiljer dem \u00e5t.<\/em><br \/><em><\/em><br \/>Jag tror som drottning <span class=\"blsp-spelling-error\">Noor<\/span> fast Jesus, som <span class=\"blsp-spelling-error\">muslimerna<\/span> ser som en profet, \u00e4r s\u00e5 mycket mer f\u00f6r mig som kristen. han \u00e4r ju Sann Gud och sann M\u00e4nniska &#8211; v\u00e5r fr\u00e4lsare. Men just att vi har <em>En<\/em> Gud &#8211; att det inte finns  n\u00e5gon annan Gud \u00e4n v\u00e5r gemensamma Gud, det \u00e4r s\u00e5 viktigt och utifr\u00e5n detta kan vi f\u00f6ra respektfulla samtal med m\u00e4nniskor av annan tro. Vi har verkligen s\u00e5 mycket som f\u00f6renar oss. Utifr\u00e5n det perspektivet kan jag s\u00e4ga att jag tror som drottning <span class=\"blsp-spelling-error\">Noor.<\/span><\/p>\n<div class=\"blogger-post-footer\"><img width='1' height='1' src='https:\/\/blogger.googleusercontent.com\/tracker\/9055441369901436026-6153129007831202237?l=akebonnier.blogspot.com' alt='' \/><\/div>\n","protected":false},"excerpt":{"rendered":"<p>I g\u00e5rdagens nummer av tidningen Metro intervjuades Jordaniens drottning Noor. Hon har engagerat sig i m\u00e5nga goda ting s\u00e5som milj\u00f6arbete, mikrofinans och f\u00f6r Jordaniens kvinnor. M\u00e5nga andra saker har hon ocks\u00e5 engagerat sig i och nu senast, enligt Metro, har hon engagerat sig i Globalzero.org som har som syfte att avskaffa v\u00e4rldens k\u00e4rnvapen. Michail Gorbatjov, [&hellip;]<\/p>\n","protected":false},"author":108,"featured_media":0,"comment_status":"open","ping_status":"open","sticky":false,"template":"","format":"standard","meta":{"_acf_changed":false,"footnotes":""},"categories":[16211],"tags":[],"class_list":["post-237","post","type-post","status-publish","format-standard","hentry","category-jag-tror-som-noor"],"acf":[],"yoast_head":"<!-- This site is optimized with the Yoast SEO plugin v27.1.1 - https:\/\/yoast.com\/product\/yoast-seo-wordpress\/ -->\n<title>Jag tror som Noor! - \u00c5ke Bonnier<\/title>\n<meta name=\"robots\" content=\"index, follow, max-snippet:-1, max-image-preview:large, max-video-preview:-1\" \/>\n<link rel=\"canonical\" href=\"https:\/\/blogg.svenskakyrkan.se\/akebonnier\/2009\/05\/07\/jag-tror-som-noor\/\" \/>\n<meta property=\"og:locale\" content=\"sv_SE\" \/>\n<meta property=\"og:type\" content=\"article\" \/>\n<meta property=\"og:title\" content=\"Jag tror som Noor! - \u00c5ke Bonnier\" \/>\n<meta property=\"og:description\" content=\"I g\u00e5rdagens nummer av tidningen Metro intervjuades Jordaniens drottning Noor. Hon har engagerat sig i m\u00e5nga goda ting s\u00e5som milj\u00f6arbete, mikrofinans och f\u00f6r Jordaniens kvinnor. M\u00e5nga andra saker har hon ocks\u00e5 engagerat sig i och nu senast, enligt Metro, har hon engagerat sig i Globalzero.org som har som syfte att avskaffa v\u00e4rldens k\u00e4rnvapen. Michail Gorbatjov, [&hellip;]\" \/>\n<meta property=\"og:url\" content=\"https:\/\/blogg.svenskakyrkan.se\/akebonnier\/2009\/05\/07\/jag-tror-som-noor\/\" \/>\n<meta property=\"og:site_name\" content=\"\u00c5ke Bonnier\" \/>\n<meta property=\"article:published_time\" content=\"2009-05-07T14:29:00+00:00\" \/>\n<meta property=\"og:image\" content=\"https:\/\/blogger.googleusercontent.com\/tracker\/9055441369901436026-6153129007831202237?l=akebonnier.blogspot.com\" \/>\n<meta name=\"author\" content=\"\u00c5ke Bonnier\" \/>\n<meta name=\"twitter:card\" content=\"summary_large_image\" \/>\n<meta name=\"twitter:label1\" content=\"Skriven av\" \/>\n\t<meta name=\"twitter:data1\" content=\"\u00c5ke Bonnier\" \/>\n\t<meta name=\"twitter:label2\" content=\"Ber\u00e4knad l\u00e4stid\" \/>\n\t<meta name=\"twitter:data2\" content=\"2 minuter\" \/>\n<script type=\"application\/ld+json\" class=\"yoast-schema-graph\">{\"@context\":\"https:\/\/schema.org\",\"@graph\":[{\"@type\":\"Article\",\"@id\":\"https:\/\/blogg.svenskakyrkan.se\/akebonnier\/2009\/05\/07\/jag-tror-som-noor\/#article\",\"isPartOf\":{\"@id\":\"https:\/\/blogg.svenskakyrkan.se\/akebonnier\/2009\/05\/07\/jag-tror-som-noor\/\"},\"author\":{\"name\":\"\u00c5ke Bonnier\",\"@id\":\"https:\/\/blogg.svenskakyrkan.se\/akebonnier\/#\/schema\/person\/8db68bc0c94f6a5a62df2d4486ff1343\"},\"headline\":\"Jag tror som Noor!\",\"datePublished\":\"2009-05-07T14:29:00+00:00\",\"mainEntityOfPage\":{\"@id\":\"https:\/\/blogg.svenskakyrkan.se\/akebonnier\/2009\/05\/07\/jag-tror-som-noor\/\"},\"wordCount\":380,\"commentCount\":5,\"image\":{\"@id\":\"https:\/\/blogg.svenskakyrkan.se\/akebonnier\/2009\/05\/07\/jag-tror-som-noor\/#primaryimage\"},\"thumbnailUrl\":\"https:\/\/blogger.googleusercontent.com\/tracker\/9055441369901436026-6153129007831202237?l=akebonnier.blogspot.com\",\"articleSection\":[\"Jag tror som Noor\"],\"inLanguage\":\"sv-SE\",\"potentialAction\":[{\"@type\":\"CommentAction\",\"name\":\"Comment\",\"target\":[\"https:\/\/blogg.svenskakyrkan.se\/akebonnier\/2009\/05\/07\/jag-tror-som-noor\/#respond\"]}]},{\"@type\":\"WebPage\",\"@id\":\"https:\/\/blogg.svenskakyrkan.se\/akebonnier\/2009\/05\/07\/jag-tror-som-noor\/\",\"url\":\"https:\/\/blogg.svenskakyrkan.se\/akebonnier\/2009\/05\/07\/jag-tror-som-noor\/\",\"name\":\"Jag tror som Noor! - \u00c5ke Bonnier\",\"isPartOf\":{\"@id\":\"https:\/\/blogg.svenskakyrkan.se\/akebonnier\/#website\"},\"primaryImageOfPage\":{\"@id\":\"https:\/\/blogg.svenskakyrkan.se\/akebonnier\/2009\/05\/07\/jag-tror-som-noor\/#primaryimage\"},\"image\":{\"@id\":\"https:\/\/blogg.svenskakyrkan.se\/akebonnier\/2009\/05\/07\/jag-tror-som-noor\/#primaryimage\"},\"thumbnailUrl\":\"https:\/\/blogger.googleusercontent.com\/tracker\/9055441369901436026-6153129007831202237?l=akebonnier.blogspot.com\",\"datePublished\":\"2009-05-07T14:29:00+00:00\",\"author\":{\"@id\":\"https:\/\/blogg.svenskakyrkan.se\/akebonnier\/#\/schema\/person\/8db68bc0c94f6a5a62df2d4486ff1343\"},\"breadcrumb\":{\"@id\":\"https:\/\/blogg.svenskakyrkan.se\/akebonnier\/2009\/05\/07\/jag-tror-som-noor\/#breadcrumb\"},\"inLanguage\":\"sv-SE\",\"potentialAction\":[{\"@type\":\"ReadAction\",\"target\":[\"https:\/\/blogg.svenskakyrkan.se\/akebonnier\/2009\/05\/07\/jag-tror-som-noor\/\"]}]},{\"@type\":\"ImageObject\",\"inLanguage\":\"sv-SE\",\"@id\":\"https:\/\/blogg.svenskakyrkan.se\/akebonnier\/2009\/05\/07\/jag-tror-som-noor\/#primaryimage\",\"url\":\"https:\/\/blogger.googleusercontent.com\/tracker\/9055441369901436026-6153129007831202237?l=akebonnier.blogspot.com\",\"contentUrl\":\"https:\/\/blogger.googleusercontent.com\/tracker\/9055441369901436026-6153129007831202237?l=akebonnier.blogspot.com\"},{\"@type\":\"BreadcrumbList\",\"@id\":\"https:\/\/blogg.svenskakyrkan.se\/akebonnier\/2009\/05\/07\/jag-tror-som-noor\/#breadcrumb\",\"itemListElement\":[{\"@type\":\"ListItem\",\"position\":1,\"name\":\"Hem\",\"item\":\"https:\/\/blogg.svenskakyrkan.se\/akebonnier\/\"},{\"@type\":\"ListItem\",\"position\":2,\"name\":\"Jag tror som Noor!\"}]},{\"@type\":\"WebSite\",\"@id\":\"https:\/\/blogg.svenskakyrkan.se\/akebonnier\/#website\",\"url\":\"https:\/\/blogg.svenskakyrkan.se\/akebonnier\/\",\"name\":\"\u00c5ke Bonnier\",\"description\":\"Biskop i Svenska kyrkan - Skara stift\",\"potentialAction\":[{\"@type\":\"SearchAction\",\"target\":{\"@type\":\"EntryPoint\",\"urlTemplate\":\"https:\/\/blogg.svenskakyrkan.se\/akebonnier\/?s={search_term_string}\"},\"query-input\":{\"@type\":\"PropertyValueSpecification\",\"valueRequired\":true,\"valueName\":\"search_term_string\"}}],\"inLanguage\":\"sv-SE\"},{\"@type\":\"Person\",\"@id\":\"https:\/\/blogg.svenskakyrkan.se\/akebonnier\/#\/schema\/person\/8db68bc0c94f6a5a62df2d4486ff1343\",\"name\":\"\u00c5ke Bonnier\",\"image\":{\"@type\":\"ImageObject\",\"inLanguage\":\"sv-SE\",\"@id\":\"https:\/\/blogg.svenskakyrkan.se\/akebonnier\/#\/schema\/person\/image\/\",\"url\":\"https:\/\/secure.gravatar.com\/avatar\/b88264736bb0bc0d1ea92298aef02c9f98cfc13c7484130c42c663ae484f9462?s=96&d=mm&r=g\",\"contentUrl\":\"https:\/\/secure.gravatar.com\/avatar\/b88264736bb0bc0d1ea92298aef02c9f98cfc13c7484130c42c663ae484f9462?s=96&d=mm&r=g\",\"caption\":\"\u00c5ke Bonnier\"},\"description\":\"Jag \u00e4r gift och har tv\u00e5 vuxna d\u00f6ttrar. Pr\u00e4stvigdes 1984 och biskopsvigs 26 augusti 2012 . Jag har tidigare bland annat varit, komminister och kyrkoherde i Liding\u00f6 f\u00f6rsamling och domprost i Stockholms domkyrkof\u00f6rsamling. Jag \u00e4r intresserad av konst, litteratur, teater, film. Jag tr\u00e4nar regelbundet p\u00e5 gym. Mitt huvudsakliga musikintresse \u00e4r klassisk musik men ocks\u00e5 Beatles, Elvis Presley, Monika Zettelund, Povel Ramel och m\u00e5nga andra tycker jag om att lyssna p\u00e5. Jag l\u00e4ser f\u00f6r lite sk\u00f6nlitteratur beroende p\u00e5 annat som jag m\u00e5ste l\u00e4sa i mitt uppdrag som biskop. Men jag \u00e4lskar b\u00f6cker. Naturligtvis l\u00e4ser jag n\u00e4st intill dagligdags i \\\"B\u00f6ckernas Bok.\\\"\",\"sameAs\":[\"http:\/\/www.skarastift.se\"],\"url\":\"https:\/\/blogg.svenskakyrkan.se\/akebonnier\/author\/akebonnier\/\"}]}<\/script>\n<!-- \/ Yoast SEO plugin. -->","yoast_head_json":{"title":"Jag tror som Noor! - \u00c5ke Bonnier","robots":{"index":"index","follow":"follow","max-snippet":"max-snippet:-1","max-image-preview":"max-image-preview:large","max-video-preview":"max-video-preview:-1"},"canonical":"https:\/\/blogg.svenskakyrkan.se\/akebonnier\/2009\/05\/07\/jag-tror-som-noor\/","og_locale":"sv_SE","og_type":"article","og_title":"Jag tror som Noor! - \u00c5ke Bonnier","og_description":"I g\u00e5rdagens nummer av tidningen Metro intervjuades Jordaniens drottning Noor. Hon har engagerat sig i m\u00e5nga goda ting s\u00e5som milj\u00f6arbete, mikrofinans och f\u00f6r Jordaniens kvinnor. M\u00e5nga andra saker har hon ocks\u00e5 engagerat sig i och nu senast, enligt Metro, har hon engagerat sig i Globalzero.org som har som syfte att avskaffa v\u00e4rldens k\u00e4rnvapen. Michail Gorbatjov, [&hellip;]","og_url":"https:\/\/blogg.svenskakyrkan.se\/akebonnier\/2009\/05\/07\/jag-tror-som-noor\/","og_site_name":"\u00c5ke Bonnier","article_published_time":"2009-05-07T14:29:00+00:00","og_image":[{"url":"https:\/\/blogger.googleusercontent.com\/tracker\/9055441369901436026-6153129007831202237?l=akebonnier.blogspot.com","type":"","width":"","height":""}],"author":"\u00c5ke Bonnier","twitter_card":"summary_large_image","twitter_misc":{"Skriven av":"\u00c5ke Bonnier","Ber\u00e4knad l\u00e4stid":"2 minuter"},"schema":{"@context":"https:\/\/schema.org","@graph":[{"@type":"Article","@id":"https:\/\/blogg.svenskakyrkan.se\/akebonnier\/2009\/05\/07\/jag-tror-som-noor\/#article","isPartOf":{"@id":"https:\/\/blogg.svenskakyrkan.se\/akebonnier\/2009\/05\/07\/jag-tror-som-noor\/"},"author":{"name":"\u00c5ke Bonnier","@id":"https:\/\/blogg.svenskakyrkan.se\/akebonnier\/#\/schema\/person\/8db68bc0c94f6a5a62df2d4486ff1343"},"headline":"Jag tror som Noor!","datePublished":"2009-05-07T14:29:00+00:00","mainEntityOfPage":{"@id":"https:\/\/blogg.svenskakyrkan.se\/akebonnier\/2009\/05\/07\/jag-tror-som-noor\/"},"wordCount":380,"commentCount":5,"image":{"@id":"https:\/\/blogg.svenskakyrkan.se\/akebonnier\/2009\/05\/07\/jag-tror-som-noor\/#primaryimage"},"thumbnailUrl":"https:\/\/blogger.googleusercontent.com\/tracker\/9055441369901436026-6153129007831202237?l=akebonnier.blogspot.com","articleSection":["Jag tror som Noor"],"inLanguage":"sv-SE","potentialAction":[{"@type":"CommentAction","name":"Comment","target":["https:\/\/blogg.svenskakyrkan.se\/akebonnier\/2009\/05\/07\/jag-tror-som-noor\/#respond"]}]},{"@type":"WebPage","@id":"https:\/\/blogg.svenskakyrkan.se\/akebonnier\/2009\/05\/07\/jag-tror-som-noor\/","url":"https:\/\/blogg.svenskakyrkan.se\/akebonnier\/2009\/05\/07\/jag-tror-som-noor\/","name":"Jag tror som Noor! - \u00c5ke Bonnier","isPartOf":{"@id":"https:\/\/blogg.svenskakyrkan.se\/akebonnier\/#website"},"primaryImageOfPage":{"@id":"https:\/\/blogg.svenskakyrkan.se\/akebonnier\/2009\/05\/07\/jag-tror-som-noor\/#primaryimage"},"image":{"@id":"https:\/\/blogg.svenskakyrkan.se\/akebonnier\/2009\/05\/07\/jag-tror-som-noor\/#primaryimage"},"thumbnailUrl":"https:\/\/blogger.googleusercontent.com\/tracker\/9055441369901436026-6153129007831202237?l=akebonnier.blogspot.com","datePublished":"2009-05-07T14:29:00+00:00","author":{"@id":"https:\/\/blogg.svenskakyrkan.se\/akebonnier\/#\/schema\/person\/8db68bc0c94f6a5a62df2d4486ff1343"},"breadcrumb":{"@id":"https:\/\/blogg.svenskakyrkan.se\/akebonnier\/2009\/05\/07\/jag-tror-som-noor\/#breadcrumb"},"inLanguage":"sv-SE","potentialAction":[{"@type":"ReadAction","target":["https:\/\/blogg.svenskakyrkan.se\/akebonnier\/2009\/05\/07\/jag-tror-som-noor\/"]}]},{"@type":"ImageObject","inLanguage":"sv-SE","@id":"https:\/\/blogg.svenskakyrkan.se\/akebonnier\/2009\/05\/07\/jag-tror-som-noor\/#primaryimage","url":"https:\/\/blogger.googleusercontent.com\/tracker\/9055441369901436026-6153129007831202237?l=akebonnier.blogspot.com","contentUrl":"https:\/\/blogger.googleusercontent.com\/tracker\/9055441369901436026-6153129007831202237?l=akebonnier.blogspot.com"},{"@type":"BreadcrumbList","@id":"https:\/\/blogg.svenskakyrkan.se\/akebonnier\/2009\/05\/07\/jag-tror-som-noor\/#breadcrumb","itemListElement":[{"@type":"ListItem","position":1,"name":"Hem","item":"https:\/\/blogg.svenskakyrkan.se\/akebonnier\/"},{"@type":"ListItem","position":2,"name":"Jag tror som Noor!"}]},{"@type":"WebSite","@id":"https:\/\/blogg.svenskakyrkan.se\/akebonnier\/#website","url":"https:\/\/blogg.svenskakyrkan.se\/akebonnier\/","name":"\u00c5ke Bonnier","description":"Biskop i Svenska kyrkan - Skara stift","potentialAction":[{"@type":"SearchAction","target":{"@type":"EntryPoint","urlTemplate":"https:\/\/blogg.svenskakyrkan.se\/akebonnier\/?s={search_term_string}"},"query-input":{"@type":"PropertyValueSpecification","valueRequired":true,"valueName":"search_term_string"}}],"inLanguage":"sv-SE"},{"@type":"Person","@id":"https:\/\/blogg.svenskakyrkan.se\/akebonnier\/#\/schema\/person\/8db68bc0c94f6a5a62df2d4486ff1343","name":"\u00c5ke Bonnier","image":{"@type":"ImageObject","inLanguage":"sv-SE","@id":"https:\/\/blogg.svenskakyrkan.se\/akebonnier\/#\/schema\/person\/image\/","url":"https:\/\/secure.gravatar.com\/avatar\/b88264736bb0bc0d1ea92298aef02c9f98cfc13c7484130c42c663ae484f9462?s=96&d=mm&r=g","contentUrl":"https:\/\/secure.gravatar.com\/avatar\/b88264736bb0bc0d1ea92298aef02c9f98cfc13c7484130c42c663ae484f9462?s=96&d=mm&r=g","caption":"\u00c5ke Bonnier"},"description":"Jag \u00e4r gift och har tv\u00e5 vuxna d\u00f6ttrar. Pr\u00e4stvigdes 1984 och biskopsvigs 26 augusti 2012 . Jag har tidigare bland annat varit, komminister och kyrkoherde i Liding\u00f6 f\u00f6rsamling och domprost i Stockholms domkyrkof\u00f6rsamling. Jag \u00e4r intresserad av konst, litteratur, teater, film. Jag tr\u00e4nar regelbundet p\u00e5 gym. Mitt huvudsakliga musikintresse \u00e4r klassisk musik men ocks\u00e5 Beatles, Elvis Presley, Monika Zettelund, Povel Ramel och m\u00e5nga andra tycker jag om att lyssna p\u00e5. Jag l\u00e4ser f\u00f6r lite sk\u00f6nlitteratur beroende p\u00e5 annat som jag m\u00e5ste l\u00e4sa i mitt uppdrag som biskop. Men jag \u00e4lskar b\u00f6cker. Naturligtvis l\u00e4ser jag n\u00e4st intill dagligdags i \"B\u00f6ckernas Bok.\"","sameAs":["http:\/\/www.skarastift.se"],"url":"https:\/\/blogg.svenskakyrkan.se\/akebonnier\/author\/akebonnier\/"}]}},"author_meta":{"ID":"108","user_nicename":"akebonnier","user_url":"http:\/\/www.skarastift.se","user_registered":"2011-10-11 09:24:48","display_name":"\u00c5ke Bonnier","first_name":"\u00c5ke","last_name":"Bonnier","avatar":"https:\/\/secure.gravatar.com\/avatar\/b88264736bb0bc0d1ea92298aef02c9f98cfc13c7484130c42c663ae484f9462?s=96&d=mm&r=g"},"featured_image":false,"bloginfo":{"name":"\u00c5ke Bonnier","url":"https:\/\/blogg.svenskakyrkan.se\/akebonnier"},"_links":{"self":[{"href":"https:\/\/blogg.svenskakyrkan.se\/akebonnier\/wp-json\/wp\/v2\/posts\/237","targetHints":{"allow":["GET"]}}],"collection":[{"href":"https:\/\/blogg.svenskakyrkan.se\/akebonnier\/wp-json\/wp\/v2\/posts"}],"about":[{"href":"https:\/\/blogg.svenskakyrkan.se\/akebonnier\/wp-json\/wp\/v2\/types\/post"}],"author":[{"embeddable":true,"href":"https:\/\/blogg.svenskakyrkan.se\/akebonnier\/wp-json\/wp\/v2\/users\/108"}],"replies":[{"embeddable":true,"href":"https:\/\/blogg.svenskakyrkan.se\/akebonnier\/wp-json\/wp\/v2\/comments?post=237"}],"version-history":[{"count":0,"href":"https:\/\/blogg.svenskakyrkan.se\/akebonnier\/wp-json\/wp\/v2\/posts\/237\/revisions"}],"wp:attachment":[{"href":"https:\/\/blogg.svenskakyrkan.se\/akebonnier\/wp-json\/wp\/v2\/media?parent=237"}],"wp:term":[{"taxonomy":"category","embeddable":true,"href":"https:\/\/blogg.svenskakyrkan.se\/akebonnier\/wp-json\/wp\/v2\/categories?post=237"},{"taxonomy":"post_tag","embeddable":true,"href":"https:\/\/blogg.svenskakyrkan.se\/akebonnier\/wp-json\/wp\/v2\/tags?post=237"}],"curies":[{"name":"wp","href":"https:\/\/api.w.org\/{rel}","templated":true}]}}