{"id":238,"date":"2009-05-08T11:44:00","date_gmt":"2009-05-08T11:44:00","guid":{"rendered":"http:\/\/blogg.svenskakyrkan.se\/akebonnier\/2009\/05\/08\/elisabeth-ohlson-wallin\/"},"modified":"2009-05-08T11:44:00","modified_gmt":"2009-05-08T11:44:00","slug":"elisabeth-ohlson-wallin","status":"publish","type":"post","link":"https:\/\/blogg.svenskakyrkan.se\/akebonnier\/2009\/05\/08\/elisabeth-ohlson-wallin\/","title":{"rendered":"Elisabeth Ohlson Wallin"},"content":{"rendered":"<p>Du som l\u00e4ser min blogg och bor i Stockholm bara <em>m\u00e5ste<\/em> g\u00e5 till Storkyrkan de n\u00e4rmaste dagarna (senast den 16\/5 f\u00f6r att vara s\u00e4ker) och se den utst\u00e4llning som nu finns d\u00e4r: Anh\u00f6rig -p\u00e5 liv och d\u00f6d. Det \u00e4r Anh\u00f6rigfonden (<a href=\"http:\/\/www.anhorigfonden.se\/\">www.anhorigfonden.se<\/a>) som bad Elisabeth Ohlson Wallin att ta 10 bilder som handlar om canserdrabbade personer, om att \u00f6vervinna sin sjukdom, om d\u00f6den och sorgen. Utst\u00e4llningen \u00e4r makal\u00f6s och tanken \u00e4r att den ska kunna &#8221;turnera&#8221; runt i olika kyrkor.<\/p>\n<p>Alltf\u00f6r s\u00e4llan talar vi om d\u00f6d och om sorg med varandra. Biskop Caroline Krook skrev en b\u00f6nbok som heter <em>Om sorgen mitt i livet<\/em>. S\u00e5dan \u00e4r sorgen &#8211; den \u00e4r mitt i livet men alltf\u00f6r s\u00e4llan talar vi om den. F\u00f6rr hade man sorgband som markerade att det var till\u00e5tet att s\u00f6rja. Nu f\u00f6rs\u00f6ker vi &#8221;klara av&#8221; sorgen p\u00e5 egen hand (i den m\u00e5n man inte samtalar i sorgrupper, med kuratorer och terapeuter eller diakoner eller pr\u00e4ster). Men sorgen borde verkligen f\u00e5 bli mer till\u00e5ten i v\u00e5rt samh\u00e4lle. Det \u00e4r inte fult att gr\u00e5ta. Det \u00e4r inte f\u00f6rbjudet att s\u00f6rja, att vara ledsen, att inte orka. Sorgen \u00e4r dessutom en berg- och dalbana d\u00e4r backen nedf\u00f6r, ned i sorgedalen, kan komma helt ov\u00e4ntat efter att allt k\u00e4nts ganska bra. Pl\u00f6tsligt faller man ihop igen och kan n\u00e4stan k\u00e4nna sig som d\u00e5 allt var nytt. Till den som har upplevt\/upplever detta vill jag s\u00e4ga: V\u00e4lkommen i g\u00e4nget!!! S\u00e5dan \u00e4r sorgen. Den kan sl\u00e5 till om och om igen av olika sk\u00e4l men med samma &#8221;objekt&#8221; som utg\u00e5ngspunkt. Vi \u00e4r inte galna n\u00e4r vi s\u00f6rjer efter flera \u00e5r. Sorgen \u00e4r inte en kortperiod &#8211; en sorgeperiod, utan ett livsl\u00e5ngt arbete (sorgearbete). men vi beh\u00f6ver tala mer om det med varandra, dela med varandra. Det skulle jag \u00f6nska f\u00f6r v\u00e5r nutid och framtid. Utst\u00e4llningen i Storkyrkan kan inspirera.<\/p>\n<div class=\"blogger-post-footer\"><img width='1' height='1' src='https:\/\/blogger.googleusercontent.com\/tracker\/9055441369901436026-3298796503193462162?l=akebonnier.blogspot.com' alt='' \/><\/div>\n","protected":false},"excerpt":{"rendered":"<p>Du som l\u00e4ser min blogg och bor i Stockholm bara m\u00e5ste g\u00e5 till Storkyrkan de n\u00e4rmaste dagarna (senast den 16\/5 f\u00f6r att vara s\u00e4ker) och se den utst\u00e4llning som nu finns d\u00e4r: Anh\u00f6rig -p\u00e5 liv och d\u00f6d. Det \u00e4r Anh\u00f6rigfonden (www.anhorigfonden.se) som bad Elisabeth Ohlson Wallin att ta 10 bilder som handlar om canserdrabbade personer, [&hellip;]<\/p>\n","protected":false},"author":108,"featured_media":0,"comment_status":"open","ping_status":"open","sticky":false,"template":"","format":"standard","meta":{"_acf_changed":false,"footnotes":""},"categories":[16212],"tags":[],"class_list":["post-238","post","type-post","status-publish","format-standard","hentry","category-elisabeth-ohlson-wallin"],"acf":[],"yoast_head":"<!-- This site is optimized with the Yoast SEO plugin v27.1.1 - https:\/\/yoast.com\/product\/yoast-seo-wordpress\/ -->\n<title>Elisabeth Ohlson Wallin - \u00c5ke Bonnier<\/title>\n<meta name=\"robots\" content=\"index, follow, max-snippet:-1, max-image-preview:large, max-video-preview:-1\" \/>\n<link rel=\"canonical\" href=\"https:\/\/blogg.svenskakyrkan.se\/akebonnier\/2009\/05\/08\/elisabeth-ohlson-wallin\/\" \/>\n<meta property=\"og:locale\" content=\"sv_SE\" \/>\n<meta property=\"og:type\" content=\"article\" \/>\n<meta property=\"og:title\" content=\"Elisabeth Ohlson Wallin - \u00c5ke Bonnier\" \/>\n<meta property=\"og:description\" content=\"Du som l\u00e4ser min blogg och bor i Stockholm bara m\u00e5ste g\u00e5 till Storkyrkan de n\u00e4rmaste dagarna (senast den 16\/5 f\u00f6r att vara s\u00e4ker) och se den utst\u00e4llning som nu finns d\u00e4r: Anh\u00f6rig -p\u00e5 liv och d\u00f6d. Det \u00e4r Anh\u00f6rigfonden (www.anhorigfonden.se) som bad Elisabeth Ohlson Wallin att ta 10 bilder som handlar om canserdrabbade personer, [&hellip;]\" \/>\n<meta property=\"og:url\" content=\"https:\/\/blogg.svenskakyrkan.se\/akebonnier\/2009\/05\/08\/elisabeth-ohlson-wallin\/\" \/>\n<meta property=\"og:site_name\" content=\"\u00c5ke Bonnier\" \/>\n<meta property=\"article:published_time\" content=\"2009-05-08T11:44:00+00:00\" \/>\n<meta property=\"og:image\" content=\"https:\/\/blogger.googleusercontent.com\/tracker\/9055441369901436026-3298796503193462162?l=akebonnier.blogspot.com\" \/>\n<meta name=\"author\" content=\"\u00c5ke Bonnier\" \/>\n<meta name=\"twitter:card\" content=\"summary_large_image\" \/>\n<meta name=\"twitter:label1\" content=\"Skriven av\" \/>\n\t<meta name=\"twitter:data1\" content=\"\u00c5ke Bonnier\" \/>\n\t<meta name=\"twitter:label2\" content=\"Ber\u00e4knad l\u00e4stid\" \/>\n\t<meta name=\"twitter:data2\" content=\"2 minuter\" \/>\n<script type=\"application\/ld+json\" class=\"yoast-schema-graph\">{\"@context\":\"https:\/\/schema.org\",\"@graph\":[{\"@type\":\"Article\",\"@id\":\"https:\/\/blogg.svenskakyrkan.se\/akebonnier\/2009\/05\/08\/elisabeth-ohlson-wallin\/#article\",\"isPartOf\":{\"@id\":\"https:\/\/blogg.svenskakyrkan.se\/akebonnier\/2009\/05\/08\/elisabeth-ohlson-wallin\/\"},\"author\":{\"name\":\"\u00c5ke Bonnier\",\"@id\":\"https:\/\/blogg.svenskakyrkan.se\/akebonnier\/#\/schema\/person\/8db68bc0c94f6a5a62df2d4486ff1343\"},\"headline\":\"Elisabeth Ohlson Wallin\",\"datePublished\":\"2009-05-08T11:44:00+00:00\",\"mainEntityOfPage\":{\"@id\":\"https:\/\/blogg.svenskakyrkan.se\/akebonnier\/2009\/05\/08\/elisabeth-ohlson-wallin\/\"},\"wordCount\":361,\"commentCount\":3,\"image\":{\"@id\":\"https:\/\/blogg.svenskakyrkan.se\/akebonnier\/2009\/05\/08\/elisabeth-ohlson-wallin\/#primaryimage\"},\"thumbnailUrl\":\"https:\/\/blogger.googleusercontent.com\/tracker\/9055441369901436026-3298796503193462162?l=akebonnier.blogspot.com\",\"articleSection\":[\"Elisabeth Ohlson Wallin\"],\"inLanguage\":\"sv-SE\",\"potentialAction\":[{\"@type\":\"CommentAction\",\"name\":\"Comment\",\"target\":[\"https:\/\/blogg.svenskakyrkan.se\/akebonnier\/2009\/05\/08\/elisabeth-ohlson-wallin\/#respond\"]}]},{\"@type\":\"WebPage\",\"@id\":\"https:\/\/blogg.svenskakyrkan.se\/akebonnier\/2009\/05\/08\/elisabeth-ohlson-wallin\/\",\"url\":\"https:\/\/blogg.svenskakyrkan.se\/akebonnier\/2009\/05\/08\/elisabeth-ohlson-wallin\/\",\"name\":\"Elisabeth Ohlson Wallin - \u00c5ke Bonnier\",\"isPartOf\":{\"@id\":\"https:\/\/blogg.svenskakyrkan.se\/akebonnier\/#website\"},\"primaryImageOfPage\":{\"@id\":\"https:\/\/blogg.svenskakyrkan.se\/akebonnier\/2009\/05\/08\/elisabeth-ohlson-wallin\/#primaryimage\"},\"image\":{\"@id\":\"https:\/\/blogg.svenskakyrkan.se\/akebonnier\/2009\/05\/08\/elisabeth-ohlson-wallin\/#primaryimage\"},\"thumbnailUrl\":\"https:\/\/blogger.googleusercontent.com\/tracker\/9055441369901436026-3298796503193462162?l=akebonnier.blogspot.com\",\"datePublished\":\"2009-05-08T11:44:00+00:00\",\"author\":{\"@id\":\"https:\/\/blogg.svenskakyrkan.se\/akebonnier\/#\/schema\/person\/8db68bc0c94f6a5a62df2d4486ff1343\"},\"breadcrumb\":{\"@id\":\"https:\/\/blogg.svenskakyrkan.se\/akebonnier\/2009\/05\/08\/elisabeth-ohlson-wallin\/#breadcrumb\"},\"inLanguage\":\"sv-SE\",\"potentialAction\":[{\"@type\":\"ReadAction\",\"target\":[\"https:\/\/blogg.svenskakyrkan.se\/akebonnier\/2009\/05\/08\/elisabeth-ohlson-wallin\/\"]}]},{\"@type\":\"ImageObject\",\"inLanguage\":\"sv-SE\",\"@id\":\"https:\/\/blogg.svenskakyrkan.se\/akebonnier\/2009\/05\/08\/elisabeth-ohlson-wallin\/#primaryimage\",\"url\":\"https:\/\/blogger.googleusercontent.com\/tracker\/9055441369901436026-3298796503193462162?l=akebonnier.blogspot.com\",\"contentUrl\":\"https:\/\/blogger.googleusercontent.com\/tracker\/9055441369901436026-3298796503193462162?l=akebonnier.blogspot.com\"},{\"@type\":\"BreadcrumbList\",\"@id\":\"https:\/\/blogg.svenskakyrkan.se\/akebonnier\/2009\/05\/08\/elisabeth-ohlson-wallin\/#breadcrumb\",\"itemListElement\":[{\"@type\":\"ListItem\",\"position\":1,\"name\":\"Hem\",\"item\":\"https:\/\/blogg.svenskakyrkan.se\/akebonnier\/\"},{\"@type\":\"ListItem\",\"position\":2,\"name\":\"Elisabeth Ohlson Wallin\"}]},{\"@type\":\"WebSite\",\"@id\":\"https:\/\/blogg.svenskakyrkan.se\/akebonnier\/#website\",\"url\":\"https:\/\/blogg.svenskakyrkan.se\/akebonnier\/\",\"name\":\"\u00c5ke Bonnier\",\"description\":\"Biskop i Svenska kyrkan - Skara stift\",\"potentialAction\":[{\"@type\":\"SearchAction\",\"target\":{\"@type\":\"EntryPoint\",\"urlTemplate\":\"https:\/\/blogg.svenskakyrkan.se\/akebonnier\/?s={search_term_string}\"},\"query-input\":{\"@type\":\"PropertyValueSpecification\",\"valueRequired\":true,\"valueName\":\"search_term_string\"}}],\"inLanguage\":\"sv-SE\"},{\"@type\":\"Person\",\"@id\":\"https:\/\/blogg.svenskakyrkan.se\/akebonnier\/#\/schema\/person\/8db68bc0c94f6a5a62df2d4486ff1343\",\"name\":\"\u00c5ke Bonnier\",\"image\":{\"@type\":\"ImageObject\",\"inLanguage\":\"sv-SE\",\"@id\":\"https:\/\/blogg.svenskakyrkan.se\/akebonnier\/#\/schema\/person\/image\/\",\"url\":\"https:\/\/secure.gravatar.com\/avatar\/b88264736bb0bc0d1ea92298aef02c9f98cfc13c7484130c42c663ae484f9462?s=96&d=mm&r=g\",\"contentUrl\":\"https:\/\/secure.gravatar.com\/avatar\/b88264736bb0bc0d1ea92298aef02c9f98cfc13c7484130c42c663ae484f9462?s=96&d=mm&r=g\",\"caption\":\"\u00c5ke Bonnier\"},\"description\":\"Jag \u00e4r gift och har tv\u00e5 vuxna d\u00f6ttrar. Pr\u00e4stvigdes 1984 och biskopsvigs 26 augusti 2012 . Jag har tidigare bland annat varit, komminister och kyrkoherde i Liding\u00f6 f\u00f6rsamling och domprost i Stockholms domkyrkof\u00f6rsamling. Jag \u00e4r intresserad av konst, litteratur, teater, film. Jag tr\u00e4nar regelbundet p\u00e5 gym. Mitt huvudsakliga musikintresse \u00e4r klassisk musik men ocks\u00e5 Beatles, Elvis Presley, Monika Zettelund, Povel Ramel och m\u00e5nga andra tycker jag om att lyssna p\u00e5. Jag l\u00e4ser f\u00f6r lite sk\u00f6nlitteratur beroende p\u00e5 annat som jag m\u00e5ste l\u00e4sa i mitt uppdrag som biskop. Men jag \u00e4lskar b\u00f6cker. Naturligtvis l\u00e4ser jag n\u00e4st intill dagligdags i \\\"B\u00f6ckernas Bok.\\\"\",\"sameAs\":[\"http:\/\/www.skarastift.se\"],\"url\":\"https:\/\/blogg.svenskakyrkan.se\/akebonnier\/author\/akebonnier\/\"}]}<\/script>\n<!-- \/ Yoast SEO plugin. -->","yoast_head_json":{"title":"Elisabeth Ohlson Wallin - \u00c5ke Bonnier","robots":{"index":"index","follow":"follow","max-snippet":"max-snippet:-1","max-image-preview":"max-image-preview:large","max-video-preview":"max-video-preview:-1"},"canonical":"https:\/\/blogg.svenskakyrkan.se\/akebonnier\/2009\/05\/08\/elisabeth-ohlson-wallin\/","og_locale":"sv_SE","og_type":"article","og_title":"Elisabeth Ohlson Wallin - \u00c5ke Bonnier","og_description":"Du som l\u00e4ser min blogg och bor i Stockholm bara m\u00e5ste g\u00e5 till Storkyrkan de n\u00e4rmaste dagarna (senast den 16\/5 f\u00f6r att vara s\u00e4ker) och se den utst\u00e4llning som nu finns d\u00e4r: Anh\u00f6rig -p\u00e5 liv och d\u00f6d. Det \u00e4r Anh\u00f6rigfonden (www.anhorigfonden.se) som bad Elisabeth Ohlson Wallin att ta 10 bilder som handlar om canserdrabbade personer, [&hellip;]","og_url":"https:\/\/blogg.svenskakyrkan.se\/akebonnier\/2009\/05\/08\/elisabeth-ohlson-wallin\/","og_site_name":"\u00c5ke Bonnier","article_published_time":"2009-05-08T11:44:00+00:00","og_image":[{"url":"https:\/\/blogger.googleusercontent.com\/tracker\/9055441369901436026-3298796503193462162?l=akebonnier.blogspot.com","type":"","width":"","height":""}],"author":"\u00c5ke Bonnier","twitter_card":"summary_large_image","twitter_misc":{"Skriven av":"\u00c5ke Bonnier","Ber\u00e4knad l\u00e4stid":"2 minuter"},"schema":{"@context":"https:\/\/schema.org","@graph":[{"@type":"Article","@id":"https:\/\/blogg.svenskakyrkan.se\/akebonnier\/2009\/05\/08\/elisabeth-ohlson-wallin\/#article","isPartOf":{"@id":"https:\/\/blogg.svenskakyrkan.se\/akebonnier\/2009\/05\/08\/elisabeth-ohlson-wallin\/"},"author":{"name":"\u00c5ke Bonnier","@id":"https:\/\/blogg.svenskakyrkan.se\/akebonnier\/#\/schema\/person\/8db68bc0c94f6a5a62df2d4486ff1343"},"headline":"Elisabeth Ohlson Wallin","datePublished":"2009-05-08T11:44:00+00:00","mainEntityOfPage":{"@id":"https:\/\/blogg.svenskakyrkan.se\/akebonnier\/2009\/05\/08\/elisabeth-ohlson-wallin\/"},"wordCount":361,"commentCount":3,"image":{"@id":"https:\/\/blogg.svenskakyrkan.se\/akebonnier\/2009\/05\/08\/elisabeth-ohlson-wallin\/#primaryimage"},"thumbnailUrl":"https:\/\/blogger.googleusercontent.com\/tracker\/9055441369901436026-3298796503193462162?l=akebonnier.blogspot.com","articleSection":["Elisabeth Ohlson Wallin"],"inLanguage":"sv-SE","potentialAction":[{"@type":"CommentAction","name":"Comment","target":["https:\/\/blogg.svenskakyrkan.se\/akebonnier\/2009\/05\/08\/elisabeth-ohlson-wallin\/#respond"]}]},{"@type":"WebPage","@id":"https:\/\/blogg.svenskakyrkan.se\/akebonnier\/2009\/05\/08\/elisabeth-ohlson-wallin\/","url":"https:\/\/blogg.svenskakyrkan.se\/akebonnier\/2009\/05\/08\/elisabeth-ohlson-wallin\/","name":"Elisabeth Ohlson Wallin - \u00c5ke Bonnier","isPartOf":{"@id":"https:\/\/blogg.svenskakyrkan.se\/akebonnier\/#website"},"primaryImageOfPage":{"@id":"https:\/\/blogg.svenskakyrkan.se\/akebonnier\/2009\/05\/08\/elisabeth-ohlson-wallin\/#primaryimage"},"image":{"@id":"https:\/\/blogg.svenskakyrkan.se\/akebonnier\/2009\/05\/08\/elisabeth-ohlson-wallin\/#primaryimage"},"thumbnailUrl":"https:\/\/blogger.googleusercontent.com\/tracker\/9055441369901436026-3298796503193462162?l=akebonnier.blogspot.com","datePublished":"2009-05-08T11:44:00+00:00","author":{"@id":"https:\/\/blogg.svenskakyrkan.se\/akebonnier\/#\/schema\/person\/8db68bc0c94f6a5a62df2d4486ff1343"},"breadcrumb":{"@id":"https:\/\/blogg.svenskakyrkan.se\/akebonnier\/2009\/05\/08\/elisabeth-ohlson-wallin\/#breadcrumb"},"inLanguage":"sv-SE","potentialAction":[{"@type":"ReadAction","target":["https:\/\/blogg.svenskakyrkan.se\/akebonnier\/2009\/05\/08\/elisabeth-ohlson-wallin\/"]}]},{"@type":"ImageObject","inLanguage":"sv-SE","@id":"https:\/\/blogg.svenskakyrkan.se\/akebonnier\/2009\/05\/08\/elisabeth-ohlson-wallin\/#primaryimage","url":"https:\/\/blogger.googleusercontent.com\/tracker\/9055441369901436026-3298796503193462162?l=akebonnier.blogspot.com","contentUrl":"https:\/\/blogger.googleusercontent.com\/tracker\/9055441369901436026-3298796503193462162?l=akebonnier.blogspot.com"},{"@type":"BreadcrumbList","@id":"https:\/\/blogg.svenskakyrkan.se\/akebonnier\/2009\/05\/08\/elisabeth-ohlson-wallin\/#breadcrumb","itemListElement":[{"@type":"ListItem","position":1,"name":"Hem","item":"https:\/\/blogg.svenskakyrkan.se\/akebonnier\/"},{"@type":"ListItem","position":2,"name":"Elisabeth Ohlson Wallin"}]},{"@type":"WebSite","@id":"https:\/\/blogg.svenskakyrkan.se\/akebonnier\/#website","url":"https:\/\/blogg.svenskakyrkan.se\/akebonnier\/","name":"\u00c5ke Bonnier","description":"Biskop i Svenska kyrkan - Skara stift","potentialAction":[{"@type":"SearchAction","target":{"@type":"EntryPoint","urlTemplate":"https:\/\/blogg.svenskakyrkan.se\/akebonnier\/?s={search_term_string}"},"query-input":{"@type":"PropertyValueSpecification","valueRequired":true,"valueName":"search_term_string"}}],"inLanguage":"sv-SE"},{"@type":"Person","@id":"https:\/\/blogg.svenskakyrkan.se\/akebonnier\/#\/schema\/person\/8db68bc0c94f6a5a62df2d4486ff1343","name":"\u00c5ke Bonnier","image":{"@type":"ImageObject","inLanguage":"sv-SE","@id":"https:\/\/blogg.svenskakyrkan.se\/akebonnier\/#\/schema\/person\/image\/","url":"https:\/\/secure.gravatar.com\/avatar\/b88264736bb0bc0d1ea92298aef02c9f98cfc13c7484130c42c663ae484f9462?s=96&d=mm&r=g","contentUrl":"https:\/\/secure.gravatar.com\/avatar\/b88264736bb0bc0d1ea92298aef02c9f98cfc13c7484130c42c663ae484f9462?s=96&d=mm&r=g","caption":"\u00c5ke Bonnier"},"description":"Jag \u00e4r gift och har tv\u00e5 vuxna d\u00f6ttrar. Pr\u00e4stvigdes 1984 och biskopsvigs 26 augusti 2012 . Jag har tidigare bland annat varit, komminister och kyrkoherde i Liding\u00f6 f\u00f6rsamling och domprost i Stockholms domkyrkof\u00f6rsamling. Jag \u00e4r intresserad av konst, litteratur, teater, film. Jag tr\u00e4nar regelbundet p\u00e5 gym. Mitt huvudsakliga musikintresse \u00e4r klassisk musik men ocks\u00e5 Beatles, Elvis Presley, Monika Zettelund, Povel Ramel och m\u00e5nga andra tycker jag om att lyssna p\u00e5. Jag l\u00e4ser f\u00f6r lite sk\u00f6nlitteratur beroende p\u00e5 annat som jag m\u00e5ste l\u00e4sa i mitt uppdrag som biskop. Men jag \u00e4lskar b\u00f6cker. Naturligtvis l\u00e4ser jag n\u00e4st intill dagligdags i \"B\u00f6ckernas Bok.\"","sameAs":["http:\/\/www.skarastift.se"],"url":"https:\/\/blogg.svenskakyrkan.se\/akebonnier\/author\/akebonnier\/"}]}},"author_meta":{"ID":"108","user_nicename":"akebonnier","user_url":"http:\/\/www.skarastift.se","user_registered":"2011-10-11 09:24:48","display_name":"\u00c5ke Bonnier","first_name":"\u00c5ke","last_name":"Bonnier","avatar":"https:\/\/secure.gravatar.com\/avatar\/b88264736bb0bc0d1ea92298aef02c9f98cfc13c7484130c42c663ae484f9462?s=96&d=mm&r=g"},"featured_image":false,"bloginfo":{"name":"\u00c5ke Bonnier","url":"https:\/\/blogg.svenskakyrkan.se\/akebonnier"},"_links":{"self":[{"href":"https:\/\/blogg.svenskakyrkan.se\/akebonnier\/wp-json\/wp\/v2\/posts\/238","targetHints":{"allow":["GET"]}}],"collection":[{"href":"https:\/\/blogg.svenskakyrkan.se\/akebonnier\/wp-json\/wp\/v2\/posts"}],"about":[{"href":"https:\/\/blogg.svenskakyrkan.se\/akebonnier\/wp-json\/wp\/v2\/types\/post"}],"author":[{"embeddable":true,"href":"https:\/\/blogg.svenskakyrkan.se\/akebonnier\/wp-json\/wp\/v2\/users\/108"}],"replies":[{"embeddable":true,"href":"https:\/\/blogg.svenskakyrkan.se\/akebonnier\/wp-json\/wp\/v2\/comments?post=238"}],"version-history":[{"count":0,"href":"https:\/\/blogg.svenskakyrkan.se\/akebonnier\/wp-json\/wp\/v2\/posts\/238\/revisions"}],"wp:attachment":[{"href":"https:\/\/blogg.svenskakyrkan.se\/akebonnier\/wp-json\/wp\/v2\/media?parent=238"}],"wp:term":[{"taxonomy":"category","embeddable":true,"href":"https:\/\/blogg.svenskakyrkan.se\/akebonnier\/wp-json\/wp\/v2\/categories?post=238"},{"taxonomy":"post_tag","embeddable":true,"href":"https:\/\/blogg.svenskakyrkan.se\/akebonnier\/wp-json\/wp\/v2\/tags?post=238"}],"curies":[{"name":"wp","href":"https:\/\/api.w.org\/{rel}","templated":true}]}}