{"id":239,"date":"2009-05-10T20:23:00","date_gmt":"2009-05-10T20:23:00","guid":{"rendered":"http:\/\/blogg.svenskakyrkan.se\/akebonnier\/2009\/05\/10\/en-vanlig-sondag\/"},"modified":"2009-05-10T20:23:00","modified_gmt":"2009-05-10T20:23:00","slug":"en-vanlig-sondag","status":"publish","type":"post","link":"https:\/\/blogg.svenskakyrkan.se\/akebonnier\/2009\/05\/10\/en-vanlig-sondag\/","title":{"rendered":"En vanlig s\u00f6ndag!"},"content":{"rendered":"<p>Jag \u00e4r p\u00e5 s\u00e4tt och vis en vanem\u00e4nniska. En av vanorna \u00e4r att f\u00e5 fira gudstj\u00e4nst p\u00e5 s\u00f6ndagen. Idag var jag inte i tj\u00e4nst men jag ville g\u00e4rna g\u00e5 i kyrkan. S\u00e5dan \u00e4r jag. Det \u00e4r n\u00e4stan s\u00e5 att jag m\u00e5r &#8221;d\u00e5ligt&#8221; om jag inte f\u00e5r vara i en gudstj\u00e4nst (helst h\u00f6gm\u00e4ssa) om det \u00e4r s\u00f6ndag. S\u00e5 jag begav mig till en av mina favoritkyrkor &#8211; Storkyrkan och var med och assisterade i gudstj\u00e4nsten. Det \u00e4r, om jag f\u00e5r s\u00e4ga det sj\u00e4lv, en underbar gudstj\u00e4nstordning vi har. Egentligen skiljer den sig inte alls fr\u00e5n ordningar i andra kyrkor men vi f\u00f6rs\u00f6ker att f\u00f6lja h\u00f6gm\u00e4ssoordningen s\u00e5 noggrant vi kan och genomf\u00f6ra den med v\u00e4rme och allvar p\u00e5 en g\u00e5ng. Kom g\u00e4rna och var med i Storkyrkan en vanlig s\u00f6ndag.<\/p>\n<p>Efter h\u00f6gm\u00e4ssan for jag hem f\u00f6r att umg\u00e5s med n\u00e5gra grannar och en god v\u00e4n. Det visade sig f\u00f6r ett tag sedan att v\u00e5ra grannar och vi, ovetandes om varandra, &#8221;delade&#8221; p\u00e5 samme v\u00e4n. Nu hade han bott hos grannarna n\u00e5gra dagar och kom s\u00e5 flyttandes till oss f\u00f6r knappt tv\u00e5 dygn. Det \u00e4r trevligt.<\/p>\n<p>Efter en god lunch med grannar, v\u00e4n och hustru var det dags f\u00f6r mig att bege mig till Stockholms stifts kyrkv\u00e4rdsf\u00f6rening som hade \u00e5rsm\u00f6te i Kungsholms f\u00f6rsamling. Kyrkv\u00e4rdarna hade bett mig att tala om religionsdialog och som alla mina bloggl\u00e4sare kan ana talade jag g\u00e4rna om detta. Jag vill inspirera andra till en inkluderande kristendom snarare \u00e4n exkluderande och med det menar jag det jag i blogg efter blogg har talat om, antytt o s v  d v s att man kan vara djupt och fast rotad i tron p\u00e5 Jesus Kristus och \u00e4nd\u00e5 respektera tanken p\u00e5 att andra religioner har v\u00e4gar till Gudsgemenskap. Detta talade jag om.<\/p>\n<p>S\u00e5 var det dags vid 18-tiden f\u00f6r en konsert i S:t Jacobs kyrka. Sveriges kyrkog\u00e5rds- och krematorif\u00f6rbund (SKKF) har konferens och S:T Johannes f\u00f6rsamling, T\u00e4by f\u00f6rsamling och Stockholms domkyrkof\u00f6rsamling \u00e4r v\u00e4rdar. S:t Johannes och Domkyrkof\u00f6rsamlingen bj\u00f6d genom S:t Jacobs kammark\u00f6r under ledning av k\u00f6rledaren Gary Graden och med Mattias Wager vid orgel och flygel p\u00e5 en makal\u00f6s konsert. Intet \u00f6ga var torrt tror jag. Kom g\u00e4rna till S:t Jacob och lyssna p\u00e5 kammark\u00f6ren. Den \u00e4r makal\u00f6s!!!<\/p>\n<p>S\u00e5 blev det tid att bjuda v\u00e4nnen p\u00e5 restaurang och sedan hem.<\/p>\n<p>Ja, s\u00e5 s\u00e5g denna vanliga s\u00f6ndag ut i mitt liv.<\/p>\n<div class=\"blogger-post-footer\"><img width='1' height='1' src='https:\/\/blogger.googleusercontent.com\/tracker\/9055441369901436026-4814023623674960991?l=akebonnier.blogspot.com' alt='' \/><\/div>\n","protected":false},"excerpt":{"rendered":"<p>Jag \u00e4r p\u00e5 s\u00e4tt och vis en vanem\u00e4nniska. En av vanorna \u00e4r att f\u00e5 fira gudstj\u00e4nst p\u00e5 s\u00f6ndagen. Idag var jag inte i tj\u00e4nst men jag ville g\u00e4rna g\u00e5 i kyrkan. S\u00e5dan \u00e4r jag. Det \u00e4r n\u00e4stan s\u00e5 att jag m\u00e5r &#8221;d\u00e5ligt&#8221; om jag inte f\u00e5r vara i en gudstj\u00e4nst (helst h\u00f6gm\u00e4ssa) om det \u00e4r [&hellip;]<\/p>\n","protected":false},"author":108,"featured_media":0,"comment_status":"open","ping_status":"open","sticky":false,"template":"","format":"standard","meta":{"_acf_changed":false,"footnotes":""},"categories":[16213],"tags":[],"class_list":["post-239","post","type-post","status-publish","format-standard","hentry","category-en-vanlig-sondag"],"acf":[],"yoast_head":"<!-- This site is optimized with the Yoast SEO plugin v27.1.1 - https:\/\/yoast.com\/product\/yoast-seo-wordpress\/ -->\n<title>En vanlig s\u00f6ndag! - \u00c5ke Bonnier<\/title>\n<meta name=\"robots\" content=\"index, follow, max-snippet:-1, max-image-preview:large, max-video-preview:-1\" \/>\n<link rel=\"canonical\" href=\"https:\/\/blogg.svenskakyrkan.se\/akebonnier\/2009\/05\/10\/en-vanlig-sondag\/\" \/>\n<meta property=\"og:locale\" content=\"sv_SE\" \/>\n<meta property=\"og:type\" content=\"article\" \/>\n<meta property=\"og:title\" content=\"En vanlig s\u00f6ndag! - \u00c5ke Bonnier\" \/>\n<meta property=\"og:description\" content=\"Jag \u00e4r p\u00e5 s\u00e4tt och vis en vanem\u00e4nniska. En av vanorna \u00e4r att f\u00e5 fira gudstj\u00e4nst p\u00e5 s\u00f6ndagen. Idag var jag inte i tj\u00e4nst men jag ville g\u00e4rna g\u00e5 i kyrkan. S\u00e5dan \u00e4r jag. Det \u00e4r n\u00e4stan s\u00e5 att jag m\u00e5r &#8221;d\u00e5ligt&#8221; om jag inte f\u00e5r vara i en gudstj\u00e4nst (helst h\u00f6gm\u00e4ssa) om det \u00e4r [&hellip;]\" \/>\n<meta property=\"og:url\" content=\"https:\/\/blogg.svenskakyrkan.se\/akebonnier\/2009\/05\/10\/en-vanlig-sondag\/\" \/>\n<meta property=\"og:site_name\" content=\"\u00c5ke Bonnier\" \/>\n<meta property=\"article:published_time\" content=\"2009-05-10T20:23:00+00:00\" \/>\n<meta property=\"og:image\" content=\"https:\/\/blogger.googleusercontent.com\/tracker\/9055441369901436026-4814023623674960991?l=akebonnier.blogspot.com\" \/>\n<meta name=\"author\" content=\"\u00c5ke Bonnier\" \/>\n<meta name=\"twitter:card\" content=\"summary_large_image\" \/>\n<meta name=\"twitter:label1\" content=\"Skriven av\" \/>\n\t<meta name=\"twitter:data1\" content=\"\u00c5ke Bonnier\" \/>\n\t<meta name=\"twitter:label2\" content=\"Ber\u00e4knad l\u00e4stid\" \/>\n\t<meta name=\"twitter:data2\" content=\"2 minuter\" \/>\n<script type=\"application\/ld+json\" class=\"yoast-schema-graph\">{\"@context\":\"https:\/\/schema.org\",\"@graph\":[{\"@type\":\"Article\",\"@id\":\"https:\/\/blogg.svenskakyrkan.se\/akebonnier\/2009\/05\/10\/en-vanlig-sondag\/#article\",\"isPartOf\":{\"@id\":\"https:\/\/blogg.svenskakyrkan.se\/akebonnier\/2009\/05\/10\/en-vanlig-sondag\/\"},\"author\":{\"name\":\"\u00c5ke Bonnier\",\"@id\":\"https:\/\/blogg.svenskakyrkan.se\/akebonnier\/#\/schema\/person\/8db68bc0c94f6a5a62df2d4486ff1343\"},\"headline\":\"En vanlig s\u00f6ndag!\",\"datePublished\":\"2009-05-10T20:23:00+00:00\",\"mainEntityOfPage\":{\"@id\":\"https:\/\/blogg.svenskakyrkan.se\/akebonnier\/2009\/05\/10\/en-vanlig-sondag\/\"},\"wordCount\":469,\"commentCount\":2,\"image\":{\"@id\":\"https:\/\/blogg.svenskakyrkan.se\/akebonnier\/2009\/05\/10\/en-vanlig-sondag\/#primaryimage\"},\"thumbnailUrl\":\"https:\/\/blogger.googleusercontent.com\/tracker\/9055441369901436026-4814023623674960991?l=akebonnier.blogspot.com\",\"articleSection\":[\"En vanlig s\u00f6ndag\"],\"inLanguage\":\"sv-SE\",\"potentialAction\":[{\"@type\":\"CommentAction\",\"name\":\"Comment\",\"target\":[\"https:\/\/blogg.svenskakyrkan.se\/akebonnier\/2009\/05\/10\/en-vanlig-sondag\/#respond\"]}]},{\"@type\":\"WebPage\",\"@id\":\"https:\/\/blogg.svenskakyrkan.se\/akebonnier\/2009\/05\/10\/en-vanlig-sondag\/\",\"url\":\"https:\/\/blogg.svenskakyrkan.se\/akebonnier\/2009\/05\/10\/en-vanlig-sondag\/\",\"name\":\"En vanlig s\u00f6ndag! - \u00c5ke Bonnier\",\"isPartOf\":{\"@id\":\"https:\/\/blogg.svenskakyrkan.se\/akebonnier\/#website\"},\"primaryImageOfPage\":{\"@id\":\"https:\/\/blogg.svenskakyrkan.se\/akebonnier\/2009\/05\/10\/en-vanlig-sondag\/#primaryimage\"},\"image\":{\"@id\":\"https:\/\/blogg.svenskakyrkan.se\/akebonnier\/2009\/05\/10\/en-vanlig-sondag\/#primaryimage\"},\"thumbnailUrl\":\"https:\/\/blogger.googleusercontent.com\/tracker\/9055441369901436026-4814023623674960991?l=akebonnier.blogspot.com\",\"datePublished\":\"2009-05-10T20:23:00+00:00\",\"author\":{\"@id\":\"https:\/\/blogg.svenskakyrkan.se\/akebonnier\/#\/schema\/person\/8db68bc0c94f6a5a62df2d4486ff1343\"},\"breadcrumb\":{\"@id\":\"https:\/\/blogg.svenskakyrkan.se\/akebonnier\/2009\/05\/10\/en-vanlig-sondag\/#breadcrumb\"},\"inLanguage\":\"sv-SE\",\"potentialAction\":[{\"@type\":\"ReadAction\",\"target\":[\"https:\/\/blogg.svenskakyrkan.se\/akebonnier\/2009\/05\/10\/en-vanlig-sondag\/\"]}]},{\"@type\":\"ImageObject\",\"inLanguage\":\"sv-SE\",\"@id\":\"https:\/\/blogg.svenskakyrkan.se\/akebonnier\/2009\/05\/10\/en-vanlig-sondag\/#primaryimage\",\"url\":\"https:\/\/blogger.googleusercontent.com\/tracker\/9055441369901436026-4814023623674960991?l=akebonnier.blogspot.com\",\"contentUrl\":\"https:\/\/blogger.googleusercontent.com\/tracker\/9055441369901436026-4814023623674960991?l=akebonnier.blogspot.com\"},{\"@type\":\"BreadcrumbList\",\"@id\":\"https:\/\/blogg.svenskakyrkan.se\/akebonnier\/2009\/05\/10\/en-vanlig-sondag\/#breadcrumb\",\"itemListElement\":[{\"@type\":\"ListItem\",\"position\":1,\"name\":\"Hem\",\"item\":\"https:\/\/blogg.svenskakyrkan.se\/akebonnier\/\"},{\"@type\":\"ListItem\",\"position\":2,\"name\":\"En vanlig s\u00f6ndag!\"}]},{\"@type\":\"WebSite\",\"@id\":\"https:\/\/blogg.svenskakyrkan.se\/akebonnier\/#website\",\"url\":\"https:\/\/blogg.svenskakyrkan.se\/akebonnier\/\",\"name\":\"\u00c5ke Bonnier\",\"description\":\"Biskop i Svenska kyrkan - Skara stift\",\"potentialAction\":[{\"@type\":\"SearchAction\",\"target\":{\"@type\":\"EntryPoint\",\"urlTemplate\":\"https:\/\/blogg.svenskakyrkan.se\/akebonnier\/?s={search_term_string}\"},\"query-input\":{\"@type\":\"PropertyValueSpecification\",\"valueRequired\":true,\"valueName\":\"search_term_string\"}}],\"inLanguage\":\"sv-SE\"},{\"@type\":\"Person\",\"@id\":\"https:\/\/blogg.svenskakyrkan.se\/akebonnier\/#\/schema\/person\/8db68bc0c94f6a5a62df2d4486ff1343\",\"name\":\"\u00c5ke Bonnier\",\"image\":{\"@type\":\"ImageObject\",\"inLanguage\":\"sv-SE\",\"@id\":\"https:\/\/blogg.svenskakyrkan.se\/akebonnier\/#\/schema\/person\/image\/\",\"url\":\"https:\/\/secure.gravatar.com\/avatar\/b88264736bb0bc0d1ea92298aef02c9f98cfc13c7484130c42c663ae484f9462?s=96&d=mm&r=g\",\"contentUrl\":\"https:\/\/secure.gravatar.com\/avatar\/b88264736bb0bc0d1ea92298aef02c9f98cfc13c7484130c42c663ae484f9462?s=96&d=mm&r=g\",\"caption\":\"\u00c5ke Bonnier\"},\"description\":\"Jag \u00e4r gift och har tv\u00e5 vuxna d\u00f6ttrar. Pr\u00e4stvigdes 1984 och biskopsvigs 26 augusti 2012 . Jag har tidigare bland annat varit, komminister och kyrkoherde i Liding\u00f6 f\u00f6rsamling och domprost i Stockholms domkyrkof\u00f6rsamling. Jag \u00e4r intresserad av konst, litteratur, teater, film. Jag tr\u00e4nar regelbundet p\u00e5 gym. Mitt huvudsakliga musikintresse \u00e4r klassisk musik men ocks\u00e5 Beatles, Elvis Presley, Monika Zettelund, Povel Ramel och m\u00e5nga andra tycker jag om att lyssna p\u00e5. Jag l\u00e4ser f\u00f6r lite sk\u00f6nlitteratur beroende p\u00e5 annat som jag m\u00e5ste l\u00e4sa i mitt uppdrag som biskop. Men jag \u00e4lskar b\u00f6cker. Naturligtvis l\u00e4ser jag n\u00e4st intill dagligdags i \\\"B\u00f6ckernas Bok.\\\"\",\"sameAs\":[\"http:\/\/www.skarastift.se\"],\"url\":\"https:\/\/blogg.svenskakyrkan.se\/akebonnier\/author\/akebonnier\/\"}]}<\/script>\n<!-- \/ Yoast SEO plugin. -->","yoast_head_json":{"title":"En vanlig s\u00f6ndag! - \u00c5ke Bonnier","robots":{"index":"index","follow":"follow","max-snippet":"max-snippet:-1","max-image-preview":"max-image-preview:large","max-video-preview":"max-video-preview:-1"},"canonical":"https:\/\/blogg.svenskakyrkan.se\/akebonnier\/2009\/05\/10\/en-vanlig-sondag\/","og_locale":"sv_SE","og_type":"article","og_title":"En vanlig s\u00f6ndag! - \u00c5ke Bonnier","og_description":"Jag \u00e4r p\u00e5 s\u00e4tt och vis en vanem\u00e4nniska. En av vanorna \u00e4r att f\u00e5 fira gudstj\u00e4nst p\u00e5 s\u00f6ndagen. Idag var jag inte i tj\u00e4nst men jag ville g\u00e4rna g\u00e5 i kyrkan. S\u00e5dan \u00e4r jag. Det \u00e4r n\u00e4stan s\u00e5 att jag m\u00e5r &#8221;d\u00e5ligt&#8221; om jag inte f\u00e5r vara i en gudstj\u00e4nst (helst h\u00f6gm\u00e4ssa) om det \u00e4r [&hellip;]","og_url":"https:\/\/blogg.svenskakyrkan.se\/akebonnier\/2009\/05\/10\/en-vanlig-sondag\/","og_site_name":"\u00c5ke Bonnier","article_published_time":"2009-05-10T20:23:00+00:00","og_image":[{"url":"https:\/\/blogger.googleusercontent.com\/tracker\/9055441369901436026-4814023623674960991?l=akebonnier.blogspot.com","type":"","width":"","height":""}],"author":"\u00c5ke Bonnier","twitter_card":"summary_large_image","twitter_misc":{"Skriven av":"\u00c5ke Bonnier","Ber\u00e4knad l\u00e4stid":"2 minuter"},"schema":{"@context":"https:\/\/schema.org","@graph":[{"@type":"Article","@id":"https:\/\/blogg.svenskakyrkan.se\/akebonnier\/2009\/05\/10\/en-vanlig-sondag\/#article","isPartOf":{"@id":"https:\/\/blogg.svenskakyrkan.se\/akebonnier\/2009\/05\/10\/en-vanlig-sondag\/"},"author":{"name":"\u00c5ke Bonnier","@id":"https:\/\/blogg.svenskakyrkan.se\/akebonnier\/#\/schema\/person\/8db68bc0c94f6a5a62df2d4486ff1343"},"headline":"En vanlig s\u00f6ndag!","datePublished":"2009-05-10T20:23:00+00:00","mainEntityOfPage":{"@id":"https:\/\/blogg.svenskakyrkan.se\/akebonnier\/2009\/05\/10\/en-vanlig-sondag\/"},"wordCount":469,"commentCount":2,"image":{"@id":"https:\/\/blogg.svenskakyrkan.se\/akebonnier\/2009\/05\/10\/en-vanlig-sondag\/#primaryimage"},"thumbnailUrl":"https:\/\/blogger.googleusercontent.com\/tracker\/9055441369901436026-4814023623674960991?l=akebonnier.blogspot.com","articleSection":["En vanlig s\u00f6ndag"],"inLanguage":"sv-SE","potentialAction":[{"@type":"CommentAction","name":"Comment","target":["https:\/\/blogg.svenskakyrkan.se\/akebonnier\/2009\/05\/10\/en-vanlig-sondag\/#respond"]}]},{"@type":"WebPage","@id":"https:\/\/blogg.svenskakyrkan.se\/akebonnier\/2009\/05\/10\/en-vanlig-sondag\/","url":"https:\/\/blogg.svenskakyrkan.se\/akebonnier\/2009\/05\/10\/en-vanlig-sondag\/","name":"En vanlig s\u00f6ndag! - \u00c5ke Bonnier","isPartOf":{"@id":"https:\/\/blogg.svenskakyrkan.se\/akebonnier\/#website"},"primaryImageOfPage":{"@id":"https:\/\/blogg.svenskakyrkan.se\/akebonnier\/2009\/05\/10\/en-vanlig-sondag\/#primaryimage"},"image":{"@id":"https:\/\/blogg.svenskakyrkan.se\/akebonnier\/2009\/05\/10\/en-vanlig-sondag\/#primaryimage"},"thumbnailUrl":"https:\/\/blogger.googleusercontent.com\/tracker\/9055441369901436026-4814023623674960991?l=akebonnier.blogspot.com","datePublished":"2009-05-10T20:23:00+00:00","author":{"@id":"https:\/\/blogg.svenskakyrkan.se\/akebonnier\/#\/schema\/person\/8db68bc0c94f6a5a62df2d4486ff1343"},"breadcrumb":{"@id":"https:\/\/blogg.svenskakyrkan.se\/akebonnier\/2009\/05\/10\/en-vanlig-sondag\/#breadcrumb"},"inLanguage":"sv-SE","potentialAction":[{"@type":"ReadAction","target":["https:\/\/blogg.svenskakyrkan.se\/akebonnier\/2009\/05\/10\/en-vanlig-sondag\/"]}]},{"@type":"ImageObject","inLanguage":"sv-SE","@id":"https:\/\/blogg.svenskakyrkan.se\/akebonnier\/2009\/05\/10\/en-vanlig-sondag\/#primaryimage","url":"https:\/\/blogger.googleusercontent.com\/tracker\/9055441369901436026-4814023623674960991?l=akebonnier.blogspot.com","contentUrl":"https:\/\/blogger.googleusercontent.com\/tracker\/9055441369901436026-4814023623674960991?l=akebonnier.blogspot.com"},{"@type":"BreadcrumbList","@id":"https:\/\/blogg.svenskakyrkan.se\/akebonnier\/2009\/05\/10\/en-vanlig-sondag\/#breadcrumb","itemListElement":[{"@type":"ListItem","position":1,"name":"Hem","item":"https:\/\/blogg.svenskakyrkan.se\/akebonnier\/"},{"@type":"ListItem","position":2,"name":"En vanlig s\u00f6ndag!"}]},{"@type":"WebSite","@id":"https:\/\/blogg.svenskakyrkan.se\/akebonnier\/#website","url":"https:\/\/blogg.svenskakyrkan.se\/akebonnier\/","name":"\u00c5ke Bonnier","description":"Biskop i Svenska kyrkan - Skara stift","potentialAction":[{"@type":"SearchAction","target":{"@type":"EntryPoint","urlTemplate":"https:\/\/blogg.svenskakyrkan.se\/akebonnier\/?s={search_term_string}"},"query-input":{"@type":"PropertyValueSpecification","valueRequired":true,"valueName":"search_term_string"}}],"inLanguage":"sv-SE"},{"@type":"Person","@id":"https:\/\/blogg.svenskakyrkan.se\/akebonnier\/#\/schema\/person\/8db68bc0c94f6a5a62df2d4486ff1343","name":"\u00c5ke Bonnier","image":{"@type":"ImageObject","inLanguage":"sv-SE","@id":"https:\/\/blogg.svenskakyrkan.se\/akebonnier\/#\/schema\/person\/image\/","url":"https:\/\/secure.gravatar.com\/avatar\/b88264736bb0bc0d1ea92298aef02c9f98cfc13c7484130c42c663ae484f9462?s=96&d=mm&r=g","contentUrl":"https:\/\/secure.gravatar.com\/avatar\/b88264736bb0bc0d1ea92298aef02c9f98cfc13c7484130c42c663ae484f9462?s=96&d=mm&r=g","caption":"\u00c5ke Bonnier"},"description":"Jag \u00e4r gift och har tv\u00e5 vuxna d\u00f6ttrar. Pr\u00e4stvigdes 1984 och biskopsvigs 26 augusti 2012 . Jag har tidigare bland annat varit, komminister och kyrkoherde i Liding\u00f6 f\u00f6rsamling och domprost i Stockholms domkyrkof\u00f6rsamling. Jag \u00e4r intresserad av konst, litteratur, teater, film. Jag tr\u00e4nar regelbundet p\u00e5 gym. Mitt huvudsakliga musikintresse \u00e4r klassisk musik men ocks\u00e5 Beatles, Elvis Presley, Monika Zettelund, Povel Ramel och m\u00e5nga andra tycker jag om att lyssna p\u00e5. Jag l\u00e4ser f\u00f6r lite sk\u00f6nlitteratur beroende p\u00e5 annat som jag m\u00e5ste l\u00e4sa i mitt uppdrag som biskop. Men jag \u00e4lskar b\u00f6cker. Naturligtvis l\u00e4ser jag n\u00e4st intill dagligdags i \"B\u00f6ckernas Bok.\"","sameAs":["http:\/\/www.skarastift.se"],"url":"https:\/\/blogg.svenskakyrkan.se\/akebonnier\/author\/akebonnier\/"}]}},"author_meta":{"ID":"108","user_nicename":"akebonnier","user_url":"http:\/\/www.skarastift.se","user_registered":"2011-10-11 09:24:48","display_name":"\u00c5ke Bonnier","first_name":"\u00c5ke","last_name":"Bonnier","avatar":"https:\/\/secure.gravatar.com\/avatar\/b88264736bb0bc0d1ea92298aef02c9f98cfc13c7484130c42c663ae484f9462?s=96&d=mm&r=g"},"featured_image":false,"bloginfo":{"name":"\u00c5ke Bonnier","url":"https:\/\/blogg.svenskakyrkan.se\/akebonnier"},"_links":{"self":[{"href":"https:\/\/blogg.svenskakyrkan.se\/akebonnier\/wp-json\/wp\/v2\/posts\/239","targetHints":{"allow":["GET"]}}],"collection":[{"href":"https:\/\/blogg.svenskakyrkan.se\/akebonnier\/wp-json\/wp\/v2\/posts"}],"about":[{"href":"https:\/\/blogg.svenskakyrkan.se\/akebonnier\/wp-json\/wp\/v2\/types\/post"}],"author":[{"embeddable":true,"href":"https:\/\/blogg.svenskakyrkan.se\/akebonnier\/wp-json\/wp\/v2\/users\/108"}],"replies":[{"embeddable":true,"href":"https:\/\/blogg.svenskakyrkan.se\/akebonnier\/wp-json\/wp\/v2\/comments?post=239"}],"version-history":[{"count":0,"href":"https:\/\/blogg.svenskakyrkan.se\/akebonnier\/wp-json\/wp\/v2\/posts\/239\/revisions"}],"wp:attachment":[{"href":"https:\/\/blogg.svenskakyrkan.se\/akebonnier\/wp-json\/wp\/v2\/media?parent=239"}],"wp:term":[{"taxonomy":"category","embeddable":true,"href":"https:\/\/blogg.svenskakyrkan.se\/akebonnier\/wp-json\/wp\/v2\/categories?post=239"},{"taxonomy":"post_tag","embeddable":true,"href":"https:\/\/blogg.svenskakyrkan.se\/akebonnier\/wp-json\/wp\/v2\/tags?post=239"}],"curies":[{"name":"wp","href":"https:\/\/api.w.org\/{rel}","templated":true}]}}