{"id":241,"date":"2009-05-12T15:42:00","date_gmt":"2009-05-12T15:42:00","guid":{"rendered":"http:\/\/blogg.svenskakyrkan.se\/akebonnier\/2009\/05\/12\/manlig-omskarelse\/"},"modified":"2009-05-12T15:42:00","modified_gmt":"2009-05-12T15:42:00","slug":"manlig-omskarelse","status":"publish","type":"post","link":"https:\/\/blogg.svenskakyrkan.se\/akebonnier\/2009\/05\/12\/manlig-omskarelse\/","title":{"rendered":"Manlig omsk\u00e4relse."},"content":{"rendered":"<p>Min familj \u00e4r fr\u00e5n b\u00f6rjan en judisk familj och egentligen har vi alltid ansetts av andra som en judisk sl\u00e4kt oavsett att ingen som idag heter Bonnier och tillh\u00f6r v\u00e5r sl\u00e4kt tillh\u00f6r judiska f\u00f6rsamlingen. En g\u00e5ng jude alltid jude. Sj\u00e4lv \u00e4r jag stolt \u00f6ver det, stolt \u00f6ver att vara son till en judisk far och en mor som tillh\u00f6r Svenska kyrkan. jag \u00e4r inte jude eftersom judendomen \u00e4rvs p\u00e5 m\u00f6dernet. Jag \u00e4r inte ens halvjude eftersom det begreppet inte finns inom judendomen utan \u00e4r ett antisemitiskt p\u00e5fund av nazismen. Men jag kan k\u00e4nna med mina br\u00f6der i den judiska traditionen f\u00f6r vilka omsk\u00e4relsen \u00e4r viktig. En pojke omsk\u00e4rs p\u00e5 \u00e5ttonde dagen efter f\u00f6delsen och en sjuksk\u00f6terska ska vara med och ge bed\u00f6vning i n\u00e5gon form. F\u00f6r judar i alla tider har detta varit viktigt som ett f\u00f6rbundstecken. Man tillh\u00f6r Guds utvalda folk, utvalda att h\u00e5lla Tora (r\u00e4ttesn\u00f6ret\/lagen med 613 judiska bud och f\u00f6rbud). Omsk\u00e4relsen p\u00e5minner den omskurne om att han tillh\u00f6r det judiska folket &#8211; ett folk med m\u00e4nniskor som kan ha en judisk tro men som inte beh\u00f6ver ha det. man tillh\u00f6r folket i alla fall och omsk\u00e4relsen \u00e4r som sagt tecknet p\u00e5 det.<\/p>\n<p>jag kan inte f\u00f6rst\u00e5 att fr\u00e5gan om omsk\u00e4relsen har kommit att bli en s\u00e5 het fr\u00e5ga under de senare \u00e5ren och d\u00e4r man talar om s\u00e4mre sexliv och allt m\u00f6jligt annat av omsk\u00e4relsens kritiker. Omsk\u00e4relse har \u00e4gt rum i mer \u00e4n 2000 \u00e5r och g\u00f6rs ju n\u00e4r en pojke bara \u00e4r n\u00e5gra f\u00e5 dagar gammal. Vederb\u00f6rande minns inget av det och ska inte ha n\u00e5gra med av det. I den judiska religionen \u00e4r detta en viktig handling och fr\u00e5gan \u00e4r om man b\u00f6r f\u00f6rbjuda den.<\/p>\n<p>Jag tror att om man g\u00f6r det, riskerar man att tangera brott mot religionsfrihetslagen, och dessutom kommer m\u00e5nga att resa utomlands f\u00f6r att g\u00f6ra det eller i v\u00e4rsta fall l\u00e5ta charlataner utf\u00f6ra ingreppet med allt vederv\u00e4rdigt det kan medf\u00f6ra.<\/p>\n<p>Jag vet att det finns olika \u00e5sikter i denna fr\u00e5ga men jag menar att r\u00e4tten f\u00f6r en jude att l\u00e5ta omsk\u00e4ra sin son p\u00e5 \u00e5ttonde dagen m\u00e5ste f\u00e5 forts\u00e4tta att finnas.<\/p>\n<div class=\"blogger-post-footer\"><img width='1' height='1' src='https:\/\/blogger.googleusercontent.com\/tracker\/9055441369901436026-6461192935293195415?l=akebonnier.blogspot.com' alt='' \/><\/div>\n","protected":false},"excerpt":{"rendered":"<p>Min familj \u00e4r fr\u00e5n b\u00f6rjan en judisk familj och egentligen har vi alltid ansetts av andra som en judisk sl\u00e4kt oavsett att ingen som idag heter Bonnier och tillh\u00f6r v\u00e5r sl\u00e4kt tillh\u00f6r judiska f\u00f6rsamlingen. En g\u00e5ng jude alltid jude. Sj\u00e4lv \u00e4r jag stolt \u00f6ver det, stolt \u00f6ver att vara son till en judisk far och [&hellip;]<\/p>\n","protected":false},"author":108,"featured_media":0,"comment_status":"open","ping_status":"open","sticky":false,"template":"","format":"standard","meta":{"_acf_changed":false,"footnotes":""},"categories":[16215],"tags":[],"class_list":["post-241","post","type-post","status-publish","format-standard","hentry","category-manlig-omskarelse"],"acf":[],"yoast_head":"<!-- This site is optimized with the Yoast SEO plugin v27.1.1 - https:\/\/yoast.com\/product\/yoast-seo-wordpress\/ -->\n<title>Manlig omsk\u00e4relse. - \u00c5ke Bonnier<\/title>\n<meta name=\"robots\" content=\"index, follow, max-snippet:-1, max-image-preview:large, max-video-preview:-1\" \/>\n<link rel=\"canonical\" href=\"https:\/\/blogg.svenskakyrkan.se\/akebonnier\/2009\/05\/12\/manlig-omskarelse\/\" \/>\n<meta property=\"og:locale\" content=\"sv_SE\" \/>\n<meta property=\"og:type\" content=\"article\" \/>\n<meta property=\"og:title\" content=\"Manlig omsk\u00e4relse. - \u00c5ke Bonnier\" \/>\n<meta property=\"og:description\" content=\"Min familj \u00e4r fr\u00e5n b\u00f6rjan en judisk familj och egentligen har vi alltid ansetts av andra som en judisk sl\u00e4kt oavsett att ingen som idag heter Bonnier och tillh\u00f6r v\u00e5r sl\u00e4kt tillh\u00f6r judiska f\u00f6rsamlingen. En g\u00e5ng jude alltid jude. Sj\u00e4lv \u00e4r jag stolt \u00f6ver det, stolt \u00f6ver att vara son till en judisk far och [&hellip;]\" \/>\n<meta property=\"og:url\" content=\"https:\/\/blogg.svenskakyrkan.se\/akebonnier\/2009\/05\/12\/manlig-omskarelse\/\" \/>\n<meta property=\"og:site_name\" content=\"\u00c5ke Bonnier\" \/>\n<meta property=\"article:published_time\" content=\"2009-05-12T15:42:00+00:00\" \/>\n<meta property=\"og:image\" content=\"https:\/\/blogger.googleusercontent.com\/tracker\/9055441369901436026-6461192935293195415?l=akebonnier.blogspot.com\" \/>\n<meta name=\"author\" content=\"\u00c5ke Bonnier\" \/>\n<meta name=\"twitter:card\" content=\"summary_large_image\" \/>\n<meta name=\"twitter:label1\" content=\"Skriven av\" \/>\n\t<meta name=\"twitter:data1\" content=\"\u00c5ke Bonnier\" \/>\n\t<meta name=\"twitter:label2\" content=\"Ber\u00e4knad l\u00e4stid\" \/>\n\t<meta name=\"twitter:data2\" content=\"2 minuter\" \/>\n<script type=\"application\/ld+json\" class=\"yoast-schema-graph\">{\"@context\":\"https:\/\/schema.org\",\"@graph\":[{\"@type\":\"Article\",\"@id\":\"https:\/\/blogg.svenskakyrkan.se\/akebonnier\/2009\/05\/12\/manlig-omskarelse\/#article\",\"isPartOf\":{\"@id\":\"https:\/\/blogg.svenskakyrkan.se\/akebonnier\/2009\/05\/12\/manlig-omskarelse\/\"},\"author\":{\"name\":\"\u00c5ke Bonnier\",\"@id\":\"https:\/\/blogg.svenskakyrkan.se\/akebonnier\/#\/schema\/person\/8db68bc0c94f6a5a62df2d4486ff1343\"},\"headline\":\"Manlig omsk\u00e4relse.\",\"datePublished\":\"2009-05-12T15:42:00+00:00\",\"mainEntityOfPage\":{\"@id\":\"https:\/\/blogg.svenskakyrkan.se\/akebonnier\/2009\/05\/12\/manlig-omskarelse\/\"},\"wordCount\":421,\"commentCount\":12,\"image\":{\"@id\":\"https:\/\/blogg.svenskakyrkan.se\/akebonnier\/2009\/05\/12\/manlig-omskarelse\/#primaryimage\"},\"thumbnailUrl\":\"https:\/\/blogger.googleusercontent.com\/tracker\/9055441369901436026-6461192935293195415?l=akebonnier.blogspot.com\",\"articleSection\":[\"Manlig omsk\u00e4relse\"],\"inLanguage\":\"sv-SE\",\"potentialAction\":[{\"@type\":\"CommentAction\",\"name\":\"Comment\",\"target\":[\"https:\/\/blogg.svenskakyrkan.se\/akebonnier\/2009\/05\/12\/manlig-omskarelse\/#respond\"]}]},{\"@type\":\"WebPage\",\"@id\":\"https:\/\/blogg.svenskakyrkan.se\/akebonnier\/2009\/05\/12\/manlig-omskarelse\/\",\"url\":\"https:\/\/blogg.svenskakyrkan.se\/akebonnier\/2009\/05\/12\/manlig-omskarelse\/\",\"name\":\"Manlig omsk\u00e4relse. - \u00c5ke Bonnier\",\"isPartOf\":{\"@id\":\"https:\/\/blogg.svenskakyrkan.se\/akebonnier\/#website\"},\"primaryImageOfPage\":{\"@id\":\"https:\/\/blogg.svenskakyrkan.se\/akebonnier\/2009\/05\/12\/manlig-omskarelse\/#primaryimage\"},\"image\":{\"@id\":\"https:\/\/blogg.svenskakyrkan.se\/akebonnier\/2009\/05\/12\/manlig-omskarelse\/#primaryimage\"},\"thumbnailUrl\":\"https:\/\/blogger.googleusercontent.com\/tracker\/9055441369901436026-6461192935293195415?l=akebonnier.blogspot.com\",\"datePublished\":\"2009-05-12T15:42:00+00:00\",\"author\":{\"@id\":\"https:\/\/blogg.svenskakyrkan.se\/akebonnier\/#\/schema\/person\/8db68bc0c94f6a5a62df2d4486ff1343\"},\"breadcrumb\":{\"@id\":\"https:\/\/blogg.svenskakyrkan.se\/akebonnier\/2009\/05\/12\/manlig-omskarelse\/#breadcrumb\"},\"inLanguage\":\"sv-SE\",\"potentialAction\":[{\"@type\":\"ReadAction\",\"target\":[\"https:\/\/blogg.svenskakyrkan.se\/akebonnier\/2009\/05\/12\/manlig-omskarelse\/\"]}]},{\"@type\":\"ImageObject\",\"inLanguage\":\"sv-SE\",\"@id\":\"https:\/\/blogg.svenskakyrkan.se\/akebonnier\/2009\/05\/12\/manlig-omskarelse\/#primaryimage\",\"url\":\"https:\/\/blogger.googleusercontent.com\/tracker\/9055441369901436026-6461192935293195415?l=akebonnier.blogspot.com\",\"contentUrl\":\"https:\/\/blogger.googleusercontent.com\/tracker\/9055441369901436026-6461192935293195415?l=akebonnier.blogspot.com\"},{\"@type\":\"BreadcrumbList\",\"@id\":\"https:\/\/blogg.svenskakyrkan.se\/akebonnier\/2009\/05\/12\/manlig-omskarelse\/#breadcrumb\",\"itemListElement\":[{\"@type\":\"ListItem\",\"position\":1,\"name\":\"Hem\",\"item\":\"https:\/\/blogg.svenskakyrkan.se\/akebonnier\/\"},{\"@type\":\"ListItem\",\"position\":2,\"name\":\"Manlig omsk\u00e4relse.\"}]},{\"@type\":\"WebSite\",\"@id\":\"https:\/\/blogg.svenskakyrkan.se\/akebonnier\/#website\",\"url\":\"https:\/\/blogg.svenskakyrkan.se\/akebonnier\/\",\"name\":\"\u00c5ke Bonnier\",\"description\":\"Biskop i Svenska kyrkan - Skara stift\",\"potentialAction\":[{\"@type\":\"SearchAction\",\"target\":{\"@type\":\"EntryPoint\",\"urlTemplate\":\"https:\/\/blogg.svenskakyrkan.se\/akebonnier\/?s={search_term_string}\"},\"query-input\":{\"@type\":\"PropertyValueSpecification\",\"valueRequired\":true,\"valueName\":\"search_term_string\"}}],\"inLanguage\":\"sv-SE\"},{\"@type\":\"Person\",\"@id\":\"https:\/\/blogg.svenskakyrkan.se\/akebonnier\/#\/schema\/person\/8db68bc0c94f6a5a62df2d4486ff1343\",\"name\":\"\u00c5ke Bonnier\",\"image\":{\"@type\":\"ImageObject\",\"inLanguage\":\"sv-SE\",\"@id\":\"https:\/\/blogg.svenskakyrkan.se\/akebonnier\/#\/schema\/person\/image\/\",\"url\":\"https:\/\/secure.gravatar.com\/avatar\/b88264736bb0bc0d1ea92298aef02c9f98cfc13c7484130c42c663ae484f9462?s=96&d=mm&r=g\",\"contentUrl\":\"https:\/\/secure.gravatar.com\/avatar\/b88264736bb0bc0d1ea92298aef02c9f98cfc13c7484130c42c663ae484f9462?s=96&d=mm&r=g\",\"caption\":\"\u00c5ke Bonnier\"},\"description\":\"Jag \u00e4r gift och har tv\u00e5 vuxna d\u00f6ttrar. Pr\u00e4stvigdes 1984 och biskopsvigs 26 augusti 2012 . Jag har tidigare bland annat varit, komminister och kyrkoherde i Liding\u00f6 f\u00f6rsamling och domprost i Stockholms domkyrkof\u00f6rsamling. Jag \u00e4r intresserad av konst, litteratur, teater, film. Jag tr\u00e4nar regelbundet p\u00e5 gym. Mitt huvudsakliga musikintresse \u00e4r klassisk musik men ocks\u00e5 Beatles, Elvis Presley, Monika Zettelund, Povel Ramel och m\u00e5nga andra tycker jag om att lyssna p\u00e5. Jag l\u00e4ser f\u00f6r lite sk\u00f6nlitteratur beroende p\u00e5 annat som jag m\u00e5ste l\u00e4sa i mitt uppdrag som biskop. Men jag \u00e4lskar b\u00f6cker. Naturligtvis l\u00e4ser jag n\u00e4st intill dagligdags i \\\"B\u00f6ckernas Bok.\\\"\",\"sameAs\":[\"http:\/\/www.skarastift.se\"],\"url\":\"https:\/\/blogg.svenskakyrkan.se\/akebonnier\/author\/akebonnier\/\"}]}<\/script>\n<!-- \/ Yoast SEO plugin. -->","yoast_head_json":{"title":"Manlig omsk\u00e4relse. - \u00c5ke Bonnier","robots":{"index":"index","follow":"follow","max-snippet":"max-snippet:-1","max-image-preview":"max-image-preview:large","max-video-preview":"max-video-preview:-1"},"canonical":"https:\/\/blogg.svenskakyrkan.se\/akebonnier\/2009\/05\/12\/manlig-omskarelse\/","og_locale":"sv_SE","og_type":"article","og_title":"Manlig omsk\u00e4relse. - \u00c5ke Bonnier","og_description":"Min familj \u00e4r fr\u00e5n b\u00f6rjan en judisk familj och egentligen har vi alltid ansetts av andra som en judisk sl\u00e4kt oavsett att ingen som idag heter Bonnier och tillh\u00f6r v\u00e5r sl\u00e4kt tillh\u00f6r judiska f\u00f6rsamlingen. En g\u00e5ng jude alltid jude. Sj\u00e4lv \u00e4r jag stolt \u00f6ver det, stolt \u00f6ver att vara son till en judisk far och [&hellip;]","og_url":"https:\/\/blogg.svenskakyrkan.se\/akebonnier\/2009\/05\/12\/manlig-omskarelse\/","og_site_name":"\u00c5ke Bonnier","article_published_time":"2009-05-12T15:42:00+00:00","og_image":[{"url":"https:\/\/blogger.googleusercontent.com\/tracker\/9055441369901436026-6461192935293195415?l=akebonnier.blogspot.com","type":"","width":"","height":""}],"author":"\u00c5ke Bonnier","twitter_card":"summary_large_image","twitter_misc":{"Skriven av":"\u00c5ke Bonnier","Ber\u00e4knad l\u00e4stid":"2 minuter"},"schema":{"@context":"https:\/\/schema.org","@graph":[{"@type":"Article","@id":"https:\/\/blogg.svenskakyrkan.se\/akebonnier\/2009\/05\/12\/manlig-omskarelse\/#article","isPartOf":{"@id":"https:\/\/blogg.svenskakyrkan.se\/akebonnier\/2009\/05\/12\/manlig-omskarelse\/"},"author":{"name":"\u00c5ke Bonnier","@id":"https:\/\/blogg.svenskakyrkan.se\/akebonnier\/#\/schema\/person\/8db68bc0c94f6a5a62df2d4486ff1343"},"headline":"Manlig omsk\u00e4relse.","datePublished":"2009-05-12T15:42:00+00:00","mainEntityOfPage":{"@id":"https:\/\/blogg.svenskakyrkan.se\/akebonnier\/2009\/05\/12\/manlig-omskarelse\/"},"wordCount":421,"commentCount":12,"image":{"@id":"https:\/\/blogg.svenskakyrkan.se\/akebonnier\/2009\/05\/12\/manlig-omskarelse\/#primaryimage"},"thumbnailUrl":"https:\/\/blogger.googleusercontent.com\/tracker\/9055441369901436026-6461192935293195415?l=akebonnier.blogspot.com","articleSection":["Manlig omsk\u00e4relse"],"inLanguage":"sv-SE","potentialAction":[{"@type":"CommentAction","name":"Comment","target":["https:\/\/blogg.svenskakyrkan.se\/akebonnier\/2009\/05\/12\/manlig-omskarelse\/#respond"]}]},{"@type":"WebPage","@id":"https:\/\/blogg.svenskakyrkan.se\/akebonnier\/2009\/05\/12\/manlig-omskarelse\/","url":"https:\/\/blogg.svenskakyrkan.se\/akebonnier\/2009\/05\/12\/manlig-omskarelse\/","name":"Manlig omsk\u00e4relse. - \u00c5ke Bonnier","isPartOf":{"@id":"https:\/\/blogg.svenskakyrkan.se\/akebonnier\/#website"},"primaryImageOfPage":{"@id":"https:\/\/blogg.svenskakyrkan.se\/akebonnier\/2009\/05\/12\/manlig-omskarelse\/#primaryimage"},"image":{"@id":"https:\/\/blogg.svenskakyrkan.se\/akebonnier\/2009\/05\/12\/manlig-omskarelse\/#primaryimage"},"thumbnailUrl":"https:\/\/blogger.googleusercontent.com\/tracker\/9055441369901436026-6461192935293195415?l=akebonnier.blogspot.com","datePublished":"2009-05-12T15:42:00+00:00","author":{"@id":"https:\/\/blogg.svenskakyrkan.se\/akebonnier\/#\/schema\/person\/8db68bc0c94f6a5a62df2d4486ff1343"},"breadcrumb":{"@id":"https:\/\/blogg.svenskakyrkan.se\/akebonnier\/2009\/05\/12\/manlig-omskarelse\/#breadcrumb"},"inLanguage":"sv-SE","potentialAction":[{"@type":"ReadAction","target":["https:\/\/blogg.svenskakyrkan.se\/akebonnier\/2009\/05\/12\/manlig-omskarelse\/"]}]},{"@type":"ImageObject","inLanguage":"sv-SE","@id":"https:\/\/blogg.svenskakyrkan.se\/akebonnier\/2009\/05\/12\/manlig-omskarelse\/#primaryimage","url":"https:\/\/blogger.googleusercontent.com\/tracker\/9055441369901436026-6461192935293195415?l=akebonnier.blogspot.com","contentUrl":"https:\/\/blogger.googleusercontent.com\/tracker\/9055441369901436026-6461192935293195415?l=akebonnier.blogspot.com"},{"@type":"BreadcrumbList","@id":"https:\/\/blogg.svenskakyrkan.se\/akebonnier\/2009\/05\/12\/manlig-omskarelse\/#breadcrumb","itemListElement":[{"@type":"ListItem","position":1,"name":"Hem","item":"https:\/\/blogg.svenskakyrkan.se\/akebonnier\/"},{"@type":"ListItem","position":2,"name":"Manlig omsk\u00e4relse."}]},{"@type":"WebSite","@id":"https:\/\/blogg.svenskakyrkan.se\/akebonnier\/#website","url":"https:\/\/blogg.svenskakyrkan.se\/akebonnier\/","name":"\u00c5ke Bonnier","description":"Biskop i Svenska kyrkan - Skara stift","potentialAction":[{"@type":"SearchAction","target":{"@type":"EntryPoint","urlTemplate":"https:\/\/blogg.svenskakyrkan.se\/akebonnier\/?s={search_term_string}"},"query-input":{"@type":"PropertyValueSpecification","valueRequired":true,"valueName":"search_term_string"}}],"inLanguage":"sv-SE"},{"@type":"Person","@id":"https:\/\/blogg.svenskakyrkan.se\/akebonnier\/#\/schema\/person\/8db68bc0c94f6a5a62df2d4486ff1343","name":"\u00c5ke Bonnier","image":{"@type":"ImageObject","inLanguage":"sv-SE","@id":"https:\/\/blogg.svenskakyrkan.se\/akebonnier\/#\/schema\/person\/image\/","url":"https:\/\/secure.gravatar.com\/avatar\/b88264736bb0bc0d1ea92298aef02c9f98cfc13c7484130c42c663ae484f9462?s=96&d=mm&r=g","contentUrl":"https:\/\/secure.gravatar.com\/avatar\/b88264736bb0bc0d1ea92298aef02c9f98cfc13c7484130c42c663ae484f9462?s=96&d=mm&r=g","caption":"\u00c5ke Bonnier"},"description":"Jag \u00e4r gift och har tv\u00e5 vuxna d\u00f6ttrar. Pr\u00e4stvigdes 1984 och biskopsvigs 26 augusti 2012 . Jag har tidigare bland annat varit, komminister och kyrkoherde i Liding\u00f6 f\u00f6rsamling och domprost i Stockholms domkyrkof\u00f6rsamling. Jag \u00e4r intresserad av konst, litteratur, teater, film. Jag tr\u00e4nar regelbundet p\u00e5 gym. Mitt huvudsakliga musikintresse \u00e4r klassisk musik men ocks\u00e5 Beatles, Elvis Presley, Monika Zettelund, Povel Ramel och m\u00e5nga andra tycker jag om att lyssna p\u00e5. Jag l\u00e4ser f\u00f6r lite sk\u00f6nlitteratur beroende p\u00e5 annat som jag m\u00e5ste l\u00e4sa i mitt uppdrag som biskop. Men jag \u00e4lskar b\u00f6cker. Naturligtvis l\u00e4ser jag n\u00e4st intill dagligdags i \"B\u00f6ckernas Bok.\"","sameAs":["http:\/\/www.skarastift.se"],"url":"https:\/\/blogg.svenskakyrkan.se\/akebonnier\/author\/akebonnier\/"}]}},"author_meta":{"ID":"108","user_nicename":"akebonnier","user_url":"http:\/\/www.skarastift.se","user_registered":"2011-10-11 09:24:48","display_name":"\u00c5ke Bonnier","first_name":"\u00c5ke","last_name":"Bonnier","avatar":"https:\/\/secure.gravatar.com\/avatar\/b88264736bb0bc0d1ea92298aef02c9f98cfc13c7484130c42c663ae484f9462?s=96&d=mm&r=g"},"featured_image":false,"bloginfo":{"name":"\u00c5ke Bonnier","url":"https:\/\/blogg.svenskakyrkan.se\/akebonnier"},"_links":{"self":[{"href":"https:\/\/blogg.svenskakyrkan.se\/akebonnier\/wp-json\/wp\/v2\/posts\/241","targetHints":{"allow":["GET"]}}],"collection":[{"href":"https:\/\/blogg.svenskakyrkan.se\/akebonnier\/wp-json\/wp\/v2\/posts"}],"about":[{"href":"https:\/\/blogg.svenskakyrkan.se\/akebonnier\/wp-json\/wp\/v2\/types\/post"}],"author":[{"embeddable":true,"href":"https:\/\/blogg.svenskakyrkan.se\/akebonnier\/wp-json\/wp\/v2\/users\/108"}],"replies":[{"embeddable":true,"href":"https:\/\/blogg.svenskakyrkan.se\/akebonnier\/wp-json\/wp\/v2\/comments?post=241"}],"version-history":[{"count":0,"href":"https:\/\/blogg.svenskakyrkan.se\/akebonnier\/wp-json\/wp\/v2\/posts\/241\/revisions"}],"wp:attachment":[{"href":"https:\/\/blogg.svenskakyrkan.se\/akebonnier\/wp-json\/wp\/v2\/media?parent=241"}],"wp:term":[{"taxonomy":"category","embeddable":true,"href":"https:\/\/blogg.svenskakyrkan.se\/akebonnier\/wp-json\/wp\/v2\/categories?post=241"},{"taxonomy":"post_tag","embeddable":true,"href":"https:\/\/blogg.svenskakyrkan.se\/akebonnier\/wp-json\/wp\/v2\/tags?post=241"}],"curies":[{"name":"wp","href":"https:\/\/api.w.org\/{rel}","templated":true}]}}