{"id":243,"date":"2009-05-17T07:57:00","date_gmt":"2009-05-17T07:57:00","guid":{"rendered":"http:\/\/blogg.svenskakyrkan.se\/akebonnier\/2009\/05\/17\/brodrafolkens-val\/"},"modified":"2009-05-17T07:57:00","modified_gmt":"2009-05-17T07:57:00","slug":"brodrafolkens-val","status":"publish","type":"post","link":"https:\/\/blogg.svenskakyrkan.se\/akebonnier\/2009\/05\/17\/brodrafolkens-val\/","title":{"rendered":"Br\u00f6drafolkens v\u00e4l."},"content":{"rendered":"<p>Oscar <span class=\"blsp-spelling-error\">II:s<\/span> valspr\u00e5k k\u00e4nns aktuellt idag den 17 maj. Alexander <span class=\"blsp-spelling-error\">Rybak<\/span> som var Norges representant i <span class=\"blsp-spelling-error\">Eurovisionsschlagerfestivalen<\/span> vann en <span class=\"blsp-spelling-error\">jordskredsseger.<\/span> Vilken gl\u00e4dje! S\u00e5 roligt! Grattis till detta k\u00e4ra norska grannar och grattis p\u00e5 nationaldagen!! Jag antar att det kommer att bli ett firande utan like och att Oslos flygplats <span class=\"blsp-spelling-error\">Gardemoen<\/span> kommer att bli igenproppad av entusiaster n\u00e4r den norska hj\u00e4lten \u00e5terv\u00e4nder till f\u00e4derneslandet.<\/p>\n<p>Men br\u00f6drafolkens v\u00e4l \u00e4r n\u00e5got st\u00f6rre \u00e4n minnena av en union mellan Sverige och Norge eller schlagervinster och <span class=\"blsp-spelling-error\">nationaldagsfirande.<\/span> Br\u00f6drafolkens v\u00e4l borde vara kampordet f\u00f6r en r\u00e4ttvisare f\u00f6rdelning i v\u00e4rlden &#8211; en f\u00f6rdelning av jordens resurser, en f\u00f6rdelning av ekonomiska m\u00f6jligheter. Br\u00f6drafolkens v\u00e4l handlar om v\u00e5ra systrar och br\u00f6der i l\u00e4nder d\u00e4r m\u00e5nga dagligdags d\u00f6r av sv\u00e4lt, d\u00e4r m\u00e5nga dagligdags g\u00f6mmer sig i r\u00e4dsla f\u00f6r att bli d\u00f6dade av terrorgrupper, l\u00e4nder d\u00e4r m\u00e5nga dagligdags inte kan eller t\u00f6rs g\u00e5 i skola. Br\u00f6drafolkens v\u00e4l handlar om att i alla instanser k\u00e4mpa f\u00f6r \u00f6kat ekonomiskt st\u00f6d, f\u00f6r \u00f6kad hj\u00e4lp till sj\u00e4lvhj\u00e4lp, f\u00f6r \u00f6kad kamp f\u00f6r demokrati.<\/p>\n<p>Svenska kyrkan k\u00e4mpar tillsammans med andra systersamfund f\u00f6r br\u00f6drafolkens v\u00e4l genom Svenska kyrkans internationella arbete (Hela V\u00e4rlden). V\u00e5ra katolska br\u00f6der och systrar k\u00e4mpar genom <span class=\"blsp-spelling-error\">Caritas<\/span> och 5 andra kyrkor (Svenska Missionskyrkan, <span class=\"blsp-spelling-error\">Evangeliska<\/span> frikyrkan , <span class=\"blsp-spelling-error\">Metodistkyrkan<\/span> och Svenska <span class=\"blsp-spelling-error\">Aliansmissionen<\/span> och Svenska Baptistsamfundet) k\u00e4mpar genom hj\u00e4lporganisationen <span class=\"blsp-spelling-error\">Diakonia.<\/span> Alla dessa <span class=\"blsp-spelling-corrected\">organisationer<\/span> beh\u00f6vs b\u00e5de som p\u00e5tryckningsgrupper och som kanaler f\u00f6r resursf\u00f6rdelning, kanaler som kan g\u00e5 andra v\u00e4gar \u00e4n de statliga m\u00f6jligheterna.<\/p>\n<p>Som kristna m\u00e5ste vi v\u00e5ga lyfta v\u00e5ra \u00f6gon fr\u00e5n v\u00e5r egen lilla tillvaro hemma i Sverige, se att v\u00e4rlden \u00e4r st\u00f6rre och att vi h\u00f6r ihop &#8211; inte bara inom EU utan ocks\u00e5 utanf\u00f6r. Som kristna f\u00e5r vi allts\u00e5 bedja och verka f\u00f6r en r\u00e4ttvisare v\u00e4rld, en v\u00e4rld d\u00e4r vi har ansvar f\u00f6r <span class=\"blsp-spelling-corrected\">br\u00f6drafolkens<\/span> (br\u00f6dernas och systrarnas) v\u00e4l. L\u00e5t oss tillsammans bedja och handla!<\/p>\n<div class=\"blogger-post-footer\"><img width='1' height='1' src='https:\/\/blogger.googleusercontent.com\/tracker\/9055441369901436026-3703808955744735061?l=akebonnier.blogspot.com' alt='' \/><\/div>\n","protected":false},"excerpt":{"rendered":"<p>Oscar II:s valspr\u00e5k k\u00e4nns aktuellt idag den 17 maj. Alexander Rybak som var Norges representant i Eurovisionsschlagerfestivalen vann en jordskredsseger. Vilken gl\u00e4dje! S\u00e5 roligt! Grattis till detta k\u00e4ra norska grannar och grattis p\u00e5 nationaldagen!! Jag antar att det kommer att bli ett firande utan like och att Oslos flygplats Gardemoen kommer att bli igenproppad av [&hellip;]<\/p>\n","protected":false},"author":108,"featured_media":0,"comment_status":"open","ping_status":"open","sticky":false,"template":"","format":"standard","meta":{"_acf_changed":false,"footnotes":""},"categories":[16217],"tags":[],"class_list":["post-243","post","type-post","status-publish","format-standard","hentry","category-brodrafolkens-val"],"acf":[],"yoast_head":"<!-- This site is optimized with the Yoast SEO plugin v27.1.1 - https:\/\/yoast.com\/product\/yoast-seo-wordpress\/ -->\n<title>Br\u00f6drafolkens v\u00e4l. - \u00c5ke Bonnier<\/title>\n<meta name=\"robots\" content=\"index, follow, max-snippet:-1, max-image-preview:large, max-video-preview:-1\" \/>\n<link rel=\"canonical\" href=\"https:\/\/blogg.svenskakyrkan.se\/akebonnier\/2009\/05\/17\/brodrafolkens-val\/\" \/>\n<meta property=\"og:locale\" content=\"sv_SE\" \/>\n<meta property=\"og:type\" content=\"article\" \/>\n<meta property=\"og:title\" content=\"Br\u00f6drafolkens v\u00e4l. - \u00c5ke Bonnier\" \/>\n<meta property=\"og:description\" content=\"Oscar II:s valspr\u00e5k k\u00e4nns aktuellt idag den 17 maj. Alexander Rybak som var Norges representant i Eurovisionsschlagerfestivalen vann en jordskredsseger. Vilken gl\u00e4dje! S\u00e5 roligt! Grattis till detta k\u00e4ra norska grannar och grattis p\u00e5 nationaldagen!! Jag antar att det kommer att bli ett firande utan like och att Oslos flygplats Gardemoen kommer att bli igenproppad av [&hellip;]\" \/>\n<meta property=\"og:url\" content=\"https:\/\/blogg.svenskakyrkan.se\/akebonnier\/2009\/05\/17\/brodrafolkens-val\/\" \/>\n<meta property=\"og:site_name\" content=\"\u00c5ke Bonnier\" \/>\n<meta property=\"article:published_time\" content=\"2009-05-17T07:57:00+00:00\" \/>\n<meta property=\"og:image\" content=\"https:\/\/blogger.googleusercontent.com\/tracker\/9055441369901436026-3703808955744735061?l=akebonnier.blogspot.com\" \/>\n<meta name=\"author\" content=\"\u00c5ke Bonnier\" \/>\n<meta name=\"twitter:card\" content=\"summary_large_image\" \/>\n<meta name=\"twitter:label1\" content=\"Skriven av\" \/>\n\t<meta name=\"twitter:data1\" content=\"\u00c5ke Bonnier\" \/>\n\t<meta name=\"twitter:label2\" content=\"Ber\u00e4knad l\u00e4stid\" \/>\n\t<meta name=\"twitter:data2\" content=\"2 minuter\" \/>\n<script type=\"application\/ld+json\" class=\"yoast-schema-graph\">{\"@context\":\"https:\/\/schema.org\",\"@graph\":[{\"@type\":\"Article\",\"@id\":\"https:\/\/blogg.svenskakyrkan.se\/akebonnier\/2009\/05\/17\/brodrafolkens-val\/#article\",\"isPartOf\":{\"@id\":\"https:\/\/blogg.svenskakyrkan.se\/akebonnier\/2009\/05\/17\/brodrafolkens-val\/\"},\"author\":{\"name\":\"\u00c5ke Bonnier\",\"@id\":\"https:\/\/blogg.svenskakyrkan.se\/akebonnier\/#\/schema\/person\/8db68bc0c94f6a5a62df2d4486ff1343\"},\"headline\":\"Br\u00f6drafolkens v\u00e4l.\",\"datePublished\":\"2009-05-17T07:57:00+00:00\",\"mainEntityOfPage\":{\"@id\":\"https:\/\/blogg.svenskakyrkan.se\/akebonnier\/2009\/05\/17\/brodrafolkens-val\/\"},\"wordCount\":388,\"commentCount\":1,\"image\":{\"@id\":\"https:\/\/blogg.svenskakyrkan.se\/akebonnier\/2009\/05\/17\/brodrafolkens-val\/#primaryimage\"},\"thumbnailUrl\":\"https:\/\/blogger.googleusercontent.com\/tracker\/9055441369901436026-3703808955744735061?l=akebonnier.blogspot.com\",\"articleSection\":[\"Br\u00f6drafolkens v\u00e4l\"],\"inLanguage\":\"sv-SE\",\"potentialAction\":[{\"@type\":\"CommentAction\",\"name\":\"Comment\",\"target\":[\"https:\/\/blogg.svenskakyrkan.se\/akebonnier\/2009\/05\/17\/brodrafolkens-val\/#respond\"]}]},{\"@type\":\"WebPage\",\"@id\":\"https:\/\/blogg.svenskakyrkan.se\/akebonnier\/2009\/05\/17\/brodrafolkens-val\/\",\"url\":\"https:\/\/blogg.svenskakyrkan.se\/akebonnier\/2009\/05\/17\/brodrafolkens-val\/\",\"name\":\"Br\u00f6drafolkens v\u00e4l. - \u00c5ke Bonnier\",\"isPartOf\":{\"@id\":\"https:\/\/blogg.svenskakyrkan.se\/akebonnier\/#website\"},\"primaryImageOfPage\":{\"@id\":\"https:\/\/blogg.svenskakyrkan.se\/akebonnier\/2009\/05\/17\/brodrafolkens-val\/#primaryimage\"},\"image\":{\"@id\":\"https:\/\/blogg.svenskakyrkan.se\/akebonnier\/2009\/05\/17\/brodrafolkens-val\/#primaryimage\"},\"thumbnailUrl\":\"https:\/\/blogger.googleusercontent.com\/tracker\/9055441369901436026-3703808955744735061?l=akebonnier.blogspot.com\",\"datePublished\":\"2009-05-17T07:57:00+00:00\",\"author\":{\"@id\":\"https:\/\/blogg.svenskakyrkan.se\/akebonnier\/#\/schema\/person\/8db68bc0c94f6a5a62df2d4486ff1343\"},\"breadcrumb\":{\"@id\":\"https:\/\/blogg.svenskakyrkan.se\/akebonnier\/2009\/05\/17\/brodrafolkens-val\/#breadcrumb\"},\"inLanguage\":\"sv-SE\",\"potentialAction\":[{\"@type\":\"ReadAction\",\"target\":[\"https:\/\/blogg.svenskakyrkan.se\/akebonnier\/2009\/05\/17\/brodrafolkens-val\/\"]}]},{\"@type\":\"ImageObject\",\"inLanguage\":\"sv-SE\",\"@id\":\"https:\/\/blogg.svenskakyrkan.se\/akebonnier\/2009\/05\/17\/brodrafolkens-val\/#primaryimage\",\"url\":\"https:\/\/blogger.googleusercontent.com\/tracker\/9055441369901436026-3703808955744735061?l=akebonnier.blogspot.com\",\"contentUrl\":\"https:\/\/blogger.googleusercontent.com\/tracker\/9055441369901436026-3703808955744735061?l=akebonnier.blogspot.com\"},{\"@type\":\"BreadcrumbList\",\"@id\":\"https:\/\/blogg.svenskakyrkan.se\/akebonnier\/2009\/05\/17\/brodrafolkens-val\/#breadcrumb\",\"itemListElement\":[{\"@type\":\"ListItem\",\"position\":1,\"name\":\"Hem\",\"item\":\"https:\/\/blogg.svenskakyrkan.se\/akebonnier\/\"},{\"@type\":\"ListItem\",\"position\":2,\"name\":\"Br\u00f6drafolkens v\u00e4l.\"}]},{\"@type\":\"WebSite\",\"@id\":\"https:\/\/blogg.svenskakyrkan.se\/akebonnier\/#website\",\"url\":\"https:\/\/blogg.svenskakyrkan.se\/akebonnier\/\",\"name\":\"\u00c5ke Bonnier\",\"description\":\"Biskop i Svenska kyrkan - Skara stift\",\"potentialAction\":[{\"@type\":\"SearchAction\",\"target\":{\"@type\":\"EntryPoint\",\"urlTemplate\":\"https:\/\/blogg.svenskakyrkan.se\/akebonnier\/?s={search_term_string}\"},\"query-input\":{\"@type\":\"PropertyValueSpecification\",\"valueRequired\":true,\"valueName\":\"search_term_string\"}}],\"inLanguage\":\"sv-SE\"},{\"@type\":\"Person\",\"@id\":\"https:\/\/blogg.svenskakyrkan.se\/akebonnier\/#\/schema\/person\/8db68bc0c94f6a5a62df2d4486ff1343\",\"name\":\"\u00c5ke Bonnier\",\"image\":{\"@type\":\"ImageObject\",\"inLanguage\":\"sv-SE\",\"@id\":\"https:\/\/blogg.svenskakyrkan.se\/akebonnier\/#\/schema\/person\/image\/\",\"url\":\"https:\/\/secure.gravatar.com\/avatar\/b88264736bb0bc0d1ea92298aef02c9f98cfc13c7484130c42c663ae484f9462?s=96&d=mm&r=g\",\"contentUrl\":\"https:\/\/secure.gravatar.com\/avatar\/b88264736bb0bc0d1ea92298aef02c9f98cfc13c7484130c42c663ae484f9462?s=96&d=mm&r=g\",\"caption\":\"\u00c5ke Bonnier\"},\"description\":\"Jag \u00e4r gift och har tv\u00e5 vuxna d\u00f6ttrar. Pr\u00e4stvigdes 1984 och biskopsvigs 26 augusti 2012 . Jag har tidigare bland annat varit, komminister och kyrkoherde i Liding\u00f6 f\u00f6rsamling och domprost i Stockholms domkyrkof\u00f6rsamling. Jag \u00e4r intresserad av konst, litteratur, teater, film. Jag tr\u00e4nar regelbundet p\u00e5 gym. Mitt huvudsakliga musikintresse \u00e4r klassisk musik men ocks\u00e5 Beatles, Elvis Presley, Monika Zettelund, Povel Ramel och m\u00e5nga andra tycker jag om att lyssna p\u00e5. Jag l\u00e4ser f\u00f6r lite sk\u00f6nlitteratur beroende p\u00e5 annat som jag m\u00e5ste l\u00e4sa i mitt uppdrag som biskop. Men jag \u00e4lskar b\u00f6cker. Naturligtvis l\u00e4ser jag n\u00e4st intill dagligdags i \\\"B\u00f6ckernas Bok.\\\"\",\"sameAs\":[\"http:\/\/www.skarastift.se\"],\"url\":\"https:\/\/blogg.svenskakyrkan.se\/akebonnier\/author\/akebonnier\/\"}]}<\/script>\n<!-- \/ Yoast SEO plugin. -->","yoast_head_json":{"title":"Br\u00f6drafolkens v\u00e4l. - \u00c5ke Bonnier","robots":{"index":"index","follow":"follow","max-snippet":"max-snippet:-1","max-image-preview":"max-image-preview:large","max-video-preview":"max-video-preview:-1"},"canonical":"https:\/\/blogg.svenskakyrkan.se\/akebonnier\/2009\/05\/17\/brodrafolkens-val\/","og_locale":"sv_SE","og_type":"article","og_title":"Br\u00f6drafolkens v\u00e4l. - \u00c5ke Bonnier","og_description":"Oscar II:s valspr\u00e5k k\u00e4nns aktuellt idag den 17 maj. Alexander Rybak som var Norges representant i Eurovisionsschlagerfestivalen vann en jordskredsseger. Vilken gl\u00e4dje! S\u00e5 roligt! Grattis till detta k\u00e4ra norska grannar och grattis p\u00e5 nationaldagen!! Jag antar att det kommer att bli ett firande utan like och att Oslos flygplats Gardemoen kommer att bli igenproppad av [&hellip;]","og_url":"https:\/\/blogg.svenskakyrkan.se\/akebonnier\/2009\/05\/17\/brodrafolkens-val\/","og_site_name":"\u00c5ke Bonnier","article_published_time":"2009-05-17T07:57:00+00:00","og_image":[{"url":"https:\/\/blogger.googleusercontent.com\/tracker\/9055441369901436026-3703808955744735061?l=akebonnier.blogspot.com","type":"","width":"","height":""}],"author":"\u00c5ke Bonnier","twitter_card":"summary_large_image","twitter_misc":{"Skriven av":"\u00c5ke Bonnier","Ber\u00e4knad l\u00e4stid":"2 minuter"},"schema":{"@context":"https:\/\/schema.org","@graph":[{"@type":"Article","@id":"https:\/\/blogg.svenskakyrkan.se\/akebonnier\/2009\/05\/17\/brodrafolkens-val\/#article","isPartOf":{"@id":"https:\/\/blogg.svenskakyrkan.se\/akebonnier\/2009\/05\/17\/brodrafolkens-val\/"},"author":{"name":"\u00c5ke Bonnier","@id":"https:\/\/blogg.svenskakyrkan.se\/akebonnier\/#\/schema\/person\/8db68bc0c94f6a5a62df2d4486ff1343"},"headline":"Br\u00f6drafolkens v\u00e4l.","datePublished":"2009-05-17T07:57:00+00:00","mainEntityOfPage":{"@id":"https:\/\/blogg.svenskakyrkan.se\/akebonnier\/2009\/05\/17\/brodrafolkens-val\/"},"wordCount":388,"commentCount":1,"image":{"@id":"https:\/\/blogg.svenskakyrkan.se\/akebonnier\/2009\/05\/17\/brodrafolkens-val\/#primaryimage"},"thumbnailUrl":"https:\/\/blogger.googleusercontent.com\/tracker\/9055441369901436026-3703808955744735061?l=akebonnier.blogspot.com","articleSection":["Br\u00f6drafolkens v\u00e4l"],"inLanguage":"sv-SE","potentialAction":[{"@type":"CommentAction","name":"Comment","target":["https:\/\/blogg.svenskakyrkan.se\/akebonnier\/2009\/05\/17\/brodrafolkens-val\/#respond"]}]},{"@type":"WebPage","@id":"https:\/\/blogg.svenskakyrkan.se\/akebonnier\/2009\/05\/17\/brodrafolkens-val\/","url":"https:\/\/blogg.svenskakyrkan.se\/akebonnier\/2009\/05\/17\/brodrafolkens-val\/","name":"Br\u00f6drafolkens v\u00e4l. - \u00c5ke Bonnier","isPartOf":{"@id":"https:\/\/blogg.svenskakyrkan.se\/akebonnier\/#website"},"primaryImageOfPage":{"@id":"https:\/\/blogg.svenskakyrkan.se\/akebonnier\/2009\/05\/17\/brodrafolkens-val\/#primaryimage"},"image":{"@id":"https:\/\/blogg.svenskakyrkan.se\/akebonnier\/2009\/05\/17\/brodrafolkens-val\/#primaryimage"},"thumbnailUrl":"https:\/\/blogger.googleusercontent.com\/tracker\/9055441369901436026-3703808955744735061?l=akebonnier.blogspot.com","datePublished":"2009-05-17T07:57:00+00:00","author":{"@id":"https:\/\/blogg.svenskakyrkan.se\/akebonnier\/#\/schema\/person\/8db68bc0c94f6a5a62df2d4486ff1343"},"breadcrumb":{"@id":"https:\/\/blogg.svenskakyrkan.se\/akebonnier\/2009\/05\/17\/brodrafolkens-val\/#breadcrumb"},"inLanguage":"sv-SE","potentialAction":[{"@type":"ReadAction","target":["https:\/\/blogg.svenskakyrkan.se\/akebonnier\/2009\/05\/17\/brodrafolkens-val\/"]}]},{"@type":"ImageObject","inLanguage":"sv-SE","@id":"https:\/\/blogg.svenskakyrkan.se\/akebonnier\/2009\/05\/17\/brodrafolkens-val\/#primaryimage","url":"https:\/\/blogger.googleusercontent.com\/tracker\/9055441369901436026-3703808955744735061?l=akebonnier.blogspot.com","contentUrl":"https:\/\/blogger.googleusercontent.com\/tracker\/9055441369901436026-3703808955744735061?l=akebonnier.blogspot.com"},{"@type":"BreadcrumbList","@id":"https:\/\/blogg.svenskakyrkan.se\/akebonnier\/2009\/05\/17\/brodrafolkens-val\/#breadcrumb","itemListElement":[{"@type":"ListItem","position":1,"name":"Hem","item":"https:\/\/blogg.svenskakyrkan.se\/akebonnier\/"},{"@type":"ListItem","position":2,"name":"Br\u00f6drafolkens v\u00e4l."}]},{"@type":"WebSite","@id":"https:\/\/blogg.svenskakyrkan.se\/akebonnier\/#website","url":"https:\/\/blogg.svenskakyrkan.se\/akebonnier\/","name":"\u00c5ke Bonnier","description":"Biskop i Svenska kyrkan - Skara stift","potentialAction":[{"@type":"SearchAction","target":{"@type":"EntryPoint","urlTemplate":"https:\/\/blogg.svenskakyrkan.se\/akebonnier\/?s={search_term_string}"},"query-input":{"@type":"PropertyValueSpecification","valueRequired":true,"valueName":"search_term_string"}}],"inLanguage":"sv-SE"},{"@type":"Person","@id":"https:\/\/blogg.svenskakyrkan.se\/akebonnier\/#\/schema\/person\/8db68bc0c94f6a5a62df2d4486ff1343","name":"\u00c5ke Bonnier","image":{"@type":"ImageObject","inLanguage":"sv-SE","@id":"https:\/\/blogg.svenskakyrkan.se\/akebonnier\/#\/schema\/person\/image\/","url":"https:\/\/secure.gravatar.com\/avatar\/b88264736bb0bc0d1ea92298aef02c9f98cfc13c7484130c42c663ae484f9462?s=96&d=mm&r=g","contentUrl":"https:\/\/secure.gravatar.com\/avatar\/b88264736bb0bc0d1ea92298aef02c9f98cfc13c7484130c42c663ae484f9462?s=96&d=mm&r=g","caption":"\u00c5ke Bonnier"},"description":"Jag \u00e4r gift och har tv\u00e5 vuxna d\u00f6ttrar. Pr\u00e4stvigdes 1984 och biskopsvigs 26 augusti 2012 . Jag har tidigare bland annat varit, komminister och kyrkoherde i Liding\u00f6 f\u00f6rsamling och domprost i Stockholms domkyrkof\u00f6rsamling. Jag \u00e4r intresserad av konst, litteratur, teater, film. Jag tr\u00e4nar regelbundet p\u00e5 gym. Mitt huvudsakliga musikintresse \u00e4r klassisk musik men ocks\u00e5 Beatles, Elvis Presley, Monika Zettelund, Povel Ramel och m\u00e5nga andra tycker jag om att lyssna p\u00e5. Jag l\u00e4ser f\u00f6r lite sk\u00f6nlitteratur beroende p\u00e5 annat som jag m\u00e5ste l\u00e4sa i mitt uppdrag som biskop. Men jag \u00e4lskar b\u00f6cker. Naturligtvis l\u00e4ser jag n\u00e4st intill dagligdags i \"B\u00f6ckernas Bok.\"","sameAs":["http:\/\/www.skarastift.se"],"url":"https:\/\/blogg.svenskakyrkan.se\/akebonnier\/author\/akebonnier\/"}]}},"author_meta":{"ID":"108","user_nicename":"akebonnier","user_url":"http:\/\/www.skarastift.se","user_registered":"2011-10-11 09:24:48","display_name":"\u00c5ke Bonnier","first_name":"\u00c5ke","last_name":"Bonnier","avatar":"https:\/\/secure.gravatar.com\/avatar\/b88264736bb0bc0d1ea92298aef02c9f98cfc13c7484130c42c663ae484f9462?s=96&d=mm&r=g"},"featured_image":false,"bloginfo":{"name":"\u00c5ke Bonnier","url":"https:\/\/blogg.svenskakyrkan.se\/akebonnier"},"_links":{"self":[{"href":"https:\/\/blogg.svenskakyrkan.se\/akebonnier\/wp-json\/wp\/v2\/posts\/243","targetHints":{"allow":["GET"]}}],"collection":[{"href":"https:\/\/blogg.svenskakyrkan.se\/akebonnier\/wp-json\/wp\/v2\/posts"}],"about":[{"href":"https:\/\/blogg.svenskakyrkan.se\/akebonnier\/wp-json\/wp\/v2\/types\/post"}],"author":[{"embeddable":true,"href":"https:\/\/blogg.svenskakyrkan.se\/akebonnier\/wp-json\/wp\/v2\/users\/108"}],"replies":[{"embeddable":true,"href":"https:\/\/blogg.svenskakyrkan.se\/akebonnier\/wp-json\/wp\/v2\/comments?post=243"}],"version-history":[{"count":0,"href":"https:\/\/blogg.svenskakyrkan.se\/akebonnier\/wp-json\/wp\/v2\/posts\/243\/revisions"}],"wp:attachment":[{"href":"https:\/\/blogg.svenskakyrkan.se\/akebonnier\/wp-json\/wp\/v2\/media?parent=243"}],"wp:term":[{"taxonomy":"category","embeddable":true,"href":"https:\/\/blogg.svenskakyrkan.se\/akebonnier\/wp-json\/wp\/v2\/categories?post=243"},{"taxonomy":"post_tag","embeddable":true,"href":"https:\/\/blogg.svenskakyrkan.se\/akebonnier\/wp-json\/wp\/v2\/tags?post=243"}],"curies":[{"name":"wp","href":"https:\/\/api.w.org\/{rel}","templated":true}]}}