{"id":244,"date":"2009-05-20T05:15:00","date_gmt":"2009-05-20T05:15:00","guid":{"rendered":"http:\/\/blogg.svenskakyrkan.se\/akebonnier\/2009\/05\/20\/domkapitelbeslut\/"},"modified":"2009-05-20T05:15:00","modified_gmt":"2009-05-20T05:15:00","slug":"domkapitelbeslut","status":"publish","type":"post","link":"https:\/\/blogg.svenskakyrkan.se\/akebonnier\/2009\/05\/20\/domkapitelbeslut\/","title":{"rendered":"Domkapitelbeslut."},"content":{"rendered":"<p>K\u00e4ra bloggl\u00e4sare, jag beklagar att jag inte hunnit skriva n\u00e5gra blogginl\u00e4gg sedan i s\u00f6ndags men nu kommer ett nytt igen.<\/p>\n<p>Denna g\u00e5ng vill jag h\u00e5lla fram tv\u00e5 uppm\u00e4rksammade domkapitelbeslut. Det handlar om tv\u00e5 pr\u00e4ster som f\u00e5tt en erinran respektive pr\u00f6votid f\u00f6r tv\u00e5 ol\u00e4mpliga relationer med betydligt yngre lekm\u00e4n. I det ena fallet handlar det om en kvinlig pr\u00e4sts relation till en ung pojke som varit hennes tidigare konfirmand och i det andra fallet handlar det om en manlig pr\u00e4sts relation med en ung kvinna. I b\u00e4gge fallen har domkapitlets beslut kritiserats. Kritikerna anser, med press-&#8221;information&#8221; som underlag, att domkapitlet varit alltf\u00f6r flat i sin bed\u00f6mning och i sitt &#8221;domslut&#8221;. Inte minst i det sista fallet borde pr\u00e4sten fr\u00e5ntagits r\u00e4tten att ut\u00f6va vigningstj\u00e4nsten.<\/p>\n<p>Som vice ordf\u00f6rande i domkapitlet vill jag understryka det komplicerade i en process som handlar om anm\u00e4lan mot pr\u00e4ster och diakoner, d v s vigningstj\u00e4nstinnehavare. Domkapitlet vill naturligtvis fatta beslut som blir s\u00e5 v\u00e4lgrundade som m\u00f6jligt. Vi lyssnar till m\u00e5nga inblandade, vi v\u00e4ger argumenten fram och tillbaka, vi v\u00e4ger argumenten mot den lagstiftning som g\u00e4ller. D\u00e4rf\u00f6r tar en process likt de ovan n\u00e4mnda ganska l\u00e5ng tid. Det viktiga \u00e4r att det blir s\u00e5 kloka beslut som m\u00f6jligt.<\/p>\n<p>Det som s\u00e4gs p\u00e5 ett domkapitelsammantr\u00e4de kommer bara ut genom ett beslutsprotokoll som \u00e4r offentligt. D\u00e4r redovisas inte samtal, d\u00e4r redovisas inte v\u00e5ndor. D\u00e4r redovisas endast beslut och i vissa fall bakgrund och beslutsmotivreingar. D\u00e4r redovisas inte heller vem som r\u00f6stat f\u00f6r eller emot vad. D\u00e4r redovisas endast reservationer mot beslut n\u00e4r s\u00e5dana f\u00f6rekommer.<\/p>\n<p>Med dessa rader vill jag bara understryka att de sv\u00e5ra m\u00e5len i domkapitlet \u00e4r betydligt sv\u00e5rare \u00e4n media kan beskriva M\u00e5nga fler infallsvinklar finns \u00e4n vad som kommer till allm\u00e4nhetens k\u00e4nnedom. Det \u00e4r utifr\u00e5n ett v\u00e4gande av alla dessa &#8221;ingredienser&#8221; som domkapitlet fattar sina beslut.<\/p>\n<p>Helle Klein talade i radio om k\u00e5randa i domkapitlet. Jag tillh\u00f6r &#8221;pr\u00e4stk\u00e5ren&#8221; men vill \u00e5 det best\u00e4mdaste protestera mot k\u00e5randabeskyllningen. Det finns ingen k\u00e5randa p\u00e5 det s\u00e4ttet i domkapitlet. Det finns kloka lekm\u00e4n med juridisk kunskap, med teologisk kunskap, med kyrkor\u00e4ttslig kunskap, det finns biskop, pr\u00e4ster och f\u00f6rtroendevalda och framf\u00f6r allt finns det m\u00e4nniskor som vill fatta s\u00e5 v\u00e4lgrundade, r\u00e4ttvisande och kloka beslut som m\u00f6jligt.<\/p>\n<div class=\"blogger-post-footer\"><img width='1' height='1' src='https:\/\/blogger.googleusercontent.com\/tracker\/9055441369901436026-7418576020678885439?l=akebonnier.blogspot.com' alt='' \/><\/div>\n","protected":false},"excerpt":{"rendered":"<p>K\u00e4ra bloggl\u00e4sare, jag beklagar att jag inte hunnit skriva n\u00e5gra blogginl\u00e4gg sedan i s\u00f6ndags men nu kommer ett nytt igen. Denna g\u00e5ng vill jag h\u00e5lla fram tv\u00e5 uppm\u00e4rksammade domkapitelbeslut. Det handlar om tv\u00e5 pr\u00e4ster som f\u00e5tt en erinran respektive pr\u00f6votid f\u00f6r tv\u00e5 ol\u00e4mpliga relationer med betydligt yngre lekm\u00e4n. I det ena fallet handlar det om [&hellip;]<\/p>\n","protected":false},"author":108,"featured_media":0,"comment_status":"open","ping_status":"open","sticky":false,"template":"","format":"standard","meta":{"_acf_changed":false,"footnotes":""},"categories":[16218],"tags":[],"class_list":["post-244","post","type-post","status-publish","format-standard","hentry","category-domkapitelbeslut"],"acf":[],"yoast_head":"<!-- This site is optimized with the Yoast SEO plugin v27.1.1 - https:\/\/yoast.com\/product\/yoast-seo-wordpress\/ -->\n<title>Domkapitelbeslut. - \u00c5ke Bonnier<\/title>\n<meta name=\"robots\" content=\"index, follow, max-snippet:-1, max-image-preview:large, max-video-preview:-1\" \/>\n<link rel=\"canonical\" href=\"https:\/\/blogg.svenskakyrkan.se\/akebonnier\/2009\/05\/20\/domkapitelbeslut\/\" \/>\n<meta property=\"og:locale\" content=\"sv_SE\" \/>\n<meta property=\"og:type\" content=\"article\" \/>\n<meta property=\"og:title\" content=\"Domkapitelbeslut. - \u00c5ke Bonnier\" \/>\n<meta property=\"og:description\" content=\"K\u00e4ra bloggl\u00e4sare, jag beklagar att jag inte hunnit skriva n\u00e5gra blogginl\u00e4gg sedan i s\u00f6ndags men nu kommer ett nytt igen. Denna g\u00e5ng vill jag h\u00e5lla fram tv\u00e5 uppm\u00e4rksammade domkapitelbeslut. Det handlar om tv\u00e5 pr\u00e4ster som f\u00e5tt en erinran respektive pr\u00f6votid f\u00f6r tv\u00e5 ol\u00e4mpliga relationer med betydligt yngre lekm\u00e4n. I det ena fallet handlar det om [&hellip;]\" \/>\n<meta property=\"og:url\" content=\"https:\/\/blogg.svenskakyrkan.se\/akebonnier\/2009\/05\/20\/domkapitelbeslut\/\" \/>\n<meta property=\"og:site_name\" content=\"\u00c5ke Bonnier\" \/>\n<meta property=\"article:published_time\" content=\"2009-05-20T05:15:00+00:00\" \/>\n<meta property=\"og:image\" content=\"https:\/\/blogger.googleusercontent.com\/tracker\/9055441369901436026-7418576020678885439?l=akebonnier.blogspot.com\" \/>\n<meta name=\"author\" content=\"\u00c5ke Bonnier\" \/>\n<meta name=\"twitter:card\" content=\"summary_large_image\" \/>\n<meta name=\"twitter:label1\" content=\"Skriven av\" \/>\n\t<meta name=\"twitter:data1\" content=\"\u00c5ke Bonnier\" \/>\n\t<meta name=\"twitter:label2\" content=\"Ber\u00e4knad l\u00e4stid\" \/>\n\t<meta name=\"twitter:data2\" content=\"2 minuter\" \/>\n<script type=\"application\/ld+json\" class=\"yoast-schema-graph\">{\"@context\":\"https:\/\/schema.org\",\"@graph\":[{\"@type\":\"Article\",\"@id\":\"https:\/\/blogg.svenskakyrkan.se\/akebonnier\/2009\/05\/20\/domkapitelbeslut\/#article\",\"isPartOf\":{\"@id\":\"https:\/\/blogg.svenskakyrkan.se\/akebonnier\/2009\/05\/20\/domkapitelbeslut\/\"},\"author\":{\"name\":\"\u00c5ke Bonnier\",\"@id\":\"https:\/\/blogg.svenskakyrkan.se\/akebonnier\/#\/schema\/person\/8db68bc0c94f6a5a62df2d4486ff1343\"},\"headline\":\"Domkapitelbeslut.\",\"datePublished\":\"2009-05-20T05:15:00+00:00\",\"mainEntityOfPage\":{\"@id\":\"https:\/\/blogg.svenskakyrkan.se\/akebonnier\/2009\/05\/20\/domkapitelbeslut\/\"},\"wordCount\":441,\"commentCount\":5,\"image\":{\"@id\":\"https:\/\/blogg.svenskakyrkan.se\/akebonnier\/2009\/05\/20\/domkapitelbeslut\/#primaryimage\"},\"thumbnailUrl\":\"https:\/\/blogger.googleusercontent.com\/tracker\/9055441369901436026-7418576020678885439?l=akebonnier.blogspot.com\",\"articleSection\":[\"Domkapitelbeslut\"],\"inLanguage\":\"sv-SE\",\"potentialAction\":[{\"@type\":\"CommentAction\",\"name\":\"Comment\",\"target\":[\"https:\/\/blogg.svenskakyrkan.se\/akebonnier\/2009\/05\/20\/domkapitelbeslut\/#respond\"]}]},{\"@type\":\"WebPage\",\"@id\":\"https:\/\/blogg.svenskakyrkan.se\/akebonnier\/2009\/05\/20\/domkapitelbeslut\/\",\"url\":\"https:\/\/blogg.svenskakyrkan.se\/akebonnier\/2009\/05\/20\/domkapitelbeslut\/\",\"name\":\"Domkapitelbeslut. - \u00c5ke Bonnier\",\"isPartOf\":{\"@id\":\"https:\/\/blogg.svenskakyrkan.se\/akebonnier\/#website\"},\"primaryImageOfPage\":{\"@id\":\"https:\/\/blogg.svenskakyrkan.se\/akebonnier\/2009\/05\/20\/domkapitelbeslut\/#primaryimage\"},\"image\":{\"@id\":\"https:\/\/blogg.svenskakyrkan.se\/akebonnier\/2009\/05\/20\/domkapitelbeslut\/#primaryimage\"},\"thumbnailUrl\":\"https:\/\/blogger.googleusercontent.com\/tracker\/9055441369901436026-7418576020678885439?l=akebonnier.blogspot.com\",\"datePublished\":\"2009-05-20T05:15:00+00:00\",\"author\":{\"@id\":\"https:\/\/blogg.svenskakyrkan.se\/akebonnier\/#\/schema\/person\/8db68bc0c94f6a5a62df2d4486ff1343\"},\"breadcrumb\":{\"@id\":\"https:\/\/blogg.svenskakyrkan.se\/akebonnier\/2009\/05\/20\/domkapitelbeslut\/#breadcrumb\"},\"inLanguage\":\"sv-SE\",\"potentialAction\":[{\"@type\":\"ReadAction\",\"target\":[\"https:\/\/blogg.svenskakyrkan.se\/akebonnier\/2009\/05\/20\/domkapitelbeslut\/\"]}]},{\"@type\":\"ImageObject\",\"inLanguage\":\"sv-SE\",\"@id\":\"https:\/\/blogg.svenskakyrkan.se\/akebonnier\/2009\/05\/20\/domkapitelbeslut\/#primaryimage\",\"url\":\"https:\/\/blogger.googleusercontent.com\/tracker\/9055441369901436026-7418576020678885439?l=akebonnier.blogspot.com\",\"contentUrl\":\"https:\/\/blogger.googleusercontent.com\/tracker\/9055441369901436026-7418576020678885439?l=akebonnier.blogspot.com\"},{\"@type\":\"BreadcrumbList\",\"@id\":\"https:\/\/blogg.svenskakyrkan.se\/akebonnier\/2009\/05\/20\/domkapitelbeslut\/#breadcrumb\",\"itemListElement\":[{\"@type\":\"ListItem\",\"position\":1,\"name\":\"Hem\",\"item\":\"https:\/\/blogg.svenskakyrkan.se\/akebonnier\/\"},{\"@type\":\"ListItem\",\"position\":2,\"name\":\"Domkapitelbeslut.\"}]},{\"@type\":\"WebSite\",\"@id\":\"https:\/\/blogg.svenskakyrkan.se\/akebonnier\/#website\",\"url\":\"https:\/\/blogg.svenskakyrkan.se\/akebonnier\/\",\"name\":\"\u00c5ke Bonnier\",\"description\":\"Biskop i Svenska kyrkan - Skara stift\",\"potentialAction\":[{\"@type\":\"SearchAction\",\"target\":{\"@type\":\"EntryPoint\",\"urlTemplate\":\"https:\/\/blogg.svenskakyrkan.se\/akebonnier\/?s={search_term_string}\"},\"query-input\":{\"@type\":\"PropertyValueSpecification\",\"valueRequired\":true,\"valueName\":\"search_term_string\"}}],\"inLanguage\":\"sv-SE\"},{\"@type\":\"Person\",\"@id\":\"https:\/\/blogg.svenskakyrkan.se\/akebonnier\/#\/schema\/person\/8db68bc0c94f6a5a62df2d4486ff1343\",\"name\":\"\u00c5ke Bonnier\",\"image\":{\"@type\":\"ImageObject\",\"inLanguage\":\"sv-SE\",\"@id\":\"https:\/\/blogg.svenskakyrkan.se\/akebonnier\/#\/schema\/person\/image\/\",\"url\":\"https:\/\/secure.gravatar.com\/avatar\/b88264736bb0bc0d1ea92298aef02c9f98cfc13c7484130c42c663ae484f9462?s=96&d=mm&r=g\",\"contentUrl\":\"https:\/\/secure.gravatar.com\/avatar\/b88264736bb0bc0d1ea92298aef02c9f98cfc13c7484130c42c663ae484f9462?s=96&d=mm&r=g\",\"caption\":\"\u00c5ke Bonnier\"},\"description\":\"Jag \u00e4r gift och har tv\u00e5 vuxna d\u00f6ttrar. Pr\u00e4stvigdes 1984 och biskopsvigs 26 augusti 2012 . Jag har tidigare bland annat varit, komminister och kyrkoherde i Liding\u00f6 f\u00f6rsamling och domprost i Stockholms domkyrkof\u00f6rsamling. Jag \u00e4r intresserad av konst, litteratur, teater, film. Jag tr\u00e4nar regelbundet p\u00e5 gym. Mitt huvudsakliga musikintresse \u00e4r klassisk musik men ocks\u00e5 Beatles, Elvis Presley, Monika Zettelund, Povel Ramel och m\u00e5nga andra tycker jag om att lyssna p\u00e5. Jag l\u00e4ser f\u00f6r lite sk\u00f6nlitteratur beroende p\u00e5 annat som jag m\u00e5ste l\u00e4sa i mitt uppdrag som biskop. Men jag \u00e4lskar b\u00f6cker. Naturligtvis l\u00e4ser jag n\u00e4st intill dagligdags i \\\"B\u00f6ckernas Bok.\\\"\",\"sameAs\":[\"http:\/\/www.skarastift.se\"],\"url\":\"https:\/\/blogg.svenskakyrkan.se\/akebonnier\/author\/akebonnier\/\"}]}<\/script>\n<!-- \/ Yoast SEO plugin. -->","yoast_head_json":{"title":"Domkapitelbeslut. - \u00c5ke Bonnier","robots":{"index":"index","follow":"follow","max-snippet":"max-snippet:-1","max-image-preview":"max-image-preview:large","max-video-preview":"max-video-preview:-1"},"canonical":"https:\/\/blogg.svenskakyrkan.se\/akebonnier\/2009\/05\/20\/domkapitelbeslut\/","og_locale":"sv_SE","og_type":"article","og_title":"Domkapitelbeslut. - \u00c5ke Bonnier","og_description":"K\u00e4ra bloggl\u00e4sare, jag beklagar att jag inte hunnit skriva n\u00e5gra blogginl\u00e4gg sedan i s\u00f6ndags men nu kommer ett nytt igen. Denna g\u00e5ng vill jag h\u00e5lla fram tv\u00e5 uppm\u00e4rksammade domkapitelbeslut. Det handlar om tv\u00e5 pr\u00e4ster som f\u00e5tt en erinran respektive pr\u00f6votid f\u00f6r tv\u00e5 ol\u00e4mpliga relationer med betydligt yngre lekm\u00e4n. I det ena fallet handlar det om [&hellip;]","og_url":"https:\/\/blogg.svenskakyrkan.se\/akebonnier\/2009\/05\/20\/domkapitelbeslut\/","og_site_name":"\u00c5ke Bonnier","article_published_time":"2009-05-20T05:15:00+00:00","og_image":[{"url":"https:\/\/blogger.googleusercontent.com\/tracker\/9055441369901436026-7418576020678885439?l=akebonnier.blogspot.com","type":"","width":"","height":""}],"author":"\u00c5ke Bonnier","twitter_card":"summary_large_image","twitter_misc":{"Skriven av":"\u00c5ke Bonnier","Ber\u00e4knad l\u00e4stid":"2 minuter"},"schema":{"@context":"https:\/\/schema.org","@graph":[{"@type":"Article","@id":"https:\/\/blogg.svenskakyrkan.se\/akebonnier\/2009\/05\/20\/domkapitelbeslut\/#article","isPartOf":{"@id":"https:\/\/blogg.svenskakyrkan.se\/akebonnier\/2009\/05\/20\/domkapitelbeslut\/"},"author":{"name":"\u00c5ke Bonnier","@id":"https:\/\/blogg.svenskakyrkan.se\/akebonnier\/#\/schema\/person\/8db68bc0c94f6a5a62df2d4486ff1343"},"headline":"Domkapitelbeslut.","datePublished":"2009-05-20T05:15:00+00:00","mainEntityOfPage":{"@id":"https:\/\/blogg.svenskakyrkan.se\/akebonnier\/2009\/05\/20\/domkapitelbeslut\/"},"wordCount":441,"commentCount":5,"image":{"@id":"https:\/\/blogg.svenskakyrkan.se\/akebonnier\/2009\/05\/20\/domkapitelbeslut\/#primaryimage"},"thumbnailUrl":"https:\/\/blogger.googleusercontent.com\/tracker\/9055441369901436026-7418576020678885439?l=akebonnier.blogspot.com","articleSection":["Domkapitelbeslut"],"inLanguage":"sv-SE","potentialAction":[{"@type":"CommentAction","name":"Comment","target":["https:\/\/blogg.svenskakyrkan.se\/akebonnier\/2009\/05\/20\/domkapitelbeslut\/#respond"]}]},{"@type":"WebPage","@id":"https:\/\/blogg.svenskakyrkan.se\/akebonnier\/2009\/05\/20\/domkapitelbeslut\/","url":"https:\/\/blogg.svenskakyrkan.se\/akebonnier\/2009\/05\/20\/domkapitelbeslut\/","name":"Domkapitelbeslut. - \u00c5ke Bonnier","isPartOf":{"@id":"https:\/\/blogg.svenskakyrkan.se\/akebonnier\/#website"},"primaryImageOfPage":{"@id":"https:\/\/blogg.svenskakyrkan.se\/akebonnier\/2009\/05\/20\/domkapitelbeslut\/#primaryimage"},"image":{"@id":"https:\/\/blogg.svenskakyrkan.se\/akebonnier\/2009\/05\/20\/domkapitelbeslut\/#primaryimage"},"thumbnailUrl":"https:\/\/blogger.googleusercontent.com\/tracker\/9055441369901436026-7418576020678885439?l=akebonnier.blogspot.com","datePublished":"2009-05-20T05:15:00+00:00","author":{"@id":"https:\/\/blogg.svenskakyrkan.se\/akebonnier\/#\/schema\/person\/8db68bc0c94f6a5a62df2d4486ff1343"},"breadcrumb":{"@id":"https:\/\/blogg.svenskakyrkan.se\/akebonnier\/2009\/05\/20\/domkapitelbeslut\/#breadcrumb"},"inLanguage":"sv-SE","potentialAction":[{"@type":"ReadAction","target":["https:\/\/blogg.svenskakyrkan.se\/akebonnier\/2009\/05\/20\/domkapitelbeslut\/"]}]},{"@type":"ImageObject","inLanguage":"sv-SE","@id":"https:\/\/blogg.svenskakyrkan.se\/akebonnier\/2009\/05\/20\/domkapitelbeslut\/#primaryimage","url":"https:\/\/blogger.googleusercontent.com\/tracker\/9055441369901436026-7418576020678885439?l=akebonnier.blogspot.com","contentUrl":"https:\/\/blogger.googleusercontent.com\/tracker\/9055441369901436026-7418576020678885439?l=akebonnier.blogspot.com"},{"@type":"BreadcrumbList","@id":"https:\/\/blogg.svenskakyrkan.se\/akebonnier\/2009\/05\/20\/domkapitelbeslut\/#breadcrumb","itemListElement":[{"@type":"ListItem","position":1,"name":"Hem","item":"https:\/\/blogg.svenskakyrkan.se\/akebonnier\/"},{"@type":"ListItem","position":2,"name":"Domkapitelbeslut."}]},{"@type":"WebSite","@id":"https:\/\/blogg.svenskakyrkan.se\/akebonnier\/#website","url":"https:\/\/blogg.svenskakyrkan.se\/akebonnier\/","name":"\u00c5ke Bonnier","description":"Biskop i Svenska kyrkan - Skara stift","potentialAction":[{"@type":"SearchAction","target":{"@type":"EntryPoint","urlTemplate":"https:\/\/blogg.svenskakyrkan.se\/akebonnier\/?s={search_term_string}"},"query-input":{"@type":"PropertyValueSpecification","valueRequired":true,"valueName":"search_term_string"}}],"inLanguage":"sv-SE"},{"@type":"Person","@id":"https:\/\/blogg.svenskakyrkan.se\/akebonnier\/#\/schema\/person\/8db68bc0c94f6a5a62df2d4486ff1343","name":"\u00c5ke Bonnier","image":{"@type":"ImageObject","inLanguage":"sv-SE","@id":"https:\/\/blogg.svenskakyrkan.se\/akebonnier\/#\/schema\/person\/image\/","url":"https:\/\/secure.gravatar.com\/avatar\/b88264736bb0bc0d1ea92298aef02c9f98cfc13c7484130c42c663ae484f9462?s=96&d=mm&r=g","contentUrl":"https:\/\/secure.gravatar.com\/avatar\/b88264736bb0bc0d1ea92298aef02c9f98cfc13c7484130c42c663ae484f9462?s=96&d=mm&r=g","caption":"\u00c5ke Bonnier"},"description":"Jag \u00e4r gift och har tv\u00e5 vuxna d\u00f6ttrar. Pr\u00e4stvigdes 1984 och biskopsvigs 26 augusti 2012 . Jag har tidigare bland annat varit, komminister och kyrkoherde i Liding\u00f6 f\u00f6rsamling och domprost i Stockholms domkyrkof\u00f6rsamling. Jag \u00e4r intresserad av konst, litteratur, teater, film. Jag tr\u00e4nar regelbundet p\u00e5 gym. Mitt huvudsakliga musikintresse \u00e4r klassisk musik men ocks\u00e5 Beatles, Elvis Presley, Monika Zettelund, Povel Ramel och m\u00e5nga andra tycker jag om att lyssna p\u00e5. Jag l\u00e4ser f\u00f6r lite sk\u00f6nlitteratur beroende p\u00e5 annat som jag m\u00e5ste l\u00e4sa i mitt uppdrag som biskop. Men jag \u00e4lskar b\u00f6cker. Naturligtvis l\u00e4ser jag n\u00e4st intill dagligdags i \"B\u00f6ckernas Bok.\"","sameAs":["http:\/\/www.skarastift.se"],"url":"https:\/\/blogg.svenskakyrkan.se\/akebonnier\/author\/akebonnier\/"}]}},"author_meta":{"ID":"108","user_nicename":"akebonnier","user_url":"http:\/\/www.skarastift.se","user_registered":"2011-10-11 09:24:48","display_name":"\u00c5ke Bonnier","first_name":"\u00c5ke","last_name":"Bonnier","avatar":"https:\/\/secure.gravatar.com\/avatar\/b88264736bb0bc0d1ea92298aef02c9f98cfc13c7484130c42c663ae484f9462?s=96&d=mm&r=g"},"featured_image":false,"bloginfo":{"name":"\u00c5ke Bonnier","url":"https:\/\/blogg.svenskakyrkan.se\/akebonnier"},"_links":{"self":[{"href":"https:\/\/blogg.svenskakyrkan.se\/akebonnier\/wp-json\/wp\/v2\/posts\/244","targetHints":{"allow":["GET"]}}],"collection":[{"href":"https:\/\/blogg.svenskakyrkan.se\/akebonnier\/wp-json\/wp\/v2\/posts"}],"about":[{"href":"https:\/\/blogg.svenskakyrkan.se\/akebonnier\/wp-json\/wp\/v2\/types\/post"}],"author":[{"embeddable":true,"href":"https:\/\/blogg.svenskakyrkan.se\/akebonnier\/wp-json\/wp\/v2\/users\/108"}],"replies":[{"embeddable":true,"href":"https:\/\/blogg.svenskakyrkan.se\/akebonnier\/wp-json\/wp\/v2\/comments?post=244"}],"version-history":[{"count":0,"href":"https:\/\/blogg.svenskakyrkan.se\/akebonnier\/wp-json\/wp\/v2\/posts\/244\/revisions"}],"wp:attachment":[{"href":"https:\/\/blogg.svenskakyrkan.se\/akebonnier\/wp-json\/wp\/v2\/media?parent=244"}],"wp:term":[{"taxonomy":"category","embeddable":true,"href":"https:\/\/blogg.svenskakyrkan.se\/akebonnier\/wp-json\/wp\/v2\/categories?post=244"},{"taxonomy":"post_tag","embeddable":true,"href":"https:\/\/blogg.svenskakyrkan.se\/akebonnier\/wp-json\/wp\/v2\/tags?post=244"}],"curies":[{"name":"wp","href":"https:\/\/api.w.org\/{rel}","templated":true}]}}