{"id":249,"date":"2009-05-25T21:27:00","date_gmt":"2009-05-25T21:27:00","guid":{"rendered":"http:\/\/blogg.svenskakyrkan.se\/akebonnier\/2009\/05\/25\/vilken-ar-din-drom-om-st-jacobs-kyrka-som-ligger-vid-kungstradgarden\/"},"modified":"2009-05-25T21:27:00","modified_gmt":"2009-05-25T21:27:00","slug":"vilken-ar-din-drom-om-st-jacobs-kyrka-som-ligger-vid-kungstradgarden","status":"publish","type":"post","link":"https:\/\/blogg.svenskakyrkan.se\/akebonnier\/2009\/05\/25\/vilken-ar-din-drom-om-st-jacobs-kyrka-som-ligger-vid-kungstradgarden\/","title":{"rendered":"Vilken \u00e4r Din dr\u00f6m om S:t Jacobs kyrka som ligger vid Kungstr\u00e4dg\u00e5rden?"},"content":{"rendered":"<p><a href=\"http:\/\/3.bp.blogspot.com\/_L3wVnmY-x14\/ShsQHwYe7AI\/AAAAAAAAAC0\/LiTmKfixZNY\/s1600-h\/S.t+Jacob.bmp\"><img decoding=\"async\" border=\"0\" alt=\"\" src=\"http:\/\/3.bp.blogspot.com\/_L3wVnmY-x14\/ShsQHwYe7AI\/AAAAAAAAAC0\/LiTmKfixZNY\/s320\/S.t+Jacob.bmp\" \/><\/a><\/p>\n<div>Idag har jag varit p\u00e5 Yxlan utanf\u00f6r Norrt\u00e4lje. Det nya arbetslaget i Storkyrkan-S:tJacob hade arbetslagstr\u00e4ff hos en av medarbetarna p\u00e5 dennes sommarst\u00e4lle. Solen lyste \u00f6ver oss och p\u00e5 oss( br\u00e4nde mig sedvanligt) och vi satt och nj\u00f6t av den f\u00f6r dagen komna sommarv\u00e4rmen och resonerade om gudstj\u00e4nstliv och musikliv. I augusti st\u00e4nger ju S:t Jacobs kyrka. Vad g\u00f6r vi d\u00e5? Kanske en liten bordsm\u00e4ssa i k\u00f6rsalen (salen p\u00e5 \u00f6vre v\u00e5ningen&#8230;) p\u00e5 s\u00f6ndagar kl 15.00? Och sedan d\u00e5, n\u00e4r kyrkan \u00f6ppnar den 1:a advent? Hur ska v\u00e5rt gudstj\u00e4nstliv se ut i S:t Jacob? H\u00f6gm\u00e4ssa kl 15.00 med rik liturgi och stark f\u00f6rkunnelse? Vi hade lite olika tankar och id\u00e9er. Det \u00e4r sk\u00f6nt med ett klimat det \u00e4r till\u00e5ts att lyssna p\u00e5 varandra, lyssna p\u00e5 olika id\u00e9er. Sedan m\u00e5ste n\u00e5gon s\u00e4tta ned foten i slut\u00e4nden och best\u00e4mma. Jag antar att det \u00e4r domprostens uppgift. Jag hoppas att s\u00e5 m\u00e5nga som m\u00f6jligt d\u00e5 \u00e4r med p\u00e5 &#8221;banan&#8221;.<\/div>\n<\/p>\n<div><\/div>\n<\/p>\n<div>Vilken \u00e4r Din dr\u00f6m om S:t Jacobs kyrka som ligger vid Kungstr\u00e4dg\u00e5rden? Jag \u00e4r allvarligt intresserad att h\u00f6ra den. Har Du aldrig varit d\u00e4r? Kom d\u00e5 p\u00e5 det rika konsertlivet eller till en gudstj\u00e4nst. Information om programmet hottar Du p\u00e5 <a href=\"http:\/\/www.stockholmsdomkyrkoforsamling.se\/\">http:\/\/www.stockholmsdomkyrkoforsamling.se\/<\/a> (fliken S:t Jacob). Har Du varit d\u00e4r tidigare &#8211; v\u00e4lkommen tillbaka!<\/div>\n<\/p>\n<div><\/div>\n<div class=\"blogger-post-footer\"><img width='1' height='1' src='https:\/\/blogger.googleusercontent.com\/tracker\/9055441369901436026-25536855344386742?l=akebonnier.blogspot.com' alt='' \/><\/div>\n","protected":false},"excerpt":{"rendered":"<p>Idag har jag varit p\u00e5 Yxlan utanf\u00f6r Norrt\u00e4lje. Det nya arbetslaget i Storkyrkan-S:tJacob hade arbetslagstr\u00e4ff hos en av medarbetarna p\u00e5 dennes sommarst\u00e4lle. Solen lyste \u00f6ver oss och p\u00e5 oss( br\u00e4nde mig sedvanligt) och vi satt och nj\u00f6t av den f\u00f6r dagen komna sommarv\u00e4rmen och resonerade om gudstj\u00e4nstliv och musikliv. I augusti st\u00e4nger ju S:t Jacobs [&hellip;]<\/p>\n","protected":false},"author":108,"featured_media":0,"comment_status":"open","ping_status":"open","sticky":false,"template":"","format":"standard","meta":{"_acf_changed":false,"footnotes":""},"categories":[16223],"tags":[],"class_list":["post-249","post","type-post","status-publish","format-standard","hentry","category-vilken-ar-din-drom-om-st-jacobs-kyrka-som-ligger-vid-kungstradgarden"],"acf":[],"yoast_head":"<!-- This site is optimized with the Yoast SEO plugin v27.1.1 - https:\/\/yoast.com\/product\/yoast-seo-wordpress\/ -->\n<title>Vilken \u00e4r Din dr\u00f6m om S:t Jacobs kyrka som ligger vid Kungstr\u00e4dg\u00e5rden? - \u00c5ke Bonnier<\/title>\n<meta name=\"robots\" content=\"index, follow, max-snippet:-1, max-image-preview:large, max-video-preview:-1\" \/>\n<link rel=\"canonical\" href=\"https:\/\/blogg.svenskakyrkan.se\/akebonnier\/2009\/05\/25\/vilken-ar-din-drom-om-st-jacobs-kyrka-som-ligger-vid-kungstradgarden\/\" \/>\n<meta property=\"og:locale\" content=\"sv_SE\" \/>\n<meta property=\"og:type\" content=\"article\" \/>\n<meta property=\"og:title\" content=\"Vilken \u00e4r Din dr\u00f6m om S:t Jacobs kyrka som ligger vid Kungstr\u00e4dg\u00e5rden? - \u00c5ke Bonnier\" \/>\n<meta property=\"og:description\" content=\"Idag har jag varit p\u00e5 Yxlan utanf\u00f6r Norrt\u00e4lje. Det nya arbetslaget i Storkyrkan-S:tJacob hade arbetslagstr\u00e4ff hos en av medarbetarna p\u00e5 dennes sommarst\u00e4lle. Solen lyste \u00f6ver oss och p\u00e5 oss( br\u00e4nde mig sedvanligt) och vi satt och nj\u00f6t av den f\u00f6r dagen komna sommarv\u00e4rmen och resonerade om gudstj\u00e4nstliv och musikliv. I augusti st\u00e4nger ju S:t Jacobs [&hellip;]\" \/>\n<meta property=\"og:url\" content=\"https:\/\/blogg.svenskakyrkan.se\/akebonnier\/2009\/05\/25\/vilken-ar-din-drom-om-st-jacobs-kyrka-som-ligger-vid-kungstradgarden\/\" \/>\n<meta property=\"og:site_name\" content=\"\u00c5ke Bonnier\" \/>\n<meta property=\"article:published_time\" content=\"2009-05-25T21:27:00+00:00\" \/>\n<meta property=\"og:image\" content=\"http:\/\/3.bp.blogspot.com\/_L3wVnmY-x14\/ShsQHwYe7AI\/AAAAAAAAAC0\/LiTmKfixZNY\/s320\/S.t+Jacob.bmp\" \/>\n<meta name=\"author\" content=\"\u00c5ke Bonnier\" \/>\n<meta name=\"twitter:card\" content=\"summary_large_image\" \/>\n<meta name=\"twitter:label1\" content=\"Skriven av\" \/>\n\t<meta name=\"twitter:data1\" content=\"\u00c5ke Bonnier\" \/>\n\t<meta name=\"twitter:label2\" content=\"Ber\u00e4knad l\u00e4stid\" \/>\n\t<meta name=\"twitter:data2\" content=\"1 minut\" \/>\n<script type=\"application\/ld+json\" class=\"yoast-schema-graph\">{\"@context\":\"https:\/\/schema.org\",\"@graph\":[{\"@type\":\"Article\",\"@id\":\"https:\/\/blogg.svenskakyrkan.se\/akebonnier\/2009\/05\/25\/vilken-ar-din-drom-om-st-jacobs-kyrka-som-ligger-vid-kungstradgarden\/#article\",\"isPartOf\":{\"@id\":\"https:\/\/blogg.svenskakyrkan.se\/akebonnier\/2009\/05\/25\/vilken-ar-din-drom-om-st-jacobs-kyrka-som-ligger-vid-kungstradgarden\/\"},\"author\":{\"name\":\"\u00c5ke Bonnier\",\"@id\":\"https:\/\/blogg.svenskakyrkan.se\/akebonnier\/#\/schema\/person\/8db68bc0c94f6a5a62df2d4486ff1343\"},\"headline\":\"Vilken \u00e4r Din dr\u00f6m om S:t Jacobs kyrka som ligger vid Kungstr\u00e4dg\u00e5rden?\",\"datePublished\":\"2009-05-25T21:27:00+00:00\",\"mainEntityOfPage\":{\"@id\":\"https:\/\/blogg.svenskakyrkan.se\/akebonnier\/2009\/05\/25\/vilken-ar-din-drom-om-st-jacobs-kyrka-som-ligger-vid-kungstradgarden\/\"},\"wordCount\":268,\"commentCount\":5,\"image\":{\"@id\":\"https:\/\/blogg.svenskakyrkan.se\/akebonnier\/2009\/05\/25\/vilken-ar-din-drom-om-st-jacobs-kyrka-som-ligger-vid-kungstradgarden\/#primaryimage\"},\"thumbnailUrl\":\"http:\/\/3.bp.blogspot.com\/_L3wVnmY-x14\/ShsQHwYe7AI\/AAAAAAAAAC0\/LiTmKfixZNY\/s320\/S.t+Jacob.bmp\",\"articleSection\":[\"Vilken \u00e4r Din dr\u00f6m om S:t Jacobs kyrka som ligger vid Kungstr\u00e4dg\u00e5rden\"],\"inLanguage\":\"sv-SE\",\"potentialAction\":[{\"@type\":\"CommentAction\",\"name\":\"Comment\",\"target\":[\"https:\/\/blogg.svenskakyrkan.se\/akebonnier\/2009\/05\/25\/vilken-ar-din-drom-om-st-jacobs-kyrka-som-ligger-vid-kungstradgarden\/#respond\"]}]},{\"@type\":\"WebPage\",\"@id\":\"https:\/\/blogg.svenskakyrkan.se\/akebonnier\/2009\/05\/25\/vilken-ar-din-drom-om-st-jacobs-kyrka-som-ligger-vid-kungstradgarden\/\",\"url\":\"https:\/\/blogg.svenskakyrkan.se\/akebonnier\/2009\/05\/25\/vilken-ar-din-drom-om-st-jacobs-kyrka-som-ligger-vid-kungstradgarden\/\",\"name\":\"Vilken \u00e4r Din dr\u00f6m om S:t Jacobs kyrka som ligger vid Kungstr\u00e4dg\u00e5rden? - \u00c5ke Bonnier\",\"isPartOf\":{\"@id\":\"https:\/\/blogg.svenskakyrkan.se\/akebonnier\/#website\"},\"primaryImageOfPage\":{\"@id\":\"https:\/\/blogg.svenskakyrkan.se\/akebonnier\/2009\/05\/25\/vilken-ar-din-drom-om-st-jacobs-kyrka-som-ligger-vid-kungstradgarden\/#primaryimage\"},\"image\":{\"@id\":\"https:\/\/blogg.svenskakyrkan.se\/akebonnier\/2009\/05\/25\/vilken-ar-din-drom-om-st-jacobs-kyrka-som-ligger-vid-kungstradgarden\/#primaryimage\"},\"thumbnailUrl\":\"http:\/\/3.bp.blogspot.com\/_L3wVnmY-x14\/ShsQHwYe7AI\/AAAAAAAAAC0\/LiTmKfixZNY\/s320\/S.t+Jacob.bmp\",\"datePublished\":\"2009-05-25T21:27:00+00:00\",\"author\":{\"@id\":\"https:\/\/blogg.svenskakyrkan.se\/akebonnier\/#\/schema\/person\/8db68bc0c94f6a5a62df2d4486ff1343\"},\"breadcrumb\":{\"@id\":\"https:\/\/blogg.svenskakyrkan.se\/akebonnier\/2009\/05\/25\/vilken-ar-din-drom-om-st-jacobs-kyrka-som-ligger-vid-kungstradgarden\/#breadcrumb\"},\"inLanguage\":\"sv-SE\",\"potentialAction\":[{\"@type\":\"ReadAction\",\"target\":[\"https:\/\/blogg.svenskakyrkan.se\/akebonnier\/2009\/05\/25\/vilken-ar-din-drom-om-st-jacobs-kyrka-som-ligger-vid-kungstradgarden\/\"]}]},{\"@type\":\"ImageObject\",\"inLanguage\":\"sv-SE\",\"@id\":\"https:\/\/blogg.svenskakyrkan.se\/akebonnier\/2009\/05\/25\/vilken-ar-din-drom-om-st-jacobs-kyrka-som-ligger-vid-kungstradgarden\/#primaryimage\",\"url\":\"http:\/\/3.bp.blogspot.com\/_L3wVnmY-x14\/ShsQHwYe7AI\/AAAAAAAAAC0\/LiTmKfixZNY\/s320\/S.t+Jacob.bmp\",\"contentUrl\":\"http:\/\/3.bp.blogspot.com\/_L3wVnmY-x14\/ShsQHwYe7AI\/AAAAAAAAAC0\/LiTmKfixZNY\/s320\/S.t+Jacob.bmp\"},{\"@type\":\"BreadcrumbList\",\"@id\":\"https:\/\/blogg.svenskakyrkan.se\/akebonnier\/2009\/05\/25\/vilken-ar-din-drom-om-st-jacobs-kyrka-som-ligger-vid-kungstradgarden\/#breadcrumb\",\"itemListElement\":[{\"@type\":\"ListItem\",\"position\":1,\"name\":\"Hem\",\"item\":\"https:\/\/blogg.svenskakyrkan.se\/akebonnier\/\"},{\"@type\":\"ListItem\",\"position\":2,\"name\":\"Vilken \u00e4r Din dr\u00f6m om S:t Jacobs kyrka som ligger vid Kungstr\u00e4dg\u00e5rden?\"}]},{\"@type\":\"WebSite\",\"@id\":\"https:\/\/blogg.svenskakyrkan.se\/akebonnier\/#website\",\"url\":\"https:\/\/blogg.svenskakyrkan.se\/akebonnier\/\",\"name\":\"\u00c5ke Bonnier\",\"description\":\"Biskop i Svenska kyrkan - Skara stift\",\"potentialAction\":[{\"@type\":\"SearchAction\",\"target\":{\"@type\":\"EntryPoint\",\"urlTemplate\":\"https:\/\/blogg.svenskakyrkan.se\/akebonnier\/?s={search_term_string}\"},\"query-input\":{\"@type\":\"PropertyValueSpecification\",\"valueRequired\":true,\"valueName\":\"search_term_string\"}}],\"inLanguage\":\"sv-SE\"},{\"@type\":\"Person\",\"@id\":\"https:\/\/blogg.svenskakyrkan.se\/akebonnier\/#\/schema\/person\/8db68bc0c94f6a5a62df2d4486ff1343\",\"name\":\"\u00c5ke Bonnier\",\"image\":{\"@type\":\"ImageObject\",\"inLanguage\":\"sv-SE\",\"@id\":\"https:\/\/blogg.svenskakyrkan.se\/akebonnier\/#\/schema\/person\/image\/\",\"url\":\"https:\/\/secure.gravatar.com\/avatar\/b88264736bb0bc0d1ea92298aef02c9f98cfc13c7484130c42c663ae484f9462?s=96&d=mm&r=g\",\"contentUrl\":\"https:\/\/secure.gravatar.com\/avatar\/b88264736bb0bc0d1ea92298aef02c9f98cfc13c7484130c42c663ae484f9462?s=96&d=mm&r=g\",\"caption\":\"\u00c5ke Bonnier\"},\"description\":\"Jag \u00e4r gift och har tv\u00e5 vuxna d\u00f6ttrar. Pr\u00e4stvigdes 1984 och biskopsvigs 26 augusti 2012 . Jag har tidigare bland annat varit, komminister och kyrkoherde i Liding\u00f6 f\u00f6rsamling och domprost i Stockholms domkyrkof\u00f6rsamling. Jag \u00e4r intresserad av konst, litteratur, teater, film. Jag tr\u00e4nar regelbundet p\u00e5 gym. Mitt huvudsakliga musikintresse \u00e4r klassisk musik men ocks\u00e5 Beatles, Elvis Presley, Monika Zettelund, Povel Ramel och m\u00e5nga andra tycker jag om att lyssna p\u00e5. Jag l\u00e4ser f\u00f6r lite sk\u00f6nlitteratur beroende p\u00e5 annat som jag m\u00e5ste l\u00e4sa i mitt uppdrag som biskop. Men jag \u00e4lskar b\u00f6cker. Naturligtvis l\u00e4ser jag n\u00e4st intill dagligdags i \\\"B\u00f6ckernas Bok.\\\"\",\"sameAs\":[\"http:\/\/www.skarastift.se\"],\"url\":\"https:\/\/blogg.svenskakyrkan.se\/akebonnier\/author\/akebonnier\/\"}]}<\/script>\n<!-- \/ Yoast SEO plugin. -->","yoast_head_json":{"title":"Vilken \u00e4r Din dr\u00f6m om S:t Jacobs kyrka som ligger vid Kungstr\u00e4dg\u00e5rden? - \u00c5ke Bonnier","robots":{"index":"index","follow":"follow","max-snippet":"max-snippet:-1","max-image-preview":"max-image-preview:large","max-video-preview":"max-video-preview:-1"},"canonical":"https:\/\/blogg.svenskakyrkan.se\/akebonnier\/2009\/05\/25\/vilken-ar-din-drom-om-st-jacobs-kyrka-som-ligger-vid-kungstradgarden\/","og_locale":"sv_SE","og_type":"article","og_title":"Vilken \u00e4r Din dr\u00f6m om S:t Jacobs kyrka som ligger vid Kungstr\u00e4dg\u00e5rden? - \u00c5ke Bonnier","og_description":"Idag har jag varit p\u00e5 Yxlan utanf\u00f6r Norrt\u00e4lje. Det nya arbetslaget i Storkyrkan-S:tJacob hade arbetslagstr\u00e4ff hos en av medarbetarna p\u00e5 dennes sommarst\u00e4lle. Solen lyste \u00f6ver oss och p\u00e5 oss( br\u00e4nde mig sedvanligt) och vi satt och nj\u00f6t av den f\u00f6r dagen komna sommarv\u00e4rmen och resonerade om gudstj\u00e4nstliv och musikliv. I augusti st\u00e4nger ju S:t Jacobs [&hellip;]","og_url":"https:\/\/blogg.svenskakyrkan.se\/akebonnier\/2009\/05\/25\/vilken-ar-din-drom-om-st-jacobs-kyrka-som-ligger-vid-kungstradgarden\/","og_site_name":"\u00c5ke Bonnier","article_published_time":"2009-05-25T21:27:00+00:00","og_image":[{"url":"http:\/\/3.bp.blogspot.com\/_L3wVnmY-x14\/ShsQHwYe7AI\/AAAAAAAAAC0\/LiTmKfixZNY\/s320\/S.t+Jacob.bmp","type":"","width":"","height":""}],"author":"\u00c5ke Bonnier","twitter_card":"summary_large_image","twitter_misc":{"Skriven av":"\u00c5ke Bonnier","Ber\u00e4knad l\u00e4stid":"1 minut"},"schema":{"@context":"https:\/\/schema.org","@graph":[{"@type":"Article","@id":"https:\/\/blogg.svenskakyrkan.se\/akebonnier\/2009\/05\/25\/vilken-ar-din-drom-om-st-jacobs-kyrka-som-ligger-vid-kungstradgarden\/#article","isPartOf":{"@id":"https:\/\/blogg.svenskakyrkan.se\/akebonnier\/2009\/05\/25\/vilken-ar-din-drom-om-st-jacobs-kyrka-som-ligger-vid-kungstradgarden\/"},"author":{"name":"\u00c5ke Bonnier","@id":"https:\/\/blogg.svenskakyrkan.se\/akebonnier\/#\/schema\/person\/8db68bc0c94f6a5a62df2d4486ff1343"},"headline":"Vilken \u00e4r Din dr\u00f6m om S:t Jacobs kyrka som ligger vid Kungstr\u00e4dg\u00e5rden?","datePublished":"2009-05-25T21:27:00+00:00","mainEntityOfPage":{"@id":"https:\/\/blogg.svenskakyrkan.se\/akebonnier\/2009\/05\/25\/vilken-ar-din-drom-om-st-jacobs-kyrka-som-ligger-vid-kungstradgarden\/"},"wordCount":268,"commentCount":5,"image":{"@id":"https:\/\/blogg.svenskakyrkan.se\/akebonnier\/2009\/05\/25\/vilken-ar-din-drom-om-st-jacobs-kyrka-som-ligger-vid-kungstradgarden\/#primaryimage"},"thumbnailUrl":"http:\/\/3.bp.blogspot.com\/_L3wVnmY-x14\/ShsQHwYe7AI\/AAAAAAAAAC0\/LiTmKfixZNY\/s320\/S.t+Jacob.bmp","articleSection":["Vilken \u00e4r Din dr\u00f6m om S:t Jacobs kyrka som ligger vid Kungstr\u00e4dg\u00e5rden"],"inLanguage":"sv-SE","potentialAction":[{"@type":"CommentAction","name":"Comment","target":["https:\/\/blogg.svenskakyrkan.se\/akebonnier\/2009\/05\/25\/vilken-ar-din-drom-om-st-jacobs-kyrka-som-ligger-vid-kungstradgarden\/#respond"]}]},{"@type":"WebPage","@id":"https:\/\/blogg.svenskakyrkan.se\/akebonnier\/2009\/05\/25\/vilken-ar-din-drom-om-st-jacobs-kyrka-som-ligger-vid-kungstradgarden\/","url":"https:\/\/blogg.svenskakyrkan.se\/akebonnier\/2009\/05\/25\/vilken-ar-din-drom-om-st-jacobs-kyrka-som-ligger-vid-kungstradgarden\/","name":"Vilken \u00e4r Din dr\u00f6m om S:t Jacobs kyrka som ligger vid Kungstr\u00e4dg\u00e5rden? - \u00c5ke Bonnier","isPartOf":{"@id":"https:\/\/blogg.svenskakyrkan.se\/akebonnier\/#website"},"primaryImageOfPage":{"@id":"https:\/\/blogg.svenskakyrkan.se\/akebonnier\/2009\/05\/25\/vilken-ar-din-drom-om-st-jacobs-kyrka-som-ligger-vid-kungstradgarden\/#primaryimage"},"image":{"@id":"https:\/\/blogg.svenskakyrkan.se\/akebonnier\/2009\/05\/25\/vilken-ar-din-drom-om-st-jacobs-kyrka-som-ligger-vid-kungstradgarden\/#primaryimage"},"thumbnailUrl":"http:\/\/3.bp.blogspot.com\/_L3wVnmY-x14\/ShsQHwYe7AI\/AAAAAAAAAC0\/LiTmKfixZNY\/s320\/S.t+Jacob.bmp","datePublished":"2009-05-25T21:27:00+00:00","author":{"@id":"https:\/\/blogg.svenskakyrkan.se\/akebonnier\/#\/schema\/person\/8db68bc0c94f6a5a62df2d4486ff1343"},"breadcrumb":{"@id":"https:\/\/blogg.svenskakyrkan.se\/akebonnier\/2009\/05\/25\/vilken-ar-din-drom-om-st-jacobs-kyrka-som-ligger-vid-kungstradgarden\/#breadcrumb"},"inLanguage":"sv-SE","potentialAction":[{"@type":"ReadAction","target":["https:\/\/blogg.svenskakyrkan.se\/akebonnier\/2009\/05\/25\/vilken-ar-din-drom-om-st-jacobs-kyrka-som-ligger-vid-kungstradgarden\/"]}]},{"@type":"ImageObject","inLanguage":"sv-SE","@id":"https:\/\/blogg.svenskakyrkan.se\/akebonnier\/2009\/05\/25\/vilken-ar-din-drom-om-st-jacobs-kyrka-som-ligger-vid-kungstradgarden\/#primaryimage","url":"http:\/\/3.bp.blogspot.com\/_L3wVnmY-x14\/ShsQHwYe7AI\/AAAAAAAAAC0\/LiTmKfixZNY\/s320\/S.t+Jacob.bmp","contentUrl":"http:\/\/3.bp.blogspot.com\/_L3wVnmY-x14\/ShsQHwYe7AI\/AAAAAAAAAC0\/LiTmKfixZNY\/s320\/S.t+Jacob.bmp"},{"@type":"BreadcrumbList","@id":"https:\/\/blogg.svenskakyrkan.se\/akebonnier\/2009\/05\/25\/vilken-ar-din-drom-om-st-jacobs-kyrka-som-ligger-vid-kungstradgarden\/#breadcrumb","itemListElement":[{"@type":"ListItem","position":1,"name":"Hem","item":"https:\/\/blogg.svenskakyrkan.se\/akebonnier\/"},{"@type":"ListItem","position":2,"name":"Vilken \u00e4r Din dr\u00f6m om S:t Jacobs kyrka som ligger vid Kungstr\u00e4dg\u00e5rden?"}]},{"@type":"WebSite","@id":"https:\/\/blogg.svenskakyrkan.se\/akebonnier\/#website","url":"https:\/\/blogg.svenskakyrkan.se\/akebonnier\/","name":"\u00c5ke Bonnier","description":"Biskop i Svenska kyrkan - Skara stift","potentialAction":[{"@type":"SearchAction","target":{"@type":"EntryPoint","urlTemplate":"https:\/\/blogg.svenskakyrkan.se\/akebonnier\/?s={search_term_string}"},"query-input":{"@type":"PropertyValueSpecification","valueRequired":true,"valueName":"search_term_string"}}],"inLanguage":"sv-SE"},{"@type":"Person","@id":"https:\/\/blogg.svenskakyrkan.se\/akebonnier\/#\/schema\/person\/8db68bc0c94f6a5a62df2d4486ff1343","name":"\u00c5ke Bonnier","image":{"@type":"ImageObject","inLanguage":"sv-SE","@id":"https:\/\/blogg.svenskakyrkan.se\/akebonnier\/#\/schema\/person\/image\/","url":"https:\/\/secure.gravatar.com\/avatar\/b88264736bb0bc0d1ea92298aef02c9f98cfc13c7484130c42c663ae484f9462?s=96&d=mm&r=g","contentUrl":"https:\/\/secure.gravatar.com\/avatar\/b88264736bb0bc0d1ea92298aef02c9f98cfc13c7484130c42c663ae484f9462?s=96&d=mm&r=g","caption":"\u00c5ke Bonnier"},"description":"Jag \u00e4r gift och har tv\u00e5 vuxna d\u00f6ttrar. Pr\u00e4stvigdes 1984 och biskopsvigs 26 augusti 2012 . Jag har tidigare bland annat varit, komminister och kyrkoherde i Liding\u00f6 f\u00f6rsamling och domprost i Stockholms domkyrkof\u00f6rsamling. Jag \u00e4r intresserad av konst, litteratur, teater, film. Jag tr\u00e4nar regelbundet p\u00e5 gym. Mitt huvudsakliga musikintresse \u00e4r klassisk musik men ocks\u00e5 Beatles, Elvis Presley, Monika Zettelund, Povel Ramel och m\u00e5nga andra tycker jag om att lyssna p\u00e5. Jag l\u00e4ser f\u00f6r lite sk\u00f6nlitteratur beroende p\u00e5 annat som jag m\u00e5ste l\u00e4sa i mitt uppdrag som biskop. Men jag \u00e4lskar b\u00f6cker. Naturligtvis l\u00e4ser jag n\u00e4st intill dagligdags i \"B\u00f6ckernas Bok.\"","sameAs":["http:\/\/www.skarastift.se"],"url":"https:\/\/blogg.svenskakyrkan.se\/akebonnier\/author\/akebonnier\/"}]}},"author_meta":{"ID":"108","user_nicename":"akebonnier","user_url":"http:\/\/www.skarastift.se","user_registered":"2011-10-11 09:24:48","display_name":"\u00c5ke Bonnier","first_name":"\u00c5ke","last_name":"Bonnier","avatar":"https:\/\/secure.gravatar.com\/avatar\/b88264736bb0bc0d1ea92298aef02c9f98cfc13c7484130c42c663ae484f9462?s=96&d=mm&r=g"},"featured_image":false,"bloginfo":{"name":"\u00c5ke Bonnier","url":"https:\/\/blogg.svenskakyrkan.se\/akebonnier"},"_links":{"self":[{"href":"https:\/\/blogg.svenskakyrkan.se\/akebonnier\/wp-json\/wp\/v2\/posts\/249","targetHints":{"allow":["GET"]}}],"collection":[{"href":"https:\/\/blogg.svenskakyrkan.se\/akebonnier\/wp-json\/wp\/v2\/posts"}],"about":[{"href":"https:\/\/blogg.svenskakyrkan.se\/akebonnier\/wp-json\/wp\/v2\/types\/post"}],"author":[{"embeddable":true,"href":"https:\/\/blogg.svenskakyrkan.se\/akebonnier\/wp-json\/wp\/v2\/users\/108"}],"replies":[{"embeddable":true,"href":"https:\/\/blogg.svenskakyrkan.se\/akebonnier\/wp-json\/wp\/v2\/comments?post=249"}],"version-history":[{"count":0,"href":"https:\/\/blogg.svenskakyrkan.se\/akebonnier\/wp-json\/wp\/v2\/posts\/249\/revisions"}],"wp:attachment":[{"href":"https:\/\/blogg.svenskakyrkan.se\/akebonnier\/wp-json\/wp\/v2\/media?parent=249"}],"wp:term":[{"taxonomy":"category","embeddable":true,"href":"https:\/\/blogg.svenskakyrkan.se\/akebonnier\/wp-json\/wp\/v2\/categories?post=249"},{"taxonomy":"post_tag","embeddable":true,"href":"https:\/\/blogg.svenskakyrkan.se\/akebonnier\/wp-json\/wp\/v2\/tags?post=249"}],"curies":[{"name":"wp","href":"https:\/\/api.w.org\/{rel}","templated":true}]}}