{"id":253,"date":"2009-06-02T04:18:00","date_gmt":"2009-06-02T04:18:00","guid":{"rendered":"http:\/\/blogg.svenskakyrkan.se\/akebonnier\/2009\/06\/02\/gora-mer-for-fler\/"},"modified":"2009-06-02T04:18:00","modified_gmt":"2009-06-02T04:18:00","slug":"gora-mer-for-fler","status":"publish","type":"post","link":"https:\/\/blogg.svenskakyrkan.se\/akebonnier\/2009\/06\/02\/gora-mer-for-fler\/","title":{"rendered":"G\u00f6ra mer f\u00f6r fler."},"content":{"rendered":"<p>Jag samtalade ig\u00e5r med den flyktingengagerade Anita Dorazio som jag kommit att l\u00e4ra k\u00e4nna under mina \u00e5r som pr\u00e4st p\u00e5 Liding\u00f6. N\u00e4r jag talar med henne blir jag b\u00e5de arg och frustrerad. Dock inte p\u00e5 henne som person utan \u00f6ver de m\u00e5nga bedr\u00f6vliga saker hon vittnar om. Ca 20.000 m\u00e4nniskor g\u00f6mmer sig fortfarande n\u00e5gonstans i Sverige i r\u00e4dsla \u00f6ver att bli utvisade. Ofattbart m\u00e5nga  m\u00e4nniskor \u00e4r pappersl\u00f6sa och f\u00e5r inte vara kvar i v\u00e5rt land, m\u00e4nniskor som flyr fr\u00e5n en s\u00e4ker d\u00f6d, m\u00e4nniskor som med sin bara kropp vittnar om tortyr etc, etc.<\/p>\n<p>V\u00e5r flyktingpolitik \u00e4r mer \u00e4n bedr\u00f6vlig. Vi \u00e4r ett rikt land (trots ekonomisk kris). Och visst, vi tar emot flyktingar men vi skulle kunna g\u00f6ra mer, g\u00f6ra mer f\u00f6r fler. Asylr\u00e4tten \u00e4r ju en grundl\u00e4ggande m\u00e4nsklig r\u00e4ttighet som sl\u00e5s fast i artikel 14 i FN:s allm\u00e4nna f\u00f6rklaring om de m\u00e4nskliga r\u00e4ttigheterna. Gen\u00e8vekonventionen f\u00f6rbjuder att n\u00e5gon skickas till ett land d\u00e4r han el er hon hyser v\u00e4lgrundad fruktan f\u00f6r f\u00f6rf\u00f6ljelse p\u00e5 grund av sin ras, religion, nationalitet, tillh\u00f6righet till viss samh\u00e4llsgrupp eller politiska \u00e5sk\u00e5dning.<\/p>\n<p>Verkligheten \u00e4r dock inte s\u00e5 enkel och tydlig. Idag hotas barn med uppgivenhetssyndrom eller post-traumatiska stressyndrom att deporteras till sina heml\u00e4nder trots kraftfulla l\u00e4karintyg som p\u00e5visar det h\u00f6gst ol\u00e4mpliga i detta. M\u00e5nga av dessa barn har upplevt traumatiserade \u00f6vergrepp mot sin familj och sig sj\u00e4lva.<\/p>\n<p>I Bibeln st\u00e5r det: <em>\u00d6ppna din mun till f\u00f6rm\u00e5n f\u00f6r den stumme och till att skaffa alla hj\u00e4lpl\u00f6sa r\u00e4tt. <\/em>(Ordspr\u00e5ksboken 31:8)<\/p>\n<p>Oavsett vilken religion vi har, oavsett hur vi tolkar den kristna tron, oavsett om vi alls vill beteckna oss som religi\u00f6sa borde vi kunna f\u00f6renas i det bud som talar om att vi ska \u00e4lska v\u00e5r n\u00e4sta som oss sj\u00e4lva. Det budet borde f\u00e5 konsekvenser i v\u00e5rt vardagshandlande, i vardagspolitiken och i medm\u00e4nniskors vardagsr\u00e4dsla.<\/p>\n<p>L\u00e5t oss tillsammans g\u00f6ra vad vi kan f\u00f6r v\u00e5ra systrar och br\u00f6der vars liv \u00e4r hotat. Alla kan inte g\u00f6ra allt men alla kan g\u00f6ra n\u00e5got. S\u00e5 \u00e4r det!<\/p>\n<p>Asylkommitt\u00e9n (Pg 528143-1) och Stiftelsen Humanitas (721070-1) \u00e4r bra organisationer som g\u00e5r in med konkret st\u00f6d i konkret n\u00f6d.<\/p>\n<div class=\"blogger-post-footer\"><img width='1' height='1' src='https:\/\/blogger.googleusercontent.com\/tracker\/9055441369901436026-1081152700263857179?l=akebonnier.blogspot.com' alt='' \/><\/div>\n","protected":false},"excerpt":{"rendered":"<p>Jag samtalade ig\u00e5r med den flyktingengagerade Anita Dorazio som jag kommit att l\u00e4ra k\u00e4nna under mina \u00e5r som pr\u00e4st p\u00e5 Liding\u00f6. N\u00e4r jag talar med henne blir jag b\u00e5de arg och frustrerad. Dock inte p\u00e5 henne som person utan \u00f6ver de m\u00e5nga bedr\u00f6vliga saker hon vittnar om. Ca 20.000 m\u00e4nniskor g\u00f6mmer sig fortfarande n\u00e5gonstans i [&hellip;]<\/p>\n","protected":false},"author":108,"featured_media":0,"comment_status":"open","ping_status":"open","sticky":false,"template":"","format":"standard","meta":{"_acf_changed":false,"footnotes":""},"categories":[16227],"tags":[],"class_list":["post-253","post","type-post","status-publish","format-standard","hentry","category-gora-mer-for-fler"],"acf":[],"yoast_head":"<!-- This site is optimized with the Yoast SEO plugin v27.1.1 - https:\/\/yoast.com\/product\/yoast-seo-wordpress\/ -->\n<title>G\u00f6ra mer f\u00f6r fler. - \u00c5ke Bonnier<\/title>\n<meta name=\"robots\" content=\"index, follow, max-snippet:-1, max-image-preview:large, max-video-preview:-1\" \/>\n<link rel=\"canonical\" href=\"https:\/\/blogg.svenskakyrkan.se\/akebonnier\/2009\/06\/02\/gora-mer-for-fler\/\" \/>\n<meta property=\"og:locale\" content=\"sv_SE\" \/>\n<meta property=\"og:type\" content=\"article\" \/>\n<meta property=\"og:title\" content=\"G\u00f6ra mer f\u00f6r fler. - \u00c5ke Bonnier\" \/>\n<meta property=\"og:description\" content=\"Jag samtalade ig\u00e5r med den flyktingengagerade Anita Dorazio som jag kommit att l\u00e4ra k\u00e4nna under mina \u00e5r som pr\u00e4st p\u00e5 Liding\u00f6. N\u00e4r jag talar med henne blir jag b\u00e5de arg och frustrerad. Dock inte p\u00e5 henne som person utan \u00f6ver de m\u00e5nga bedr\u00f6vliga saker hon vittnar om. Ca 20.000 m\u00e4nniskor g\u00f6mmer sig fortfarande n\u00e5gonstans i [&hellip;]\" \/>\n<meta property=\"og:url\" content=\"https:\/\/blogg.svenskakyrkan.se\/akebonnier\/2009\/06\/02\/gora-mer-for-fler\/\" \/>\n<meta property=\"og:site_name\" content=\"\u00c5ke Bonnier\" \/>\n<meta property=\"article:published_time\" content=\"2009-06-02T04:18:00+00:00\" \/>\n<meta property=\"og:image\" content=\"https:\/\/blogger.googleusercontent.com\/tracker\/9055441369901436026-1081152700263857179?l=akebonnier.blogspot.com\" \/>\n<meta name=\"author\" content=\"\u00c5ke Bonnier\" \/>\n<meta name=\"twitter:card\" content=\"summary_large_image\" \/>\n<meta name=\"twitter:label1\" content=\"Skriven av\" \/>\n\t<meta name=\"twitter:data1\" content=\"\u00c5ke Bonnier\" \/>\n\t<meta name=\"twitter:label2\" content=\"Ber\u00e4knad l\u00e4stid\" \/>\n\t<meta name=\"twitter:data2\" content=\"2 minuter\" \/>\n<script type=\"application\/ld+json\" class=\"yoast-schema-graph\">{\"@context\":\"https:\/\/schema.org\",\"@graph\":[{\"@type\":\"Article\",\"@id\":\"https:\/\/blogg.svenskakyrkan.se\/akebonnier\/2009\/06\/02\/gora-mer-for-fler\/#article\",\"isPartOf\":{\"@id\":\"https:\/\/blogg.svenskakyrkan.se\/akebonnier\/2009\/06\/02\/gora-mer-for-fler\/\"},\"author\":{\"name\":\"\u00c5ke Bonnier\",\"@id\":\"https:\/\/blogg.svenskakyrkan.se\/akebonnier\/#\/schema\/person\/8db68bc0c94f6a5a62df2d4486ff1343\"},\"headline\":\"G\u00f6ra mer f\u00f6r fler.\",\"datePublished\":\"2009-06-02T04:18:00+00:00\",\"mainEntityOfPage\":{\"@id\":\"https:\/\/blogg.svenskakyrkan.se\/akebonnier\/2009\/06\/02\/gora-mer-for-fler\/\"},\"wordCount\":430,\"commentCount\":1,\"image\":{\"@id\":\"https:\/\/blogg.svenskakyrkan.se\/akebonnier\/2009\/06\/02\/gora-mer-for-fler\/#primaryimage\"},\"thumbnailUrl\":\"https:\/\/blogger.googleusercontent.com\/tracker\/9055441369901436026-1081152700263857179?l=akebonnier.blogspot.com\",\"articleSection\":[\"G\u00f6ra mer f\u00f6r fler\"],\"inLanguage\":\"sv-SE\",\"potentialAction\":[{\"@type\":\"CommentAction\",\"name\":\"Comment\",\"target\":[\"https:\/\/blogg.svenskakyrkan.se\/akebonnier\/2009\/06\/02\/gora-mer-for-fler\/#respond\"]}]},{\"@type\":\"WebPage\",\"@id\":\"https:\/\/blogg.svenskakyrkan.se\/akebonnier\/2009\/06\/02\/gora-mer-for-fler\/\",\"url\":\"https:\/\/blogg.svenskakyrkan.se\/akebonnier\/2009\/06\/02\/gora-mer-for-fler\/\",\"name\":\"G\u00f6ra mer f\u00f6r fler. - \u00c5ke Bonnier\",\"isPartOf\":{\"@id\":\"https:\/\/blogg.svenskakyrkan.se\/akebonnier\/#website\"},\"primaryImageOfPage\":{\"@id\":\"https:\/\/blogg.svenskakyrkan.se\/akebonnier\/2009\/06\/02\/gora-mer-for-fler\/#primaryimage\"},\"image\":{\"@id\":\"https:\/\/blogg.svenskakyrkan.se\/akebonnier\/2009\/06\/02\/gora-mer-for-fler\/#primaryimage\"},\"thumbnailUrl\":\"https:\/\/blogger.googleusercontent.com\/tracker\/9055441369901436026-1081152700263857179?l=akebonnier.blogspot.com\",\"datePublished\":\"2009-06-02T04:18:00+00:00\",\"author\":{\"@id\":\"https:\/\/blogg.svenskakyrkan.se\/akebonnier\/#\/schema\/person\/8db68bc0c94f6a5a62df2d4486ff1343\"},\"breadcrumb\":{\"@id\":\"https:\/\/blogg.svenskakyrkan.se\/akebonnier\/2009\/06\/02\/gora-mer-for-fler\/#breadcrumb\"},\"inLanguage\":\"sv-SE\",\"potentialAction\":[{\"@type\":\"ReadAction\",\"target\":[\"https:\/\/blogg.svenskakyrkan.se\/akebonnier\/2009\/06\/02\/gora-mer-for-fler\/\"]}]},{\"@type\":\"ImageObject\",\"inLanguage\":\"sv-SE\",\"@id\":\"https:\/\/blogg.svenskakyrkan.se\/akebonnier\/2009\/06\/02\/gora-mer-for-fler\/#primaryimage\",\"url\":\"https:\/\/blogger.googleusercontent.com\/tracker\/9055441369901436026-1081152700263857179?l=akebonnier.blogspot.com\",\"contentUrl\":\"https:\/\/blogger.googleusercontent.com\/tracker\/9055441369901436026-1081152700263857179?l=akebonnier.blogspot.com\"},{\"@type\":\"BreadcrumbList\",\"@id\":\"https:\/\/blogg.svenskakyrkan.se\/akebonnier\/2009\/06\/02\/gora-mer-for-fler\/#breadcrumb\",\"itemListElement\":[{\"@type\":\"ListItem\",\"position\":1,\"name\":\"Hem\",\"item\":\"https:\/\/blogg.svenskakyrkan.se\/akebonnier\/\"},{\"@type\":\"ListItem\",\"position\":2,\"name\":\"G\u00f6ra mer f\u00f6r fler.\"}]},{\"@type\":\"WebSite\",\"@id\":\"https:\/\/blogg.svenskakyrkan.se\/akebonnier\/#website\",\"url\":\"https:\/\/blogg.svenskakyrkan.se\/akebonnier\/\",\"name\":\"\u00c5ke Bonnier\",\"description\":\"Biskop i Svenska kyrkan - Skara stift\",\"potentialAction\":[{\"@type\":\"SearchAction\",\"target\":{\"@type\":\"EntryPoint\",\"urlTemplate\":\"https:\/\/blogg.svenskakyrkan.se\/akebonnier\/?s={search_term_string}\"},\"query-input\":{\"@type\":\"PropertyValueSpecification\",\"valueRequired\":true,\"valueName\":\"search_term_string\"}}],\"inLanguage\":\"sv-SE\"},{\"@type\":\"Person\",\"@id\":\"https:\/\/blogg.svenskakyrkan.se\/akebonnier\/#\/schema\/person\/8db68bc0c94f6a5a62df2d4486ff1343\",\"name\":\"\u00c5ke Bonnier\",\"image\":{\"@type\":\"ImageObject\",\"inLanguage\":\"sv-SE\",\"@id\":\"https:\/\/blogg.svenskakyrkan.se\/akebonnier\/#\/schema\/person\/image\/\",\"url\":\"https:\/\/secure.gravatar.com\/avatar\/b88264736bb0bc0d1ea92298aef02c9f98cfc13c7484130c42c663ae484f9462?s=96&d=mm&r=g\",\"contentUrl\":\"https:\/\/secure.gravatar.com\/avatar\/b88264736bb0bc0d1ea92298aef02c9f98cfc13c7484130c42c663ae484f9462?s=96&d=mm&r=g\",\"caption\":\"\u00c5ke Bonnier\"},\"description\":\"Jag \u00e4r gift och har tv\u00e5 vuxna d\u00f6ttrar. Pr\u00e4stvigdes 1984 och biskopsvigs 26 augusti 2012 . Jag har tidigare bland annat varit, komminister och kyrkoherde i Liding\u00f6 f\u00f6rsamling och domprost i Stockholms domkyrkof\u00f6rsamling. Jag \u00e4r intresserad av konst, litteratur, teater, film. Jag tr\u00e4nar regelbundet p\u00e5 gym. Mitt huvudsakliga musikintresse \u00e4r klassisk musik men ocks\u00e5 Beatles, Elvis Presley, Monika Zettelund, Povel Ramel och m\u00e5nga andra tycker jag om att lyssna p\u00e5. Jag l\u00e4ser f\u00f6r lite sk\u00f6nlitteratur beroende p\u00e5 annat som jag m\u00e5ste l\u00e4sa i mitt uppdrag som biskop. Men jag \u00e4lskar b\u00f6cker. Naturligtvis l\u00e4ser jag n\u00e4st intill dagligdags i \\\"B\u00f6ckernas Bok.\\\"\",\"sameAs\":[\"http:\/\/www.skarastift.se\"],\"url\":\"https:\/\/blogg.svenskakyrkan.se\/akebonnier\/author\/akebonnier\/\"}]}<\/script>\n<!-- \/ Yoast SEO plugin. -->","yoast_head_json":{"title":"G\u00f6ra mer f\u00f6r fler. - \u00c5ke Bonnier","robots":{"index":"index","follow":"follow","max-snippet":"max-snippet:-1","max-image-preview":"max-image-preview:large","max-video-preview":"max-video-preview:-1"},"canonical":"https:\/\/blogg.svenskakyrkan.se\/akebonnier\/2009\/06\/02\/gora-mer-for-fler\/","og_locale":"sv_SE","og_type":"article","og_title":"G\u00f6ra mer f\u00f6r fler. - \u00c5ke Bonnier","og_description":"Jag samtalade ig\u00e5r med den flyktingengagerade Anita Dorazio som jag kommit att l\u00e4ra k\u00e4nna under mina \u00e5r som pr\u00e4st p\u00e5 Liding\u00f6. N\u00e4r jag talar med henne blir jag b\u00e5de arg och frustrerad. Dock inte p\u00e5 henne som person utan \u00f6ver de m\u00e5nga bedr\u00f6vliga saker hon vittnar om. Ca 20.000 m\u00e4nniskor g\u00f6mmer sig fortfarande n\u00e5gonstans i [&hellip;]","og_url":"https:\/\/blogg.svenskakyrkan.se\/akebonnier\/2009\/06\/02\/gora-mer-for-fler\/","og_site_name":"\u00c5ke Bonnier","article_published_time":"2009-06-02T04:18:00+00:00","og_image":[{"url":"https:\/\/blogger.googleusercontent.com\/tracker\/9055441369901436026-1081152700263857179?l=akebonnier.blogspot.com","type":"","width":"","height":""}],"author":"\u00c5ke Bonnier","twitter_card":"summary_large_image","twitter_misc":{"Skriven av":"\u00c5ke Bonnier","Ber\u00e4knad l\u00e4stid":"2 minuter"},"schema":{"@context":"https:\/\/schema.org","@graph":[{"@type":"Article","@id":"https:\/\/blogg.svenskakyrkan.se\/akebonnier\/2009\/06\/02\/gora-mer-for-fler\/#article","isPartOf":{"@id":"https:\/\/blogg.svenskakyrkan.se\/akebonnier\/2009\/06\/02\/gora-mer-for-fler\/"},"author":{"name":"\u00c5ke Bonnier","@id":"https:\/\/blogg.svenskakyrkan.se\/akebonnier\/#\/schema\/person\/8db68bc0c94f6a5a62df2d4486ff1343"},"headline":"G\u00f6ra mer f\u00f6r fler.","datePublished":"2009-06-02T04:18:00+00:00","mainEntityOfPage":{"@id":"https:\/\/blogg.svenskakyrkan.se\/akebonnier\/2009\/06\/02\/gora-mer-for-fler\/"},"wordCount":430,"commentCount":1,"image":{"@id":"https:\/\/blogg.svenskakyrkan.se\/akebonnier\/2009\/06\/02\/gora-mer-for-fler\/#primaryimage"},"thumbnailUrl":"https:\/\/blogger.googleusercontent.com\/tracker\/9055441369901436026-1081152700263857179?l=akebonnier.blogspot.com","articleSection":["G\u00f6ra mer f\u00f6r fler"],"inLanguage":"sv-SE","potentialAction":[{"@type":"CommentAction","name":"Comment","target":["https:\/\/blogg.svenskakyrkan.se\/akebonnier\/2009\/06\/02\/gora-mer-for-fler\/#respond"]}]},{"@type":"WebPage","@id":"https:\/\/blogg.svenskakyrkan.se\/akebonnier\/2009\/06\/02\/gora-mer-for-fler\/","url":"https:\/\/blogg.svenskakyrkan.se\/akebonnier\/2009\/06\/02\/gora-mer-for-fler\/","name":"G\u00f6ra mer f\u00f6r fler. - \u00c5ke Bonnier","isPartOf":{"@id":"https:\/\/blogg.svenskakyrkan.se\/akebonnier\/#website"},"primaryImageOfPage":{"@id":"https:\/\/blogg.svenskakyrkan.se\/akebonnier\/2009\/06\/02\/gora-mer-for-fler\/#primaryimage"},"image":{"@id":"https:\/\/blogg.svenskakyrkan.se\/akebonnier\/2009\/06\/02\/gora-mer-for-fler\/#primaryimage"},"thumbnailUrl":"https:\/\/blogger.googleusercontent.com\/tracker\/9055441369901436026-1081152700263857179?l=akebonnier.blogspot.com","datePublished":"2009-06-02T04:18:00+00:00","author":{"@id":"https:\/\/blogg.svenskakyrkan.se\/akebonnier\/#\/schema\/person\/8db68bc0c94f6a5a62df2d4486ff1343"},"breadcrumb":{"@id":"https:\/\/blogg.svenskakyrkan.se\/akebonnier\/2009\/06\/02\/gora-mer-for-fler\/#breadcrumb"},"inLanguage":"sv-SE","potentialAction":[{"@type":"ReadAction","target":["https:\/\/blogg.svenskakyrkan.se\/akebonnier\/2009\/06\/02\/gora-mer-for-fler\/"]}]},{"@type":"ImageObject","inLanguage":"sv-SE","@id":"https:\/\/blogg.svenskakyrkan.se\/akebonnier\/2009\/06\/02\/gora-mer-for-fler\/#primaryimage","url":"https:\/\/blogger.googleusercontent.com\/tracker\/9055441369901436026-1081152700263857179?l=akebonnier.blogspot.com","contentUrl":"https:\/\/blogger.googleusercontent.com\/tracker\/9055441369901436026-1081152700263857179?l=akebonnier.blogspot.com"},{"@type":"BreadcrumbList","@id":"https:\/\/blogg.svenskakyrkan.se\/akebonnier\/2009\/06\/02\/gora-mer-for-fler\/#breadcrumb","itemListElement":[{"@type":"ListItem","position":1,"name":"Hem","item":"https:\/\/blogg.svenskakyrkan.se\/akebonnier\/"},{"@type":"ListItem","position":2,"name":"G\u00f6ra mer f\u00f6r fler."}]},{"@type":"WebSite","@id":"https:\/\/blogg.svenskakyrkan.se\/akebonnier\/#website","url":"https:\/\/blogg.svenskakyrkan.se\/akebonnier\/","name":"\u00c5ke Bonnier","description":"Biskop i Svenska kyrkan - Skara stift","potentialAction":[{"@type":"SearchAction","target":{"@type":"EntryPoint","urlTemplate":"https:\/\/blogg.svenskakyrkan.se\/akebonnier\/?s={search_term_string}"},"query-input":{"@type":"PropertyValueSpecification","valueRequired":true,"valueName":"search_term_string"}}],"inLanguage":"sv-SE"},{"@type":"Person","@id":"https:\/\/blogg.svenskakyrkan.se\/akebonnier\/#\/schema\/person\/8db68bc0c94f6a5a62df2d4486ff1343","name":"\u00c5ke Bonnier","image":{"@type":"ImageObject","inLanguage":"sv-SE","@id":"https:\/\/blogg.svenskakyrkan.se\/akebonnier\/#\/schema\/person\/image\/","url":"https:\/\/secure.gravatar.com\/avatar\/b88264736bb0bc0d1ea92298aef02c9f98cfc13c7484130c42c663ae484f9462?s=96&d=mm&r=g","contentUrl":"https:\/\/secure.gravatar.com\/avatar\/b88264736bb0bc0d1ea92298aef02c9f98cfc13c7484130c42c663ae484f9462?s=96&d=mm&r=g","caption":"\u00c5ke Bonnier"},"description":"Jag \u00e4r gift och har tv\u00e5 vuxna d\u00f6ttrar. Pr\u00e4stvigdes 1984 och biskopsvigs 26 augusti 2012 . Jag har tidigare bland annat varit, komminister och kyrkoherde i Liding\u00f6 f\u00f6rsamling och domprost i Stockholms domkyrkof\u00f6rsamling. Jag \u00e4r intresserad av konst, litteratur, teater, film. Jag tr\u00e4nar regelbundet p\u00e5 gym. Mitt huvudsakliga musikintresse \u00e4r klassisk musik men ocks\u00e5 Beatles, Elvis Presley, Monika Zettelund, Povel Ramel och m\u00e5nga andra tycker jag om att lyssna p\u00e5. Jag l\u00e4ser f\u00f6r lite sk\u00f6nlitteratur beroende p\u00e5 annat som jag m\u00e5ste l\u00e4sa i mitt uppdrag som biskop. Men jag \u00e4lskar b\u00f6cker. Naturligtvis l\u00e4ser jag n\u00e4st intill dagligdags i \"B\u00f6ckernas Bok.\"","sameAs":["http:\/\/www.skarastift.se"],"url":"https:\/\/blogg.svenskakyrkan.se\/akebonnier\/author\/akebonnier\/"}]}},"author_meta":{"ID":"108","user_nicename":"akebonnier","user_url":"http:\/\/www.skarastift.se","user_registered":"2011-10-11 09:24:48","display_name":"\u00c5ke Bonnier","first_name":"\u00c5ke","last_name":"Bonnier","avatar":"https:\/\/secure.gravatar.com\/avatar\/b88264736bb0bc0d1ea92298aef02c9f98cfc13c7484130c42c663ae484f9462?s=96&d=mm&r=g"},"featured_image":false,"bloginfo":{"name":"\u00c5ke Bonnier","url":"https:\/\/blogg.svenskakyrkan.se\/akebonnier"},"_links":{"self":[{"href":"https:\/\/blogg.svenskakyrkan.se\/akebonnier\/wp-json\/wp\/v2\/posts\/253","targetHints":{"allow":["GET"]}}],"collection":[{"href":"https:\/\/blogg.svenskakyrkan.se\/akebonnier\/wp-json\/wp\/v2\/posts"}],"about":[{"href":"https:\/\/blogg.svenskakyrkan.se\/akebonnier\/wp-json\/wp\/v2\/types\/post"}],"author":[{"embeddable":true,"href":"https:\/\/blogg.svenskakyrkan.se\/akebonnier\/wp-json\/wp\/v2\/users\/108"}],"replies":[{"embeddable":true,"href":"https:\/\/blogg.svenskakyrkan.se\/akebonnier\/wp-json\/wp\/v2\/comments?post=253"}],"version-history":[{"count":0,"href":"https:\/\/blogg.svenskakyrkan.se\/akebonnier\/wp-json\/wp\/v2\/posts\/253\/revisions"}],"wp:attachment":[{"href":"https:\/\/blogg.svenskakyrkan.se\/akebonnier\/wp-json\/wp\/v2\/media?parent=253"}],"wp:term":[{"taxonomy":"category","embeddable":true,"href":"https:\/\/blogg.svenskakyrkan.se\/akebonnier\/wp-json\/wp\/v2\/categories?post=253"},{"taxonomy":"post_tag","embeddable":true,"href":"https:\/\/blogg.svenskakyrkan.se\/akebonnier\/wp-json\/wp\/v2\/tags?post=253"}],"curies":[{"name":"wp","href":"https:\/\/api.w.org\/{rel}","templated":true}]}}