{"id":254,"date":"2009-06-04T14:27:00","date_gmt":"2009-06-04T14:27:00","guid":{"rendered":"http:\/\/blogg.svenskakyrkan.se\/akebonnier\/2009\/06\/04\/vad-har-du-pa-hjartat-del-3\/"},"modified":"2009-06-04T14:27:00","modified_gmt":"2009-06-04T14:27:00","slug":"vad-har-du-pa-hjartat-del-3","status":"publish","type":"post","link":"https:\/\/blogg.svenskakyrkan.se\/akebonnier\/2009\/06\/04\/vad-har-du-pa-hjartat-del-3\/","title":{"rendered":"Vad har Du p\u00e5 hj\u00e4rtat? Del 3"},"content":{"rendered":"<p>D\u00e5 var det dags igen att avrapportera en hj\u00e4rtefr\u00e5ga. N\u00e4r man v\u00e4l kommit in i den svenska sjukv\u00e5rdens v\u00e5rdomsorg tycks det inte vara helt enkelt att komma ut. Jag skrev l\u00e5ngt tidigare om hj\u00e4rtklappning etc som drabbade mig i februari. EKG av olika slag genomgick jag. S\u00e5 blev jag kallad till ultraljud, extra l\u00e4karbes\u00f6k och d\u00e4r f\u00f6rkunnade l\u00e4karen att allt verkade ganska normalt MEN de skulle g\u00e5 vidare och g\u00f6ra en &#8221;nie-unders\u00f6kning&#8221;. Ordet l\u00e4t inte s\u00e5 farligt men jag undrade \u00e4nd\u00e5 stilla vad det var. L\u00e4karen f\u00f6rklarade att det var en liten sond som man gick in i via n\u00e4san och ned i matstrupen och in bakom hj\u00e4rtat och p\u00e5 det s\u00e4ttet kunde man provocera fram hj\u00e4rtrusning, extra slag, etc, etc. Min f\u00f6rsta reaktion var att tacka nej. Kunde detta verkligen vara n\u00f6dv\u00e4ndigt? Var jag inte \u00e4nd\u00e5 ganska frisk? Hade inte mitt bankande hj\u00e4rta med psyket att g\u00f6ra &#8211; psykisk stress? Skulle jag inte kunna slippa detta med sonden som skulle in i n\u00e4san och ned i matstrupen? Men jag sa inget utan nickade bara stilla och f\u00f6rs\u00f6kte se tapper ut. I tisdags var jag iv\u00e4g och gjorde unders\u00f6kningen. I och f\u00f6r sig s\u00e5 fr\u00e5gade sk\u00f6terskan om jag verkligen ville g\u00f6ra unders\u00f6kningen eftersom jag h\u00e4vdade att mitt hj\u00e4rta nu m\u00e5dde bra &#8211; liksom jag. den typen av sv\u00e5ra fr\u00e5gor ville jag inte ha, vilket jag under v\u00e4nliga former upplyste sk\u00f6terskan om och bad om hj\u00e4lp att besluta. Hon sa att beslutet helt var mitt och jag besl\u00f6t mig d\u00e5 f\u00f6r att l\u00e5ta doktor D genomf\u00f6ra unders\u00f6kningen tillsammans med sk\u00f6terskan. Det d\u00e4r med sonden som skulle ned genom matstrupen var inte alls s\u00e5 ot\u00e4ckt som jag hade inbillat mig i n\u00e4stan 4 veckors tid men sedan var det lite jobbigare n\u00e4r hj\u00e4rtat rusade och br\u00f6stet kn\u00f6t sig. Men jag var ju i goda h\u00e4nder och efter en timme konstaterades det att jag nu kan k\u00e4nna mig helt och h\u00e5llet \u00e5terst\u00e4lld. det \u00e4r, mig och l\u00e4karvetenskapen veterligen, inget fel p\u00e5 mitt hj\u00e4rta.<\/p>\n<p>Tack gode Gud! Och tack gode Gud f\u00f6r l\u00e4karvetenskapen och f\u00f6r den svenska sjukv\u00e5rden som inte \u00e4r s\u00e5 dum trots att det kan vara jobbigt f\u00f6r alla oss som n\u00e5gon g\u00e5ng har v\u00e4ntat i o\u00e4ndlighet p\u00e5 akutmottagningar f\u00f6r att f\u00e5 komma in till en doktor! Vi har en bra sjukv\u00e5rd med mycken omsorg om patienterna. Det ska vi vara stolta \u00f6ver och v\u00e5rda oss om!<\/p>\n<p>En annan sak som jag har p\u00e5 hj\u00e4rtat \u00e4r religi\u00f6sa friskolor. \u00c5t idag lunch med min judiske v\u00e4n och diskuterade bl a den artikel som fanns i en av morgontidningarna g\u00e4llande NEJ till religi\u00f6sa friskolor. Det skulle sl\u00e5 h\u00e5rt mot en s\u00e5dan skola som Hillelskolan och fr\u00e5gan \u00e4r varf\u00f6r man m\u00e5ste vara s\u00e5 r\u00e4dd f\u00f6r religi\u00f6s p\u00e5verkan. Jag anar Humanisternas (allts\u00e5 ateisternas) finger som kan vara med i spelet. Naturligtvis m\u00e5ste det finnas en lagstiftning (och det g\u00f6r det idag) som visar p\u00e5 vad som \u00e4r n\u00f6dv\u00e4ndigt i den svenska skolundervisningen. men om n\u00e5got trossamfund dessutom vill skapa en profilskola ( t ex den judiska Hillelskolan)  m\u00e5ste det kunna vara m\u00f6jligt s\u00e5 l\u00e4nge man undervisar p\u00e5 ett \u00f6ppet s\u00e4tt i k\u00e4rn\u00e4mnen. Man kan inte l\u00e4ra att jorden skapades p\u00e5 7 dagar och h\u00e4vda att allt annat \u00e4r fel. man kan tala om att det finns olika teorier och man borde som l\u00e4rare f\u00e5 tala om vad som \u00e4r viktigt f\u00f6r en sj\u00e4lv utan att p\u00e5dyvla eleven den uppfattningen. Allts\u00e5 i en kristen skola skulle man mycket v\u00e4l kunna h\u00e4vda att Gud \u00e4r med i skapelseprocessen som handlar om ett pulserande universum, big bang etc.<\/p>\n<p>Man m\u00e5ste som jude kunna g\u00e5 i en judisk skola, som muslim i en muslimsk skola, och som kristen i en kristen skola och samtidigt m\u00e5ste det finnas \u00f6ppenhet f\u00f6r en bred vetenskapssyn i undervisningen kombinerad med trossamfundets grund\u00f6vertygelse. Jag menar att detta borde kunna fungera.<\/p>\n<div class=\"blogger-post-footer\"><img width='1' height='1' src='https:\/\/blogger.googleusercontent.com\/tracker\/9055441369901436026-8535883565098044906?l=akebonnier.blogspot.com' alt='' \/><\/div>\n","protected":false},"excerpt":{"rendered":"<p>D\u00e5 var det dags igen att avrapportera en hj\u00e4rtefr\u00e5ga. N\u00e4r man v\u00e4l kommit in i den svenska sjukv\u00e5rdens v\u00e5rdomsorg tycks det inte vara helt enkelt att komma ut. Jag skrev l\u00e5ngt tidigare om hj\u00e4rtklappning etc som drabbade mig i februari. EKG av olika slag genomgick jag. S\u00e5 blev jag kallad till ultraljud, extra l\u00e4karbes\u00f6k och [&hellip;]<\/p>\n","protected":false},"author":108,"featured_media":0,"comment_status":"open","ping_status":"open","sticky":false,"template":"","format":"standard","meta":{"_acf_changed":false,"footnotes":""},"categories":[16228],"tags":[],"class_list":["post-254","post","type-post","status-publish","format-standard","hentry","category-vad-har-du-pa-hjartat-del-3"],"acf":[],"yoast_head":"<!-- This site is optimized with the Yoast SEO plugin v27.1.1 - https:\/\/yoast.com\/product\/yoast-seo-wordpress\/ -->\n<title>Vad har Du p\u00e5 hj\u00e4rtat? Del 3 - \u00c5ke Bonnier<\/title>\n<meta name=\"robots\" content=\"index, follow, max-snippet:-1, max-image-preview:large, max-video-preview:-1\" \/>\n<link rel=\"canonical\" href=\"https:\/\/blogg.svenskakyrkan.se\/akebonnier\/2009\/06\/04\/vad-har-du-pa-hjartat-del-3\/\" \/>\n<meta property=\"og:locale\" content=\"sv_SE\" \/>\n<meta property=\"og:type\" content=\"article\" \/>\n<meta property=\"og:title\" content=\"Vad har Du p\u00e5 hj\u00e4rtat? Del 3 - \u00c5ke Bonnier\" \/>\n<meta property=\"og:description\" content=\"D\u00e5 var det dags igen att avrapportera en hj\u00e4rtefr\u00e5ga. N\u00e4r man v\u00e4l kommit in i den svenska sjukv\u00e5rdens v\u00e5rdomsorg tycks det inte vara helt enkelt att komma ut. Jag skrev l\u00e5ngt tidigare om hj\u00e4rtklappning etc som drabbade mig i februari. EKG av olika slag genomgick jag. S\u00e5 blev jag kallad till ultraljud, extra l\u00e4karbes\u00f6k och [&hellip;]\" \/>\n<meta property=\"og:url\" content=\"https:\/\/blogg.svenskakyrkan.se\/akebonnier\/2009\/06\/04\/vad-har-du-pa-hjartat-del-3\/\" \/>\n<meta property=\"og:site_name\" content=\"\u00c5ke Bonnier\" \/>\n<meta property=\"article:published_time\" content=\"2009-06-04T14:27:00+00:00\" \/>\n<meta property=\"og:image\" content=\"https:\/\/blogger.googleusercontent.com\/tracker\/9055441369901436026-8535883565098044906?l=akebonnier.blogspot.com\" \/>\n<meta name=\"author\" content=\"\u00c5ke Bonnier\" \/>\n<meta name=\"twitter:card\" content=\"summary_large_image\" \/>\n<meta name=\"twitter:label1\" content=\"Skriven av\" \/>\n\t<meta name=\"twitter:data1\" content=\"\u00c5ke Bonnier\" \/>\n\t<meta name=\"twitter:label2\" content=\"Ber\u00e4knad l\u00e4stid\" \/>\n\t<meta name=\"twitter:data2\" content=\"4 minuter\" \/>\n<script type=\"application\/ld+json\" class=\"yoast-schema-graph\">{\"@context\":\"https:\/\/schema.org\",\"@graph\":[{\"@type\":\"Article\",\"@id\":\"https:\/\/blogg.svenskakyrkan.se\/akebonnier\/2009\/06\/04\/vad-har-du-pa-hjartat-del-3\/#article\",\"isPartOf\":{\"@id\":\"https:\/\/blogg.svenskakyrkan.se\/akebonnier\/2009\/06\/04\/vad-har-du-pa-hjartat-del-3\/\"},\"author\":{\"name\":\"\u00c5ke Bonnier\",\"@id\":\"https:\/\/blogg.svenskakyrkan.se\/akebonnier\/#\/schema\/person\/8db68bc0c94f6a5a62df2d4486ff1343\"},\"headline\":\"Vad har Du p\u00e5 hj\u00e4rtat? Del 3\",\"datePublished\":\"2009-06-04T14:27:00+00:00\",\"mainEntityOfPage\":{\"@id\":\"https:\/\/blogg.svenskakyrkan.se\/akebonnier\/2009\/06\/04\/vad-har-du-pa-hjartat-del-3\/\"},\"wordCount\":752,\"commentCount\":3,\"image\":{\"@id\":\"https:\/\/blogg.svenskakyrkan.se\/akebonnier\/2009\/06\/04\/vad-har-du-pa-hjartat-del-3\/#primaryimage\"},\"thumbnailUrl\":\"https:\/\/blogger.googleusercontent.com\/tracker\/9055441369901436026-8535883565098044906?l=akebonnier.blogspot.com\",\"articleSection\":[\"Vad har Du p\u00e5 hj\u00e4rtat - del 3\"],\"inLanguage\":\"sv-SE\",\"potentialAction\":[{\"@type\":\"CommentAction\",\"name\":\"Comment\",\"target\":[\"https:\/\/blogg.svenskakyrkan.se\/akebonnier\/2009\/06\/04\/vad-har-du-pa-hjartat-del-3\/#respond\"]}]},{\"@type\":\"WebPage\",\"@id\":\"https:\/\/blogg.svenskakyrkan.se\/akebonnier\/2009\/06\/04\/vad-har-du-pa-hjartat-del-3\/\",\"url\":\"https:\/\/blogg.svenskakyrkan.se\/akebonnier\/2009\/06\/04\/vad-har-du-pa-hjartat-del-3\/\",\"name\":\"Vad har Du p\u00e5 hj\u00e4rtat? Del 3 - \u00c5ke Bonnier\",\"isPartOf\":{\"@id\":\"https:\/\/blogg.svenskakyrkan.se\/akebonnier\/#website\"},\"primaryImageOfPage\":{\"@id\":\"https:\/\/blogg.svenskakyrkan.se\/akebonnier\/2009\/06\/04\/vad-har-du-pa-hjartat-del-3\/#primaryimage\"},\"image\":{\"@id\":\"https:\/\/blogg.svenskakyrkan.se\/akebonnier\/2009\/06\/04\/vad-har-du-pa-hjartat-del-3\/#primaryimage\"},\"thumbnailUrl\":\"https:\/\/blogger.googleusercontent.com\/tracker\/9055441369901436026-8535883565098044906?l=akebonnier.blogspot.com\",\"datePublished\":\"2009-06-04T14:27:00+00:00\",\"author\":{\"@id\":\"https:\/\/blogg.svenskakyrkan.se\/akebonnier\/#\/schema\/person\/8db68bc0c94f6a5a62df2d4486ff1343\"},\"breadcrumb\":{\"@id\":\"https:\/\/blogg.svenskakyrkan.se\/akebonnier\/2009\/06\/04\/vad-har-du-pa-hjartat-del-3\/#breadcrumb\"},\"inLanguage\":\"sv-SE\",\"potentialAction\":[{\"@type\":\"ReadAction\",\"target\":[\"https:\/\/blogg.svenskakyrkan.se\/akebonnier\/2009\/06\/04\/vad-har-du-pa-hjartat-del-3\/\"]}]},{\"@type\":\"ImageObject\",\"inLanguage\":\"sv-SE\",\"@id\":\"https:\/\/blogg.svenskakyrkan.se\/akebonnier\/2009\/06\/04\/vad-har-du-pa-hjartat-del-3\/#primaryimage\",\"url\":\"https:\/\/blogger.googleusercontent.com\/tracker\/9055441369901436026-8535883565098044906?l=akebonnier.blogspot.com\",\"contentUrl\":\"https:\/\/blogger.googleusercontent.com\/tracker\/9055441369901436026-8535883565098044906?l=akebonnier.blogspot.com\"},{\"@type\":\"BreadcrumbList\",\"@id\":\"https:\/\/blogg.svenskakyrkan.se\/akebonnier\/2009\/06\/04\/vad-har-du-pa-hjartat-del-3\/#breadcrumb\",\"itemListElement\":[{\"@type\":\"ListItem\",\"position\":1,\"name\":\"Hem\",\"item\":\"https:\/\/blogg.svenskakyrkan.se\/akebonnier\/\"},{\"@type\":\"ListItem\",\"position\":2,\"name\":\"Vad har Du p\u00e5 hj\u00e4rtat? Del 3\"}]},{\"@type\":\"WebSite\",\"@id\":\"https:\/\/blogg.svenskakyrkan.se\/akebonnier\/#website\",\"url\":\"https:\/\/blogg.svenskakyrkan.se\/akebonnier\/\",\"name\":\"\u00c5ke Bonnier\",\"description\":\"Biskop i Svenska kyrkan - Skara stift\",\"potentialAction\":[{\"@type\":\"SearchAction\",\"target\":{\"@type\":\"EntryPoint\",\"urlTemplate\":\"https:\/\/blogg.svenskakyrkan.se\/akebonnier\/?s={search_term_string}\"},\"query-input\":{\"@type\":\"PropertyValueSpecification\",\"valueRequired\":true,\"valueName\":\"search_term_string\"}}],\"inLanguage\":\"sv-SE\"},{\"@type\":\"Person\",\"@id\":\"https:\/\/blogg.svenskakyrkan.se\/akebonnier\/#\/schema\/person\/8db68bc0c94f6a5a62df2d4486ff1343\",\"name\":\"\u00c5ke Bonnier\",\"image\":{\"@type\":\"ImageObject\",\"inLanguage\":\"sv-SE\",\"@id\":\"https:\/\/blogg.svenskakyrkan.se\/akebonnier\/#\/schema\/person\/image\/\",\"url\":\"https:\/\/secure.gravatar.com\/avatar\/b88264736bb0bc0d1ea92298aef02c9f98cfc13c7484130c42c663ae484f9462?s=96&d=mm&r=g\",\"contentUrl\":\"https:\/\/secure.gravatar.com\/avatar\/b88264736bb0bc0d1ea92298aef02c9f98cfc13c7484130c42c663ae484f9462?s=96&d=mm&r=g\",\"caption\":\"\u00c5ke Bonnier\"},\"description\":\"Jag \u00e4r gift och har tv\u00e5 vuxna d\u00f6ttrar. Pr\u00e4stvigdes 1984 och biskopsvigs 26 augusti 2012 . Jag har tidigare bland annat varit, komminister och kyrkoherde i Liding\u00f6 f\u00f6rsamling och domprost i Stockholms domkyrkof\u00f6rsamling. Jag \u00e4r intresserad av konst, litteratur, teater, film. Jag tr\u00e4nar regelbundet p\u00e5 gym. Mitt huvudsakliga musikintresse \u00e4r klassisk musik men ocks\u00e5 Beatles, Elvis Presley, Monika Zettelund, Povel Ramel och m\u00e5nga andra tycker jag om att lyssna p\u00e5. Jag l\u00e4ser f\u00f6r lite sk\u00f6nlitteratur beroende p\u00e5 annat som jag m\u00e5ste l\u00e4sa i mitt uppdrag som biskop. Men jag \u00e4lskar b\u00f6cker. Naturligtvis l\u00e4ser jag n\u00e4st intill dagligdags i \\\"B\u00f6ckernas Bok.\\\"\",\"sameAs\":[\"http:\/\/www.skarastift.se\"],\"url\":\"https:\/\/blogg.svenskakyrkan.se\/akebonnier\/author\/akebonnier\/\"}]}<\/script>\n<!-- \/ Yoast SEO plugin. -->","yoast_head_json":{"title":"Vad har Du p\u00e5 hj\u00e4rtat? Del 3 - \u00c5ke Bonnier","robots":{"index":"index","follow":"follow","max-snippet":"max-snippet:-1","max-image-preview":"max-image-preview:large","max-video-preview":"max-video-preview:-1"},"canonical":"https:\/\/blogg.svenskakyrkan.se\/akebonnier\/2009\/06\/04\/vad-har-du-pa-hjartat-del-3\/","og_locale":"sv_SE","og_type":"article","og_title":"Vad har Du p\u00e5 hj\u00e4rtat? Del 3 - \u00c5ke Bonnier","og_description":"D\u00e5 var det dags igen att avrapportera en hj\u00e4rtefr\u00e5ga. N\u00e4r man v\u00e4l kommit in i den svenska sjukv\u00e5rdens v\u00e5rdomsorg tycks det inte vara helt enkelt att komma ut. Jag skrev l\u00e5ngt tidigare om hj\u00e4rtklappning etc som drabbade mig i februari. EKG av olika slag genomgick jag. S\u00e5 blev jag kallad till ultraljud, extra l\u00e4karbes\u00f6k och [&hellip;]","og_url":"https:\/\/blogg.svenskakyrkan.se\/akebonnier\/2009\/06\/04\/vad-har-du-pa-hjartat-del-3\/","og_site_name":"\u00c5ke Bonnier","article_published_time":"2009-06-04T14:27:00+00:00","og_image":[{"url":"https:\/\/blogger.googleusercontent.com\/tracker\/9055441369901436026-8535883565098044906?l=akebonnier.blogspot.com","type":"","width":"","height":""}],"author":"\u00c5ke Bonnier","twitter_card":"summary_large_image","twitter_misc":{"Skriven av":"\u00c5ke Bonnier","Ber\u00e4knad l\u00e4stid":"4 minuter"},"schema":{"@context":"https:\/\/schema.org","@graph":[{"@type":"Article","@id":"https:\/\/blogg.svenskakyrkan.se\/akebonnier\/2009\/06\/04\/vad-har-du-pa-hjartat-del-3\/#article","isPartOf":{"@id":"https:\/\/blogg.svenskakyrkan.se\/akebonnier\/2009\/06\/04\/vad-har-du-pa-hjartat-del-3\/"},"author":{"name":"\u00c5ke Bonnier","@id":"https:\/\/blogg.svenskakyrkan.se\/akebonnier\/#\/schema\/person\/8db68bc0c94f6a5a62df2d4486ff1343"},"headline":"Vad har Du p\u00e5 hj\u00e4rtat? Del 3","datePublished":"2009-06-04T14:27:00+00:00","mainEntityOfPage":{"@id":"https:\/\/blogg.svenskakyrkan.se\/akebonnier\/2009\/06\/04\/vad-har-du-pa-hjartat-del-3\/"},"wordCount":752,"commentCount":3,"image":{"@id":"https:\/\/blogg.svenskakyrkan.se\/akebonnier\/2009\/06\/04\/vad-har-du-pa-hjartat-del-3\/#primaryimage"},"thumbnailUrl":"https:\/\/blogger.googleusercontent.com\/tracker\/9055441369901436026-8535883565098044906?l=akebonnier.blogspot.com","articleSection":["Vad har Du p\u00e5 hj\u00e4rtat - del 3"],"inLanguage":"sv-SE","potentialAction":[{"@type":"CommentAction","name":"Comment","target":["https:\/\/blogg.svenskakyrkan.se\/akebonnier\/2009\/06\/04\/vad-har-du-pa-hjartat-del-3\/#respond"]}]},{"@type":"WebPage","@id":"https:\/\/blogg.svenskakyrkan.se\/akebonnier\/2009\/06\/04\/vad-har-du-pa-hjartat-del-3\/","url":"https:\/\/blogg.svenskakyrkan.se\/akebonnier\/2009\/06\/04\/vad-har-du-pa-hjartat-del-3\/","name":"Vad har Du p\u00e5 hj\u00e4rtat? Del 3 - \u00c5ke Bonnier","isPartOf":{"@id":"https:\/\/blogg.svenskakyrkan.se\/akebonnier\/#website"},"primaryImageOfPage":{"@id":"https:\/\/blogg.svenskakyrkan.se\/akebonnier\/2009\/06\/04\/vad-har-du-pa-hjartat-del-3\/#primaryimage"},"image":{"@id":"https:\/\/blogg.svenskakyrkan.se\/akebonnier\/2009\/06\/04\/vad-har-du-pa-hjartat-del-3\/#primaryimage"},"thumbnailUrl":"https:\/\/blogger.googleusercontent.com\/tracker\/9055441369901436026-8535883565098044906?l=akebonnier.blogspot.com","datePublished":"2009-06-04T14:27:00+00:00","author":{"@id":"https:\/\/blogg.svenskakyrkan.se\/akebonnier\/#\/schema\/person\/8db68bc0c94f6a5a62df2d4486ff1343"},"breadcrumb":{"@id":"https:\/\/blogg.svenskakyrkan.se\/akebonnier\/2009\/06\/04\/vad-har-du-pa-hjartat-del-3\/#breadcrumb"},"inLanguage":"sv-SE","potentialAction":[{"@type":"ReadAction","target":["https:\/\/blogg.svenskakyrkan.se\/akebonnier\/2009\/06\/04\/vad-har-du-pa-hjartat-del-3\/"]}]},{"@type":"ImageObject","inLanguage":"sv-SE","@id":"https:\/\/blogg.svenskakyrkan.se\/akebonnier\/2009\/06\/04\/vad-har-du-pa-hjartat-del-3\/#primaryimage","url":"https:\/\/blogger.googleusercontent.com\/tracker\/9055441369901436026-8535883565098044906?l=akebonnier.blogspot.com","contentUrl":"https:\/\/blogger.googleusercontent.com\/tracker\/9055441369901436026-8535883565098044906?l=akebonnier.blogspot.com"},{"@type":"BreadcrumbList","@id":"https:\/\/blogg.svenskakyrkan.se\/akebonnier\/2009\/06\/04\/vad-har-du-pa-hjartat-del-3\/#breadcrumb","itemListElement":[{"@type":"ListItem","position":1,"name":"Hem","item":"https:\/\/blogg.svenskakyrkan.se\/akebonnier\/"},{"@type":"ListItem","position":2,"name":"Vad har Du p\u00e5 hj\u00e4rtat? Del 3"}]},{"@type":"WebSite","@id":"https:\/\/blogg.svenskakyrkan.se\/akebonnier\/#website","url":"https:\/\/blogg.svenskakyrkan.se\/akebonnier\/","name":"\u00c5ke Bonnier","description":"Biskop i Svenska kyrkan - Skara stift","potentialAction":[{"@type":"SearchAction","target":{"@type":"EntryPoint","urlTemplate":"https:\/\/blogg.svenskakyrkan.se\/akebonnier\/?s={search_term_string}"},"query-input":{"@type":"PropertyValueSpecification","valueRequired":true,"valueName":"search_term_string"}}],"inLanguage":"sv-SE"},{"@type":"Person","@id":"https:\/\/blogg.svenskakyrkan.se\/akebonnier\/#\/schema\/person\/8db68bc0c94f6a5a62df2d4486ff1343","name":"\u00c5ke Bonnier","image":{"@type":"ImageObject","inLanguage":"sv-SE","@id":"https:\/\/blogg.svenskakyrkan.se\/akebonnier\/#\/schema\/person\/image\/","url":"https:\/\/secure.gravatar.com\/avatar\/b88264736bb0bc0d1ea92298aef02c9f98cfc13c7484130c42c663ae484f9462?s=96&d=mm&r=g","contentUrl":"https:\/\/secure.gravatar.com\/avatar\/b88264736bb0bc0d1ea92298aef02c9f98cfc13c7484130c42c663ae484f9462?s=96&d=mm&r=g","caption":"\u00c5ke Bonnier"},"description":"Jag \u00e4r gift och har tv\u00e5 vuxna d\u00f6ttrar. Pr\u00e4stvigdes 1984 och biskopsvigs 26 augusti 2012 . Jag har tidigare bland annat varit, komminister och kyrkoherde i Liding\u00f6 f\u00f6rsamling och domprost i Stockholms domkyrkof\u00f6rsamling. Jag \u00e4r intresserad av konst, litteratur, teater, film. Jag tr\u00e4nar regelbundet p\u00e5 gym. Mitt huvudsakliga musikintresse \u00e4r klassisk musik men ocks\u00e5 Beatles, Elvis Presley, Monika Zettelund, Povel Ramel och m\u00e5nga andra tycker jag om att lyssna p\u00e5. Jag l\u00e4ser f\u00f6r lite sk\u00f6nlitteratur beroende p\u00e5 annat som jag m\u00e5ste l\u00e4sa i mitt uppdrag som biskop. Men jag \u00e4lskar b\u00f6cker. Naturligtvis l\u00e4ser jag n\u00e4st intill dagligdags i \"B\u00f6ckernas Bok.\"","sameAs":["http:\/\/www.skarastift.se"],"url":"https:\/\/blogg.svenskakyrkan.se\/akebonnier\/author\/akebonnier\/"}]}},"author_meta":{"ID":"108","user_nicename":"akebonnier","user_url":"http:\/\/www.skarastift.se","user_registered":"2011-10-11 09:24:48","display_name":"\u00c5ke Bonnier","first_name":"\u00c5ke","last_name":"Bonnier","avatar":"https:\/\/secure.gravatar.com\/avatar\/b88264736bb0bc0d1ea92298aef02c9f98cfc13c7484130c42c663ae484f9462?s=96&d=mm&r=g"},"featured_image":false,"bloginfo":{"name":"\u00c5ke Bonnier","url":"https:\/\/blogg.svenskakyrkan.se\/akebonnier"},"_links":{"self":[{"href":"https:\/\/blogg.svenskakyrkan.se\/akebonnier\/wp-json\/wp\/v2\/posts\/254","targetHints":{"allow":["GET"]}}],"collection":[{"href":"https:\/\/blogg.svenskakyrkan.se\/akebonnier\/wp-json\/wp\/v2\/posts"}],"about":[{"href":"https:\/\/blogg.svenskakyrkan.se\/akebonnier\/wp-json\/wp\/v2\/types\/post"}],"author":[{"embeddable":true,"href":"https:\/\/blogg.svenskakyrkan.se\/akebonnier\/wp-json\/wp\/v2\/users\/108"}],"replies":[{"embeddable":true,"href":"https:\/\/blogg.svenskakyrkan.se\/akebonnier\/wp-json\/wp\/v2\/comments?post=254"}],"version-history":[{"count":0,"href":"https:\/\/blogg.svenskakyrkan.se\/akebonnier\/wp-json\/wp\/v2\/posts\/254\/revisions"}],"wp:attachment":[{"href":"https:\/\/blogg.svenskakyrkan.se\/akebonnier\/wp-json\/wp\/v2\/media?parent=254"}],"wp:term":[{"taxonomy":"category","embeddable":true,"href":"https:\/\/blogg.svenskakyrkan.se\/akebonnier\/wp-json\/wp\/v2\/categories?post=254"},{"taxonomy":"post_tag","embeddable":true,"href":"https:\/\/blogg.svenskakyrkan.se\/akebonnier\/wp-json\/wp\/v2\/tags?post=254"}],"curies":[{"name":"wp","href":"https:\/\/api.w.org\/{rel}","templated":true}]}}