{"id":257,"date":"2009-06-10T14:30:00","date_gmt":"2009-06-10T14:30:00","guid":{"rendered":"http:\/\/blogg.svenskakyrkan.se\/akebonnier\/2009\/06\/10\/gud-finns-inte\/"},"modified":"2009-06-10T14:30:00","modified_gmt":"2009-06-10T14:30:00","slug":"gud-finns-inte","status":"publish","type":"post","link":"https:\/\/blogg.svenskakyrkan.se\/akebonnier\/2009\/06\/10\/gud-finns-inte\/","title":{"rendered":"Gud finns inte!"},"content":{"rendered":"<p>Blir Du st\u00f6rd av rubriken i detta <span class=\"blsp-spelling-error\">blogginl\u00e4gg<\/span>? Jag f\u00f6rst\u00e5r om Du blir det. Men jag har inspirerats till att skriva s\u00e5 av Humanisterna (ateistisk organisation) som idag i en morgontidning har en helsidesannons med rubriken <em>Gud finns nog inte.<\/em> Jag h\u00e5ller med p\u00e5 ett s\u00e4tt. Gud finns inte. Men, jag vill l\u00e4gga till n\u00e5got mer. Jag vill snarare s\u00e4ga: Gud <em>\u00e4r<\/em>! Att finnas \u00e4r mer begr\u00e4nsat. Om vi s\u00e4ger att Gud finns, s\u00e5 \u00e4r Gud begr\u00e4nsad till att finnas \u00f6verallt, finnas p\u00e5 vissa platser eller finnas i en viss tid. Du och jag finns. V\u00e4rlden finns. Pr\u00e4stkragar finns. Jesus som historisk person fanns. men Gud <em>\u00e4r!<\/em> Gud \u00e4r den obegr\u00e4nsade. I den f\u00f6rra \u00f6vers\u00e4ttningen av Bibeln (1917) st\u00e5r det i Johannesevangeliets f\u00f6rsta kapitel: <em>I begynnelsen var ordet och ordet var hos Gud och ordet var Gud. <\/em>I den nya \u00f6vers\u00e4ttningen (Bibeln  2000) anv\u00e4nds ordet <em>fanns<\/em>. P\u00e5 <span class=\"blsp-spelling-error\">koin\u00e9grekiska<\/span> (n<span class=\"blsp-spelling-error\">ytestamentlig<\/span> grekiska) heter det: <em>En <span class=\"blsp-spelling-error\">arch\u00e4<\/span><\/em> <em><strong>\u00e4n<\/strong> ho logos. <\/em>Ordet <em>\u00e4n<\/em> kan \u00f6vers\u00e4ttas med b\u00e5de <em>fanns<\/em> och <em>var<\/em> och jag f\u00f6redrar det sistn\u00e4mnda. Gud <em>\u00e4r. <\/em>I 2 <span class=\"blsp-spelling-error\">Mosebok<\/span> \u00e5terfinns bokstavskombinationen <span class=\"blsp-spelling-error\">JHVH<\/span> som uttyds &#8221;Jag \u00e4r&#8221;. Det \u00e4r Gud som s\u00e4ger till <span class=\"blsp-spelling-error\">Mose<\/span> att Gud <em>\u00e4r<\/em> och att <span class=\"blsp-spelling-error\">Mose<\/span> ska s\u00e4ga till Farao att <em>Jag \u00c4r<\/em> har s\u00e4nt <span class=\"blsp-spelling-error\">Mose.<\/span> Jesus s\u00e4ger: <em>Jag \u00e4r v\u00e4rldens ljus. Jag \u00e4r livets br\u00f6d&#8230;<\/em> N\u00e4r Jesus s\u00e4ger s\u00e5 anspelar han p\u00e5 den gudomliga bokstavskombinationen <span class=\"blsp-spelling-error\">JHVH.<\/span> P\u00e5 grekiska heter det <em><span class=\"blsp-spelling-error\">eg\u00e5<\/span> <span class=\"blsp-spelling-error\">eimi<\/span><\/em> och betyder samma sak som <span class=\"blsp-spelling-error\">JHVH.<\/span> N\u00e4r Jesus s\u00e4ger t ex <em>Jag \u00e4r<\/em> v\u00e4rldens ljus s\u00e4ger han egentligen att han \u00e4r Gud, Gud som <em>\u00e4r<\/em>.<\/p>\n<p>Detta blev en kort bibellektion i protest<em> mot Humanisternas <\/em>m\u00e4rkliga annons och unders\u00f6kning. Man kan g\u00f6ra en test d\u00e4r m\u00e5nga m\u00e4rkligt formulerade fr\u00e5gor st\u00e4lls.<\/p>\n<p>K\u00e4ra <span class=\"blsp-spelling-corrected\">ateister<\/span>, k\u00e4ra Humanister. F\u00f6rs\u00f6k att vara mer v\u00e4lformulerade i era fr\u00e5gor , mer nyanserade \u00e4n vad ni \u00e4r idag. Jag kan bara beklaga testet! Det borde ha kunnat g\u00f6ras b\u00e4ttre och d\u00e4rmed intressantare!!<\/p>\n<div class=\"blogger-post-footer\"><img width='1' height='1' src='https:\/\/blogger.googleusercontent.com\/tracker\/9055441369901436026-7149223881459371387?l=akebonnier.blogspot.com' alt='' \/><\/div>\n","protected":false},"excerpt":{"rendered":"<p>Blir Du st\u00f6rd av rubriken i detta blogginl\u00e4gg? Jag f\u00f6rst\u00e5r om Du blir det. Men jag har inspirerats till att skriva s\u00e5 av Humanisterna (ateistisk organisation) som idag i en morgontidning har en helsidesannons med rubriken Gud finns nog inte. Jag h\u00e5ller med p\u00e5 ett s\u00e4tt. Gud finns inte. Men, jag vill l\u00e4gga till n\u00e5got [&hellip;]<\/p>\n","protected":false},"author":108,"featured_media":0,"comment_status":"open","ping_status":"open","sticky":false,"template":"","format":"standard","meta":{"_acf_changed":false,"footnotes":""},"categories":[16231],"tags":[],"class_list":["post-257","post","type-post","status-publish","format-standard","hentry","category-gud-finns-inte"],"acf":[],"yoast_head":"<!-- This site is optimized with the Yoast SEO plugin v27.1.1 - https:\/\/yoast.com\/product\/yoast-seo-wordpress\/ -->\n<title>Gud finns inte! - \u00c5ke Bonnier<\/title>\n<meta name=\"robots\" content=\"index, follow, max-snippet:-1, max-image-preview:large, max-video-preview:-1\" \/>\n<link rel=\"canonical\" href=\"https:\/\/blogg.svenskakyrkan.se\/akebonnier\/2009\/06\/10\/gud-finns-inte\/\" \/>\n<meta property=\"og:locale\" content=\"sv_SE\" \/>\n<meta property=\"og:type\" content=\"article\" \/>\n<meta property=\"og:title\" content=\"Gud finns inte! - \u00c5ke Bonnier\" \/>\n<meta property=\"og:description\" content=\"Blir Du st\u00f6rd av rubriken i detta blogginl\u00e4gg? Jag f\u00f6rst\u00e5r om Du blir det. Men jag har inspirerats till att skriva s\u00e5 av Humanisterna (ateistisk organisation) som idag i en morgontidning har en helsidesannons med rubriken Gud finns nog inte. Jag h\u00e5ller med p\u00e5 ett s\u00e4tt. Gud finns inte. Men, jag vill l\u00e4gga till n\u00e5got [&hellip;]\" \/>\n<meta property=\"og:url\" content=\"https:\/\/blogg.svenskakyrkan.se\/akebonnier\/2009\/06\/10\/gud-finns-inte\/\" \/>\n<meta property=\"og:site_name\" content=\"\u00c5ke Bonnier\" \/>\n<meta property=\"article:published_time\" content=\"2009-06-10T14:30:00+00:00\" \/>\n<meta property=\"og:image\" content=\"https:\/\/blogger.googleusercontent.com\/tracker\/9055441369901436026-7149223881459371387?l=akebonnier.blogspot.com\" \/>\n<meta name=\"author\" content=\"\u00c5ke Bonnier\" \/>\n<meta name=\"twitter:card\" content=\"summary_large_image\" \/>\n<meta name=\"twitter:label1\" content=\"Skriven av\" \/>\n\t<meta name=\"twitter:data1\" content=\"\u00c5ke Bonnier\" \/>\n\t<meta name=\"twitter:label2\" content=\"Ber\u00e4knad l\u00e4stid\" \/>\n\t<meta name=\"twitter:data2\" content=\"2 minuter\" \/>\n<script type=\"application\/ld+json\" class=\"yoast-schema-graph\">{\"@context\":\"https:\/\/schema.org\",\"@graph\":[{\"@type\":\"Article\",\"@id\":\"https:\/\/blogg.svenskakyrkan.se\/akebonnier\/2009\/06\/10\/gud-finns-inte\/#article\",\"isPartOf\":{\"@id\":\"https:\/\/blogg.svenskakyrkan.se\/akebonnier\/2009\/06\/10\/gud-finns-inte\/\"},\"author\":{\"name\":\"\u00c5ke Bonnier\",\"@id\":\"https:\/\/blogg.svenskakyrkan.se\/akebonnier\/#\/schema\/person\/8db68bc0c94f6a5a62df2d4486ff1343\"},\"headline\":\"Gud finns inte!\",\"datePublished\":\"2009-06-10T14:30:00+00:00\",\"mainEntityOfPage\":{\"@id\":\"https:\/\/blogg.svenskakyrkan.se\/akebonnier\/2009\/06\/10\/gud-finns-inte\/\"},\"wordCount\":370,\"commentCount\":3,\"image\":{\"@id\":\"https:\/\/blogg.svenskakyrkan.se\/akebonnier\/2009\/06\/10\/gud-finns-inte\/#primaryimage\"},\"thumbnailUrl\":\"https:\/\/blogger.googleusercontent.com\/tracker\/9055441369901436026-7149223881459371387?l=akebonnier.blogspot.com\",\"articleSection\":[\"Gud finns inte\"],\"inLanguage\":\"sv-SE\",\"potentialAction\":[{\"@type\":\"CommentAction\",\"name\":\"Comment\",\"target\":[\"https:\/\/blogg.svenskakyrkan.se\/akebonnier\/2009\/06\/10\/gud-finns-inte\/#respond\"]}]},{\"@type\":\"WebPage\",\"@id\":\"https:\/\/blogg.svenskakyrkan.se\/akebonnier\/2009\/06\/10\/gud-finns-inte\/\",\"url\":\"https:\/\/blogg.svenskakyrkan.se\/akebonnier\/2009\/06\/10\/gud-finns-inte\/\",\"name\":\"Gud finns inte! - \u00c5ke Bonnier\",\"isPartOf\":{\"@id\":\"https:\/\/blogg.svenskakyrkan.se\/akebonnier\/#website\"},\"primaryImageOfPage\":{\"@id\":\"https:\/\/blogg.svenskakyrkan.se\/akebonnier\/2009\/06\/10\/gud-finns-inte\/#primaryimage\"},\"image\":{\"@id\":\"https:\/\/blogg.svenskakyrkan.se\/akebonnier\/2009\/06\/10\/gud-finns-inte\/#primaryimage\"},\"thumbnailUrl\":\"https:\/\/blogger.googleusercontent.com\/tracker\/9055441369901436026-7149223881459371387?l=akebonnier.blogspot.com\",\"datePublished\":\"2009-06-10T14:30:00+00:00\",\"author\":{\"@id\":\"https:\/\/blogg.svenskakyrkan.se\/akebonnier\/#\/schema\/person\/8db68bc0c94f6a5a62df2d4486ff1343\"},\"breadcrumb\":{\"@id\":\"https:\/\/blogg.svenskakyrkan.se\/akebonnier\/2009\/06\/10\/gud-finns-inte\/#breadcrumb\"},\"inLanguage\":\"sv-SE\",\"potentialAction\":[{\"@type\":\"ReadAction\",\"target\":[\"https:\/\/blogg.svenskakyrkan.se\/akebonnier\/2009\/06\/10\/gud-finns-inte\/\"]}]},{\"@type\":\"ImageObject\",\"inLanguage\":\"sv-SE\",\"@id\":\"https:\/\/blogg.svenskakyrkan.se\/akebonnier\/2009\/06\/10\/gud-finns-inte\/#primaryimage\",\"url\":\"https:\/\/blogger.googleusercontent.com\/tracker\/9055441369901436026-7149223881459371387?l=akebonnier.blogspot.com\",\"contentUrl\":\"https:\/\/blogger.googleusercontent.com\/tracker\/9055441369901436026-7149223881459371387?l=akebonnier.blogspot.com\"},{\"@type\":\"BreadcrumbList\",\"@id\":\"https:\/\/blogg.svenskakyrkan.se\/akebonnier\/2009\/06\/10\/gud-finns-inte\/#breadcrumb\",\"itemListElement\":[{\"@type\":\"ListItem\",\"position\":1,\"name\":\"Hem\",\"item\":\"https:\/\/blogg.svenskakyrkan.se\/akebonnier\/\"},{\"@type\":\"ListItem\",\"position\":2,\"name\":\"Gud finns inte!\"}]},{\"@type\":\"WebSite\",\"@id\":\"https:\/\/blogg.svenskakyrkan.se\/akebonnier\/#website\",\"url\":\"https:\/\/blogg.svenskakyrkan.se\/akebonnier\/\",\"name\":\"\u00c5ke Bonnier\",\"description\":\"Biskop i Svenska kyrkan - Skara stift\",\"potentialAction\":[{\"@type\":\"SearchAction\",\"target\":{\"@type\":\"EntryPoint\",\"urlTemplate\":\"https:\/\/blogg.svenskakyrkan.se\/akebonnier\/?s={search_term_string}\"},\"query-input\":{\"@type\":\"PropertyValueSpecification\",\"valueRequired\":true,\"valueName\":\"search_term_string\"}}],\"inLanguage\":\"sv-SE\"},{\"@type\":\"Person\",\"@id\":\"https:\/\/blogg.svenskakyrkan.se\/akebonnier\/#\/schema\/person\/8db68bc0c94f6a5a62df2d4486ff1343\",\"name\":\"\u00c5ke Bonnier\",\"image\":{\"@type\":\"ImageObject\",\"inLanguage\":\"sv-SE\",\"@id\":\"https:\/\/blogg.svenskakyrkan.se\/akebonnier\/#\/schema\/person\/image\/\",\"url\":\"https:\/\/secure.gravatar.com\/avatar\/b88264736bb0bc0d1ea92298aef02c9f98cfc13c7484130c42c663ae484f9462?s=96&d=mm&r=g\",\"contentUrl\":\"https:\/\/secure.gravatar.com\/avatar\/b88264736bb0bc0d1ea92298aef02c9f98cfc13c7484130c42c663ae484f9462?s=96&d=mm&r=g\",\"caption\":\"\u00c5ke Bonnier\"},\"description\":\"Jag \u00e4r gift och har tv\u00e5 vuxna d\u00f6ttrar. Pr\u00e4stvigdes 1984 och biskopsvigs 26 augusti 2012 . Jag har tidigare bland annat varit, komminister och kyrkoherde i Liding\u00f6 f\u00f6rsamling och domprost i Stockholms domkyrkof\u00f6rsamling. Jag \u00e4r intresserad av konst, litteratur, teater, film. Jag tr\u00e4nar regelbundet p\u00e5 gym. Mitt huvudsakliga musikintresse \u00e4r klassisk musik men ocks\u00e5 Beatles, Elvis Presley, Monika Zettelund, Povel Ramel och m\u00e5nga andra tycker jag om att lyssna p\u00e5. Jag l\u00e4ser f\u00f6r lite sk\u00f6nlitteratur beroende p\u00e5 annat som jag m\u00e5ste l\u00e4sa i mitt uppdrag som biskop. Men jag \u00e4lskar b\u00f6cker. Naturligtvis l\u00e4ser jag n\u00e4st intill dagligdags i \\\"B\u00f6ckernas Bok.\\\"\",\"sameAs\":[\"http:\/\/www.skarastift.se\"],\"url\":\"https:\/\/blogg.svenskakyrkan.se\/akebonnier\/author\/akebonnier\/\"}]}<\/script>\n<!-- \/ Yoast SEO plugin. -->","yoast_head_json":{"title":"Gud finns inte! - \u00c5ke Bonnier","robots":{"index":"index","follow":"follow","max-snippet":"max-snippet:-1","max-image-preview":"max-image-preview:large","max-video-preview":"max-video-preview:-1"},"canonical":"https:\/\/blogg.svenskakyrkan.se\/akebonnier\/2009\/06\/10\/gud-finns-inte\/","og_locale":"sv_SE","og_type":"article","og_title":"Gud finns inte! - \u00c5ke Bonnier","og_description":"Blir Du st\u00f6rd av rubriken i detta blogginl\u00e4gg? Jag f\u00f6rst\u00e5r om Du blir det. Men jag har inspirerats till att skriva s\u00e5 av Humanisterna (ateistisk organisation) som idag i en morgontidning har en helsidesannons med rubriken Gud finns nog inte. Jag h\u00e5ller med p\u00e5 ett s\u00e4tt. Gud finns inte. Men, jag vill l\u00e4gga till n\u00e5got [&hellip;]","og_url":"https:\/\/blogg.svenskakyrkan.se\/akebonnier\/2009\/06\/10\/gud-finns-inte\/","og_site_name":"\u00c5ke Bonnier","article_published_time":"2009-06-10T14:30:00+00:00","og_image":[{"url":"https:\/\/blogger.googleusercontent.com\/tracker\/9055441369901436026-7149223881459371387?l=akebonnier.blogspot.com","type":"","width":"","height":""}],"author":"\u00c5ke Bonnier","twitter_card":"summary_large_image","twitter_misc":{"Skriven av":"\u00c5ke Bonnier","Ber\u00e4knad l\u00e4stid":"2 minuter"},"schema":{"@context":"https:\/\/schema.org","@graph":[{"@type":"Article","@id":"https:\/\/blogg.svenskakyrkan.se\/akebonnier\/2009\/06\/10\/gud-finns-inte\/#article","isPartOf":{"@id":"https:\/\/blogg.svenskakyrkan.se\/akebonnier\/2009\/06\/10\/gud-finns-inte\/"},"author":{"name":"\u00c5ke Bonnier","@id":"https:\/\/blogg.svenskakyrkan.se\/akebonnier\/#\/schema\/person\/8db68bc0c94f6a5a62df2d4486ff1343"},"headline":"Gud finns inte!","datePublished":"2009-06-10T14:30:00+00:00","mainEntityOfPage":{"@id":"https:\/\/blogg.svenskakyrkan.se\/akebonnier\/2009\/06\/10\/gud-finns-inte\/"},"wordCount":370,"commentCount":3,"image":{"@id":"https:\/\/blogg.svenskakyrkan.se\/akebonnier\/2009\/06\/10\/gud-finns-inte\/#primaryimage"},"thumbnailUrl":"https:\/\/blogger.googleusercontent.com\/tracker\/9055441369901436026-7149223881459371387?l=akebonnier.blogspot.com","articleSection":["Gud finns inte"],"inLanguage":"sv-SE","potentialAction":[{"@type":"CommentAction","name":"Comment","target":["https:\/\/blogg.svenskakyrkan.se\/akebonnier\/2009\/06\/10\/gud-finns-inte\/#respond"]}]},{"@type":"WebPage","@id":"https:\/\/blogg.svenskakyrkan.se\/akebonnier\/2009\/06\/10\/gud-finns-inte\/","url":"https:\/\/blogg.svenskakyrkan.se\/akebonnier\/2009\/06\/10\/gud-finns-inte\/","name":"Gud finns inte! - \u00c5ke Bonnier","isPartOf":{"@id":"https:\/\/blogg.svenskakyrkan.se\/akebonnier\/#website"},"primaryImageOfPage":{"@id":"https:\/\/blogg.svenskakyrkan.se\/akebonnier\/2009\/06\/10\/gud-finns-inte\/#primaryimage"},"image":{"@id":"https:\/\/blogg.svenskakyrkan.se\/akebonnier\/2009\/06\/10\/gud-finns-inte\/#primaryimage"},"thumbnailUrl":"https:\/\/blogger.googleusercontent.com\/tracker\/9055441369901436026-7149223881459371387?l=akebonnier.blogspot.com","datePublished":"2009-06-10T14:30:00+00:00","author":{"@id":"https:\/\/blogg.svenskakyrkan.se\/akebonnier\/#\/schema\/person\/8db68bc0c94f6a5a62df2d4486ff1343"},"breadcrumb":{"@id":"https:\/\/blogg.svenskakyrkan.se\/akebonnier\/2009\/06\/10\/gud-finns-inte\/#breadcrumb"},"inLanguage":"sv-SE","potentialAction":[{"@type":"ReadAction","target":["https:\/\/blogg.svenskakyrkan.se\/akebonnier\/2009\/06\/10\/gud-finns-inte\/"]}]},{"@type":"ImageObject","inLanguage":"sv-SE","@id":"https:\/\/blogg.svenskakyrkan.se\/akebonnier\/2009\/06\/10\/gud-finns-inte\/#primaryimage","url":"https:\/\/blogger.googleusercontent.com\/tracker\/9055441369901436026-7149223881459371387?l=akebonnier.blogspot.com","contentUrl":"https:\/\/blogger.googleusercontent.com\/tracker\/9055441369901436026-7149223881459371387?l=akebonnier.blogspot.com"},{"@type":"BreadcrumbList","@id":"https:\/\/blogg.svenskakyrkan.se\/akebonnier\/2009\/06\/10\/gud-finns-inte\/#breadcrumb","itemListElement":[{"@type":"ListItem","position":1,"name":"Hem","item":"https:\/\/blogg.svenskakyrkan.se\/akebonnier\/"},{"@type":"ListItem","position":2,"name":"Gud finns inte!"}]},{"@type":"WebSite","@id":"https:\/\/blogg.svenskakyrkan.se\/akebonnier\/#website","url":"https:\/\/blogg.svenskakyrkan.se\/akebonnier\/","name":"\u00c5ke Bonnier","description":"Biskop i Svenska kyrkan - Skara stift","potentialAction":[{"@type":"SearchAction","target":{"@type":"EntryPoint","urlTemplate":"https:\/\/blogg.svenskakyrkan.se\/akebonnier\/?s={search_term_string}"},"query-input":{"@type":"PropertyValueSpecification","valueRequired":true,"valueName":"search_term_string"}}],"inLanguage":"sv-SE"},{"@type":"Person","@id":"https:\/\/blogg.svenskakyrkan.se\/akebonnier\/#\/schema\/person\/8db68bc0c94f6a5a62df2d4486ff1343","name":"\u00c5ke Bonnier","image":{"@type":"ImageObject","inLanguage":"sv-SE","@id":"https:\/\/blogg.svenskakyrkan.se\/akebonnier\/#\/schema\/person\/image\/","url":"https:\/\/secure.gravatar.com\/avatar\/b88264736bb0bc0d1ea92298aef02c9f98cfc13c7484130c42c663ae484f9462?s=96&d=mm&r=g","contentUrl":"https:\/\/secure.gravatar.com\/avatar\/b88264736bb0bc0d1ea92298aef02c9f98cfc13c7484130c42c663ae484f9462?s=96&d=mm&r=g","caption":"\u00c5ke Bonnier"},"description":"Jag \u00e4r gift och har tv\u00e5 vuxna d\u00f6ttrar. Pr\u00e4stvigdes 1984 och biskopsvigs 26 augusti 2012 . Jag har tidigare bland annat varit, komminister och kyrkoherde i Liding\u00f6 f\u00f6rsamling och domprost i Stockholms domkyrkof\u00f6rsamling. Jag \u00e4r intresserad av konst, litteratur, teater, film. Jag tr\u00e4nar regelbundet p\u00e5 gym. Mitt huvudsakliga musikintresse \u00e4r klassisk musik men ocks\u00e5 Beatles, Elvis Presley, Monika Zettelund, Povel Ramel och m\u00e5nga andra tycker jag om att lyssna p\u00e5. Jag l\u00e4ser f\u00f6r lite sk\u00f6nlitteratur beroende p\u00e5 annat som jag m\u00e5ste l\u00e4sa i mitt uppdrag som biskop. Men jag \u00e4lskar b\u00f6cker. Naturligtvis l\u00e4ser jag n\u00e4st intill dagligdags i \"B\u00f6ckernas Bok.\"","sameAs":["http:\/\/www.skarastift.se"],"url":"https:\/\/blogg.svenskakyrkan.se\/akebonnier\/author\/akebonnier\/"}]}},"author_meta":{"ID":"108","user_nicename":"akebonnier","user_url":"http:\/\/www.skarastift.se","user_registered":"2011-10-11 09:24:48","display_name":"\u00c5ke Bonnier","first_name":"\u00c5ke","last_name":"Bonnier","avatar":"https:\/\/secure.gravatar.com\/avatar\/b88264736bb0bc0d1ea92298aef02c9f98cfc13c7484130c42c663ae484f9462?s=96&d=mm&r=g"},"featured_image":false,"bloginfo":{"name":"\u00c5ke Bonnier","url":"https:\/\/blogg.svenskakyrkan.se\/akebonnier"},"_links":{"self":[{"href":"https:\/\/blogg.svenskakyrkan.se\/akebonnier\/wp-json\/wp\/v2\/posts\/257","targetHints":{"allow":["GET"]}}],"collection":[{"href":"https:\/\/blogg.svenskakyrkan.se\/akebonnier\/wp-json\/wp\/v2\/posts"}],"about":[{"href":"https:\/\/blogg.svenskakyrkan.se\/akebonnier\/wp-json\/wp\/v2\/types\/post"}],"author":[{"embeddable":true,"href":"https:\/\/blogg.svenskakyrkan.se\/akebonnier\/wp-json\/wp\/v2\/users\/108"}],"replies":[{"embeddable":true,"href":"https:\/\/blogg.svenskakyrkan.se\/akebonnier\/wp-json\/wp\/v2\/comments?post=257"}],"version-history":[{"count":0,"href":"https:\/\/blogg.svenskakyrkan.se\/akebonnier\/wp-json\/wp\/v2\/posts\/257\/revisions"}],"wp:attachment":[{"href":"https:\/\/blogg.svenskakyrkan.se\/akebonnier\/wp-json\/wp\/v2\/media?parent=257"}],"wp:term":[{"taxonomy":"category","embeddable":true,"href":"https:\/\/blogg.svenskakyrkan.se\/akebonnier\/wp-json\/wp\/v2\/categories?post=257"},{"taxonomy":"post_tag","embeddable":true,"href":"https:\/\/blogg.svenskakyrkan.se\/akebonnier\/wp-json\/wp\/v2\/tags?post=257"}],"curies":[{"name":"wp","href":"https:\/\/api.w.org\/{rel}","templated":true}]}}