{"id":258,"date":"2009-06-11T13:13:00","date_gmt":"2009-06-11T13:13:00","guid":{"rendered":"http:\/\/blogg.svenskakyrkan.se\/akebonnier\/2009\/06\/11\/humlan-kan-inte-flyga-eller\/"},"modified":"2009-06-11T13:13:00","modified_gmt":"2009-06-11T13:13:00","slug":"humlan-kan-inte-flyga-eller","status":"publish","type":"post","link":"https:\/\/blogg.svenskakyrkan.se\/akebonnier\/2009\/06\/11\/humlan-kan-inte-flyga-eller\/","title":{"rendered":"Humlan kan inte flyga&#8230;eller?"},"content":{"rendered":"<p>Jo, ungef\u00e4r den rubriken hade jag i h\u00f6stas p\u00e5 ett blogginl\u00e4gg. Det var n\u00e4r det var som v\u00e4rst i v\u00e5r budgetsituation. Nu kan man s\u00e4ga som det st\u00e5r i en av v\u00e5ra psalmer i Psalmboken: <em>Det ljusnar sakta emellan dimma och skorstensr\u00f6k&#8230; <\/em>Idag har vi g\u00e5tt igenom avtalet med S:ta Clara kyrkas v\u00e4nner med de ber\u00f6rda fackf\u00f6reningarna och alla verkar n\u00f6jda med sakernas tillst\u00e5nd, d v s verksamheten forts\u00e4tter, de nu anst\u00e4llda som har sin huvudsakliga arbetsplats i S:ta Clara forts\u00e4tter att arbeta d\u00e4r fast med annan arbetsgivare etc, etc. Jag \u00e4r glad att vi h\u00e5ller p\u00e5 att f\u00e5 till en l\u00f6sning f\u00f6r b\u00e5de S:ta Clara kyrkas nutid och framtid och Stockholms domkyrkof\u00f6rsamlings nutid och framtid. Humlan som inte kunde flyga kan nu f\u00f6rhoppningsvis n\u00f6dtorftigt flyga d v s vi f\u00e5r en l\u00e4ttnad i v\u00e5r budget genom denna \u00f6verenskommelse och evangeliet forts\u00e4tter att f\u00f6rkunnas i ord och handling i Klaraomr\u00e5det. Tack gode Gud!<\/p>\n<p>Per-Ola Larsson, tidigare pr\u00e4st i Svenska kyrkan, ondg\u00f6r sig i dagens nummer av Kyrkans tidning \u00f6ver v\u00e5rt kommande avtal. Per-Ola har ingen aning om avtalets inneh\u00e5ll. Det handlar om att en renodlad svenskkyrklig verksamhet ska forts\u00e4tta i S:ta Clara. Per-Ola Larssons beskrivning av att vi skulle \u00f6verge folkkyrkotanken med en \u00f6ppen liturgi och diakoni \u00e4r fel.<\/p>\n<p>Man ska inte tro allt man l\u00e4ser (utom m\u00f6jligen i denna blogg)..!<\/p>\n<div class=\"blogger-post-footer\"><img width='1' height='1' src='https:\/\/blogger.googleusercontent.com\/tracker\/9055441369901436026-6981596155117858581?l=akebonnier.blogspot.com' alt='' \/><\/div>\n","protected":false},"excerpt":{"rendered":"<p>Jo, ungef\u00e4r den rubriken hade jag i h\u00f6stas p\u00e5 ett blogginl\u00e4gg. Det var n\u00e4r det var som v\u00e4rst i v\u00e5r budgetsituation. Nu kan man s\u00e4ga som det st\u00e5r i en av v\u00e5ra psalmer i Psalmboken: Det ljusnar sakta emellan dimma och skorstensr\u00f6k&#8230; Idag har vi g\u00e5tt igenom avtalet med S:ta Clara kyrkas v\u00e4nner med de [&hellip;]<\/p>\n","protected":false},"author":108,"featured_media":0,"comment_status":"open","ping_status":"open","sticky":false,"template":"","format":"standard","meta":{"_acf_changed":false,"footnotes":""},"categories":[16232],"tags":[],"class_list":["post-258","post","type-post","status-publish","format-standard","hentry","category-humlan-kan-inte-flyga-eller"],"acf":[],"yoast_head":"<!-- This site is optimized with the Yoast SEO plugin v27.1.1 - https:\/\/yoast.com\/product\/yoast-seo-wordpress\/ -->\n<title>Humlan kan inte flyga...eller? - \u00c5ke Bonnier<\/title>\n<meta name=\"robots\" content=\"index, follow, max-snippet:-1, max-image-preview:large, max-video-preview:-1\" \/>\n<link rel=\"canonical\" href=\"https:\/\/blogg.svenskakyrkan.se\/akebonnier\/2009\/06\/11\/humlan-kan-inte-flyga-eller\/\" \/>\n<meta property=\"og:locale\" content=\"sv_SE\" \/>\n<meta property=\"og:type\" content=\"article\" \/>\n<meta property=\"og:title\" content=\"Humlan kan inte flyga...eller? - \u00c5ke Bonnier\" \/>\n<meta property=\"og:description\" content=\"Jo, ungef\u00e4r den rubriken hade jag i h\u00f6stas p\u00e5 ett blogginl\u00e4gg. Det var n\u00e4r det var som v\u00e4rst i v\u00e5r budgetsituation. Nu kan man s\u00e4ga som det st\u00e5r i en av v\u00e5ra psalmer i Psalmboken: Det ljusnar sakta emellan dimma och skorstensr\u00f6k&#8230; Idag har vi g\u00e5tt igenom avtalet med S:ta Clara kyrkas v\u00e4nner med de [&hellip;]\" \/>\n<meta property=\"og:url\" content=\"https:\/\/blogg.svenskakyrkan.se\/akebonnier\/2009\/06\/11\/humlan-kan-inte-flyga-eller\/\" \/>\n<meta property=\"og:site_name\" content=\"\u00c5ke Bonnier\" \/>\n<meta property=\"article:published_time\" content=\"2009-06-11T13:13:00+00:00\" \/>\n<meta property=\"og:image\" content=\"https:\/\/blogger.googleusercontent.com\/tracker\/9055441369901436026-6981596155117858581?l=akebonnier.blogspot.com\" \/>\n<meta name=\"author\" content=\"\u00c5ke Bonnier\" \/>\n<meta name=\"twitter:card\" content=\"summary_large_image\" \/>\n<meta name=\"twitter:label1\" content=\"Skriven av\" \/>\n\t<meta name=\"twitter:data1\" content=\"\u00c5ke Bonnier\" \/>\n\t<meta name=\"twitter:label2\" content=\"Ber\u00e4knad l\u00e4stid\" \/>\n\t<meta name=\"twitter:data2\" content=\"1 minut\" \/>\n<script type=\"application\/ld+json\" class=\"yoast-schema-graph\">{\"@context\":\"https:\/\/schema.org\",\"@graph\":[{\"@type\":\"Article\",\"@id\":\"https:\/\/blogg.svenskakyrkan.se\/akebonnier\/2009\/06\/11\/humlan-kan-inte-flyga-eller\/#article\",\"isPartOf\":{\"@id\":\"https:\/\/blogg.svenskakyrkan.se\/akebonnier\/2009\/06\/11\/humlan-kan-inte-flyga-eller\/\"},\"author\":{\"name\":\"\u00c5ke Bonnier\",\"@id\":\"https:\/\/blogg.svenskakyrkan.se\/akebonnier\/#\/schema\/person\/8db68bc0c94f6a5a62df2d4486ff1343\"},\"headline\":\"Humlan kan inte flyga&#8230;eller?\",\"datePublished\":\"2009-06-11T13:13:00+00:00\",\"mainEntityOfPage\":{\"@id\":\"https:\/\/blogg.svenskakyrkan.se\/akebonnier\/2009\/06\/11\/humlan-kan-inte-flyga-eller\/\"},\"wordCount\":270,\"commentCount\":0,\"image\":{\"@id\":\"https:\/\/blogg.svenskakyrkan.se\/akebonnier\/2009\/06\/11\/humlan-kan-inte-flyga-eller\/#primaryimage\"},\"thumbnailUrl\":\"https:\/\/blogger.googleusercontent.com\/tracker\/9055441369901436026-6981596155117858581?l=akebonnier.blogspot.com\",\"articleSection\":[\"Humlan kan inte flyga ...eller\"],\"inLanguage\":\"sv-SE\",\"potentialAction\":[{\"@type\":\"CommentAction\",\"name\":\"Comment\",\"target\":[\"https:\/\/blogg.svenskakyrkan.se\/akebonnier\/2009\/06\/11\/humlan-kan-inte-flyga-eller\/#respond\"]}]},{\"@type\":\"WebPage\",\"@id\":\"https:\/\/blogg.svenskakyrkan.se\/akebonnier\/2009\/06\/11\/humlan-kan-inte-flyga-eller\/\",\"url\":\"https:\/\/blogg.svenskakyrkan.se\/akebonnier\/2009\/06\/11\/humlan-kan-inte-flyga-eller\/\",\"name\":\"Humlan kan inte flyga...eller? - \u00c5ke Bonnier\",\"isPartOf\":{\"@id\":\"https:\/\/blogg.svenskakyrkan.se\/akebonnier\/#website\"},\"primaryImageOfPage\":{\"@id\":\"https:\/\/blogg.svenskakyrkan.se\/akebonnier\/2009\/06\/11\/humlan-kan-inte-flyga-eller\/#primaryimage\"},\"image\":{\"@id\":\"https:\/\/blogg.svenskakyrkan.se\/akebonnier\/2009\/06\/11\/humlan-kan-inte-flyga-eller\/#primaryimage\"},\"thumbnailUrl\":\"https:\/\/blogger.googleusercontent.com\/tracker\/9055441369901436026-6981596155117858581?l=akebonnier.blogspot.com\",\"datePublished\":\"2009-06-11T13:13:00+00:00\",\"author\":{\"@id\":\"https:\/\/blogg.svenskakyrkan.se\/akebonnier\/#\/schema\/person\/8db68bc0c94f6a5a62df2d4486ff1343\"},\"breadcrumb\":{\"@id\":\"https:\/\/blogg.svenskakyrkan.se\/akebonnier\/2009\/06\/11\/humlan-kan-inte-flyga-eller\/#breadcrumb\"},\"inLanguage\":\"sv-SE\",\"potentialAction\":[{\"@type\":\"ReadAction\",\"target\":[\"https:\/\/blogg.svenskakyrkan.se\/akebonnier\/2009\/06\/11\/humlan-kan-inte-flyga-eller\/\"]}]},{\"@type\":\"ImageObject\",\"inLanguage\":\"sv-SE\",\"@id\":\"https:\/\/blogg.svenskakyrkan.se\/akebonnier\/2009\/06\/11\/humlan-kan-inte-flyga-eller\/#primaryimage\",\"url\":\"https:\/\/blogger.googleusercontent.com\/tracker\/9055441369901436026-6981596155117858581?l=akebonnier.blogspot.com\",\"contentUrl\":\"https:\/\/blogger.googleusercontent.com\/tracker\/9055441369901436026-6981596155117858581?l=akebonnier.blogspot.com\"},{\"@type\":\"BreadcrumbList\",\"@id\":\"https:\/\/blogg.svenskakyrkan.se\/akebonnier\/2009\/06\/11\/humlan-kan-inte-flyga-eller\/#breadcrumb\",\"itemListElement\":[{\"@type\":\"ListItem\",\"position\":1,\"name\":\"Hem\",\"item\":\"https:\/\/blogg.svenskakyrkan.se\/akebonnier\/\"},{\"@type\":\"ListItem\",\"position\":2,\"name\":\"Humlan kan inte flyga&#8230;eller?\"}]},{\"@type\":\"WebSite\",\"@id\":\"https:\/\/blogg.svenskakyrkan.se\/akebonnier\/#website\",\"url\":\"https:\/\/blogg.svenskakyrkan.se\/akebonnier\/\",\"name\":\"\u00c5ke Bonnier\",\"description\":\"Biskop i Svenska kyrkan - Skara stift\",\"potentialAction\":[{\"@type\":\"SearchAction\",\"target\":{\"@type\":\"EntryPoint\",\"urlTemplate\":\"https:\/\/blogg.svenskakyrkan.se\/akebonnier\/?s={search_term_string}\"},\"query-input\":{\"@type\":\"PropertyValueSpecification\",\"valueRequired\":true,\"valueName\":\"search_term_string\"}}],\"inLanguage\":\"sv-SE\"},{\"@type\":\"Person\",\"@id\":\"https:\/\/blogg.svenskakyrkan.se\/akebonnier\/#\/schema\/person\/8db68bc0c94f6a5a62df2d4486ff1343\",\"name\":\"\u00c5ke Bonnier\",\"image\":{\"@type\":\"ImageObject\",\"inLanguage\":\"sv-SE\",\"@id\":\"https:\/\/blogg.svenskakyrkan.se\/akebonnier\/#\/schema\/person\/image\/\",\"url\":\"https:\/\/secure.gravatar.com\/avatar\/b88264736bb0bc0d1ea92298aef02c9f98cfc13c7484130c42c663ae484f9462?s=96&d=mm&r=g\",\"contentUrl\":\"https:\/\/secure.gravatar.com\/avatar\/b88264736bb0bc0d1ea92298aef02c9f98cfc13c7484130c42c663ae484f9462?s=96&d=mm&r=g\",\"caption\":\"\u00c5ke Bonnier\"},\"description\":\"Jag \u00e4r gift och har tv\u00e5 vuxna d\u00f6ttrar. Pr\u00e4stvigdes 1984 och biskopsvigs 26 augusti 2012 . Jag har tidigare bland annat varit, komminister och kyrkoherde i Liding\u00f6 f\u00f6rsamling och domprost i Stockholms domkyrkof\u00f6rsamling. Jag \u00e4r intresserad av konst, litteratur, teater, film. Jag tr\u00e4nar regelbundet p\u00e5 gym. Mitt huvudsakliga musikintresse \u00e4r klassisk musik men ocks\u00e5 Beatles, Elvis Presley, Monika Zettelund, Povel Ramel och m\u00e5nga andra tycker jag om att lyssna p\u00e5. Jag l\u00e4ser f\u00f6r lite sk\u00f6nlitteratur beroende p\u00e5 annat som jag m\u00e5ste l\u00e4sa i mitt uppdrag som biskop. Men jag \u00e4lskar b\u00f6cker. Naturligtvis l\u00e4ser jag n\u00e4st intill dagligdags i \\\"B\u00f6ckernas Bok.\\\"\",\"sameAs\":[\"http:\/\/www.skarastift.se\"],\"url\":\"https:\/\/blogg.svenskakyrkan.se\/akebonnier\/author\/akebonnier\/\"}]}<\/script>\n<!-- \/ Yoast SEO plugin. -->","yoast_head_json":{"title":"Humlan kan inte flyga...eller? - \u00c5ke Bonnier","robots":{"index":"index","follow":"follow","max-snippet":"max-snippet:-1","max-image-preview":"max-image-preview:large","max-video-preview":"max-video-preview:-1"},"canonical":"https:\/\/blogg.svenskakyrkan.se\/akebonnier\/2009\/06\/11\/humlan-kan-inte-flyga-eller\/","og_locale":"sv_SE","og_type":"article","og_title":"Humlan kan inte flyga...eller? - \u00c5ke Bonnier","og_description":"Jo, ungef\u00e4r den rubriken hade jag i h\u00f6stas p\u00e5 ett blogginl\u00e4gg. Det var n\u00e4r det var som v\u00e4rst i v\u00e5r budgetsituation. Nu kan man s\u00e4ga som det st\u00e5r i en av v\u00e5ra psalmer i Psalmboken: Det ljusnar sakta emellan dimma och skorstensr\u00f6k&#8230; Idag har vi g\u00e5tt igenom avtalet med S:ta Clara kyrkas v\u00e4nner med de [&hellip;]","og_url":"https:\/\/blogg.svenskakyrkan.se\/akebonnier\/2009\/06\/11\/humlan-kan-inte-flyga-eller\/","og_site_name":"\u00c5ke Bonnier","article_published_time":"2009-06-11T13:13:00+00:00","og_image":[{"url":"https:\/\/blogger.googleusercontent.com\/tracker\/9055441369901436026-6981596155117858581?l=akebonnier.blogspot.com","type":"","width":"","height":""}],"author":"\u00c5ke Bonnier","twitter_card":"summary_large_image","twitter_misc":{"Skriven av":"\u00c5ke Bonnier","Ber\u00e4knad l\u00e4stid":"1 minut"},"schema":{"@context":"https:\/\/schema.org","@graph":[{"@type":"Article","@id":"https:\/\/blogg.svenskakyrkan.se\/akebonnier\/2009\/06\/11\/humlan-kan-inte-flyga-eller\/#article","isPartOf":{"@id":"https:\/\/blogg.svenskakyrkan.se\/akebonnier\/2009\/06\/11\/humlan-kan-inte-flyga-eller\/"},"author":{"name":"\u00c5ke Bonnier","@id":"https:\/\/blogg.svenskakyrkan.se\/akebonnier\/#\/schema\/person\/8db68bc0c94f6a5a62df2d4486ff1343"},"headline":"Humlan kan inte flyga&#8230;eller?","datePublished":"2009-06-11T13:13:00+00:00","mainEntityOfPage":{"@id":"https:\/\/blogg.svenskakyrkan.se\/akebonnier\/2009\/06\/11\/humlan-kan-inte-flyga-eller\/"},"wordCount":270,"commentCount":0,"image":{"@id":"https:\/\/blogg.svenskakyrkan.se\/akebonnier\/2009\/06\/11\/humlan-kan-inte-flyga-eller\/#primaryimage"},"thumbnailUrl":"https:\/\/blogger.googleusercontent.com\/tracker\/9055441369901436026-6981596155117858581?l=akebonnier.blogspot.com","articleSection":["Humlan kan inte flyga ...eller"],"inLanguage":"sv-SE","potentialAction":[{"@type":"CommentAction","name":"Comment","target":["https:\/\/blogg.svenskakyrkan.se\/akebonnier\/2009\/06\/11\/humlan-kan-inte-flyga-eller\/#respond"]}]},{"@type":"WebPage","@id":"https:\/\/blogg.svenskakyrkan.se\/akebonnier\/2009\/06\/11\/humlan-kan-inte-flyga-eller\/","url":"https:\/\/blogg.svenskakyrkan.se\/akebonnier\/2009\/06\/11\/humlan-kan-inte-flyga-eller\/","name":"Humlan kan inte flyga...eller? - \u00c5ke Bonnier","isPartOf":{"@id":"https:\/\/blogg.svenskakyrkan.se\/akebonnier\/#website"},"primaryImageOfPage":{"@id":"https:\/\/blogg.svenskakyrkan.se\/akebonnier\/2009\/06\/11\/humlan-kan-inte-flyga-eller\/#primaryimage"},"image":{"@id":"https:\/\/blogg.svenskakyrkan.se\/akebonnier\/2009\/06\/11\/humlan-kan-inte-flyga-eller\/#primaryimage"},"thumbnailUrl":"https:\/\/blogger.googleusercontent.com\/tracker\/9055441369901436026-6981596155117858581?l=akebonnier.blogspot.com","datePublished":"2009-06-11T13:13:00+00:00","author":{"@id":"https:\/\/blogg.svenskakyrkan.se\/akebonnier\/#\/schema\/person\/8db68bc0c94f6a5a62df2d4486ff1343"},"breadcrumb":{"@id":"https:\/\/blogg.svenskakyrkan.se\/akebonnier\/2009\/06\/11\/humlan-kan-inte-flyga-eller\/#breadcrumb"},"inLanguage":"sv-SE","potentialAction":[{"@type":"ReadAction","target":["https:\/\/blogg.svenskakyrkan.se\/akebonnier\/2009\/06\/11\/humlan-kan-inte-flyga-eller\/"]}]},{"@type":"ImageObject","inLanguage":"sv-SE","@id":"https:\/\/blogg.svenskakyrkan.se\/akebonnier\/2009\/06\/11\/humlan-kan-inte-flyga-eller\/#primaryimage","url":"https:\/\/blogger.googleusercontent.com\/tracker\/9055441369901436026-6981596155117858581?l=akebonnier.blogspot.com","contentUrl":"https:\/\/blogger.googleusercontent.com\/tracker\/9055441369901436026-6981596155117858581?l=akebonnier.blogspot.com"},{"@type":"BreadcrumbList","@id":"https:\/\/blogg.svenskakyrkan.se\/akebonnier\/2009\/06\/11\/humlan-kan-inte-flyga-eller\/#breadcrumb","itemListElement":[{"@type":"ListItem","position":1,"name":"Hem","item":"https:\/\/blogg.svenskakyrkan.se\/akebonnier\/"},{"@type":"ListItem","position":2,"name":"Humlan kan inte flyga&#8230;eller?"}]},{"@type":"WebSite","@id":"https:\/\/blogg.svenskakyrkan.se\/akebonnier\/#website","url":"https:\/\/blogg.svenskakyrkan.se\/akebonnier\/","name":"\u00c5ke Bonnier","description":"Biskop i Svenska kyrkan - Skara stift","potentialAction":[{"@type":"SearchAction","target":{"@type":"EntryPoint","urlTemplate":"https:\/\/blogg.svenskakyrkan.se\/akebonnier\/?s={search_term_string}"},"query-input":{"@type":"PropertyValueSpecification","valueRequired":true,"valueName":"search_term_string"}}],"inLanguage":"sv-SE"},{"@type":"Person","@id":"https:\/\/blogg.svenskakyrkan.se\/akebonnier\/#\/schema\/person\/8db68bc0c94f6a5a62df2d4486ff1343","name":"\u00c5ke Bonnier","image":{"@type":"ImageObject","inLanguage":"sv-SE","@id":"https:\/\/blogg.svenskakyrkan.se\/akebonnier\/#\/schema\/person\/image\/","url":"https:\/\/secure.gravatar.com\/avatar\/b88264736bb0bc0d1ea92298aef02c9f98cfc13c7484130c42c663ae484f9462?s=96&d=mm&r=g","contentUrl":"https:\/\/secure.gravatar.com\/avatar\/b88264736bb0bc0d1ea92298aef02c9f98cfc13c7484130c42c663ae484f9462?s=96&d=mm&r=g","caption":"\u00c5ke Bonnier"},"description":"Jag \u00e4r gift och har tv\u00e5 vuxna d\u00f6ttrar. Pr\u00e4stvigdes 1984 och biskopsvigs 26 augusti 2012 . Jag har tidigare bland annat varit, komminister och kyrkoherde i Liding\u00f6 f\u00f6rsamling och domprost i Stockholms domkyrkof\u00f6rsamling. Jag \u00e4r intresserad av konst, litteratur, teater, film. Jag tr\u00e4nar regelbundet p\u00e5 gym. Mitt huvudsakliga musikintresse \u00e4r klassisk musik men ocks\u00e5 Beatles, Elvis Presley, Monika Zettelund, Povel Ramel och m\u00e5nga andra tycker jag om att lyssna p\u00e5. Jag l\u00e4ser f\u00f6r lite sk\u00f6nlitteratur beroende p\u00e5 annat som jag m\u00e5ste l\u00e4sa i mitt uppdrag som biskop. Men jag \u00e4lskar b\u00f6cker. Naturligtvis l\u00e4ser jag n\u00e4st intill dagligdags i \"B\u00f6ckernas Bok.\"","sameAs":["http:\/\/www.skarastift.se"],"url":"https:\/\/blogg.svenskakyrkan.se\/akebonnier\/author\/akebonnier\/"}]}},"author_meta":{"ID":"108","user_nicename":"akebonnier","user_url":"http:\/\/www.skarastift.se","user_registered":"2011-10-11 09:24:48","display_name":"\u00c5ke Bonnier","first_name":"\u00c5ke","last_name":"Bonnier","avatar":"https:\/\/secure.gravatar.com\/avatar\/b88264736bb0bc0d1ea92298aef02c9f98cfc13c7484130c42c663ae484f9462?s=96&d=mm&r=g"},"featured_image":false,"bloginfo":{"name":"\u00c5ke Bonnier","url":"https:\/\/blogg.svenskakyrkan.se\/akebonnier"},"_links":{"self":[{"href":"https:\/\/blogg.svenskakyrkan.se\/akebonnier\/wp-json\/wp\/v2\/posts\/258","targetHints":{"allow":["GET"]}}],"collection":[{"href":"https:\/\/blogg.svenskakyrkan.se\/akebonnier\/wp-json\/wp\/v2\/posts"}],"about":[{"href":"https:\/\/blogg.svenskakyrkan.se\/akebonnier\/wp-json\/wp\/v2\/types\/post"}],"author":[{"embeddable":true,"href":"https:\/\/blogg.svenskakyrkan.se\/akebonnier\/wp-json\/wp\/v2\/users\/108"}],"replies":[{"embeddable":true,"href":"https:\/\/blogg.svenskakyrkan.se\/akebonnier\/wp-json\/wp\/v2\/comments?post=258"}],"version-history":[{"count":0,"href":"https:\/\/blogg.svenskakyrkan.se\/akebonnier\/wp-json\/wp\/v2\/posts\/258\/revisions"}],"wp:attachment":[{"href":"https:\/\/blogg.svenskakyrkan.se\/akebonnier\/wp-json\/wp\/v2\/media?parent=258"}],"wp:term":[{"taxonomy":"category","embeddable":true,"href":"https:\/\/blogg.svenskakyrkan.se\/akebonnier\/wp-json\/wp\/v2\/categories?post=258"},{"taxonomy":"post_tag","embeddable":true,"href":"https:\/\/blogg.svenskakyrkan.se\/akebonnier\/wp-json\/wp\/v2\/tags?post=258"}],"curies":[{"name":"wp","href":"https:\/\/api.w.org\/{rel}","templated":true}]}}