{"id":260,"date":"2009-06-15T17:40:00","date_gmt":"2009-06-15T17:40:00","guid":{"rendered":"http:\/\/blogg.svenskakyrkan.se\/akebonnier\/2009\/06\/15\/gud-pa-frammarsch-hot-eller-lofte\/"},"modified":"2009-06-15T17:40:00","modified_gmt":"2009-06-15T17:40:00","slug":"gud-pa-frammarsch-hot-eller-lofte","status":"publish","type":"post","link":"https:\/\/blogg.svenskakyrkan.se\/akebonnier\/2009\/06\/15\/gud-pa-frammarsch-hot-eller-lofte\/","title":{"rendered":"Gud p\u00e5 frammarsch! &#8211; Hot eller l\u00f6fte?"},"content":{"rendered":"<p>Ig\u00e5r hade Dagens Nyheter p\u00e5 sin osignerade ledarplats f\u00f6ljande rubrik: <em>Gud p\u00e5 frammarsch!<\/em> (<a href=\"http:\/\/www.dn.se\/opinion\/huvudledare\/gud-pa-frammarsch-1.890968\">http:\/\/www.dn.se\/opinion\/huvudledare\/gud-pa-frammarsch-1.890968<\/a>) D\u00e4r skrivs det bl a om boken &#8221;God is back&#8221; av Peter Berger. Och nog \u00e4r det s\u00e5 att Gud \u00e4r p\u00e5 frammarsch n\u00e5got som man kan ha olika tankar om. Islam \u00e4r p\u00e5 frammarsch i Sverige. \u00c4r det ett hot eller ska vi gl\u00e4djas \u00f6ver den religi\u00f6sa m\u00e5ngfalden? Judendomen \u00e4r inte p\u00e5 frammarsch. Tv\u00e4rtom tycks den judiska f\u00f6rsamlingen beh\u00f6va st\u00f6d p\u00e5 olika s\u00e4tt. Den kristna trons gudstolkning (eller gudstolkningar) tycks vara p\u00e5 frammarsch och fr\u00e4mst d\u00e5 den konservativa protestantiska v\u00e4ckelsetraditionen. De mer traditionella kyrkoinriktningarna (de reformerta, lutherska och katolska) tycks vara p\u00e5 avtagande.<\/p>\n<p>Hur kan man d\u00e5 f\u00f6rh\u00e5lla sig till detta? Jag \u00e4r os\u00e4ker. Islams frammarsch i Sverige st\u00f6r mig inte s\u00e5 mycket. De konservativa kristnas frammarsch st\u00f6r mig inte heller mer \u00e4n att jag med viss befogad avundsjuka ser p\u00e5 mina systar och br\u00f6ders gudstj\u00e4nster i S:ta Clara kyrka d\u00e4r det samlas s\u00e5 ofattbart m\u00e5nga till b\u00f6n och lovs\u00e5ng. Men samtidigt har jag ju, som Ni k\u00e4ra bloggl\u00e4sare vet, sv\u00e5rt f\u00f6r den konservativa kristendomstraditionen som ibland tenderar att bli uteslutande snarare \u00e4n inneslutande. Det \u00e4r d\u00e5 jag kan t\u00e4nka: Gud p\u00e5 frammarsch! &#8211; Hot eller l\u00f6fte?<\/p>\n<p>Men kanske \u00e4r det inte Gud som \u00e4r p\u00e5 frammarsch. Gud \u00e4r redan framme. Gud \u00e4r redan mitt ibland oss. Gud har vunnit v\u00e5ra sj\u00e4lar &#8211; av v\u00e5r f\u00f6dsel och ohejdade vana. Det g\u00e4ller bara f\u00f6r oss att uppt\u00e4cka det -att uppt\u00e4cka den gr\u00e4nsl\u00f6sa inkluderande k\u00e4rleken, den gr\u00e4nsl\u00f6sa n\u00e5den som inte utesluter. Gud beh\u00f6ver ingen frammarsch &#8211; men vittnen som i ord och handling vittnar. Det kan vi g\u00f6ra p\u00e5 olika s\u00e4tt.<\/p>\n<p>V\u00e4lkomna till Stockholms domkyrkof\u00f6rsamlings gudstj\u00e4nstliv!<\/p>\n<div class=\"blogger-post-footer\"><img width='1' height='1' src='https:\/\/blogger.googleusercontent.com\/tracker\/9055441369901436026-3251273312230884292?l=akebonnier.blogspot.com' alt='' \/><\/div>\n","protected":false},"excerpt":{"rendered":"<p>Ig\u00e5r hade Dagens Nyheter p\u00e5 sin osignerade ledarplats f\u00f6ljande rubrik: Gud p\u00e5 frammarsch! (http:\/\/www.dn.se\/opinion\/huvudledare\/gud-pa-frammarsch-1.890968) D\u00e4r skrivs det bl a om boken &#8221;God is back&#8221; av Peter Berger. Och nog \u00e4r det s\u00e5 att Gud \u00e4r p\u00e5 frammarsch n\u00e5got som man kan ha olika tankar om. Islam \u00e4r p\u00e5 frammarsch i Sverige. \u00c4r det ett hot [&hellip;]<\/p>\n","protected":false},"author":108,"featured_media":0,"comment_status":"open","ping_status":"open","sticky":false,"template":"","format":"standard","meta":{"_acf_changed":false,"footnotes":""},"categories":[16234],"tags":[],"class_list":["post-260","post","type-post","status-publish","format-standard","hentry","category-gud-pa-frammarsch-hot-eller-lofte"],"acf":[],"yoast_head":"<!-- This site is optimized with the Yoast SEO plugin v27.1.1 - https:\/\/yoast.com\/product\/yoast-seo-wordpress\/ -->\n<title>Gud p\u00e5 frammarsch! - Hot eller l\u00f6fte? - \u00c5ke Bonnier<\/title>\n<meta name=\"robots\" content=\"index, follow, max-snippet:-1, max-image-preview:large, max-video-preview:-1\" \/>\n<link rel=\"canonical\" href=\"https:\/\/blogg.svenskakyrkan.se\/akebonnier\/2009\/06\/15\/gud-pa-frammarsch-hot-eller-lofte\/\" \/>\n<meta property=\"og:locale\" content=\"sv_SE\" \/>\n<meta property=\"og:type\" content=\"article\" \/>\n<meta property=\"og:title\" content=\"Gud p\u00e5 frammarsch! - Hot eller l\u00f6fte? - \u00c5ke Bonnier\" \/>\n<meta property=\"og:description\" content=\"Ig\u00e5r hade Dagens Nyheter p\u00e5 sin osignerade ledarplats f\u00f6ljande rubrik: Gud p\u00e5 frammarsch! (http:\/\/www.dn.se\/opinion\/huvudledare\/gud-pa-frammarsch-1.890968) D\u00e4r skrivs det bl a om boken &#8221;God is back&#8221; av Peter Berger. Och nog \u00e4r det s\u00e5 att Gud \u00e4r p\u00e5 frammarsch n\u00e5got som man kan ha olika tankar om. Islam \u00e4r p\u00e5 frammarsch i Sverige. \u00c4r det ett hot [&hellip;]\" \/>\n<meta property=\"og:url\" content=\"https:\/\/blogg.svenskakyrkan.se\/akebonnier\/2009\/06\/15\/gud-pa-frammarsch-hot-eller-lofte\/\" \/>\n<meta property=\"og:site_name\" content=\"\u00c5ke Bonnier\" \/>\n<meta property=\"article:published_time\" content=\"2009-06-15T17:40:00+00:00\" \/>\n<meta property=\"og:image\" content=\"https:\/\/blogger.googleusercontent.com\/tracker\/9055441369901436026-3251273312230884292?l=akebonnier.blogspot.com\" \/>\n<meta name=\"author\" content=\"\u00c5ke Bonnier\" \/>\n<meta name=\"twitter:card\" content=\"summary_large_image\" \/>\n<meta name=\"twitter:label1\" content=\"Skriven av\" \/>\n\t<meta name=\"twitter:data1\" content=\"\u00c5ke Bonnier\" \/>\n\t<meta name=\"twitter:label2\" content=\"Ber\u00e4knad l\u00e4stid\" \/>\n\t<meta name=\"twitter:data2\" content=\"2 minuter\" \/>\n<script type=\"application\/ld+json\" class=\"yoast-schema-graph\">{\"@context\":\"https:\/\/schema.org\",\"@graph\":[{\"@type\":\"Article\",\"@id\":\"https:\/\/blogg.svenskakyrkan.se\/akebonnier\/2009\/06\/15\/gud-pa-frammarsch-hot-eller-lofte\/#article\",\"isPartOf\":{\"@id\":\"https:\/\/blogg.svenskakyrkan.se\/akebonnier\/2009\/06\/15\/gud-pa-frammarsch-hot-eller-lofte\/\"},\"author\":{\"name\":\"\u00c5ke Bonnier\",\"@id\":\"https:\/\/blogg.svenskakyrkan.se\/akebonnier\/#\/schema\/person\/8db68bc0c94f6a5a62df2d4486ff1343\"},\"headline\":\"Gud p\u00e5 frammarsch! &#8211; Hot eller l\u00f6fte?\",\"datePublished\":\"2009-06-15T17:40:00+00:00\",\"mainEntityOfPage\":{\"@id\":\"https:\/\/blogg.svenskakyrkan.se\/akebonnier\/2009\/06\/15\/gud-pa-frammarsch-hot-eller-lofte\/\"},\"wordCount\":345,\"commentCount\":7,\"image\":{\"@id\":\"https:\/\/blogg.svenskakyrkan.se\/akebonnier\/2009\/06\/15\/gud-pa-frammarsch-hot-eller-lofte\/#primaryimage\"},\"thumbnailUrl\":\"https:\/\/blogger.googleusercontent.com\/tracker\/9055441369901436026-3251273312230884292?l=akebonnier.blogspot.com\",\"articleSection\":[\"Gud p\u00e5 frammarsch - Hot eller l\u00f6fte\"],\"inLanguage\":\"sv-SE\",\"potentialAction\":[{\"@type\":\"CommentAction\",\"name\":\"Comment\",\"target\":[\"https:\/\/blogg.svenskakyrkan.se\/akebonnier\/2009\/06\/15\/gud-pa-frammarsch-hot-eller-lofte\/#respond\"]}]},{\"@type\":\"WebPage\",\"@id\":\"https:\/\/blogg.svenskakyrkan.se\/akebonnier\/2009\/06\/15\/gud-pa-frammarsch-hot-eller-lofte\/\",\"url\":\"https:\/\/blogg.svenskakyrkan.se\/akebonnier\/2009\/06\/15\/gud-pa-frammarsch-hot-eller-lofte\/\",\"name\":\"Gud p\u00e5 frammarsch! - Hot eller l\u00f6fte? - \u00c5ke Bonnier\",\"isPartOf\":{\"@id\":\"https:\/\/blogg.svenskakyrkan.se\/akebonnier\/#website\"},\"primaryImageOfPage\":{\"@id\":\"https:\/\/blogg.svenskakyrkan.se\/akebonnier\/2009\/06\/15\/gud-pa-frammarsch-hot-eller-lofte\/#primaryimage\"},\"image\":{\"@id\":\"https:\/\/blogg.svenskakyrkan.se\/akebonnier\/2009\/06\/15\/gud-pa-frammarsch-hot-eller-lofte\/#primaryimage\"},\"thumbnailUrl\":\"https:\/\/blogger.googleusercontent.com\/tracker\/9055441369901436026-3251273312230884292?l=akebonnier.blogspot.com\",\"datePublished\":\"2009-06-15T17:40:00+00:00\",\"author\":{\"@id\":\"https:\/\/blogg.svenskakyrkan.se\/akebonnier\/#\/schema\/person\/8db68bc0c94f6a5a62df2d4486ff1343\"},\"breadcrumb\":{\"@id\":\"https:\/\/blogg.svenskakyrkan.se\/akebonnier\/2009\/06\/15\/gud-pa-frammarsch-hot-eller-lofte\/#breadcrumb\"},\"inLanguage\":\"sv-SE\",\"potentialAction\":[{\"@type\":\"ReadAction\",\"target\":[\"https:\/\/blogg.svenskakyrkan.se\/akebonnier\/2009\/06\/15\/gud-pa-frammarsch-hot-eller-lofte\/\"]}]},{\"@type\":\"ImageObject\",\"inLanguage\":\"sv-SE\",\"@id\":\"https:\/\/blogg.svenskakyrkan.se\/akebonnier\/2009\/06\/15\/gud-pa-frammarsch-hot-eller-lofte\/#primaryimage\",\"url\":\"https:\/\/blogger.googleusercontent.com\/tracker\/9055441369901436026-3251273312230884292?l=akebonnier.blogspot.com\",\"contentUrl\":\"https:\/\/blogger.googleusercontent.com\/tracker\/9055441369901436026-3251273312230884292?l=akebonnier.blogspot.com\"},{\"@type\":\"BreadcrumbList\",\"@id\":\"https:\/\/blogg.svenskakyrkan.se\/akebonnier\/2009\/06\/15\/gud-pa-frammarsch-hot-eller-lofte\/#breadcrumb\",\"itemListElement\":[{\"@type\":\"ListItem\",\"position\":1,\"name\":\"Hem\",\"item\":\"https:\/\/blogg.svenskakyrkan.se\/akebonnier\/\"},{\"@type\":\"ListItem\",\"position\":2,\"name\":\"Gud p\u00e5 frammarsch! &#8211; Hot eller l\u00f6fte?\"}]},{\"@type\":\"WebSite\",\"@id\":\"https:\/\/blogg.svenskakyrkan.se\/akebonnier\/#website\",\"url\":\"https:\/\/blogg.svenskakyrkan.se\/akebonnier\/\",\"name\":\"\u00c5ke Bonnier\",\"description\":\"Biskop i Svenska kyrkan - Skara stift\",\"potentialAction\":[{\"@type\":\"SearchAction\",\"target\":{\"@type\":\"EntryPoint\",\"urlTemplate\":\"https:\/\/blogg.svenskakyrkan.se\/akebonnier\/?s={search_term_string}\"},\"query-input\":{\"@type\":\"PropertyValueSpecification\",\"valueRequired\":true,\"valueName\":\"search_term_string\"}}],\"inLanguage\":\"sv-SE\"},{\"@type\":\"Person\",\"@id\":\"https:\/\/blogg.svenskakyrkan.se\/akebonnier\/#\/schema\/person\/8db68bc0c94f6a5a62df2d4486ff1343\",\"name\":\"\u00c5ke Bonnier\",\"image\":{\"@type\":\"ImageObject\",\"inLanguage\":\"sv-SE\",\"@id\":\"https:\/\/blogg.svenskakyrkan.se\/akebonnier\/#\/schema\/person\/image\/\",\"url\":\"https:\/\/secure.gravatar.com\/avatar\/b88264736bb0bc0d1ea92298aef02c9f98cfc13c7484130c42c663ae484f9462?s=96&d=mm&r=g\",\"contentUrl\":\"https:\/\/secure.gravatar.com\/avatar\/b88264736bb0bc0d1ea92298aef02c9f98cfc13c7484130c42c663ae484f9462?s=96&d=mm&r=g\",\"caption\":\"\u00c5ke Bonnier\"},\"description\":\"Jag \u00e4r gift och har tv\u00e5 vuxna d\u00f6ttrar. Pr\u00e4stvigdes 1984 och biskopsvigs 26 augusti 2012 . Jag har tidigare bland annat varit, komminister och kyrkoherde i Liding\u00f6 f\u00f6rsamling och domprost i Stockholms domkyrkof\u00f6rsamling. Jag \u00e4r intresserad av konst, litteratur, teater, film. Jag tr\u00e4nar regelbundet p\u00e5 gym. Mitt huvudsakliga musikintresse \u00e4r klassisk musik men ocks\u00e5 Beatles, Elvis Presley, Monika Zettelund, Povel Ramel och m\u00e5nga andra tycker jag om att lyssna p\u00e5. Jag l\u00e4ser f\u00f6r lite sk\u00f6nlitteratur beroende p\u00e5 annat som jag m\u00e5ste l\u00e4sa i mitt uppdrag som biskop. Men jag \u00e4lskar b\u00f6cker. Naturligtvis l\u00e4ser jag n\u00e4st intill dagligdags i \\\"B\u00f6ckernas Bok.\\\"\",\"sameAs\":[\"http:\/\/www.skarastift.se\"],\"url\":\"https:\/\/blogg.svenskakyrkan.se\/akebonnier\/author\/akebonnier\/\"}]}<\/script>\n<!-- \/ Yoast SEO plugin. -->","yoast_head_json":{"title":"Gud p\u00e5 frammarsch! - Hot eller l\u00f6fte? - \u00c5ke Bonnier","robots":{"index":"index","follow":"follow","max-snippet":"max-snippet:-1","max-image-preview":"max-image-preview:large","max-video-preview":"max-video-preview:-1"},"canonical":"https:\/\/blogg.svenskakyrkan.se\/akebonnier\/2009\/06\/15\/gud-pa-frammarsch-hot-eller-lofte\/","og_locale":"sv_SE","og_type":"article","og_title":"Gud p\u00e5 frammarsch! - Hot eller l\u00f6fte? - \u00c5ke Bonnier","og_description":"Ig\u00e5r hade Dagens Nyheter p\u00e5 sin osignerade ledarplats f\u00f6ljande rubrik: Gud p\u00e5 frammarsch! (http:\/\/www.dn.se\/opinion\/huvudledare\/gud-pa-frammarsch-1.890968) D\u00e4r skrivs det bl a om boken &#8221;God is back&#8221; av Peter Berger. Och nog \u00e4r det s\u00e5 att Gud \u00e4r p\u00e5 frammarsch n\u00e5got som man kan ha olika tankar om. Islam \u00e4r p\u00e5 frammarsch i Sverige. \u00c4r det ett hot [&hellip;]","og_url":"https:\/\/blogg.svenskakyrkan.se\/akebonnier\/2009\/06\/15\/gud-pa-frammarsch-hot-eller-lofte\/","og_site_name":"\u00c5ke Bonnier","article_published_time":"2009-06-15T17:40:00+00:00","og_image":[{"url":"https:\/\/blogger.googleusercontent.com\/tracker\/9055441369901436026-3251273312230884292?l=akebonnier.blogspot.com","type":"","width":"","height":""}],"author":"\u00c5ke Bonnier","twitter_card":"summary_large_image","twitter_misc":{"Skriven av":"\u00c5ke Bonnier","Ber\u00e4knad l\u00e4stid":"2 minuter"},"schema":{"@context":"https:\/\/schema.org","@graph":[{"@type":"Article","@id":"https:\/\/blogg.svenskakyrkan.se\/akebonnier\/2009\/06\/15\/gud-pa-frammarsch-hot-eller-lofte\/#article","isPartOf":{"@id":"https:\/\/blogg.svenskakyrkan.se\/akebonnier\/2009\/06\/15\/gud-pa-frammarsch-hot-eller-lofte\/"},"author":{"name":"\u00c5ke Bonnier","@id":"https:\/\/blogg.svenskakyrkan.se\/akebonnier\/#\/schema\/person\/8db68bc0c94f6a5a62df2d4486ff1343"},"headline":"Gud p\u00e5 frammarsch! &#8211; Hot eller l\u00f6fte?","datePublished":"2009-06-15T17:40:00+00:00","mainEntityOfPage":{"@id":"https:\/\/blogg.svenskakyrkan.se\/akebonnier\/2009\/06\/15\/gud-pa-frammarsch-hot-eller-lofte\/"},"wordCount":345,"commentCount":7,"image":{"@id":"https:\/\/blogg.svenskakyrkan.se\/akebonnier\/2009\/06\/15\/gud-pa-frammarsch-hot-eller-lofte\/#primaryimage"},"thumbnailUrl":"https:\/\/blogger.googleusercontent.com\/tracker\/9055441369901436026-3251273312230884292?l=akebonnier.blogspot.com","articleSection":["Gud p\u00e5 frammarsch - Hot eller l\u00f6fte"],"inLanguage":"sv-SE","potentialAction":[{"@type":"CommentAction","name":"Comment","target":["https:\/\/blogg.svenskakyrkan.se\/akebonnier\/2009\/06\/15\/gud-pa-frammarsch-hot-eller-lofte\/#respond"]}]},{"@type":"WebPage","@id":"https:\/\/blogg.svenskakyrkan.se\/akebonnier\/2009\/06\/15\/gud-pa-frammarsch-hot-eller-lofte\/","url":"https:\/\/blogg.svenskakyrkan.se\/akebonnier\/2009\/06\/15\/gud-pa-frammarsch-hot-eller-lofte\/","name":"Gud p\u00e5 frammarsch! - Hot eller l\u00f6fte? - \u00c5ke Bonnier","isPartOf":{"@id":"https:\/\/blogg.svenskakyrkan.se\/akebonnier\/#website"},"primaryImageOfPage":{"@id":"https:\/\/blogg.svenskakyrkan.se\/akebonnier\/2009\/06\/15\/gud-pa-frammarsch-hot-eller-lofte\/#primaryimage"},"image":{"@id":"https:\/\/blogg.svenskakyrkan.se\/akebonnier\/2009\/06\/15\/gud-pa-frammarsch-hot-eller-lofte\/#primaryimage"},"thumbnailUrl":"https:\/\/blogger.googleusercontent.com\/tracker\/9055441369901436026-3251273312230884292?l=akebonnier.blogspot.com","datePublished":"2009-06-15T17:40:00+00:00","author":{"@id":"https:\/\/blogg.svenskakyrkan.se\/akebonnier\/#\/schema\/person\/8db68bc0c94f6a5a62df2d4486ff1343"},"breadcrumb":{"@id":"https:\/\/blogg.svenskakyrkan.se\/akebonnier\/2009\/06\/15\/gud-pa-frammarsch-hot-eller-lofte\/#breadcrumb"},"inLanguage":"sv-SE","potentialAction":[{"@type":"ReadAction","target":["https:\/\/blogg.svenskakyrkan.se\/akebonnier\/2009\/06\/15\/gud-pa-frammarsch-hot-eller-lofte\/"]}]},{"@type":"ImageObject","inLanguage":"sv-SE","@id":"https:\/\/blogg.svenskakyrkan.se\/akebonnier\/2009\/06\/15\/gud-pa-frammarsch-hot-eller-lofte\/#primaryimage","url":"https:\/\/blogger.googleusercontent.com\/tracker\/9055441369901436026-3251273312230884292?l=akebonnier.blogspot.com","contentUrl":"https:\/\/blogger.googleusercontent.com\/tracker\/9055441369901436026-3251273312230884292?l=akebonnier.blogspot.com"},{"@type":"BreadcrumbList","@id":"https:\/\/blogg.svenskakyrkan.se\/akebonnier\/2009\/06\/15\/gud-pa-frammarsch-hot-eller-lofte\/#breadcrumb","itemListElement":[{"@type":"ListItem","position":1,"name":"Hem","item":"https:\/\/blogg.svenskakyrkan.se\/akebonnier\/"},{"@type":"ListItem","position":2,"name":"Gud p\u00e5 frammarsch! &#8211; Hot eller l\u00f6fte?"}]},{"@type":"WebSite","@id":"https:\/\/blogg.svenskakyrkan.se\/akebonnier\/#website","url":"https:\/\/blogg.svenskakyrkan.se\/akebonnier\/","name":"\u00c5ke Bonnier","description":"Biskop i Svenska kyrkan - Skara stift","potentialAction":[{"@type":"SearchAction","target":{"@type":"EntryPoint","urlTemplate":"https:\/\/blogg.svenskakyrkan.se\/akebonnier\/?s={search_term_string}"},"query-input":{"@type":"PropertyValueSpecification","valueRequired":true,"valueName":"search_term_string"}}],"inLanguage":"sv-SE"},{"@type":"Person","@id":"https:\/\/blogg.svenskakyrkan.se\/akebonnier\/#\/schema\/person\/8db68bc0c94f6a5a62df2d4486ff1343","name":"\u00c5ke Bonnier","image":{"@type":"ImageObject","inLanguage":"sv-SE","@id":"https:\/\/blogg.svenskakyrkan.se\/akebonnier\/#\/schema\/person\/image\/","url":"https:\/\/secure.gravatar.com\/avatar\/b88264736bb0bc0d1ea92298aef02c9f98cfc13c7484130c42c663ae484f9462?s=96&d=mm&r=g","contentUrl":"https:\/\/secure.gravatar.com\/avatar\/b88264736bb0bc0d1ea92298aef02c9f98cfc13c7484130c42c663ae484f9462?s=96&d=mm&r=g","caption":"\u00c5ke Bonnier"},"description":"Jag \u00e4r gift och har tv\u00e5 vuxna d\u00f6ttrar. Pr\u00e4stvigdes 1984 och biskopsvigs 26 augusti 2012 . Jag har tidigare bland annat varit, komminister och kyrkoherde i Liding\u00f6 f\u00f6rsamling och domprost i Stockholms domkyrkof\u00f6rsamling. Jag \u00e4r intresserad av konst, litteratur, teater, film. Jag tr\u00e4nar regelbundet p\u00e5 gym. Mitt huvudsakliga musikintresse \u00e4r klassisk musik men ocks\u00e5 Beatles, Elvis Presley, Monika Zettelund, Povel Ramel och m\u00e5nga andra tycker jag om att lyssna p\u00e5. Jag l\u00e4ser f\u00f6r lite sk\u00f6nlitteratur beroende p\u00e5 annat som jag m\u00e5ste l\u00e4sa i mitt uppdrag som biskop. Men jag \u00e4lskar b\u00f6cker. Naturligtvis l\u00e4ser jag n\u00e4st intill dagligdags i \"B\u00f6ckernas Bok.\"","sameAs":["http:\/\/www.skarastift.se"],"url":"https:\/\/blogg.svenskakyrkan.se\/akebonnier\/author\/akebonnier\/"}]}},"author_meta":{"ID":"108","user_nicename":"akebonnier","user_url":"http:\/\/www.skarastift.se","user_registered":"2011-10-11 09:24:48","display_name":"\u00c5ke Bonnier","first_name":"\u00c5ke","last_name":"Bonnier","avatar":"https:\/\/secure.gravatar.com\/avatar\/b88264736bb0bc0d1ea92298aef02c9f98cfc13c7484130c42c663ae484f9462?s=96&d=mm&r=g"},"featured_image":false,"bloginfo":{"name":"\u00c5ke Bonnier","url":"https:\/\/blogg.svenskakyrkan.se\/akebonnier"},"_links":{"self":[{"href":"https:\/\/blogg.svenskakyrkan.se\/akebonnier\/wp-json\/wp\/v2\/posts\/260","targetHints":{"allow":["GET"]}}],"collection":[{"href":"https:\/\/blogg.svenskakyrkan.se\/akebonnier\/wp-json\/wp\/v2\/posts"}],"about":[{"href":"https:\/\/blogg.svenskakyrkan.se\/akebonnier\/wp-json\/wp\/v2\/types\/post"}],"author":[{"embeddable":true,"href":"https:\/\/blogg.svenskakyrkan.se\/akebonnier\/wp-json\/wp\/v2\/users\/108"}],"replies":[{"embeddable":true,"href":"https:\/\/blogg.svenskakyrkan.se\/akebonnier\/wp-json\/wp\/v2\/comments?post=260"}],"version-history":[{"count":0,"href":"https:\/\/blogg.svenskakyrkan.se\/akebonnier\/wp-json\/wp\/v2\/posts\/260\/revisions"}],"wp:attachment":[{"href":"https:\/\/blogg.svenskakyrkan.se\/akebonnier\/wp-json\/wp\/v2\/media?parent=260"}],"wp:term":[{"taxonomy":"category","embeddable":true,"href":"https:\/\/blogg.svenskakyrkan.se\/akebonnier\/wp-json\/wp\/v2\/categories?post=260"},{"taxonomy":"post_tag","embeddable":true,"href":"https:\/\/blogg.svenskakyrkan.se\/akebonnier\/wp-json\/wp\/v2\/tags?post=260"}],"curies":[{"name":"wp","href":"https:\/\/api.w.org\/{rel}","templated":true}]}}