{"id":263,"date":"2009-06-21T17:46:00","date_gmt":"2009-06-21T17:46:00","guid":{"rendered":"http:\/\/blogg.svenskakyrkan.se\/akebonnier\/2009\/06\/21\/gaffa\/"},"modified":"2009-06-21T17:46:00","modified_gmt":"2009-06-21T17:46:00","slug":"gaffa","status":"publish","type":"post","link":"https:\/\/blogg.svenskakyrkan.se\/akebonnier\/2009\/06\/21\/gaffa\/","title":{"rendered":"Gaffa!"},"content":{"rendered":"<p>Jag har l\u00e4rt mig ett nytt begrepp! Det \u00e4r s\u00e4kerligen inte nytt f\u00f6r Dig som l\u00e4ser min blogg men f\u00f6r mig blev det b\u00e5de ett nytt begrepp och en angen\u00e4m upplevelse Det var Midsommaraftonens f\u00f6rmiddag och jag och min &#8221;yngsting&#8221; (som inte \u00e4r s\u00e5 purung l\u00e4ngre) f\u00f6rberedde sj\u00f6stugan ute i sk\u00e4rg\u00e5rden f\u00f6r anstormning av 10 av hennes v\u00e4nner. Det stundade en mexikansk fest p\u00e5 bryggan och kul\u00f6rta elektriska lampor skulle monteras utanp\u00e5 huset. Yngstingens pappa tillh\u00f6r inte de h\u00e4ndigaste p\u00e5 denna jord men yngstingen \u00e4r h\u00e4ndig och har dessutom professionell erfarenhet av filminspelning och inspelning av Robinsson program etc. s\u00e5 hon guidade sin far i upps\u00e4ttandet av de f\u00e4rgglada lamporna. Det var d\u00e5 det nya begreppet blev aktuellt! GAFFA! En tejp som finns i olika storlekar och som st\u00e5r pall f\u00f6r det mesta eller i alla fall f\u00f6r en hel del. I vilket fall fungerade Gaffatejpen utm\u00e4rkt n\u00e4r det g\u00e4llde att s\u00e4tta upp elektriska sladdar och det hela gick ganska bra. Jag var imponerad av dotterns kunskaper och insatser och lite sm\u00e5stolt \u00f6ver mina egna insatser. S\u00e5 blev det eftermiddag och v\u00e4nnerna anl\u00e4nde fyllda av entusiasm och medhavandes kassar med mexikanska tillbeh\u00f6r s\u00e5som l\u00f6smustacher, mexikansk mat och dryck, sombreros etc. Kv\u00e4llen avl\u00f6pte v\u00e4l, Gaffatejpen h\u00f6ll, maten och drycken r\u00e4ckte mer \u00e4n v\u00e4l och undertecknad med hustru var p\u00e5 annat h\u00e5ll (midsommarmiddag hos min \u00e4ldre bror och sv\u00e4gerska).  V\u00e4l hemkomna till v\u00e5rt sk\u00e4rg\u00e5rdshus gick vi ned till &#8221;mexikanerna&#8221; och blev varmt v\u00e4lkomnade och inbjudna att \u00e4ta och dricka b\u00e5de det ena och det andra men d\u00e5 var klockan l\u00e4ggdags f\u00f6r det gamla paret.<\/p>\n<p>S\u00e5 blev det afton och morgon den andra dagen i Midsommarhelgen och d\u00e5 var det dags att p\u00e5minnas om skapelsens storhet i h\u00f6gm\u00e4ssan i Storkyrkan. M\u00e5nga hade s\u00f6kt sig dit f\u00f6r att f\u00e5 fira h\u00f6gm\u00e4ssa och lyssna till Karl-Magnus Fredriksson som sedvanligt sj\u00f6ng ljuvligt, denna g\u00e5ng tv\u00e5 nyskrivna s\u00e5nger av Sven-David Sandtsr\u00f6m med text av Tomas Transtr\u00f6mer. Sommarpsalmerna gladde alla och predikan \u00e5terfinns snart p\u00e5 domkyrkof\u00f6rsamlingens hemsida (klicka p\u00e5 &#8221;domprosten&#8221;). Evangelietexten var den underbara inledningen till Johannesprologen (Joh 1:1-5) som b\u00f6rjar: &#8221;I begynnelsen fanns Ordet&#8221;.<\/p>\n<p>Efter m\u00e4ssan och lunch med en av mina b\u00e4sta v\u00e4nner, for jag tillbaka ut i sk\u00e4rg\u00e5rden, sov middag, \u00e5t middag, promenerade och nj\u00f6t av tillvaron. Idag var solen mer n\u00e5dig \u00e4n \u00e5 midsommaraftonen och jag fortsatte att l\u00e4sa i den fantastiska boken av biskop Gene Robinson: In the EYE of the STORM med f\u00f6rord av \u00e4rkebiskop emeritus Desmond Tutu. Jag har antagligen n\u00e4mnt denna bok tidigare i min blogg men den \u00e4r v\u00e4l v\u00e4rd att n\u00e4mnas igen och \u00e4r utgiven p\u00e5 Seabury books (<a href=\"http:\/\/www.seaburybooks.org\/\">www.seaburybooks.org<\/a>). Alla som har f\u00f6rutfattade \u00e5sikter om de homosexuelle biskopen borde sannerligen l\u00e4sa denna mycket djupa bok.<\/p>\n<p>S\u00e5 var det p\u00e5 eftermiddagen dags att fira en 50-\u00e5ring. En av mina medbr\u00f6der i Focolare (<a href=\"http:\/\/www.focolare.se\/\">www.focolare.se<\/a>)  i Stockholm firades idag med grillparty i kommunitetens tr\u00e4dg\u00e5rd. M\u00e5nga som vi k\u00e4nde kom dit och det hela avl\u00f6pte under glada former. GRATTIS igen Helge!<\/p>\n<p>Nu stundar en vilsam afton i sk\u00e4rg\u00e5rden d\u00e4r solen h\u00e5ller p\u00e5 att g\u00e5 ned och det blir afton och det blir morgon den f\u00f6rsta dagen i den nya arbetsveckan.<\/p>\n<div class=\"blogger-post-footer\"><img width='1' height='1' src='https:\/\/blogger.googleusercontent.com\/tracker\/9055441369901436026-5150493137819485678?l=akebonnier.blogspot.com' alt='' \/><\/div>\n","protected":false},"excerpt":{"rendered":"<p>Jag har l\u00e4rt mig ett nytt begrepp! Det \u00e4r s\u00e4kerligen inte nytt f\u00f6r Dig som l\u00e4ser min blogg men f\u00f6r mig blev det b\u00e5de ett nytt begrepp och en angen\u00e4m upplevelse Det var Midsommaraftonens f\u00f6rmiddag och jag och min &#8221;yngsting&#8221; (som inte \u00e4r s\u00e5 purung l\u00e4ngre) f\u00f6rberedde sj\u00f6stugan ute i sk\u00e4rg\u00e5rden f\u00f6r anstormning av 10 [&hellip;]<\/p>\n","protected":false},"author":108,"featured_media":0,"comment_status":"open","ping_status":"open","sticky":false,"template":"","format":"standard","meta":{"_acf_changed":false,"footnotes":""},"categories":[16237],"tags":[],"class_list":["post-263","post","type-post","status-publish","format-standard","hentry","category-gaffa"],"acf":[],"yoast_head":"<!-- This site is optimized with the Yoast SEO plugin v27.1.1 - https:\/\/yoast.com\/product\/yoast-seo-wordpress\/ -->\n<title>Gaffa! - \u00c5ke Bonnier<\/title>\n<meta name=\"robots\" content=\"index, follow, max-snippet:-1, max-image-preview:large, max-video-preview:-1\" \/>\n<link rel=\"canonical\" href=\"https:\/\/blogg.svenskakyrkan.se\/akebonnier\/2009\/06\/21\/gaffa\/\" \/>\n<meta property=\"og:locale\" content=\"sv_SE\" \/>\n<meta property=\"og:type\" content=\"article\" \/>\n<meta property=\"og:title\" content=\"Gaffa! - \u00c5ke Bonnier\" \/>\n<meta property=\"og:description\" content=\"Jag har l\u00e4rt mig ett nytt begrepp! Det \u00e4r s\u00e4kerligen inte nytt f\u00f6r Dig som l\u00e4ser min blogg men f\u00f6r mig blev det b\u00e5de ett nytt begrepp och en angen\u00e4m upplevelse Det var Midsommaraftonens f\u00f6rmiddag och jag och min &#8221;yngsting&#8221; (som inte \u00e4r s\u00e5 purung l\u00e4ngre) f\u00f6rberedde sj\u00f6stugan ute i sk\u00e4rg\u00e5rden f\u00f6r anstormning av 10 [&hellip;]\" \/>\n<meta property=\"og:url\" content=\"https:\/\/blogg.svenskakyrkan.se\/akebonnier\/2009\/06\/21\/gaffa\/\" \/>\n<meta property=\"og:site_name\" content=\"\u00c5ke Bonnier\" \/>\n<meta property=\"article:published_time\" content=\"2009-06-21T17:46:00+00:00\" \/>\n<meta property=\"og:image\" content=\"https:\/\/blogger.googleusercontent.com\/tracker\/9055441369901436026-5150493137819485678?l=akebonnier.blogspot.com\" \/>\n<meta name=\"author\" content=\"\u00c5ke Bonnier\" \/>\n<meta name=\"twitter:card\" content=\"summary_large_image\" \/>\n<meta name=\"twitter:label1\" content=\"Skriven av\" \/>\n\t<meta name=\"twitter:data1\" content=\"\u00c5ke Bonnier\" \/>\n\t<meta name=\"twitter:label2\" content=\"Ber\u00e4knad l\u00e4stid\" \/>\n\t<meta name=\"twitter:data2\" content=\"3 minuter\" \/>\n<script type=\"application\/ld+json\" class=\"yoast-schema-graph\">{\"@context\":\"https:\/\/schema.org\",\"@graph\":[{\"@type\":\"Article\",\"@id\":\"https:\/\/blogg.svenskakyrkan.se\/akebonnier\/2009\/06\/21\/gaffa\/#article\",\"isPartOf\":{\"@id\":\"https:\/\/blogg.svenskakyrkan.se\/akebonnier\/2009\/06\/21\/gaffa\/\"},\"author\":{\"name\":\"\u00c5ke Bonnier\",\"@id\":\"https:\/\/blogg.svenskakyrkan.se\/akebonnier\/#\/schema\/person\/8db68bc0c94f6a5a62df2d4486ff1343\"},\"headline\":\"Gaffa!\",\"datePublished\":\"2009-06-21T17:46:00+00:00\",\"mainEntityOfPage\":{\"@id\":\"https:\/\/blogg.svenskakyrkan.se\/akebonnier\/2009\/06\/21\/gaffa\/\"},\"wordCount\":613,\"commentCount\":0,\"image\":{\"@id\":\"https:\/\/blogg.svenskakyrkan.se\/akebonnier\/2009\/06\/21\/gaffa\/#primaryimage\"},\"thumbnailUrl\":\"https:\/\/blogger.googleusercontent.com\/tracker\/9055441369901436026-5150493137819485678?l=akebonnier.blogspot.com\",\"articleSection\":[\"Gaffa\"],\"inLanguage\":\"sv-SE\",\"potentialAction\":[{\"@type\":\"CommentAction\",\"name\":\"Comment\",\"target\":[\"https:\/\/blogg.svenskakyrkan.se\/akebonnier\/2009\/06\/21\/gaffa\/#respond\"]}]},{\"@type\":\"WebPage\",\"@id\":\"https:\/\/blogg.svenskakyrkan.se\/akebonnier\/2009\/06\/21\/gaffa\/\",\"url\":\"https:\/\/blogg.svenskakyrkan.se\/akebonnier\/2009\/06\/21\/gaffa\/\",\"name\":\"Gaffa! - \u00c5ke Bonnier\",\"isPartOf\":{\"@id\":\"https:\/\/blogg.svenskakyrkan.se\/akebonnier\/#website\"},\"primaryImageOfPage\":{\"@id\":\"https:\/\/blogg.svenskakyrkan.se\/akebonnier\/2009\/06\/21\/gaffa\/#primaryimage\"},\"image\":{\"@id\":\"https:\/\/blogg.svenskakyrkan.se\/akebonnier\/2009\/06\/21\/gaffa\/#primaryimage\"},\"thumbnailUrl\":\"https:\/\/blogger.googleusercontent.com\/tracker\/9055441369901436026-5150493137819485678?l=akebonnier.blogspot.com\",\"datePublished\":\"2009-06-21T17:46:00+00:00\",\"author\":{\"@id\":\"https:\/\/blogg.svenskakyrkan.se\/akebonnier\/#\/schema\/person\/8db68bc0c94f6a5a62df2d4486ff1343\"},\"breadcrumb\":{\"@id\":\"https:\/\/blogg.svenskakyrkan.se\/akebonnier\/2009\/06\/21\/gaffa\/#breadcrumb\"},\"inLanguage\":\"sv-SE\",\"potentialAction\":[{\"@type\":\"ReadAction\",\"target\":[\"https:\/\/blogg.svenskakyrkan.se\/akebonnier\/2009\/06\/21\/gaffa\/\"]}]},{\"@type\":\"ImageObject\",\"inLanguage\":\"sv-SE\",\"@id\":\"https:\/\/blogg.svenskakyrkan.se\/akebonnier\/2009\/06\/21\/gaffa\/#primaryimage\",\"url\":\"https:\/\/blogger.googleusercontent.com\/tracker\/9055441369901436026-5150493137819485678?l=akebonnier.blogspot.com\",\"contentUrl\":\"https:\/\/blogger.googleusercontent.com\/tracker\/9055441369901436026-5150493137819485678?l=akebonnier.blogspot.com\"},{\"@type\":\"BreadcrumbList\",\"@id\":\"https:\/\/blogg.svenskakyrkan.se\/akebonnier\/2009\/06\/21\/gaffa\/#breadcrumb\",\"itemListElement\":[{\"@type\":\"ListItem\",\"position\":1,\"name\":\"Hem\",\"item\":\"https:\/\/blogg.svenskakyrkan.se\/akebonnier\/\"},{\"@type\":\"ListItem\",\"position\":2,\"name\":\"Gaffa!\"}]},{\"@type\":\"WebSite\",\"@id\":\"https:\/\/blogg.svenskakyrkan.se\/akebonnier\/#website\",\"url\":\"https:\/\/blogg.svenskakyrkan.se\/akebonnier\/\",\"name\":\"\u00c5ke Bonnier\",\"description\":\"Biskop i Svenska kyrkan - Skara stift\",\"potentialAction\":[{\"@type\":\"SearchAction\",\"target\":{\"@type\":\"EntryPoint\",\"urlTemplate\":\"https:\/\/blogg.svenskakyrkan.se\/akebonnier\/?s={search_term_string}\"},\"query-input\":{\"@type\":\"PropertyValueSpecification\",\"valueRequired\":true,\"valueName\":\"search_term_string\"}}],\"inLanguage\":\"sv-SE\"},{\"@type\":\"Person\",\"@id\":\"https:\/\/blogg.svenskakyrkan.se\/akebonnier\/#\/schema\/person\/8db68bc0c94f6a5a62df2d4486ff1343\",\"name\":\"\u00c5ke Bonnier\",\"image\":{\"@type\":\"ImageObject\",\"inLanguage\":\"sv-SE\",\"@id\":\"https:\/\/blogg.svenskakyrkan.se\/akebonnier\/#\/schema\/person\/image\/\",\"url\":\"https:\/\/secure.gravatar.com\/avatar\/b88264736bb0bc0d1ea92298aef02c9f98cfc13c7484130c42c663ae484f9462?s=96&d=mm&r=g\",\"contentUrl\":\"https:\/\/secure.gravatar.com\/avatar\/b88264736bb0bc0d1ea92298aef02c9f98cfc13c7484130c42c663ae484f9462?s=96&d=mm&r=g\",\"caption\":\"\u00c5ke Bonnier\"},\"description\":\"Jag \u00e4r gift och har tv\u00e5 vuxna d\u00f6ttrar. Pr\u00e4stvigdes 1984 och biskopsvigs 26 augusti 2012 . Jag har tidigare bland annat varit, komminister och kyrkoherde i Liding\u00f6 f\u00f6rsamling och domprost i Stockholms domkyrkof\u00f6rsamling. Jag \u00e4r intresserad av konst, litteratur, teater, film. Jag tr\u00e4nar regelbundet p\u00e5 gym. Mitt huvudsakliga musikintresse \u00e4r klassisk musik men ocks\u00e5 Beatles, Elvis Presley, Monika Zettelund, Povel Ramel och m\u00e5nga andra tycker jag om att lyssna p\u00e5. Jag l\u00e4ser f\u00f6r lite sk\u00f6nlitteratur beroende p\u00e5 annat som jag m\u00e5ste l\u00e4sa i mitt uppdrag som biskop. Men jag \u00e4lskar b\u00f6cker. Naturligtvis l\u00e4ser jag n\u00e4st intill dagligdags i \\\"B\u00f6ckernas Bok.\\\"\",\"sameAs\":[\"http:\/\/www.skarastift.se\"],\"url\":\"https:\/\/blogg.svenskakyrkan.se\/akebonnier\/author\/akebonnier\/\"}]}<\/script>\n<!-- \/ Yoast SEO plugin. -->","yoast_head_json":{"title":"Gaffa! - \u00c5ke Bonnier","robots":{"index":"index","follow":"follow","max-snippet":"max-snippet:-1","max-image-preview":"max-image-preview:large","max-video-preview":"max-video-preview:-1"},"canonical":"https:\/\/blogg.svenskakyrkan.se\/akebonnier\/2009\/06\/21\/gaffa\/","og_locale":"sv_SE","og_type":"article","og_title":"Gaffa! - \u00c5ke Bonnier","og_description":"Jag har l\u00e4rt mig ett nytt begrepp! Det \u00e4r s\u00e4kerligen inte nytt f\u00f6r Dig som l\u00e4ser min blogg men f\u00f6r mig blev det b\u00e5de ett nytt begrepp och en angen\u00e4m upplevelse Det var Midsommaraftonens f\u00f6rmiddag och jag och min &#8221;yngsting&#8221; (som inte \u00e4r s\u00e5 purung l\u00e4ngre) f\u00f6rberedde sj\u00f6stugan ute i sk\u00e4rg\u00e5rden f\u00f6r anstormning av 10 [&hellip;]","og_url":"https:\/\/blogg.svenskakyrkan.se\/akebonnier\/2009\/06\/21\/gaffa\/","og_site_name":"\u00c5ke Bonnier","article_published_time":"2009-06-21T17:46:00+00:00","og_image":[{"url":"https:\/\/blogger.googleusercontent.com\/tracker\/9055441369901436026-5150493137819485678?l=akebonnier.blogspot.com","type":"","width":"","height":""}],"author":"\u00c5ke Bonnier","twitter_card":"summary_large_image","twitter_misc":{"Skriven av":"\u00c5ke Bonnier","Ber\u00e4knad l\u00e4stid":"3 minuter"},"schema":{"@context":"https:\/\/schema.org","@graph":[{"@type":"Article","@id":"https:\/\/blogg.svenskakyrkan.se\/akebonnier\/2009\/06\/21\/gaffa\/#article","isPartOf":{"@id":"https:\/\/blogg.svenskakyrkan.se\/akebonnier\/2009\/06\/21\/gaffa\/"},"author":{"name":"\u00c5ke Bonnier","@id":"https:\/\/blogg.svenskakyrkan.se\/akebonnier\/#\/schema\/person\/8db68bc0c94f6a5a62df2d4486ff1343"},"headline":"Gaffa!","datePublished":"2009-06-21T17:46:00+00:00","mainEntityOfPage":{"@id":"https:\/\/blogg.svenskakyrkan.se\/akebonnier\/2009\/06\/21\/gaffa\/"},"wordCount":613,"commentCount":0,"image":{"@id":"https:\/\/blogg.svenskakyrkan.se\/akebonnier\/2009\/06\/21\/gaffa\/#primaryimage"},"thumbnailUrl":"https:\/\/blogger.googleusercontent.com\/tracker\/9055441369901436026-5150493137819485678?l=akebonnier.blogspot.com","articleSection":["Gaffa"],"inLanguage":"sv-SE","potentialAction":[{"@type":"CommentAction","name":"Comment","target":["https:\/\/blogg.svenskakyrkan.se\/akebonnier\/2009\/06\/21\/gaffa\/#respond"]}]},{"@type":"WebPage","@id":"https:\/\/blogg.svenskakyrkan.se\/akebonnier\/2009\/06\/21\/gaffa\/","url":"https:\/\/blogg.svenskakyrkan.se\/akebonnier\/2009\/06\/21\/gaffa\/","name":"Gaffa! - \u00c5ke Bonnier","isPartOf":{"@id":"https:\/\/blogg.svenskakyrkan.se\/akebonnier\/#website"},"primaryImageOfPage":{"@id":"https:\/\/blogg.svenskakyrkan.se\/akebonnier\/2009\/06\/21\/gaffa\/#primaryimage"},"image":{"@id":"https:\/\/blogg.svenskakyrkan.se\/akebonnier\/2009\/06\/21\/gaffa\/#primaryimage"},"thumbnailUrl":"https:\/\/blogger.googleusercontent.com\/tracker\/9055441369901436026-5150493137819485678?l=akebonnier.blogspot.com","datePublished":"2009-06-21T17:46:00+00:00","author":{"@id":"https:\/\/blogg.svenskakyrkan.se\/akebonnier\/#\/schema\/person\/8db68bc0c94f6a5a62df2d4486ff1343"},"breadcrumb":{"@id":"https:\/\/blogg.svenskakyrkan.se\/akebonnier\/2009\/06\/21\/gaffa\/#breadcrumb"},"inLanguage":"sv-SE","potentialAction":[{"@type":"ReadAction","target":["https:\/\/blogg.svenskakyrkan.se\/akebonnier\/2009\/06\/21\/gaffa\/"]}]},{"@type":"ImageObject","inLanguage":"sv-SE","@id":"https:\/\/blogg.svenskakyrkan.se\/akebonnier\/2009\/06\/21\/gaffa\/#primaryimage","url":"https:\/\/blogger.googleusercontent.com\/tracker\/9055441369901436026-5150493137819485678?l=akebonnier.blogspot.com","contentUrl":"https:\/\/blogger.googleusercontent.com\/tracker\/9055441369901436026-5150493137819485678?l=akebonnier.blogspot.com"},{"@type":"BreadcrumbList","@id":"https:\/\/blogg.svenskakyrkan.se\/akebonnier\/2009\/06\/21\/gaffa\/#breadcrumb","itemListElement":[{"@type":"ListItem","position":1,"name":"Hem","item":"https:\/\/blogg.svenskakyrkan.se\/akebonnier\/"},{"@type":"ListItem","position":2,"name":"Gaffa!"}]},{"@type":"WebSite","@id":"https:\/\/blogg.svenskakyrkan.se\/akebonnier\/#website","url":"https:\/\/blogg.svenskakyrkan.se\/akebonnier\/","name":"\u00c5ke Bonnier","description":"Biskop i Svenska kyrkan - Skara stift","potentialAction":[{"@type":"SearchAction","target":{"@type":"EntryPoint","urlTemplate":"https:\/\/blogg.svenskakyrkan.se\/akebonnier\/?s={search_term_string}"},"query-input":{"@type":"PropertyValueSpecification","valueRequired":true,"valueName":"search_term_string"}}],"inLanguage":"sv-SE"},{"@type":"Person","@id":"https:\/\/blogg.svenskakyrkan.se\/akebonnier\/#\/schema\/person\/8db68bc0c94f6a5a62df2d4486ff1343","name":"\u00c5ke Bonnier","image":{"@type":"ImageObject","inLanguage":"sv-SE","@id":"https:\/\/blogg.svenskakyrkan.se\/akebonnier\/#\/schema\/person\/image\/","url":"https:\/\/secure.gravatar.com\/avatar\/b88264736bb0bc0d1ea92298aef02c9f98cfc13c7484130c42c663ae484f9462?s=96&d=mm&r=g","contentUrl":"https:\/\/secure.gravatar.com\/avatar\/b88264736bb0bc0d1ea92298aef02c9f98cfc13c7484130c42c663ae484f9462?s=96&d=mm&r=g","caption":"\u00c5ke Bonnier"},"description":"Jag \u00e4r gift och har tv\u00e5 vuxna d\u00f6ttrar. Pr\u00e4stvigdes 1984 och biskopsvigs 26 augusti 2012 . Jag har tidigare bland annat varit, komminister och kyrkoherde i Liding\u00f6 f\u00f6rsamling och domprost i Stockholms domkyrkof\u00f6rsamling. Jag \u00e4r intresserad av konst, litteratur, teater, film. Jag tr\u00e4nar regelbundet p\u00e5 gym. Mitt huvudsakliga musikintresse \u00e4r klassisk musik men ocks\u00e5 Beatles, Elvis Presley, Monika Zettelund, Povel Ramel och m\u00e5nga andra tycker jag om att lyssna p\u00e5. Jag l\u00e4ser f\u00f6r lite sk\u00f6nlitteratur beroende p\u00e5 annat som jag m\u00e5ste l\u00e4sa i mitt uppdrag som biskop. Men jag \u00e4lskar b\u00f6cker. Naturligtvis l\u00e4ser jag n\u00e4st intill dagligdags i \"B\u00f6ckernas Bok.\"","sameAs":["http:\/\/www.skarastift.se"],"url":"https:\/\/blogg.svenskakyrkan.se\/akebonnier\/author\/akebonnier\/"}]}},"author_meta":{"ID":"108","user_nicename":"akebonnier","user_url":"http:\/\/www.skarastift.se","user_registered":"2011-10-11 09:24:48","display_name":"\u00c5ke Bonnier","first_name":"\u00c5ke","last_name":"Bonnier","avatar":"https:\/\/secure.gravatar.com\/avatar\/b88264736bb0bc0d1ea92298aef02c9f98cfc13c7484130c42c663ae484f9462?s=96&d=mm&r=g"},"featured_image":false,"bloginfo":{"name":"\u00c5ke Bonnier","url":"https:\/\/blogg.svenskakyrkan.se\/akebonnier"},"_links":{"self":[{"href":"https:\/\/blogg.svenskakyrkan.se\/akebonnier\/wp-json\/wp\/v2\/posts\/263","targetHints":{"allow":["GET"]}}],"collection":[{"href":"https:\/\/blogg.svenskakyrkan.se\/akebonnier\/wp-json\/wp\/v2\/posts"}],"about":[{"href":"https:\/\/blogg.svenskakyrkan.se\/akebonnier\/wp-json\/wp\/v2\/types\/post"}],"author":[{"embeddable":true,"href":"https:\/\/blogg.svenskakyrkan.se\/akebonnier\/wp-json\/wp\/v2\/users\/108"}],"replies":[{"embeddable":true,"href":"https:\/\/blogg.svenskakyrkan.se\/akebonnier\/wp-json\/wp\/v2\/comments?post=263"}],"version-history":[{"count":0,"href":"https:\/\/blogg.svenskakyrkan.se\/akebonnier\/wp-json\/wp\/v2\/posts\/263\/revisions"}],"wp:attachment":[{"href":"https:\/\/blogg.svenskakyrkan.se\/akebonnier\/wp-json\/wp\/v2\/media?parent=263"}],"wp:term":[{"taxonomy":"category","embeddable":true,"href":"https:\/\/blogg.svenskakyrkan.se\/akebonnier\/wp-json\/wp\/v2\/categories?post=263"},{"taxonomy":"post_tag","embeddable":true,"href":"https:\/\/blogg.svenskakyrkan.se\/akebonnier\/wp-json\/wp\/v2\/tags?post=263"}],"curies":[{"name":"wp","href":"https:\/\/api.w.org\/{rel}","templated":true}]}}