{"id":264,"date":"2009-06-24T18:00:00","date_gmt":"2009-06-24T18:00:00","guid":{"rendered":"http:\/\/blogg.svenskakyrkan.se\/akebonnier\/2009\/06\/24\/vem-har-ratt-till-livet\/"},"modified":"2009-06-24T18:00:00","modified_gmt":"2009-06-24T18:00:00","slug":"vem-har-ratt-till-livet","status":"publish","type":"post","link":"https:\/\/blogg.svenskakyrkan.se\/akebonnier\/2009\/06\/24\/vem-har-ratt-till-livet\/","title":{"rendered":"Vem har r\u00e4tt till livet?"},"content":{"rendered":"<p>Vem har r\u00e4tt till livet? Det \u00e4r en sv\u00e5r fr\u00e5ga som man kan se fr\u00e5n m\u00e5nga olika h\u00e5ll. N\u00e4r jag skriver denna blogg minns jag min egen argumentering f\u00f6r att 1978-79 g\u00f6ra vapenfri tj\u00e4nst inom totalf\u00f6rsvaret. Jag var d\u00e5 ungdomsledare i Kungsholms f\u00f6rsamling i Stockholm. Jag h\u00e4vdade att Jesu ord om att alla som griper till sv\u00e4rd skall d\u00f6das med sv\u00e4rd (Matt 26:52) var ett h\u00e5llbart argument f\u00f6r att inte d\u00f6da eller l\u00e4ra sig att d\u00f6da. Jag kan fortfarande tycka att det \u00e4r fel med ett krigsmaskineri som g\u00e5r ut p\u00e5 att ha ihj\u00e4l andra m\u00e4nniskor samtidigt som jag begriper att man m\u00e5ste skydda sitt land. Och i Bibeln beskrivs krig (ff a i Gamla Testamentet). Men jag f\u00f6r min del kan inte t\u00e4nka mig att d\u00f6da en annan m\u00e4nniska och jag kan inte heller t\u00e4nka mig att en annan m\u00e4nniska f\u00f6rtj\u00e4nar att d\u00f6 genom d\u00f6dsstraff. Ingetdera g\u00e5r ihop med min syn att vi inte har r\u00e4tt till andras liv. Vi har inte r\u00e4tt att d\u00f6da andra.<\/p>\n<p>Men abortfr\u00e5gan d\u00e5? D\u00e4r tas ju liv. Men n\u00e4r b\u00f6rjar livet? \u00c4r det i konceptions\u00f6gonblicket, \u00e4r det efter ett antal veckor n\u00e4r ett hj\u00e4rta b\u00f6rjar sl\u00e5, \u00e4r det n\u00e4r livet g\u00e5r att r\u00e4dda (23-24 veckan)? \u00c4r det n\u00e4r barnet kan andas av sig sj\u00e4lvt utanf\u00f6r livmodern? N\u00e4r b\u00f6rjar livet? Och kan abort vara ber\u00e4ttigad under olika omst\u00e4ndigheter? Jag vill som kristen och djupt Jesustroende \u00e4nd\u00e5 s\u00e4ga att jag \u00e4r glad f\u00f6r v\u00e5r \u00f6ppna abortlagstiftning! Samtidigt skulle jag \u00f6nska att preventivmedelsr\u00e5dgivning och upplysning blir \u00e4nnu mer spridd, att preventivmedel blir billigare och ff a att preventivmedel anv\u00e4nds!! Det handlar om att skydda varandra fr\u00e5n o\u00f6nskade graviditeter och att skydda varandra fr\u00e5n k\u00f6nssjukdomar. Men \u00e5ter igen &#8211; abort kan vara ett <em>n\u00f6dv\u00e4ndigt<\/em> ont. Jag tror inte att n\u00e5gon tycker att abort \u00e4r n\u00e5got som man gl\u00e4ds \u00f6ver.<br \/>Jag tror inte att n\u00e5gon anv\u00e4nder sig av abort som t\u00e4nkbar &#8221;dagen efter-metod&#8221; 10 veckor senare. Men en kvinnas liv kan beh\u00f6va skyddas. Det finns m\u00e5nga omst\u00e4ndigheter som g\u00f6r att abort kan vara en m\u00f6jlig v\u00e4g fram\u00e5t. Men samtal borde alltid vara obligatoriskt i samband med att man t\u00e4nker att ingreppet ska g\u00f6ras.<\/p>\n<p>Vem har r\u00e4tt till livet? Sj\u00e4lvmord d\u00e5? Enligt gammal kyrklig tradition begravdes sj\u00e4lvm\u00f6rdare utanf\u00f6r kyrkog\u00e5rden. Sj\u00e4lvmord ans\u00e5gs f\u00f6rkastligt av kyrkan. Och visst \u00e4r sj\u00e4lvmord f\u00f6rkastligt i den meningen att det alltid \u00e4r fel utv\u00e4g. Alla har r\u00e4tt att ta sitt eget liv och ingen f\u00e5r g\u00f6ra det. \u00c4nd\u00e5 g\u00f6rs det, om inte varje dag s\u00e5 ofta, ocks\u00e5 i lyckolandet Sverige. Jag skulle \u00f6nska att v\u00e5rt samh\u00e4lle blev s\u00e5 att alla kunde k\u00e4nna sig sedda och bekr\u00e4ftade, att alla hade ett n\u00e4tverk att relatera till, att alla hade n\u00e5gon att \u00e4lska och n\u00e5gon som \u00e4lskade dem. L\u00e5t oss som kristna f\u00f6rs\u00f6ka verka f\u00f6r ett s\u00e5dant n\u00e4rsamh\u00e4lle och sj\u00e4lva leva detta i relation till andra. L\u00e5t oss f\u00e5 andra att k\u00e4nna sig sedda, bekr\u00e4ftade och \u00e4lskade.<\/p>\n<p>Vem har r\u00e4tt till livet? D\u00f6dshj\u00e4lp d\u00e5? Vore det bra med passiv d\u00f6dshj\u00e4lp? Jag vet inte, det beror p\u00e5 vad man menar. Det jag skulle \u00f6nska mig sj\u00e4lv och alla andra \u00e4r en sm\u00e4rtfri d\u00f6d. Men jag vill inte bli hj\u00e4lpt \u00f6ver tr\u00f6skeln till Livet bortom livet av n\u00e5gon annan \u00e4n av Gud sj\u00e4lv. N\u00e4r vi ska d\u00f6 \u00e4r inte v\u00e5r sak att best\u00e4mma. Vi kan lindra sm\u00e4rtan i den m\u00e5n den finns men vi har inte r\u00e4tt att \u00f6verdosera f\u00f6r att den d\u00f6ende ska d\u00f6 snabbare. Nej, i det sammanhanget har endast Gud r\u00e4tt till livet &#8211; Gud som ger oss livet!<\/p>\n<p>I sommar kommer jag kanske att skriva n\u00e5gon blogg men inte s\u00e5 ofta som jag gjort under detta mitt f\u00f6rsta &#8221;blogg\u00e5r&#8221;. Nu ska jag ha semester &#8211; den har jag r\u00e4tt till (enligt semesterlagstiftningen) och jag ska njuta, vila, l\u00e4sa, umg\u00e5s med mina n\u00e4ra och k\u00e4ra, \u00e4ta god mat, bada, motionera, ha mer tid till andlig f\u00f6rdjupning av olika slag. Det ska bli h\u00e4rligt!<\/p>\n<p>&#8221;N\u00e4r jag h\u00f6r trastens klara s\u00e5ng, n\u00e4r l\u00e4rkan jublar dagen l\u00e5ng h\u00f6gt ovan f\u00e4lt och backar, d\u00e5 kan jag icke tiga still. Min Gud, s\u00e5 l\u00e4nge jag \u00e4r till f\u00f6r livet jag dig tackar.&#8221; (Psalm 200 vers 4 i Den Svenska Psalmboken).<br \/>                                                              Just det!<\/p>\n<div class=\"blogger-post-footer\"><img width='1' height='1' src='https:\/\/blogger.googleusercontent.com\/tracker\/9055441369901436026-2468118488644317107?l=akebonnier.blogspot.com' alt='' \/><\/div>\n","protected":false},"excerpt":{"rendered":"<p>Vem har r\u00e4tt till livet? Det \u00e4r en sv\u00e5r fr\u00e5ga som man kan se fr\u00e5n m\u00e5nga olika h\u00e5ll. N\u00e4r jag skriver denna blogg minns jag min egen argumentering f\u00f6r att 1978-79 g\u00f6ra vapenfri tj\u00e4nst inom totalf\u00f6rsvaret. Jag var d\u00e5 ungdomsledare i Kungsholms f\u00f6rsamling i Stockholm. Jag h\u00e4vdade att Jesu ord om att alla som griper [&hellip;]<\/p>\n","protected":false},"author":108,"featured_media":0,"comment_status":"open","ping_status":"open","sticky":false,"template":"","format":"standard","meta":{"_acf_changed":false,"footnotes":""},"categories":[16238],"tags":[],"class_list":["post-264","post","type-post","status-publish","format-standard","hentry","category-vem-har-ratt-till-livet"],"acf":[],"yoast_head":"<!-- This site is optimized with the Yoast SEO plugin v27.1.1 - https:\/\/yoast.com\/product\/yoast-seo-wordpress\/ -->\n<title>Vem har r\u00e4tt till livet? - \u00c5ke Bonnier<\/title>\n<meta name=\"robots\" content=\"index, follow, max-snippet:-1, max-image-preview:large, max-video-preview:-1\" \/>\n<link rel=\"canonical\" href=\"https:\/\/blogg.svenskakyrkan.se\/akebonnier\/2009\/06\/24\/vem-har-ratt-till-livet\/\" \/>\n<meta property=\"og:locale\" content=\"sv_SE\" \/>\n<meta property=\"og:type\" content=\"article\" \/>\n<meta property=\"og:title\" content=\"Vem har r\u00e4tt till livet? - \u00c5ke Bonnier\" \/>\n<meta property=\"og:description\" content=\"Vem har r\u00e4tt till livet? Det \u00e4r en sv\u00e5r fr\u00e5ga som man kan se fr\u00e5n m\u00e5nga olika h\u00e5ll. N\u00e4r jag skriver denna blogg minns jag min egen argumentering f\u00f6r att 1978-79 g\u00f6ra vapenfri tj\u00e4nst inom totalf\u00f6rsvaret. Jag var d\u00e5 ungdomsledare i Kungsholms f\u00f6rsamling i Stockholm. Jag h\u00e4vdade att Jesu ord om att alla som griper [&hellip;]\" \/>\n<meta property=\"og:url\" content=\"https:\/\/blogg.svenskakyrkan.se\/akebonnier\/2009\/06\/24\/vem-har-ratt-till-livet\/\" \/>\n<meta property=\"og:site_name\" content=\"\u00c5ke Bonnier\" \/>\n<meta property=\"article:published_time\" content=\"2009-06-24T18:00:00+00:00\" \/>\n<meta property=\"og:image\" content=\"https:\/\/blogger.googleusercontent.com\/tracker\/9055441369901436026-2468118488644317107?l=akebonnier.blogspot.com\" \/>\n<meta name=\"author\" content=\"\u00c5ke Bonnier\" \/>\n<meta name=\"twitter:card\" content=\"summary_large_image\" \/>\n<meta name=\"twitter:label1\" content=\"Skriven av\" \/>\n\t<meta name=\"twitter:data1\" content=\"\u00c5ke Bonnier\" \/>\n\t<meta name=\"twitter:label2\" content=\"Ber\u00e4knad l\u00e4stid\" \/>\n\t<meta name=\"twitter:data2\" content=\"4 minuter\" \/>\n<script type=\"application\/ld+json\" class=\"yoast-schema-graph\">{\"@context\":\"https:\/\/schema.org\",\"@graph\":[{\"@type\":\"Article\",\"@id\":\"https:\/\/blogg.svenskakyrkan.se\/akebonnier\/2009\/06\/24\/vem-har-ratt-till-livet\/#article\",\"isPartOf\":{\"@id\":\"https:\/\/blogg.svenskakyrkan.se\/akebonnier\/2009\/06\/24\/vem-har-ratt-till-livet\/\"},\"author\":{\"name\":\"\u00c5ke Bonnier\",\"@id\":\"https:\/\/blogg.svenskakyrkan.se\/akebonnier\/#\/schema\/person\/8db68bc0c94f6a5a62df2d4486ff1343\"},\"headline\":\"Vem har r\u00e4tt till livet?\",\"datePublished\":\"2009-06-24T18:00:00+00:00\",\"mainEntityOfPage\":{\"@id\":\"https:\/\/blogg.svenskakyrkan.se\/akebonnier\/2009\/06\/24\/vem-har-ratt-till-livet\/\"},\"wordCount\":849,\"commentCount\":9,\"image\":{\"@id\":\"https:\/\/blogg.svenskakyrkan.se\/akebonnier\/2009\/06\/24\/vem-har-ratt-till-livet\/#primaryimage\"},\"thumbnailUrl\":\"https:\/\/blogger.googleusercontent.com\/tracker\/9055441369901436026-2468118488644317107?l=akebonnier.blogspot.com\",\"articleSection\":[\"Vem har r\u00e4tt till livet\"],\"inLanguage\":\"sv-SE\",\"potentialAction\":[{\"@type\":\"CommentAction\",\"name\":\"Comment\",\"target\":[\"https:\/\/blogg.svenskakyrkan.se\/akebonnier\/2009\/06\/24\/vem-har-ratt-till-livet\/#respond\"]}]},{\"@type\":\"WebPage\",\"@id\":\"https:\/\/blogg.svenskakyrkan.se\/akebonnier\/2009\/06\/24\/vem-har-ratt-till-livet\/\",\"url\":\"https:\/\/blogg.svenskakyrkan.se\/akebonnier\/2009\/06\/24\/vem-har-ratt-till-livet\/\",\"name\":\"Vem har r\u00e4tt till livet? - \u00c5ke Bonnier\",\"isPartOf\":{\"@id\":\"https:\/\/blogg.svenskakyrkan.se\/akebonnier\/#website\"},\"primaryImageOfPage\":{\"@id\":\"https:\/\/blogg.svenskakyrkan.se\/akebonnier\/2009\/06\/24\/vem-har-ratt-till-livet\/#primaryimage\"},\"image\":{\"@id\":\"https:\/\/blogg.svenskakyrkan.se\/akebonnier\/2009\/06\/24\/vem-har-ratt-till-livet\/#primaryimage\"},\"thumbnailUrl\":\"https:\/\/blogger.googleusercontent.com\/tracker\/9055441369901436026-2468118488644317107?l=akebonnier.blogspot.com\",\"datePublished\":\"2009-06-24T18:00:00+00:00\",\"author\":{\"@id\":\"https:\/\/blogg.svenskakyrkan.se\/akebonnier\/#\/schema\/person\/8db68bc0c94f6a5a62df2d4486ff1343\"},\"breadcrumb\":{\"@id\":\"https:\/\/blogg.svenskakyrkan.se\/akebonnier\/2009\/06\/24\/vem-har-ratt-till-livet\/#breadcrumb\"},\"inLanguage\":\"sv-SE\",\"potentialAction\":[{\"@type\":\"ReadAction\",\"target\":[\"https:\/\/blogg.svenskakyrkan.se\/akebonnier\/2009\/06\/24\/vem-har-ratt-till-livet\/\"]}]},{\"@type\":\"ImageObject\",\"inLanguage\":\"sv-SE\",\"@id\":\"https:\/\/blogg.svenskakyrkan.se\/akebonnier\/2009\/06\/24\/vem-har-ratt-till-livet\/#primaryimage\",\"url\":\"https:\/\/blogger.googleusercontent.com\/tracker\/9055441369901436026-2468118488644317107?l=akebonnier.blogspot.com\",\"contentUrl\":\"https:\/\/blogger.googleusercontent.com\/tracker\/9055441369901436026-2468118488644317107?l=akebonnier.blogspot.com\"},{\"@type\":\"BreadcrumbList\",\"@id\":\"https:\/\/blogg.svenskakyrkan.se\/akebonnier\/2009\/06\/24\/vem-har-ratt-till-livet\/#breadcrumb\",\"itemListElement\":[{\"@type\":\"ListItem\",\"position\":1,\"name\":\"Hem\",\"item\":\"https:\/\/blogg.svenskakyrkan.se\/akebonnier\/\"},{\"@type\":\"ListItem\",\"position\":2,\"name\":\"Vem har r\u00e4tt till livet?\"}]},{\"@type\":\"WebSite\",\"@id\":\"https:\/\/blogg.svenskakyrkan.se\/akebonnier\/#website\",\"url\":\"https:\/\/blogg.svenskakyrkan.se\/akebonnier\/\",\"name\":\"\u00c5ke Bonnier\",\"description\":\"Biskop i Svenska kyrkan - Skara stift\",\"potentialAction\":[{\"@type\":\"SearchAction\",\"target\":{\"@type\":\"EntryPoint\",\"urlTemplate\":\"https:\/\/blogg.svenskakyrkan.se\/akebonnier\/?s={search_term_string}\"},\"query-input\":{\"@type\":\"PropertyValueSpecification\",\"valueRequired\":true,\"valueName\":\"search_term_string\"}}],\"inLanguage\":\"sv-SE\"},{\"@type\":\"Person\",\"@id\":\"https:\/\/blogg.svenskakyrkan.se\/akebonnier\/#\/schema\/person\/8db68bc0c94f6a5a62df2d4486ff1343\",\"name\":\"\u00c5ke Bonnier\",\"image\":{\"@type\":\"ImageObject\",\"inLanguage\":\"sv-SE\",\"@id\":\"https:\/\/blogg.svenskakyrkan.se\/akebonnier\/#\/schema\/person\/image\/\",\"url\":\"https:\/\/secure.gravatar.com\/avatar\/b88264736bb0bc0d1ea92298aef02c9f98cfc13c7484130c42c663ae484f9462?s=96&d=mm&r=g\",\"contentUrl\":\"https:\/\/secure.gravatar.com\/avatar\/b88264736bb0bc0d1ea92298aef02c9f98cfc13c7484130c42c663ae484f9462?s=96&d=mm&r=g\",\"caption\":\"\u00c5ke Bonnier\"},\"description\":\"Jag \u00e4r gift och har tv\u00e5 vuxna d\u00f6ttrar. Pr\u00e4stvigdes 1984 och biskopsvigs 26 augusti 2012 . Jag har tidigare bland annat varit, komminister och kyrkoherde i Liding\u00f6 f\u00f6rsamling och domprost i Stockholms domkyrkof\u00f6rsamling. Jag \u00e4r intresserad av konst, litteratur, teater, film. Jag tr\u00e4nar regelbundet p\u00e5 gym. Mitt huvudsakliga musikintresse \u00e4r klassisk musik men ocks\u00e5 Beatles, Elvis Presley, Monika Zettelund, Povel Ramel och m\u00e5nga andra tycker jag om att lyssna p\u00e5. Jag l\u00e4ser f\u00f6r lite sk\u00f6nlitteratur beroende p\u00e5 annat som jag m\u00e5ste l\u00e4sa i mitt uppdrag som biskop. Men jag \u00e4lskar b\u00f6cker. Naturligtvis l\u00e4ser jag n\u00e4st intill dagligdags i \\\"B\u00f6ckernas Bok.\\\"\",\"sameAs\":[\"http:\/\/www.skarastift.se\"],\"url\":\"https:\/\/blogg.svenskakyrkan.se\/akebonnier\/author\/akebonnier\/\"}]}<\/script>\n<!-- \/ Yoast SEO plugin. -->","yoast_head_json":{"title":"Vem har r\u00e4tt till livet? - \u00c5ke Bonnier","robots":{"index":"index","follow":"follow","max-snippet":"max-snippet:-1","max-image-preview":"max-image-preview:large","max-video-preview":"max-video-preview:-1"},"canonical":"https:\/\/blogg.svenskakyrkan.se\/akebonnier\/2009\/06\/24\/vem-har-ratt-till-livet\/","og_locale":"sv_SE","og_type":"article","og_title":"Vem har r\u00e4tt till livet? - \u00c5ke Bonnier","og_description":"Vem har r\u00e4tt till livet? Det \u00e4r en sv\u00e5r fr\u00e5ga som man kan se fr\u00e5n m\u00e5nga olika h\u00e5ll. N\u00e4r jag skriver denna blogg minns jag min egen argumentering f\u00f6r att 1978-79 g\u00f6ra vapenfri tj\u00e4nst inom totalf\u00f6rsvaret. Jag var d\u00e5 ungdomsledare i Kungsholms f\u00f6rsamling i Stockholm. Jag h\u00e4vdade att Jesu ord om att alla som griper [&hellip;]","og_url":"https:\/\/blogg.svenskakyrkan.se\/akebonnier\/2009\/06\/24\/vem-har-ratt-till-livet\/","og_site_name":"\u00c5ke Bonnier","article_published_time":"2009-06-24T18:00:00+00:00","og_image":[{"url":"https:\/\/blogger.googleusercontent.com\/tracker\/9055441369901436026-2468118488644317107?l=akebonnier.blogspot.com","type":"","width":"","height":""}],"author":"\u00c5ke Bonnier","twitter_card":"summary_large_image","twitter_misc":{"Skriven av":"\u00c5ke Bonnier","Ber\u00e4knad l\u00e4stid":"4 minuter"},"schema":{"@context":"https:\/\/schema.org","@graph":[{"@type":"Article","@id":"https:\/\/blogg.svenskakyrkan.se\/akebonnier\/2009\/06\/24\/vem-har-ratt-till-livet\/#article","isPartOf":{"@id":"https:\/\/blogg.svenskakyrkan.se\/akebonnier\/2009\/06\/24\/vem-har-ratt-till-livet\/"},"author":{"name":"\u00c5ke Bonnier","@id":"https:\/\/blogg.svenskakyrkan.se\/akebonnier\/#\/schema\/person\/8db68bc0c94f6a5a62df2d4486ff1343"},"headline":"Vem har r\u00e4tt till livet?","datePublished":"2009-06-24T18:00:00+00:00","mainEntityOfPage":{"@id":"https:\/\/blogg.svenskakyrkan.se\/akebonnier\/2009\/06\/24\/vem-har-ratt-till-livet\/"},"wordCount":849,"commentCount":9,"image":{"@id":"https:\/\/blogg.svenskakyrkan.se\/akebonnier\/2009\/06\/24\/vem-har-ratt-till-livet\/#primaryimage"},"thumbnailUrl":"https:\/\/blogger.googleusercontent.com\/tracker\/9055441369901436026-2468118488644317107?l=akebonnier.blogspot.com","articleSection":["Vem har r\u00e4tt till livet"],"inLanguage":"sv-SE","potentialAction":[{"@type":"CommentAction","name":"Comment","target":["https:\/\/blogg.svenskakyrkan.se\/akebonnier\/2009\/06\/24\/vem-har-ratt-till-livet\/#respond"]}]},{"@type":"WebPage","@id":"https:\/\/blogg.svenskakyrkan.se\/akebonnier\/2009\/06\/24\/vem-har-ratt-till-livet\/","url":"https:\/\/blogg.svenskakyrkan.se\/akebonnier\/2009\/06\/24\/vem-har-ratt-till-livet\/","name":"Vem har r\u00e4tt till livet? - \u00c5ke Bonnier","isPartOf":{"@id":"https:\/\/blogg.svenskakyrkan.se\/akebonnier\/#website"},"primaryImageOfPage":{"@id":"https:\/\/blogg.svenskakyrkan.se\/akebonnier\/2009\/06\/24\/vem-har-ratt-till-livet\/#primaryimage"},"image":{"@id":"https:\/\/blogg.svenskakyrkan.se\/akebonnier\/2009\/06\/24\/vem-har-ratt-till-livet\/#primaryimage"},"thumbnailUrl":"https:\/\/blogger.googleusercontent.com\/tracker\/9055441369901436026-2468118488644317107?l=akebonnier.blogspot.com","datePublished":"2009-06-24T18:00:00+00:00","author":{"@id":"https:\/\/blogg.svenskakyrkan.se\/akebonnier\/#\/schema\/person\/8db68bc0c94f6a5a62df2d4486ff1343"},"breadcrumb":{"@id":"https:\/\/blogg.svenskakyrkan.se\/akebonnier\/2009\/06\/24\/vem-har-ratt-till-livet\/#breadcrumb"},"inLanguage":"sv-SE","potentialAction":[{"@type":"ReadAction","target":["https:\/\/blogg.svenskakyrkan.se\/akebonnier\/2009\/06\/24\/vem-har-ratt-till-livet\/"]}]},{"@type":"ImageObject","inLanguage":"sv-SE","@id":"https:\/\/blogg.svenskakyrkan.se\/akebonnier\/2009\/06\/24\/vem-har-ratt-till-livet\/#primaryimage","url":"https:\/\/blogger.googleusercontent.com\/tracker\/9055441369901436026-2468118488644317107?l=akebonnier.blogspot.com","contentUrl":"https:\/\/blogger.googleusercontent.com\/tracker\/9055441369901436026-2468118488644317107?l=akebonnier.blogspot.com"},{"@type":"BreadcrumbList","@id":"https:\/\/blogg.svenskakyrkan.se\/akebonnier\/2009\/06\/24\/vem-har-ratt-till-livet\/#breadcrumb","itemListElement":[{"@type":"ListItem","position":1,"name":"Hem","item":"https:\/\/blogg.svenskakyrkan.se\/akebonnier\/"},{"@type":"ListItem","position":2,"name":"Vem har r\u00e4tt till livet?"}]},{"@type":"WebSite","@id":"https:\/\/blogg.svenskakyrkan.se\/akebonnier\/#website","url":"https:\/\/blogg.svenskakyrkan.se\/akebonnier\/","name":"\u00c5ke Bonnier","description":"Biskop i Svenska kyrkan - Skara stift","potentialAction":[{"@type":"SearchAction","target":{"@type":"EntryPoint","urlTemplate":"https:\/\/blogg.svenskakyrkan.se\/akebonnier\/?s={search_term_string}"},"query-input":{"@type":"PropertyValueSpecification","valueRequired":true,"valueName":"search_term_string"}}],"inLanguage":"sv-SE"},{"@type":"Person","@id":"https:\/\/blogg.svenskakyrkan.se\/akebonnier\/#\/schema\/person\/8db68bc0c94f6a5a62df2d4486ff1343","name":"\u00c5ke Bonnier","image":{"@type":"ImageObject","inLanguage":"sv-SE","@id":"https:\/\/blogg.svenskakyrkan.se\/akebonnier\/#\/schema\/person\/image\/","url":"https:\/\/secure.gravatar.com\/avatar\/b88264736bb0bc0d1ea92298aef02c9f98cfc13c7484130c42c663ae484f9462?s=96&d=mm&r=g","contentUrl":"https:\/\/secure.gravatar.com\/avatar\/b88264736bb0bc0d1ea92298aef02c9f98cfc13c7484130c42c663ae484f9462?s=96&d=mm&r=g","caption":"\u00c5ke Bonnier"},"description":"Jag \u00e4r gift och har tv\u00e5 vuxna d\u00f6ttrar. Pr\u00e4stvigdes 1984 och biskopsvigs 26 augusti 2012 . Jag har tidigare bland annat varit, komminister och kyrkoherde i Liding\u00f6 f\u00f6rsamling och domprost i Stockholms domkyrkof\u00f6rsamling. Jag \u00e4r intresserad av konst, litteratur, teater, film. Jag tr\u00e4nar regelbundet p\u00e5 gym. Mitt huvudsakliga musikintresse \u00e4r klassisk musik men ocks\u00e5 Beatles, Elvis Presley, Monika Zettelund, Povel Ramel och m\u00e5nga andra tycker jag om att lyssna p\u00e5. Jag l\u00e4ser f\u00f6r lite sk\u00f6nlitteratur beroende p\u00e5 annat som jag m\u00e5ste l\u00e4sa i mitt uppdrag som biskop. Men jag \u00e4lskar b\u00f6cker. Naturligtvis l\u00e4ser jag n\u00e4st intill dagligdags i \"B\u00f6ckernas Bok.\"","sameAs":["http:\/\/www.skarastift.se"],"url":"https:\/\/blogg.svenskakyrkan.se\/akebonnier\/author\/akebonnier\/"}]}},"author_meta":{"ID":"108","user_nicename":"akebonnier","user_url":"http:\/\/www.skarastift.se","user_registered":"2011-10-11 09:24:48","display_name":"\u00c5ke Bonnier","first_name":"\u00c5ke","last_name":"Bonnier","avatar":"https:\/\/secure.gravatar.com\/avatar\/b88264736bb0bc0d1ea92298aef02c9f98cfc13c7484130c42c663ae484f9462?s=96&d=mm&r=g"},"featured_image":false,"bloginfo":{"name":"\u00c5ke Bonnier","url":"https:\/\/blogg.svenskakyrkan.se\/akebonnier"},"_links":{"self":[{"href":"https:\/\/blogg.svenskakyrkan.se\/akebonnier\/wp-json\/wp\/v2\/posts\/264","targetHints":{"allow":["GET"]}}],"collection":[{"href":"https:\/\/blogg.svenskakyrkan.se\/akebonnier\/wp-json\/wp\/v2\/posts"}],"about":[{"href":"https:\/\/blogg.svenskakyrkan.se\/akebonnier\/wp-json\/wp\/v2\/types\/post"}],"author":[{"embeddable":true,"href":"https:\/\/blogg.svenskakyrkan.se\/akebonnier\/wp-json\/wp\/v2\/users\/108"}],"replies":[{"embeddable":true,"href":"https:\/\/blogg.svenskakyrkan.se\/akebonnier\/wp-json\/wp\/v2\/comments?post=264"}],"version-history":[{"count":0,"href":"https:\/\/blogg.svenskakyrkan.se\/akebonnier\/wp-json\/wp\/v2\/posts\/264\/revisions"}],"wp:attachment":[{"href":"https:\/\/blogg.svenskakyrkan.se\/akebonnier\/wp-json\/wp\/v2\/media?parent=264"}],"wp:term":[{"taxonomy":"category","embeddable":true,"href":"https:\/\/blogg.svenskakyrkan.se\/akebonnier\/wp-json\/wp\/v2\/categories?post=264"},{"taxonomy":"post_tag","embeddable":true,"href":"https:\/\/blogg.svenskakyrkan.se\/akebonnier\/wp-json\/wp\/v2\/tags?post=264"}],"curies":[{"name":"wp","href":"https:\/\/api.w.org\/{rel}","templated":true}]}}