{"id":266,"date":"2009-07-05T12:52:00","date_gmt":"2009-07-05T12:52:00","guid":{"rendered":"http:\/\/blogg.svenskakyrkan.se\/akebonnier\/2009\/07\/05\/inget-mirakel-idag-heller-eller\/"},"modified":"2009-07-05T12:52:00","modified_gmt":"2009-07-05T12:52:00","slug":"inget-mirakel-idag-heller-eller","status":"publish","type":"post","link":"https:\/\/blogg.svenskakyrkan.se\/akebonnier\/2009\/07\/05\/inget-mirakel-idag-heller-eller\/","title":{"rendered":"Inget mirakel idag heller&#8230; eller?"},"content":{"rendered":"<p>Nej, jag avstod med flit fr\u00e5n mirakel. Jag, liksom m\u00e5nga med mig erbj\u00f6ds ett mirakel p\u00e5 marknaden i B\u00f6da. Det var en man som s\u00e5lde mirakeltrasan som kunde suga upp vatten p\u00e5 ett helt annat s\u00e4tt \u00e4n en vanlig disktrasa. Jag \u00e4lskar att g\u00e5 p\u00e5 marknad och det gjorde jag idag. P\u00e5 marknader hittar jag alltid n\u00e5got litet som kan vara bra att ha; en speciell skruvmejsel, en kaffedoserare, ett rivg\u00e4rn f\u00f6r gurka och andra livsn\u00f6dv\u00e4ndiga saker. Hustrun \u00e4r s\u00e4llan lika entusiastisk men f\u00f6ljer \u00e4nd\u00e5 med och uttrycker sin tveksamhet n\u00e4r jag st\u00e5r d\u00e4r framf\u00f6r den v\u00e4ltalige marknadsnasaren. Fast idag f\u00f6ll jag inte f\u00f6r frestelsen, trots att det handlade om ett mirakel&#8230;<\/p>\n<p>Innan denna mirakelfrestelse var vi i H\u00f6gby kyrka. Det \u00e4r underbart att komma ut i andra kyrkor \u00e4n dem i det egna stiftet och m\u00f6ta entusiastiska, engagerade, brinnande medkristna. Vi var inte s\u00e5 m\u00e5nga i kyrkan men \u00e4nd\u00e5 en skara som ville h\u00f6ra Ordet f\u00f6rkunnas och f\u00e5 sakramentet (nattvarden) r\u00e4ckt av den pensionerade pr\u00e4sten Stig. Stig \u00e4r ett mirakel i sig. Det \u00e4r m\u00e5nga \u00e5r sedan han pensionerades men han g\u00e5r p\u00e5 i sin pr\u00e4stg\u00e4rning som vore han 40 \u00e5r yngre. Han brinner verkligen f\u00f6r att f\u00e5 f\u00f6rkunna Ordet att f\u00e5 vittna om Kristus och att han vid s\u00e5 h\u00f6g \u00e5lder orkar, det \u00e4r ett mirakel som kan inspirera. Stig \u00e4r en varm person som utstr\u00e5lar trosvisshet och trygghet. Sommar efter sommar efter sommar \u00e5terv\u00e4nder han till H\u00f6gby pastorat f\u00f6r att arbeta f\u00f6r Guds rike.<\/p>\n<p>Kanske borde vi bli b\u00e4ttre p\u00e5 att se miraklerna i v\u00e5r tillvaro, f\u00f6r de finns ju d\u00e4r bara vi f\u00e5r upp \u00f6gonen f\u00f6r dem. Det \u00e4r ett mirakel att jag f\u00e5r sitta p\u00e5 en liten pall vid v\u00e4gkanten, se blommorna vaja i den svala julivinden, vara uppkoplad via b\u00e4rbart modem, njuta av varma (!) bad etc. Det \u00e4r ett mirakel att jag varje dag f\u00e5r stiga upp och tacka f\u00f6r en ny dag, en ny m\u00f6jlighet. Men denna typ av vardagsmirakler gl\u00f6mmer jag alltf\u00f6r ofta bort. Men i alla fall:<\/p>\n<p>Tack gode Gud!<\/p>\n<div class=\"blogger-post-footer\"><img width='1' height='1' src='https:\/\/blogger.googleusercontent.com\/tracker\/9055441369901436026-7465604448393586689?l=akebonnier.blogspot.com' alt='' \/><\/div>\n","protected":false},"excerpt":{"rendered":"<p>Nej, jag avstod med flit fr\u00e5n mirakel. Jag, liksom m\u00e5nga med mig erbj\u00f6ds ett mirakel p\u00e5 marknaden i B\u00f6da. Det var en man som s\u00e5lde mirakeltrasan som kunde suga upp vatten p\u00e5 ett helt annat s\u00e4tt \u00e4n en vanlig disktrasa. Jag \u00e4lskar att g\u00e5 p\u00e5 marknad och det gjorde jag idag. P\u00e5 marknader hittar jag [&hellip;]<\/p>\n","protected":false},"author":108,"featured_media":0,"comment_status":"open","ping_status":"open","sticky":false,"template":"","format":"standard","meta":{"_acf_changed":false,"footnotes":""},"categories":[16240],"tags":[],"class_list":["post-266","post","type-post","status-publish","format-standard","hentry","category-inget-mirakel-idag-heller-eller"],"acf":[],"yoast_head":"<!-- This site is optimized with the Yoast SEO plugin v27.1.1 - https:\/\/yoast.com\/product\/yoast-seo-wordpress\/ -->\n<title>Inget mirakel idag heller... eller? - \u00c5ke Bonnier<\/title>\n<meta name=\"robots\" content=\"index, follow, max-snippet:-1, max-image-preview:large, max-video-preview:-1\" \/>\n<link rel=\"canonical\" href=\"https:\/\/blogg.svenskakyrkan.se\/akebonnier\/2009\/07\/05\/inget-mirakel-idag-heller-eller\/\" \/>\n<meta property=\"og:locale\" content=\"sv_SE\" \/>\n<meta property=\"og:type\" content=\"article\" \/>\n<meta property=\"og:title\" content=\"Inget mirakel idag heller... eller? - \u00c5ke Bonnier\" \/>\n<meta property=\"og:description\" content=\"Nej, jag avstod med flit fr\u00e5n mirakel. Jag, liksom m\u00e5nga med mig erbj\u00f6ds ett mirakel p\u00e5 marknaden i B\u00f6da. Det var en man som s\u00e5lde mirakeltrasan som kunde suga upp vatten p\u00e5 ett helt annat s\u00e4tt \u00e4n en vanlig disktrasa. Jag \u00e4lskar att g\u00e5 p\u00e5 marknad och det gjorde jag idag. P\u00e5 marknader hittar jag [&hellip;]\" \/>\n<meta property=\"og:url\" content=\"https:\/\/blogg.svenskakyrkan.se\/akebonnier\/2009\/07\/05\/inget-mirakel-idag-heller-eller\/\" \/>\n<meta property=\"og:site_name\" content=\"\u00c5ke Bonnier\" \/>\n<meta property=\"article:published_time\" content=\"2009-07-05T12:52:00+00:00\" \/>\n<meta property=\"og:image\" content=\"https:\/\/blogger.googleusercontent.com\/tracker\/9055441369901436026-7465604448393586689?l=akebonnier.blogspot.com\" \/>\n<meta name=\"author\" content=\"\u00c5ke Bonnier\" \/>\n<meta name=\"twitter:card\" content=\"summary_large_image\" \/>\n<meta name=\"twitter:label1\" content=\"Skriven av\" \/>\n\t<meta name=\"twitter:data1\" content=\"\u00c5ke Bonnier\" \/>\n\t<meta name=\"twitter:label2\" content=\"Ber\u00e4knad l\u00e4stid\" \/>\n\t<meta name=\"twitter:data2\" content=\"2 minuter\" \/>\n<script type=\"application\/ld+json\" class=\"yoast-schema-graph\">{\"@context\":\"https:\/\/schema.org\",\"@graph\":[{\"@type\":\"Article\",\"@id\":\"https:\/\/blogg.svenskakyrkan.se\/akebonnier\/2009\/07\/05\/inget-mirakel-idag-heller-eller\/#article\",\"isPartOf\":{\"@id\":\"https:\/\/blogg.svenskakyrkan.se\/akebonnier\/2009\/07\/05\/inget-mirakel-idag-heller-eller\/\"},\"author\":{\"name\":\"\u00c5ke Bonnier\",\"@id\":\"https:\/\/blogg.svenskakyrkan.se\/akebonnier\/#\/schema\/person\/8db68bc0c94f6a5a62df2d4486ff1343\"},\"headline\":\"Inget mirakel idag heller&#8230; eller?\",\"datePublished\":\"2009-07-05T12:52:00+00:00\",\"mainEntityOfPage\":{\"@id\":\"https:\/\/blogg.svenskakyrkan.se\/akebonnier\/2009\/07\/05\/inget-mirakel-idag-heller-eller\/\"},\"wordCount\":396,\"commentCount\":6,\"image\":{\"@id\":\"https:\/\/blogg.svenskakyrkan.se\/akebonnier\/2009\/07\/05\/inget-mirakel-idag-heller-eller\/#primaryimage\"},\"thumbnailUrl\":\"https:\/\/blogger.googleusercontent.com\/tracker\/9055441369901436026-7465604448393586689?l=akebonnier.blogspot.com\",\"articleSection\":[\"Inget mirakel idag heller... eller\"],\"inLanguage\":\"sv-SE\",\"potentialAction\":[{\"@type\":\"CommentAction\",\"name\":\"Comment\",\"target\":[\"https:\/\/blogg.svenskakyrkan.se\/akebonnier\/2009\/07\/05\/inget-mirakel-idag-heller-eller\/#respond\"]}]},{\"@type\":\"WebPage\",\"@id\":\"https:\/\/blogg.svenskakyrkan.se\/akebonnier\/2009\/07\/05\/inget-mirakel-idag-heller-eller\/\",\"url\":\"https:\/\/blogg.svenskakyrkan.se\/akebonnier\/2009\/07\/05\/inget-mirakel-idag-heller-eller\/\",\"name\":\"Inget mirakel idag heller... eller? - \u00c5ke Bonnier\",\"isPartOf\":{\"@id\":\"https:\/\/blogg.svenskakyrkan.se\/akebonnier\/#website\"},\"primaryImageOfPage\":{\"@id\":\"https:\/\/blogg.svenskakyrkan.se\/akebonnier\/2009\/07\/05\/inget-mirakel-idag-heller-eller\/#primaryimage\"},\"image\":{\"@id\":\"https:\/\/blogg.svenskakyrkan.se\/akebonnier\/2009\/07\/05\/inget-mirakel-idag-heller-eller\/#primaryimage\"},\"thumbnailUrl\":\"https:\/\/blogger.googleusercontent.com\/tracker\/9055441369901436026-7465604448393586689?l=akebonnier.blogspot.com\",\"datePublished\":\"2009-07-05T12:52:00+00:00\",\"author\":{\"@id\":\"https:\/\/blogg.svenskakyrkan.se\/akebonnier\/#\/schema\/person\/8db68bc0c94f6a5a62df2d4486ff1343\"},\"breadcrumb\":{\"@id\":\"https:\/\/blogg.svenskakyrkan.se\/akebonnier\/2009\/07\/05\/inget-mirakel-idag-heller-eller\/#breadcrumb\"},\"inLanguage\":\"sv-SE\",\"potentialAction\":[{\"@type\":\"ReadAction\",\"target\":[\"https:\/\/blogg.svenskakyrkan.se\/akebonnier\/2009\/07\/05\/inget-mirakel-idag-heller-eller\/\"]}]},{\"@type\":\"ImageObject\",\"inLanguage\":\"sv-SE\",\"@id\":\"https:\/\/blogg.svenskakyrkan.se\/akebonnier\/2009\/07\/05\/inget-mirakel-idag-heller-eller\/#primaryimage\",\"url\":\"https:\/\/blogger.googleusercontent.com\/tracker\/9055441369901436026-7465604448393586689?l=akebonnier.blogspot.com\",\"contentUrl\":\"https:\/\/blogger.googleusercontent.com\/tracker\/9055441369901436026-7465604448393586689?l=akebonnier.blogspot.com\"},{\"@type\":\"BreadcrumbList\",\"@id\":\"https:\/\/blogg.svenskakyrkan.se\/akebonnier\/2009\/07\/05\/inget-mirakel-idag-heller-eller\/#breadcrumb\",\"itemListElement\":[{\"@type\":\"ListItem\",\"position\":1,\"name\":\"Hem\",\"item\":\"https:\/\/blogg.svenskakyrkan.se\/akebonnier\/\"},{\"@type\":\"ListItem\",\"position\":2,\"name\":\"Inget mirakel idag heller&#8230; eller?\"}]},{\"@type\":\"WebSite\",\"@id\":\"https:\/\/blogg.svenskakyrkan.se\/akebonnier\/#website\",\"url\":\"https:\/\/blogg.svenskakyrkan.se\/akebonnier\/\",\"name\":\"\u00c5ke Bonnier\",\"description\":\"Biskop i Svenska kyrkan - Skara stift\",\"potentialAction\":[{\"@type\":\"SearchAction\",\"target\":{\"@type\":\"EntryPoint\",\"urlTemplate\":\"https:\/\/blogg.svenskakyrkan.se\/akebonnier\/?s={search_term_string}\"},\"query-input\":{\"@type\":\"PropertyValueSpecification\",\"valueRequired\":true,\"valueName\":\"search_term_string\"}}],\"inLanguage\":\"sv-SE\"},{\"@type\":\"Person\",\"@id\":\"https:\/\/blogg.svenskakyrkan.se\/akebonnier\/#\/schema\/person\/8db68bc0c94f6a5a62df2d4486ff1343\",\"name\":\"\u00c5ke Bonnier\",\"image\":{\"@type\":\"ImageObject\",\"inLanguage\":\"sv-SE\",\"@id\":\"https:\/\/blogg.svenskakyrkan.se\/akebonnier\/#\/schema\/person\/image\/\",\"url\":\"https:\/\/secure.gravatar.com\/avatar\/b88264736bb0bc0d1ea92298aef02c9f98cfc13c7484130c42c663ae484f9462?s=96&d=mm&r=g\",\"contentUrl\":\"https:\/\/secure.gravatar.com\/avatar\/b88264736bb0bc0d1ea92298aef02c9f98cfc13c7484130c42c663ae484f9462?s=96&d=mm&r=g\",\"caption\":\"\u00c5ke Bonnier\"},\"description\":\"Jag \u00e4r gift och har tv\u00e5 vuxna d\u00f6ttrar. Pr\u00e4stvigdes 1984 och biskopsvigs 26 augusti 2012 . Jag har tidigare bland annat varit, komminister och kyrkoherde i Liding\u00f6 f\u00f6rsamling och domprost i Stockholms domkyrkof\u00f6rsamling. Jag \u00e4r intresserad av konst, litteratur, teater, film. Jag tr\u00e4nar regelbundet p\u00e5 gym. Mitt huvudsakliga musikintresse \u00e4r klassisk musik men ocks\u00e5 Beatles, Elvis Presley, Monika Zettelund, Povel Ramel och m\u00e5nga andra tycker jag om att lyssna p\u00e5. Jag l\u00e4ser f\u00f6r lite sk\u00f6nlitteratur beroende p\u00e5 annat som jag m\u00e5ste l\u00e4sa i mitt uppdrag som biskop. Men jag \u00e4lskar b\u00f6cker. Naturligtvis l\u00e4ser jag n\u00e4st intill dagligdags i \\\"B\u00f6ckernas Bok.\\\"\",\"sameAs\":[\"http:\/\/www.skarastift.se\"],\"url\":\"https:\/\/blogg.svenskakyrkan.se\/akebonnier\/author\/akebonnier\/\"}]}<\/script>\n<!-- \/ Yoast SEO plugin. -->","yoast_head_json":{"title":"Inget mirakel idag heller... eller? - \u00c5ke Bonnier","robots":{"index":"index","follow":"follow","max-snippet":"max-snippet:-1","max-image-preview":"max-image-preview:large","max-video-preview":"max-video-preview:-1"},"canonical":"https:\/\/blogg.svenskakyrkan.se\/akebonnier\/2009\/07\/05\/inget-mirakel-idag-heller-eller\/","og_locale":"sv_SE","og_type":"article","og_title":"Inget mirakel idag heller... eller? - \u00c5ke Bonnier","og_description":"Nej, jag avstod med flit fr\u00e5n mirakel. Jag, liksom m\u00e5nga med mig erbj\u00f6ds ett mirakel p\u00e5 marknaden i B\u00f6da. Det var en man som s\u00e5lde mirakeltrasan som kunde suga upp vatten p\u00e5 ett helt annat s\u00e4tt \u00e4n en vanlig disktrasa. Jag \u00e4lskar att g\u00e5 p\u00e5 marknad och det gjorde jag idag. P\u00e5 marknader hittar jag [&hellip;]","og_url":"https:\/\/blogg.svenskakyrkan.se\/akebonnier\/2009\/07\/05\/inget-mirakel-idag-heller-eller\/","og_site_name":"\u00c5ke Bonnier","article_published_time":"2009-07-05T12:52:00+00:00","og_image":[{"url":"https:\/\/blogger.googleusercontent.com\/tracker\/9055441369901436026-7465604448393586689?l=akebonnier.blogspot.com","type":"","width":"","height":""}],"author":"\u00c5ke Bonnier","twitter_card":"summary_large_image","twitter_misc":{"Skriven av":"\u00c5ke Bonnier","Ber\u00e4knad l\u00e4stid":"2 minuter"},"schema":{"@context":"https:\/\/schema.org","@graph":[{"@type":"Article","@id":"https:\/\/blogg.svenskakyrkan.se\/akebonnier\/2009\/07\/05\/inget-mirakel-idag-heller-eller\/#article","isPartOf":{"@id":"https:\/\/blogg.svenskakyrkan.se\/akebonnier\/2009\/07\/05\/inget-mirakel-idag-heller-eller\/"},"author":{"name":"\u00c5ke Bonnier","@id":"https:\/\/blogg.svenskakyrkan.se\/akebonnier\/#\/schema\/person\/8db68bc0c94f6a5a62df2d4486ff1343"},"headline":"Inget mirakel idag heller&#8230; eller?","datePublished":"2009-07-05T12:52:00+00:00","mainEntityOfPage":{"@id":"https:\/\/blogg.svenskakyrkan.se\/akebonnier\/2009\/07\/05\/inget-mirakel-idag-heller-eller\/"},"wordCount":396,"commentCount":6,"image":{"@id":"https:\/\/blogg.svenskakyrkan.se\/akebonnier\/2009\/07\/05\/inget-mirakel-idag-heller-eller\/#primaryimage"},"thumbnailUrl":"https:\/\/blogger.googleusercontent.com\/tracker\/9055441369901436026-7465604448393586689?l=akebonnier.blogspot.com","articleSection":["Inget mirakel idag heller... eller"],"inLanguage":"sv-SE","potentialAction":[{"@type":"CommentAction","name":"Comment","target":["https:\/\/blogg.svenskakyrkan.se\/akebonnier\/2009\/07\/05\/inget-mirakel-idag-heller-eller\/#respond"]}]},{"@type":"WebPage","@id":"https:\/\/blogg.svenskakyrkan.se\/akebonnier\/2009\/07\/05\/inget-mirakel-idag-heller-eller\/","url":"https:\/\/blogg.svenskakyrkan.se\/akebonnier\/2009\/07\/05\/inget-mirakel-idag-heller-eller\/","name":"Inget mirakel idag heller... eller? - \u00c5ke Bonnier","isPartOf":{"@id":"https:\/\/blogg.svenskakyrkan.se\/akebonnier\/#website"},"primaryImageOfPage":{"@id":"https:\/\/blogg.svenskakyrkan.se\/akebonnier\/2009\/07\/05\/inget-mirakel-idag-heller-eller\/#primaryimage"},"image":{"@id":"https:\/\/blogg.svenskakyrkan.se\/akebonnier\/2009\/07\/05\/inget-mirakel-idag-heller-eller\/#primaryimage"},"thumbnailUrl":"https:\/\/blogger.googleusercontent.com\/tracker\/9055441369901436026-7465604448393586689?l=akebonnier.blogspot.com","datePublished":"2009-07-05T12:52:00+00:00","author":{"@id":"https:\/\/blogg.svenskakyrkan.se\/akebonnier\/#\/schema\/person\/8db68bc0c94f6a5a62df2d4486ff1343"},"breadcrumb":{"@id":"https:\/\/blogg.svenskakyrkan.se\/akebonnier\/2009\/07\/05\/inget-mirakel-idag-heller-eller\/#breadcrumb"},"inLanguage":"sv-SE","potentialAction":[{"@type":"ReadAction","target":["https:\/\/blogg.svenskakyrkan.se\/akebonnier\/2009\/07\/05\/inget-mirakel-idag-heller-eller\/"]}]},{"@type":"ImageObject","inLanguage":"sv-SE","@id":"https:\/\/blogg.svenskakyrkan.se\/akebonnier\/2009\/07\/05\/inget-mirakel-idag-heller-eller\/#primaryimage","url":"https:\/\/blogger.googleusercontent.com\/tracker\/9055441369901436026-7465604448393586689?l=akebonnier.blogspot.com","contentUrl":"https:\/\/blogger.googleusercontent.com\/tracker\/9055441369901436026-7465604448393586689?l=akebonnier.blogspot.com"},{"@type":"BreadcrumbList","@id":"https:\/\/blogg.svenskakyrkan.se\/akebonnier\/2009\/07\/05\/inget-mirakel-idag-heller-eller\/#breadcrumb","itemListElement":[{"@type":"ListItem","position":1,"name":"Hem","item":"https:\/\/blogg.svenskakyrkan.se\/akebonnier\/"},{"@type":"ListItem","position":2,"name":"Inget mirakel idag heller&#8230; eller?"}]},{"@type":"WebSite","@id":"https:\/\/blogg.svenskakyrkan.se\/akebonnier\/#website","url":"https:\/\/blogg.svenskakyrkan.se\/akebonnier\/","name":"\u00c5ke Bonnier","description":"Biskop i Svenska kyrkan - Skara stift","potentialAction":[{"@type":"SearchAction","target":{"@type":"EntryPoint","urlTemplate":"https:\/\/blogg.svenskakyrkan.se\/akebonnier\/?s={search_term_string}"},"query-input":{"@type":"PropertyValueSpecification","valueRequired":true,"valueName":"search_term_string"}}],"inLanguage":"sv-SE"},{"@type":"Person","@id":"https:\/\/blogg.svenskakyrkan.se\/akebonnier\/#\/schema\/person\/8db68bc0c94f6a5a62df2d4486ff1343","name":"\u00c5ke Bonnier","image":{"@type":"ImageObject","inLanguage":"sv-SE","@id":"https:\/\/blogg.svenskakyrkan.se\/akebonnier\/#\/schema\/person\/image\/","url":"https:\/\/secure.gravatar.com\/avatar\/b88264736bb0bc0d1ea92298aef02c9f98cfc13c7484130c42c663ae484f9462?s=96&d=mm&r=g","contentUrl":"https:\/\/secure.gravatar.com\/avatar\/b88264736bb0bc0d1ea92298aef02c9f98cfc13c7484130c42c663ae484f9462?s=96&d=mm&r=g","caption":"\u00c5ke Bonnier"},"description":"Jag \u00e4r gift och har tv\u00e5 vuxna d\u00f6ttrar. Pr\u00e4stvigdes 1984 och biskopsvigs 26 augusti 2012 . Jag har tidigare bland annat varit, komminister och kyrkoherde i Liding\u00f6 f\u00f6rsamling och domprost i Stockholms domkyrkof\u00f6rsamling. Jag \u00e4r intresserad av konst, litteratur, teater, film. Jag tr\u00e4nar regelbundet p\u00e5 gym. Mitt huvudsakliga musikintresse \u00e4r klassisk musik men ocks\u00e5 Beatles, Elvis Presley, Monika Zettelund, Povel Ramel och m\u00e5nga andra tycker jag om att lyssna p\u00e5. Jag l\u00e4ser f\u00f6r lite sk\u00f6nlitteratur beroende p\u00e5 annat som jag m\u00e5ste l\u00e4sa i mitt uppdrag som biskop. Men jag \u00e4lskar b\u00f6cker. Naturligtvis l\u00e4ser jag n\u00e4st intill dagligdags i \"B\u00f6ckernas Bok.\"","sameAs":["http:\/\/www.skarastift.se"],"url":"https:\/\/blogg.svenskakyrkan.se\/akebonnier\/author\/akebonnier\/"}]}},"author_meta":{"ID":"108","user_nicename":"akebonnier","user_url":"http:\/\/www.skarastift.se","user_registered":"2011-10-11 09:24:48","display_name":"\u00c5ke Bonnier","first_name":"\u00c5ke","last_name":"Bonnier","avatar":"https:\/\/secure.gravatar.com\/avatar\/b88264736bb0bc0d1ea92298aef02c9f98cfc13c7484130c42c663ae484f9462?s=96&d=mm&r=g"},"featured_image":false,"bloginfo":{"name":"\u00c5ke Bonnier","url":"https:\/\/blogg.svenskakyrkan.se\/akebonnier"},"_links":{"self":[{"href":"https:\/\/blogg.svenskakyrkan.se\/akebonnier\/wp-json\/wp\/v2\/posts\/266","targetHints":{"allow":["GET"]}}],"collection":[{"href":"https:\/\/blogg.svenskakyrkan.se\/akebonnier\/wp-json\/wp\/v2\/posts"}],"about":[{"href":"https:\/\/blogg.svenskakyrkan.se\/akebonnier\/wp-json\/wp\/v2\/types\/post"}],"author":[{"embeddable":true,"href":"https:\/\/blogg.svenskakyrkan.se\/akebonnier\/wp-json\/wp\/v2\/users\/108"}],"replies":[{"embeddable":true,"href":"https:\/\/blogg.svenskakyrkan.se\/akebonnier\/wp-json\/wp\/v2\/comments?post=266"}],"version-history":[{"count":0,"href":"https:\/\/blogg.svenskakyrkan.se\/akebonnier\/wp-json\/wp\/v2\/posts\/266\/revisions"}],"wp:attachment":[{"href":"https:\/\/blogg.svenskakyrkan.se\/akebonnier\/wp-json\/wp\/v2\/media?parent=266"}],"wp:term":[{"taxonomy":"category","embeddable":true,"href":"https:\/\/blogg.svenskakyrkan.se\/akebonnier\/wp-json\/wp\/v2\/categories?post=266"},{"taxonomy":"post_tag","embeddable":true,"href":"https:\/\/blogg.svenskakyrkan.se\/akebonnier\/wp-json\/wp\/v2\/tags?post=266"}],"curies":[{"name":"wp","href":"https:\/\/api.w.org\/{rel}","templated":true}]}}