{"id":271,"date":"2009-07-15T13:31:00","date_gmt":"2009-07-15T13:31:00","guid":{"rendered":"http:\/\/blogg.svenskakyrkan.se\/akebonnier\/2009\/07\/15\/antligen-en-vettig-icketroende-dialogpartner\/"},"modified":"2009-07-15T13:31:00","modified_gmt":"2009-07-15T13:31:00","slug":"antligen-en-vettig-icketroende-dialogpartner","status":"publish","type":"post","link":"https:\/\/blogg.svenskakyrkan.se\/akebonnier\/2009\/07\/15\/antligen-en-vettig-icketroende-dialogpartner\/","title":{"rendered":"\u00c4ntligen en vettig icketroende dialogpartner!"},"content":{"rendered":"<p>Professor Stefan Einhorn inbjuder alla troende (treonde ateister, gudstroende etc) till en \u00f6ppen och schyst debatt kring tron p\u00e5 en h\u00f6gre makt (= Gud, som jag ser det), meningen med livet etc. Han skriver ett agnostiskt manifest p\u00e5 DN-debatt (<a href=\"http:\/\/www.dn.se\/opinion\/debatt\/har-ar-det-agnostiska-manifestet-1.910694\">http:\/\/www.dn.se\/opinion\/debatt\/har-ar-det-agnostiska-manifestet-1.910694<\/a>) Min h\u00e5llning s\u00e4ger mig att all s\u00e4kerhet i tron g\u00e4llande andras uppfattningar \u00e4r livsfarlig. Fundamentalism i alla l\u00e4ger och trosinriktningar leder bara till l\u00e5sningar, exkluderanden o s v. Naturligtvis \u00e4r jag kristen, naturligtvis bek\u00e4nner jag mig till Jesus Kristus och vill, s\u00e5 gott jag kan, f\u00f6lja Honom p\u00e5 det s\u00e4tt som Svenska kyrkan f\u00f6rst\u00e5r den kristna tron och trons v\u00e4g. F\u00f6r mig \u00e4r, som jag skrivit ett otal g\u00e5nger i min blogg, tron p\u00e5 Jesus Kristus som inkarnerad Gud, som historisk person, som en som levt, d\u00f6tt p\u00e5 korset och uppst\u00e5tt fr\u00e5n de d\u00f6da grundv\u00e4sentligt. Gud \u00e4r ocks\u00e5 en levande och verksam Gud. Jesus Kristus \u00e4r, genom den heliga Anden, verksam h\u00e4r och nu, men jag vill vara \u00f6ppen f\u00f6r att andra funnit andra v\u00e4gar och i respekt f\u00f6ra en dialog med dessa. Stefan Einhorn inbjuder p\u00e5 ett klokt och lockande s\u00e4tt till en s\u00e5dan dialog.<\/p>\n<p>Jag skulle vilja fundera \u00f6ver vad Stefan Einhorn menar n\u00e4r han i den f\u00f6rsta punkten g\u00e4llande &#8221;\u00f6ppenhet&#8221; s\u00e4ger:<em> v\u00e5r uppfattning att de andliga livsfr\u00e5gorna ur ett f\u00f6rnuftsm\u00e4ssigt perspektiv inte har besvarats<\/em>. Vad \u00e4r ett f\u00f6rnuftsm\u00e4ssigt svar? Den kristna tron h\u00e4vdar att dess svar, dess innehll \u00e4r f\u00f6rnuftigt, d v s bygger p\u00e5 m\u00e4nskligt, logiskt f\u00f6rnuft och t\u00e4nkande samtidigt som den kristna tron naturligtvis, liksom alla religi\u00f6sa tros\u00e5sk\u00e5dningar, yttrar sig om saker som inte helt kan omfattas av m\u00e4nsklig kunskap. Men att den kristna tron skulle vara of\u00f6rnuftig har jag som kristen sv\u00e5rt att se. Sedan kan man omfatta den f\u00f6rnuftiga tron eller inte omfatta den. Jag respekterar naturligtvis Stefan Einhorns h\u00e5llning men skulle ha velat f\u00e5 lite mer &#8221;k\u00f6tt p\u00e5 benen&#8221; g\u00e4llande det of\u00f6rnuftiga.<\/p>\n<p>I \u00f6vrigt anser jag att  m\u00e5nga av Stefan Einhorns tankar \u00e4r kloka. De v\u00e4drar en annan attityd en dem som de fundamentalistiska Humanisterna tycks omfatta. Deras exkluderande syns\u00e4tt f\u00e5r \u00e5tminstone mig m\u00f6rkr\u00e4dd. M\u00f6rker var ordet&#8230;<\/p>\n<div class=\"blogger-post-footer\"><img width='1' height='1' src='https:\/\/blogger.googleusercontent.com\/tracker\/9055441369901436026-2303459388288465735?l=akebonnier.blogspot.com' alt='' \/><\/div>\n","protected":false},"excerpt":{"rendered":"<p>Professor Stefan Einhorn inbjuder alla troende (treonde ateister, gudstroende etc) till en \u00f6ppen och schyst debatt kring tron p\u00e5 en h\u00f6gre makt (= Gud, som jag ser det), meningen med livet etc. Han skriver ett agnostiskt manifest p\u00e5 DN-debatt (http:\/\/www.dn.se\/opinion\/debatt\/har-ar-det-agnostiska-manifestet-1.910694) Min h\u00e5llning s\u00e4ger mig att all s\u00e4kerhet i tron g\u00e4llande andras uppfattningar \u00e4r livsfarlig. Fundamentalism [&hellip;]<\/p>\n","protected":false},"author":108,"featured_media":0,"comment_status":"open","ping_status":"open","sticky":false,"template":"","format":"standard","meta":{"_acf_changed":false,"footnotes":""},"categories":[16245],"tags":[],"class_list":["post-271","post","type-post","status-publish","format-standard","hentry","category-antligen-en-vettig-icketroende-dialogpartner"],"acf":[],"yoast_head":"<!-- This site is optimized with the Yoast SEO plugin v27.1.1 - https:\/\/yoast.com\/product\/yoast-seo-wordpress\/ -->\n<title>\u00c4ntligen en vettig icketroende dialogpartner! - \u00c5ke Bonnier<\/title>\n<meta name=\"robots\" content=\"index, follow, max-snippet:-1, max-image-preview:large, max-video-preview:-1\" \/>\n<link rel=\"canonical\" href=\"https:\/\/blogg.svenskakyrkan.se\/akebonnier\/2009\/07\/15\/antligen-en-vettig-icketroende-dialogpartner\/\" \/>\n<meta property=\"og:locale\" content=\"sv_SE\" \/>\n<meta property=\"og:type\" content=\"article\" \/>\n<meta property=\"og:title\" content=\"\u00c4ntligen en vettig icketroende dialogpartner! - \u00c5ke Bonnier\" \/>\n<meta property=\"og:description\" content=\"Professor Stefan Einhorn inbjuder alla troende (treonde ateister, gudstroende etc) till en \u00f6ppen och schyst debatt kring tron p\u00e5 en h\u00f6gre makt (= Gud, som jag ser det), meningen med livet etc. Han skriver ett agnostiskt manifest p\u00e5 DN-debatt (http:\/\/www.dn.se\/opinion\/debatt\/har-ar-det-agnostiska-manifestet-1.910694) Min h\u00e5llning s\u00e4ger mig att all s\u00e4kerhet i tron g\u00e4llande andras uppfattningar \u00e4r livsfarlig. Fundamentalism [&hellip;]\" \/>\n<meta property=\"og:url\" content=\"https:\/\/blogg.svenskakyrkan.se\/akebonnier\/2009\/07\/15\/antligen-en-vettig-icketroende-dialogpartner\/\" \/>\n<meta property=\"og:site_name\" content=\"\u00c5ke Bonnier\" \/>\n<meta property=\"article:published_time\" content=\"2009-07-15T13:31:00+00:00\" \/>\n<meta property=\"og:image\" content=\"https:\/\/blogger.googleusercontent.com\/tracker\/9055441369901436026-2303459388288465735?l=akebonnier.blogspot.com\" \/>\n<meta name=\"author\" content=\"\u00c5ke Bonnier\" \/>\n<meta name=\"twitter:card\" content=\"summary_large_image\" \/>\n<meta name=\"twitter:label1\" content=\"Skriven av\" \/>\n\t<meta name=\"twitter:data1\" content=\"\u00c5ke Bonnier\" \/>\n\t<meta name=\"twitter:label2\" content=\"Ber\u00e4knad l\u00e4stid\" \/>\n\t<meta name=\"twitter:data2\" content=\"2 minuter\" \/>\n<script type=\"application\/ld+json\" class=\"yoast-schema-graph\">{\"@context\":\"https:\/\/schema.org\",\"@graph\":[{\"@type\":\"Article\",\"@id\":\"https:\/\/blogg.svenskakyrkan.se\/akebonnier\/2009\/07\/15\/antligen-en-vettig-icketroende-dialogpartner\/#article\",\"isPartOf\":{\"@id\":\"https:\/\/blogg.svenskakyrkan.se\/akebonnier\/2009\/07\/15\/antligen-en-vettig-icketroende-dialogpartner\/\"},\"author\":{\"name\":\"\u00c5ke Bonnier\",\"@id\":\"https:\/\/blogg.svenskakyrkan.se\/akebonnier\/#\/schema\/person\/8db68bc0c94f6a5a62df2d4486ff1343\"},\"headline\":\"\u00c4ntligen en vettig icketroende dialogpartner!\",\"datePublished\":\"2009-07-15T13:31:00+00:00\",\"mainEntityOfPage\":{\"@id\":\"https:\/\/blogg.svenskakyrkan.se\/akebonnier\/2009\/07\/15\/antligen-en-vettig-icketroende-dialogpartner\/\"},\"wordCount\":414,\"commentCount\":6,\"image\":{\"@id\":\"https:\/\/blogg.svenskakyrkan.se\/akebonnier\/2009\/07\/15\/antligen-en-vettig-icketroende-dialogpartner\/#primaryimage\"},\"thumbnailUrl\":\"https:\/\/blogger.googleusercontent.com\/tracker\/9055441369901436026-2303459388288465735?l=akebonnier.blogspot.com\",\"articleSection\":[\"\u00c4ntligen en vettig icketroende dialogpartner\"],\"inLanguage\":\"sv-SE\",\"potentialAction\":[{\"@type\":\"CommentAction\",\"name\":\"Comment\",\"target\":[\"https:\/\/blogg.svenskakyrkan.se\/akebonnier\/2009\/07\/15\/antligen-en-vettig-icketroende-dialogpartner\/#respond\"]}]},{\"@type\":\"WebPage\",\"@id\":\"https:\/\/blogg.svenskakyrkan.se\/akebonnier\/2009\/07\/15\/antligen-en-vettig-icketroende-dialogpartner\/\",\"url\":\"https:\/\/blogg.svenskakyrkan.se\/akebonnier\/2009\/07\/15\/antligen-en-vettig-icketroende-dialogpartner\/\",\"name\":\"\u00c4ntligen en vettig icketroende dialogpartner! - \u00c5ke Bonnier\",\"isPartOf\":{\"@id\":\"https:\/\/blogg.svenskakyrkan.se\/akebonnier\/#website\"},\"primaryImageOfPage\":{\"@id\":\"https:\/\/blogg.svenskakyrkan.se\/akebonnier\/2009\/07\/15\/antligen-en-vettig-icketroende-dialogpartner\/#primaryimage\"},\"image\":{\"@id\":\"https:\/\/blogg.svenskakyrkan.se\/akebonnier\/2009\/07\/15\/antligen-en-vettig-icketroende-dialogpartner\/#primaryimage\"},\"thumbnailUrl\":\"https:\/\/blogger.googleusercontent.com\/tracker\/9055441369901436026-2303459388288465735?l=akebonnier.blogspot.com\",\"datePublished\":\"2009-07-15T13:31:00+00:00\",\"author\":{\"@id\":\"https:\/\/blogg.svenskakyrkan.se\/akebonnier\/#\/schema\/person\/8db68bc0c94f6a5a62df2d4486ff1343\"},\"breadcrumb\":{\"@id\":\"https:\/\/blogg.svenskakyrkan.se\/akebonnier\/2009\/07\/15\/antligen-en-vettig-icketroende-dialogpartner\/#breadcrumb\"},\"inLanguage\":\"sv-SE\",\"potentialAction\":[{\"@type\":\"ReadAction\",\"target\":[\"https:\/\/blogg.svenskakyrkan.se\/akebonnier\/2009\/07\/15\/antligen-en-vettig-icketroende-dialogpartner\/\"]}]},{\"@type\":\"ImageObject\",\"inLanguage\":\"sv-SE\",\"@id\":\"https:\/\/blogg.svenskakyrkan.se\/akebonnier\/2009\/07\/15\/antligen-en-vettig-icketroende-dialogpartner\/#primaryimage\",\"url\":\"https:\/\/blogger.googleusercontent.com\/tracker\/9055441369901436026-2303459388288465735?l=akebonnier.blogspot.com\",\"contentUrl\":\"https:\/\/blogger.googleusercontent.com\/tracker\/9055441369901436026-2303459388288465735?l=akebonnier.blogspot.com\"},{\"@type\":\"BreadcrumbList\",\"@id\":\"https:\/\/blogg.svenskakyrkan.se\/akebonnier\/2009\/07\/15\/antligen-en-vettig-icketroende-dialogpartner\/#breadcrumb\",\"itemListElement\":[{\"@type\":\"ListItem\",\"position\":1,\"name\":\"Hem\",\"item\":\"https:\/\/blogg.svenskakyrkan.se\/akebonnier\/\"},{\"@type\":\"ListItem\",\"position\":2,\"name\":\"\u00c4ntligen en vettig icketroende dialogpartner!\"}]},{\"@type\":\"WebSite\",\"@id\":\"https:\/\/blogg.svenskakyrkan.se\/akebonnier\/#website\",\"url\":\"https:\/\/blogg.svenskakyrkan.se\/akebonnier\/\",\"name\":\"\u00c5ke Bonnier\",\"description\":\"Biskop i Svenska kyrkan - Skara stift\",\"potentialAction\":[{\"@type\":\"SearchAction\",\"target\":{\"@type\":\"EntryPoint\",\"urlTemplate\":\"https:\/\/blogg.svenskakyrkan.se\/akebonnier\/?s={search_term_string}\"},\"query-input\":{\"@type\":\"PropertyValueSpecification\",\"valueRequired\":true,\"valueName\":\"search_term_string\"}}],\"inLanguage\":\"sv-SE\"},{\"@type\":\"Person\",\"@id\":\"https:\/\/blogg.svenskakyrkan.se\/akebonnier\/#\/schema\/person\/8db68bc0c94f6a5a62df2d4486ff1343\",\"name\":\"\u00c5ke Bonnier\",\"image\":{\"@type\":\"ImageObject\",\"inLanguage\":\"sv-SE\",\"@id\":\"https:\/\/blogg.svenskakyrkan.se\/akebonnier\/#\/schema\/person\/image\/\",\"url\":\"https:\/\/secure.gravatar.com\/avatar\/b88264736bb0bc0d1ea92298aef02c9f98cfc13c7484130c42c663ae484f9462?s=96&d=mm&r=g\",\"contentUrl\":\"https:\/\/secure.gravatar.com\/avatar\/b88264736bb0bc0d1ea92298aef02c9f98cfc13c7484130c42c663ae484f9462?s=96&d=mm&r=g\",\"caption\":\"\u00c5ke Bonnier\"},\"description\":\"Jag \u00e4r gift och har tv\u00e5 vuxna d\u00f6ttrar. Pr\u00e4stvigdes 1984 och biskopsvigs 26 augusti 2012 . Jag har tidigare bland annat varit, komminister och kyrkoherde i Liding\u00f6 f\u00f6rsamling och domprost i Stockholms domkyrkof\u00f6rsamling. Jag \u00e4r intresserad av konst, litteratur, teater, film. Jag tr\u00e4nar regelbundet p\u00e5 gym. Mitt huvudsakliga musikintresse \u00e4r klassisk musik men ocks\u00e5 Beatles, Elvis Presley, Monika Zettelund, Povel Ramel och m\u00e5nga andra tycker jag om att lyssna p\u00e5. Jag l\u00e4ser f\u00f6r lite sk\u00f6nlitteratur beroende p\u00e5 annat som jag m\u00e5ste l\u00e4sa i mitt uppdrag som biskop. Men jag \u00e4lskar b\u00f6cker. Naturligtvis l\u00e4ser jag n\u00e4st intill dagligdags i \\\"B\u00f6ckernas Bok.\\\"\",\"sameAs\":[\"http:\/\/www.skarastift.se\"],\"url\":\"https:\/\/blogg.svenskakyrkan.se\/akebonnier\/author\/akebonnier\/\"}]}<\/script>\n<!-- \/ Yoast SEO plugin. -->","yoast_head_json":{"title":"\u00c4ntligen en vettig icketroende dialogpartner! - \u00c5ke Bonnier","robots":{"index":"index","follow":"follow","max-snippet":"max-snippet:-1","max-image-preview":"max-image-preview:large","max-video-preview":"max-video-preview:-1"},"canonical":"https:\/\/blogg.svenskakyrkan.se\/akebonnier\/2009\/07\/15\/antligen-en-vettig-icketroende-dialogpartner\/","og_locale":"sv_SE","og_type":"article","og_title":"\u00c4ntligen en vettig icketroende dialogpartner! - \u00c5ke Bonnier","og_description":"Professor Stefan Einhorn inbjuder alla troende (treonde ateister, gudstroende etc) till en \u00f6ppen och schyst debatt kring tron p\u00e5 en h\u00f6gre makt (= Gud, som jag ser det), meningen med livet etc. Han skriver ett agnostiskt manifest p\u00e5 DN-debatt (http:\/\/www.dn.se\/opinion\/debatt\/har-ar-det-agnostiska-manifestet-1.910694) Min h\u00e5llning s\u00e4ger mig att all s\u00e4kerhet i tron g\u00e4llande andras uppfattningar \u00e4r livsfarlig. Fundamentalism [&hellip;]","og_url":"https:\/\/blogg.svenskakyrkan.se\/akebonnier\/2009\/07\/15\/antligen-en-vettig-icketroende-dialogpartner\/","og_site_name":"\u00c5ke Bonnier","article_published_time":"2009-07-15T13:31:00+00:00","og_image":[{"url":"https:\/\/blogger.googleusercontent.com\/tracker\/9055441369901436026-2303459388288465735?l=akebonnier.blogspot.com","type":"","width":"","height":""}],"author":"\u00c5ke Bonnier","twitter_card":"summary_large_image","twitter_misc":{"Skriven av":"\u00c5ke Bonnier","Ber\u00e4knad l\u00e4stid":"2 minuter"},"schema":{"@context":"https:\/\/schema.org","@graph":[{"@type":"Article","@id":"https:\/\/blogg.svenskakyrkan.se\/akebonnier\/2009\/07\/15\/antligen-en-vettig-icketroende-dialogpartner\/#article","isPartOf":{"@id":"https:\/\/blogg.svenskakyrkan.se\/akebonnier\/2009\/07\/15\/antligen-en-vettig-icketroende-dialogpartner\/"},"author":{"name":"\u00c5ke Bonnier","@id":"https:\/\/blogg.svenskakyrkan.se\/akebonnier\/#\/schema\/person\/8db68bc0c94f6a5a62df2d4486ff1343"},"headline":"\u00c4ntligen en vettig icketroende dialogpartner!","datePublished":"2009-07-15T13:31:00+00:00","mainEntityOfPage":{"@id":"https:\/\/blogg.svenskakyrkan.se\/akebonnier\/2009\/07\/15\/antligen-en-vettig-icketroende-dialogpartner\/"},"wordCount":414,"commentCount":6,"image":{"@id":"https:\/\/blogg.svenskakyrkan.se\/akebonnier\/2009\/07\/15\/antligen-en-vettig-icketroende-dialogpartner\/#primaryimage"},"thumbnailUrl":"https:\/\/blogger.googleusercontent.com\/tracker\/9055441369901436026-2303459388288465735?l=akebonnier.blogspot.com","articleSection":["\u00c4ntligen en vettig icketroende dialogpartner"],"inLanguage":"sv-SE","potentialAction":[{"@type":"CommentAction","name":"Comment","target":["https:\/\/blogg.svenskakyrkan.se\/akebonnier\/2009\/07\/15\/antligen-en-vettig-icketroende-dialogpartner\/#respond"]}]},{"@type":"WebPage","@id":"https:\/\/blogg.svenskakyrkan.se\/akebonnier\/2009\/07\/15\/antligen-en-vettig-icketroende-dialogpartner\/","url":"https:\/\/blogg.svenskakyrkan.se\/akebonnier\/2009\/07\/15\/antligen-en-vettig-icketroende-dialogpartner\/","name":"\u00c4ntligen en vettig icketroende dialogpartner! - \u00c5ke Bonnier","isPartOf":{"@id":"https:\/\/blogg.svenskakyrkan.se\/akebonnier\/#website"},"primaryImageOfPage":{"@id":"https:\/\/blogg.svenskakyrkan.se\/akebonnier\/2009\/07\/15\/antligen-en-vettig-icketroende-dialogpartner\/#primaryimage"},"image":{"@id":"https:\/\/blogg.svenskakyrkan.se\/akebonnier\/2009\/07\/15\/antligen-en-vettig-icketroende-dialogpartner\/#primaryimage"},"thumbnailUrl":"https:\/\/blogger.googleusercontent.com\/tracker\/9055441369901436026-2303459388288465735?l=akebonnier.blogspot.com","datePublished":"2009-07-15T13:31:00+00:00","author":{"@id":"https:\/\/blogg.svenskakyrkan.se\/akebonnier\/#\/schema\/person\/8db68bc0c94f6a5a62df2d4486ff1343"},"breadcrumb":{"@id":"https:\/\/blogg.svenskakyrkan.se\/akebonnier\/2009\/07\/15\/antligen-en-vettig-icketroende-dialogpartner\/#breadcrumb"},"inLanguage":"sv-SE","potentialAction":[{"@type":"ReadAction","target":["https:\/\/blogg.svenskakyrkan.se\/akebonnier\/2009\/07\/15\/antligen-en-vettig-icketroende-dialogpartner\/"]}]},{"@type":"ImageObject","inLanguage":"sv-SE","@id":"https:\/\/blogg.svenskakyrkan.se\/akebonnier\/2009\/07\/15\/antligen-en-vettig-icketroende-dialogpartner\/#primaryimage","url":"https:\/\/blogger.googleusercontent.com\/tracker\/9055441369901436026-2303459388288465735?l=akebonnier.blogspot.com","contentUrl":"https:\/\/blogger.googleusercontent.com\/tracker\/9055441369901436026-2303459388288465735?l=akebonnier.blogspot.com"},{"@type":"BreadcrumbList","@id":"https:\/\/blogg.svenskakyrkan.se\/akebonnier\/2009\/07\/15\/antligen-en-vettig-icketroende-dialogpartner\/#breadcrumb","itemListElement":[{"@type":"ListItem","position":1,"name":"Hem","item":"https:\/\/blogg.svenskakyrkan.se\/akebonnier\/"},{"@type":"ListItem","position":2,"name":"\u00c4ntligen en vettig icketroende dialogpartner!"}]},{"@type":"WebSite","@id":"https:\/\/blogg.svenskakyrkan.se\/akebonnier\/#website","url":"https:\/\/blogg.svenskakyrkan.se\/akebonnier\/","name":"\u00c5ke Bonnier","description":"Biskop i Svenska kyrkan - Skara stift","potentialAction":[{"@type":"SearchAction","target":{"@type":"EntryPoint","urlTemplate":"https:\/\/blogg.svenskakyrkan.se\/akebonnier\/?s={search_term_string}"},"query-input":{"@type":"PropertyValueSpecification","valueRequired":true,"valueName":"search_term_string"}}],"inLanguage":"sv-SE"},{"@type":"Person","@id":"https:\/\/blogg.svenskakyrkan.se\/akebonnier\/#\/schema\/person\/8db68bc0c94f6a5a62df2d4486ff1343","name":"\u00c5ke Bonnier","image":{"@type":"ImageObject","inLanguage":"sv-SE","@id":"https:\/\/blogg.svenskakyrkan.se\/akebonnier\/#\/schema\/person\/image\/","url":"https:\/\/secure.gravatar.com\/avatar\/b88264736bb0bc0d1ea92298aef02c9f98cfc13c7484130c42c663ae484f9462?s=96&d=mm&r=g","contentUrl":"https:\/\/secure.gravatar.com\/avatar\/b88264736bb0bc0d1ea92298aef02c9f98cfc13c7484130c42c663ae484f9462?s=96&d=mm&r=g","caption":"\u00c5ke Bonnier"},"description":"Jag \u00e4r gift och har tv\u00e5 vuxna d\u00f6ttrar. Pr\u00e4stvigdes 1984 och biskopsvigs 26 augusti 2012 . Jag har tidigare bland annat varit, komminister och kyrkoherde i Liding\u00f6 f\u00f6rsamling och domprost i Stockholms domkyrkof\u00f6rsamling. Jag \u00e4r intresserad av konst, litteratur, teater, film. Jag tr\u00e4nar regelbundet p\u00e5 gym. Mitt huvudsakliga musikintresse \u00e4r klassisk musik men ocks\u00e5 Beatles, Elvis Presley, Monika Zettelund, Povel Ramel och m\u00e5nga andra tycker jag om att lyssna p\u00e5. Jag l\u00e4ser f\u00f6r lite sk\u00f6nlitteratur beroende p\u00e5 annat som jag m\u00e5ste l\u00e4sa i mitt uppdrag som biskop. Men jag \u00e4lskar b\u00f6cker. Naturligtvis l\u00e4ser jag n\u00e4st intill dagligdags i \"B\u00f6ckernas Bok.\"","sameAs":["http:\/\/www.skarastift.se"],"url":"https:\/\/blogg.svenskakyrkan.se\/akebonnier\/author\/akebonnier\/"}]}},"author_meta":{"ID":"108","user_nicename":"akebonnier","user_url":"http:\/\/www.skarastift.se","user_registered":"2011-10-11 09:24:48","display_name":"\u00c5ke Bonnier","first_name":"\u00c5ke","last_name":"Bonnier","avatar":"https:\/\/secure.gravatar.com\/avatar\/b88264736bb0bc0d1ea92298aef02c9f98cfc13c7484130c42c663ae484f9462?s=96&d=mm&r=g"},"featured_image":false,"bloginfo":{"name":"\u00c5ke Bonnier","url":"https:\/\/blogg.svenskakyrkan.se\/akebonnier"},"_links":{"self":[{"href":"https:\/\/blogg.svenskakyrkan.se\/akebonnier\/wp-json\/wp\/v2\/posts\/271","targetHints":{"allow":["GET"]}}],"collection":[{"href":"https:\/\/blogg.svenskakyrkan.se\/akebonnier\/wp-json\/wp\/v2\/posts"}],"about":[{"href":"https:\/\/blogg.svenskakyrkan.se\/akebonnier\/wp-json\/wp\/v2\/types\/post"}],"author":[{"embeddable":true,"href":"https:\/\/blogg.svenskakyrkan.se\/akebonnier\/wp-json\/wp\/v2\/users\/108"}],"replies":[{"embeddable":true,"href":"https:\/\/blogg.svenskakyrkan.se\/akebonnier\/wp-json\/wp\/v2\/comments?post=271"}],"version-history":[{"count":0,"href":"https:\/\/blogg.svenskakyrkan.se\/akebonnier\/wp-json\/wp\/v2\/posts\/271\/revisions"}],"wp:attachment":[{"href":"https:\/\/blogg.svenskakyrkan.se\/akebonnier\/wp-json\/wp\/v2\/media?parent=271"}],"wp:term":[{"taxonomy":"category","embeddable":true,"href":"https:\/\/blogg.svenskakyrkan.se\/akebonnier\/wp-json\/wp\/v2\/categories?post=271"},{"taxonomy":"post_tag","embeddable":true,"href":"https:\/\/blogg.svenskakyrkan.se\/akebonnier\/wp-json\/wp\/v2\/tags?post=271"}],"curies":[{"name":"wp","href":"https:\/\/api.w.org\/{rel}","templated":true}]}}