{"id":276,"date":"2009-07-25T11:00:00","date_gmt":"2009-07-25T11:00:00","guid":{"rendered":"http:\/\/blogg.svenskakyrkan.se\/akebonnier\/2009\/07\/25\/omskarelse-eller-inte-omskarelse-det-ar-fragan\/"},"modified":"2009-07-25T11:00:00","modified_gmt":"2009-07-25T11:00:00","slug":"omskarelse-eller-inte-omskarelse-det-ar-fragan","status":"publish","type":"post","link":"https:\/\/blogg.svenskakyrkan.se\/akebonnier\/2009\/07\/25\/omskarelse-eller-inte-omskarelse-det-ar-fragan\/","title":{"rendered":"Omsk\u00e4relse eller inte omsk\u00e4relse &#8211; det \u00e4r fr\u00e5gan!"},"content":{"rendered":"<p>Idag skriver DN om manlig omsk\u00e4relse (igen!). Dagens Nyheter skriver att 12 av 21 landsting och v\u00e5rdregioner inte vill utf\u00f6ra omsk\u00e4relse p\u00e5 icke medicinska grunder. Ett barn som <span class=\"blsp-spelling-error\">omsk\u00e4rs<\/span> stympas, uts\u00e4tts f\u00f6r sm\u00e4rta och har <span class=\"blsp-spelling-corrected\">sj\u00e4lv<\/span> ingen m\u00f6jlighet att yttra sig. Man kan f\u00f6rst\u00e5 att l\u00e4kare inte vill omsk\u00e4ra med den typen av logiskt resonemang. Samtidigt kan man fr\u00e5ga sig varf\u00f6r detta kommit upp just nu och inte l\u00e5ngt tidigare i historien n\u00e4r l\u00e4kare faktiskt <span class=\"blsp-spelling-corrected\">utf\u00f6rt<\/span> omsk\u00e4relse p\u00e5 judiska bebisar (8 dagar gamla). Jag undrar ocks\u00e5 \u00f6ver varf\u00f6r inte religi\u00f6sa sk\u00e4l f\u00e5r spela en viss roll, v\u00e4ga n\u00e5got i debatten n\u00e4r dessa pojkar just <span class=\"blsp-spelling-error\">omsk\u00e4rs<\/span> av religi\u00f6sa sk\u00e4l och omsk\u00e4relsen inte leder till fysiska <span class=\"blsp-spelling-corrected\">handikapp<\/span> eller psykiska men. F\u00f6r 3000 \u00e5r sedan startade <span class=\"blsp-spelling-corrected\">traditionen<\/span>  med omsk\u00e4relse. Den p\u00e5g\u00e5r \u00e4n idag runt om i v\u00e4rlden och s\u00e5 ocks\u00e5 i Sverige. Det finns <span class=\"blsp-spelling-error\">moheler<\/span>, <span class=\"blsp-spelling-error\">omsk\u00e4rare<\/span>, som \u00e4r professionella och som har socialstyrelsens tillst\u00e5nd. Regeringen har godk\u00e4nt att pojkbebisar f\u00e5r omsk\u00e4ras under vissa f\u00f6ruts\u00e4ttningar som nu mer uppfylls i den m\u00e5n man inte \u00e4gnar sig \u00e5t illegal omsk\u00e4relse (k\u00f6ksbordskirurgi&#8230;).<\/p>\n<p>Jag menar att debatten m\u00e5ste inrymma <span class=\"blsp-spelling-error\">religionsargument.<\/span> Vi har <span class=\"blsp-spelling-error\">religionsfrihet<\/span> i Sverige. Den handling som nu <span class=\"blsp-spelling-corrected\">debatteras<\/span> \u00e4r <span class=\"blsp-spelling-corrected\">livsviktig<\/span> f\u00f6r praktiserande judiska familjer. Om detta blir om\u00f6jligt att genomf\u00f6ra i Sverige finns det tv\u00e5 v\u00e4gar vidare. Den ena \u00e4r att judar tvingas utomlands och det andra \u00e4r ut\u00f6kat antal k\u00f6ksbordsoperationer. Jag anar en doft fr\u00e5n det tidiga 1940-talet.<\/p>\n<p>Vi som kristna m\u00e5ste v\u00e5ga st\u00e5 upp f\u00f6r andra religioners r\u00e4tt att utf\u00f6ra sina handlingar som inte handlar om att skada n\u00e5gon annan men som \u00e4r viktig f\u00f6r en familj. Det handlar inte om att st\u00e5 f\u00f6r <span class=\"blsp-spelling-corrected\">kvinnlig<\/span> <span class=\"blsp-spelling-error\">k\u00f6nsstympning<\/span> som de facto skadar kvinnor. Det handlar inte om att st\u00e5 upp f\u00f6r misshandel eller att st\u00e5 upp f\u00f6r andra fasansfulla saker. Men mig veterligen \u00e4r inte borttagande av en bit av f\u00f6rhuden en <span class=\"blsp-spelling-error\">k\u00f6nsstympning.<\/span> De facto \u00e4r det heller inte funktionsneds\u00e4ttande men viktigt f\u00f6r den judiska identiteten.<\/p>\n<p>Om nu inte landstingen vill st\u00e4lla upp gratis kan \u00e4ven jag tycka att det \u00e4r rimligt att man f\u00e5r betala f\u00f6r omsk\u00e4relsen. samtidigt blir det orimligt att s\u00e4ga till en vanlig judisk familj att man ska betala 10.000 kr f\u00f6r omsk\u00e4relse. Det \u00e4r som att s\u00e4ga att vi g\u00f6r det om Du kan skramla ihop pengarna &#8211; annars f\u00e5r Ditt barn avst\u00e5 fr\u00e5n sin livsviktigaidentitet&#8230;<\/p>\n<p>Vilken m\u00f6jlighet finns det att utbilda fler <span class=\"blsp-spelling-error\">moheler<\/span> eller andra som med medicinsk assistans kan utf\u00f6ra dessa omsk\u00e4relser.<\/p>\n<p>En annan fr\u00e5ga \u00e4r ju sedan <span class=\"blsp-spelling-error\">muslimska<\/span> barn som inte s\u00e5 s\u00e4llan <span class=\"blsp-spelling-error\">omsk\u00e4rs<\/span> vid h\u00f6gre \u00e5lder. D\u00e4r borde barnet kanske tillfr\u00e5gas&#8230;?<\/p>\n<p>Jag inser att fr\u00e5gan \u00e4r komplicerad men jag vill ha in de religi\u00f6sa argumenten d\u00e4rf\u00f6r att de \u00e4r s\u00e5 viktiga f\u00f6r oss som bek\u00e4nner oss till en religion.<\/p>\n<div class=\"blogger-post-footer\"><img width='1' height='1' src='https:\/\/blogger.googleusercontent.com\/tracker\/9055441369901436026-2376192797169557051?l=akebonnier.blogspot.com' alt='' \/><\/div>\n","protected":false},"excerpt":{"rendered":"<p>Idag skriver DN om manlig omsk\u00e4relse (igen!). Dagens Nyheter skriver att 12 av 21 landsting och v\u00e5rdregioner inte vill utf\u00f6ra omsk\u00e4relse p\u00e5 icke medicinska grunder. Ett barn som omsk\u00e4rs stympas, uts\u00e4tts f\u00f6r sm\u00e4rta och har sj\u00e4lv ingen m\u00f6jlighet att yttra sig. Man kan f\u00f6rst\u00e5 att l\u00e4kare inte vill omsk\u00e4ra med den typen av logiskt resonemang. [&hellip;]<\/p>\n","protected":false},"author":108,"featured_media":0,"comment_status":"open","ping_status":"open","sticky":false,"template":"","format":"standard","meta":{"_acf_changed":false,"footnotes":""},"categories":[16250],"tags":[],"class_list":["post-276","post","type-post","status-publish","format-standard","hentry","category-omskarelse-eller-inte-omskarelse-det-ar-fragan"],"acf":[],"yoast_head":"<!-- This site is optimized with the Yoast SEO plugin v27.1.1 - https:\/\/yoast.com\/product\/yoast-seo-wordpress\/ -->\n<title>Omsk\u00e4relse eller inte omsk\u00e4relse - det \u00e4r fr\u00e5gan! - \u00c5ke Bonnier<\/title>\n<meta name=\"robots\" content=\"index, follow, max-snippet:-1, max-image-preview:large, max-video-preview:-1\" \/>\n<link rel=\"canonical\" href=\"https:\/\/blogg.svenskakyrkan.se\/akebonnier\/2009\/07\/25\/omskarelse-eller-inte-omskarelse-det-ar-fragan\/\" \/>\n<meta property=\"og:locale\" content=\"sv_SE\" \/>\n<meta property=\"og:type\" content=\"article\" \/>\n<meta property=\"og:title\" content=\"Omsk\u00e4relse eller inte omsk\u00e4relse - det \u00e4r fr\u00e5gan! - \u00c5ke Bonnier\" \/>\n<meta property=\"og:description\" content=\"Idag skriver DN om manlig omsk\u00e4relse (igen!). Dagens Nyheter skriver att 12 av 21 landsting och v\u00e5rdregioner inte vill utf\u00f6ra omsk\u00e4relse p\u00e5 icke medicinska grunder. Ett barn som omsk\u00e4rs stympas, uts\u00e4tts f\u00f6r sm\u00e4rta och har sj\u00e4lv ingen m\u00f6jlighet att yttra sig. Man kan f\u00f6rst\u00e5 att l\u00e4kare inte vill omsk\u00e4ra med den typen av logiskt resonemang. [&hellip;]\" \/>\n<meta property=\"og:url\" content=\"https:\/\/blogg.svenskakyrkan.se\/akebonnier\/2009\/07\/25\/omskarelse-eller-inte-omskarelse-det-ar-fragan\/\" \/>\n<meta property=\"og:site_name\" content=\"\u00c5ke Bonnier\" \/>\n<meta property=\"article:published_time\" content=\"2009-07-25T11:00:00+00:00\" \/>\n<meta property=\"og:image\" content=\"https:\/\/blogger.googleusercontent.com\/tracker\/9055441369901436026-2376192797169557051?l=akebonnier.blogspot.com\" \/>\n<meta name=\"author\" content=\"\u00c5ke Bonnier\" \/>\n<meta name=\"twitter:card\" content=\"summary_large_image\" \/>\n<meta name=\"twitter:label1\" content=\"Skriven av\" \/>\n\t<meta name=\"twitter:data1\" content=\"\u00c5ke Bonnier\" \/>\n\t<meta name=\"twitter:label2\" content=\"Ber\u00e4knad l\u00e4stid\" \/>\n\t<meta name=\"twitter:data2\" content=\"3 minuter\" \/>\n<script type=\"application\/ld+json\" class=\"yoast-schema-graph\">{\"@context\":\"https:\/\/schema.org\",\"@graph\":[{\"@type\":\"Article\",\"@id\":\"https:\/\/blogg.svenskakyrkan.se\/akebonnier\/2009\/07\/25\/omskarelse-eller-inte-omskarelse-det-ar-fragan\/#article\",\"isPartOf\":{\"@id\":\"https:\/\/blogg.svenskakyrkan.se\/akebonnier\/2009\/07\/25\/omskarelse-eller-inte-omskarelse-det-ar-fragan\/\"},\"author\":{\"name\":\"\u00c5ke Bonnier\",\"@id\":\"https:\/\/blogg.svenskakyrkan.se\/akebonnier\/#\/schema\/person\/8db68bc0c94f6a5a62df2d4486ff1343\"},\"headline\":\"Omsk\u00e4relse eller inte omsk\u00e4relse &#8211; det \u00e4r fr\u00e5gan!\",\"datePublished\":\"2009-07-25T11:00:00+00:00\",\"mainEntityOfPage\":{\"@id\":\"https:\/\/blogg.svenskakyrkan.se\/akebonnier\/2009\/07\/25\/omskarelse-eller-inte-omskarelse-det-ar-fragan\/\"},\"wordCount\":554,\"commentCount\":8,\"image\":{\"@id\":\"https:\/\/blogg.svenskakyrkan.se\/akebonnier\/2009\/07\/25\/omskarelse-eller-inte-omskarelse-det-ar-fragan\/#primaryimage\"},\"thumbnailUrl\":\"https:\/\/blogger.googleusercontent.com\/tracker\/9055441369901436026-2376192797169557051?l=akebonnier.blogspot.com\",\"articleSection\":[\"Omsk\u00e4relse eller inte omsk\u00e4relse - det \u00e4r fr\u00e5gan\"],\"inLanguage\":\"sv-SE\",\"potentialAction\":[{\"@type\":\"CommentAction\",\"name\":\"Comment\",\"target\":[\"https:\/\/blogg.svenskakyrkan.se\/akebonnier\/2009\/07\/25\/omskarelse-eller-inte-omskarelse-det-ar-fragan\/#respond\"]}]},{\"@type\":\"WebPage\",\"@id\":\"https:\/\/blogg.svenskakyrkan.se\/akebonnier\/2009\/07\/25\/omskarelse-eller-inte-omskarelse-det-ar-fragan\/\",\"url\":\"https:\/\/blogg.svenskakyrkan.se\/akebonnier\/2009\/07\/25\/omskarelse-eller-inte-omskarelse-det-ar-fragan\/\",\"name\":\"Omsk\u00e4relse eller inte omsk\u00e4relse - det \u00e4r fr\u00e5gan! - \u00c5ke Bonnier\",\"isPartOf\":{\"@id\":\"https:\/\/blogg.svenskakyrkan.se\/akebonnier\/#website\"},\"primaryImageOfPage\":{\"@id\":\"https:\/\/blogg.svenskakyrkan.se\/akebonnier\/2009\/07\/25\/omskarelse-eller-inte-omskarelse-det-ar-fragan\/#primaryimage\"},\"image\":{\"@id\":\"https:\/\/blogg.svenskakyrkan.se\/akebonnier\/2009\/07\/25\/omskarelse-eller-inte-omskarelse-det-ar-fragan\/#primaryimage\"},\"thumbnailUrl\":\"https:\/\/blogger.googleusercontent.com\/tracker\/9055441369901436026-2376192797169557051?l=akebonnier.blogspot.com\",\"datePublished\":\"2009-07-25T11:00:00+00:00\",\"author\":{\"@id\":\"https:\/\/blogg.svenskakyrkan.se\/akebonnier\/#\/schema\/person\/8db68bc0c94f6a5a62df2d4486ff1343\"},\"breadcrumb\":{\"@id\":\"https:\/\/blogg.svenskakyrkan.se\/akebonnier\/2009\/07\/25\/omskarelse-eller-inte-omskarelse-det-ar-fragan\/#breadcrumb\"},\"inLanguage\":\"sv-SE\",\"potentialAction\":[{\"@type\":\"ReadAction\",\"target\":[\"https:\/\/blogg.svenskakyrkan.se\/akebonnier\/2009\/07\/25\/omskarelse-eller-inte-omskarelse-det-ar-fragan\/\"]}]},{\"@type\":\"ImageObject\",\"inLanguage\":\"sv-SE\",\"@id\":\"https:\/\/blogg.svenskakyrkan.se\/akebonnier\/2009\/07\/25\/omskarelse-eller-inte-omskarelse-det-ar-fragan\/#primaryimage\",\"url\":\"https:\/\/blogger.googleusercontent.com\/tracker\/9055441369901436026-2376192797169557051?l=akebonnier.blogspot.com\",\"contentUrl\":\"https:\/\/blogger.googleusercontent.com\/tracker\/9055441369901436026-2376192797169557051?l=akebonnier.blogspot.com\"},{\"@type\":\"BreadcrumbList\",\"@id\":\"https:\/\/blogg.svenskakyrkan.se\/akebonnier\/2009\/07\/25\/omskarelse-eller-inte-omskarelse-det-ar-fragan\/#breadcrumb\",\"itemListElement\":[{\"@type\":\"ListItem\",\"position\":1,\"name\":\"Hem\",\"item\":\"https:\/\/blogg.svenskakyrkan.se\/akebonnier\/\"},{\"@type\":\"ListItem\",\"position\":2,\"name\":\"Omsk\u00e4relse eller inte omsk\u00e4relse &#8211; det \u00e4r fr\u00e5gan!\"}]},{\"@type\":\"WebSite\",\"@id\":\"https:\/\/blogg.svenskakyrkan.se\/akebonnier\/#website\",\"url\":\"https:\/\/blogg.svenskakyrkan.se\/akebonnier\/\",\"name\":\"\u00c5ke Bonnier\",\"description\":\"Biskop i Svenska kyrkan - Skara stift\",\"potentialAction\":[{\"@type\":\"SearchAction\",\"target\":{\"@type\":\"EntryPoint\",\"urlTemplate\":\"https:\/\/blogg.svenskakyrkan.se\/akebonnier\/?s={search_term_string}\"},\"query-input\":{\"@type\":\"PropertyValueSpecification\",\"valueRequired\":true,\"valueName\":\"search_term_string\"}}],\"inLanguage\":\"sv-SE\"},{\"@type\":\"Person\",\"@id\":\"https:\/\/blogg.svenskakyrkan.se\/akebonnier\/#\/schema\/person\/8db68bc0c94f6a5a62df2d4486ff1343\",\"name\":\"\u00c5ke Bonnier\",\"image\":{\"@type\":\"ImageObject\",\"inLanguage\":\"sv-SE\",\"@id\":\"https:\/\/blogg.svenskakyrkan.se\/akebonnier\/#\/schema\/person\/image\/\",\"url\":\"https:\/\/secure.gravatar.com\/avatar\/b88264736bb0bc0d1ea92298aef02c9f98cfc13c7484130c42c663ae484f9462?s=96&d=mm&r=g\",\"contentUrl\":\"https:\/\/secure.gravatar.com\/avatar\/b88264736bb0bc0d1ea92298aef02c9f98cfc13c7484130c42c663ae484f9462?s=96&d=mm&r=g\",\"caption\":\"\u00c5ke Bonnier\"},\"description\":\"Jag \u00e4r gift och har tv\u00e5 vuxna d\u00f6ttrar. Pr\u00e4stvigdes 1984 och biskopsvigs 26 augusti 2012 . Jag har tidigare bland annat varit, komminister och kyrkoherde i Liding\u00f6 f\u00f6rsamling och domprost i Stockholms domkyrkof\u00f6rsamling. Jag \u00e4r intresserad av konst, litteratur, teater, film. Jag tr\u00e4nar regelbundet p\u00e5 gym. Mitt huvudsakliga musikintresse \u00e4r klassisk musik men ocks\u00e5 Beatles, Elvis Presley, Monika Zettelund, Povel Ramel och m\u00e5nga andra tycker jag om att lyssna p\u00e5. Jag l\u00e4ser f\u00f6r lite sk\u00f6nlitteratur beroende p\u00e5 annat som jag m\u00e5ste l\u00e4sa i mitt uppdrag som biskop. Men jag \u00e4lskar b\u00f6cker. Naturligtvis l\u00e4ser jag n\u00e4st intill dagligdags i \\\"B\u00f6ckernas Bok.\\\"\",\"sameAs\":[\"http:\/\/www.skarastift.se\"],\"url\":\"https:\/\/blogg.svenskakyrkan.se\/akebonnier\/author\/akebonnier\/\"}]}<\/script>\n<!-- \/ Yoast SEO plugin. -->","yoast_head_json":{"title":"Omsk\u00e4relse eller inte omsk\u00e4relse - det \u00e4r fr\u00e5gan! - \u00c5ke Bonnier","robots":{"index":"index","follow":"follow","max-snippet":"max-snippet:-1","max-image-preview":"max-image-preview:large","max-video-preview":"max-video-preview:-1"},"canonical":"https:\/\/blogg.svenskakyrkan.se\/akebonnier\/2009\/07\/25\/omskarelse-eller-inte-omskarelse-det-ar-fragan\/","og_locale":"sv_SE","og_type":"article","og_title":"Omsk\u00e4relse eller inte omsk\u00e4relse - det \u00e4r fr\u00e5gan! - \u00c5ke Bonnier","og_description":"Idag skriver DN om manlig omsk\u00e4relse (igen!). Dagens Nyheter skriver att 12 av 21 landsting och v\u00e5rdregioner inte vill utf\u00f6ra omsk\u00e4relse p\u00e5 icke medicinska grunder. Ett barn som omsk\u00e4rs stympas, uts\u00e4tts f\u00f6r sm\u00e4rta och har sj\u00e4lv ingen m\u00f6jlighet att yttra sig. Man kan f\u00f6rst\u00e5 att l\u00e4kare inte vill omsk\u00e4ra med den typen av logiskt resonemang. [&hellip;]","og_url":"https:\/\/blogg.svenskakyrkan.se\/akebonnier\/2009\/07\/25\/omskarelse-eller-inte-omskarelse-det-ar-fragan\/","og_site_name":"\u00c5ke Bonnier","article_published_time":"2009-07-25T11:00:00+00:00","og_image":[{"url":"https:\/\/blogger.googleusercontent.com\/tracker\/9055441369901436026-2376192797169557051?l=akebonnier.blogspot.com","type":"","width":"","height":""}],"author":"\u00c5ke Bonnier","twitter_card":"summary_large_image","twitter_misc":{"Skriven av":"\u00c5ke Bonnier","Ber\u00e4knad l\u00e4stid":"3 minuter"},"schema":{"@context":"https:\/\/schema.org","@graph":[{"@type":"Article","@id":"https:\/\/blogg.svenskakyrkan.se\/akebonnier\/2009\/07\/25\/omskarelse-eller-inte-omskarelse-det-ar-fragan\/#article","isPartOf":{"@id":"https:\/\/blogg.svenskakyrkan.se\/akebonnier\/2009\/07\/25\/omskarelse-eller-inte-omskarelse-det-ar-fragan\/"},"author":{"name":"\u00c5ke Bonnier","@id":"https:\/\/blogg.svenskakyrkan.se\/akebonnier\/#\/schema\/person\/8db68bc0c94f6a5a62df2d4486ff1343"},"headline":"Omsk\u00e4relse eller inte omsk\u00e4relse &#8211; det \u00e4r fr\u00e5gan!","datePublished":"2009-07-25T11:00:00+00:00","mainEntityOfPage":{"@id":"https:\/\/blogg.svenskakyrkan.se\/akebonnier\/2009\/07\/25\/omskarelse-eller-inte-omskarelse-det-ar-fragan\/"},"wordCount":554,"commentCount":8,"image":{"@id":"https:\/\/blogg.svenskakyrkan.se\/akebonnier\/2009\/07\/25\/omskarelse-eller-inte-omskarelse-det-ar-fragan\/#primaryimage"},"thumbnailUrl":"https:\/\/blogger.googleusercontent.com\/tracker\/9055441369901436026-2376192797169557051?l=akebonnier.blogspot.com","articleSection":["Omsk\u00e4relse eller inte omsk\u00e4relse - det \u00e4r fr\u00e5gan"],"inLanguage":"sv-SE","potentialAction":[{"@type":"CommentAction","name":"Comment","target":["https:\/\/blogg.svenskakyrkan.se\/akebonnier\/2009\/07\/25\/omskarelse-eller-inte-omskarelse-det-ar-fragan\/#respond"]}]},{"@type":"WebPage","@id":"https:\/\/blogg.svenskakyrkan.se\/akebonnier\/2009\/07\/25\/omskarelse-eller-inte-omskarelse-det-ar-fragan\/","url":"https:\/\/blogg.svenskakyrkan.se\/akebonnier\/2009\/07\/25\/omskarelse-eller-inte-omskarelse-det-ar-fragan\/","name":"Omsk\u00e4relse eller inte omsk\u00e4relse - det \u00e4r fr\u00e5gan! - \u00c5ke Bonnier","isPartOf":{"@id":"https:\/\/blogg.svenskakyrkan.se\/akebonnier\/#website"},"primaryImageOfPage":{"@id":"https:\/\/blogg.svenskakyrkan.se\/akebonnier\/2009\/07\/25\/omskarelse-eller-inte-omskarelse-det-ar-fragan\/#primaryimage"},"image":{"@id":"https:\/\/blogg.svenskakyrkan.se\/akebonnier\/2009\/07\/25\/omskarelse-eller-inte-omskarelse-det-ar-fragan\/#primaryimage"},"thumbnailUrl":"https:\/\/blogger.googleusercontent.com\/tracker\/9055441369901436026-2376192797169557051?l=akebonnier.blogspot.com","datePublished":"2009-07-25T11:00:00+00:00","author":{"@id":"https:\/\/blogg.svenskakyrkan.se\/akebonnier\/#\/schema\/person\/8db68bc0c94f6a5a62df2d4486ff1343"},"breadcrumb":{"@id":"https:\/\/blogg.svenskakyrkan.se\/akebonnier\/2009\/07\/25\/omskarelse-eller-inte-omskarelse-det-ar-fragan\/#breadcrumb"},"inLanguage":"sv-SE","potentialAction":[{"@type":"ReadAction","target":["https:\/\/blogg.svenskakyrkan.se\/akebonnier\/2009\/07\/25\/omskarelse-eller-inte-omskarelse-det-ar-fragan\/"]}]},{"@type":"ImageObject","inLanguage":"sv-SE","@id":"https:\/\/blogg.svenskakyrkan.se\/akebonnier\/2009\/07\/25\/omskarelse-eller-inte-omskarelse-det-ar-fragan\/#primaryimage","url":"https:\/\/blogger.googleusercontent.com\/tracker\/9055441369901436026-2376192797169557051?l=akebonnier.blogspot.com","contentUrl":"https:\/\/blogger.googleusercontent.com\/tracker\/9055441369901436026-2376192797169557051?l=akebonnier.blogspot.com"},{"@type":"BreadcrumbList","@id":"https:\/\/blogg.svenskakyrkan.se\/akebonnier\/2009\/07\/25\/omskarelse-eller-inte-omskarelse-det-ar-fragan\/#breadcrumb","itemListElement":[{"@type":"ListItem","position":1,"name":"Hem","item":"https:\/\/blogg.svenskakyrkan.se\/akebonnier\/"},{"@type":"ListItem","position":2,"name":"Omsk\u00e4relse eller inte omsk\u00e4relse &#8211; det \u00e4r fr\u00e5gan!"}]},{"@type":"WebSite","@id":"https:\/\/blogg.svenskakyrkan.se\/akebonnier\/#website","url":"https:\/\/blogg.svenskakyrkan.se\/akebonnier\/","name":"\u00c5ke Bonnier","description":"Biskop i Svenska kyrkan - Skara stift","potentialAction":[{"@type":"SearchAction","target":{"@type":"EntryPoint","urlTemplate":"https:\/\/blogg.svenskakyrkan.se\/akebonnier\/?s={search_term_string}"},"query-input":{"@type":"PropertyValueSpecification","valueRequired":true,"valueName":"search_term_string"}}],"inLanguage":"sv-SE"},{"@type":"Person","@id":"https:\/\/blogg.svenskakyrkan.se\/akebonnier\/#\/schema\/person\/8db68bc0c94f6a5a62df2d4486ff1343","name":"\u00c5ke Bonnier","image":{"@type":"ImageObject","inLanguage":"sv-SE","@id":"https:\/\/blogg.svenskakyrkan.se\/akebonnier\/#\/schema\/person\/image\/","url":"https:\/\/secure.gravatar.com\/avatar\/b88264736bb0bc0d1ea92298aef02c9f98cfc13c7484130c42c663ae484f9462?s=96&d=mm&r=g","contentUrl":"https:\/\/secure.gravatar.com\/avatar\/b88264736bb0bc0d1ea92298aef02c9f98cfc13c7484130c42c663ae484f9462?s=96&d=mm&r=g","caption":"\u00c5ke Bonnier"},"description":"Jag \u00e4r gift och har tv\u00e5 vuxna d\u00f6ttrar. Pr\u00e4stvigdes 1984 och biskopsvigs 26 augusti 2012 . Jag har tidigare bland annat varit, komminister och kyrkoherde i Liding\u00f6 f\u00f6rsamling och domprost i Stockholms domkyrkof\u00f6rsamling. Jag \u00e4r intresserad av konst, litteratur, teater, film. Jag tr\u00e4nar regelbundet p\u00e5 gym. Mitt huvudsakliga musikintresse \u00e4r klassisk musik men ocks\u00e5 Beatles, Elvis Presley, Monika Zettelund, Povel Ramel och m\u00e5nga andra tycker jag om att lyssna p\u00e5. Jag l\u00e4ser f\u00f6r lite sk\u00f6nlitteratur beroende p\u00e5 annat som jag m\u00e5ste l\u00e4sa i mitt uppdrag som biskop. Men jag \u00e4lskar b\u00f6cker. Naturligtvis l\u00e4ser jag n\u00e4st intill dagligdags i \"B\u00f6ckernas Bok.\"","sameAs":["http:\/\/www.skarastift.se"],"url":"https:\/\/blogg.svenskakyrkan.se\/akebonnier\/author\/akebonnier\/"}]}},"author_meta":{"ID":"108","user_nicename":"akebonnier","user_url":"http:\/\/www.skarastift.se","user_registered":"2011-10-11 09:24:48","display_name":"\u00c5ke Bonnier","first_name":"\u00c5ke","last_name":"Bonnier","avatar":"https:\/\/secure.gravatar.com\/avatar\/b88264736bb0bc0d1ea92298aef02c9f98cfc13c7484130c42c663ae484f9462?s=96&d=mm&r=g"},"featured_image":false,"bloginfo":{"name":"\u00c5ke Bonnier","url":"https:\/\/blogg.svenskakyrkan.se\/akebonnier"},"_links":{"self":[{"href":"https:\/\/blogg.svenskakyrkan.se\/akebonnier\/wp-json\/wp\/v2\/posts\/276","targetHints":{"allow":["GET"]}}],"collection":[{"href":"https:\/\/blogg.svenskakyrkan.se\/akebonnier\/wp-json\/wp\/v2\/posts"}],"about":[{"href":"https:\/\/blogg.svenskakyrkan.se\/akebonnier\/wp-json\/wp\/v2\/types\/post"}],"author":[{"embeddable":true,"href":"https:\/\/blogg.svenskakyrkan.se\/akebonnier\/wp-json\/wp\/v2\/users\/108"}],"replies":[{"embeddable":true,"href":"https:\/\/blogg.svenskakyrkan.se\/akebonnier\/wp-json\/wp\/v2\/comments?post=276"}],"version-history":[{"count":0,"href":"https:\/\/blogg.svenskakyrkan.se\/akebonnier\/wp-json\/wp\/v2\/posts\/276\/revisions"}],"wp:attachment":[{"href":"https:\/\/blogg.svenskakyrkan.se\/akebonnier\/wp-json\/wp\/v2\/media?parent=276"}],"wp:term":[{"taxonomy":"category","embeddable":true,"href":"https:\/\/blogg.svenskakyrkan.se\/akebonnier\/wp-json\/wp\/v2\/categories?post=276"},{"taxonomy":"post_tag","embeddable":true,"href":"https:\/\/blogg.svenskakyrkan.se\/akebonnier\/wp-json\/wp\/v2\/tags?post=276"}],"curies":[{"name":"wp","href":"https:\/\/api.w.org\/{rel}","templated":true}]}}