{"id":283,"date":"2009-08-07T04:14:00","date_gmt":"2009-08-07T04:14:00","guid":{"rendered":"http:\/\/blogg.svenskakyrkan.se\/akebonnier\/2009\/08\/07\/hiroshima\/"},"modified":"2009-08-07T04:14:00","modified_gmt":"2009-08-07T04:14:00","slug":"hiroshima","status":"publish","type":"post","link":"https:\/\/blogg.svenskakyrkan.se\/akebonnier\/2009\/08\/07\/hiroshima\/","title":{"rendered":"Hiroshima!"},"content":{"rendered":"<p>Den 6 augusti 1945 f\u00e4lldes den f\u00f6rsta atombomben \u00f6ver Japan. 140.000 m\u00e4nniskor dog direkt eller av sviterna av bombangreppet. 3 dagar senare f\u00f6ll ytterligare en bomb som d\u00f6dade 70.000 m\u00e4nniskor. Sedan dess har inga atombomber anv\u00e4nds i krig, men k\u00e4rnvapenbest\u00e5ndet i v\u00e4rlden r\u00e4cker f\u00f6r att spr\u00e4nga v\u00e5rt jordklot ett antal g\u00e5nger.<\/p>\n<p>I g\u00e5r kv\u00e4ll hade vi en minnesstund i Storkyrkan med anledning av Hiroshimadagen. Visst handlar det om att minnas, men det handlar i h\u00f6g grad ocks\u00e5 om att st\u00e5 upp mot allt vad k\u00e4rnvapen heter. Kyrkans r\u00f6st m\u00e5ste vara en fredens r\u00f6st och som s\u00e5dan en viktig r\u00f6st ocks\u00e5 i detta sammanhang.<\/p>\n<p>I v\u00e5rt fall i Storkyrkan anordnades minnesstunden av L\u00e4kare mot k\u00e4rnvapen och Stockholms domkyrkof\u00f6rsamling. Svenska L\u00e4kare mot K\u00e4rnvapens utm\u00e4rkelse f\u00f6r betydande insatser i arbetet f\u00f6r en k\u00e4rnvapenfri v\u00e4rld utdelades f\u00f6r f\u00f6rsta g\u00e5ngen. Mottagare var Inger Holmlund, 81 \u00e5r, bosatt i J\u00e4ttendal, H\u00e4lsingland. Hon uppm\u00e4rksammades f\u00f6r sitt initiativ att starta och driva projektet Budkavlen f\u00f6r en k\u00e4rnvapenfri v\u00e4rld genom Sveriges alla kommuner f\u00f6r att skapa opinion och s\u00e4tta press p\u00e5 den svenska regeringen inf\u00f6r FN.s \u00f6versynskonferens 2010 om icke-spridningsavtalet. Kravet \u00e4r att Sverige ska agera f\u00f6r en konkret handlingsplan med en k\u00e4rnvapenfri v\u00e4rld som m\u00e5l.<\/p>\n<p>Sj\u00e4lv h\u00f6ll jag ett litet anf\u00f6rande som jag \u00e5terger nedan:<\/p>\n<p><em><strong><span style=\"color:#ff0000\">Och det blev en strid i himlen: Mikael och hans \u00e4nglar gav sig i strid med draken. Och draken och hans \u00e4nglar stred,  men han \u00f6vermannades och det fanns inte mer n\u00e5gon plats f\u00f6r dem i himlen. Och han, den stora draken, ormen fr\u00e5n urtiden, han som kallas Dj\u00e4vul och Satan, han som f\u00f6rf\u00f6r hela v\u00e4rlden, han st\u00f6rtades ner p\u00e5 jorden och hans \u00e4nglar st\u00f6rtades ner med honom.<\/span><\/strong><\/em> (Upp 12:7-9)<br \/>De orden fr\u00e5n Uppenbarelseboken f\u00e5r vara utg\u00e5ngsord f\u00f6r mitt anf\u00f6rande ikv\u00e4ll. Jag gl\u00e4ds \u00f6ver att vi \u00e5ter igen \u00e4r samlade h\u00e4r i Storkyrkan f\u00f6r att b\u00e5de minnas den f\u00f6rf\u00e4rliga dagen 1945 i Hiroshima d\u00e5 en av atombomberna f\u00f6ll fr\u00e5n det d\u00f6dsspridande bombplanet, men ocks\u00e5 f\u00f6r att visa att kampen f\u00f6r fred, f\u00f6rsoning, frihet och kampen mot k\u00e4rnvapen aldrig f\u00e5r tystna. Det \u00e4r viktigt att vi \u00e4r samlade h\u00e4r! Vi \u00e4r samlade i en kyrka som \u00e4r v\u00e4rldsber\u00f6md f\u00f6r m\u00e5nga saker men inte minst f\u00f6r Berndt Notkes underbara skulpturgrupp fr\u00e5n 1480-talet.  Legenden om S:t G\u00f6ran och draken kan s\u00e5 v\u00e4l kopplas till dagens tema. <br \/>S:t G\u00f6ran och draken \u00e4r en staty till \u00e5minnelse av svenskarnas seger \u00f6ver danskarna 1471 p\u00e5 Brunkeberg under Sten Stures ledning. Den har ocks\u00e5 kommit att bli en symbol f\u00f6r kampen mot ondskan. Och kyrkans uppgift \u00e4r att i varje tid och i varje sammanhang st\u00e5 upp mot ondskan, st\u00e5 upp mot hatet, v\u00e5ldet och allt annat destruktivt, st\u00e5 upp mot v\u00e5r tids destruktiva drakar, st\u00e5 upp f\u00f6r det som Jesus Kristus sj\u00e4lv levde och dog f\u00f6r \u2013 den k\u00e4rlek som inte ser till gr\u00e4nser. D\u00e4rf\u00f6r \u00e4r det s\u00e5 viktigt att ha denna minnesstund och h\u00f6gtidsstund h\u00e4r i Storkyrkan.<br \/>Utanf\u00f6r FN-byggnaden i New York st\u00e5r en av de senaste skulpturerna av S:t G\u00f6ran och draken. Den \u00e4r st\u00e4lldes upp d\u00e4r 1990 och \u00e4r gjord av den ryske konstn\u00e4ren Zurab Tsereti. S:t G\u00f6ran ses d\u00e4r besegra k\u00e4rnvapenkrigets drake som symboliseras av verkliga delar av en sovjetisk och amerikansk k\u00e4rnvapenmissil av m\u00e4rkena SS20 respektive US Pershing. <br \/>Fortfarande finns k\u00e4rnvapen \u00f6ver stora delar av v\u00e4rlden. Ofattbart m\u00e5nga g\u00e5nger kan vi spr\u00e4nga varandra till d\u00f6ds. Men till vilken nytta? V\u00e5r v\u00e4rld kan inte balansera i k\u00e4rnvapnens v\u00e5gsk\u00e5l. V\u00e5r framtid f\u00e5r inte byggas med hj\u00e4lp av terrorbalans. V\u00e5r v\u00e4rld, v\u00e5r nutid och v\u00e5r framtid, m\u00e5ste byggas med andra medel, med andra ideal, med andra handlingsalternativ. D\u00e4rf\u00f6r f\u00e5r v\u00e5ra r\u00f6ster aldrig tystna. D\u00e4rf\u00f6r f\u00e5r v\u00e5r kamp f\u00f6r en b\u00e4ttre v\u00e4rld aldrig upph\u00f6ra. D\u00e4rf\u00f6r f\u00e5r v\u00e5r vision om en fredens och frihetens jord aldrig naivitetsf\u00f6rklaras.<\/p>\n<p>N\u00e4r Jesus p\u00e5minner oss om den Gyllne regeln s\u00e5 h\u00e5ller han fram den som ett positivt handlingsalternativ, ett m\u00e4nskligt f\u00f6rh\u00e5llningss\u00e4tt, en grundh\u00e5llning i kampen mot draken. Den gyllne regeln lyder: <em><strong><span style=\"color:#ff0000\">Allt vad ni vill att m\u00e4nniskorna skall g\u00f6ra f\u00f6r er, det skall ni ocks\u00e5 g\u00f6ra f\u00f6r dem.<\/span><\/strong><\/em> (Matt 7:12) Dessa ord f\u00e5r vi ta p\u00e5 allvar i v\u00e5rt eget liv. Dessa ord f\u00e5r bli handlingsutmanande f\u00f6r oss i kampen mot k\u00e4rnvapen, i kampen f\u00f6r fred och f\u00f6rsoning, i kampen f\u00f6r ett m\u00e4nskligt syskonskap runt om p\u00e5 v\u00e5r jord.<\/p>\n<p>Jag vill avsluta mitt tal med att l\u00e4sa en dikt av Bo Setterlind som summerar det jag har sagt:<br \/>Bo Setterlind skriver: <em><span style=\"color:#000099\">Om vi beh\u00e4rskade alla spr\u00e5k i v\u00e4rlden &#8211; om vi kunde tala vartenda ett av dem!- men inte kunde tycka om v\u00e5ra medm\u00e4nniskor, s\u00e5 vore vi inte mer \u00e4n vad en cymbal \u00e4r. Och om vi kunde se in i framtiden och visste allt &#8211; ocks\u00e5 om utg\u00e5ngen av alla strider, som p\u00e5g\u00e5r just nu p\u00e5 detta arma klot, och hur det ska g\u00e5 med m\u00e4nskligheten i h\u00e4ndelse av ett k\u00e4rnvapenkrig &#8211; Om vi visste allt detta men inte l\u00e4ngre kunde tycka om v\u00e5ra medm\u00e4nniskor, s\u00e5 vore vi \u00e4nd\u00e5 utanf\u00f6r. Och om vi utan k\u00e4rlek, g\u00e5ve bort allt vi \u00e4ger och fick andra att g\u00f6ra detsamma, skulle det v\u00e4sentligaste \u00e4nd\u00e5 fattas. Ja, om vi s\u00e5 dr\u00e4nkte in oss sj\u00e4lva i bensin och t\u00e4nde p\u00e5 &#8211; i helig protest mot v\u00e4rldens ondska- men inte kunde tycka om v\u00e5ra medm\u00e4nniskor, s\u00e5 vore detta \u00e4nd\u00e5 till ingen som helst nytta. Vill vi , att v\u00e4rlden ska bli b\u00e4ttre, m\u00e5ste vi b\u00f6rja med att \u00e4lska varandra.<br \/><\/span><\/em><\/p>\n<div class=\"blogger-post-footer\"><img width='1' height='1' src='https:\/\/blogger.googleusercontent.com\/tracker\/9055441369901436026-2755687292315703879?l=akebonnier.blogspot.com' alt='' \/><\/div>\n","protected":false},"excerpt":{"rendered":"<p>Den 6 augusti 1945 f\u00e4lldes den f\u00f6rsta atombomben \u00f6ver Japan. 140.000 m\u00e4nniskor dog direkt eller av sviterna av bombangreppet. 3 dagar senare f\u00f6ll ytterligare en bomb som d\u00f6dade 70.000 m\u00e4nniskor. Sedan dess har inga atombomber anv\u00e4nds i krig, men k\u00e4rnvapenbest\u00e5ndet i v\u00e4rlden r\u00e4cker f\u00f6r att spr\u00e4nga v\u00e5rt jordklot ett antal g\u00e5nger. I g\u00e5r kv\u00e4ll hade [&hellip;]<\/p>\n","protected":false},"author":108,"featured_media":0,"comment_status":"open","ping_status":"open","sticky":false,"template":"","format":"standard","meta":{"_acf_changed":false,"footnotes":""},"categories":[16257],"tags":[],"class_list":["post-283","post","type-post","status-publish","format-standard","hentry","category-hiroshima"],"acf":[],"yoast_head":"<!-- This site is optimized with the Yoast SEO plugin v27.1.1 - https:\/\/yoast.com\/product\/yoast-seo-wordpress\/ -->\n<title>Hiroshima! - \u00c5ke Bonnier<\/title>\n<meta name=\"robots\" content=\"index, follow, max-snippet:-1, max-image-preview:large, max-video-preview:-1\" \/>\n<link rel=\"canonical\" href=\"https:\/\/blogg.svenskakyrkan.se\/akebonnier\/2009\/08\/07\/hiroshima\/\" \/>\n<meta property=\"og:locale\" content=\"sv_SE\" \/>\n<meta property=\"og:type\" content=\"article\" \/>\n<meta property=\"og:title\" content=\"Hiroshima! - \u00c5ke Bonnier\" \/>\n<meta property=\"og:description\" content=\"Den 6 augusti 1945 f\u00e4lldes den f\u00f6rsta atombomben \u00f6ver Japan. 140.000 m\u00e4nniskor dog direkt eller av sviterna av bombangreppet. 3 dagar senare f\u00f6ll ytterligare en bomb som d\u00f6dade 70.000 m\u00e4nniskor. Sedan dess har inga atombomber anv\u00e4nds i krig, men k\u00e4rnvapenbest\u00e5ndet i v\u00e4rlden r\u00e4cker f\u00f6r att spr\u00e4nga v\u00e5rt jordklot ett antal g\u00e5nger. I g\u00e5r kv\u00e4ll hade [&hellip;]\" \/>\n<meta property=\"og:url\" content=\"https:\/\/blogg.svenskakyrkan.se\/akebonnier\/2009\/08\/07\/hiroshima\/\" \/>\n<meta property=\"og:site_name\" content=\"\u00c5ke Bonnier\" \/>\n<meta property=\"article:published_time\" content=\"2009-08-07T04:14:00+00:00\" \/>\n<meta property=\"og:image\" content=\"https:\/\/blogger.googleusercontent.com\/tracker\/9055441369901436026-2755687292315703879?l=akebonnier.blogspot.com\" \/>\n<meta name=\"author\" content=\"\u00c5ke Bonnier\" \/>\n<meta name=\"twitter:card\" content=\"summary_large_image\" \/>\n<meta name=\"twitter:label1\" content=\"Skriven av\" \/>\n\t<meta name=\"twitter:data1\" content=\"\u00c5ke Bonnier\" \/>\n\t<meta name=\"twitter:label2\" content=\"Ber\u00e4knad l\u00e4stid\" \/>\n\t<meta name=\"twitter:data2\" content=\"5 minuter\" \/>\n<script type=\"application\/ld+json\" class=\"yoast-schema-graph\">{\"@context\":\"https:\/\/schema.org\",\"@graph\":[{\"@type\":\"Article\",\"@id\":\"https:\/\/blogg.svenskakyrkan.se\/akebonnier\/2009\/08\/07\/hiroshima\/#article\",\"isPartOf\":{\"@id\":\"https:\/\/blogg.svenskakyrkan.se\/akebonnier\/2009\/08\/07\/hiroshima\/\"},\"author\":{\"name\":\"\u00c5ke Bonnier\",\"@id\":\"https:\/\/blogg.svenskakyrkan.se\/akebonnier\/#\/schema\/person\/8db68bc0c94f6a5a62df2d4486ff1343\"},\"headline\":\"Hiroshima!\",\"datePublished\":\"2009-08-07T04:14:00+00:00\",\"mainEntityOfPage\":{\"@id\":\"https:\/\/blogg.svenskakyrkan.se\/akebonnier\/2009\/08\/07\/hiroshima\/\"},\"wordCount\":1091,\"commentCount\":2,\"image\":{\"@id\":\"https:\/\/blogg.svenskakyrkan.se\/akebonnier\/2009\/08\/07\/hiroshima\/#primaryimage\"},\"thumbnailUrl\":\"https:\/\/blogger.googleusercontent.com\/tracker\/9055441369901436026-2755687292315703879?l=akebonnier.blogspot.com\",\"articleSection\":[\"Hiroshima\"],\"inLanguage\":\"sv-SE\",\"potentialAction\":[{\"@type\":\"CommentAction\",\"name\":\"Comment\",\"target\":[\"https:\/\/blogg.svenskakyrkan.se\/akebonnier\/2009\/08\/07\/hiroshima\/#respond\"]}]},{\"@type\":\"WebPage\",\"@id\":\"https:\/\/blogg.svenskakyrkan.se\/akebonnier\/2009\/08\/07\/hiroshima\/\",\"url\":\"https:\/\/blogg.svenskakyrkan.se\/akebonnier\/2009\/08\/07\/hiroshima\/\",\"name\":\"Hiroshima! - \u00c5ke Bonnier\",\"isPartOf\":{\"@id\":\"https:\/\/blogg.svenskakyrkan.se\/akebonnier\/#website\"},\"primaryImageOfPage\":{\"@id\":\"https:\/\/blogg.svenskakyrkan.se\/akebonnier\/2009\/08\/07\/hiroshima\/#primaryimage\"},\"image\":{\"@id\":\"https:\/\/blogg.svenskakyrkan.se\/akebonnier\/2009\/08\/07\/hiroshima\/#primaryimage\"},\"thumbnailUrl\":\"https:\/\/blogger.googleusercontent.com\/tracker\/9055441369901436026-2755687292315703879?l=akebonnier.blogspot.com\",\"datePublished\":\"2009-08-07T04:14:00+00:00\",\"author\":{\"@id\":\"https:\/\/blogg.svenskakyrkan.se\/akebonnier\/#\/schema\/person\/8db68bc0c94f6a5a62df2d4486ff1343\"},\"breadcrumb\":{\"@id\":\"https:\/\/blogg.svenskakyrkan.se\/akebonnier\/2009\/08\/07\/hiroshima\/#breadcrumb\"},\"inLanguage\":\"sv-SE\",\"potentialAction\":[{\"@type\":\"ReadAction\",\"target\":[\"https:\/\/blogg.svenskakyrkan.se\/akebonnier\/2009\/08\/07\/hiroshima\/\"]}]},{\"@type\":\"ImageObject\",\"inLanguage\":\"sv-SE\",\"@id\":\"https:\/\/blogg.svenskakyrkan.se\/akebonnier\/2009\/08\/07\/hiroshima\/#primaryimage\",\"url\":\"https:\/\/blogger.googleusercontent.com\/tracker\/9055441369901436026-2755687292315703879?l=akebonnier.blogspot.com\",\"contentUrl\":\"https:\/\/blogger.googleusercontent.com\/tracker\/9055441369901436026-2755687292315703879?l=akebonnier.blogspot.com\"},{\"@type\":\"BreadcrumbList\",\"@id\":\"https:\/\/blogg.svenskakyrkan.se\/akebonnier\/2009\/08\/07\/hiroshima\/#breadcrumb\",\"itemListElement\":[{\"@type\":\"ListItem\",\"position\":1,\"name\":\"Hem\",\"item\":\"https:\/\/blogg.svenskakyrkan.se\/akebonnier\/\"},{\"@type\":\"ListItem\",\"position\":2,\"name\":\"Hiroshima!\"}]},{\"@type\":\"WebSite\",\"@id\":\"https:\/\/blogg.svenskakyrkan.se\/akebonnier\/#website\",\"url\":\"https:\/\/blogg.svenskakyrkan.se\/akebonnier\/\",\"name\":\"\u00c5ke Bonnier\",\"description\":\"Biskop i Svenska kyrkan - Skara stift\",\"potentialAction\":[{\"@type\":\"SearchAction\",\"target\":{\"@type\":\"EntryPoint\",\"urlTemplate\":\"https:\/\/blogg.svenskakyrkan.se\/akebonnier\/?s={search_term_string}\"},\"query-input\":{\"@type\":\"PropertyValueSpecification\",\"valueRequired\":true,\"valueName\":\"search_term_string\"}}],\"inLanguage\":\"sv-SE\"},{\"@type\":\"Person\",\"@id\":\"https:\/\/blogg.svenskakyrkan.se\/akebonnier\/#\/schema\/person\/8db68bc0c94f6a5a62df2d4486ff1343\",\"name\":\"\u00c5ke Bonnier\",\"image\":{\"@type\":\"ImageObject\",\"inLanguage\":\"sv-SE\",\"@id\":\"https:\/\/blogg.svenskakyrkan.se\/akebonnier\/#\/schema\/person\/image\/\",\"url\":\"https:\/\/secure.gravatar.com\/avatar\/b88264736bb0bc0d1ea92298aef02c9f98cfc13c7484130c42c663ae484f9462?s=96&d=mm&r=g\",\"contentUrl\":\"https:\/\/secure.gravatar.com\/avatar\/b88264736bb0bc0d1ea92298aef02c9f98cfc13c7484130c42c663ae484f9462?s=96&d=mm&r=g\",\"caption\":\"\u00c5ke Bonnier\"},\"description\":\"Jag \u00e4r gift och har tv\u00e5 vuxna d\u00f6ttrar. Pr\u00e4stvigdes 1984 och biskopsvigs 26 augusti 2012 . Jag har tidigare bland annat varit, komminister och kyrkoherde i Liding\u00f6 f\u00f6rsamling och domprost i Stockholms domkyrkof\u00f6rsamling. Jag \u00e4r intresserad av konst, litteratur, teater, film. Jag tr\u00e4nar regelbundet p\u00e5 gym. Mitt huvudsakliga musikintresse \u00e4r klassisk musik men ocks\u00e5 Beatles, Elvis Presley, Monika Zettelund, Povel Ramel och m\u00e5nga andra tycker jag om att lyssna p\u00e5. Jag l\u00e4ser f\u00f6r lite sk\u00f6nlitteratur beroende p\u00e5 annat som jag m\u00e5ste l\u00e4sa i mitt uppdrag som biskop. Men jag \u00e4lskar b\u00f6cker. Naturligtvis l\u00e4ser jag n\u00e4st intill dagligdags i \\\"B\u00f6ckernas Bok.\\\"\",\"sameAs\":[\"http:\/\/www.skarastift.se\"],\"url\":\"https:\/\/blogg.svenskakyrkan.se\/akebonnier\/author\/akebonnier\/\"}]}<\/script>\n<!-- \/ Yoast SEO plugin. -->","yoast_head_json":{"title":"Hiroshima! - \u00c5ke Bonnier","robots":{"index":"index","follow":"follow","max-snippet":"max-snippet:-1","max-image-preview":"max-image-preview:large","max-video-preview":"max-video-preview:-1"},"canonical":"https:\/\/blogg.svenskakyrkan.se\/akebonnier\/2009\/08\/07\/hiroshima\/","og_locale":"sv_SE","og_type":"article","og_title":"Hiroshima! - \u00c5ke Bonnier","og_description":"Den 6 augusti 1945 f\u00e4lldes den f\u00f6rsta atombomben \u00f6ver Japan. 140.000 m\u00e4nniskor dog direkt eller av sviterna av bombangreppet. 3 dagar senare f\u00f6ll ytterligare en bomb som d\u00f6dade 70.000 m\u00e4nniskor. Sedan dess har inga atombomber anv\u00e4nds i krig, men k\u00e4rnvapenbest\u00e5ndet i v\u00e4rlden r\u00e4cker f\u00f6r att spr\u00e4nga v\u00e5rt jordklot ett antal g\u00e5nger. I g\u00e5r kv\u00e4ll hade [&hellip;]","og_url":"https:\/\/blogg.svenskakyrkan.se\/akebonnier\/2009\/08\/07\/hiroshima\/","og_site_name":"\u00c5ke Bonnier","article_published_time":"2009-08-07T04:14:00+00:00","og_image":[{"url":"https:\/\/blogger.googleusercontent.com\/tracker\/9055441369901436026-2755687292315703879?l=akebonnier.blogspot.com","type":"","width":"","height":""}],"author":"\u00c5ke Bonnier","twitter_card":"summary_large_image","twitter_misc":{"Skriven av":"\u00c5ke Bonnier","Ber\u00e4knad l\u00e4stid":"5 minuter"},"schema":{"@context":"https:\/\/schema.org","@graph":[{"@type":"Article","@id":"https:\/\/blogg.svenskakyrkan.se\/akebonnier\/2009\/08\/07\/hiroshima\/#article","isPartOf":{"@id":"https:\/\/blogg.svenskakyrkan.se\/akebonnier\/2009\/08\/07\/hiroshima\/"},"author":{"name":"\u00c5ke Bonnier","@id":"https:\/\/blogg.svenskakyrkan.se\/akebonnier\/#\/schema\/person\/8db68bc0c94f6a5a62df2d4486ff1343"},"headline":"Hiroshima!","datePublished":"2009-08-07T04:14:00+00:00","mainEntityOfPage":{"@id":"https:\/\/blogg.svenskakyrkan.se\/akebonnier\/2009\/08\/07\/hiroshima\/"},"wordCount":1091,"commentCount":2,"image":{"@id":"https:\/\/blogg.svenskakyrkan.se\/akebonnier\/2009\/08\/07\/hiroshima\/#primaryimage"},"thumbnailUrl":"https:\/\/blogger.googleusercontent.com\/tracker\/9055441369901436026-2755687292315703879?l=akebonnier.blogspot.com","articleSection":["Hiroshima"],"inLanguage":"sv-SE","potentialAction":[{"@type":"CommentAction","name":"Comment","target":["https:\/\/blogg.svenskakyrkan.se\/akebonnier\/2009\/08\/07\/hiroshima\/#respond"]}]},{"@type":"WebPage","@id":"https:\/\/blogg.svenskakyrkan.se\/akebonnier\/2009\/08\/07\/hiroshima\/","url":"https:\/\/blogg.svenskakyrkan.se\/akebonnier\/2009\/08\/07\/hiroshima\/","name":"Hiroshima! - \u00c5ke Bonnier","isPartOf":{"@id":"https:\/\/blogg.svenskakyrkan.se\/akebonnier\/#website"},"primaryImageOfPage":{"@id":"https:\/\/blogg.svenskakyrkan.se\/akebonnier\/2009\/08\/07\/hiroshima\/#primaryimage"},"image":{"@id":"https:\/\/blogg.svenskakyrkan.se\/akebonnier\/2009\/08\/07\/hiroshima\/#primaryimage"},"thumbnailUrl":"https:\/\/blogger.googleusercontent.com\/tracker\/9055441369901436026-2755687292315703879?l=akebonnier.blogspot.com","datePublished":"2009-08-07T04:14:00+00:00","author":{"@id":"https:\/\/blogg.svenskakyrkan.se\/akebonnier\/#\/schema\/person\/8db68bc0c94f6a5a62df2d4486ff1343"},"breadcrumb":{"@id":"https:\/\/blogg.svenskakyrkan.se\/akebonnier\/2009\/08\/07\/hiroshima\/#breadcrumb"},"inLanguage":"sv-SE","potentialAction":[{"@type":"ReadAction","target":["https:\/\/blogg.svenskakyrkan.se\/akebonnier\/2009\/08\/07\/hiroshima\/"]}]},{"@type":"ImageObject","inLanguage":"sv-SE","@id":"https:\/\/blogg.svenskakyrkan.se\/akebonnier\/2009\/08\/07\/hiroshima\/#primaryimage","url":"https:\/\/blogger.googleusercontent.com\/tracker\/9055441369901436026-2755687292315703879?l=akebonnier.blogspot.com","contentUrl":"https:\/\/blogger.googleusercontent.com\/tracker\/9055441369901436026-2755687292315703879?l=akebonnier.blogspot.com"},{"@type":"BreadcrumbList","@id":"https:\/\/blogg.svenskakyrkan.se\/akebonnier\/2009\/08\/07\/hiroshima\/#breadcrumb","itemListElement":[{"@type":"ListItem","position":1,"name":"Hem","item":"https:\/\/blogg.svenskakyrkan.se\/akebonnier\/"},{"@type":"ListItem","position":2,"name":"Hiroshima!"}]},{"@type":"WebSite","@id":"https:\/\/blogg.svenskakyrkan.se\/akebonnier\/#website","url":"https:\/\/blogg.svenskakyrkan.se\/akebonnier\/","name":"\u00c5ke Bonnier","description":"Biskop i Svenska kyrkan - Skara stift","potentialAction":[{"@type":"SearchAction","target":{"@type":"EntryPoint","urlTemplate":"https:\/\/blogg.svenskakyrkan.se\/akebonnier\/?s={search_term_string}"},"query-input":{"@type":"PropertyValueSpecification","valueRequired":true,"valueName":"search_term_string"}}],"inLanguage":"sv-SE"},{"@type":"Person","@id":"https:\/\/blogg.svenskakyrkan.se\/akebonnier\/#\/schema\/person\/8db68bc0c94f6a5a62df2d4486ff1343","name":"\u00c5ke Bonnier","image":{"@type":"ImageObject","inLanguage":"sv-SE","@id":"https:\/\/blogg.svenskakyrkan.se\/akebonnier\/#\/schema\/person\/image\/","url":"https:\/\/secure.gravatar.com\/avatar\/b88264736bb0bc0d1ea92298aef02c9f98cfc13c7484130c42c663ae484f9462?s=96&d=mm&r=g","contentUrl":"https:\/\/secure.gravatar.com\/avatar\/b88264736bb0bc0d1ea92298aef02c9f98cfc13c7484130c42c663ae484f9462?s=96&d=mm&r=g","caption":"\u00c5ke Bonnier"},"description":"Jag \u00e4r gift och har tv\u00e5 vuxna d\u00f6ttrar. Pr\u00e4stvigdes 1984 och biskopsvigs 26 augusti 2012 . Jag har tidigare bland annat varit, komminister och kyrkoherde i Liding\u00f6 f\u00f6rsamling och domprost i Stockholms domkyrkof\u00f6rsamling. Jag \u00e4r intresserad av konst, litteratur, teater, film. Jag tr\u00e4nar regelbundet p\u00e5 gym. Mitt huvudsakliga musikintresse \u00e4r klassisk musik men ocks\u00e5 Beatles, Elvis Presley, Monika Zettelund, Povel Ramel och m\u00e5nga andra tycker jag om att lyssna p\u00e5. Jag l\u00e4ser f\u00f6r lite sk\u00f6nlitteratur beroende p\u00e5 annat som jag m\u00e5ste l\u00e4sa i mitt uppdrag som biskop. Men jag \u00e4lskar b\u00f6cker. Naturligtvis l\u00e4ser jag n\u00e4st intill dagligdags i \"B\u00f6ckernas Bok.\"","sameAs":["http:\/\/www.skarastift.se"],"url":"https:\/\/blogg.svenskakyrkan.se\/akebonnier\/author\/akebonnier\/"}]}},"author_meta":{"ID":"108","user_nicename":"akebonnier","user_url":"http:\/\/www.skarastift.se","user_registered":"2011-10-11 09:24:48","display_name":"\u00c5ke Bonnier","first_name":"\u00c5ke","last_name":"Bonnier","avatar":"https:\/\/secure.gravatar.com\/avatar\/b88264736bb0bc0d1ea92298aef02c9f98cfc13c7484130c42c663ae484f9462?s=96&d=mm&r=g"},"featured_image":false,"bloginfo":{"name":"\u00c5ke Bonnier","url":"https:\/\/blogg.svenskakyrkan.se\/akebonnier"},"_links":{"self":[{"href":"https:\/\/blogg.svenskakyrkan.se\/akebonnier\/wp-json\/wp\/v2\/posts\/283","targetHints":{"allow":["GET"]}}],"collection":[{"href":"https:\/\/blogg.svenskakyrkan.se\/akebonnier\/wp-json\/wp\/v2\/posts"}],"about":[{"href":"https:\/\/blogg.svenskakyrkan.se\/akebonnier\/wp-json\/wp\/v2\/types\/post"}],"author":[{"embeddable":true,"href":"https:\/\/blogg.svenskakyrkan.se\/akebonnier\/wp-json\/wp\/v2\/users\/108"}],"replies":[{"embeddable":true,"href":"https:\/\/blogg.svenskakyrkan.se\/akebonnier\/wp-json\/wp\/v2\/comments?post=283"}],"version-history":[{"count":0,"href":"https:\/\/blogg.svenskakyrkan.se\/akebonnier\/wp-json\/wp\/v2\/posts\/283\/revisions"}],"wp:attachment":[{"href":"https:\/\/blogg.svenskakyrkan.se\/akebonnier\/wp-json\/wp\/v2\/media?parent=283"}],"wp:term":[{"taxonomy":"category","embeddable":true,"href":"https:\/\/blogg.svenskakyrkan.se\/akebonnier\/wp-json\/wp\/v2\/categories?post=283"},{"taxonomy":"post_tag","embeddable":true,"href":"https:\/\/blogg.svenskakyrkan.se\/akebonnier\/wp-json\/wp\/v2\/tags?post=283"}],"curies":[{"name":"wp","href":"https:\/\/api.w.org\/{rel}","templated":true}]}}