{"id":286,"date":"2009-08-11T07:04:00","date_gmt":"2009-08-11T07:04:00","guid":{"rendered":"http:\/\/blogg.svenskakyrkan.se\/akebonnier\/2009\/08\/11\/doden-och-kulturen\/"},"modified":"2009-08-11T07:04:00","modified_gmt":"2009-08-11T07:04:00","slug":"doden-och-kulturen","status":"publish","type":"post","link":"https:\/\/blogg.svenskakyrkan.se\/akebonnier\/2009\/08\/11\/doden-och-kulturen\/","title":{"rendered":"D\u00f6den och kulturen."},"content":{"rendered":"<p>Idag b\u00f6rjar kulturveckan i Stockholm och kulturkalaset i G\u00f6teborg. Det \u00e4r viktigt att m\u00e4nniskor i alla \u00e5ldrar ges del av olika typer av kulturyttringar. Konst, musik, dans, litteratur, teater etc, etc \u00e4r ju en del av det livstolkande spr\u00e5ket. Mobile Art Production (MAP) peresenterar en sp\u00e4nnande utst\u00e4llning p\u00e5 S:ta Clara kyrkog\u00e5rd, i Lillkyrkan p\u00e5 kyrkog\u00e5rden, p\u00e5 Brunkebergsgatan  och Jacobsgatan 20. &#8221;T\u00e4nk p\u00e5 d\u00f6den&#8221; \u00e4r temat. P\u00e5 S:ta Clara kyrkog\u00e5rd st\u00e5r d\u00f6rrar uppst\u00e4llda med tankev\u00e4ckande texter, vid Brunkebergsgatan hittar man en telefonkiosk i vilken man s\u00e4gs kunna tala med de d\u00f6da. Bes\u00f6k g\u00e4rna dessa konstinstallationer!!<\/p>\n<p>T\u00e4nk p\u00e5 d\u00f6den! Alltf\u00f6r lite g\u00f6r vi det. Vi tycks ta livet f\u00f6r givet, och visst \u00e4r livet givet oss som en g\u00e5va, men d\u00f6den och tankarna p\u00e5 d\u00f6den hj\u00e4lper oss att se att det innevarande \u00e4r v\u00e4rdefullt, att nuet \u00e4r det vi har att leva. Vi har kunnat l\u00e4sa om en man som vann en massa miljoner p\u00e5 spel. Tv\u00e5 dagar efter beskedet om miljonvinsten dog han, hastigt och olustigt. Vi vet s\u00e5 lite om livet. Visst ska vi planera, visst ska vi t\u00e4nka fram\u00e5t, visst ska vi ta ansvar f\u00f6r oss sj\u00e4lva och f\u00f6r n\u00e4ra och k\u00e4ra, men samtidigt m\u00e5ste vi g\u00f6ra det, menar jag, med d\u00f6den som belysning eller som en sorts relief f\u00f6r v\u00e5rt eget liv. Vi talar alltf\u00f6r lite om d\u00f6den med varandra. Vi borde sannerligen bli b\u00e4ttre p\u00e5 det.<\/p>\n<p>Kyrkans budskap \u00e4r ett livsbudskap mitt i d\u00f6dens sammanhang. Kyrkan h\u00e4vdra trotsigt att d\u00f6den inte har sista ordet. Det finns en forts\u00e4ttning som inte handlar om m\u00e5ndagar och tisdagar o s v i all o\u00e4ndlighet utan som handlar om det stora Gudsm\u00f6tet. N\u00e4r vi d\u00f6r f\u00e5r vi m\u00f6ta Gud helt och fullt, m\u00f6ta den gudomliga k\u00e4rleken och omsorgen helt och fullt. D\u00e4rf\u00f6r \u00e4r inte d\u00f6den s\u00e5 farlig. Den \u00e4r ett steg vidare, ett steg efter livet. Aprop\u00e5 kultur: Poeten Karl Vennberg skriver: <span style=\"color:#3366ff\"><em>D\u00f6den \u00e4r bara r\u00e4nseln som vi l\u00e4gger av \/ vid v\u00e4gens slut \/ en blygr\u00e5 skugga \/ som sm\u00e4lter ner i ljuset \/\/ d\u00f6den \u00e4r bara plogen som v\u00e4nder livets mylla \/ det h\u00e5rda r\u00e5gbr\u00f6det \/ som h\u00e5ller v\u00e5ra t\u00e4nder rena  \/\/ d\u00f6den \u00e4r bara \u00f6verl\u00f6paren \/ som visar oss v\u00e4gen \/ en desert\u00f6r \/ som ger oss l\u00f6senordet \/\/ d\u00f6den \u00e4r bara t\u00f6rnsn\u00e5ret \/ kring genomlysta blommor \/ det m\u00f6rka smycket som ger oss tilltr\u00e4de till festen<\/em>. <\/span><\/p>\n<div class=\"blogger-post-footer\"><img width='1' height='1' src='https:\/\/blogger.googleusercontent.com\/tracker\/9055441369901436026-6905190007052039469?l=akebonnier.blogspot.com' alt='' \/><\/div>\n","protected":false},"excerpt":{"rendered":"<p>Idag b\u00f6rjar kulturveckan i Stockholm och kulturkalaset i G\u00f6teborg. Det \u00e4r viktigt att m\u00e4nniskor i alla \u00e5ldrar ges del av olika typer av kulturyttringar. Konst, musik, dans, litteratur, teater etc, etc \u00e4r ju en del av det livstolkande spr\u00e5ket. Mobile Art Production (MAP) peresenterar en sp\u00e4nnande utst\u00e4llning p\u00e5 S:ta Clara kyrkog\u00e5rd, i Lillkyrkan p\u00e5 kyrkog\u00e5rden, [&hellip;]<\/p>\n","protected":false},"author":108,"featured_media":0,"comment_status":"open","ping_status":"open","sticky":false,"template":"","format":"standard","meta":{"_acf_changed":false,"footnotes":""},"categories":[16261],"tags":[],"class_list":["post-286","post","type-post","status-publish","format-standard","hentry","category-doden-och-kulturen"],"acf":[],"yoast_head":"<!-- This site is optimized with the Yoast SEO plugin v27.1.1 - https:\/\/yoast.com\/product\/yoast-seo-wordpress\/ -->\n<title>D\u00f6den och kulturen. - \u00c5ke Bonnier<\/title>\n<meta name=\"robots\" content=\"index, follow, max-snippet:-1, max-image-preview:large, max-video-preview:-1\" \/>\n<link rel=\"canonical\" href=\"https:\/\/blogg.svenskakyrkan.se\/akebonnier\/2009\/08\/11\/doden-och-kulturen\/\" \/>\n<meta property=\"og:locale\" content=\"sv_SE\" \/>\n<meta property=\"og:type\" content=\"article\" \/>\n<meta property=\"og:title\" content=\"D\u00f6den och kulturen. - \u00c5ke Bonnier\" \/>\n<meta property=\"og:description\" content=\"Idag b\u00f6rjar kulturveckan i Stockholm och kulturkalaset i G\u00f6teborg. Det \u00e4r viktigt att m\u00e4nniskor i alla \u00e5ldrar ges del av olika typer av kulturyttringar. Konst, musik, dans, litteratur, teater etc, etc \u00e4r ju en del av det livstolkande spr\u00e5ket. Mobile Art Production (MAP) peresenterar en sp\u00e4nnande utst\u00e4llning p\u00e5 S:ta Clara kyrkog\u00e5rd, i Lillkyrkan p\u00e5 kyrkog\u00e5rden, [&hellip;]\" \/>\n<meta property=\"og:url\" content=\"https:\/\/blogg.svenskakyrkan.se\/akebonnier\/2009\/08\/11\/doden-och-kulturen\/\" \/>\n<meta property=\"og:site_name\" content=\"\u00c5ke Bonnier\" \/>\n<meta property=\"article:published_time\" content=\"2009-08-11T07:04:00+00:00\" \/>\n<meta property=\"og:image\" content=\"https:\/\/blogger.googleusercontent.com\/tracker\/9055441369901436026-6905190007052039469?l=akebonnier.blogspot.com\" \/>\n<meta name=\"author\" content=\"\u00c5ke Bonnier\" \/>\n<meta name=\"twitter:card\" content=\"summary_large_image\" \/>\n<meta name=\"twitter:label1\" content=\"Skriven av\" \/>\n\t<meta name=\"twitter:data1\" content=\"\u00c5ke Bonnier\" \/>\n\t<meta name=\"twitter:label2\" content=\"Ber\u00e4knad l\u00e4stid\" \/>\n\t<meta name=\"twitter:data2\" content=\"2 minuter\" \/>\n<script type=\"application\/ld+json\" class=\"yoast-schema-graph\">{\"@context\":\"https:\/\/schema.org\",\"@graph\":[{\"@type\":\"Article\",\"@id\":\"https:\/\/blogg.svenskakyrkan.se\/akebonnier\/2009\/08\/11\/doden-och-kulturen\/#article\",\"isPartOf\":{\"@id\":\"https:\/\/blogg.svenskakyrkan.se\/akebonnier\/2009\/08\/11\/doden-och-kulturen\/\"},\"author\":{\"name\":\"\u00c5ke Bonnier\",\"@id\":\"https:\/\/blogg.svenskakyrkan.se\/akebonnier\/#\/schema\/person\/8db68bc0c94f6a5a62df2d4486ff1343\"},\"headline\":\"D\u00f6den och kulturen.\",\"datePublished\":\"2009-08-11T07:04:00+00:00\",\"mainEntityOfPage\":{\"@id\":\"https:\/\/blogg.svenskakyrkan.se\/akebonnier\/2009\/08\/11\/doden-och-kulturen\/\"},\"wordCount\":465,\"commentCount\":2,\"image\":{\"@id\":\"https:\/\/blogg.svenskakyrkan.se\/akebonnier\/2009\/08\/11\/doden-och-kulturen\/#primaryimage\"},\"thumbnailUrl\":\"https:\/\/blogger.googleusercontent.com\/tracker\/9055441369901436026-6905190007052039469?l=akebonnier.blogspot.com\",\"articleSection\":[\"D\u00f6den och kulturen\"],\"inLanguage\":\"sv-SE\",\"potentialAction\":[{\"@type\":\"CommentAction\",\"name\":\"Comment\",\"target\":[\"https:\/\/blogg.svenskakyrkan.se\/akebonnier\/2009\/08\/11\/doden-och-kulturen\/#respond\"]}]},{\"@type\":\"WebPage\",\"@id\":\"https:\/\/blogg.svenskakyrkan.se\/akebonnier\/2009\/08\/11\/doden-och-kulturen\/\",\"url\":\"https:\/\/blogg.svenskakyrkan.se\/akebonnier\/2009\/08\/11\/doden-och-kulturen\/\",\"name\":\"D\u00f6den och kulturen. - \u00c5ke Bonnier\",\"isPartOf\":{\"@id\":\"https:\/\/blogg.svenskakyrkan.se\/akebonnier\/#website\"},\"primaryImageOfPage\":{\"@id\":\"https:\/\/blogg.svenskakyrkan.se\/akebonnier\/2009\/08\/11\/doden-och-kulturen\/#primaryimage\"},\"image\":{\"@id\":\"https:\/\/blogg.svenskakyrkan.se\/akebonnier\/2009\/08\/11\/doden-och-kulturen\/#primaryimage\"},\"thumbnailUrl\":\"https:\/\/blogger.googleusercontent.com\/tracker\/9055441369901436026-6905190007052039469?l=akebonnier.blogspot.com\",\"datePublished\":\"2009-08-11T07:04:00+00:00\",\"author\":{\"@id\":\"https:\/\/blogg.svenskakyrkan.se\/akebonnier\/#\/schema\/person\/8db68bc0c94f6a5a62df2d4486ff1343\"},\"breadcrumb\":{\"@id\":\"https:\/\/blogg.svenskakyrkan.se\/akebonnier\/2009\/08\/11\/doden-och-kulturen\/#breadcrumb\"},\"inLanguage\":\"sv-SE\",\"potentialAction\":[{\"@type\":\"ReadAction\",\"target\":[\"https:\/\/blogg.svenskakyrkan.se\/akebonnier\/2009\/08\/11\/doden-och-kulturen\/\"]}]},{\"@type\":\"ImageObject\",\"inLanguage\":\"sv-SE\",\"@id\":\"https:\/\/blogg.svenskakyrkan.se\/akebonnier\/2009\/08\/11\/doden-och-kulturen\/#primaryimage\",\"url\":\"https:\/\/blogger.googleusercontent.com\/tracker\/9055441369901436026-6905190007052039469?l=akebonnier.blogspot.com\",\"contentUrl\":\"https:\/\/blogger.googleusercontent.com\/tracker\/9055441369901436026-6905190007052039469?l=akebonnier.blogspot.com\"},{\"@type\":\"BreadcrumbList\",\"@id\":\"https:\/\/blogg.svenskakyrkan.se\/akebonnier\/2009\/08\/11\/doden-och-kulturen\/#breadcrumb\",\"itemListElement\":[{\"@type\":\"ListItem\",\"position\":1,\"name\":\"Hem\",\"item\":\"https:\/\/blogg.svenskakyrkan.se\/akebonnier\/\"},{\"@type\":\"ListItem\",\"position\":2,\"name\":\"D\u00f6den och kulturen.\"}]},{\"@type\":\"WebSite\",\"@id\":\"https:\/\/blogg.svenskakyrkan.se\/akebonnier\/#website\",\"url\":\"https:\/\/blogg.svenskakyrkan.se\/akebonnier\/\",\"name\":\"\u00c5ke Bonnier\",\"description\":\"Biskop i Svenska kyrkan - Skara stift\",\"potentialAction\":[{\"@type\":\"SearchAction\",\"target\":{\"@type\":\"EntryPoint\",\"urlTemplate\":\"https:\/\/blogg.svenskakyrkan.se\/akebonnier\/?s={search_term_string}\"},\"query-input\":{\"@type\":\"PropertyValueSpecification\",\"valueRequired\":true,\"valueName\":\"search_term_string\"}}],\"inLanguage\":\"sv-SE\"},{\"@type\":\"Person\",\"@id\":\"https:\/\/blogg.svenskakyrkan.se\/akebonnier\/#\/schema\/person\/8db68bc0c94f6a5a62df2d4486ff1343\",\"name\":\"\u00c5ke Bonnier\",\"image\":{\"@type\":\"ImageObject\",\"inLanguage\":\"sv-SE\",\"@id\":\"https:\/\/blogg.svenskakyrkan.se\/akebonnier\/#\/schema\/person\/image\/\",\"url\":\"https:\/\/secure.gravatar.com\/avatar\/b88264736bb0bc0d1ea92298aef02c9f98cfc13c7484130c42c663ae484f9462?s=96&d=mm&r=g\",\"contentUrl\":\"https:\/\/secure.gravatar.com\/avatar\/b88264736bb0bc0d1ea92298aef02c9f98cfc13c7484130c42c663ae484f9462?s=96&d=mm&r=g\",\"caption\":\"\u00c5ke Bonnier\"},\"description\":\"Jag \u00e4r gift och har tv\u00e5 vuxna d\u00f6ttrar. Pr\u00e4stvigdes 1984 och biskopsvigs 26 augusti 2012 . Jag har tidigare bland annat varit, komminister och kyrkoherde i Liding\u00f6 f\u00f6rsamling och domprost i Stockholms domkyrkof\u00f6rsamling. Jag \u00e4r intresserad av konst, litteratur, teater, film. Jag tr\u00e4nar regelbundet p\u00e5 gym. Mitt huvudsakliga musikintresse \u00e4r klassisk musik men ocks\u00e5 Beatles, Elvis Presley, Monika Zettelund, Povel Ramel och m\u00e5nga andra tycker jag om att lyssna p\u00e5. Jag l\u00e4ser f\u00f6r lite sk\u00f6nlitteratur beroende p\u00e5 annat som jag m\u00e5ste l\u00e4sa i mitt uppdrag som biskop. Men jag \u00e4lskar b\u00f6cker. Naturligtvis l\u00e4ser jag n\u00e4st intill dagligdags i \\\"B\u00f6ckernas Bok.\\\"\",\"sameAs\":[\"http:\/\/www.skarastift.se\"],\"url\":\"https:\/\/blogg.svenskakyrkan.se\/akebonnier\/author\/akebonnier\/\"}]}<\/script>\n<!-- \/ Yoast SEO plugin. -->","yoast_head_json":{"title":"D\u00f6den och kulturen. - \u00c5ke Bonnier","robots":{"index":"index","follow":"follow","max-snippet":"max-snippet:-1","max-image-preview":"max-image-preview:large","max-video-preview":"max-video-preview:-1"},"canonical":"https:\/\/blogg.svenskakyrkan.se\/akebonnier\/2009\/08\/11\/doden-och-kulturen\/","og_locale":"sv_SE","og_type":"article","og_title":"D\u00f6den och kulturen. - \u00c5ke Bonnier","og_description":"Idag b\u00f6rjar kulturveckan i Stockholm och kulturkalaset i G\u00f6teborg. Det \u00e4r viktigt att m\u00e4nniskor i alla \u00e5ldrar ges del av olika typer av kulturyttringar. Konst, musik, dans, litteratur, teater etc, etc \u00e4r ju en del av det livstolkande spr\u00e5ket. Mobile Art Production (MAP) peresenterar en sp\u00e4nnande utst\u00e4llning p\u00e5 S:ta Clara kyrkog\u00e5rd, i Lillkyrkan p\u00e5 kyrkog\u00e5rden, [&hellip;]","og_url":"https:\/\/blogg.svenskakyrkan.se\/akebonnier\/2009\/08\/11\/doden-och-kulturen\/","og_site_name":"\u00c5ke Bonnier","article_published_time":"2009-08-11T07:04:00+00:00","og_image":[{"url":"https:\/\/blogger.googleusercontent.com\/tracker\/9055441369901436026-6905190007052039469?l=akebonnier.blogspot.com","type":"","width":"","height":""}],"author":"\u00c5ke Bonnier","twitter_card":"summary_large_image","twitter_misc":{"Skriven av":"\u00c5ke Bonnier","Ber\u00e4knad l\u00e4stid":"2 minuter"},"schema":{"@context":"https:\/\/schema.org","@graph":[{"@type":"Article","@id":"https:\/\/blogg.svenskakyrkan.se\/akebonnier\/2009\/08\/11\/doden-och-kulturen\/#article","isPartOf":{"@id":"https:\/\/blogg.svenskakyrkan.se\/akebonnier\/2009\/08\/11\/doden-och-kulturen\/"},"author":{"name":"\u00c5ke Bonnier","@id":"https:\/\/blogg.svenskakyrkan.se\/akebonnier\/#\/schema\/person\/8db68bc0c94f6a5a62df2d4486ff1343"},"headline":"D\u00f6den och kulturen.","datePublished":"2009-08-11T07:04:00+00:00","mainEntityOfPage":{"@id":"https:\/\/blogg.svenskakyrkan.se\/akebonnier\/2009\/08\/11\/doden-och-kulturen\/"},"wordCount":465,"commentCount":2,"image":{"@id":"https:\/\/blogg.svenskakyrkan.se\/akebonnier\/2009\/08\/11\/doden-och-kulturen\/#primaryimage"},"thumbnailUrl":"https:\/\/blogger.googleusercontent.com\/tracker\/9055441369901436026-6905190007052039469?l=akebonnier.blogspot.com","articleSection":["D\u00f6den och kulturen"],"inLanguage":"sv-SE","potentialAction":[{"@type":"CommentAction","name":"Comment","target":["https:\/\/blogg.svenskakyrkan.se\/akebonnier\/2009\/08\/11\/doden-och-kulturen\/#respond"]}]},{"@type":"WebPage","@id":"https:\/\/blogg.svenskakyrkan.se\/akebonnier\/2009\/08\/11\/doden-och-kulturen\/","url":"https:\/\/blogg.svenskakyrkan.se\/akebonnier\/2009\/08\/11\/doden-och-kulturen\/","name":"D\u00f6den och kulturen. - \u00c5ke Bonnier","isPartOf":{"@id":"https:\/\/blogg.svenskakyrkan.se\/akebonnier\/#website"},"primaryImageOfPage":{"@id":"https:\/\/blogg.svenskakyrkan.se\/akebonnier\/2009\/08\/11\/doden-och-kulturen\/#primaryimage"},"image":{"@id":"https:\/\/blogg.svenskakyrkan.se\/akebonnier\/2009\/08\/11\/doden-och-kulturen\/#primaryimage"},"thumbnailUrl":"https:\/\/blogger.googleusercontent.com\/tracker\/9055441369901436026-6905190007052039469?l=akebonnier.blogspot.com","datePublished":"2009-08-11T07:04:00+00:00","author":{"@id":"https:\/\/blogg.svenskakyrkan.se\/akebonnier\/#\/schema\/person\/8db68bc0c94f6a5a62df2d4486ff1343"},"breadcrumb":{"@id":"https:\/\/blogg.svenskakyrkan.se\/akebonnier\/2009\/08\/11\/doden-och-kulturen\/#breadcrumb"},"inLanguage":"sv-SE","potentialAction":[{"@type":"ReadAction","target":["https:\/\/blogg.svenskakyrkan.se\/akebonnier\/2009\/08\/11\/doden-och-kulturen\/"]}]},{"@type":"ImageObject","inLanguage":"sv-SE","@id":"https:\/\/blogg.svenskakyrkan.se\/akebonnier\/2009\/08\/11\/doden-och-kulturen\/#primaryimage","url":"https:\/\/blogger.googleusercontent.com\/tracker\/9055441369901436026-6905190007052039469?l=akebonnier.blogspot.com","contentUrl":"https:\/\/blogger.googleusercontent.com\/tracker\/9055441369901436026-6905190007052039469?l=akebonnier.blogspot.com"},{"@type":"BreadcrumbList","@id":"https:\/\/blogg.svenskakyrkan.se\/akebonnier\/2009\/08\/11\/doden-och-kulturen\/#breadcrumb","itemListElement":[{"@type":"ListItem","position":1,"name":"Hem","item":"https:\/\/blogg.svenskakyrkan.se\/akebonnier\/"},{"@type":"ListItem","position":2,"name":"D\u00f6den och kulturen."}]},{"@type":"WebSite","@id":"https:\/\/blogg.svenskakyrkan.se\/akebonnier\/#website","url":"https:\/\/blogg.svenskakyrkan.se\/akebonnier\/","name":"\u00c5ke Bonnier","description":"Biskop i Svenska kyrkan - Skara stift","potentialAction":[{"@type":"SearchAction","target":{"@type":"EntryPoint","urlTemplate":"https:\/\/blogg.svenskakyrkan.se\/akebonnier\/?s={search_term_string}"},"query-input":{"@type":"PropertyValueSpecification","valueRequired":true,"valueName":"search_term_string"}}],"inLanguage":"sv-SE"},{"@type":"Person","@id":"https:\/\/blogg.svenskakyrkan.se\/akebonnier\/#\/schema\/person\/8db68bc0c94f6a5a62df2d4486ff1343","name":"\u00c5ke Bonnier","image":{"@type":"ImageObject","inLanguage":"sv-SE","@id":"https:\/\/blogg.svenskakyrkan.se\/akebonnier\/#\/schema\/person\/image\/","url":"https:\/\/secure.gravatar.com\/avatar\/b88264736bb0bc0d1ea92298aef02c9f98cfc13c7484130c42c663ae484f9462?s=96&d=mm&r=g","contentUrl":"https:\/\/secure.gravatar.com\/avatar\/b88264736bb0bc0d1ea92298aef02c9f98cfc13c7484130c42c663ae484f9462?s=96&d=mm&r=g","caption":"\u00c5ke Bonnier"},"description":"Jag \u00e4r gift och har tv\u00e5 vuxna d\u00f6ttrar. Pr\u00e4stvigdes 1984 och biskopsvigs 26 augusti 2012 . Jag har tidigare bland annat varit, komminister och kyrkoherde i Liding\u00f6 f\u00f6rsamling och domprost i Stockholms domkyrkof\u00f6rsamling. Jag \u00e4r intresserad av konst, litteratur, teater, film. Jag tr\u00e4nar regelbundet p\u00e5 gym. Mitt huvudsakliga musikintresse \u00e4r klassisk musik men ocks\u00e5 Beatles, Elvis Presley, Monika Zettelund, Povel Ramel och m\u00e5nga andra tycker jag om att lyssna p\u00e5. Jag l\u00e4ser f\u00f6r lite sk\u00f6nlitteratur beroende p\u00e5 annat som jag m\u00e5ste l\u00e4sa i mitt uppdrag som biskop. Men jag \u00e4lskar b\u00f6cker. Naturligtvis l\u00e4ser jag n\u00e4st intill dagligdags i \"B\u00f6ckernas Bok.\"","sameAs":["http:\/\/www.skarastift.se"],"url":"https:\/\/blogg.svenskakyrkan.se\/akebonnier\/author\/akebonnier\/"}]}},"author_meta":{"ID":"108","user_nicename":"akebonnier","user_url":"http:\/\/www.skarastift.se","user_registered":"2011-10-11 09:24:48","display_name":"\u00c5ke Bonnier","first_name":"\u00c5ke","last_name":"Bonnier","avatar":"https:\/\/secure.gravatar.com\/avatar\/b88264736bb0bc0d1ea92298aef02c9f98cfc13c7484130c42c663ae484f9462?s=96&d=mm&r=g"},"featured_image":false,"bloginfo":{"name":"\u00c5ke Bonnier","url":"https:\/\/blogg.svenskakyrkan.se\/akebonnier"},"_links":{"self":[{"href":"https:\/\/blogg.svenskakyrkan.se\/akebonnier\/wp-json\/wp\/v2\/posts\/286","targetHints":{"allow":["GET"]}}],"collection":[{"href":"https:\/\/blogg.svenskakyrkan.se\/akebonnier\/wp-json\/wp\/v2\/posts"}],"about":[{"href":"https:\/\/blogg.svenskakyrkan.se\/akebonnier\/wp-json\/wp\/v2\/types\/post"}],"author":[{"embeddable":true,"href":"https:\/\/blogg.svenskakyrkan.se\/akebonnier\/wp-json\/wp\/v2\/users\/108"}],"replies":[{"embeddable":true,"href":"https:\/\/blogg.svenskakyrkan.se\/akebonnier\/wp-json\/wp\/v2\/comments?post=286"}],"version-history":[{"count":0,"href":"https:\/\/blogg.svenskakyrkan.se\/akebonnier\/wp-json\/wp\/v2\/posts\/286\/revisions"}],"wp:attachment":[{"href":"https:\/\/blogg.svenskakyrkan.se\/akebonnier\/wp-json\/wp\/v2\/media?parent=286"}],"wp:term":[{"taxonomy":"category","embeddable":true,"href":"https:\/\/blogg.svenskakyrkan.se\/akebonnier\/wp-json\/wp\/v2\/categories?post=286"},{"taxonomy":"post_tag","embeddable":true,"href":"https:\/\/blogg.svenskakyrkan.se\/akebonnier\/wp-json\/wp\/v2\/tags?post=286"}],"curies":[{"name":"wp","href":"https:\/\/api.w.org\/{rel}","templated":true}]}}