{"id":289,"date":"2009-08-16T19:03:00","date_gmt":"2009-08-16T19:03:00","guid":{"rendered":"http:\/\/blogg.svenskakyrkan.se\/akebonnier\/2009\/08\/16\/hur-definierar-vi-svenska-kyrkan\/"},"modified":"2009-08-16T19:03:00","modified_gmt":"2009-08-16T19:03:00","slug":"hur-definierar-vi-svenska-kyrkan","status":"publish","type":"post","link":"https:\/\/blogg.svenskakyrkan.se\/akebonnier\/2009\/08\/16\/hur-definierar-vi-svenska-kyrkan\/","title":{"rendered":"Hur definierar vi Svenska kyrkan?"},"content":{"rendered":"<p>I senaste numret av tidningen Dagen (som jag nu har b\u00f6rjat prenumerera p\u00e5 &#8211; den har verkligen blivit mer allkristen under Elisabeth sandlunds ledning &#8211; tack!) publicerar Anna Runesson och Anders Runesson en t\u00e4nkv\u00e4rd artikel (<a href=\"http:\/\/www.dagen.se\/dagen\/article.aspx?id=175040\">http:\/\/www.dagen.se\/dagen\/article.aspx?id=175040<\/a>) som \u00e4r kritisk mot Svenska kyrkans presentation av sitt kyrkokansli d\u00e4r de kritiserar Svenska kyrkans presentation av sig sj\u00e4lv som en id\u00e9buren organisation. Jag kan f\u00f6rst\u00e5 kritiken samtidigt som jag sj\u00e4lv anv\u00e4nder mig av den definitionen ibland. Svenska kyrkan \u00e4r mer \u00e4n en id\u00e9buren organisation Svenska kyrkan \u00e4r buren och inspirerad av Guds heliga Ande. Svenska kyrkan bek\u00e4nner sin tro p\u00e5 den treeniga Guden. Tron p\u00e5 Skaparen, F\u00f6rsonaren och Livgivaren  \u00e4r viktiga grundfundament i kyrkan. Men vi m\u00e5ste v\u00e5ga tala tydligare om detta!!<em> Vi tillber inga l\u00e4ror och ingen from id\u00e9<\/em>, citerar skribenterna fr\u00e5n psalm 743 i psalmbokstill\u00e4gget. Nej det \u00e4r s\u00e5 sant! Vi tillber levande Gud som m\u00f6ter mig som tydligast i en medm\u00e4nniska, i Jesus Kristus och som \u00e4r n\u00e4rvarande genom den heliga Anden h\u00e4r och nu. Vi m\u00e5ste v\u00e5ga st\u00e5 upp f\u00f6r detta och inte hamna i det &#8221;tjusiga&#8221; byr\u00e5kratspr\u00e5ket &#8211; \u00e5tminstone inte ut\u00e5t. Det \u00e4r en sak att vi in\u00e5t talar om kyrkans kommunikationsplattform med k\u00e4rnv\u00e4rden som <em>\u00f6ppenhet <\/em>och <em>hopp<\/em> etc. men ut\u00e5t ska vi leva det och f\u00f6rkunna Kristus &#8211; Kristus som \u00e4r v\u00e4rldens ljus. S\u00e5 kort sagt, Anna och Anders Runesson, kyrkan kan inte definieras utan Kristus!! Pris ske Gud!<\/p>\n<p>G\u00e5r man in p\u00e5 Svenska kyrkans hemsida finns en fin definition av den kristna tron:<\/p>\n<p><em>K\u00e4rlek \u00e4r grund och m\u00e5l f\u00f6r kristen tro. All \u00e4kta k\u00e4rlek kommer fr\u00e5n Gud. Det \u00e4r k\u00e4rleken som ger liv.<br \/>Vi kan uppleva k\u00e4rlek i relationer med andra m\u00e4nniskor och med Gud. Gud vill v\u00e5ra liv och vill uppr\u00e4tta en relation till varje m\u00e4nniska. Genom Jesus f\u00e5r vi veta mer om vad Gud vill och vem Gud \u00e4r. <\/p>\n<p>Gud som m\u00e4nniska<br \/>Jesus har en s\u00e4rskilt n\u00e4ra relation till Gud, han \u00e4r Gud sj\u00e4lv som m\u00e4nniska. Ber\u00e4ttelserna om Jesus finns i de fyra evangelierna i Bibeln. Bibeln \u00e4r en bok med m\u00e5nga delar som ber\u00e4ttar om m\u00e4nniskors erfarenheter av m\u00f6ten med Gud.  Jesus kommer till jorden d\u00e4rf\u00f6r att Gud \u00e4lskar oss och vill \u00f6ppna evigheten f\u00f6r oss, b\u00e5de f\u00f6re och efter d\u00f6den. Gud vill att vi ska f\u00e5 mera kunskap om Guds rike och om k\u00e4rleken.<\/p>\n<p>Kyrkans centrum och livsk\u00e4lla<br \/>Kyrkans centrum och livsk\u00e4lla \u00e4r Jesus Kristus och evangeliet om honom. Evangeliet leder m\u00e4nniskan till gemenskap med Gud, som \u00e4r hennes ursprung och m\u00e5l. Hos Gud finns ett outt\u00f6mligt djup av vishet, n\u00e5d och k\u00e4rlek.<br \/>Kyrkans tro inneb\u00e4r en grundl\u00e4ggande tillit till Gud och bygger p\u00e5 Guds v\u00e4ldiga handlingar, som \u00e4r omvittnade i Bibeln och m\u00f6ter m\u00e4nniskorna i deras liv.<\/p>\n<p>Den kristna bek\u00e4nnelsen<br \/>Den kristna kyrkan bek\u00e4nner en enda Gud &#8211; Fadern, Sonen och den helige Anden &#8211; som skapar, fr\u00e4lser och ger liv. Svenska kyrkan \u00e4r en del av den v\u00e4rldsvida kyrkan och delar den kristna bek\u00e4nnelsen och lovs\u00e5ngen till en treenig Gud.<br \/>L\u00e4s tv\u00e5 varianter av kyrkans bek\u00e4nnelse till h\u00f6ger.<\/p>\n<p>B\u00f6nen viktig<br \/>Att tro \u00e4r att hoppas och k\u00e4mpa. B\u00f6nen \u00e4r den vanligaste v\u00e4gen till tro. Man beh\u00f6ver inte tro f\u00f6r att be. Hj\u00e4rtats uppriktighet och l\u00e4ngtan \u00e4r betydelsefullt f\u00f6r b\u00f6nen. Att avs\u00e4tta tid f\u00f6r b\u00f6n och att tillbringa den tiden med sig sj\u00e4lv och sin b\u00f6n \u00e4r en f\u00f6ruts\u00e4ttning f\u00f6r relationen med Gud. Det spelar mindre roll hur v\u00e4l v\u00e5r b\u00f6n \u00e4r formulerad. Det \u00e4r hj\u00e4rtats samtal med Gud som r\u00e4knas.<\/em><br \/><em><\/em><br \/>Detta borde publiceras \u00e4n mer! Kanske skulle den artikeln kunna komplettera det skrivna i den broschyr som debatt\u00f6rerna med all r\u00e4tt har skarpa \u00e5sikter om.<\/p>\n<div class=\"blogger-post-footer\"><img width='1' height='1' src='https:\/\/blogger.googleusercontent.com\/tracker\/9055441369901436026-5010881523803363480?l=akebonnier.blogspot.com' alt='' \/><\/div>\n","protected":false},"excerpt":{"rendered":"<p>I senaste numret av tidningen Dagen (som jag nu har b\u00f6rjat prenumerera p\u00e5 &#8211; den har verkligen blivit mer allkristen under Elisabeth sandlunds ledning &#8211; tack!) publicerar Anna Runesson och Anders Runesson en t\u00e4nkv\u00e4rd artikel (http:\/\/www.dagen.se\/dagen\/article.aspx?id=175040) som \u00e4r kritisk mot Svenska kyrkans presentation av sitt kyrkokansli d\u00e4r de kritiserar Svenska kyrkans presentation av sig sj\u00e4lv [&hellip;]<\/p>\n","protected":false},"author":108,"featured_media":0,"comment_status":"open","ping_status":"open","sticky":false,"template":"","format":"standard","meta":{"_acf_changed":false,"footnotes":""},"categories":[16265],"tags":[],"class_list":["post-289","post","type-post","status-publish","format-standard","hentry","category-hur-definierar-vi-svenska-kyrkan"],"acf":[],"yoast_head":"<!-- This site is optimized with the Yoast SEO plugin v27.1.1 - https:\/\/yoast.com\/product\/yoast-seo-wordpress\/ -->\n<title>Hur definierar vi Svenska kyrkan? - \u00c5ke Bonnier<\/title>\n<meta name=\"robots\" content=\"index, follow, max-snippet:-1, max-image-preview:large, max-video-preview:-1\" \/>\n<link rel=\"canonical\" href=\"https:\/\/blogg.svenskakyrkan.se\/akebonnier\/2009\/08\/16\/hur-definierar-vi-svenska-kyrkan\/\" \/>\n<meta property=\"og:locale\" content=\"sv_SE\" \/>\n<meta property=\"og:type\" content=\"article\" \/>\n<meta property=\"og:title\" content=\"Hur definierar vi Svenska kyrkan? - \u00c5ke Bonnier\" \/>\n<meta property=\"og:description\" content=\"I senaste numret av tidningen Dagen (som jag nu har b\u00f6rjat prenumerera p\u00e5 &#8211; den har verkligen blivit mer allkristen under Elisabeth sandlunds ledning &#8211; tack!) publicerar Anna Runesson och Anders Runesson en t\u00e4nkv\u00e4rd artikel (http:\/\/www.dagen.se\/dagen\/article.aspx?id=175040) som \u00e4r kritisk mot Svenska kyrkans presentation av sitt kyrkokansli d\u00e4r de kritiserar Svenska kyrkans presentation av sig sj\u00e4lv [&hellip;]\" \/>\n<meta property=\"og:url\" content=\"https:\/\/blogg.svenskakyrkan.se\/akebonnier\/2009\/08\/16\/hur-definierar-vi-svenska-kyrkan\/\" \/>\n<meta property=\"og:site_name\" content=\"\u00c5ke Bonnier\" \/>\n<meta property=\"article:published_time\" content=\"2009-08-16T19:03:00+00:00\" \/>\n<meta property=\"og:image\" content=\"https:\/\/blogger.googleusercontent.com\/tracker\/9055441369901436026-5010881523803363480?l=akebonnier.blogspot.com\" \/>\n<meta name=\"author\" content=\"\u00c5ke Bonnier\" \/>\n<meta name=\"twitter:card\" content=\"summary_large_image\" \/>\n<meta name=\"twitter:label1\" content=\"Skriven av\" \/>\n\t<meta name=\"twitter:data1\" content=\"\u00c5ke Bonnier\" \/>\n\t<meta name=\"twitter:label2\" content=\"Ber\u00e4knad l\u00e4stid\" \/>\n\t<meta name=\"twitter:data2\" content=\"4 minuter\" \/>\n<script type=\"application\/ld+json\" class=\"yoast-schema-graph\">{\"@context\":\"https:\/\/schema.org\",\"@graph\":[{\"@type\":\"Article\",\"@id\":\"https:\/\/blogg.svenskakyrkan.se\/akebonnier\/2009\/08\/16\/hur-definierar-vi-svenska-kyrkan\/#article\",\"isPartOf\":{\"@id\":\"https:\/\/blogg.svenskakyrkan.se\/akebonnier\/2009\/08\/16\/hur-definierar-vi-svenska-kyrkan\/\"},\"author\":{\"name\":\"\u00c5ke Bonnier\",\"@id\":\"https:\/\/blogg.svenskakyrkan.se\/akebonnier\/#\/schema\/person\/8db68bc0c94f6a5a62df2d4486ff1343\"},\"headline\":\"Hur definierar vi Svenska kyrkan?\",\"datePublished\":\"2009-08-16T19:03:00+00:00\",\"mainEntityOfPage\":{\"@id\":\"https:\/\/blogg.svenskakyrkan.se\/akebonnier\/2009\/08\/16\/hur-definierar-vi-svenska-kyrkan\/\"},\"wordCount\":711,\"commentCount\":6,\"image\":{\"@id\":\"https:\/\/blogg.svenskakyrkan.se\/akebonnier\/2009\/08\/16\/hur-definierar-vi-svenska-kyrkan\/#primaryimage\"},\"thumbnailUrl\":\"https:\/\/blogger.googleusercontent.com\/tracker\/9055441369901436026-5010881523803363480?l=akebonnier.blogspot.com\",\"articleSection\":[\"Hur definierar vi Svenska kyrkan\"],\"inLanguage\":\"sv-SE\",\"potentialAction\":[{\"@type\":\"CommentAction\",\"name\":\"Comment\",\"target\":[\"https:\/\/blogg.svenskakyrkan.se\/akebonnier\/2009\/08\/16\/hur-definierar-vi-svenska-kyrkan\/#respond\"]}]},{\"@type\":\"WebPage\",\"@id\":\"https:\/\/blogg.svenskakyrkan.se\/akebonnier\/2009\/08\/16\/hur-definierar-vi-svenska-kyrkan\/\",\"url\":\"https:\/\/blogg.svenskakyrkan.se\/akebonnier\/2009\/08\/16\/hur-definierar-vi-svenska-kyrkan\/\",\"name\":\"Hur definierar vi Svenska kyrkan? - \u00c5ke Bonnier\",\"isPartOf\":{\"@id\":\"https:\/\/blogg.svenskakyrkan.se\/akebonnier\/#website\"},\"primaryImageOfPage\":{\"@id\":\"https:\/\/blogg.svenskakyrkan.se\/akebonnier\/2009\/08\/16\/hur-definierar-vi-svenska-kyrkan\/#primaryimage\"},\"image\":{\"@id\":\"https:\/\/blogg.svenskakyrkan.se\/akebonnier\/2009\/08\/16\/hur-definierar-vi-svenska-kyrkan\/#primaryimage\"},\"thumbnailUrl\":\"https:\/\/blogger.googleusercontent.com\/tracker\/9055441369901436026-5010881523803363480?l=akebonnier.blogspot.com\",\"datePublished\":\"2009-08-16T19:03:00+00:00\",\"author\":{\"@id\":\"https:\/\/blogg.svenskakyrkan.se\/akebonnier\/#\/schema\/person\/8db68bc0c94f6a5a62df2d4486ff1343\"},\"breadcrumb\":{\"@id\":\"https:\/\/blogg.svenskakyrkan.se\/akebonnier\/2009\/08\/16\/hur-definierar-vi-svenska-kyrkan\/#breadcrumb\"},\"inLanguage\":\"sv-SE\",\"potentialAction\":[{\"@type\":\"ReadAction\",\"target\":[\"https:\/\/blogg.svenskakyrkan.se\/akebonnier\/2009\/08\/16\/hur-definierar-vi-svenska-kyrkan\/\"]}]},{\"@type\":\"ImageObject\",\"inLanguage\":\"sv-SE\",\"@id\":\"https:\/\/blogg.svenskakyrkan.se\/akebonnier\/2009\/08\/16\/hur-definierar-vi-svenska-kyrkan\/#primaryimage\",\"url\":\"https:\/\/blogger.googleusercontent.com\/tracker\/9055441369901436026-5010881523803363480?l=akebonnier.blogspot.com\",\"contentUrl\":\"https:\/\/blogger.googleusercontent.com\/tracker\/9055441369901436026-5010881523803363480?l=akebonnier.blogspot.com\"},{\"@type\":\"BreadcrumbList\",\"@id\":\"https:\/\/blogg.svenskakyrkan.se\/akebonnier\/2009\/08\/16\/hur-definierar-vi-svenska-kyrkan\/#breadcrumb\",\"itemListElement\":[{\"@type\":\"ListItem\",\"position\":1,\"name\":\"Hem\",\"item\":\"https:\/\/blogg.svenskakyrkan.se\/akebonnier\/\"},{\"@type\":\"ListItem\",\"position\":2,\"name\":\"Hur definierar vi Svenska kyrkan?\"}]},{\"@type\":\"WebSite\",\"@id\":\"https:\/\/blogg.svenskakyrkan.se\/akebonnier\/#website\",\"url\":\"https:\/\/blogg.svenskakyrkan.se\/akebonnier\/\",\"name\":\"\u00c5ke Bonnier\",\"description\":\"Biskop i Svenska kyrkan - Skara stift\",\"potentialAction\":[{\"@type\":\"SearchAction\",\"target\":{\"@type\":\"EntryPoint\",\"urlTemplate\":\"https:\/\/blogg.svenskakyrkan.se\/akebonnier\/?s={search_term_string}\"},\"query-input\":{\"@type\":\"PropertyValueSpecification\",\"valueRequired\":true,\"valueName\":\"search_term_string\"}}],\"inLanguage\":\"sv-SE\"},{\"@type\":\"Person\",\"@id\":\"https:\/\/blogg.svenskakyrkan.se\/akebonnier\/#\/schema\/person\/8db68bc0c94f6a5a62df2d4486ff1343\",\"name\":\"\u00c5ke Bonnier\",\"image\":{\"@type\":\"ImageObject\",\"inLanguage\":\"sv-SE\",\"@id\":\"https:\/\/blogg.svenskakyrkan.se\/akebonnier\/#\/schema\/person\/image\/\",\"url\":\"https:\/\/secure.gravatar.com\/avatar\/b88264736bb0bc0d1ea92298aef02c9f98cfc13c7484130c42c663ae484f9462?s=96&d=mm&r=g\",\"contentUrl\":\"https:\/\/secure.gravatar.com\/avatar\/b88264736bb0bc0d1ea92298aef02c9f98cfc13c7484130c42c663ae484f9462?s=96&d=mm&r=g\",\"caption\":\"\u00c5ke Bonnier\"},\"description\":\"Jag \u00e4r gift och har tv\u00e5 vuxna d\u00f6ttrar. Pr\u00e4stvigdes 1984 och biskopsvigs 26 augusti 2012 . Jag har tidigare bland annat varit, komminister och kyrkoherde i Liding\u00f6 f\u00f6rsamling och domprost i Stockholms domkyrkof\u00f6rsamling. Jag \u00e4r intresserad av konst, litteratur, teater, film. Jag tr\u00e4nar regelbundet p\u00e5 gym. Mitt huvudsakliga musikintresse \u00e4r klassisk musik men ocks\u00e5 Beatles, Elvis Presley, Monika Zettelund, Povel Ramel och m\u00e5nga andra tycker jag om att lyssna p\u00e5. Jag l\u00e4ser f\u00f6r lite sk\u00f6nlitteratur beroende p\u00e5 annat som jag m\u00e5ste l\u00e4sa i mitt uppdrag som biskop. Men jag \u00e4lskar b\u00f6cker. Naturligtvis l\u00e4ser jag n\u00e4st intill dagligdags i \\\"B\u00f6ckernas Bok.\\\"\",\"sameAs\":[\"http:\/\/www.skarastift.se\"],\"url\":\"https:\/\/blogg.svenskakyrkan.se\/akebonnier\/author\/akebonnier\/\"}]}<\/script>\n<!-- \/ Yoast SEO plugin. -->","yoast_head_json":{"title":"Hur definierar vi Svenska kyrkan? - \u00c5ke Bonnier","robots":{"index":"index","follow":"follow","max-snippet":"max-snippet:-1","max-image-preview":"max-image-preview:large","max-video-preview":"max-video-preview:-1"},"canonical":"https:\/\/blogg.svenskakyrkan.se\/akebonnier\/2009\/08\/16\/hur-definierar-vi-svenska-kyrkan\/","og_locale":"sv_SE","og_type":"article","og_title":"Hur definierar vi Svenska kyrkan? - \u00c5ke Bonnier","og_description":"I senaste numret av tidningen Dagen (som jag nu har b\u00f6rjat prenumerera p\u00e5 &#8211; den har verkligen blivit mer allkristen under Elisabeth sandlunds ledning &#8211; tack!) publicerar Anna Runesson och Anders Runesson en t\u00e4nkv\u00e4rd artikel (http:\/\/www.dagen.se\/dagen\/article.aspx?id=175040) som \u00e4r kritisk mot Svenska kyrkans presentation av sitt kyrkokansli d\u00e4r de kritiserar Svenska kyrkans presentation av sig sj\u00e4lv [&hellip;]","og_url":"https:\/\/blogg.svenskakyrkan.se\/akebonnier\/2009\/08\/16\/hur-definierar-vi-svenska-kyrkan\/","og_site_name":"\u00c5ke Bonnier","article_published_time":"2009-08-16T19:03:00+00:00","og_image":[{"url":"https:\/\/blogger.googleusercontent.com\/tracker\/9055441369901436026-5010881523803363480?l=akebonnier.blogspot.com","type":"","width":"","height":""}],"author":"\u00c5ke Bonnier","twitter_card":"summary_large_image","twitter_misc":{"Skriven av":"\u00c5ke Bonnier","Ber\u00e4knad l\u00e4stid":"4 minuter"},"schema":{"@context":"https:\/\/schema.org","@graph":[{"@type":"Article","@id":"https:\/\/blogg.svenskakyrkan.se\/akebonnier\/2009\/08\/16\/hur-definierar-vi-svenska-kyrkan\/#article","isPartOf":{"@id":"https:\/\/blogg.svenskakyrkan.se\/akebonnier\/2009\/08\/16\/hur-definierar-vi-svenska-kyrkan\/"},"author":{"name":"\u00c5ke Bonnier","@id":"https:\/\/blogg.svenskakyrkan.se\/akebonnier\/#\/schema\/person\/8db68bc0c94f6a5a62df2d4486ff1343"},"headline":"Hur definierar vi Svenska kyrkan?","datePublished":"2009-08-16T19:03:00+00:00","mainEntityOfPage":{"@id":"https:\/\/blogg.svenskakyrkan.se\/akebonnier\/2009\/08\/16\/hur-definierar-vi-svenska-kyrkan\/"},"wordCount":711,"commentCount":6,"image":{"@id":"https:\/\/blogg.svenskakyrkan.se\/akebonnier\/2009\/08\/16\/hur-definierar-vi-svenska-kyrkan\/#primaryimage"},"thumbnailUrl":"https:\/\/blogger.googleusercontent.com\/tracker\/9055441369901436026-5010881523803363480?l=akebonnier.blogspot.com","articleSection":["Hur definierar vi Svenska kyrkan"],"inLanguage":"sv-SE","potentialAction":[{"@type":"CommentAction","name":"Comment","target":["https:\/\/blogg.svenskakyrkan.se\/akebonnier\/2009\/08\/16\/hur-definierar-vi-svenska-kyrkan\/#respond"]}]},{"@type":"WebPage","@id":"https:\/\/blogg.svenskakyrkan.se\/akebonnier\/2009\/08\/16\/hur-definierar-vi-svenska-kyrkan\/","url":"https:\/\/blogg.svenskakyrkan.se\/akebonnier\/2009\/08\/16\/hur-definierar-vi-svenska-kyrkan\/","name":"Hur definierar vi Svenska kyrkan? - \u00c5ke Bonnier","isPartOf":{"@id":"https:\/\/blogg.svenskakyrkan.se\/akebonnier\/#website"},"primaryImageOfPage":{"@id":"https:\/\/blogg.svenskakyrkan.se\/akebonnier\/2009\/08\/16\/hur-definierar-vi-svenska-kyrkan\/#primaryimage"},"image":{"@id":"https:\/\/blogg.svenskakyrkan.se\/akebonnier\/2009\/08\/16\/hur-definierar-vi-svenska-kyrkan\/#primaryimage"},"thumbnailUrl":"https:\/\/blogger.googleusercontent.com\/tracker\/9055441369901436026-5010881523803363480?l=akebonnier.blogspot.com","datePublished":"2009-08-16T19:03:00+00:00","author":{"@id":"https:\/\/blogg.svenskakyrkan.se\/akebonnier\/#\/schema\/person\/8db68bc0c94f6a5a62df2d4486ff1343"},"breadcrumb":{"@id":"https:\/\/blogg.svenskakyrkan.se\/akebonnier\/2009\/08\/16\/hur-definierar-vi-svenska-kyrkan\/#breadcrumb"},"inLanguage":"sv-SE","potentialAction":[{"@type":"ReadAction","target":["https:\/\/blogg.svenskakyrkan.se\/akebonnier\/2009\/08\/16\/hur-definierar-vi-svenska-kyrkan\/"]}]},{"@type":"ImageObject","inLanguage":"sv-SE","@id":"https:\/\/blogg.svenskakyrkan.se\/akebonnier\/2009\/08\/16\/hur-definierar-vi-svenska-kyrkan\/#primaryimage","url":"https:\/\/blogger.googleusercontent.com\/tracker\/9055441369901436026-5010881523803363480?l=akebonnier.blogspot.com","contentUrl":"https:\/\/blogger.googleusercontent.com\/tracker\/9055441369901436026-5010881523803363480?l=akebonnier.blogspot.com"},{"@type":"BreadcrumbList","@id":"https:\/\/blogg.svenskakyrkan.se\/akebonnier\/2009\/08\/16\/hur-definierar-vi-svenska-kyrkan\/#breadcrumb","itemListElement":[{"@type":"ListItem","position":1,"name":"Hem","item":"https:\/\/blogg.svenskakyrkan.se\/akebonnier\/"},{"@type":"ListItem","position":2,"name":"Hur definierar vi Svenska kyrkan?"}]},{"@type":"WebSite","@id":"https:\/\/blogg.svenskakyrkan.se\/akebonnier\/#website","url":"https:\/\/blogg.svenskakyrkan.se\/akebonnier\/","name":"\u00c5ke Bonnier","description":"Biskop i Svenska kyrkan - Skara stift","potentialAction":[{"@type":"SearchAction","target":{"@type":"EntryPoint","urlTemplate":"https:\/\/blogg.svenskakyrkan.se\/akebonnier\/?s={search_term_string}"},"query-input":{"@type":"PropertyValueSpecification","valueRequired":true,"valueName":"search_term_string"}}],"inLanguage":"sv-SE"},{"@type":"Person","@id":"https:\/\/blogg.svenskakyrkan.se\/akebonnier\/#\/schema\/person\/8db68bc0c94f6a5a62df2d4486ff1343","name":"\u00c5ke Bonnier","image":{"@type":"ImageObject","inLanguage":"sv-SE","@id":"https:\/\/blogg.svenskakyrkan.se\/akebonnier\/#\/schema\/person\/image\/","url":"https:\/\/secure.gravatar.com\/avatar\/b88264736bb0bc0d1ea92298aef02c9f98cfc13c7484130c42c663ae484f9462?s=96&d=mm&r=g","contentUrl":"https:\/\/secure.gravatar.com\/avatar\/b88264736bb0bc0d1ea92298aef02c9f98cfc13c7484130c42c663ae484f9462?s=96&d=mm&r=g","caption":"\u00c5ke Bonnier"},"description":"Jag \u00e4r gift och har tv\u00e5 vuxna d\u00f6ttrar. Pr\u00e4stvigdes 1984 och biskopsvigs 26 augusti 2012 . Jag har tidigare bland annat varit, komminister och kyrkoherde i Liding\u00f6 f\u00f6rsamling och domprost i Stockholms domkyrkof\u00f6rsamling. Jag \u00e4r intresserad av konst, litteratur, teater, film. Jag tr\u00e4nar regelbundet p\u00e5 gym. Mitt huvudsakliga musikintresse \u00e4r klassisk musik men ocks\u00e5 Beatles, Elvis Presley, Monika Zettelund, Povel Ramel och m\u00e5nga andra tycker jag om att lyssna p\u00e5. Jag l\u00e4ser f\u00f6r lite sk\u00f6nlitteratur beroende p\u00e5 annat som jag m\u00e5ste l\u00e4sa i mitt uppdrag som biskop. Men jag \u00e4lskar b\u00f6cker. Naturligtvis l\u00e4ser jag n\u00e4st intill dagligdags i \"B\u00f6ckernas Bok.\"","sameAs":["http:\/\/www.skarastift.se"],"url":"https:\/\/blogg.svenskakyrkan.se\/akebonnier\/author\/akebonnier\/"}]}},"author_meta":{"ID":"108","user_nicename":"akebonnier","user_url":"http:\/\/www.skarastift.se","user_registered":"2011-10-11 09:24:48","display_name":"\u00c5ke Bonnier","first_name":"\u00c5ke","last_name":"Bonnier","avatar":"https:\/\/secure.gravatar.com\/avatar\/b88264736bb0bc0d1ea92298aef02c9f98cfc13c7484130c42c663ae484f9462?s=96&d=mm&r=g"},"featured_image":false,"bloginfo":{"name":"\u00c5ke Bonnier","url":"https:\/\/blogg.svenskakyrkan.se\/akebonnier"},"_links":{"self":[{"href":"https:\/\/blogg.svenskakyrkan.se\/akebonnier\/wp-json\/wp\/v2\/posts\/289","targetHints":{"allow":["GET"]}}],"collection":[{"href":"https:\/\/blogg.svenskakyrkan.se\/akebonnier\/wp-json\/wp\/v2\/posts"}],"about":[{"href":"https:\/\/blogg.svenskakyrkan.se\/akebonnier\/wp-json\/wp\/v2\/types\/post"}],"author":[{"embeddable":true,"href":"https:\/\/blogg.svenskakyrkan.se\/akebonnier\/wp-json\/wp\/v2\/users\/108"}],"replies":[{"embeddable":true,"href":"https:\/\/blogg.svenskakyrkan.se\/akebonnier\/wp-json\/wp\/v2\/comments?post=289"}],"version-history":[{"count":0,"href":"https:\/\/blogg.svenskakyrkan.se\/akebonnier\/wp-json\/wp\/v2\/posts\/289\/revisions"}],"wp:attachment":[{"href":"https:\/\/blogg.svenskakyrkan.se\/akebonnier\/wp-json\/wp\/v2\/media?parent=289"}],"wp:term":[{"taxonomy":"category","embeddable":true,"href":"https:\/\/blogg.svenskakyrkan.se\/akebonnier\/wp-json\/wp\/v2\/categories?post=289"},{"taxonomy":"post_tag","embeddable":true,"href":"https:\/\/blogg.svenskakyrkan.se\/akebonnier\/wp-json\/wp\/v2\/tags?post=289"}],"curies":[{"name":"wp","href":"https:\/\/api.w.org\/{rel}","templated":true}]}}