{"id":291,"date":"2009-08-20T05:59:00","date_gmt":"2009-08-20T05:59:00","guid":{"rendered":"http:\/\/blogg.svenskakyrkan.se\/akebonnier\/2009\/08\/20\/vinna-eller-forsvinna\/"},"modified":"2009-08-20T05:59:00","modified_gmt":"2009-08-20T05:59:00","slug":"vinna-eller-forsvinna","status":"publish","type":"post","link":"https:\/\/blogg.svenskakyrkan.se\/akebonnier\/2009\/08\/20\/vinna-eller-forsvinna\/","title":{"rendered":"Vinna eller f\u00f6rsvinna?"},"content":{"rendered":"<p><em>Du har inte levererat tillr\u00e4ckligt! Du f\u00e5r g\u00e5 omedelbart! <\/em>Ungef\u00e4r s\u00e5 kan det l\u00e5ta i finansv\u00e4rlden. Det handlar om att leverera, att visa plussresultat f\u00f6r fonder, f\u00f6r olika finansinstitut etc. Antingen \u00e4r Du en vinnare eller en &#8221;looser&#8221;. Du m\u00e5ste vara duktig, du m\u00e5ste visa framf\u00f6tterna.<\/p>\n<p>P\u00e5 den snabba kapitalmarknaden \u00e4r detta en sj\u00e4lvklarhet. Man f\u00e5r ett jobb och hoppas att man kan vara kvar s\u00e5 l\u00e4nge som m\u00f6jligt. Det blir en sorts rodeo d\u00e4r det g\u00e4ller att sitta kvar s\u00e5 l\u00e4nge som m\u00f6jligt p\u00e5 den b\u00e5ngstyriga tjuren innan man blir avkastad. Men rodeo \u00e4r en sak och arbetsmarknaden en annan. F\u00f6r fr\u00e5gan \u00e4r vad detta g\u00f6r med v\u00e5r syn p\u00e5 oss sj\u00e4lva och p\u00e5 andra? \u00c4r jag bara den jag \u00e4r n\u00e4r jag f\u00f6rm\u00e5r prestera? \u00c4r jag bara den jag \u00e4r n\u00e4r jag \u00e4r duktig och visar framf\u00f6tterna? Vad betyder egentligen m\u00e4nniskov\u00e4rdesfr\u00e5gan? Har vi skapat ett samh\u00e4lle d\u00e4r m\u00e4nniskov\u00e4rdet \u00e4r en sorts slaggprodukt, n\u00e5got som vi skippar, n\u00e5got som inte har med samh\u00e4llet och det officiella att g\u00f6ra, n\u00e5got som inte har med arbetsliv, finansv\u00e4rld etc att g\u00f6ra?<br \/>Det viktiga blir att vara l\u00f6nsam, l\u00f6nsam f\u00f6r samh\u00e4llet. Vinna eller f\u00f6rsvinna!<\/p>\n<p>Kyrkan m\u00e5ste igen och igen och igen st\u00e5 upp f\u00f6r m\u00e4nniskov\u00e4rdet. Det f\u00e5r aldrig bli &#8221;bara&#8221; en privatsak. Kyrkan m\u00e5ste v\u00e4rna m\u00e4nniskov\u00e4rdet ocks\u00e5 i det officiella samh\u00e4llslivet. Det handlar ju om hur vi ser p\u00e5 varandra, hur vi tar hand om varandra och till syvende och sist f\u00e5r det konsekvenser f\u00f6r hur vi behandlar varandra i alla olika sammanhang.<\/p>\n<p>Har man r\u00e4tt att ta n\u00e5gons liv? Nej och \u00e5ter nej! Nu p\u00e5g\u00e5r r\u00e4tteg\u00e5ngen mot den unga pojken och flickan som tog en kamrats liv. Det hela \u00e4r en djup tragik med enbart f\u00f6rlorare inblandade. Dr\u00e5p eller planerat mord &#8211; det \u00e4r vad r\u00e4tten kommer att diskutera. Men i grunden handlar det om m\u00e4nniskosyn och m\u00e4nniskov\u00e4rde. Vinna eller f\u00f6rsvinna? Kyrkan, alla vi kristna, m\u00e5ste v\u00e5ga st\u00e5 upp f\u00f6r det som Jesus p\u00e5minde om: <em>\u00c4lska Din n\u00e4sta som Dig sj\u00e4lv.<\/em> Snacka g\u00e5r ju&#8230; men vi m\u00e5ste leva det budskapet. L\u00e5t oss konkret b\u00f6rja i dag. Det b\u00f6rjar i det lilla, i det innevarande.<\/p>\n<div class=\"blogger-post-footer\"><img width='1' height='1' src='https:\/\/blogger.googleusercontent.com\/tracker\/9055441369901436026-3134540238438133938?l=akebonnier.blogspot.com' alt='' \/><\/div>\n","protected":false},"excerpt":{"rendered":"<p>Du har inte levererat tillr\u00e4ckligt! Du f\u00e5r g\u00e5 omedelbart! Ungef\u00e4r s\u00e5 kan det l\u00e5ta i finansv\u00e4rlden. Det handlar om att leverera, att visa plussresultat f\u00f6r fonder, f\u00f6r olika finansinstitut etc. Antingen \u00e4r Du en vinnare eller en &#8221;looser&#8221;. Du m\u00e5ste vara duktig, du m\u00e5ste visa framf\u00f6tterna. P\u00e5 den snabba kapitalmarknaden \u00e4r detta en sj\u00e4lvklarhet. Man [&hellip;]<\/p>\n","protected":false},"author":108,"featured_media":0,"comment_status":"open","ping_status":"open","sticky":false,"template":"","format":"standard","meta":{"_acf_changed":false,"footnotes":""},"categories":[16267],"tags":[],"class_list":["post-291","post","type-post","status-publish","format-standard","hentry","category-vinna-eller-forsvinna"],"acf":[],"yoast_head":"<!-- This site is optimized with the Yoast SEO plugin v27.1.1 - https:\/\/yoast.com\/product\/yoast-seo-wordpress\/ -->\n<title>Vinna eller f\u00f6rsvinna? - \u00c5ke Bonnier<\/title>\n<meta name=\"robots\" content=\"index, follow, max-snippet:-1, max-image-preview:large, max-video-preview:-1\" \/>\n<link rel=\"canonical\" href=\"https:\/\/blogg.svenskakyrkan.se\/akebonnier\/2009\/08\/20\/vinna-eller-forsvinna\/\" \/>\n<meta property=\"og:locale\" content=\"sv_SE\" \/>\n<meta property=\"og:type\" content=\"article\" \/>\n<meta property=\"og:title\" content=\"Vinna eller f\u00f6rsvinna? - \u00c5ke Bonnier\" \/>\n<meta property=\"og:description\" content=\"Du har inte levererat tillr\u00e4ckligt! Du f\u00e5r g\u00e5 omedelbart! Ungef\u00e4r s\u00e5 kan det l\u00e5ta i finansv\u00e4rlden. Det handlar om att leverera, att visa plussresultat f\u00f6r fonder, f\u00f6r olika finansinstitut etc. Antingen \u00e4r Du en vinnare eller en &#8221;looser&#8221;. Du m\u00e5ste vara duktig, du m\u00e5ste visa framf\u00f6tterna. P\u00e5 den snabba kapitalmarknaden \u00e4r detta en sj\u00e4lvklarhet. Man [&hellip;]\" \/>\n<meta property=\"og:url\" content=\"https:\/\/blogg.svenskakyrkan.se\/akebonnier\/2009\/08\/20\/vinna-eller-forsvinna\/\" \/>\n<meta property=\"og:site_name\" content=\"\u00c5ke Bonnier\" \/>\n<meta property=\"article:published_time\" content=\"2009-08-20T05:59:00+00:00\" \/>\n<meta property=\"og:image\" content=\"https:\/\/blogger.googleusercontent.com\/tracker\/9055441369901436026-3134540238438133938?l=akebonnier.blogspot.com\" \/>\n<meta name=\"author\" content=\"\u00c5ke Bonnier\" \/>\n<meta name=\"twitter:card\" content=\"summary_large_image\" \/>\n<meta name=\"twitter:label1\" content=\"Skriven av\" \/>\n\t<meta name=\"twitter:data1\" content=\"\u00c5ke Bonnier\" \/>\n\t<meta name=\"twitter:label2\" content=\"Ber\u00e4knad l\u00e4stid\" \/>\n\t<meta name=\"twitter:data2\" content=\"2 minuter\" \/>\n<script type=\"application\/ld+json\" class=\"yoast-schema-graph\">{\"@context\":\"https:\/\/schema.org\",\"@graph\":[{\"@type\":\"Article\",\"@id\":\"https:\/\/blogg.svenskakyrkan.se\/akebonnier\/2009\/08\/20\/vinna-eller-forsvinna\/#article\",\"isPartOf\":{\"@id\":\"https:\/\/blogg.svenskakyrkan.se\/akebonnier\/2009\/08\/20\/vinna-eller-forsvinna\/\"},\"author\":{\"name\":\"\u00c5ke Bonnier\",\"@id\":\"https:\/\/blogg.svenskakyrkan.se\/akebonnier\/#\/schema\/person\/8db68bc0c94f6a5a62df2d4486ff1343\"},\"headline\":\"Vinna eller f\u00f6rsvinna?\",\"datePublished\":\"2009-08-20T05:59:00+00:00\",\"mainEntityOfPage\":{\"@id\":\"https:\/\/blogg.svenskakyrkan.se\/akebonnier\/2009\/08\/20\/vinna-eller-forsvinna\/\"},\"wordCount\":440,\"commentCount\":1,\"image\":{\"@id\":\"https:\/\/blogg.svenskakyrkan.se\/akebonnier\/2009\/08\/20\/vinna-eller-forsvinna\/#primaryimage\"},\"thumbnailUrl\":\"https:\/\/blogger.googleusercontent.com\/tracker\/9055441369901436026-3134540238438133938?l=akebonnier.blogspot.com\",\"articleSection\":[\"Vinna eller f\u00f6rsvinna\"],\"inLanguage\":\"sv-SE\",\"potentialAction\":[{\"@type\":\"CommentAction\",\"name\":\"Comment\",\"target\":[\"https:\/\/blogg.svenskakyrkan.se\/akebonnier\/2009\/08\/20\/vinna-eller-forsvinna\/#respond\"]}]},{\"@type\":\"WebPage\",\"@id\":\"https:\/\/blogg.svenskakyrkan.se\/akebonnier\/2009\/08\/20\/vinna-eller-forsvinna\/\",\"url\":\"https:\/\/blogg.svenskakyrkan.se\/akebonnier\/2009\/08\/20\/vinna-eller-forsvinna\/\",\"name\":\"Vinna eller f\u00f6rsvinna? - \u00c5ke Bonnier\",\"isPartOf\":{\"@id\":\"https:\/\/blogg.svenskakyrkan.se\/akebonnier\/#website\"},\"primaryImageOfPage\":{\"@id\":\"https:\/\/blogg.svenskakyrkan.se\/akebonnier\/2009\/08\/20\/vinna-eller-forsvinna\/#primaryimage\"},\"image\":{\"@id\":\"https:\/\/blogg.svenskakyrkan.se\/akebonnier\/2009\/08\/20\/vinna-eller-forsvinna\/#primaryimage\"},\"thumbnailUrl\":\"https:\/\/blogger.googleusercontent.com\/tracker\/9055441369901436026-3134540238438133938?l=akebonnier.blogspot.com\",\"datePublished\":\"2009-08-20T05:59:00+00:00\",\"author\":{\"@id\":\"https:\/\/blogg.svenskakyrkan.se\/akebonnier\/#\/schema\/person\/8db68bc0c94f6a5a62df2d4486ff1343\"},\"breadcrumb\":{\"@id\":\"https:\/\/blogg.svenskakyrkan.se\/akebonnier\/2009\/08\/20\/vinna-eller-forsvinna\/#breadcrumb\"},\"inLanguage\":\"sv-SE\",\"potentialAction\":[{\"@type\":\"ReadAction\",\"target\":[\"https:\/\/blogg.svenskakyrkan.se\/akebonnier\/2009\/08\/20\/vinna-eller-forsvinna\/\"]}]},{\"@type\":\"ImageObject\",\"inLanguage\":\"sv-SE\",\"@id\":\"https:\/\/blogg.svenskakyrkan.se\/akebonnier\/2009\/08\/20\/vinna-eller-forsvinna\/#primaryimage\",\"url\":\"https:\/\/blogger.googleusercontent.com\/tracker\/9055441369901436026-3134540238438133938?l=akebonnier.blogspot.com\",\"contentUrl\":\"https:\/\/blogger.googleusercontent.com\/tracker\/9055441369901436026-3134540238438133938?l=akebonnier.blogspot.com\"},{\"@type\":\"BreadcrumbList\",\"@id\":\"https:\/\/blogg.svenskakyrkan.se\/akebonnier\/2009\/08\/20\/vinna-eller-forsvinna\/#breadcrumb\",\"itemListElement\":[{\"@type\":\"ListItem\",\"position\":1,\"name\":\"Hem\",\"item\":\"https:\/\/blogg.svenskakyrkan.se\/akebonnier\/\"},{\"@type\":\"ListItem\",\"position\":2,\"name\":\"Vinna eller f\u00f6rsvinna?\"}]},{\"@type\":\"WebSite\",\"@id\":\"https:\/\/blogg.svenskakyrkan.se\/akebonnier\/#website\",\"url\":\"https:\/\/blogg.svenskakyrkan.se\/akebonnier\/\",\"name\":\"\u00c5ke Bonnier\",\"description\":\"Biskop i Svenska kyrkan - Skara stift\",\"potentialAction\":[{\"@type\":\"SearchAction\",\"target\":{\"@type\":\"EntryPoint\",\"urlTemplate\":\"https:\/\/blogg.svenskakyrkan.se\/akebonnier\/?s={search_term_string}\"},\"query-input\":{\"@type\":\"PropertyValueSpecification\",\"valueRequired\":true,\"valueName\":\"search_term_string\"}}],\"inLanguage\":\"sv-SE\"},{\"@type\":\"Person\",\"@id\":\"https:\/\/blogg.svenskakyrkan.se\/akebonnier\/#\/schema\/person\/8db68bc0c94f6a5a62df2d4486ff1343\",\"name\":\"\u00c5ke Bonnier\",\"image\":{\"@type\":\"ImageObject\",\"inLanguage\":\"sv-SE\",\"@id\":\"https:\/\/blogg.svenskakyrkan.se\/akebonnier\/#\/schema\/person\/image\/\",\"url\":\"https:\/\/secure.gravatar.com\/avatar\/b88264736bb0bc0d1ea92298aef02c9f98cfc13c7484130c42c663ae484f9462?s=96&d=mm&r=g\",\"contentUrl\":\"https:\/\/secure.gravatar.com\/avatar\/b88264736bb0bc0d1ea92298aef02c9f98cfc13c7484130c42c663ae484f9462?s=96&d=mm&r=g\",\"caption\":\"\u00c5ke Bonnier\"},\"description\":\"Jag \u00e4r gift och har tv\u00e5 vuxna d\u00f6ttrar. Pr\u00e4stvigdes 1984 och biskopsvigs 26 augusti 2012 . Jag har tidigare bland annat varit, komminister och kyrkoherde i Liding\u00f6 f\u00f6rsamling och domprost i Stockholms domkyrkof\u00f6rsamling. Jag \u00e4r intresserad av konst, litteratur, teater, film. Jag tr\u00e4nar regelbundet p\u00e5 gym. Mitt huvudsakliga musikintresse \u00e4r klassisk musik men ocks\u00e5 Beatles, Elvis Presley, Monika Zettelund, Povel Ramel och m\u00e5nga andra tycker jag om att lyssna p\u00e5. Jag l\u00e4ser f\u00f6r lite sk\u00f6nlitteratur beroende p\u00e5 annat som jag m\u00e5ste l\u00e4sa i mitt uppdrag som biskop. Men jag \u00e4lskar b\u00f6cker. Naturligtvis l\u00e4ser jag n\u00e4st intill dagligdags i \\\"B\u00f6ckernas Bok.\\\"\",\"sameAs\":[\"http:\/\/www.skarastift.se\"],\"url\":\"https:\/\/blogg.svenskakyrkan.se\/akebonnier\/author\/akebonnier\/\"}]}<\/script>\n<!-- \/ Yoast SEO plugin. -->","yoast_head_json":{"title":"Vinna eller f\u00f6rsvinna? - \u00c5ke Bonnier","robots":{"index":"index","follow":"follow","max-snippet":"max-snippet:-1","max-image-preview":"max-image-preview:large","max-video-preview":"max-video-preview:-1"},"canonical":"https:\/\/blogg.svenskakyrkan.se\/akebonnier\/2009\/08\/20\/vinna-eller-forsvinna\/","og_locale":"sv_SE","og_type":"article","og_title":"Vinna eller f\u00f6rsvinna? - \u00c5ke Bonnier","og_description":"Du har inte levererat tillr\u00e4ckligt! Du f\u00e5r g\u00e5 omedelbart! Ungef\u00e4r s\u00e5 kan det l\u00e5ta i finansv\u00e4rlden. Det handlar om att leverera, att visa plussresultat f\u00f6r fonder, f\u00f6r olika finansinstitut etc. Antingen \u00e4r Du en vinnare eller en &#8221;looser&#8221;. Du m\u00e5ste vara duktig, du m\u00e5ste visa framf\u00f6tterna. P\u00e5 den snabba kapitalmarknaden \u00e4r detta en sj\u00e4lvklarhet. Man [&hellip;]","og_url":"https:\/\/blogg.svenskakyrkan.se\/akebonnier\/2009\/08\/20\/vinna-eller-forsvinna\/","og_site_name":"\u00c5ke Bonnier","article_published_time":"2009-08-20T05:59:00+00:00","og_image":[{"url":"https:\/\/blogger.googleusercontent.com\/tracker\/9055441369901436026-3134540238438133938?l=akebonnier.blogspot.com","type":"","width":"","height":""}],"author":"\u00c5ke Bonnier","twitter_card":"summary_large_image","twitter_misc":{"Skriven av":"\u00c5ke Bonnier","Ber\u00e4knad l\u00e4stid":"2 minuter"},"schema":{"@context":"https:\/\/schema.org","@graph":[{"@type":"Article","@id":"https:\/\/blogg.svenskakyrkan.se\/akebonnier\/2009\/08\/20\/vinna-eller-forsvinna\/#article","isPartOf":{"@id":"https:\/\/blogg.svenskakyrkan.se\/akebonnier\/2009\/08\/20\/vinna-eller-forsvinna\/"},"author":{"name":"\u00c5ke Bonnier","@id":"https:\/\/blogg.svenskakyrkan.se\/akebonnier\/#\/schema\/person\/8db68bc0c94f6a5a62df2d4486ff1343"},"headline":"Vinna eller f\u00f6rsvinna?","datePublished":"2009-08-20T05:59:00+00:00","mainEntityOfPage":{"@id":"https:\/\/blogg.svenskakyrkan.se\/akebonnier\/2009\/08\/20\/vinna-eller-forsvinna\/"},"wordCount":440,"commentCount":1,"image":{"@id":"https:\/\/blogg.svenskakyrkan.se\/akebonnier\/2009\/08\/20\/vinna-eller-forsvinna\/#primaryimage"},"thumbnailUrl":"https:\/\/blogger.googleusercontent.com\/tracker\/9055441369901436026-3134540238438133938?l=akebonnier.blogspot.com","articleSection":["Vinna eller f\u00f6rsvinna"],"inLanguage":"sv-SE","potentialAction":[{"@type":"CommentAction","name":"Comment","target":["https:\/\/blogg.svenskakyrkan.se\/akebonnier\/2009\/08\/20\/vinna-eller-forsvinna\/#respond"]}]},{"@type":"WebPage","@id":"https:\/\/blogg.svenskakyrkan.se\/akebonnier\/2009\/08\/20\/vinna-eller-forsvinna\/","url":"https:\/\/blogg.svenskakyrkan.se\/akebonnier\/2009\/08\/20\/vinna-eller-forsvinna\/","name":"Vinna eller f\u00f6rsvinna? - \u00c5ke Bonnier","isPartOf":{"@id":"https:\/\/blogg.svenskakyrkan.se\/akebonnier\/#website"},"primaryImageOfPage":{"@id":"https:\/\/blogg.svenskakyrkan.se\/akebonnier\/2009\/08\/20\/vinna-eller-forsvinna\/#primaryimage"},"image":{"@id":"https:\/\/blogg.svenskakyrkan.se\/akebonnier\/2009\/08\/20\/vinna-eller-forsvinna\/#primaryimage"},"thumbnailUrl":"https:\/\/blogger.googleusercontent.com\/tracker\/9055441369901436026-3134540238438133938?l=akebonnier.blogspot.com","datePublished":"2009-08-20T05:59:00+00:00","author":{"@id":"https:\/\/blogg.svenskakyrkan.se\/akebonnier\/#\/schema\/person\/8db68bc0c94f6a5a62df2d4486ff1343"},"breadcrumb":{"@id":"https:\/\/blogg.svenskakyrkan.se\/akebonnier\/2009\/08\/20\/vinna-eller-forsvinna\/#breadcrumb"},"inLanguage":"sv-SE","potentialAction":[{"@type":"ReadAction","target":["https:\/\/blogg.svenskakyrkan.se\/akebonnier\/2009\/08\/20\/vinna-eller-forsvinna\/"]}]},{"@type":"ImageObject","inLanguage":"sv-SE","@id":"https:\/\/blogg.svenskakyrkan.se\/akebonnier\/2009\/08\/20\/vinna-eller-forsvinna\/#primaryimage","url":"https:\/\/blogger.googleusercontent.com\/tracker\/9055441369901436026-3134540238438133938?l=akebonnier.blogspot.com","contentUrl":"https:\/\/blogger.googleusercontent.com\/tracker\/9055441369901436026-3134540238438133938?l=akebonnier.blogspot.com"},{"@type":"BreadcrumbList","@id":"https:\/\/blogg.svenskakyrkan.se\/akebonnier\/2009\/08\/20\/vinna-eller-forsvinna\/#breadcrumb","itemListElement":[{"@type":"ListItem","position":1,"name":"Hem","item":"https:\/\/blogg.svenskakyrkan.se\/akebonnier\/"},{"@type":"ListItem","position":2,"name":"Vinna eller f\u00f6rsvinna?"}]},{"@type":"WebSite","@id":"https:\/\/blogg.svenskakyrkan.se\/akebonnier\/#website","url":"https:\/\/blogg.svenskakyrkan.se\/akebonnier\/","name":"\u00c5ke Bonnier","description":"Biskop i Svenska kyrkan - Skara stift","potentialAction":[{"@type":"SearchAction","target":{"@type":"EntryPoint","urlTemplate":"https:\/\/blogg.svenskakyrkan.se\/akebonnier\/?s={search_term_string}"},"query-input":{"@type":"PropertyValueSpecification","valueRequired":true,"valueName":"search_term_string"}}],"inLanguage":"sv-SE"},{"@type":"Person","@id":"https:\/\/blogg.svenskakyrkan.se\/akebonnier\/#\/schema\/person\/8db68bc0c94f6a5a62df2d4486ff1343","name":"\u00c5ke Bonnier","image":{"@type":"ImageObject","inLanguage":"sv-SE","@id":"https:\/\/blogg.svenskakyrkan.se\/akebonnier\/#\/schema\/person\/image\/","url":"https:\/\/secure.gravatar.com\/avatar\/b88264736bb0bc0d1ea92298aef02c9f98cfc13c7484130c42c663ae484f9462?s=96&d=mm&r=g","contentUrl":"https:\/\/secure.gravatar.com\/avatar\/b88264736bb0bc0d1ea92298aef02c9f98cfc13c7484130c42c663ae484f9462?s=96&d=mm&r=g","caption":"\u00c5ke Bonnier"},"description":"Jag \u00e4r gift och har tv\u00e5 vuxna d\u00f6ttrar. Pr\u00e4stvigdes 1984 och biskopsvigs 26 augusti 2012 . Jag har tidigare bland annat varit, komminister och kyrkoherde i Liding\u00f6 f\u00f6rsamling och domprost i Stockholms domkyrkof\u00f6rsamling. Jag \u00e4r intresserad av konst, litteratur, teater, film. Jag tr\u00e4nar regelbundet p\u00e5 gym. Mitt huvudsakliga musikintresse \u00e4r klassisk musik men ocks\u00e5 Beatles, Elvis Presley, Monika Zettelund, Povel Ramel och m\u00e5nga andra tycker jag om att lyssna p\u00e5. Jag l\u00e4ser f\u00f6r lite sk\u00f6nlitteratur beroende p\u00e5 annat som jag m\u00e5ste l\u00e4sa i mitt uppdrag som biskop. Men jag \u00e4lskar b\u00f6cker. Naturligtvis l\u00e4ser jag n\u00e4st intill dagligdags i \"B\u00f6ckernas Bok.\"","sameAs":["http:\/\/www.skarastift.se"],"url":"https:\/\/blogg.svenskakyrkan.se\/akebonnier\/author\/akebonnier\/"}]}},"author_meta":{"ID":"108","user_nicename":"akebonnier","user_url":"http:\/\/www.skarastift.se","user_registered":"2011-10-11 09:24:48","display_name":"\u00c5ke Bonnier","first_name":"\u00c5ke","last_name":"Bonnier","avatar":"https:\/\/secure.gravatar.com\/avatar\/b88264736bb0bc0d1ea92298aef02c9f98cfc13c7484130c42c663ae484f9462?s=96&d=mm&r=g"},"featured_image":false,"bloginfo":{"name":"\u00c5ke Bonnier","url":"https:\/\/blogg.svenskakyrkan.se\/akebonnier"},"_links":{"self":[{"href":"https:\/\/blogg.svenskakyrkan.se\/akebonnier\/wp-json\/wp\/v2\/posts\/291","targetHints":{"allow":["GET"]}}],"collection":[{"href":"https:\/\/blogg.svenskakyrkan.se\/akebonnier\/wp-json\/wp\/v2\/posts"}],"about":[{"href":"https:\/\/blogg.svenskakyrkan.se\/akebonnier\/wp-json\/wp\/v2\/types\/post"}],"author":[{"embeddable":true,"href":"https:\/\/blogg.svenskakyrkan.se\/akebonnier\/wp-json\/wp\/v2\/users\/108"}],"replies":[{"embeddable":true,"href":"https:\/\/blogg.svenskakyrkan.se\/akebonnier\/wp-json\/wp\/v2\/comments?post=291"}],"version-history":[{"count":0,"href":"https:\/\/blogg.svenskakyrkan.se\/akebonnier\/wp-json\/wp\/v2\/posts\/291\/revisions"}],"wp:attachment":[{"href":"https:\/\/blogg.svenskakyrkan.se\/akebonnier\/wp-json\/wp\/v2\/media?parent=291"}],"wp:term":[{"taxonomy":"category","embeddable":true,"href":"https:\/\/blogg.svenskakyrkan.se\/akebonnier\/wp-json\/wp\/v2\/categories?post=291"},{"taxonomy":"post_tag","embeddable":true,"href":"https:\/\/blogg.svenskakyrkan.se\/akebonnier\/wp-json\/wp\/v2\/tags?post=291"}],"curies":[{"name":"wp","href":"https:\/\/api.w.org\/{rel}","templated":true}]}}