{"id":295,"date":"2009-08-24T20:14:00","date_gmt":"2009-08-24T20:14:00","guid":{"rendered":"http:\/\/blogg.svenskakyrkan.se\/akebonnier\/2009\/08\/24\/jag-kanner-mig-valdigt-hedrad\/"},"modified":"2009-08-24T20:14:00","modified_gmt":"2009-08-24T20:14:00","slug":"jag-kanner-mig-valdigt-hedrad","status":"publish","type":"post","link":"https:\/\/blogg.svenskakyrkan.se\/akebonnier\/2009\/08\/24\/jag-kanner-mig-valdigt-hedrad\/","title":{"rendered":"Jag k\u00e4nner mig v\u00e4ldigt hedrad!!"},"content":{"rendered":"<p>Man m\u00e5 tycka att det \u00e4r naturligt att domprosten, som chef f\u00f6r domkyrkan, \u00e4r med n\u00e4r en kunglig vigsel ska \u00e4ga rum i domkyrkan, men jag \u00e4r, trots eventuell naturlighet, \u00e4nd\u00e5 v\u00e4ldigt glad och v\u00e4ldigt hedrad. I dag har det blivit helt och h\u00e5llet offentliggjort att vi \u00e4r fyra som tj\u00e4nstg\u00f6r vid h\u00f6galtaret i Storkyrkan den 19 juni n\u00e4sta \u00e5r. 3 biskopar varav en \u00e4rkebiskop och s\u00e5 jag. Jag har sannerligen ingen aning om hur sj\u00e4lva uppl\u00e4gget kommer att bli men jag utg\u00e5r fr\u00e5n att det finns \u00f6nskem\u00e5l fr\u00e5n brudparet samt att vi fyra som ska tj\u00e4nstg\u00f6ra kommer att tala oss samman utifr\u00e5n givna f\u00f6ruts\u00e4ttningar.<\/p>\n<p>Jag gl\u00e4der mig ocks\u00e5 \u00f6ver att det \u00e4r s\u00e5 sj\u00e4lvklart att kronprinsessan Victoria och herr Daniel Westling med sj\u00e4lvklarhet v\u00e4ljer kyrklig vigsel, med sj\u00e4lvklarhet v\u00e4ljer att s\u00e4ga Ja &#8221;inf\u00f6r Gud och i denna f\u00f6rsamlings n\u00e4rvaro&#8221;. Det \u00e4r en bra b\u00f6rjan p\u00e5 ett \u00e4ktenskap. De f\u00e5r inleda sin juridiska relation med att be tillsammans, att p\u00e5minna sig om att de, oavsett allt, aldrig n\u00e5gonsin \u00e4r \u00f6vergivna av Gud.<\/p>\n<p>Jag \u00e4r naturligtvis glad \u00f6ver att de inte valde en annan kyrka, slottskyrkan eller n\u00e5gon \u00f6l\u00e4ndsk kyrka, utan att de kommer till Storkyrkan &#8211; till en f\u00f6rhoppningsvis rengjord Storkyrka.<\/p>\n<p>Mycket \u00e5terst\u00e5r och det \u00e4r sp\u00e4nnande. I dag kan jag bara i all \u00f6dmjukhet, \u00e5ter igen, s\u00e4ga: Jag k\u00e4nner mig hedrad, jag gl\u00e4ds och jag vill tillsammans med de tre biskoparna, bidra till att g\u00f6ra det kungliga brudparets vigselgudstj\u00e4nst just till en gudstj\u00e4nst med de sj\u00e4lva i centrum och med Gud i centrum.<\/p>\n<div class=\"blogger-post-footer\"><img width='1' height='1' src='https:\/\/blogger.googleusercontent.com\/tracker\/9055441369901436026-7138760400851721559?l=akebonnier.blogspot.com' alt='' \/><\/div>\n","protected":false},"excerpt":{"rendered":"<p>Man m\u00e5 tycka att det \u00e4r naturligt att domprosten, som chef f\u00f6r domkyrkan, \u00e4r med n\u00e4r en kunglig vigsel ska \u00e4ga rum i domkyrkan, men jag \u00e4r, trots eventuell naturlighet, \u00e4nd\u00e5 v\u00e4ldigt glad och v\u00e4ldigt hedrad. I dag har det blivit helt och h\u00e5llet offentliggjort att vi \u00e4r fyra som tj\u00e4nstg\u00f6r vid h\u00f6galtaret i Storkyrkan [&hellip;]<\/p>\n","protected":false},"author":108,"featured_media":0,"comment_status":"open","ping_status":"open","sticky":false,"template":"","format":"standard","meta":{"_acf_changed":false,"footnotes":""},"categories":[16271],"tags":[],"class_list":["post-295","post","type-post","status-publish","format-standard","hentry","category-jag-kanner-mig-valdigt-hedrad"],"acf":[],"yoast_head":"<!-- This site is optimized with the Yoast SEO plugin v27.1.1 - https:\/\/yoast.com\/product\/yoast-seo-wordpress\/ -->\n<title>Jag k\u00e4nner mig v\u00e4ldigt hedrad!! - \u00c5ke Bonnier<\/title>\n<meta name=\"robots\" content=\"index, follow, max-snippet:-1, max-image-preview:large, max-video-preview:-1\" \/>\n<link rel=\"canonical\" href=\"https:\/\/blogg.svenskakyrkan.se\/akebonnier\/2009\/08\/24\/jag-kanner-mig-valdigt-hedrad\/\" \/>\n<meta property=\"og:locale\" content=\"sv_SE\" \/>\n<meta property=\"og:type\" content=\"article\" \/>\n<meta property=\"og:title\" content=\"Jag k\u00e4nner mig v\u00e4ldigt hedrad!! - \u00c5ke Bonnier\" \/>\n<meta property=\"og:description\" content=\"Man m\u00e5 tycka att det \u00e4r naturligt att domprosten, som chef f\u00f6r domkyrkan, \u00e4r med n\u00e4r en kunglig vigsel ska \u00e4ga rum i domkyrkan, men jag \u00e4r, trots eventuell naturlighet, \u00e4nd\u00e5 v\u00e4ldigt glad och v\u00e4ldigt hedrad. I dag har det blivit helt och h\u00e5llet offentliggjort att vi \u00e4r fyra som tj\u00e4nstg\u00f6r vid h\u00f6galtaret i Storkyrkan [&hellip;]\" \/>\n<meta property=\"og:url\" content=\"https:\/\/blogg.svenskakyrkan.se\/akebonnier\/2009\/08\/24\/jag-kanner-mig-valdigt-hedrad\/\" \/>\n<meta property=\"og:site_name\" content=\"\u00c5ke Bonnier\" \/>\n<meta property=\"article:published_time\" content=\"2009-08-24T20:14:00+00:00\" \/>\n<meta property=\"og:image\" content=\"https:\/\/blogger.googleusercontent.com\/tracker\/9055441369901436026-7138760400851721559?l=akebonnier.blogspot.com\" \/>\n<meta name=\"author\" content=\"\u00c5ke Bonnier\" \/>\n<meta name=\"twitter:card\" content=\"summary_large_image\" \/>\n<meta name=\"twitter:label1\" content=\"Skriven av\" \/>\n\t<meta name=\"twitter:data1\" content=\"\u00c5ke Bonnier\" \/>\n\t<meta name=\"twitter:label2\" content=\"Ber\u00e4knad l\u00e4stid\" \/>\n\t<meta name=\"twitter:data2\" content=\"1 minut\" \/>\n<script type=\"application\/ld+json\" class=\"yoast-schema-graph\">{\"@context\":\"https:\/\/schema.org\",\"@graph\":[{\"@type\":\"Article\",\"@id\":\"https:\/\/blogg.svenskakyrkan.se\/akebonnier\/2009\/08\/24\/jag-kanner-mig-valdigt-hedrad\/#article\",\"isPartOf\":{\"@id\":\"https:\/\/blogg.svenskakyrkan.se\/akebonnier\/2009\/08\/24\/jag-kanner-mig-valdigt-hedrad\/\"},\"author\":{\"name\":\"\u00c5ke Bonnier\",\"@id\":\"https:\/\/blogg.svenskakyrkan.se\/akebonnier\/#\/schema\/person\/8db68bc0c94f6a5a62df2d4486ff1343\"},\"headline\":\"Jag k\u00e4nner mig v\u00e4ldigt hedrad!!\",\"datePublished\":\"2009-08-24T20:14:00+00:00\",\"mainEntityOfPage\":{\"@id\":\"https:\/\/blogg.svenskakyrkan.se\/akebonnier\/2009\/08\/24\/jag-kanner-mig-valdigt-hedrad\/\"},\"wordCount\":305,\"commentCount\":11,\"image\":{\"@id\":\"https:\/\/blogg.svenskakyrkan.se\/akebonnier\/2009\/08\/24\/jag-kanner-mig-valdigt-hedrad\/#primaryimage\"},\"thumbnailUrl\":\"https:\/\/blogger.googleusercontent.com\/tracker\/9055441369901436026-7138760400851721559?l=akebonnier.blogspot.com\",\"articleSection\":[\"Jag k\u00e4nner mig v\u00e4ldigt hedrad\"],\"inLanguage\":\"sv-SE\",\"potentialAction\":[{\"@type\":\"CommentAction\",\"name\":\"Comment\",\"target\":[\"https:\/\/blogg.svenskakyrkan.se\/akebonnier\/2009\/08\/24\/jag-kanner-mig-valdigt-hedrad\/#respond\"]}]},{\"@type\":\"WebPage\",\"@id\":\"https:\/\/blogg.svenskakyrkan.se\/akebonnier\/2009\/08\/24\/jag-kanner-mig-valdigt-hedrad\/\",\"url\":\"https:\/\/blogg.svenskakyrkan.se\/akebonnier\/2009\/08\/24\/jag-kanner-mig-valdigt-hedrad\/\",\"name\":\"Jag k\u00e4nner mig v\u00e4ldigt hedrad!! - \u00c5ke Bonnier\",\"isPartOf\":{\"@id\":\"https:\/\/blogg.svenskakyrkan.se\/akebonnier\/#website\"},\"primaryImageOfPage\":{\"@id\":\"https:\/\/blogg.svenskakyrkan.se\/akebonnier\/2009\/08\/24\/jag-kanner-mig-valdigt-hedrad\/#primaryimage\"},\"image\":{\"@id\":\"https:\/\/blogg.svenskakyrkan.se\/akebonnier\/2009\/08\/24\/jag-kanner-mig-valdigt-hedrad\/#primaryimage\"},\"thumbnailUrl\":\"https:\/\/blogger.googleusercontent.com\/tracker\/9055441369901436026-7138760400851721559?l=akebonnier.blogspot.com\",\"datePublished\":\"2009-08-24T20:14:00+00:00\",\"author\":{\"@id\":\"https:\/\/blogg.svenskakyrkan.se\/akebonnier\/#\/schema\/person\/8db68bc0c94f6a5a62df2d4486ff1343\"},\"breadcrumb\":{\"@id\":\"https:\/\/blogg.svenskakyrkan.se\/akebonnier\/2009\/08\/24\/jag-kanner-mig-valdigt-hedrad\/#breadcrumb\"},\"inLanguage\":\"sv-SE\",\"potentialAction\":[{\"@type\":\"ReadAction\",\"target\":[\"https:\/\/blogg.svenskakyrkan.se\/akebonnier\/2009\/08\/24\/jag-kanner-mig-valdigt-hedrad\/\"]}]},{\"@type\":\"ImageObject\",\"inLanguage\":\"sv-SE\",\"@id\":\"https:\/\/blogg.svenskakyrkan.se\/akebonnier\/2009\/08\/24\/jag-kanner-mig-valdigt-hedrad\/#primaryimage\",\"url\":\"https:\/\/blogger.googleusercontent.com\/tracker\/9055441369901436026-7138760400851721559?l=akebonnier.blogspot.com\",\"contentUrl\":\"https:\/\/blogger.googleusercontent.com\/tracker\/9055441369901436026-7138760400851721559?l=akebonnier.blogspot.com\"},{\"@type\":\"BreadcrumbList\",\"@id\":\"https:\/\/blogg.svenskakyrkan.se\/akebonnier\/2009\/08\/24\/jag-kanner-mig-valdigt-hedrad\/#breadcrumb\",\"itemListElement\":[{\"@type\":\"ListItem\",\"position\":1,\"name\":\"Hem\",\"item\":\"https:\/\/blogg.svenskakyrkan.se\/akebonnier\/\"},{\"@type\":\"ListItem\",\"position\":2,\"name\":\"Jag k\u00e4nner mig v\u00e4ldigt hedrad!!\"}]},{\"@type\":\"WebSite\",\"@id\":\"https:\/\/blogg.svenskakyrkan.se\/akebonnier\/#website\",\"url\":\"https:\/\/blogg.svenskakyrkan.se\/akebonnier\/\",\"name\":\"\u00c5ke Bonnier\",\"description\":\"Biskop i Svenska kyrkan - Skara stift\",\"potentialAction\":[{\"@type\":\"SearchAction\",\"target\":{\"@type\":\"EntryPoint\",\"urlTemplate\":\"https:\/\/blogg.svenskakyrkan.se\/akebonnier\/?s={search_term_string}\"},\"query-input\":{\"@type\":\"PropertyValueSpecification\",\"valueRequired\":true,\"valueName\":\"search_term_string\"}}],\"inLanguage\":\"sv-SE\"},{\"@type\":\"Person\",\"@id\":\"https:\/\/blogg.svenskakyrkan.se\/akebonnier\/#\/schema\/person\/8db68bc0c94f6a5a62df2d4486ff1343\",\"name\":\"\u00c5ke Bonnier\",\"image\":{\"@type\":\"ImageObject\",\"inLanguage\":\"sv-SE\",\"@id\":\"https:\/\/blogg.svenskakyrkan.se\/akebonnier\/#\/schema\/person\/image\/\",\"url\":\"https:\/\/secure.gravatar.com\/avatar\/b88264736bb0bc0d1ea92298aef02c9f98cfc13c7484130c42c663ae484f9462?s=96&d=mm&r=g\",\"contentUrl\":\"https:\/\/secure.gravatar.com\/avatar\/b88264736bb0bc0d1ea92298aef02c9f98cfc13c7484130c42c663ae484f9462?s=96&d=mm&r=g\",\"caption\":\"\u00c5ke Bonnier\"},\"description\":\"Jag \u00e4r gift och har tv\u00e5 vuxna d\u00f6ttrar. Pr\u00e4stvigdes 1984 och biskopsvigs 26 augusti 2012 . Jag har tidigare bland annat varit, komminister och kyrkoherde i Liding\u00f6 f\u00f6rsamling och domprost i Stockholms domkyrkof\u00f6rsamling. Jag \u00e4r intresserad av konst, litteratur, teater, film. Jag tr\u00e4nar regelbundet p\u00e5 gym. Mitt huvudsakliga musikintresse \u00e4r klassisk musik men ocks\u00e5 Beatles, Elvis Presley, Monika Zettelund, Povel Ramel och m\u00e5nga andra tycker jag om att lyssna p\u00e5. Jag l\u00e4ser f\u00f6r lite sk\u00f6nlitteratur beroende p\u00e5 annat som jag m\u00e5ste l\u00e4sa i mitt uppdrag som biskop. Men jag \u00e4lskar b\u00f6cker. Naturligtvis l\u00e4ser jag n\u00e4st intill dagligdags i \\\"B\u00f6ckernas Bok.\\\"\",\"sameAs\":[\"http:\/\/www.skarastift.se\"],\"url\":\"https:\/\/blogg.svenskakyrkan.se\/akebonnier\/author\/akebonnier\/\"}]}<\/script>\n<!-- \/ Yoast SEO plugin. -->","yoast_head_json":{"title":"Jag k\u00e4nner mig v\u00e4ldigt hedrad!! - \u00c5ke Bonnier","robots":{"index":"index","follow":"follow","max-snippet":"max-snippet:-1","max-image-preview":"max-image-preview:large","max-video-preview":"max-video-preview:-1"},"canonical":"https:\/\/blogg.svenskakyrkan.se\/akebonnier\/2009\/08\/24\/jag-kanner-mig-valdigt-hedrad\/","og_locale":"sv_SE","og_type":"article","og_title":"Jag k\u00e4nner mig v\u00e4ldigt hedrad!! - \u00c5ke Bonnier","og_description":"Man m\u00e5 tycka att det \u00e4r naturligt att domprosten, som chef f\u00f6r domkyrkan, \u00e4r med n\u00e4r en kunglig vigsel ska \u00e4ga rum i domkyrkan, men jag \u00e4r, trots eventuell naturlighet, \u00e4nd\u00e5 v\u00e4ldigt glad och v\u00e4ldigt hedrad. I dag har det blivit helt och h\u00e5llet offentliggjort att vi \u00e4r fyra som tj\u00e4nstg\u00f6r vid h\u00f6galtaret i Storkyrkan [&hellip;]","og_url":"https:\/\/blogg.svenskakyrkan.se\/akebonnier\/2009\/08\/24\/jag-kanner-mig-valdigt-hedrad\/","og_site_name":"\u00c5ke Bonnier","article_published_time":"2009-08-24T20:14:00+00:00","og_image":[{"url":"https:\/\/blogger.googleusercontent.com\/tracker\/9055441369901436026-7138760400851721559?l=akebonnier.blogspot.com","type":"","width":"","height":""}],"author":"\u00c5ke Bonnier","twitter_card":"summary_large_image","twitter_misc":{"Skriven av":"\u00c5ke Bonnier","Ber\u00e4knad l\u00e4stid":"1 minut"},"schema":{"@context":"https:\/\/schema.org","@graph":[{"@type":"Article","@id":"https:\/\/blogg.svenskakyrkan.se\/akebonnier\/2009\/08\/24\/jag-kanner-mig-valdigt-hedrad\/#article","isPartOf":{"@id":"https:\/\/blogg.svenskakyrkan.se\/akebonnier\/2009\/08\/24\/jag-kanner-mig-valdigt-hedrad\/"},"author":{"name":"\u00c5ke Bonnier","@id":"https:\/\/blogg.svenskakyrkan.se\/akebonnier\/#\/schema\/person\/8db68bc0c94f6a5a62df2d4486ff1343"},"headline":"Jag k\u00e4nner mig v\u00e4ldigt hedrad!!","datePublished":"2009-08-24T20:14:00+00:00","mainEntityOfPage":{"@id":"https:\/\/blogg.svenskakyrkan.se\/akebonnier\/2009\/08\/24\/jag-kanner-mig-valdigt-hedrad\/"},"wordCount":305,"commentCount":11,"image":{"@id":"https:\/\/blogg.svenskakyrkan.se\/akebonnier\/2009\/08\/24\/jag-kanner-mig-valdigt-hedrad\/#primaryimage"},"thumbnailUrl":"https:\/\/blogger.googleusercontent.com\/tracker\/9055441369901436026-7138760400851721559?l=akebonnier.blogspot.com","articleSection":["Jag k\u00e4nner mig v\u00e4ldigt hedrad"],"inLanguage":"sv-SE","potentialAction":[{"@type":"CommentAction","name":"Comment","target":["https:\/\/blogg.svenskakyrkan.se\/akebonnier\/2009\/08\/24\/jag-kanner-mig-valdigt-hedrad\/#respond"]}]},{"@type":"WebPage","@id":"https:\/\/blogg.svenskakyrkan.se\/akebonnier\/2009\/08\/24\/jag-kanner-mig-valdigt-hedrad\/","url":"https:\/\/blogg.svenskakyrkan.se\/akebonnier\/2009\/08\/24\/jag-kanner-mig-valdigt-hedrad\/","name":"Jag k\u00e4nner mig v\u00e4ldigt hedrad!! - \u00c5ke Bonnier","isPartOf":{"@id":"https:\/\/blogg.svenskakyrkan.se\/akebonnier\/#website"},"primaryImageOfPage":{"@id":"https:\/\/blogg.svenskakyrkan.se\/akebonnier\/2009\/08\/24\/jag-kanner-mig-valdigt-hedrad\/#primaryimage"},"image":{"@id":"https:\/\/blogg.svenskakyrkan.se\/akebonnier\/2009\/08\/24\/jag-kanner-mig-valdigt-hedrad\/#primaryimage"},"thumbnailUrl":"https:\/\/blogger.googleusercontent.com\/tracker\/9055441369901436026-7138760400851721559?l=akebonnier.blogspot.com","datePublished":"2009-08-24T20:14:00+00:00","author":{"@id":"https:\/\/blogg.svenskakyrkan.se\/akebonnier\/#\/schema\/person\/8db68bc0c94f6a5a62df2d4486ff1343"},"breadcrumb":{"@id":"https:\/\/blogg.svenskakyrkan.se\/akebonnier\/2009\/08\/24\/jag-kanner-mig-valdigt-hedrad\/#breadcrumb"},"inLanguage":"sv-SE","potentialAction":[{"@type":"ReadAction","target":["https:\/\/blogg.svenskakyrkan.se\/akebonnier\/2009\/08\/24\/jag-kanner-mig-valdigt-hedrad\/"]}]},{"@type":"ImageObject","inLanguage":"sv-SE","@id":"https:\/\/blogg.svenskakyrkan.se\/akebonnier\/2009\/08\/24\/jag-kanner-mig-valdigt-hedrad\/#primaryimage","url":"https:\/\/blogger.googleusercontent.com\/tracker\/9055441369901436026-7138760400851721559?l=akebonnier.blogspot.com","contentUrl":"https:\/\/blogger.googleusercontent.com\/tracker\/9055441369901436026-7138760400851721559?l=akebonnier.blogspot.com"},{"@type":"BreadcrumbList","@id":"https:\/\/blogg.svenskakyrkan.se\/akebonnier\/2009\/08\/24\/jag-kanner-mig-valdigt-hedrad\/#breadcrumb","itemListElement":[{"@type":"ListItem","position":1,"name":"Hem","item":"https:\/\/blogg.svenskakyrkan.se\/akebonnier\/"},{"@type":"ListItem","position":2,"name":"Jag k\u00e4nner mig v\u00e4ldigt hedrad!!"}]},{"@type":"WebSite","@id":"https:\/\/blogg.svenskakyrkan.se\/akebonnier\/#website","url":"https:\/\/blogg.svenskakyrkan.se\/akebonnier\/","name":"\u00c5ke Bonnier","description":"Biskop i Svenska kyrkan - Skara stift","potentialAction":[{"@type":"SearchAction","target":{"@type":"EntryPoint","urlTemplate":"https:\/\/blogg.svenskakyrkan.se\/akebonnier\/?s={search_term_string}"},"query-input":{"@type":"PropertyValueSpecification","valueRequired":true,"valueName":"search_term_string"}}],"inLanguage":"sv-SE"},{"@type":"Person","@id":"https:\/\/blogg.svenskakyrkan.se\/akebonnier\/#\/schema\/person\/8db68bc0c94f6a5a62df2d4486ff1343","name":"\u00c5ke Bonnier","image":{"@type":"ImageObject","inLanguage":"sv-SE","@id":"https:\/\/blogg.svenskakyrkan.se\/akebonnier\/#\/schema\/person\/image\/","url":"https:\/\/secure.gravatar.com\/avatar\/b88264736bb0bc0d1ea92298aef02c9f98cfc13c7484130c42c663ae484f9462?s=96&d=mm&r=g","contentUrl":"https:\/\/secure.gravatar.com\/avatar\/b88264736bb0bc0d1ea92298aef02c9f98cfc13c7484130c42c663ae484f9462?s=96&d=mm&r=g","caption":"\u00c5ke Bonnier"},"description":"Jag \u00e4r gift och har tv\u00e5 vuxna d\u00f6ttrar. Pr\u00e4stvigdes 1984 och biskopsvigs 26 augusti 2012 . Jag har tidigare bland annat varit, komminister och kyrkoherde i Liding\u00f6 f\u00f6rsamling och domprost i Stockholms domkyrkof\u00f6rsamling. Jag \u00e4r intresserad av konst, litteratur, teater, film. Jag tr\u00e4nar regelbundet p\u00e5 gym. Mitt huvudsakliga musikintresse \u00e4r klassisk musik men ocks\u00e5 Beatles, Elvis Presley, Monika Zettelund, Povel Ramel och m\u00e5nga andra tycker jag om att lyssna p\u00e5. Jag l\u00e4ser f\u00f6r lite sk\u00f6nlitteratur beroende p\u00e5 annat som jag m\u00e5ste l\u00e4sa i mitt uppdrag som biskop. Men jag \u00e4lskar b\u00f6cker. Naturligtvis l\u00e4ser jag n\u00e4st intill dagligdags i \"B\u00f6ckernas Bok.\"","sameAs":["http:\/\/www.skarastift.se"],"url":"https:\/\/blogg.svenskakyrkan.se\/akebonnier\/author\/akebonnier\/"}]}},"author_meta":{"ID":"108","user_nicename":"akebonnier","user_url":"http:\/\/www.skarastift.se","user_registered":"2011-10-11 09:24:48","display_name":"\u00c5ke Bonnier","first_name":"\u00c5ke","last_name":"Bonnier","avatar":"https:\/\/secure.gravatar.com\/avatar\/b88264736bb0bc0d1ea92298aef02c9f98cfc13c7484130c42c663ae484f9462?s=96&d=mm&r=g"},"featured_image":false,"bloginfo":{"name":"\u00c5ke Bonnier","url":"https:\/\/blogg.svenskakyrkan.se\/akebonnier"},"_links":{"self":[{"href":"https:\/\/blogg.svenskakyrkan.se\/akebonnier\/wp-json\/wp\/v2\/posts\/295","targetHints":{"allow":["GET"]}}],"collection":[{"href":"https:\/\/blogg.svenskakyrkan.se\/akebonnier\/wp-json\/wp\/v2\/posts"}],"about":[{"href":"https:\/\/blogg.svenskakyrkan.se\/akebonnier\/wp-json\/wp\/v2\/types\/post"}],"author":[{"embeddable":true,"href":"https:\/\/blogg.svenskakyrkan.se\/akebonnier\/wp-json\/wp\/v2\/users\/108"}],"replies":[{"embeddable":true,"href":"https:\/\/blogg.svenskakyrkan.se\/akebonnier\/wp-json\/wp\/v2\/comments?post=295"}],"version-history":[{"count":0,"href":"https:\/\/blogg.svenskakyrkan.se\/akebonnier\/wp-json\/wp\/v2\/posts\/295\/revisions"}],"wp:attachment":[{"href":"https:\/\/blogg.svenskakyrkan.se\/akebonnier\/wp-json\/wp\/v2\/media?parent=295"}],"wp:term":[{"taxonomy":"category","embeddable":true,"href":"https:\/\/blogg.svenskakyrkan.se\/akebonnier\/wp-json\/wp\/v2\/categories?post=295"},{"taxonomy":"post_tag","embeddable":true,"href":"https:\/\/blogg.svenskakyrkan.se\/akebonnier\/wp-json\/wp\/v2\/tags?post=295"}],"curies":[{"name":"wp","href":"https:\/\/api.w.org\/{rel}","templated":true}]}}