{"id":297,"date":"2009-08-28T07:45:00","date_gmt":"2009-08-28T07:45:00","guid":{"rendered":"http:\/\/blogg.svenskakyrkan.se\/akebonnier\/2009\/08\/28\/den-virtuella-boneladan\/"},"modified":"2009-08-28T07:45:00","modified_gmt":"2009-08-28T07:45:00","slug":"den-virtuella-boneladan","status":"publish","type":"post","link":"https:\/\/blogg.svenskakyrkan.se\/akebonnier\/2009\/08\/28\/den-virtuella-boneladan\/","title":{"rendered":"Den virtuella b\u00f6nel\u00e5dan."},"content":{"rendered":"<p>Aldrig n\u00e5gonsin har vi haft s\u00e5 m\u00e5nga b\u00f6ner i en b\u00f6nel\u00e5da p\u00e5 s\u00e5 kort tid. Jo, s\u00e5 \u00e4r det. Ca 960 b\u00f6ner kommer att b\u00e4ras fram i <strong>Storkyrkan i morgon p\u00e5 v\u00e5r f\u00f6rb\u00f6nsm\u00e4ssa kl. 11.00<\/strong>. N\u00e5gra kommer att bedjas h\u00f6gt medan de allra flesta bara kommer att finnas d\u00e4r tillsammans med de b\u00f6ner som skrivits i Storkyrkan under den g\u00e5ngna veckan. Drygt 5000 b\u00f6ner finns i skrivande stund p\u00e5 Svenska kyrkans hemsida (du kan n\u00e5 den via v\u00e5r hemsida <a href=\"http:\/\/www.storkyrkan.nu\/\">www.storkyrkan.nu<\/a>). En del \u00e4r kritiska till att b\u00f6ner skrivs p\u00e5 webben. Men f\u00f6r min del tycker jag att det \u00e4r fantastiskt Det finns en l\u00e4ngtan hos m\u00e4nniskor, en l\u00e4ngtan efter gudsrelation, en l\u00e4ngtan efter att n\u00e5gon ska h\u00f6ra deras hj\u00e4rtans rop. Och Gud h\u00f6r b\u00f6n, menar jag. Det \u00e4r meningsfullt att bedja. Sedan kanske vi inte alltid f\u00e5r det b\u00f6nesvar som vi skulle \u00f6nska och kanske \u00e4r det  t o m s\u00e5 att vi alltsom oftast inte uppfattar Guds svar. Vi f\u00e5r tr\u00e4na v\u00e5rt inre lyssnande och sk\u00e4rpa v\u00e5r blick &#8211; och till syvende och sist leva i tillit till Guds n\u00e5d, som b\u00e4r ocks\u00e5 n\u00e4r vi inget sj\u00e4lva m\u00e4rker.<\/p>\n<p>Kom och var med i storkyrkan i morgon, kom och bed tillsammans, kom och fira m\u00e4ssa!<\/p>\n<p>Vad g\u00f6r vi av v\u00e5ra b\u00f6ner sedan efter gudstj\u00e4nsten? Jag t\u00e4nker mig en b\u00f6nep\u00e4rm d\u00e4r alla dessa b\u00f6ner kan f\u00e5 sitta under en period, en p\u00e4rm som kan f\u00e5 ligga framme p\u00e5 v\u00e5rt b\u00f6nealtare under en period s\u00e5 m\u00e5nga kan f\u00e5 l\u00e4sa dem\/bedja tillsammans med dem som skrivit b\u00f6nerna.<\/p>\n<p>Det \u00e4r fantastiskt med den virtuella b\u00f6nel\u00e5dan!!<\/p>\n<div class=\"blogger-post-footer\"><img width='1' height='1' src='https:\/\/blogger.googleusercontent.com\/tracker\/9055441369901436026-6835095776935071210?l=akebonnier.blogspot.com' alt='' \/><\/div>\n","protected":false},"excerpt":{"rendered":"<p>Aldrig n\u00e5gonsin har vi haft s\u00e5 m\u00e5nga b\u00f6ner i en b\u00f6nel\u00e5da p\u00e5 s\u00e5 kort tid. Jo, s\u00e5 \u00e4r det. Ca 960 b\u00f6ner kommer att b\u00e4ras fram i Storkyrkan i morgon p\u00e5 v\u00e5r f\u00f6rb\u00f6nsm\u00e4ssa kl. 11.00. N\u00e5gra kommer att bedjas h\u00f6gt medan de allra flesta bara kommer att finnas d\u00e4r tillsammans med de b\u00f6ner som skrivits [&hellip;]<\/p>\n","protected":false},"author":108,"featured_media":0,"comment_status":"open","ping_status":"open","sticky":false,"template":"","format":"standard","meta":{"_acf_changed":false,"footnotes":""},"categories":[16273],"tags":[],"class_list":["post-297","post","type-post","status-publish","format-standard","hentry","category-den-virtuella-boneladan"],"acf":[],"yoast_head":"<!-- This site is optimized with the Yoast SEO plugin v27.1.1 - https:\/\/yoast.com\/product\/yoast-seo-wordpress\/ -->\n<title>Den virtuella b\u00f6nel\u00e5dan. - \u00c5ke Bonnier<\/title>\n<meta name=\"robots\" content=\"index, follow, max-snippet:-1, max-image-preview:large, max-video-preview:-1\" \/>\n<link rel=\"canonical\" href=\"https:\/\/blogg.svenskakyrkan.se\/akebonnier\/2009\/08\/28\/den-virtuella-boneladan\/\" \/>\n<meta property=\"og:locale\" content=\"sv_SE\" \/>\n<meta property=\"og:type\" content=\"article\" \/>\n<meta property=\"og:title\" content=\"Den virtuella b\u00f6nel\u00e5dan. - \u00c5ke Bonnier\" \/>\n<meta property=\"og:description\" content=\"Aldrig n\u00e5gonsin har vi haft s\u00e5 m\u00e5nga b\u00f6ner i en b\u00f6nel\u00e5da p\u00e5 s\u00e5 kort tid. Jo, s\u00e5 \u00e4r det. Ca 960 b\u00f6ner kommer att b\u00e4ras fram i Storkyrkan i morgon p\u00e5 v\u00e5r f\u00f6rb\u00f6nsm\u00e4ssa kl. 11.00. N\u00e5gra kommer att bedjas h\u00f6gt medan de allra flesta bara kommer att finnas d\u00e4r tillsammans med de b\u00f6ner som skrivits [&hellip;]\" \/>\n<meta property=\"og:url\" content=\"https:\/\/blogg.svenskakyrkan.se\/akebonnier\/2009\/08\/28\/den-virtuella-boneladan\/\" \/>\n<meta property=\"og:site_name\" content=\"\u00c5ke Bonnier\" \/>\n<meta property=\"article:published_time\" content=\"2009-08-28T07:45:00+00:00\" \/>\n<meta property=\"og:image\" content=\"https:\/\/blogger.googleusercontent.com\/tracker\/9055441369901436026-6835095776935071210?l=akebonnier.blogspot.com\" \/>\n<meta name=\"author\" content=\"\u00c5ke Bonnier\" \/>\n<meta name=\"twitter:card\" content=\"summary_large_image\" \/>\n<meta name=\"twitter:label1\" content=\"Skriven av\" \/>\n\t<meta name=\"twitter:data1\" content=\"\u00c5ke Bonnier\" \/>\n\t<meta name=\"twitter:label2\" content=\"Ber\u00e4knad l\u00e4stid\" \/>\n\t<meta name=\"twitter:data2\" content=\"2 minuter\" \/>\n<script type=\"application\/ld+json\" class=\"yoast-schema-graph\">{\"@context\":\"https:\/\/schema.org\",\"@graph\":[{\"@type\":\"Article\",\"@id\":\"https:\/\/blogg.svenskakyrkan.se\/akebonnier\/2009\/08\/28\/den-virtuella-boneladan\/#article\",\"isPartOf\":{\"@id\":\"https:\/\/blogg.svenskakyrkan.se\/akebonnier\/2009\/08\/28\/den-virtuella-boneladan\/\"},\"author\":{\"name\":\"\u00c5ke Bonnier\",\"@id\":\"https:\/\/blogg.svenskakyrkan.se\/akebonnier\/#\/schema\/person\/8db68bc0c94f6a5a62df2d4486ff1343\"},\"headline\":\"Den virtuella b\u00f6nel\u00e5dan.\",\"datePublished\":\"2009-08-28T07:45:00+00:00\",\"mainEntityOfPage\":{\"@id\":\"https:\/\/blogg.svenskakyrkan.se\/akebonnier\/2009\/08\/28\/den-virtuella-boneladan\/\"},\"wordCount\":325,\"commentCount\":2,\"image\":{\"@id\":\"https:\/\/blogg.svenskakyrkan.se\/akebonnier\/2009\/08\/28\/den-virtuella-boneladan\/#primaryimage\"},\"thumbnailUrl\":\"https:\/\/blogger.googleusercontent.com\/tracker\/9055441369901436026-6835095776935071210?l=akebonnier.blogspot.com\",\"articleSection\":[\"Den virtuella b\u00f6nel\u00e5dan\"],\"inLanguage\":\"sv-SE\",\"potentialAction\":[{\"@type\":\"CommentAction\",\"name\":\"Comment\",\"target\":[\"https:\/\/blogg.svenskakyrkan.se\/akebonnier\/2009\/08\/28\/den-virtuella-boneladan\/#respond\"]}]},{\"@type\":\"WebPage\",\"@id\":\"https:\/\/blogg.svenskakyrkan.se\/akebonnier\/2009\/08\/28\/den-virtuella-boneladan\/\",\"url\":\"https:\/\/blogg.svenskakyrkan.se\/akebonnier\/2009\/08\/28\/den-virtuella-boneladan\/\",\"name\":\"Den virtuella b\u00f6nel\u00e5dan. - \u00c5ke Bonnier\",\"isPartOf\":{\"@id\":\"https:\/\/blogg.svenskakyrkan.se\/akebonnier\/#website\"},\"primaryImageOfPage\":{\"@id\":\"https:\/\/blogg.svenskakyrkan.se\/akebonnier\/2009\/08\/28\/den-virtuella-boneladan\/#primaryimage\"},\"image\":{\"@id\":\"https:\/\/blogg.svenskakyrkan.se\/akebonnier\/2009\/08\/28\/den-virtuella-boneladan\/#primaryimage\"},\"thumbnailUrl\":\"https:\/\/blogger.googleusercontent.com\/tracker\/9055441369901436026-6835095776935071210?l=akebonnier.blogspot.com\",\"datePublished\":\"2009-08-28T07:45:00+00:00\",\"author\":{\"@id\":\"https:\/\/blogg.svenskakyrkan.se\/akebonnier\/#\/schema\/person\/8db68bc0c94f6a5a62df2d4486ff1343\"},\"breadcrumb\":{\"@id\":\"https:\/\/blogg.svenskakyrkan.se\/akebonnier\/2009\/08\/28\/den-virtuella-boneladan\/#breadcrumb\"},\"inLanguage\":\"sv-SE\",\"potentialAction\":[{\"@type\":\"ReadAction\",\"target\":[\"https:\/\/blogg.svenskakyrkan.se\/akebonnier\/2009\/08\/28\/den-virtuella-boneladan\/\"]}]},{\"@type\":\"ImageObject\",\"inLanguage\":\"sv-SE\",\"@id\":\"https:\/\/blogg.svenskakyrkan.se\/akebonnier\/2009\/08\/28\/den-virtuella-boneladan\/#primaryimage\",\"url\":\"https:\/\/blogger.googleusercontent.com\/tracker\/9055441369901436026-6835095776935071210?l=akebonnier.blogspot.com\",\"contentUrl\":\"https:\/\/blogger.googleusercontent.com\/tracker\/9055441369901436026-6835095776935071210?l=akebonnier.blogspot.com\"},{\"@type\":\"BreadcrumbList\",\"@id\":\"https:\/\/blogg.svenskakyrkan.se\/akebonnier\/2009\/08\/28\/den-virtuella-boneladan\/#breadcrumb\",\"itemListElement\":[{\"@type\":\"ListItem\",\"position\":1,\"name\":\"Hem\",\"item\":\"https:\/\/blogg.svenskakyrkan.se\/akebonnier\/\"},{\"@type\":\"ListItem\",\"position\":2,\"name\":\"Den virtuella b\u00f6nel\u00e5dan.\"}]},{\"@type\":\"WebSite\",\"@id\":\"https:\/\/blogg.svenskakyrkan.se\/akebonnier\/#website\",\"url\":\"https:\/\/blogg.svenskakyrkan.se\/akebonnier\/\",\"name\":\"\u00c5ke Bonnier\",\"description\":\"Biskop i Svenska kyrkan - Skara stift\",\"potentialAction\":[{\"@type\":\"SearchAction\",\"target\":{\"@type\":\"EntryPoint\",\"urlTemplate\":\"https:\/\/blogg.svenskakyrkan.se\/akebonnier\/?s={search_term_string}\"},\"query-input\":{\"@type\":\"PropertyValueSpecification\",\"valueRequired\":true,\"valueName\":\"search_term_string\"}}],\"inLanguage\":\"sv-SE\"},{\"@type\":\"Person\",\"@id\":\"https:\/\/blogg.svenskakyrkan.se\/akebonnier\/#\/schema\/person\/8db68bc0c94f6a5a62df2d4486ff1343\",\"name\":\"\u00c5ke Bonnier\",\"image\":{\"@type\":\"ImageObject\",\"inLanguage\":\"sv-SE\",\"@id\":\"https:\/\/blogg.svenskakyrkan.se\/akebonnier\/#\/schema\/person\/image\/\",\"url\":\"https:\/\/secure.gravatar.com\/avatar\/b88264736bb0bc0d1ea92298aef02c9f98cfc13c7484130c42c663ae484f9462?s=96&d=mm&r=g\",\"contentUrl\":\"https:\/\/secure.gravatar.com\/avatar\/b88264736bb0bc0d1ea92298aef02c9f98cfc13c7484130c42c663ae484f9462?s=96&d=mm&r=g\",\"caption\":\"\u00c5ke Bonnier\"},\"description\":\"Jag \u00e4r gift och har tv\u00e5 vuxna d\u00f6ttrar. Pr\u00e4stvigdes 1984 och biskopsvigs 26 augusti 2012 . Jag har tidigare bland annat varit, komminister och kyrkoherde i Liding\u00f6 f\u00f6rsamling och domprost i Stockholms domkyrkof\u00f6rsamling. Jag \u00e4r intresserad av konst, litteratur, teater, film. Jag tr\u00e4nar regelbundet p\u00e5 gym. Mitt huvudsakliga musikintresse \u00e4r klassisk musik men ocks\u00e5 Beatles, Elvis Presley, Monika Zettelund, Povel Ramel och m\u00e5nga andra tycker jag om att lyssna p\u00e5. Jag l\u00e4ser f\u00f6r lite sk\u00f6nlitteratur beroende p\u00e5 annat som jag m\u00e5ste l\u00e4sa i mitt uppdrag som biskop. Men jag \u00e4lskar b\u00f6cker. Naturligtvis l\u00e4ser jag n\u00e4st intill dagligdags i \\\"B\u00f6ckernas Bok.\\\"\",\"sameAs\":[\"http:\/\/www.skarastift.se\"],\"url\":\"https:\/\/blogg.svenskakyrkan.se\/akebonnier\/author\/akebonnier\/\"}]}<\/script>\n<!-- \/ Yoast SEO plugin. -->","yoast_head_json":{"title":"Den virtuella b\u00f6nel\u00e5dan. - \u00c5ke Bonnier","robots":{"index":"index","follow":"follow","max-snippet":"max-snippet:-1","max-image-preview":"max-image-preview:large","max-video-preview":"max-video-preview:-1"},"canonical":"https:\/\/blogg.svenskakyrkan.se\/akebonnier\/2009\/08\/28\/den-virtuella-boneladan\/","og_locale":"sv_SE","og_type":"article","og_title":"Den virtuella b\u00f6nel\u00e5dan. - \u00c5ke Bonnier","og_description":"Aldrig n\u00e5gonsin har vi haft s\u00e5 m\u00e5nga b\u00f6ner i en b\u00f6nel\u00e5da p\u00e5 s\u00e5 kort tid. Jo, s\u00e5 \u00e4r det. Ca 960 b\u00f6ner kommer att b\u00e4ras fram i Storkyrkan i morgon p\u00e5 v\u00e5r f\u00f6rb\u00f6nsm\u00e4ssa kl. 11.00. N\u00e5gra kommer att bedjas h\u00f6gt medan de allra flesta bara kommer att finnas d\u00e4r tillsammans med de b\u00f6ner som skrivits [&hellip;]","og_url":"https:\/\/blogg.svenskakyrkan.se\/akebonnier\/2009\/08\/28\/den-virtuella-boneladan\/","og_site_name":"\u00c5ke Bonnier","article_published_time":"2009-08-28T07:45:00+00:00","og_image":[{"url":"https:\/\/blogger.googleusercontent.com\/tracker\/9055441369901436026-6835095776935071210?l=akebonnier.blogspot.com","type":"","width":"","height":""}],"author":"\u00c5ke Bonnier","twitter_card":"summary_large_image","twitter_misc":{"Skriven av":"\u00c5ke Bonnier","Ber\u00e4knad l\u00e4stid":"2 minuter"},"schema":{"@context":"https:\/\/schema.org","@graph":[{"@type":"Article","@id":"https:\/\/blogg.svenskakyrkan.se\/akebonnier\/2009\/08\/28\/den-virtuella-boneladan\/#article","isPartOf":{"@id":"https:\/\/blogg.svenskakyrkan.se\/akebonnier\/2009\/08\/28\/den-virtuella-boneladan\/"},"author":{"name":"\u00c5ke Bonnier","@id":"https:\/\/blogg.svenskakyrkan.se\/akebonnier\/#\/schema\/person\/8db68bc0c94f6a5a62df2d4486ff1343"},"headline":"Den virtuella b\u00f6nel\u00e5dan.","datePublished":"2009-08-28T07:45:00+00:00","mainEntityOfPage":{"@id":"https:\/\/blogg.svenskakyrkan.se\/akebonnier\/2009\/08\/28\/den-virtuella-boneladan\/"},"wordCount":325,"commentCount":2,"image":{"@id":"https:\/\/blogg.svenskakyrkan.se\/akebonnier\/2009\/08\/28\/den-virtuella-boneladan\/#primaryimage"},"thumbnailUrl":"https:\/\/blogger.googleusercontent.com\/tracker\/9055441369901436026-6835095776935071210?l=akebonnier.blogspot.com","articleSection":["Den virtuella b\u00f6nel\u00e5dan"],"inLanguage":"sv-SE","potentialAction":[{"@type":"CommentAction","name":"Comment","target":["https:\/\/blogg.svenskakyrkan.se\/akebonnier\/2009\/08\/28\/den-virtuella-boneladan\/#respond"]}]},{"@type":"WebPage","@id":"https:\/\/blogg.svenskakyrkan.se\/akebonnier\/2009\/08\/28\/den-virtuella-boneladan\/","url":"https:\/\/blogg.svenskakyrkan.se\/akebonnier\/2009\/08\/28\/den-virtuella-boneladan\/","name":"Den virtuella b\u00f6nel\u00e5dan. - \u00c5ke Bonnier","isPartOf":{"@id":"https:\/\/blogg.svenskakyrkan.se\/akebonnier\/#website"},"primaryImageOfPage":{"@id":"https:\/\/blogg.svenskakyrkan.se\/akebonnier\/2009\/08\/28\/den-virtuella-boneladan\/#primaryimage"},"image":{"@id":"https:\/\/blogg.svenskakyrkan.se\/akebonnier\/2009\/08\/28\/den-virtuella-boneladan\/#primaryimage"},"thumbnailUrl":"https:\/\/blogger.googleusercontent.com\/tracker\/9055441369901436026-6835095776935071210?l=akebonnier.blogspot.com","datePublished":"2009-08-28T07:45:00+00:00","author":{"@id":"https:\/\/blogg.svenskakyrkan.se\/akebonnier\/#\/schema\/person\/8db68bc0c94f6a5a62df2d4486ff1343"},"breadcrumb":{"@id":"https:\/\/blogg.svenskakyrkan.se\/akebonnier\/2009\/08\/28\/den-virtuella-boneladan\/#breadcrumb"},"inLanguage":"sv-SE","potentialAction":[{"@type":"ReadAction","target":["https:\/\/blogg.svenskakyrkan.se\/akebonnier\/2009\/08\/28\/den-virtuella-boneladan\/"]}]},{"@type":"ImageObject","inLanguage":"sv-SE","@id":"https:\/\/blogg.svenskakyrkan.se\/akebonnier\/2009\/08\/28\/den-virtuella-boneladan\/#primaryimage","url":"https:\/\/blogger.googleusercontent.com\/tracker\/9055441369901436026-6835095776935071210?l=akebonnier.blogspot.com","contentUrl":"https:\/\/blogger.googleusercontent.com\/tracker\/9055441369901436026-6835095776935071210?l=akebonnier.blogspot.com"},{"@type":"BreadcrumbList","@id":"https:\/\/blogg.svenskakyrkan.se\/akebonnier\/2009\/08\/28\/den-virtuella-boneladan\/#breadcrumb","itemListElement":[{"@type":"ListItem","position":1,"name":"Hem","item":"https:\/\/blogg.svenskakyrkan.se\/akebonnier\/"},{"@type":"ListItem","position":2,"name":"Den virtuella b\u00f6nel\u00e5dan."}]},{"@type":"WebSite","@id":"https:\/\/blogg.svenskakyrkan.se\/akebonnier\/#website","url":"https:\/\/blogg.svenskakyrkan.se\/akebonnier\/","name":"\u00c5ke Bonnier","description":"Biskop i Svenska kyrkan - Skara stift","potentialAction":[{"@type":"SearchAction","target":{"@type":"EntryPoint","urlTemplate":"https:\/\/blogg.svenskakyrkan.se\/akebonnier\/?s={search_term_string}"},"query-input":{"@type":"PropertyValueSpecification","valueRequired":true,"valueName":"search_term_string"}}],"inLanguage":"sv-SE"},{"@type":"Person","@id":"https:\/\/blogg.svenskakyrkan.se\/akebonnier\/#\/schema\/person\/8db68bc0c94f6a5a62df2d4486ff1343","name":"\u00c5ke Bonnier","image":{"@type":"ImageObject","inLanguage":"sv-SE","@id":"https:\/\/blogg.svenskakyrkan.se\/akebonnier\/#\/schema\/person\/image\/","url":"https:\/\/secure.gravatar.com\/avatar\/b88264736bb0bc0d1ea92298aef02c9f98cfc13c7484130c42c663ae484f9462?s=96&d=mm&r=g","contentUrl":"https:\/\/secure.gravatar.com\/avatar\/b88264736bb0bc0d1ea92298aef02c9f98cfc13c7484130c42c663ae484f9462?s=96&d=mm&r=g","caption":"\u00c5ke Bonnier"},"description":"Jag \u00e4r gift och har tv\u00e5 vuxna d\u00f6ttrar. Pr\u00e4stvigdes 1984 och biskopsvigs 26 augusti 2012 . Jag har tidigare bland annat varit, komminister och kyrkoherde i Liding\u00f6 f\u00f6rsamling och domprost i Stockholms domkyrkof\u00f6rsamling. Jag \u00e4r intresserad av konst, litteratur, teater, film. Jag tr\u00e4nar regelbundet p\u00e5 gym. Mitt huvudsakliga musikintresse \u00e4r klassisk musik men ocks\u00e5 Beatles, Elvis Presley, Monika Zettelund, Povel Ramel och m\u00e5nga andra tycker jag om att lyssna p\u00e5. Jag l\u00e4ser f\u00f6r lite sk\u00f6nlitteratur beroende p\u00e5 annat som jag m\u00e5ste l\u00e4sa i mitt uppdrag som biskop. Men jag \u00e4lskar b\u00f6cker. Naturligtvis l\u00e4ser jag n\u00e4st intill dagligdags i \"B\u00f6ckernas Bok.\"","sameAs":["http:\/\/www.skarastift.se"],"url":"https:\/\/blogg.svenskakyrkan.se\/akebonnier\/author\/akebonnier\/"}]}},"author_meta":{"ID":"108","user_nicename":"akebonnier","user_url":"http:\/\/www.skarastift.se","user_registered":"2011-10-11 09:24:48","display_name":"\u00c5ke Bonnier","first_name":"\u00c5ke","last_name":"Bonnier","avatar":"https:\/\/secure.gravatar.com\/avatar\/b88264736bb0bc0d1ea92298aef02c9f98cfc13c7484130c42c663ae484f9462?s=96&d=mm&r=g"},"featured_image":false,"bloginfo":{"name":"\u00c5ke Bonnier","url":"https:\/\/blogg.svenskakyrkan.se\/akebonnier"},"_links":{"self":[{"href":"https:\/\/blogg.svenskakyrkan.se\/akebonnier\/wp-json\/wp\/v2\/posts\/297","targetHints":{"allow":["GET"]}}],"collection":[{"href":"https:\/\/blogg.svenskakyrkan.se\/akebonnier\/wp-json\/wp\/v2\/posts"}],"about":[{"href":"https:\/\/blogg.svenskakyrkan.se\/akebonnier\/wp-json\/wp\/v2\/types\/post"}],"author":[{"embeddable":true,"href":"https:\/\/blogg.svenskakyrkan.se\/akebonnier\/wp-json\/wp\/v2\/users\/108"}],"replies":[{"embeddable":true,"href":"https:\/\/blogg.svenskakyrkan.se\/akebonnier\/wp-json\/wp\/v2\/comments?post=297"}],"version-history":[{"count":0,"href":"https:\/\/blogg.svenskakyrkan.se\/akebonnier\/wp-json\/wp\/v2\/posts\/297\/revisions"}],"wp:attachment":[{"href":"https:\/\/blogg.svenskakyrkan.se\/akebonnier\/wp-json\/wp\/v2\/media?parent=297"}],"wp:term":[{"taxonomy":"category","embeddable":true,"href":"https:\/\/blogg.svenskakyrkan.se\/akebonnier\/wp-json\/wp\/v2\/categories?post=297"},{"taxonomy":"post_tag","embeddable":true,"href":"https:\/\/blogg.svenskakyrkan.se\/akebonnier\/wp-json\/wp\/v2\/tags?post=297"}],"curies":[{"name":"wp","href":"https:\/\/api.w.org\/{rel}","templated":true}]}}