{"id":298,"date":"2009-08-30T16:30:00","date_gmt":"2009-08-30T16:30:00","guid":{"rendered":"http:\/\/blogg.svenskakyrkan.se\/akebonnier\/2009\/08\/30\/kyrkohistoria\/"},"modified":"2009-08-30T16:30:00","modified_gmt":"2009-08-30T16:30:00","slug":"kyrkohistoria","status":"publish","type":"post","link":"https:\/\/blogg.svenskakyrkan.se\/akebonnier\/2009\/08\/30\/kyrkohistoria\/","title":{"rendered":"Kyrkohistoria!"},"content":{"rendered":"<p>I dag har Stockholms domkyrkof\u00f6rsamling skrivit kyrkohistoria! Efter en h\u00e4rlig lovs\u00e5ngsm\u00e4ssa  i S:ta Clara kyrka med konfirmation d\u00e4r konfirmanderna gjorde ett str\u00e5lande framtr\u00e4dande under ledning av pr\u00e4sten Mats Nyholm, samlades en stor skara f\u00f6r att vara med om det symboliska \u00f6verl\u00e4mnandet av nycklar. Vaktm\u00e4staren Antima hade blockat fram n\u00e5gra oerh\u00f6rt stora nycklar av modell &#8221;\u00e4&#8221; som \u00f6verl\u00e4mnades till Carl-Erik Sahlberg av mig som en symbol f\u00f6r att verksamhetsansvaret nu \u00f6verg\u00e5r till honom som lokal chef. Carl-Erik och hans medarbetare i S:ta Clara, b\u00e5de ideella och anst\u00e4llda, har, drivna av den Heliga Anden, verkligen byggt upp en fantatstisk verksamhet b\u00e5de vad det g\u00e4ller gudstj\u00e4nster och det diakonala arbetet. Inga Pagr\u00e9us, Hans Hernberg, Marie Lindsmyr, Antima Linjer, Kent Svensson och m\u00e5nga, m\u00e5nga fler (ingen n\u00e4mnd och ingen gl\u00f6md) betyder ofattbart mycket f\u00f6r allt det som sker i S:ta Clara. I den korta cermonin h\u00f6lls tal av Clara kyrkas v\u00e4nners ordf\u00f6rande Marianne Lidskog, vice ordf\u00f6rande Elisabeth Sandlund, Carl-Erik Sahlberg, kyrkor\u00e5dets ordf\u00f6rande S\u00f6ren Ekstr\u00f6m och undertecknad. Dessutom talade v\u00e4nf\u00f6reningens f\u00f6rste ordf\u00f6rande. N\u00e4r alla talen var h\u00e5llna och en s\u00e5ng sjungen \u00e5ts det sm\u00f6rg\u00e5st\u00e5rta f\u00f6r att fira.<\/p>\n<p>S:ta Clara kyrkas v\u00e4nner har nu tagit \u00f6ver arbetsgivaransvaret f\u00f6r den anst\u00e4llda personalen. Verksamheten som bedrivs ska ocks\u00e5 forts\u00e4ttningsvis st\u00e4mma med Svenska kyrkans tro, l\u00e4ra och liv och gudstj\u00e4nster som regleras av Svenska kyrkans kyrkohandbok ska f\u00f6lja dess ordningar m m, m m. Avtalet med S:ta Clara kyrkas v\u00e4nner r\u00e4cker fram till sista december 2013. Sedan f\u00e5r vi se vad som h\u00e4nder. Men i dag har vi skrivit kyrkohistoria. P\u00e5 s\u00e4tt och vi har det bildats en sorts &#8221;icketerritoriell f\u00f6rsamling&#8221;. Den ligger geografiskt i Stockholms domkyrkof\u00f6rsamling men \u00e4r, genom avtalet, en egen storhet. F\u00f6rsamlingsborna som bor i Klaraomr\u00e5det tillh\u00f6r Stockholms domkyrkof\u00f6rsamling.<\/p>\n<p>S:ta Clara f\u00e5r nu utveckla sin egen verksamhet i den karismatiska, diakonala och evangelikala riktningen inom Svenska kyrkans ram och Storkyrkan och S:t Jacobs kyrka som tillh\u00f6r Stockholms domkyrkof\u00f6rsamling f\u00e5r ta vidare steg i det som jag anser som tre viktiga punkter. Mer om det i n\u00e4sta blogg. I dag skrevs det i alla fall kyrkohistoria!<\/p>\n<div class=\"blogger-post-footer\"><img width='1' height='1' src='https:\/\/blogger.googleusercontent.com\/tracker\/9055441369901436026-5915436606917777449?l=akebonnier.blogspot.com' alt='' \/><\/div>\n","protected":false},"excerpt":{"rendered":"<p>I dag har Stockholms domkyrkof\u00f6rsamling skrivit kyrkohistoria! Efter en h\u00e4rlig lovs\u00e5ngsm\u00e4ssa i S:ta Clara kyrka med konfirmation d\u00e4r konfirmanderna gjorde ett str\u00e5lande framtr\u00e4dande under ledning av pr\u00e4sten Mats Nyholm, samlades en stor skara f\u00f6r att vara med om det symboliska \u00f6verl\u00e4mnandet av nycklar. Vaktm\u00e4staren Antima hade blockat fram n\u00e5gra oerh\u00f6rt stora nycklar av modell &#8221;\u00e4&#8221; [&hellip;]<\/p>\n","protected":false},"author":108,"featured_media":0,"comment_status":"open","ping_status":"open","sticky":false,"template":"","format":"standard","meta":{"_acf_changed":false,"footnotes":""},"categories":[16274],"tags":[],"class_list":["post-298","post","type-post","status-publish","format-standard","hentry","category-kyrkohistoria"],"acf":[],"yoast_head":"<!-- This site is optimized with the Yoast SEO plugin v27.1.1 - https:\/\/yoast.com\/product\/yoast-seo-wordpress\/ -->\n<title>Kyrkohistoria! - \u00c5ke Bonnier<\/title>\n<meta name=\"robots\" content=\"index, follow, max-snippet:-1, max-image-preview:large, max-video-preview:-1\" \/>\n<link rel=\"canonical\" href=\"https:\/\/blogg.svenskakyrkan.se\/akebonnier\/2009\/08\/30\/kyrkohistoria\/\" \/>\n<meta property=\"og:locale\" content=\"sv_SE\" \/>\n<meta property=\"og:type\" content=\"article\" \/>\n<meta property=\"og:title\" content=\"Kyrkohistoria! - \u00c5ke Bonnier\" \/>\n<meta property=\"og:description\" content=\"I dag har Stockholms domkyrkof\u00f6rsamling skrivit kyrkohistoria! Efter en h\u00e4rlig lovs\u00e5ngsm\u00e4ssa i S:ta Clara kyrka med konfirmation d\u00e4r konfirmanderna gjorde ett str\u00e5lande framtr\u00e4dande under ledning av pr\u00e4sten Mats Nyholm, samlades en stor skara f\u00f6r att vara med om det symboliska \u00f6verl\u00e4mnandet av nycklar. Vaktm\u00e4staren Antima hade blockat fram n\u00e5gra oerh\u00f6rt stora nycklar av modell &#8221;\u00e4&#8221; [&hellip;]\" \/>\n<meta property=\"og:url\" content=\"https:\/\/blogg.svenskakyrkan.se\/akebonnier\/2009\/08\/30\/kyrkohistoria\/\" \/>\n<meta property=\"og:site_name\" content=\"\u00c5ke Bonnier\" \/>\n<meta property=\"article:published_time\" content=\"2009-08-30T16:30:00+00:00\" \/>\n<meta property=\"og:image\" content=\"https:\/\/blogger.googleusercontent.com\/tracker\/9055441369901436026-5915436606917777449?l=akebonnier.blogspot.com\" \/>\n<meta name=\"author\" content=\"\u00c5ke Bonnier\" \/>\n<meta name=\"twitter:card\" content=\"summary_large_image\" \/>\n<meta name=\"twitter:label1\" content=\"Skriven av\" \/>\n\t<meta name=\"twitter:data1\" content=\"\u00c5ke Bonnier\" \/>\n\t<meta name=\"twitter:label2\" content=\"Ber\u00e4knad l\u00e4stid\" \/>\n\t<meta name=\"twitter:data2\" content=\"2 minuter\" \/>\n<script type=\"application\/ld+json\" class=\"yoast-schema-graph\">{\"@context\":\"https:\/\/schema.org\",\"@graph\":[{\"@type\":\"Article\",\"@id\":\"https:\/\/blogg.svenskakyrkan.se\/akebonnier\/2009\/08\/30\/kyrkohistoria\/#article\",\"isPartOf\":{\"@id\":\"https:\/\/blogg.svenskakyrkan.se\/akebonnier\/2009\/08\/30\/kyrkohistoria\/\"},\"author\":{\"name\":\"\u00c5ke Bonnier\",\"@id\":\"https:\/\/blogg.svenskakyrkan.se\/akebonnier\/#\/schema\/person\/8db68bc0c94f6a5a62df2d4486ff1343\"},\"headline\":\"Kyrkohistoria!\",\"datePublished\":\"2009-08-30T16:30:00+00:00\",\"mainEntityOfPage\":{\"@id\":\"https:\/\/blogg.svenskakyrkan.se\/akebonnier\/2009\/08\/30\/kyrkohistoria\/\"},\"wordCount\":415,\"commentCount\":3,\"image\":{\"@id\":\"https:\/\/blogg.svenskakyrkan.se\/akebonnier\/2009\/08\/30\/kyrkohistoria\/#primaryimage\"},\"thumbnailUrl\":\"https:\/\/blogger.googleusercontent.com\/tracker\/9055441369901436026-5915436606917777449?l=akebonnier.blogspot.com\",\"articleSection\":[\"Kyrkohistoria\"],\"inLanguage\":\"sv-SE\",\"potentialAction\":[{\"@type\":\"CommentAction\",\"name\":\"Comment\",\"target\":[\"https:\/\/blogg.svenskakyrkan.se\/akebonnier\/2009\/08\/30\/kyrkohistoria\/#respond\"]}]},{\"@type\":\"WebPage\",\"@id\":\"https:\/\/blogg.svenskakyrkan.se\/akebonnier\/2009\/08\/30\/kyrkohistoria\/\",\"url\":\"https:\/\/blogg.svenskakyrkan.se\/akebonnier\/2009\/08\/30\/kyrkohistoria\/\",\"name\":\"Kyrkohistoria! - \u00c5ke Bonnier\",\"isPartOf\":{\"@id\":\"https:\/\/blogg.svenskakyrkan.se\/akebonnier\/#website\"},\"primaryImageOfPage\":{\"@id\":\"https:\/\/blogg.svenskakyrkan.se\/akebonnier\/2009\/08\/30\/kyrkohistoria\/#primaryimage\"},\"image\":{\"@id\":\"https:\/\/blogg.svenskakyrkan.se\/akebonnier\/2009\/08\/30\/kyrkohistoria\/#primaryimage\"},\"thumbnailUrl\":\"https:\/\/blogger.googleusercontent.com\/tracker\/9055441369901436026-5915436606917777449?l=akebonnier.blogspot.com\",\"datePublished\":\"2009-08-30T16:30:00+00:00\",\"author\":{\"@id\":\"https:\/\/blogg.svenskakyrkan.se\/akebonnier\/#\/schema\/person\/8db68bc0c94f6a5a62df2d4486ff1343\"},\"breadcrumb\":{\"@id\":\"https:\/\/blogg.svenskakyrkan.se\/akebonnier\/2009\/08\/30\/kyrkohistoria\/#breadcrumb\"},\"inLanguage\":\"sv-SE\",\"potentialAction\":[{\"@type\":\"ReadAction\",\"target\":[\"https:\/\/blogg.svenskakyrkan.se\/akebonnier\/2009\/08\/30\/kyrkohistoria\/\"]}]},{\"@type\":\"ImageObject\",\"inLanguage\":\"sv-SE\",\"@id\":\"https:\/\/blogg.svenskakyrkan.se\/akebonnier\/2009\/08\/30\/kyrkohistoria\/#primaryimage\",\"url\":\"https:\/\/blogger.googleusercontent.com\/tracker\/9055441369901436026-5915436606917777449?l=akebonnier.blogspot.com\",\"contentUrl\":\"https:\/\/blogger.googleusercontent.com\/tracker\/9055441369901436026-5915436606917777449?l=akebonnier.blogspot.com\"},{\"@type\":\"BreadcrumbList\",\"@id\":\"https:\/\/blogg.svenskakyrkan.se\/akebonnier\/2009\/08\/30\/kyrkohistoria\/#breadcrumb\",\"itemListElement\":[{\"@type\":\"ListItem\",\"position\":1,\"name\":\"Hem\",\"item\":\"https:\/\/blogg.svenskakyrkan.se\/akebonnier\/\"},{\"@type\":\"ListItem\",\"position\":2,\"name\":\"Kyrkohistoria!\"}]},{\"@type\":\"WebSite\",\"@id\":\"https:\/\/blogg.svenskakyrkan.se\/akebonnier\/#website\",\"url\":\"https:\/\/blogg.svenskakyrkan.se\/akebonnier\/\",\"name\":\"\u00c5ke Bonnier\",\"description\":\"Biskop i Svenska kyrkan - Skara stift\",\"potentialAction\":[{\"@type\":\"SearchAction\",\"target\":{\"@type\":\"EntryPoint\",\"urlTemplate\":\"https:\/\/blogg.svenskakyrkan.se\/akebonnier\/?s={search_term_string}\"},\"query-input\":{\"@type\":\"PropertyValueSpecification\",\"valueRequired\":true,\"valueName\":\"search_term_string\"}}],\"inLanguage\":\"sv-SE\"},{\"@type\":\"Person\",\"@id\":\"https:\/\/blogg.svenskakyrkan.se\/akebonnier\/#\/schema\/person\/8db68bc0c94f6a5a62df2d4486ff1343\",\"name\":\"\u00c5ke Bonnier\",\"image\":{\"@type\":\"ImageObject\",\"inLanguage\":\"sv-SE\",\"@id\":\"https:\/\/blogg.svenskakyrkan.se\/akebonnier\/#\/schema\/person\/image\/\",\"url\":\"https:\/\/secure.gravatar.com\/avatar\/b88264736bb0bc0d1ea92298aef02c9f98cfc13c7484130c42c663ae484f9462?s=96&d=mm&r=g\",\"contentUrl\":\"https:\/\/secure.gravatar.com\/avatar\/b88264736bb0bc0d1ea92298aef02c9f98cfc13c7484130c42c663ae484f9462?s=96&d=mm&r=g\",\"caption\":\"\u00c5ke Bonnier\"},\"description\":\"Jag \u00e4r gift och har tv\u00e5 vuxna d\u00f6ttrar. Pr\u00e4stvigdes 1984 och biskopsvigs 26 augusti 2012 . Jag har tidigare bland annat varit, komminister och kyrkoherde i Liding\u00f6 f\u00f6rsamling och domprost i Stockholms domkyrkof\u00f6rsamling. Jag \u00e4r intresserad av konst, litteratur, teater, film. Jag tr\u00e4nar regelbundet p\u00e5 gym. Mitt huvudsakliga musikintresse \u00e4r klassisk musik men ocks\u00e5 Beatles, Elvis Presley, Monika Zettelund, Povel Ramel och m\u00e5nga andra tycker jag om att lyssna p\u00e5. Jag l\u00e4ser f\u00f6r lite sk\u00f6nlitteratur beroende p\u00e5 annat som jag m\u00e5ste l\u00e4sa i mitt uppdrag som biskop. Men jag \u00e4lskar b\u00f6cker. Naturligtvis l\u00e4ser jag n\u00e4st intill dagligdags i \\\"B\u00f6ckernas Bok.\\\"\",\"sameAs\":[\"http:\/\/www.skarastift.se\"],\"url\":\"https:\/\/blogg.svenskakyrkan.se\/akebonnier\/author\/akebonnier\/\"}]}<\/script>\n<!-- \/ Yoast SEO plugin. -->","yoast_head_json":{"title":"Kyrkohistoria! - \u00c5ke Bonnier","robots":{"index":"index","follow":"follow","max-snippet":"max-snippet:-1","max-image-preview":"max-image-preview:large","max-video-preview":"max-video-preview:-1"},"canonical":"https:\/\/blogg.svenskakyrkan.se\/akebonnier\/2009\/08\/30\/kyrkohistoria\/","og_locale":"sv_SE","og_type":"article","og_title":"Kyrkohistoria! - \u00c5ke Bonnier","og_description":"I dag har Stockholms domkyrkof\u00f6rsamling skrivit kyrkohistoria! Efter en h\u00e4rlig lovs\u00e5ngsm\u00e4ssa i S:ta Clara kyrka med konfirmation d\u00e4r konfirmanderna gjorde ett str\u00e5lande framtr\u00e4dande under ledning av pr\u00e4sten Mats Nyholm, samlades en stor skara f\u00f6r att vara med om det symboliska \u00f6verl\u00e4mnandet av nycklar. Vaktm\u00e4staren Antima hade blockat fram n\u00e5gra oerh\u00f6rt stora nycklar av modell &#8221;\u00e4&#8221; [&hellip;]","og_url":"https:\/\/blogg.svenskakyrkan.se\/akebonnier\/2009\/08\/30\/kyrkohistoria\/","og_site_name":"\u00c5ke Bonnier","article_published_time":"2009-08-30T16:30:00+00:00","og_image":[{"url":"https:\/\/blogger.googleusercontent.com\/tracker\/9055441369901436026-5915436606917777449?l=akebonnier.blogspot.com","type":"","width":"","height":""}],"author":"\u00c5ke Bonnier","twitter_card":"summary_large_image","twitter_misc":{"Skriven av":"\u00c5ke Bonnier","Ber\u00e4knad l\u00e4stid":"2 minuter"},"schema":{"@context":"https:\/\/schema.org","@graph":[{"@type":"Article","@id":"https:\/\/blogg.svenskakyrkan.se\/akebonnier\/2009\/08\/30\/kyrkohistoria\/#article","isPartOf":{"@id":"https:\/\/blogg.svenskakyrkan.se\/akebonnier\/2009\/08\/30\/kyrkohistoria\/"},"author":{"name":"\u00c5ke Bonnier","@id":"https:\/\/blogg.svenskakyrkan.se\/akebonnier\/#\/schema\/person\/8db68bc0c94f6a5a62df2d4486ff1343"},"headline":"Kyrkohistoria!","datePublished":"2009-08-30T16:30:00+00:00","mainEntityOfPage":{"@id":"https:\/\/blogg.svenskakyrkan.se\/akebonnier\/2009\/08\/30\/kyrkohistoria\/"},"wordCount":415,"commentCount":3,"image":{"@id":"https:\/\/blogg.svenskakyrkan.se\/akebonnier\/2009\/08\/30\/kyrkohistoria\/#primaryimage"},"thumbnailUrl":"https:\/\/blogger.googleusercontent.com\/tracker\/9055441369901436026-5915436606917777449?l=akebonnier.blogspot.com","articleSection":["Kyrkohistoria"],"inLanguage":"sv-SE","potentialAction":[{"@type":"CommentAction","name":"Comment","target":["https:\/\/blogg.svenskakyrkan.se\/akebonnier\/2009\/08\/30\/kyrkohistoria\/#respond"]}]},{"@type":"WebPage","@id":"https:\/\/blogg.svenskakyrkan.se\/akebonnier\/2009\/08\/30\/kyrkohistoria\/","url":"https:\/\/blogg.svenskakyrkan.se\/akebonnier\/2009\/08\/30\/kyrkohistoria\/","name":"Kyrkohistoria! - \u00c5ke Bonnier","isPartOf":{"@id":"https:\/\/blogg.svenskakyrkan.se\/akebonnier\/#website"},"primaryImageOfPage":{"@id":"https:\/\/blogg.svenskakyrkan.se\/akebonnier\/2009\/08\/30\/kyrkohistoria\/#primaryimage"},"image":{"@id":"https:\/\/blogg.svenskakyrkan.se\/akebonnier\/2009\/08\/30\/kyrkohistoria\/#primaryimage"},"thumbnailUrl":"https:\/\/blogger.googleusercontent.com\/tracker\/9055441369901436026-5915436606917777449?l=akebonnier.blogspot.com","datePublished":"2009-08-30T16:30:00+00:00","author":{"@id":"https:\/\/blogg.svenskakyrkan.se\/akebonnier\/#\/schema\/person\/8db68bc0c94f6a5a62df2d4486ff1343"},"breadcrumb":{"@id":"https:\/\/blogg.svenskakyrkan.se\/akebonnier\/2009\/08\/30\/kyrkohistoria\/#breadcrumb"},"inLanguage":"sv-SE","potentialAction":[{"@type":"ReadAction","target":["https:\/\/blogg.svenskakyrkan.se\/akebonnier\/2009\/08\/30\/kyrkohistoria\/"]}]},{"@type":"ImageObject","inLanguage":"sv-SE","@id":"https:\/\/blogg.svenskakyrkan.se\/akebonnier\/2009\/08\/30\/kyrkohistoria\/#primaryimage","url":"https:\/\/blogger.googleusercontent.com\/tracker\/9055441369901436026-5915436606917777449?l=akebonnier.blogspot.com","contentUrl":"https:\/\/blogger.googleusercontent.com\/tracker\/9055441369901436026-5915436606917777449?l=akebonnier.blogspot.com"},{"@type":"BreadcrumbList","@id":"https:\/\/blogg.svenskakyrkan.se\/akebonnier\/2009\/08\/30\/kyrkohistoria\/#breadcrumb","itemListElement":[{"@type":"ListItem","position":1,"name":"Hem","item":"https:\/\/blogg.svenskakyrkan.se\/akebonnier\/"},{"@type":"ListItem","position":2,"name":"Kyrkohistoria!"}]},{"@type":"WebSite","@id":"https:\/\/blogg.svenskakyrkan.se\/akebonnier\/#website","url":"https:\/\/blogg.svenskakyrkan.se\/akebonnier\/","name":"\u00c5ke Bonnier","description":"Biskop i Svenska kyrkan - Skara stift","potentialAction":[{"@type":"SearchAction","target":{"@type":"EntryPoint","urlTemplate":"https:\/\/blogg.svenskakyrkan.se\/akebonnier\/?s={search_term_string}"},"query-input":{"@type":"PropertyValueSpecification","valueRequired":true,"valueName":"search_term_string"}}],"inLanguage":"sv-SE"},{"@type":"Person","@id":"https:\/\/blogg.svenskakyrkan.se\/akebonnier\/#\/schema\/person\/8db68bc0c94f6a5a62df2d4486ff1343","name":"\u00c5ke Bonnier","image":{"@type":"ImageObject","inLanguage":"sv-SE","@id":"https:\/\/blogg.svenskakyrkan.se\/akebonnier\/#\/schema\/person\/image\/","url":"https:\/\/secure.gravatar.com\/avatar\/b88264736bb0bc0d1ea92298aef02c9f98cfc13c7484130c42c663ae484f9462?s=96&d=mm&r=g","contentUrl":"https:\/\/secure.gravatar.com\/avatar\/b88264736bb0bc0d1ea92298aef02c9f98cfc13c7484130c42c663ae484f9462?s=96&d=mm&r=g","caption":"\u00c5ke Bonnier"},"description":"Jag \u00e4r gift och har tv\u00e5 vuxna d\u00f6ttrar. Pr\u00e4stvigdes 1984 och biskopsvigs 26 augusti 2012 . Jag har tidigare bland annat varit, komminister och kyrkoherde i Liding\u00f6 f\u00f6rsamling och domprost i Stockholms domkyrkof\u00f6rsamling. Jag \u00e4r intresserad av konst, litteratur, teater, film. Jag tr\u00e4nar regelbundet p\u00e5 gym. Mitt huvudsakliga musikintresse \u00e4r klassisk musik men ocks\u00e5 Beatles, Elvis Presley, Monika Zettelund, Povel Ramel och m\u00e5nga andra tycker jag om att lyssna p\u00e5. Jag l\u00e4ser f\u00f6r lite sk\u00f6nlitteratur beroende p\u00e5 annat som jag m\u00e5ste l\u00e4sa i mitt uppdrag som biskop. Men jag \u00e4lskar b\u00f6cker. Naturligtvis l\u00e4ser jag n\u00e4st intill dagligdags i \"B\u00f6ckernas Bok.\"","sameAs":["http:\/\/www.skarastift.se"],"url":"https:\/\/blogg.svenskakyrkan.se\/akebonnier\/author\/akebonnier\/"}]}},"author_meta":{"ID":"108","user_nicename":"akebonnier","user_url":"http:\/\/www.skarastift.se","user_registered":"2011-10-11 09:24:48","display_name":"\u00c5ke Bonnier","first_name":"\u00c5ke","last_name":"Bonnier","avatar":"https:\/\/secure.gravatar.com\/avatar\/b88264736bb0bc0d1ea92298aef02c9f98cfc13c7484130c42c663ae484f9462?s=96&d=mm&r=g"},"featured_image":false,"bloginfo":{"name":"\u00c5ke Bonnier","url":"https:\/\/blogg.svenskakyrkan.se\/akebonnier"},"_links":{"self":[{"href":"https:\/\/blogg.svenskakyrkan.se\/akebonnier\/wp-json\/wp\/v2\/posts\/298","targetHints":{"allow":["GET"]}}],"collection":[{"href":"https:\/\/blogg.svenskakyrkan.se\/akebonnier\/wp-json\/wp\/v2\/posts"}],"about":[{"href":"https:\/\/blogg.svenskakyrkan.se\/akebonnier\/wp-json\/wp\/v2\/types\/post"}],"author":[{"embeddable":true,"href":"https:\/\/blogg.svenskakyrkan.se\/akebonnier\/wp-json\/wp\/v2\/users\/108"}],"replies":[{"embeddable":true,"href":"https:\/\/blogg.svenskakyrkan.se\/akebonnier\/wp-json\/wp\/v2\/comments?post=298"}],"version-history":[{"count":0,"href":"https:\/\/blogg.svenskakyrkan.se\/akebonnier\/wp-json\/wp\/v2\/posts\/298\/revisions"}],"wp:attachment":[{"href":"https:\/\/blogg.svenskakyrkan.se\/akebonnier\/wp-json\/wp\/v2\/media?parent=298"}],"wp:term":[{"taxonomy":"category","embeddable":true,"href":"https:\/\/blogg.svenskakyrkan.se\/akebonnier\/wp-json\/wp\/v2\/categories?post=298"},{"taxonomy":"post_tag","embeddable":true,"href":"https:\/\/blogg.svenskakyrkan.se\/akebonnier\/wp-json\/wp\/v2\/tags?post=298"}],"curies":[{"name":"wp","href":"https:\/\/api.w.org\/{rel}","templated":true}]}}