{"id":309,"date":"2009-09-17T06:20:00","date_gmt":"2009-09-17T06:20:00","guid":{"rendered":"http:\/\/blogg.svenskakyrkan.se\/akebonnier\/2009\/09\/17\/fortroendevalda-ut-pa-banan-tron-ar-inte-en-privatsak\/"},"modified":"2009-09-17T06:20:00","modified_gmt":"2009-09-17T06:20:00","slug":"fortroendevalda-ut-pa-banan-tron-ar-inte-en-privatsak","status":"publish","type":"post","link":"https:\/\/blogg.svenskakyrkan.se\/akebonnier\/2009\/09\/17\/fortroendevalda-ut-pa-banan-tron-ar-inte-en-privatsak\/","title":{"rendered":"F\u00f6rtroendevalda, ut p\u00e5 banan &#8211; tron \u00e4r inte en privatsak!"},"content":{"rendered":"<p>Jag har tidigare bloggat om v\u00e5r katastrofala hearing i Storkyrkan d\u00e4r v\u00e5ra lokala kyrkopolitiker var eniga i n\u00e4stan alla fr\u00e5gor. M\u00f6jligen var man en aning oense om de f\u00f6rtroendevalda skulle l\u00e4gga sig i trosfr\u00e5gor.<\/p>\n<p>Jag l\u00e4ngtar efter att f\u00f6rtroendevalda ska b\u00f6rja tala om det som \u00e4r kyrkans budskap, inte bara om nog s\u00e5 viktiga fr\u00e5gor som \u00e4ktenskap f\u00f6r samk\u00f6nade eller inte. Men \u00e4r det inte rimligt att ocks\u00e5 trosfr\u00e5gor f\u00e5r komma upp till samtal, att f\u00f6rtroendevalda engagerar sig i det som \u00e4r kyrkans grundl\u00e4ggande budskap. Vilken bibelsyn har egentligen v\u00e5ra olika f\u00f6rtroendevalda? Vad menar de med att Jesus \u00e4r Guds son? Menar de det alls? Tror de alls att Gud m\u00f6ter oss i m\u00e4nsklig gestalt? Vad betyder dopet f\u00f6r dem? Vad betyder nattvarden &#8211; vilken nattvardssyn har de?<\/p>\n<p>Men kan man kr\u00e4va detta av de f\u00f6rtroendevalda? \u00e4r inte detta mer ett krav som man kan st\u00e4lla p\u00e5 pr\u00e4ster, diakoner, pedagoger o s v? Det \u00e4r klart att pr\u00e4ster, diakoner, pedagoger m fl anst\u00e4llda inom Svenska kyrkan borde ha en klar uppfattning men jag menar att \u00e4ven de f\u00f6rtroendevalda borde s\u00e4tta sig in i dessa grundl\u00e4ggande fr\u00e5gor och inte bara tala om konsekvenserna av evangeliet. I detta fall spelar det ingen roll om man har en partipolitisk beteckning! Det viktiga \u00e4r vad hj\u00e4rtat \u00e4r fyllt av, f\u00f6r det borde munnen tala (Luk 6:45).<\/p>\n<p>Det tycks nu vara typiskt att n\u00e4r Kyrkans Tidning presenterar en &#8221;Stor guide till kyrkom\u00f6tesvalet&#8221; i dagens nr handlar det om \u00e4ktenskapsfr\u00e5gan, tillh\u00f6righetsfr\u00e5gan, tak f\u00f6r kyrkoavgiften och om kyrkom\u00f6tet \u00e4ven i framtiden ska v\u00e4ljas genom direkta val.<\/p>\n<p>N\u00e4r tidningen Dagen i g\u00e5r presenterade en unders\u00f6kning med den braskande rubriken &#8221;Teologi skiljer kyrkopolitiker \u00e5t&#8221; blir det mer intressant. Naturligtvis kommer kyrkan och \u00e4ktenskapet upp. Sedan rubrikerna: Det viktigaste f\u00f6r kyrkan i framtiden, Kyrkans viktigaste uppdrag, kyrkan och politiken, Kyrkan och invandrarna, Kyrkan och andra religioner, Kyrkan och Bibeln och personen Jesus. Dessa  fr\u00e5gor borde ha varit \u00e4nnu mer p\u00e5 tapeten i &#8221;valr\u00f6relsen&#8221;. Men \u00e4ven efter kyrkovalet \u00e4r de viktiga.<\/p>\n<p>S\u00e5 till alla f\u00f6rtroendevalda inom kyrkan vill jag s\u00e4ga n\u00e5gra f\u00e5 dagar innan sj\u00e4lva valet: UT P\u00c5 BANAN! St\u00e5 upp f\u00f6r Din tro! Det \u00e4r ju den kristna tron som m\u00e5ste vara grundl\u00e4ggande i allas v\u00e5rt engagemang i kyrkan och d\u00e4rvidlag \u00e4r inte tron en privatsak!<\/p>\n<p>S\u00e5, f\u00f6rtroendevalda i alla f\u00f6rsamlingar &#8211; Ut p\u00e5 banan!<\/p>\n<div class=\"blogger-post-footer\"><img width='1' height='1' src='https:\/\/blogger.googleusercontent.com\/tracker\/9055441369901436026-6857345354976179994?l=akebonnier.blogspot.com' alt='' \/><\/div>\n","protected":false},"excerpt":{"rendered":"<p>Jag har tidigare bloggat om v\u00e5r katastrofala hearing i Storkyrkan d\u00e4r v\u00e5ra lokala kyrkopolitiker var eniga i n\u00e4stan alla fr\u00e5gor. M\u00f6jligen var man en aning oense om de f\u00f6rtroendevalda skulle l\u00e4gga sig i trosfr\u00e5gor. Jag l\u00e4ngtar efter att f\u00f6rtroendevalda ska b\u00f6rja tala om det som \u00e4r kyrkans budskap, inte bara om nog s\u00e5 viktiga fr\u00e5gor [&hellip;]<\/p>\n","protected":false},"author":108,"featured_media":0,"comment_status":"open","ping_status":"open","sticky":false,"template":"","format":"standard","meta":{"_acf_changed":false,"footnotes":""},"categories":[16286,16287],"tags":[],"class_list":["post-309","post","type-post","status-publish","format-standard","hentry","category-fortrfortroendevalda","category-ut-pa-banan-tron-ar-inte-en-privatsak"],"acf":[],"yoast_head":"<!-- This site is optimized with the Yoast SEO plugin v27.1.1 - https:\/\/yoast.com\/product\/yoast-seo-wordpress\/ -->\n<title>F\u00f6rtroendevalda, ut p\u00e5 banan - tron \u00e4r inte en privatsak! - \u00c5ke Bonnier<\/title>\n<meta name=\"robots\" content=\"index, follow, max-snippet:-1, max-image-preview:large, max-video-preview:-1\" \/>\n<link rel=\"canonical\" href=\"https:\/\/blogg.svenskakyrkan.se\/akebonnier\/2009\/09\/17\/fortroendevalda-ut-pa-banan-tron-ar-inte-en-privatsak\/\" \/>\n<meta property=\"og:locale\" content=\"sv_SE\" \/>\n<meta property=\"og:type\" content=\"article\" \/>\n<meta property=\"og:title\" content=\"F\u00f6rtroendevalda, ut p\u00e5 banan - tron \u00e4r inte en privatsak! - \u00c5ke Bonnier\" \/>\n<meta property=\"og:description\" content=\"Jag har tidigare bloggat om v\u00e5r katastrofala hearing i Storkyrkan d\u00e4r v\u00e5ra lokala kyrkopolitiker var eniga i n\u00e4stan alla fr\u00e5gor. M\u00f6jligen var man en aning oense om de f\u00f6rtroendevalda skulle l\u00e4gga sig i trosfr\u00e5gor. Jag l\u00e4ngtar efter att f\u00f6rtroendevalda ska b\u00f6rja tala om det som \u00e4r kyrkans budskap, inte bara om nog s\u00e5 viktiga fr\u00e5gor [&hellip;]\" \/>\n<meta property=\"og:url\" content=\"https:\/\/blogg.svenskakyrkan.se\/akebonnier\/2009\/09\/17\/fortroendevalda-ut-pa-banan-tron-ar-inte-en-privatsak\/\" \/>\n<meta property=\"og:site_name\" content=\"\u00c5ke Bonnier\" \/>\n<meta property=\"article:published_time\" content=\"2009-09-17T06:20:00+00:00\" \/>\n<meta property=\"og:image\" content=\"https:\/\/blogger.googleusercontent.com\/tracker\/9055441369901436026-6857345354976179994?l=akebonnier.blogspot.com\" \/>\n<meta name=\"author\" content=\"\u00c5ke Bonnier\" \/>\n<meta name=\"twitter:card\" content=\"summary_large_image\" \/>\n<meta name=\"twitter:label1\" content=\"Skriven av\" \/>\n\t<meta name=\"twitter:data1\" content=\"\u00c5ke Bonnier\" \/>\n\t<meta name=\"twitter:label2\" content=\"Ber\u00e4knad l\u00e4stid\" \/>\n\t<meta name=\"twitter:data2\" content=\"2 minuter\" \/>\n<script type=\"application\/ld+json\" class=\"yoast-schema-graph\">{\"@context\":\"https:\/\/schema.org\",\"@graph\":[{\"@type\":\"Article\",\"@id\":\"https:\/\/blogg.svenskakyrkan.se\/akebonnier\/2009\/09\/17\/fortroendevalda-ut-pa-banan-tron-ar-inte-en-privatsak\/#article\",\"isPartOf\":{\"@id\":\"https:\/\/blogg.svenskakyrkan.se\/akebonnier\/2009\/09\/17\/fortroendevalda-ut-pa-banan-tron-ar-inte-en-privatsak\/\"},\"author\":{\"name\":\"\u00c5ke Bonnier\",\"@id\":\"https:\/\/blogg.svenskakyrkan.se\/akebonnier\/#\/schema\/person\/8db68bc0c94f6a5a62df2d4486ff1343\"},\"headline\":\"F\u00f6rtroendevalda, ut p\u00e5 banan &#8211; tron \u00e4r inte en privatsak!\",\"datePublished\":\"2009-09-17T06:20:00+00:00\",\"mainEntityOfPage\":{\"@id\":\"https:\/\/blogg.svenskakyrkan.se\/akebonnier\/2009\/09\/17\/fortroendevalda-ut-pa-banan-tron-ar-inte-en-privatsak\/\"},\"wordCount\":456,\"commentCount\":18,\"image\":{\"@id\":\"https:\/\/blogg.svenskakyrkan.se\/akebonnier\/2009\/09\/17\/fortroendevalda-ut-pa-banan-tron-ar-inte-en-privatsak\/#primaryimage\"},\"thumbnailUrl\":\"https:\/\/blogger.googleusercontent.com\/tracker\/9055441369901436026-6857345354976179994?l=akebonnier.blogspot.com\",\"articleSection\":[\"F\u00f6rtrF\u00f6rtroendevalda\",\"ut p\u00e5 banan - tron \u00e4r inte en privatsak\"],\"inLanguage\":\"sv-SE\",\"potentialAction\":[{\"@type\":\"CommentAction\",\"name\":\"Comment\",\"target\":[\"https:\/\/blogg.svenskakyrkan.se\/akebonnier\/2009\/09\/17\/fortroendevalda-ut-pa-banan-tron-ar-inte-en-privatsak\/#respond\"]}]},{\"@type\":\"WebPage\",\"@id\":\"https:\/\/blogg.svenskakyrkan.se\/akebonnier\/2009\/09\/17\/fortroendevalda-ut-pa-banan-tron-ar-inte-en-privatsak\/\",\"url\":\"https:\/\/blogg.svenskakyrkan.se\/akebonnier\/2009\/09\/17\/fortroendevalda-ut-pa-banan-tron-ar-inte-en-privatsak\/\",\"name\":\"F\u00f6rtroendevalda, ut p\u00e5 banan - tron \u00e4r inte en privatsak! - \u00c5ke Bonnier\",\"isPartOf\":{\"@id\":\"https:\/\/blogg.svenskakyrkan.se\/akebonnier\/#website\"},\"primaryImageOfPage\":{\"@id\":\"https:\/\/blogg.svenskakyrkan.se\/akebonnier\/2009\/09\/17\/fortroendevalda-ut-pa-banan-tron-ar-inte-en-privatsak\/#primaryimage\"},\"image\":{\"@id\":\"https:\/\/blogg.svenskakyrkan.se\/akebonnier\/2009\/09\/17\/fortroendevalda-ut-pa-banan-tron-ar-inte-en-privatsak\/#primaryimage\"},\"thumbnailUrl\":\"https:\/\/blogger.googleusercontent.com\/tracker\/9055441369901436026-6857345354976179994?l=akebonnier.blogspot.com\",\"datePublished\":\"2009-09-17T06:20:00+00:00\",\"author\":{\"@id\":\"https:\/\/blogg.svenskakyrkan.se\/akebonnier\/#\/schema\/person\/8db68bc0c94f6a5a62df2d4486ff1343\"},\"breadcrumb\":{\"@id\":\"https:\/\/blogg.svenskakyrkan.se\/akebonnier\/2009\/09\/17\/fortroendevalda-ut-pa-banan-tron-ar-inte-en-privatsak\/#breadcrumb\"},\"inLanguage\":\"sv-SE\",\"potentialAction\":[{\"@type\":\"ReadAction\",\"target\":[\"https:\/\/blogg.svenskakyrkan.se\/akebonnier\/2009\/09\/17\/fortroendevalda-ut-pa-banan-tron-ar-inte-en-privatsak\/\"]}]},{\"@type\":\"ImageObject\",\"inLanguage\":\"sv-SE\",\"@id\":\"https:\/\/blogg.svenskakyrkan.se\/akebonnier\/2009\/09\/17\/fortroendevalda-ut-pa-banan-tron-ar-inte-en-privatsak\/#primaryimage\",\"url\":\"https:\/\/blogger.googleusercontent.com\/tracker\/9055441369901436026-6857345354976179994?l=akebonnier.blogspot.com\",\"contentUrl\":\"https:\/\/blogger.googleusercontent.com\/tracker\/9055441369901436026-6857345354976179994?l=akebonnier.blogspot.com\"},{\"@type\":\"BreadcrumbList\",\"@id\":\"https:\/\/blogg.svenskakyrkan.se\/akebonnier\/2009\/09\/17\/fortroendevalda-ut-pa-banan-tron-ar-inte-en-privatsak\/#breadcrumb\",\"itemListElement\":[{\"@type\":\"ListItem\",\"position\":1,\"name\":\"Hem\",\"item\":\"https:\/\/blogg.svenskakyrkan.se\/akebonnier\/\"},{\"@type\":\"ListItem\",\"position\":2,\"name\":\"F\u00f6rtroendevalda, ut p\u00e5 banan &#8211; tron \u00e4r inte en privatsak!\"}]},{\"@type\":\"WebSite\",\"@id\":\"https:\/\/blogg.svenskakyrkan.se\/akebonnier\/#website\",\"url\":\"https:\/\/blogg.svenskakyrkan.se\/akebonnier\/\",\"name\":\"\u00c5ke Bonnier\",\"description\":\"Biskop i Svenska kyrkan - Skara stift\",\"potentialAction\":[{\"@type\":\"SearchAction\",\"target\":{\"@type\":\"EntryPoint\",\"urlTemplate\":\"https:\/\/blogg.svenskakyrkan.se\/akebonnier\/?s={search_term_string}\"},\"query-input\":{\"@type\":\"PropertyValueSpecification\",\"valueRequired\":true,\"valueName\":\"search_term_string\"}}],\"inLanguage\":\"sv-SE\"},{\"@type\":\"Person\",\"@id\":\"https:\/\/blogg.svenskakyrkan.se\/akebonnier\/#\/schema\/person\/8db68bc0c94f6a5a62df2d4486ff1343\",\"name\":\"\u00c5ke Bonnier\",\"image\":{\"@type\":\"ImageObject\",\"inLanguage\":\"sv-SE\",\"@id\":\"https:\/\/blogg.svenskakyrkan.se\/akebonnier\/#\/schema\/person\/image\/\",\"url\":\"https:\/\/secure.gravatar.com\/avatar\/b88264736bb0bc0d1ea92298aef02c9f98cfc13c7484130c42c663ae484f9462?s=96&d=mm&r=g\",\"contentUrl\":\"https:\/\/secure.gravatar.com\/avatar\/b88264736bb0bc0d1ea92298aef02c9f98cfc13c7484130c42c663ae484f9462?s=96&d=mm&r=g\",\"caption\":\"\u00c5ke Bonnier\"},\"description\":\"Jag \u00e4r gift och har tv\u00e5 vuxna d\u00f6ttrar. Pr\u00e4stvigdes 1984 och biskopsvigs 26 augusti 2012 . Jag har tidigare bland annat varit, komminister och kyrkoherde i Liding\u00f6 f\u00f6rsamling och domprost i Stockholms domkyrkof\u00f6rsamling. Jag \u00e4r intresserad av konst, litteratur, teater, film. Jag tr\u00e4nar regelbundet p\u00e5 gym. Mitt huvudsakliga musikintresse \u00e4r klassisk musik men ocks\u00e5 Beatles, Elvis Presley, Monika Zettelund, Povel Ramel och m\u00e5nga andra tycker jag om att lyssna p\u00e5. Jag l\u00e4ser f\u00f6r lite sk\u00f6nlitteratur beroende p\u00e5 annat som jag m\u00e5ste l\u00e4sa i mitt uppdrag som biskop. Men jag \u00e4lskar b\u00f6cker. Naturligtvis l\u00e4ser jag n\u00e4st intill dagligdags i \\\"B\u00f6ckernas Bok.\\\"\",\"sameAs\":[\"http:\/\/www.skarastift.se\"],\"url\":\"https:\/\/blogg.svenskakyrkan.se\/akebonnier\/author\/akebonnier\/\"}]}<\/script>\n<!-- \/ Yoast SEO plugin. -->","yoast_head_json":{"title":"F\u00f6rtroendevalda, ut p\u00e5 banan - tron \u00e4r inte en privatsak! - \u00c5ke Bonnier","robots":{"index":"index","follow":"follow","max-snippet":"max-snippet:-1","max-image-preview":"max-image-preview:large","max-video-preview":"max-video-preview:-1"},"canonical":"https:\/\/blogg.svenskakyrkan.se\/akebonnier\/2009\/09\/17\/fortroendevalda-ut-pa-banan-tron-ar-inte-en-privatsak\/","og_locale":"sv_SE","og_type":"article","og_title":"F\u00f6rtroendevalda, ut p\u00e5 banan - tron \u00e4r inte en privatsak! - \u00c5ke Bonnier","og_description":"Jag har tidigare bloggat om v\u00e5r katastrofala hearing i Storkyrkan d\u00e4r v\u00e5ra lokala kyrkopolitiker var eniga i n\u00e4stan alla fr\u00e5gor. M\u00f6jligen var man en aning oense om de f\u00f6rtroendevalda skulle l\u00e4gga sig i trosfr\u00e5gor. Jag l\u00e4ngtar efter att f\u00f6rtroendevalda ska b\u00f6rja tala om det som \u00e4r kyrkans budskap, inte bara om nog s\u00e5 viktiga fr\u00e5gor [&hellip;]","og_url":"https:\/\/blogg.svenskakyrkan.se\/akebonnier\/2009\/09\/17\/fortroendevalda-ut-pa-banan-tron-ar-inte-en-privatsak\/","og_site_name":"\u00c5ke Bonnier","article_published_time":"2009-09-17T06:20:00+00:00","og_image":[{"url":"https:\/\/blogger.googleusercontent.com\/tracker\/9055441369901436026-6857345354976179994?l=akebonnier.blogspot.com","type":"","width":"","height":""}],"author":"\u00c5ke Bonnier","twitter_card":"summary_large_image","twitter_misc":{"Skriven av":"\u00c5ke Bonnier","Ber\u00e4knad l\u00e4stid":"2 minuter"},"schema":{"@context":"https:\/\/schema.org","@graph":[{"@type":"Article","@id":"https:\/\/blogg.svenskakyrkan.se\/akebonnier\/2009\/09\/17\/fortroendevalda-ut-pa-banan-tron-ar-inte-en-privatsak\/#article","isPartOf":{"@id":"https:\/\/blogg.svenskakyrkan.se\/akebonnier\/2009\/09\/17\/fortroendevalda-ut-pa-banan-tron-ar-inte-en-privatsak\/"},"author":{"name":"\u00c5ke Bonnier","@id":"https:\/\/blogg.svenskakyrkan.se\/akebonnier\/#\/schema\/person\/8db68bc0c94f6a5a62df2d4486ff1343"},"headline":"F\u00f6rtroendevalda, ut p\u00e5 banan &#8211; tron \u00e4r inte en privatsak!","datePublished":"2009-09-17T06:20:00+00:00","mainEntityOfPage":{"@id":"https:\/\/blogg.svenskakyrkan.se\/akebonnier\/2009\/09\/17\/fortroendevalda-ut-pa-banan-tron-ar-inte-en-privatsak\/"},"wordCount":456,"commentCount":18,"image":{"@id":"https:\/\/blogg.svenskakyrkan.se\/akebonnier\/2009\/09\/17\/fortroendevalda-ut-pa-banan-tron-ar-inte-en-privatsak\/#primaryimage"},"thumbnailUrl":"https:\/\/blogger.googleusercontent.com\/tracker\/9055441369901436026-6857345354976179994?l=akebonnier.blogspot.com","articleSection":["F\u00f6rtrF\u00f6rtroendevalda","ut p\u00e5 banan - tron \u00e4r inte en privatsak"],"inLanguage":"sv-SE","potentialAction":[{"@type":"CommentAction","name":"Comment","target":["https:\/\/blogg.svenskakyrkan.se\/akebonnier\/2009\/09\/17\/fortroendevalda-ut-pa-banan-tron-ar-inte-en-privatsak\/#respond"]}]},{"@type":"WebPage","@id":"https:\/\/blogg.svenskakyrkan.se\/akebonnier\/2009\/09\/17\/fortroendevalda-ut-pa-banan-tron-ar-inte-en-privatsak\/","url":"https:\/\/blogg.svenskakyrkan.se\/akebonnier\/2009\/09\/17\/fortroendevalda-ut-pa-banan-tron-ar-inte-en-privatsak\/","name":"F\u00f6rtroendevalda, ut p\u00e5 banan - tron \u00e4r inte en privatsak! - \u00c5ke Bonnier","isPartOf":{"@id":"https:\/\/blogg.svenskakyrkan.se\/akebonnier\/#website"},"primaryImageOfPage":{"@id":"https:\/\/blogg.svenskakyrkan.se\/akebonnier\/2009\/09\/17\/fortroendevalda-ut-pa-banan-tron-ar-inte-en-privatsak\/#primaryimage"},"image":{"@id":"https:\/\/blogg.svenskakyrkan.se\/akebonnier\/2009\/09\/17\/fortroendevalda-ut-pa-banan-tron-ar-inte-en-privatsak\/#primaryimage"},"thumbnailUrl":"https:\/\/blogger.googleusercontent.com\/tracker\/9055441369901436026-6857345354976179994?l=akebonnier.blogspot.com","datePublished":"2009-09-17T06:20:00+00:00","author":{"@id":"https:\/\/blogg.svenskakyrkan.se\/akebonnier\/#\/schema\/person\/8db68bc0c94f6a5a62df2d4486ff1343"},"breadcrumb":{"@id":"https:\/\/blogg.svenskakyrkan.se\/akebonnier\/2009\/09\/17\/fortroendevalda-ut-pa-banan-tron-ar-inte-en-privatsak\/#breadcrumb"},"inLanguage":"sv-SE","potentialAction":[{"@type":"ReadAction","target":["https:\/\/blogg.svenskakyrkan.se\/akebonnier\/2009\/09\/17\/fortroendevalda-ut-pa-banan-tron-ar-inte-en-privatsak\/"]}]},{"@type":"ImageObject","inLanguage":"sv-SE","@id":"https:\/\/blogg.svenskakyrkan.se\/akebonnier\/2009\/09\/17\/fortroendevalda-ut-pa-banan-tron-ar-inte-en-privatsak\/#primaryimage","url":"https:\/\/blogger.googleusercontent.com\/tracker\/9055441369901436026-6857345354976179994?l=akebonnier.blogspot.com","contentUrl":"https:\/\/blogger.googleusercontent.com\/tracker\/9055441369901436026-6857345354976179994?l=akebonnier.blogspot.com"},{"@type":"BreadcrumbList","@id":"https:\/\/blogg.svenskakyrkan.se\/akebonnier\/2009\/09\/17\/fortroendevalda-ut-pa-banan-tron-ar-inte-en-privatsak\/#breadcrumb","itemListElement":[{"@type":"ListItem","position":1,"name":"Hem","item":"https:\/\/blogg.svenskakyrkan.se\/akebonnier\/"},{"@type":"ListItem","position":2,"name":"F\u00f6rtroendevalda, ut p\u00e5 banan &#8211; tron \u00e4r inte en privatsak!"}]},{"@type":"WebSite","@id":"https:\/\/blogg.svenskakyrkan.se\/akebonnier\/#website","url":"https:\/\/blogg.svenskakyrkan.se\/akebonnier\/","name":"\u00c5ke Bonnier","description":"Biskop i Svenska kyrkan - Skara stift","potentialAction":[{"@type":"SearchAction","target":{"@type":"EntryPoint","urlTemplate":"https:\/\/blogg.svenskakyrkan.se\/akebonnier\/?s={search_term_string}"},"query-input":{"@type":"PropertyValueSpecification","valueRequired":true,"valueName":"search_term_string"}}],"inLanguage":"sv-SE"},{"@type":"Person","@id":"https:\/\/blogg.svenskakyrkan.se\/akebonnier\/#\/schema\/person\/8db68bc0c94f6a5a62df2d4486ff1343","name":"\u00c5ke Bonnier","image":{"@type":"ImageObject","inLanguage":"sv-SE","@id":"https:\/\/blogg.svenskakyrkan.se\/akebonnier\/#\/schema\/person\/image\/","url":"https:\/\/secure.gravatar.com\/avatar\/b88264736bb0bc0d1ea92298aef02c9f98cfc13c7484130c42c663ae484f9462?s=96&d=mm&r=g","contentUrl":"https:\/\/secure.gravatar.com\/avatar\/b88264736bb0bc0d1ea92298aef02c9f98cfc13c7484130c42c663ae484f9462?s=96&d=mm&r=g","caption":"\u00c5ke Bonnier"},"description":"Jag \u00e4r gift och har tv\u00e5 vuxna d\u00f6ttrar. Pr\u00e4stvigdes 1984 och biskopsvigs 26 augusti 2012 . Jag har tidigare bland annat varit, komminister och kyrkoherde i Liding\u00f6 f\u00f6rsamling och domprost i Stockholms domkyrkof\u00f6rsamling. Jag \u00e4r intresserad av konst, litteratur, teater, film. Jag tr\u00e4nar regelbundet p\u00e5 gym. Mitt huvudsakliga musikintresse \u00e4r klassisk musik men ocks\u00e5 Beatles, Elvis Presley, Monika Zettelund, Povel Ramel och m\u00e5nga andra tycker jag om att lyssna p\u00e5. Jag l\u00e4ser f\u00f6r lite sk\u00f6nlitteratur beroende p\u00e5 annat som jag m\u00e5ste l\u00e4sa i mitt uppdrag som biskop. Men jag \u00e4lskar b\u00f6cker. Naturligtvis l\u00e4ser jag n\u00e4st intill dagligdags i \"B\u00f6ckernas Bok.\"","sameAs":["http:\/\/www.skarastift.se"],"url":"https:\/\/blogg.svenskakyrkan.se\/akebonnier\/author\/akebonnier\/"}]}},"author_meta":{"ID":"108","user_nicename":"akebonnier","user_url":"http:\/\/www.skarastift.se","user_registered":"2011-10-11 09:24:48","display_name":"\u00c5ke Bonnier","first_name":"\u00c5ke","last_name":"Bonnier","avatar":"https:\/\/secure.gravatar.com\/avatar\/b88264736bb0bc0d1ea92298aef02c9f98cfc13c7484130c42c663ae484f9462?s=96&d=mm&r=g"},"featured_image":false,"bloginfo":{"name":"\u00c5ke Bonnier","url":"https:\/\/blogg.svenskakyrkan.se\/akebonnier"},"_links":{"self":[{"href":"https:\/\/blogg.svenskakyrkan.se\/akebonnier\/wp-json\/wp\/v2\/posts\/309","targetHints":{"allow":["GET"]}}],"collection":[{"href":"https:\/\/blogg.svenskakyrkan.se\/akebonnier\/wp-json\/wp\/v2\/posts"}],"about":[{"href":"https:\/\/blogg.svenskakyrkan.se\/akebonnier\/wp-json\/wp\/v2\/types\/post"}],"author":[{"embeddable":true,"href":"https:\/\/blogg.svenskakyrkan.se\/akebonnier\/wp-json\/wp\/v2\/users\/108"}],"replies":[{"embeddable":true,"href":"https:\/\/blogg.svenskakyrkan.se\/akebonnier\/wp-json\/wp\/v2\/comments?post=309"}],"version-history":[{"count":0,"href":"https:\/\/blogg.svenskakyrkan.se\/akebonnier\/wp-json\/wp\/v2\/posts\/309\/revisions"}],"wp:attachment":[{"href":"https:\/\/blogg.svenskakyrkan.se\/akebonnier\/wp-json\/wp\/v2\/media?parent=309"}],"wp:term":[{"taxonomy":"category","embeddable":true,"href":"https:\/\/blogg.svenskakyrkan.se\/akebonnier\/wp-json\/wp\/v2\/categories?post=309"},{"taxonomy":"post_tag","embeddable":true,"href":"https:\/\/blogg.svenskakyrkan.se\/akebonnier\/wp-json\/wp\/v2\/tags?post=309"}],"curies":[{"name":"wp","href":"https:\/\/api.w.org\/{rel}","templated":true}]}}