{"id":311,"date":"2009-09-21T15:26:00","date_gmt":"2009-09-21T15:26:00","guid":{"rendered":"http:\/\/blogg.svenskakyrkan.se\/akebonnier\/2009\/09\/21\/gardagen-ar-forbi-morgondagen-kanner-ingen\/"},"modified":"2009-09-21T15:26:00","modified_gmt":"2009-09-21T15:26:00","slug":"gardagen-ar-forbi-morgondagen-kanner-ingen","status":"publish","type":"post","link":"https:\/\/blogg.svenskakyrkan.se\/akebonnier\/2009\/09\/21\/gardagen-ar-forbi-morgondagen-kanner-ingen\/","title":{"rendered":"G\u00e5rdagen \u00e4r f\u00f6rbi &#8211; morgondagen k\u00e4nner ingen!"},"content":{"rendered":"<p>Ig\u00e5r avgjordes kyrkovalet. Jag kan inte s\u00e4ga att jag \u00e4r s\u00e4rskilt entusiastisk och inte heller djupt besviken. Jo, jag \u00e4r djupt besviken \u00f6ver att Sverigedemokraterna gick fram\u00e5t. Det \u00e4r bedr\u00f6vligt. De st\u00e5r i grunden f\u00f6r en fr\u00e4mlingsfientlighet som \u00e4r obiblisk. \u00e4r det n\u00e5got som de gammaltestamentliga och socialt medvetna profeterna dundrade om, \u00e4r det att det var viktigt att bry sig om fr\u00e4mlingen. Kyrkan och kristen tro f\u00e5r inte anv\u00e4ndas som fr\u00e4mlingsfientligt redskap. Tv\u00e4rtom borde kyrkan vara en \u00e4nnu starkare spjutspets gent emot regering och riksdag n\u00e4r det g\u00e4ller v\u00e5r flyktingpolitik. Vi har r\u00e5d att vara gener\u00f6sa! Vi har r\u00e5d att vara medm\u00e4nskliga! Vi har r\u00e5d att visa omsorg om flyktingen och inte den omsorg som handlar om att skicka tillbaka honom eller henne med tv\u00e5 poliser som eskorterar. Sverige borde kunna vara ett f\u00f6reg\u00e5ngsland i flyktingpolitik! Sverigedemokraterna \u00e4r d\u00e4rvidlag ett destruktivt parti.<\/p>\n<p>Nu \u00e4r kyrkovalet \u00f6ver och nu g\u00e4ller det att g\u00e5 vidare med delvis nya f\u00f6ruts\u00e4ttningar beroende p\u00e5 mandatf\u00f6rdelningar och nya individer p\u00e5 olika poster. Nu f\u00e5r vi l\u00e5ta allt talande om partipolitikens vara eller icke vara i kyrkans sammanhang bero. Det \u00e4r nu ointressant. Det viktiga \u00e4r att f\u00f6rtroendevalda, ideella medarbetare och anst\u00e4llda vill kyrkan utveckling och framtid d\u00e4r evangeliet om Jesus Kristus f\u00e5r vara b\u00e5de b\u00e4rande och i fokus. Det \u00e4r det viktiga och d\u00e5 \u00e4r det ointressant om man \u00e4r moderat, socialdemokrat, posktillh\u00f6rig eller n\u00e5got annat.<\/p>\n<p>G\u00e5rdagen \u00e4r f\u00f6rbi &#8211; morgondagen k\u00e4nner ingen!<\/p>\n<div class=\"blogger-post-footer\"><img width='1' height='1' src='https:\/\/blogger.googleusercontent.com\/tracker\/9055441369901436026-67836482756368218?l=akebonnier.blogspot.com' alt='' \/><\/div>\n","protected":false},"excerpt":{"rendered":"<p>Ig\u00e5r avgjordes kyrkovalet. Jag kan inte s\u00e4ga att jag \u00e4r s\u00e4rskilt entusiastisk och inte heller djupt besviken. Jo, jag \u00e4r djupt besviken \u00f6ver att Sverigedemokraterna gick fram\u00e5t. Det \u00e4r bedr\u00f6vligt. De st\u00e5r i grunden f\u00f6r en fr\u00e4mlingsfientlighet som \u00e4r obiblisk. \u00e4r det n\u00e5got som de gammaltestamentliga och socialt medvetna profeterna dundrade om, \u00e4r det att [&hellip;]<\/p>\n","protected":false},"author":108,"featured_media":0,"comment_status":"open","ping_status":"open","sticky":false,"template":"","format":"standard","meta":{"_acf_changed":false,"footnotes":""},"categories":[16289],"tags":[],"class_list":["post-311","post","type-post","status-publish","format-standard","hentry","category-gardagen-ar-forbi-morgondagen-kanner-ingen"],"acf":[],"yoast_head":"<!-- This site is optimized with the Yoast SEO plugin v27.1.1 - https:\/\/yoast.com\/product\/yoast-seo-wordpress\/ -->\n<title>G\u00e5rdagen \u00e4r f\u00f6rbi - morgondagen k\u00e4nner ingen! - \u00c5ke Bonnier<\/title>\n<meta name=\"robots\" content=\"index, follow, max-snippet:-1, max-image-preview:large, max-video-preview:-1\" \/>\n<link rel=\"canonical\" href=\"https:\/\/blogg.svenskakyrkan.se\/akebonnier\/2009\/09\/21\/gardagen-ar-forbi-morgondagen-kanner-ingen\/\" \/>\n<meta property=\"og:locale\" content=\"sv_SE\" \/>\n<meta property=\"og:type\" content=\"article\" \/>\n<meta property=\"og:title\" content=\"G\u00e5rdagen \u00e4r f\u00f6rbi - morgondagen k\u00e4nner ingen! - \u00c5ke Bonnier\" \/>\n<meta property=\"og:description\" content=\"Ig\u00e5r avgjordes kyrkovalet. Jag kan inte s\u00e4ga att jag \u00e4r s\u00e4rskilt entusiastisk och inte heller djupt besviken. Jo, jag \u00e4r djupt besviken \u00f6ver att Sverigedemokraterna gick fram\u00e5t. Det \u00e4r bedr\u00f6vligt. De st\u00e5r i grunden f\u00f6r en fr\u00e4mlingsfientlighet som \u00e4r obiblisk. \u00e4r det n\u00e5got som de gammaltestamentliga och socialt medvetna profeterna dundrade om, \u00e4r det att [&hellip;]\" \/>\n<meta property=\"og:url\" content=\"https:\/\/blogg.svenskakyrkan.se\/akebonnier\/2009\/09\/21\/gardagen-ar-forbi-morgondagen-kanner-ingen\/\" \/>\n<meta property=\"og:site_name\" content=\"\u00c5ke Bonnier\" \/>\n<meta property=\"article:published_time\" content=\"2009-09-21T15:26:00+00:00\" \/>\n<meta property=\"og:image\" content=\"https:\/\/blogger.googleusercontent.com\/tracker\/9055441369901436026-67836482756368218?l=akebonnier.blogspot.com\" \/>\n<meta name=\"author\" content=\"\u00c5ke Bonnier\" \/>\n<meta name=\"twitter:card\" content=\"summary_large_image\" \/>\n<meta name=\"twitter:label1\" content=\"Skriven av\" \/>\n\t<meta name=\"twitter:data1\" content=\"\u00c5ke Bonnier\" \/>\n\t<meta name=\"twitter:label2\" content=\"Ber\u00e4knad l\u00e4stid\" \/>\n\t<meta name=\"twitter:data2\" content=\"1 minut\" \/>\n<script type=\"application\/ld+json\" class=\"yoast-schema-graph\">{\"@context\":\"https:\/\/schema.org\",\"@graph\":[{\"@type\":\"Article\",\"@id\":\"https:\/\/blogg.svenskakyrkan.se\/akebonnier\/2009\/09\/21\/gardagen-ar-forbi-morgondagen-kanner-ingen\/#article\",\"isPartOf\":{\"@id\":\"https:\/\/blogg.svenskakyrkan.se\/akebonnier\/2009\/09\/21\/gardagen-ar-forbi-morgondagen-kanner-ingen\/\"},\"author\":{\"name\":\"\u00c5ke Bonnier\",\"@id\":\"https:\/\/blogg.svenskakyrkan.se\/akebonnier\/#\/schema\/person\/8db68bc0c94f6a5a62df2d4486ff1343\"},\"headline\":\"G\u00e5rdagen \u00e4r f\u00f6rbi &#8211; morgondagen k\u00e4nner ingen!\",\"datePublished\":\"2009-09-21T15:26:00+00:00\",\"mainEntityOfPage\":{\"@id\":\"https:\/\/blogg.svenskakyrkan.se\/akebonnier\/2009\/09\/21\/gardagen-ar-forbi-morgondagen-kanner-ingen\/\"},\"wordCount\":290,\"commentCount\":6,\"image\":{\"@id\":\"https:\/\/blogg.svenskakyrkan.se\/akebonnier\/2009\/09\/21\/gardagen-ar-forbi-morgondagen-kanner-ingen\/#primaryimage\"},\"thumbnailUrl\":\"https:\/\/blogger.googleusercontent.com\/tracker\/9055441369901436026-67836482756368218?l=akebonnier.blogspot.com\",\"articleSection\":[\"G\u00e5rdagen \u00e4r f\u00f6rbi - morgondagen k\u00e4nner ingen\"],\"inLanguage\":\"sv-SE\",\"potentialAction\":[{\"@type\":\"CommentAction\",\"name\":\"Comment\",\"target\":[\"https:\/\/blogg.svenskakyrkan.se\/akebonnier\/2009\/09\/21\/gardagen-ar-forbi-morgondagen-kanner-ingen\/#respond\"]}]},{\"@type\":\"WebPage\",\"@id\":\"https:\/\/blogg.svenskakyrkan.se\/akebonnier\/2009\/09\/21\/gardagen-ar-forbi-morgondagen-kanner-ingen\/\",\"url\":\"https:\/\/blogg.svenskakyrkan.se\/akebonnier\/2009\/09\/21\/gardagen-ar-forbi-morgondagen-kanner-ingen\/\",\"name\":\"G\u00e5rdagen \u00e4r f\u00f6rbi - morgondagen k\u00e4nner ingen! - \u00c5ke Bonnier\",\"isPartOf\":{\"@id\":\"https:\/\/blogg.svenskakyrkan.se\/akebonnier\/#website\"},\"primaryImageOfPage\":{\"@id\":\"https:\/\/blogg.svenskakyrkan.se\/akebonnier\/2009\/09\/21\/gardagen-ar-forbi-morgondagen-kanner-ingen\/#primaryimage\"},\"image\":{\"@id\":\"https:\/\/blogg.svenskakyrkan.se\/akebonnier\/2009\/09\/21\/gardagen-ar-forbi-morgondagen-kanner-ingen\/#primaryimage\"},\"thumbnailUrl\":\"https:\/\/blogger.googleusercontent.com\/tracker\/9055441369901436026-67836482756368218?l=akebonnier.blogspot.com\",\"datePublished\":\"2009-09-21T15:26:00+00:00\",\"author\":{\"@id\":\"https:\/\/blogg.svenskakyrkan.se\/akebonnier\/#\/schema\/person\/8db68bc0c94f6a5a62df2d4486ff1343\"},\"breadcrumb\":{\"@id\":\"https:\/\/blogg.svenskakyrkan.se\/akebonnier\/2009\/09\/21\/gardagen-ar-forbi-morgondagen-kanner-ingen\/#breadcrumb\"},\"inLanguage\":\"sv-SE\",\"potentialAction\":[{\"@type\":\"ReadAction\",\"target\":[\"https:\/\/blogg.svenskakyrkan.se\/akebonnier\/2009\/09\/21\/gardagen-ar-forbi-morgondagen-kanner-ingen\/\"]}]},{\"@type\":\"ImageObject\",\"inLanguage\":\"sv-SE\",\"@id\":\"https:\/\/blogg.svenskakyrkan.se\/akebonnier\/2009\/09\/21\/gardagen-ar-forbi-morgondagen-kanner-ingen\/#primaryimage\",\"url\":\"https:\/\/blogger.googleusercontent.com\/tracker\/9055441369901436026-67836482756368218?l=akebonnier.blogspot.com\",\"contentUrl\":\"https:\/\/blogger.googleusercontent.com\/tracker\/9055441369901436026-67836482756368218?l=akebonnier.blogspot.com\"},{\"@type\":\"BreadcrumbList\",\"@id\":\"https:\/\/blogg.svenskakyrkan.se\/akebonnier\/2009\/09\/21\/gardagen-ar-forbi-morgondagen-kanner-ingen\/#breadcrumb\",\"itemListElement\":[{\"@type\":\"ListItem\",\"position\":1,\"name\":\"Hem\",\"item\":\"https:\/\/blogg.svenskakyrkan.se\/akebonnier\/\"},{\"@type\":\"ListItem\",\"position\":2,\"name\":\"G\u00e5rdagen \u00e4r f\u00f6rbi &#8211; morgondagen k\u00e4nner ingen!\"}]},{\"@type\":\"WebSite\",\"@id\":\"https:\/\/blogg.svenskakyrkan.se\/akebonnier\/#website\",\"url\":\"https:\/\/blogg.svenskakyrkan.se\/akebonnier\/\",\"name\":\"\u00c5ke Bonnier\",\"description\":\"Biskop i Svenska kyrkan - Skara stift\",\"potentialAction\":[{\"@type\":\"SearchAction\",\"target\":{\"@type\":\"EntryPoint\",\"urlTemplate\":\"https:\/\/blogg.svenskakyrkan.se\/akebonnier\/?s={search_term_string}\"},\"query-input\":{\"@type\":\"PropertyValueSpecification\",\"valueRequired\":true,\"valueName\":\"search_term_string\"}}],\"inLanguage\":\"sv-SE\"},{\"@type\":\"Person\",\"@id\":\"https:\/\/blogg.svenskakyrkan.se\/akebonnier\/#\/schema\/person\/8db68bc0c94f6a5a62df2d4486ff1343\",\"name\":\"\u00c5ke Bonnier\",\"image\":{\"@type\":\"ImageObject\",\"inLanguage\":\"sv-SE\",\"@id\":\"https:\/\/blogg.svenskakyrkan.se\/akebonnier\/#\/schema\/person\/image\/\",\"url\":\"https:\/\/secure.gravatar.com\/avatar\/b88264736bb0bc0d1ea92298aef02c9f98cfc13c7484130c42c663ae484f9462?s=96&d=mm&r=g\",\"contentUrl\":\"https:\/\/secure.gravatar.com\/avatar\/b88264736bb0bc0d1ea92298aef02c9f98cfc13c7484130c42c663ae484f9462?s=96&d=mm&r=g\",\"caption\":\"\u00c5ke Bonnier\"},\"description\":\"Jag \u00e4r gift och har tv\u00e5 vuxna d\u00f6ttrar. Pr\u00e4stvigdes 1984 och biskopsvigs 26 augusti 2012 . Jag har tidigare bland annat varit, komminister och kyrkoherde i Liding\u00f6 f\u00f6rsamling och domprost i Stockholms domkyrkof\u00f6rsamling. Jag \u00e4r intresserad av konst, litteratur, teater, film. Jag tr\u00e4nar regelbundet p\u00e5 gym. Mitt huvudsakliga musikintresse \u00e4r klassisk musik men ocks\u00e5 Beatles, Elvis Presley, Monika Zettelund, Povel Ramel och m\u00e5nga andra tycker jag om att lyssna p\u00e5. Jag l\u00e4ser f\u00f6r lite sk\u00f6nlitteratur beroende p\u00e5 annat som jag m\u00e5ste l\u00e4sa i mitt uppdrag som biskop. Men jag \u00e4lskar b\u00f6cker. Naturligtvis l\u00e4ser jag n\u00e4st intill dagligdags i \\\"B\u00f6ckernas Bok.\\\"\",\"sameAs\":[\"http:\/\/www.skarastift.se\"],\"url\":\"https:\/\/blogg.svenskakyrkan.se\/akebonnier\/author\/akebonnier\/\"}]}<\/script>\n<!-- \/ Yoast SEO plugin. -->","yoast_head_json":{"title":"G\u00e5rdagen \u00e4r f\u00f6rbi - morgondagen k\u00e4nner ingen! - \u00c5ke Bonnier","robots":{"index":"index","follow":"follow","max-snippet":"max-snippet:-1","max-image-preview":"max-image-preview:large","max-video-preview":"max-video-preview:-1"},"canonical":"https:\/\/blogg.svenskakyrkan.se\/akebonnier\/2009\/09\/21\/gardagen-ar-forbi-morgondagen-kanner-ingen\/","og_locale":"sv_SE","og_type":"article","og_title":"G\u00e5rdagen \u00e4r f\u00f6rbi - morgondagen k\u00e4nner ingen! - \u00c5ke Bonnier","og_description":"Ig\u00e5r avgjordes kyrkovalet. Jag kan inte s\u00e4ga att jag \u00e4r s\u00e4rskilt entusiastisk och inte heller djupt besviken. Jo, jag \u00e4r djupt besviken \u00f6ver att Sverigedemokraterna gick fram\u00e5t. Det \u00e4r bedr\u00f6vligt. De st\u00e5r i grunden f\u00f6r en fr\u00e4mlingsfientlighet som \u00e4r obiblisk. \u00e4r det n\u00e5got som de gammaltestamentliga och socialt medvetna profeterna dundrade om, \u00e4r det att [&hellip;]","og_url":"https:\/\/blogg.svenskakyrkan.se\/akebonnier\/2009\/09\/21\/gardagen-ar-forbi-morgondagen-kanner-ingen\/","og_site_name":"\u00c5ke Bonnier","article_published_time":"2009-09-21T15:26:00+00:00","og_image":[{"url":"https:\/\/blogger.googleusercontent.com\/tracker\/9055441369901436026-67836482756368218?l=akebonnier.blogspot.com","type":"","width":"","height":""}],"author":"\u00c5ke Bonnier","twitter_card":"summary_large_image","twitter_misc":{"Skriven av":"\u00c5ke Bonnier","Ber\u00e4knad l\u00e4stid":"1 minut"},"schema":{"@context":"https:\/\/schema.org","@graph":[{"@type":"Article","@id":"https:\/\/blogg.svenskakyrkan.se\/akebonnier\/2009\/09\/21\/gardagen-ar-forbi-morgondagen-kanner-ingen\/#article","isPartOf":{"@id":"https:\/\/blogg.svenskakyrkan.se\/akebonnier\/2009\/09\/21\/gardagen-ar-forbi-morgondagen-kanner-ingen\/"},"author":{"name":"\u00c5ke Bonnier","@id":"https:\/\/blogg.svenskakyrkan.se\/akebonnier\/#\/schema\/person\/8db68bc0c94f6a5a62df2d4486ff1343"},"headline":"G\u00e5rdagen \u00e4r f\u00f6rbi &#8211; morgondagen k\u00e4nner ingen!","datePublished":"2009-09-21T15:26:00+00:00","mainEntityOfPage":{"@id":"https:\/\/blogg.svenskakyrkan.se\/akebonnier\/2009\/09\/21\/gardagen-ar-forbi-morgondagen-kanner-ingen\/"},"wordCount":290,"commentCount":6,"image":{"@id":"https:\/\/blogg.svenskakyrkan.se\/akebonnier\/2009\/09\/21\/gardagen-ar-forbi-morgondagen-kanner-ingen\/#primaryimage"},"thumbnailUrl":"https:\/\/blogger.googleusercontent.com\/tracker\/9055441369901436026-67836482756368218?l=akebonnier.blogspot.com","articleSection":["G\u00e5rdagen \u00e4r f\u00f6rbi - morgondagen k\u00e4nner ingen"],"inLanguage":"sv-SE","potentialAction":[{"@type":"CommentAction","name":"Comment","target":["https:\/\/blogg.svenskakyrkan.se\/akebonnier\/2009\/09\/21\/gardagen-ar-forbi-morgondagen-kanner-ingen\/#respond"]}]},{"@type":"WebPage","@id":"https:\/\/blogg.svenskakyrkan.se\/akebonnier\/2009\/09\/21\/gardagen-ar-forbi-morgondagen-kanner-ingen\/","url":"https:\/\/blogg.svenskakyrkan.se\/akebonnier\/2009\/09\/21\/gardagen-ar-forbi-morgondagen-kanner-ingen\/","name":"G\u00e5rdagen \u00e4r f\u00f6rbi - morgondagen k\u00e4nner ingen! - \u00c5ke Bonnier","isPartOf":{"@id":"https:\/\/blogg.svenskakyrkan.se\/akebonnier\/#website"},"primaryImageOfPage":{"@id":"https:\/\/blogg.svenskakyrkan.se\/akebonnier\/2009\/09\/21\/gardagen-ar-forbi-morgondagen-kanner-ingen\/#primaryimage"},"image":{"@id":"https:\/\/blogg.svenskakyrkan.se\/akebonnier\/2009\/09\/21\/gardagen-ar-forbi-morgondagen-kanner-ingen\/#primaryimage"},"thumbnailUrl":"https:\/\/blogger.googleusercontent.com\/tracker\/9055441369901436026-67836482756368218?l=akebonnier.blogspot.com","datePublished":"2009-09-21T15:26:00+00:00","author":{"@id":"https:\/\/blogg.svenskakyrkan.se\/akebonnier\/#\/schema\/person\/8db68bc0c94f6a5a62df2d4486ff1343"},"breadcrumb":{"@id":"https:\/\/blogg.svenskakyrkan.se\/akebonnier\/2009\/09\/21\/gardagen-ar-forbi-morgondagen-kanner-ingen\/#breadcrumb"},"inLanguage":"sv-SE","potentialAction":[{"@type":"ReadAction","target":["https:\/\/blogg.svenskakyrkan.se\/akebonnier\/2009\/09\/21\/gardagen-ar-forbi-morgondagen-kanner-ingen\/"]}]},{"@type":"ImageObject","inLanguage":"sv-SE","@id":"https:\/\/blogg.svenskakyrkan.se\/akebonnier\/2009\/09\/21\/gardagen-ar-forbi-morgondagen-kanner-ingen\/#primaryimage","url":"https:\/\/blogger.googleusercontent.com\/tracker\/9055441369901436026-67836482756368218?l=akebonnier.blogspot.com","contentUrl":"https:\/\/blogger.googleusercontent.com\/tracker\/9055441369901436026-67836482756368218?l=akebonnier.blogspot.com"},{"@type":"BreadcrumbList","@id":"https:\/\/blogg.svenskakyrkan.se\/akebonnier\/2009\/09\/21\/gardagen-ar-forbi-morgondagen-kanner-ingen\/#breadcrumb","itemListElement":[{"@type":"ListItem","position":1,"name":"Hem","item":"https:\/\/blogg.svenskakyrkan.se\/akebonnier\/"},{"@type":"ListItem","position":2,"name":"G\u00e5rdagen \u00e4r f\u00f6rbi &#8211; morgondagen k\u00e4nner ingen!"}]},{"@type":"WebSite","@id":"https:\/\/blogg.svenskakyrkan.se\/akebonnier\/#website","url":"https:\/\/blogg.svenskakyrkan.se\/akebonnier\/","name":"\u00c5ke Bonnier","description":"Biskop i Svenska kyrkan - Skara stift","potentialAction":[{"@type":"SearchAction","target":{"@type":"EntryPoint","urlTemplate":"https:\/\/blogg.svenskakyrkan.se\/akebonnier\/?s={search_term_string}"},"query-input":{"@type":"PropertyValueSpecification","valueRequired":true,"valueName":"search_term_string"}}],"inLanguage":"sv-SE"},{"@type":"Person","@id":"https:\/\/blogg.svenskakyrkan.se\/akebonnier\/#\/schema\/person\/8db68bc0c94f6a5a62df2d4486ff1343","name":"\u00c5ke Bonnier","image":{"@type":"ImageObject","inLanguage":"sv-SE","@id":"https:\/\/blogg.svenskakyrkan.se\/akebonnier\/#\/schema\/person\/image\/","url":"https:\/\/secure.gravatar.com\/avatar\/b88264736bb0bc0d1ea92298aef02c9f98cfc13c7484130c42c663ae484f9462?s=96&d=mm&r=g","contentUrl":"https:\/\/secure.gravatar.com\/avatar\/b88264736bb0bc0d1ea92298aef02c9f98cfc13c7484130c42c663ae484f9462?s=96&d=mm&r=g","caption":"\u00c5ke Bonnier"},"description":"Jag \u00e4r gift och har tv\u00e5 vuxna d\u00f6ttrar. Pr\u00e4stvigdes 1984 och biskopsvigs 26 augusti 2012 . Jag har tidigare bland annat varit, komminister och kyrkoherde i Liding\u00f6 f\u00f6rsamling och domprost i Stockholms domkyrkof\u00f6rsamling. Jag \u00e4r intresserad av konst, litteratur, teater, film. Jag tr\u00e4nar regelbundet p\u00e5 gym. Mitt huvudsakliga musikintresse \u00e4r klassisk musik men ocks\u00e5 Beatles, Elvis Presley, Monika Zettelund, Povel Ramel och m\u00e5nga andra tycker jag om att lyssna p\u00e5. Jag l\u00e4ser f\u00f6r lite sk\u00f6nlitteratur beroende p\u00e5 annat som jag m\u00e5ste l\u00e4sa i mitt uppdrag som biskop. Men jag \u00e4lskar b\u00f6cker. Naturligtvis l\u00e4ser jag n\u00e4st intill dagligdags i \"B\u00f6ckernas Bok.\"","sameAs":["http:\/\/www.skarastift.se"],"url":"https:\/\/blogg.svenskakyrkan.se\/akebonnier\/author\/akebonnier\/"}]}},"author_meta":{"ID":"108","user_nicename":"akebonnier","user_url":"http:\/\/www.skarastift.se","user_registered":"2011-10-11 09:24:48","display_name":"\u00c5ke Bonnier","first_name":"\u00c5ke","last_name":"Bonnier","avatar":"https:\/\/secure.gravatar.com\/avatar\/b88264736bb0bc0d1ea92298aef02c9f98cfc13c7484130c42c663ae484f9462?s=96&d=mm&r=g"},"featured_image":false,"bloginfo":{"name":"\u00c5ke Bonnier","url":"https:\/\/blogg.svenskakyrkan.se\/akebonnier"},"_links":{"self":[{"href":"https:\/\/blogg.svenskakyrkan.se\/akebonnier\/wp-json\/wp\/v2\/posts\/311","targetHints":{"allow":["GET"]}}],"collection":[{"href":"https:\/\/blogg.svenskakyrkan.se\/akebonnier\/wp-json\/wp\/v2\/posts"}],"about":[{"href":"https:\/\/blogg.svenskakyrkan.se\/akebonnier\/wp-json\/wp\/v2\/types\/post"}],"author":[{"embeddable":true,"href":"https:\/\/blogg.svenskakyrkan.se\/akebonnier\/wp-json\/wp\/v2\/users\/108"}],"replies":[{"embeddable":true,"href":"https:\/\/blogg.svenskakyrkan.se\/akebonnier\/wp-json\/wp\/v2\/comments?post=311"}],"version-history":[{"count":0,"href":"https:\/\/blogg.svenskakyrkan.se\/akebonnier\/wp-json\/wp\/v2\/posts\/311\/revisions"}],"wp:attachment":[{"href":"https:\/\/blogg.svenskakyrkan.se\/akebonnier\/wp-json\/wp\/v2\/media?parent=311"}],"wp:term":[{"taxonomy":"category","embeddable":true,"href":"https:\/\/blogg.svenskakyrkan.se\/akebonnier\/wp-json\/wp\/v2\/categories?post=311"},{"taxonomy":"post_tag","embeddable":true,"href":"https:\/\/blogg.svenskakyrkan.se\/akebonnier\/wp-json\/wp\/v2\/tags?post=311"}],"curies":[{"name":"wp","href":"https:\/\/api.w.org\/{rel}","templated":true}]}}