{"id":313,"date":"2009-09-24T20:21:00","date_gmt":"2009-09-24T20:21:00","guid":{"rendered":"http:\/\/blogg.svenskakyrkan.se\/akebonnier\/2009\/09\/24\/pa-vag-mot-mecka\/"},"modified":"2009-09-24T20:21:00","modified_gmt":"2009-09-24T20:21:00","slug":"pa-vag-mot-mecka","status":"publish","type":"post","link":"https:\/\/blogg.svenskakyrkan.se\/akebonnier\/2009\/09\/24\/pa-vag-mot-mecka\/","title":{"rendered":"P\u00e5 v\u00e4g mot &quot;Mecka&quot;!"},"content":{"rendered":"<p>I dag \u00f6ppnade bokm\u00e4ssan i G\u00f6teborg. Sedan ett antal \u00e5r tillbaka far min fru och jag dit. I \u00e5r hann hon f\u00f6re mig genom sitt arbete. Men denna fredag kommer jag efter. &#8221;Mecka&#8221; h\u00e4grar. Jo, s\u00e5 \u00e4r det. Bokm\u00e4ssan \u00e4r ett &#8221;Mecka f\u00f6r bok\u00e4lskare&#8221; och jag f\u00f6retar min pilgrimsf\u00e4rd.<\/p>\n<p>N\u00e4r jag var liten diktade min pappa som julklappsvers: &#8221;Mycket l\u00e4sa g\u00f6r Dig klok, l\u00e4s d\u00e4rf\u00f6r ock denna bok..&#8221; Mycket l\u00e4sa g\u00f6r mig och m\u00e5nga andra kloka. Det finns n\u00e4stan inget s\u00e5 underbart som att f\u00e5 sitta i lugn och ro och l\u00e4sa en bra bok. Alltf\u00f6r s\u00e4llan hinner jag det beroende p\u00e5 domprostarbetet och samtidigt vet jag hur n\u00f6dv\u00e4ndigt det \u00e4r. Jag lever allts\u00e5 i ett sorts st\u00e4ndigt d\u00e5ligt samvete, st\u00e4ndig l\u00e4ngtan och st\u00e4ndigt konstaterande av brist p\u00e5 tid. Suck!!<\/p>\n<p>Mycket l\u00e4sa g\u00f6r Dig klok, l\u00e4s d\u00e4rf\u00f6r ock Bibelns bok. Jag traversterar min far. B\u00f6ckernas bok \u00e4r ocks\u00e5 s\u00e5 viktig att l\u00e4sa. Den utmanar, den leder vidare djupare in i livet, den ger Ord att leva av. Bibeln \u00e4r en fantastisk bok! S\u00e5 sp\u00e4nnande, s\u00e5 utmanande, s\u00e5 inneh\u00e5llsrik, s\u00e5 sv\u00e5rtolkad, s\u00e5 m\u00e5ngbottnad. H\u00f6sten 2000 var Bibeln en stors\u00e4ljare p\u00e5 bokm\u00e4ssan. Den lanserades som \u00e5rets stora och nya bok. Bibeln 2000 var helt ny &#8211; den tredje officiella bibel\u00f6vers\u00e4ttningen i Sverige och den f\u00f6rsta som inte konungen &#8221;gillat och stadf\u00e4st&#8221;.<\/p>\n<p>Snart kommer jag att leda n\u00e5gra bibelsamtal i Storkyrkan. jag \u00e5terkommer om n\u00e4r och vad. men att samtala om bibeltexter, att samtala om den kristna tron, det \u00e4r ett s\u00e4tt att komma djupare in i livet, ett s\u00e4tt att komma n\u00e4rmre Gud. V\u00e4lkommen att vara med!<\/p>\n<p>&#8230;men f\u00f6rst b\u00e4r det av mot &#8221;Mecka&#8221;.<\/p>\n<div class=\"blogger-post-footer\"><img width='1' height='1' src='https:\/\/blogger.googleusercontent.com\/tracker\/9055441369901436026-7492647088119994953?l=akebonnier.blogspot.com' alt='' \/><\/div>\n","protected":false},"excerpt":{"rendered":"<p>I dag \u00f6ppnade bokm\u00e4ssan i G\u00f6teborg. Sedan ett antal \u00e5r tillbaka far min fru och jag dit. I \u00e5r hann hon f\u00f6re mig genom sitt arbete. Men denna fredag kommer jag efter. &#8221;Mecka&#8221; h\u00e4grar. Jo, s\u00e5 \u00e4r det. Bokm\u00e4ssan \u00e4r ett &#8221;Mecka f\u00f6r bok\u00e4lskare&#8221; och jag f\u00f6retar min pilgrimsf\u00e4rd. N\u00e4r jag var liten diktade min [&hellip;]<\/p>\n","protected":false},"author":108,"featured_media":0,"comment_status":"open","ping_status":"open","sticky":false,"template":"","format":"standard","meta":{"_acf_changed":false,"footnotes":""},"categories":[16291],"tags":[],"class_list":["post-313","post","type-post","status-publish","format-standard","hentry","category-pa-vag-mot-mecka"],"acf":[],"yoast_head":"<!-- This site is optimized with the Yoast SEO plugin v27.1.1 - https:\/\/yoast.com\/product\/yoast-seo-wordpress\/ -->\n<title>P\u00e5 v\u00e4g mot &quot;Mecka&quot;! - \u00c5ke Bonnier<\/title>\n<meta name=\"robots\" content=\"index, follow, max-snippet:-1, max-image-preview:large, max-video-preview:-1\" \/>\n<link rel=\"canonical\" href=\"https:\/\/blogg.svenskakyrkan.se\/akebonnier\/2009\/09\/24\/pa-vag-mot-mecka\/\" \/>\n<meta property=\"og:locale\" content=\"sv_SE\" \/>\n<meta property=\"og:type\" content=\"article\" \/>\n<meta property=\"og:title\" content=\"P\u00e5 v\u00e4g mot &quot;Mecka&quot;! - \u00c5ke Bonnier\" \/>\n<meta property=\"og:description\" content=\"I dag \u00f6ppnade bokm\u00e4ssan i G\u00f6teborg. Sedan ett antal \u00e5r tillbaka far min fru och jag dit. I \u00e5r hann hon f\u00f6re mig genom sitt arbete. Men denna fredag kommer jag efter. &#8221;Mecka&#8221; h\u00e4grar. Jo, s\u00e5 \u00e4r det. Bokm\u00e4ssan \u00e4r ett &#8221;Mecka f\u00f6r bok\u00e4lskare&#8221; och jag f\u00f6retar min pilgrimsf\u00e4rd. N\u00e4r jag var liten diktade min [&hellip;]\" \/>\n<meta property=\"og:url\" content=\"https:\/\/blogg.svenskakyrkan.se\/akebonnier\/2009\/09\/24\/pa-vag-mot-mecka\/\" \/>\n<meta property=\"og:site_name\" content=\"\u00c5ke Bonnier\" \/>\n<meta property=\"article:published_time\" content=\"2009-09-24T20:21:00+00:00\" \/>\n<meta property=\"og:image\" content=\"https:\/\/blogger.googleusercontent.com\/tracker\/9055441369901436026-7492647088119994953?l=akebonnier.blogspot.com\" \/>\n<meta name=\"author\" content=\"\u00c5ke Bonnier\" \/>\n<meta name=\"twitter:card\" content=\"summary_large_image\" \/>\n<meta name=\"twitter:label1\" content=\"Skriven av\" \/>\n\t<meta name=\"twitter:data1\" content=\"\u00c5ke Bonnier\" \/>\n\t<meta name=\"twitter:label2\" content=\"Ber\u00e4knad l\u00e4stid\" \/>\n\t<meta name=\"twitter:data2\" content=\"2 minuter\" \/>\n<script type=\"application\/ld+json\" class=\"yoast-schema-graph\">{\"@context\":\"https:\/\/schema.org\",\"@graph\":[{\"@type\":\"Article\",\"@id\":\"https:\/\/blogg.svenskakyrkan.se\/akebonnier\/2009\/09\/24\/pa-vag-mot-mecka\/#article\",\"isPartOf\":{\"@id\":\"https:\/\/blogg.svenskakyrkan.se\/akebonnier\/2009\/09\/24\/pa-vag-mot-mecka\/\"},\"author\":{\"name\":\"\u00c5ke Bonnier\",\"@id\":\"https:\/\/blogg.svenskakyrkan.se\/akebonnier\/#\/schema\/person\/8db68bc0c94f6a5a62df2d4486ff1343\"},\"headline\":\"P\u00e5 v\u00e4g mot &quot;Mecka&quot;!\",\"datePublished\":\"2009-09-24T20:21:00+00:00\",\"mainEntityOfPage\":{\"@id\":\"https:\/\/blogg.svenskakyrkan.se\/akebonnier\/2009\/09\/24\/pa-vag-mot-mecka\/\"},\"wordCount\":332,\"commentCount\":1,\"image\":{\"@id\":\"https:\/\/blogg.svenskakyrkan.se\/akebonnier\/2009\/09\/24\/pa-vag-mot-mecka\/#primaryimage\"},\"thumbnailUrl\":\"https:\/\/blogger.googleusercontent.com\/tracker\/9055441369901436026-7492647088119994953?l=akebonnier.blogspot.com\",\"articleSection\":[\"P\u00e5 v\u00e4g mot \\\"Mecka\\\"\"],\"inLanguage\":\"sv-SE\",\"potentialAction\":[{\"@type\":\"CommentAction\",\"name\":\"Comment\",\"target\":[\"https:\/\/blogg.svenskakyrkan.se\/akebonnier\/2009\/09\/24\/pa-vag-mot-mecka\/#respond\"]}]},{\"@type\":\"WebPage\",\"@id\":\"https:\/\/blogg.svenskakyrkan.se\/akebonnier\/2009\/09\/24\/pa-vag-mot-mecka\/\",\"url\":\"https:\/\/blogg.svenskakyrkan.se\/akebonnier\/2009\/09\/24\/pa-vag-mot-mecka\/\",\"name\":\"P\u00e5 v\u00e4g mot &quot;Mecka&quot;! - \u00c5ke Bonnier\",\"isPartOf\":{\"@id\":\"https:\/\/blogg.svenskakyrkan.se\/akebonnier\/#website\"},\"primaryImageOfPage\":{\"@id\":\"https:\/\/blogg.svenskakyrkan.se\/akebonnier\/2009\/09\/24\/pa-vag-mot-mecka\/#primaryimage\"},\"image\":{\"@id\":\"https:\/\/blogg.svenskakyrkan.se\/akebonnier\/2009\/09\/24\/pa-vag-mot-mecka\/#primaryimage\"},\"thumbnailUrl\":\"https:\/\/blogger.googleusercontent.com\/tracker\/9055441369901436026-7492647088119994953?l=akebonnier.blogspot.com\",\"datePublished\":\"2009-09-24T20:21:00+00:00\",\"author\":{\"@id\":\"https:\/\/blogg.svenskakyrkan.se\/akebonnier\/#\/schema\/person\/8db68bc0c94f6a5a62df2d4486ff1343\"},\"breadcrumb\":{\"@id\":\"https:\/\/blogg.svenskakyrkan.se\/akebonnier\/2009\/09\/24\/pa-vag-mot-mecka\/#breadcrumb\"},\"inLanguage\":\"sv-SE\",\"potentialAction\":[{\"@type\":\"ReadAction\",\"target\":[\"https:\/\/blogg.svenskakyrkan.se\/akebonnier\/2009\/09\/24\/pa-vag-mot-mecka\/\"]}]},{\"@type\":\"ImageObject\",\"inLanguage\":\"sv-SE\",\"@id\":\"https:\/\/blogg.svenskakyrkan.se\/akebonnier\/2009\/09\/24\/pa-vag-mot-mecka\/#primaryimage\",\"url\":\"https:\/\/blogger.googleusercontent.com\/tracker\/9055441369901436026-7492647088119994953?l=akebonnier.blogspot.com\",\"contentUrl\":\"https:\/\/blogger.googleusercontent.com\/tracker\/9055441369901436026-7492647088119994953?l=akebonnier.blogspot.com\"},{\"@type\":\"BreadcrumbList\",\"@id\":\"https:\/\/blogg.svenskakyrkan.se\/akebonnier\/2009\/09\/24\/pa-vag-mot-mecka\/#breadcrumb\",\"itemListElement\":[{\"@type\":\"ListItem\",\"position\":1,\"name\":\"Hem\",\"item\":\"https:\/\/blogg.svenskakyrkan.se\/akebonnier\/\"},{\"@type\":\"ListItem\",\"position\":2,\"name\":\"P\u00e5 v\u00e4g mot &quot;Mecka&quot;!\"}]},{\"@type\":\"WebSite\",\"@id\":\"https:\/\/blogg.svenskakyrkan.se\/akebonnier\/#website\",\"url\":\"https:\/\/blogg.svenskakyrkan.se\/akebonnier\/\",\"name\":\"\u00c5ke Bonnier\",\"description\":\"Biskop i Svenska kyrkan - Skara stift\",\"potentialAction\":[{\"@type\":\"SearchAction\",\"target\":{\"@type\":\"EntryPoint\",\"urlTemplate\":\"https:\/\/blogg.svenskakyrkan.se\/akebonnier\/?s={search_term_string}\"},\"query-input\":{\"@type\":\"PropertyValueSpecification\",\"valueRequired\":true,\"valueName\":\"search_term_string\"}}],\"inLanguage\":\"sv-SE\"},{\"@type\":\"Person\",\"@id\":\"https:\/\/blogg.svenskakyrkan.se\/akebonnier\/#\/schema\/person\/8db68bc0c94f6a5a62df2d4486ff1343\",\"name\":\"\u00c5ke Bonnier\",\"image\":{\"@type\":\"ImageObject\",\"inLanguage\":\"sv-SE\",\"@id\":\"https:\/\/blogg.svenskakyrkan.se\/akebonnier\/#\/schema\/person\/image\/\",\"url\":\"https:\/\/secure.gravatar.com\/avatar\/b88264736bb0bc0d1ea92298aef02c9f98cfc13c7484130c42c663ae484f9462?s=96&d=mm&r=g\",\"contentUrl\":\"https:\/\/secure.gravatar.com\/avatar\/b88264736bb0bc0d1ea92298aef02c9f98cfc13c7484130c42c663ae484f9462?s=96&d=mm&r=g\",\"caption\":\"\u00c5ke Bonnier\"},\"description\":\"Jag \u00e4r gift och har tv\u00e5 vuxna d\u00f6ttrar. Pr\u00e4stvigdes 1984 och biskopsvigs 26 augusti 2012 . Jag har tidigare bland annat varit, komminister och kyrkoherde i Liding\u00f6 f\u00f6rsamling och domprost i Stockholms domkyrkof\u00f6rsamling. Jag \u00e4r intresserad av konst, litteratur, teater, film. Jag tr\u00e4nar regelbundet p\u00e5 gym. Mitt huvudsakliga musikintresse \u00e4r klassisk musik men ocks\u00e5 Beatles, Elvis Presley, Monika Zettelund, Povel Ramel och m\u00e5nga andra tycker jag om att lyssna p\u00e5. Jag l\u00e4ser f\u00f6r lite sk\u00f6nlitteratur beroende p\u00e5 annat som jag m\u00e5ste l\u00e4sa i mitt uppdrag som biskop. Men jag \u00e4lskar b\u00f6cker. Naturligtvis l\u00e4ser jag n\u00e4st intill dagligdags i \\\"B\u00f6ckernas Bok.\\\"\",\"sameAs\":[\"http:\/\/www.skarastift.se\"],\"url\":\"https:\/\/blogg.svenskakyrkan.se\/akebonnier\/author\/akebonnier\/\"}]}<\/script>\n<!-- \/ Yoast SEO plugin. -->","yoast_head_json":{"title":"P\u00e5 v\u00e4g mot &quot;Mecka&quot;! - \u00c5ke Bonnier","robots":{"index":"index","follow":"follow","max-snippet":"max-snippet:-1","max-image-preview":"max-image-preview:large","max-video-preview":"max-video-preview:-1"},"canonical":"https:\/\/blogg.svenskakyrkan.se\/akebonnier\/2009\/09\/24\/pa-vag-mot-mecka\/","og_locale":"sv_SE","og_type":"article","og_title":"P\u00e5 v\u00e4g mot &quot;Mecka&quot;! - \u00c5ke Bonnier","og_description":"I dag \u00f6ppnade bokm\u00e4ssan i G\u00f6teborg. Sedan ett antal \u00e5r tillbaka far min fru och jag dit. I \u00e5r hann hon f\u00f6re mig genom sitt arbete. Men denna fredag kommer jag efter. &#8221;Mecka&#8221; h\u00e4grar. Jo, s\u00e5 \u00e4r det. Bokm\u00e4ssan \u00e4r ett &#8221;Mecka f\u00f6r bok\u00e4lskare&#8221; och jag f\u00f6retar min pilgrimsf\u00e4rd. N\u00e4r jag var liten diktade min [&hellip;]","og_url":"https:\/\/blogg.svenskakyrkan.se\/akebonnier\/2009\/09\/24\/pa-vag-mot-mecka\/","og_site_name":"\u00c5ke Bonnier","article_published_time":"2009-09-24T20:21:00+00:00","og_image":[{"url":"https:\/\/blogger.googleusercontent.com\/tracker\/9055441369901436026-7492647088119994953?l=akebonnier.blogspot.com","type":"","width":"","height":""}],"author":"\u00c5ke Bonnier","twitter_card":"summary_large_image","twitter_misc":{"Skriven av":"\u00c5ke Bonnier","Ber\u00e4knad l\u00e4stid":"2 minuter"},"schema":{"@context":"https:\/\/schema.org","@graph":[{"@type":"Article","@id":"https:\/\/blogg.svenskakyrkan.se\/akebonnier\/2009\/09\/24\/pa-vag-mot-mecka\/#article","isPartOf":{"@id":"https:\/\/blogg.svenskakyrkan.se\/akebonnier\/2009\/09\/24\/pa-vag-mot-mecka\/"},"author":{"name":"\u00c5ke Bonnier","@id":"https:\/\/blogg.svenskakyrkan.se\/akebonnier\/#\/schema\/person\/8db68bc0c94f6a5a62df2d4486ff1343"},"headline":"P\u00e5 v\u00e4g mot &quot;Mecka&quot;!","datePublished":"2009-09-24T20:21:00+00:00","mainEntityOfPage":{"@id":"https:\/\/blogg.svenskakyrkan.se\/akebonnier\/2009\/09\/24\/pa-vag-mot-mecka\/"},"wordCount":332,"commentCount":1,"image":{"@id":"https:\/\/blogg.svenskakyrkan.se\/akebonnier\/2009\/09\/24\/pa-vag-mot-mecka\/#primaryimage"},"thumbnailUrl":"https:\/\/blogger.googleusercontent.com\/tracker\/9055441369901436026-7492647088119994953?l=akebonnier.blogspot.com","articleSection":["P\u00e5 v\u00e4g mot \"Mecka\""],"inLanguage":"sv-SE","potentialAction":[{"@type":"CommentAction","name":"Comment","target":["https:\/\/blogg.svenskakyrkan.se\/akebonnier\/2009\/09\/24\/pa-vag-mot-mecka\/#respond"]}]},{"@type":"WebPage","@id":"https:\/\/blogg.svenskakyrkan.se\/akebonnier\/2009\/09\/24\/pa-vag-mot-mecka\/","url":"https:\/\/blogg.svenskakyrkan.se\/akebonnier\/2009\/09\/24\/pa-vag-mot-mecka\/","name":"P\u00e5 v\u00e4g mot &quot;Mecka&quot;! - \u00c5ke Bonnier","isPartOf":{"@id":"https:\/\/blogg.svenskakyrkan.se\/akebonnier\/#website"},"primaryImageOfPage":{"@id":"https:\/\/blogg.svenskakyrkan.se\/akebonnier\/2009\/09\/24\/pa-vag-mot-mecka\/#primaryimage"},"image":{"@id":"https:\/\/blogg.svenskakyrkan.se\/akebonnier\/2009\/09\/24\/pa-vag-mot-mecka\/#primaryimage"},"thumbnailUrl":"https:\/\/blogger.googleusercontent.com\/tracker\/9055441369901436026-7492647088119994953?l=akebonnier.blogspot.com","datePublished":"2009-09-24T20:21:00+00:00","author":{"@id":"https:\/\/blogg.svenskakyrkan.se\/akebonnier\/#\/schema\/person\/8db68bc0c94f6a5a62df2d4486ff1343"},"breadcrumb":{"@id":"https:\/\/blogg.svenskakyrkan.se\/akebonnier\/2009\/09\/24\/pa-vag-mot-mecka\/#breadcrumb"},"inLanguage":"sv-SE","potentialAction":[{"@type":"ReadAction","target":["https:\/\/blogg.svenskakyrkan.se\/akebonnier\/2009\/09\/24\/pa-vag-mot-mecka\/"]}]},{"@type":"ImageObject","inLanguage":"sv-SE","@id":"https:\/\/blogg.svenskakyrkan.se\/akebonnier\/2009\/09\/24\/pa-vag-mot-mecka\/#primaryimage","url":"https:\/\/blogger.googleusercontent.com\/tracker\/9055441369901436026-7492647088119994953?l=akebonnier.blogspot.com","contentUrl":"https:\/\/blogger.googleusercontent.com\/tracker\/9055441369901436026-7492647088119994953?l=akebonnier.blogspot.com"},{"@type":"BreadcrumbList","@id":"https:\/\/blogg.svenskakyrkan.se\/akebonnier\/2009\/09\/24\/pa-vag-mot-mecka\/#breadcrumb","itemListElement":[{"@type":"ListItem","position":1,"name":"Hem","item":"https:\/\/blogg.svenskakyrkan.se\/akebonnier\/"},{"@type":"ListItem","position":2,"name":"P\u00e5 v\u00e4g mot &quot;Mecka&quot;!"}]},{"@type":"WebSite","@id":"https:\/\/blogg.svenskakyrkan.se\/akebonnier\/#website","url":"https:\/\/blogg.svenskakyrkan.se\/akebonnier\/","name":"\u00c5ke Bonnier","description":"Biskop i Svenska kyrkan - Skara stift","potentialAction":[{"@type":"SearchAction","target":{"@type":"EntryPoint","urlTemplate":"https:\/\/blogg.svenskakyrkan.se\/akebonnier\/?s={search_term_string}"},"query-input":{"@type":"PropertyValueSpecification","valueRequired":true,"valueName":"search_term_string"}}],"inLanguage":"sv-SE"},{"@type":"Person","@id":"https:\/\/blogg.svenskakyrkan.se\/akebonnier\/#\/schema\/person\/8db68bc0c94f6a5a62df2d4486ff1343","name":"\u00c5ke Bonnier","image":{"@type":"ImageObject","inLanguage":"sv-SE","@id":"https:\/\/blogg.svenskakyrkan.se\/akebonnier\/#\/schema\/person\/image\/","url":"https:\/\/secure.gravatar.com\/avatar\/b88264736bb0bc0d1ea92298aef02c9f98cfc13c7484130c42c663ae484f9462?s=96&d=mm&r=g","contentUrl":"https:\/\/secure.gravatar.com\/avatar\/b88264736bb0bc0d1ea92298aef02c9f98cfc13c7484130c42c663ae484f9462?s=96&d=mm&r=g","caption":"\u00c5ke Bonnier"},"description":"Jag \u00e4r gift och har tv\u00e5 vuxna d\u00f6ttrar. Pr\u00e4stvigdes 1984 och biskopsvigs 26 augusti 2012 . Jag har tidigare bland annat varit, komminister och kyrkoherde i Liding\u00f6 f\u00f6rsamling och domprost i Stockholms domkyrkof\u00f6rsamling. Jag \u00e4r intresserad av konst, litteratur, teater, film. Jag tr\u00e4nar regelbundet p\u00e5 gym. Mitt huvudsakliga musikintresse \u00e4r klassisk musik men ocks\u00e5 Beatles, Elvis Presley, Monika Zettelund, Povel Ramel och m\u00e5nga andra tycker jag om att lyssna p\u00e5. Jag l\u00e4ser f\u00f6r lite sk\u00f6nlitteratur beroende p\u00e5 annat som jag m\u00e5ste l\u00e4sa i mitt uppdrag som biskop. Men jag \u00e4lskar b\u00f6cker. Naturligtvis l\u00e4ser jag n\u00e4st intill dagligdags i \"B\u00f6ckernas Bok.\"","sameAs":["http:\/\/www.skarastift.se"],"url":"https:\/\/blogg.svenskakyrkan.se\/akebonnier\/author\/akebonnier\/"}]}},"author_meta":{"ID":"108","user_nicename":"akebonnier","user_url":"http:\/\/www.skarastift.se","user_registered":"2011-10-11 09:24:48","display_name":"\u00c5ke Bonnier","first_name":"\u00c5ke","last_name":"Bonnier","avatar":"https:\/\/secure.gravatar.com\/avatar\/b88264736bb0bc0d1ea92298aef02c9f98cfc13c7484130c42c663ae484f9462?s=96&d=mm&r=g"},"featured_image":false,"bloginfo":{"name":"\u00c5ke Bonnier","url":"https:\/\/blogg.svenskakyrkan.se\/akebonnier"},"_links":{"self":[{"href":"https:\/\/blogg.svenskakyrkan.se\/akebonnier\/wp-json\/wp\/v2\/posts\/313","targetHints":{"allow":["GET"]}}],"collection":[{"href":"https:\/\/blogg.svenskakyrkan.se\/akebonnier\/wp-json\/wp\/v2\/posts"}],"about":[{"href":"https:\/\/blogg.svenskakyrkan.se\/akebonnier\/wp-json\/wp\/v2\/types\/post"}],"author":[{"embeddable":true,"href":"https:\/\/blogg.svenskakyrkan.se\/akebonnier\/wp-json\/wp\/v2\/users\/108"}],"replies":[{"embeddable":true,"href":"https:\/\/blogg.svenskakyrkan.se\/akebonnier\/wp-json\/wp\/v2\/comments?post=313"}],"version-history":[{"count":0,"href":"https:\/\/blogg.svenskakyrkan.se\/akebonnier\/wp-json\/wp\/v2\/posts\/313\/revisions"}],"wp:attachment":[{"href":"https:\/\/blogg.svenskakyrkan.se\/akebonnier\/wp-json\/wp\/v2\/media?parent=313"}],"wp:term":[{"taxonomy":"category","embeddable":true,"href":"https:\/\/blogg.svenskakyrkan.se\/akebonnier\/wp-json\/wp\/v2\/categories?post=313"},{"taxonomy":"post_tag","embeddable":true,"href":"https:\/\/blogg.svenskakyrkan.se\/akebonnier\/wp-json\/wp\/v2\/tags?post=313"}],"curies":[{"name":"wp","href":"https:\/\/api.w.org\/{rel}","templated":true}]}}