{"id":314,"date":"2009-09-27T20:09:00","date_gmt":"2009-09-27T20:09:00","guid":{"rendered":"http:\/\/blogg.svenskakyrkan.se\/akebonnier\/2009\/09\/27\/ater-fran-bokmecka\/"},"modified":"2009-09-27T20:09:00","modified_gmt":"2009-09-27T20:09:00","slug":"ater-fran-bokmecka","status":"publish","type":"post","link":"https:\/\/blogg.svenskakyrkan.se\/akebonnier\/2009\/09\/27\/ater-fran-bokmecka\/","title":{"rendered":"\u00c5ter fr\u00e5n Bokmecka!"},"content":{"rendered":"<p>S\u00e5 var \u00e5rets bokm\u00e4ssa \u00f6ver och en o\u00e4ndlig m\u00e4ngd av m\u00e4nniskor var samlade i m\u00e4sshallarna i G\u00f6teborg. Bokf\u00f6rlag, litter\u00e4ra f\u00f6reningar, antikvariat, tidningar, scener av olika slag, olika trossamfund och mycket, mycket mer och m\u00e5nga, m\u00e5nga fler var samlade f\u00f6r \u00e5rets litter\u00e4ra begivenhet. Det var sedvanligt oerh\u00f6rt roligt och stimulerande att vara d\u00e4r.<\/p>\n<p>Jag b\u00e4r med mig m\u00e5nga h\u00e4rliga intryck men ocks\u00e5 n\u00e5gra bekl\u00e4mmande. Jag kan inte l\u00e5ta bli att k\u00e4nna mig bekl\u00e4md n\u00e4r man fr\u00e5n en seminariescen kunde h\u00f6ra en kyrkans f\u00f6retr\u00e4dare (om \u00e4n pensionerad) h\u00e4vda att det kanske inte gjorde s\u00e5 mycket om Svenska kyrkan genom sitt eventuella beslut om juridisk vigsel f\u00f6r samk\u00f6nade skulle bli ekumeniskt isolerad. Det k\u00e4ndes som om ekumenik var ointressant, som om ekumeniken har spelat ut sin roll. Visst, vi kan strunta h\u00f6gaktningsfullt i alla andra och k\u00f6ra v\u00e5rt eget &#8221;race&#8221;. Men \u00e4r det detta vi \u00e4r kallade till som kyrka? Har inte Jesus, i Johannesevangeliets 17:e kapitel, uttryckt sin b\u00f6n om och f\u00f6r kyrkans enhet, enenhet som jag tjatat om som en enhet i m\u00e5ngfald, men d\u00e4r vi borde reflektera mer \u00f6ver hur vi kan behandla samk\u00f6nade och s\u00e4rk\u00f6nade p\u00e5 identiskt samma s\u00e4tt i kyrkan och \u00e4nd\u00e5 vara ekumeniskt lyh\u00f6rda? Ekumenisk lomh\u00f6rdhet \u00e4r inget efterstr\u00e4vansv\u00e4rt &#8211; och samtidigt, \u00e5ter igen, samk\u00f6nade par och s\u00e4rk\u00f6nade par ska behandlas p\u00e5 exakt samma s\u00e4tt! Ingen diskriminering f\u00e5r ske!!<\/p>\n<p>En del menar att fr\u00e5gan om vigsel av samk\u00f6nade \u00e4r samma fr\u00e5ga som pr\u00e4stvigning av kvinnor. Och vad hade h\u00e4nt om inte kyrkan (tack och lov!!) besl\u00f6t 1958 att det var m\u00f6jligt att pr\u00e4stviga kvinnor? Men alternativet hade varit s\u00e4rbehandling och diskriminering. Det viktiga var och \u00e4r att evangeliet b\u00e4rs ut, att dopets och nattvardens sakrament r\u00e4ckes till Sveriges folk, inte vilket k\u00f6n den har som innehar vigningstj\u00e4nst i kyrkan. Jag menar, att de tv\u00e5 fr\u00e5gorna inte g\u00e5r att j\u00e4mf\u00f6ra.<\/p>\n<p>Mitt andra intryck som gjorde mig bekl\u00e4md \u00e4r att Humanisterna (om \u00e4n deras ungdomsf\u00f6rbund) praktiserade &#8221;avdop&#8221; i en monter. Som d\u00f6pt ateist kunde man f\u00e5 s\u00e4tta sig i Humanisternas monter, l\u00e4sa n\u00e5gon form av rituell text, f\u00e5 vatten p\u00e5 huvudet som bl\u00e5stes torrt med en h\u00e5rtork, och s\u00e5 var man avd\u00f6pt. Det \u00e4r tragiskt att humanisterna ska vara s\u00e5 anti kyrkorna och anti kristen tro. Hela deras budskap k\u00e4nns som ett negativt budskap som handlar om att slippa, att bli av med, att l\u00e4mna. Humanisterna skulle bli viktiga samtalspartners om de ist\u00e4llet \u00e4gnade sig \u00e5t att utveckla sin \u00f6vertygelse i positiva termer, kanske n\u00e5got om hur fantastisk tillvaron kan vara utan en religi\u00f6s tro eller n\u00e5got annat. Allt detta andra k\u00e4nns bara bekl\u00e4mmande och gr\u00e4nsen \u00f6vertr\u00e4ddes n\u00e4r detta konstiga &#8221;avdop&#8221; lanserades (tror de verkligen att man kan bli avd\u00f6pt? I s\u00e5 fall har de n\u00e5gon sorts antireligi\u00f6s tro som blir religi\u00f6s p\u00e5 ett konstigt s\u00e4tt varesig de vill det eller inte).<\/p>\n<p>I \u00f6vrigt var det v\u00e4ldigt roligt och jag hade f\u00f6rm\u00e5nen att f\u00e5 delta i ett seminarium i G\u00f6teborgs domkyrka kring Sven-David Sandstr\u00f6ms nykomponerade kyrkomusik som senast i dag framf\u00f6rdes i Storkyrkan. Sven-David Sandstr\u00f6m komponerar ju kyrkomusik f\u00f6r Storkyrkans k\u00f6rer och orgel och f\u00f6r H\u00e4sselby Villastads k\u00f6rer och orgel under tre \u00e5rs tid. tanken \u00e4r att det ska finnas nyskriven kyrkomusik f\u00f6r varje s\u00f6n- och helgdag under ett helt kyrko\u00e5r. &#8221;Credo &#8211; en kyrkomusikalisk bek\u00e4nnelse&#8221; \u00e4r titeln p\u00e5 projektet. Sven-David, Camilla Lundberg och Johannes Landgren samtalade om projektet och Domkyrkok\u00f6ren och Gustavik\u00f6ren sj\u00f6ng under ledning av Michael Sager. En hel del kom f\u00f6r att lyssna och naturligtvis var jag stolt \u00f6ver att f\u00e5 ber\u00e4tta om projektets sammanhang sett ur Storkyrkans perspektiv.<\/p>\n<p>Nu vankas vardag igen!<\/p>\n<div class=\"blogger-post-footer\"><img width='1' height='1' src='https:\/\/blogger.googleusercontent.com\/tracker\/9055441369901436026-5531917548036243374?l=akebonnier.blogspot.com' alt='' \/><\/div>\n","protected":false},"excerpt":{"rendered":"<p>S\u00e5 var \u00e5rets bokm\u00e4ssa \u00f6ver och en o\u00e4ndlig m\u00e4ngd av m\u00e4nniskor var samlade i m\u00e4sshallarna i G\u00f6teborg. Bokf\u00f6rlag, litter\u00e4ra f\u00f6reningar, antikvariat, tidningar, scener av olika slag, olika trossamfund och mycket, mycket mer och m\u00e5nga, m\u00e5nga fler var samlade f\u00f6r \u00e5rets litter\u00e4ra begivenhet. Det var sedvanligt oerh\u00f6rt roligt och stimulerande att vara d\u00e4r. Jag b\u00e4r med [&hellip;]<\/p>\n","protected":false},"author":108,"featured_media":0,"comment_status":"open","ping_status":"open","sticky":false,"template":"","format":"standard","meta":{"_acf_changed":false,"footnotes":""},"categories":[16292],"tags":[],"class_list":["post-314","post","type-post","status-publish","format-standard","hentry","category-ater-fran-bokmecka"],"acf":[],"yoast_head":"<!-- This site is optimized with the Yoast SEO plugin v27.1.1 - https:\/\/yoast.com\/product\/yoast-seo-wordpress\/ -->\n<title>\u00c5ter fr\u00e5n Bokmecka! - \u00c5ke Bonnier<\/title>\n<meta name=\"robots\" content=\"index, follow, max-snippet:-1, max-image-preview:large, max-video-preview:-1\" \/>\n<link rel=\"canonical\" href=\"https:\/\/blogg.svenskakyrkan.se\/akebonnier\/2009\/09\/27\/ater-fran-bokmecka\/\" \/>\n<meta property=\"og:locale\" content=\"sv_SE\" \/>\n<meta property=\"og:type\" content=\"article\" \/>\n<meta property=\"og:title\" content=\"\u00c5ter fr\u00e5n Bokmecka! - \u00c5ke Bonnier\" \/>\n<meta property=\"og:description\" content=\"S\u00e5 var \u00e5rets bokm\u00e4ssa \u00f6ver och en o\u00e4ndlig m\u00e4ngd av m\u00e4nniskor var samlade i m\u00e4sshallarna i G\u00f6teborg. Bokf\u00f6rlag, litter\u00e4ra f\u00f6reningar, antikvariat, tidningar, scener av olika slag, olika trossamfund och mycket, mycket mer och m\u00e5nga, m\u00e5nga fler var samlade f\u00f6r \u00e5rets litter\u00e4ra begivenhet. Det var sedvanligt oerh\u00f6rt roligt och stimulerande att vara d\u00e4r. Jag b\u00e4r med [&hellip;]\" \/>\n<meta property=\"og:url\" content=\"https:\/\/blogg.svenskakyrkan.se\/akebonnier\/2009\/09\/27\/ater-fran-bokmecka\/\" \/>\n<meta property=\"og:site_name\" content=\"\u00c5ke Bonnier\" \/>\n<meta property=\"article:published_time\" content=\"2009-09-27T20:09:00+00:00\" \/>\n<meta property=\"og:image\" content=\"https:\/\/blogger.googleusercontent.com\/tracker\/9055441369901436026-5531917548036243374?l=akebonnier.blogspot.com\" \/>\n<meta name=\"author\" content=\"\u00c5ke Bonnier\" \/>\n<meta name=\"twitter:card\" content=\"summary_large_image\" \/>\n<meta name=\"twitter:label1\" content=\"Skriven av\" \/>\n\t<meta name=\"twitter:data1\" content=\"\u00c5ke Bonnier\" \/>\n\t<meta name=\"twitter:label2\" content=\"Ber\u00e4knad l\u00e4stid\" \/>\n\t<meta name=\"twitter:data2\" content=\"4 minuter\" \/>\n<script type=\"application\/ld+json\" class=\"yoast-schema-graph\">{\"@context\":\"https:\/\/schema.org\",\"@graph\":[{\"@type\":\"Article\",\"@id\":\"https:\/\/blogg.svenskakyrkan.se\/akebonnier\/2009\/09\/27\/ater-fran-bokmecka\/#article\",\"isPartOf\":{\"@id\":\"https:\/\/blogg.svenskakyrkan.se\/akebonnier\/2009\/09\/27\/ater-fran-bokmecka\/\"},\"author\":{\"name\":\"\u00c5ke Bonnier\",\"@id\":\"https:\/\/blogg.svenskakyrkan.se\/akebonnier\/#\/schema\/person\/8db68bc0c94f6a5a62df2d4486ff1343\"},\"headline\":\"\u00c5ter fr\u00e5n Bokmecka!\",\"datePublished\":\"2009-09-27T20:09:00+00:00\",\"mainEntityOfPage\":{\"@id\":\"https:\/\/blogg.svenskakyrkan.se\/akebonnier\/2009\/09\/27\/ater-fran-bokmecka\/\"},\"wordCount\":705,\"commentCount\":2,\"image\":{\"@id\":\"https:\/\/blogg.svenskakyrkan.se\/akebonnier\/2009\/09\/27\/ater-fran-bokmecka\/#primaryimage\"},\"thumbnailUrl\":\"https:\/\/blogger.googleusercontent.com\/tracker\/9055441369901436026-5531917548036243374?l=akebonnier.blogspot.com\",\"articleSection\":[\"\u00c5ter fr\u00e5n Bokmecka\"],\"inLanguage\":\"sv-SE\",\"potentialAction\":[{\"@type\":\"CommentAction\",\"name\":\"Comment\",\"target\":[\"https:\/\/blogg.svenskakyrkan.se\/akebonnier\/2009\/09\/27\/ater-fran-bokmecka\/#respond\"]}]},{\"@type\":\"WebPage\",\"@id\":\"https:\/\/blogg.svenskakyrkan.se\/akebonnier\/2009\/09\/27\/ater-fran-bokmecka\/\",\"url\":\"https:\/\/blogg.svenskakyrkan.se\/akebonnier\/2009\/09\/27\/ater-fran-bokmecka\/\",\"name\":\"\u00c5ter fr\u00e5n Bokmecka! - \u00c5ke Bonnier\",\"isPartOf\":{\"@id\":\"https:\/\/blogg.svenskakyrkan.se\/akebonnier\/#website\"},\"primaryImageOfPage\":{\"@id\":\"https:\/\/blogg.svenskakyrkan.se\/akebonnier\/2009\/09\/27\/ater-fran-bokmecka\/#primaryimage\"},\"image\":{\"@id\":\"https:\/\/blogg.svenskakyrkan.se\/akebonnier\/2009\/09\/27\/ater-fran-bokmecka\/#primaryimage\"},\"thumbnailUrl\":\"https:\/\/blogger.googleusercontent.com\/tracker\/9055441369901436026-5531917548036243374?l=akebonnier.blogspot.com\",\"datePublished\":\"2009-09-27T20:09:00+00:00\",\"author\":{\"@id\":\"https:\/\/blogg.svenskakyrkan.se\/akebonnier\/#\/schema\/person\/8db68bc0c94f6a5a62df2d4486ff1343\"},\"breadcrumb\":{\"@id\":\"https:\/\/blogg.svenskakyrkan.se\/akebonnier\/2009\/09\/27\/ater-fran-bokmecka\/#breadcrumb\"},\"inLanguage\":\"sv-SE\",\"potentialAction\":[{\"@type\":\"ReadAction\",\"target\":[\"https:\/\/blogg.svenskakyrkan.se\/akebonnier\/2009\/09\/27\/ater-fran-bokmecka\/\"]}]},{\"@type\":\"ImageObject\",\"inLanguage\":\"sv-SE\",\"@id\":\"https:\/\/blogg.svenskakyrkan.se\/akebonnier\/2009\/09\/27\/ater-fran-bokmecka\/#primaryimage\",\"url\":\"https:\/\/blogger.googleusercontent.com\/tracker\/9055441369901436026-5531917548036243374?l=akebonnier.blogspot.com\",\"contentUrl\":\"https:\/\/blogger.googleusercontent.com\/tracker\/9055441369901436026-5531917548036243374?l=akebonnier.blogspot.com\"},{\"@type\":\"BreadcrumbList\",\"@id\":\"https:\/\/blogg.svenskakyrkan.se\/akebonnier\/2009\/09\/27\/ater-fran-bokmecka\/#breadcrumb\",\"itemListElement\":[{\"@type\":\"ListItem\",\"position\":1,\"name\":\"Hem\",\"item\":\"https:\/\/blogg.svenskakyrkan.se\/akebonnier\/\"},{\"@type\":\"ListItem\",\"position\":2,\"name\":\"\u00c5ter fr\u00e5n Bokmecka!\"}]},{\"@type\":\"WebSite\",\"@id\":\"https:\/\/blogg.svenskakyrkan.se\/akebonnier\/#website\",\"url\":\"https:\/\/blogg.svenskakyrkan.se\/akebonnier\/\",\"name\":\"\u00c5ke Bonnier\",\"description\":\"Biskop i Svenska kyrkan - Skara stift\",\"potentialAction\":[{\"@type\":\"SearchAction\",\"target\":{\"@type\":\"EntryPoint\",\"urlTemplate\":\"https:\/\/blogg.svenskakyrkan.se\/akebonnier\/?s={search_term_string}\"},\"query-input\":{\"@type\":\"PropertyValueSpecification\",\"valueRequired\":true,\"valueName\":\"search_term_string\"}}],\"inLanguage\":\"sv-SE\"},{\"@type\":\"Person\",\"@id\":\"https:\/\/blogg.svenskakyrkan.se\/akebonnier\/#\/schema\/person\/8db68bc0c94f6a5a62df2d4486ff1343\",\"name\":\"\u00c5ke Bonnier\",\"image\":{\"@type\":\"ImageObject\",\"inLanguage\":\"sv-SE\",\"@id\":\"https:\/\/blogg.svenskakyrkan.se\/akebonnier\/#\/schema\/person\/image\/\",\"url\":\"https:\/\/secure.gravatar.com\/avatar\/b88264736bb0bc0d1ea92298aef02c9f98cfc13c7484130c42c663ae484f9462?s=96&d=mm&r=g\",\"contentUrl\":\"https:\/\/secure.gravatar.com\/avatar\/b88264736bb0bc0d1ea92298aef02c9f98cfc13c7484130c42c663ae484f9462?s=96&d=mm&r=g\",\"caption\":\"\u00c5ke Bonnier\"},\"description\":\"Jag \u00e4r gift och har tv\u00e5 vuxna d\u00f6ttrar. Pr\u00e4stvigdes 1984 och biskopsvigs 26 augusti 2012 . Jag har tidigare bland annat varit, komminister och kyrkoherde i Liding\u00f6 f\u00f6rsamling och domprost i Stockholms domkyrkof\u00f6rsamling. Jag \u00e4r intresserad av konst, litteratur, teater, film. Jag tr\u00e4nar regelbundet p\u00e5 gym. Mitt huvudsakliga musikintresse \u00e4r klassisk musik men ocks\u00e5 Beatles, Elvis Presley, Monika Zettelund, Povel Ramel och m\u00e5nga andra tycker jag om att lyssna p\u00e5. Jag l\u00e4ser f\u00f6r lite sk\u00f6nlitteratur beroende p\u00e5 annat som jag m\u00e5ste l\u00e4sa i mitt uppdrag som biskop. Men jag \u00e4lskar b\u00f6cker. Naturligtvis l\u00e4ser jag n\u00e4st intill dagligdags i \\\"B\u00f6ckernas Bok.\\\"\",\"sameAs\":[\"http:\/\/www.skarastift.se\"],\"url\":\"https:\/\/blogg.svenskakyrkan.se\/akebonnier\/author\/akebonnier\/\"}]}<\/script>\n<!-- \/ Yoast SEO plugin. -->","yoast_head_json":{"title":"\u00c5ter fr\u00e5n Bokmecka! - \u00c5ke Bonnier","robots":{"index":"index","follow":"follow","max-snippet":"max-snippet:-1","max-image-preview":"max-image-preview:large","max-video-preview":"max-video-preview:-1"},"canonical":"https:\/\/blogg.svenskakyrkan.se\/akebonnier\/2009\/09\/27\/ater-fran-bokmecka\/","og_locale":"sv_SE","og_type":"article","og_title":"\u00c5ter fr\u00e5n Bokmecka! - \u00c5ke Bonnier","og_description":"S\u00e5 var \u00e5rets bokm\u00e4ssa \u00f6ver och en o\u00e4ndlig m\u00e4ngd av m\u00e4nniskor var samlade i m\u00e4sshallarna i G\u00f6teborg. Bokf\u00f6rlag, litter\u00e4ra f\u00f6reningar, antikvariat, tidningar, scener av olika slag, olika trossamfund och mycket, mycket mer och m\u00e5nga, m\u00e5nga fler var samlade f\u00f6r \u00e5rets litter\u00e4ra begivenhet. Det var sedvanligt oerh\u00f6rt roligt och stimulerande att vara d\u00e4r. Jag b\u00e4r med [&hellip;]","og_url":"https:\/\/blogg.svenskakyrkan.se\/akebonnier\/2009\/09\/27\/ater-fran-bokmecka\/","og_site_name":"\u00c5ke Bonnier","article_published_time":"2009-09-27T20:09:00+00:00","og_image":[{"url":"https:\/\/blogger.googleusercontent.com\/tracker\/9055441369901436026-5531917548036243374?l=akebonnier.blogspot.com","type":"","width":"","height":""}],"author":"\u00c5ke Bonnier","twitter_card":"summary_large_image","twitter_misc":{"Skriven av":"\u00c5ke Bonnier","Ber\u00e4knad l\u00e4stid":"4 minuter"},"schema":{"@context":"https:\/\/schema.org","@graph":[{"@type":"Article","@id":"https:\/\/blogg.svenskakyrkan.se\/akebonnier\/2009\/09\/27\/ater-fran-bokmecka\/#article","isPartOf":{"@id":"https:\/\/blogg.svenskakyrkan.se\/akebonnier\/2009\/09\/27\/ater-fran-bokmecka\/"},"author":{"name":"\u00c5ke Bonnier","@id":"https:\/\/blogg.svenskakyrkan.se\/akebonnier\/#\/schema\/person\/8db68bc0c94f6a5a62df2d4486ff1343"},"headline":"\u00c5ter fr\u00e5n Bokmecka!","datePublished":"2009-09-27T20:09:00+00:00","mainEntityOfPage":{"@id":"https:\/\/blogg.svenskakyrkan.se\/akebonnier\/2009\/09\/27\/ater-fran-bokmecka\/"},"wordCount":705,"commentCount":2,"image":{"@id":"https:\/\/blogg.svenskakyrkan.se\/akebonnier\/2009\/09\/27\/ater-fran-bokmecka\/#primaryimage"},"thumbnailUrl":"https:\/\/blogger.googleusercontent.com\/tracker\/9055441369901436026-5531917548036243374?l=akebonnier.blogspot.com","articleSection":["\u00c5ter fr\u00e5n Bokmecka"],"inLanguage":"sv-SE","potentialAction":[{"@type":"CommentAction","name":"Comment","target":["https:\/\/blogg.svenskakyrkan.se\/akebonnier\/2009\/09\/27\/ater-fran-bokmecka\/#respond"]}]},{"@type":"WebPage","@id":"https:\/\/blogg.svenskakyrkan.se\/akebonnier\/2009\/09\/27\/ater-fran-bokmecka\/","url":"https:\/\/blogg.svenskakyrkan.se\/akebonnier\/2009\/09\/27\/ater-fran-bokmecka\/","name":"\u00c5ter fr\u00e5n Bokmecka! - \u00c5ke Bonnier","isPartOf":{"@id":"https:\/\/blogg.svenskakyrkan.se\/akebonnier\/#website"},"primaryImageOfPage":{"@id":"https:\/\/blogg.svenskakyrkan.se\/akebonnier\/2009\/09\/27\/ater-fran-bokmecka\/#primaryimage"},"image":{"@id":"https:\/\/blogg.svenskakyrkan.se\/akebonnier\/2009\/09\/27\/ater-fran-bokmecka\/#primaryimage"},"thumbnailUrl":"https:\/\/blogger.googleusercontent.com\/tracker\/9055441369901436026-5531917548036243374?l=akebonnier.blogspot.com","datePublished":"2009-09-27T20:09:00+00:00","author":{"@id":"https:\/\/blogg.svenskakyrkan.se\/akebonnier\/#\/schema\/person\/8db68bc0c94f6a5a62df2d4486ff1343"},"breadcrumb":{"@id":"https:\/\/blogg.svenskakyrkan.se\/akebonnier\/2009\/09\/27\/ater-fran-bokmecka\/#breadcrumb"},"inLanguage":"sv-SE","potentialAction":[{"@type":"ReadAction","target":["https:\/\/blogg.svenskakyrkan.se\/akebonnier\/2009\/09\/27\/ater-fran-bokmecka\/"]}]},{"@type":"ImageObject","inLanguage":"sv-SE","@id":"https:\/\/blogg.svenskakyrkan.se\/akebonnier\/2009\/09\/27\/ater-fran-bokmecka\/#primaryimage","url":"https:\/\/blogger.googleusercontent.com\/tracker\/9055441369901436026-5531917548036243374?l=akebonnier.blogspot.com","contentUrl":"https:\/\/blogger.googleusercontent.com\/tracker\/9055441369901436026-5531917548036243374?l=akebonnier.blogspot.com"},{"@type":"BreadcrumbList","@id":"https:\/\/blogg.svenskakyrkan.se\/akebonnier\/2009\/09\/27\/ater-fran-bokmecka\/#breadcrumb","itemListElement":[{"@type":"ListItem","position":1,"name":"Hem","item":"https:\/\/blogg.svenskakyrkan.se\/akebonnier\/"},{"@type":"ListItem","position":2,"name":"\u00c5ter fr\u00e5n Bokmecka!"}]},{"@type":"WebSite","@id":"https:\/\/blogg.svenskakyrkan.se\/akebonnier\/#website","url":"https:\/\/blogg.svenskakyrkan.se\/akebonnier\/","name":"\u00c5ke Bonnier","description":"Biskop i Svenska kyrkan - Skara stift","potentialAction":[{"@type":"SearchAction","target":{"@type":"EntryPoint","urlTemplate":"https:\/\/blogg.svenskakyrkan.se\/akebonnier\/?s={search_term_string}"},"query-input":{"@type":"PropertyValueSpecification","valueRequired":true,"valueName":"search_term_string"}}],"inLanguage":"sv-SE"},{"@type":"Person","@id":"https:\/\/blogg.svenskakyrkan.se\/akebonnier\/#\/schema\/person\/8db68bc0c94f6a5a62df2d4486ff1343","name":"\u00c5ke Bonnier","image":{"@type":"ImageObject","inLanguage":"sv-SE","@id":"https:\/\/blogg.svenskakyrkan.se\/akebonnier\/#\/schema\/person\/image\/","url":"https:\/\/secure.gravatar.com\/avatar\/b88264736bb0bc0d1ea92298aef02c9f98cfc13c7484130c42c663ae484f9462?s=96&d=mm&r=g","contentUrl":"https:\/\/secure.gravatar.com\/avatar\/b88264736bb0bc0d1ea92298aef02c9f98cfc13c7484130c42c663ae484f9462?s=96&d=mm&r=g","caption":"\u00c5ke Bonnier"},"description":"Jag \u00e4r gift och har tv\u00e5 vuxna d\u00f6ttrar. Pr\u00e4stvigdes 1984 och biskopsvigs 26 augusti 2012 . Jag har tidigare bland annat varit, komminister och kyrkoherde i Liding\u00f6 f\u00f6rsamling och domprost i Stockholms domkyrkof\u00f6rsamling. Jag \u00e4r intresserad av konst, litteratur, teater, film. Jag tr\u00e4nar regelbundet p\u00e5 gym. Mitt huvudsakliga musikintresse \u00e4r klassisk musik men ocks\u00e5 Beatles, Elvis Presley, Monika Zettelund, Povel Ramel och m\u00e5nga andra tycker jag om att lyssna p\u00e5. Jag l\u00e4ser f\u00f6r lite sk\u00f6nlitteratur beroende p\u00e5 annat som jag m\u00e5ste l\u00e4sa i mitt uppdrag som biskop. Men jag \u00e4lskar b\u00f6cker. Naturligtvis l\u00e4ser jag n\u00e4st intill dagligdags i \"B\u00f6ckernas Bok.\"","sameAs":["http:\/\/www.skarastift.se"],"url":"https:\/\/blogg.svenskakyrkan.se\/akebonnier\/author\/akebonnier\/"}]}},"author_meta":{"ID":"108","user_nicename":"akebonnier","user_url":"http:\/\/www.skarastift.se","user_registered":"2011-10-11 09:24:48","display_name":"\u00c5ke Bonnier","first_name":"\u00c5ke","last_name":"Bonnier","avatar":"https:\/\/secure.gravatar.com\/avatar\/b88264736bb0bc0d1ea92298aef02c9f98cfc13c7484130c42c663ae484f9462?s=96&d=mm&r=g"},"featured_image":false,"bloginfo":{"name":"\u00c5ke Bonnier","url":"https:\/\/blogg.svenskakyrkan.se\/akebonnier"},"_links":{"self":[{"href":"https:\/\/blogg.svenskakyrkan.se\/akebonnier\/wp-json\/wp\/v2\/posts\/314","targetHints":{"allow":["GET"]}}],"collection":[{"href":"https:\/\/blogg.svenskakyrkan.se\/akebonnier\/wp-json\/wp\/v2\/posts"}],"about":[{"href":"https:\/\/blogg.svenskakyrkan.se\/akebonnier\/wp-json\/wp\/v2\/types\/post"}],"author":[{"embeddable":true,"href":"https:\/\/blogg.svenskakyrkan.se\/akebonnier\/wp-json\/wp\/v2\/users\/108"}],"replies":[{"embeddable":true,"href":"https:\/\/blogg.svenskakyrkan.se\/akebonnier\/wp-json\/wp\/v2\/comments?post=314"}],"version-history":[{"count":0,"href":"https:\/\/blogg.svenskakyrkan.se\/akebonnier\/wp-json\/wp\/v2\/posts\/314\/revisions"}],"wp:attachment":[{"href":"https:\/\/blogg.svenskakyrkan.se\/akebonnier\/wp-json\/wp\/v2\/media?parent=314"}],"wp:term":[{"taxonomy":"category","embeddable":true,"href":"https:\/\/blogg.svenskakyrkan.se\/akebonnier\/wp-json\/wp\/v2\/categories?post=314"},{"taxonomy":"post_tag","embeddable":true,"href":"https:\/\/blogg.svenskakyrkan.se\/akebonnier\/wp-json\/wp\/v2\/tags?post=314"}],"curies":[{"name":"wp","href":"https:\/\/api.w.org\/{rel}","templated":true}]}}