{"id":315,"date":"2009-09-30T20:53:00","date_gmt":"2009-09-30T20:53:00","guid":{"rendered":"http:\/\/blogg.svenskakyrkan.se\/akebonnier\/2009\/09\/30\/vi-far-aldrig-sluta-att-tala-med-varandra\/"},"modified":"2009-09-30T20:53:00","modified_gmt":"2009-09-30T20:53:00","slug":"vi-far-aldrig-sluta-att-tala-med-varandra","status":"publish","type":"post","link":"https:\/\/blogg.svenskakyrkan.se\/akebonnier\/2009\/09\/30\/vi-far-aldrig-sluta-att-tala-med-varandra\/","title":{"rendered":"Vi f\u00e5r aldrig sluta att tala med varandra!"},"content":{"rendered":"<p>Svenska kyrkan fattar sj\u00e4lvst\u00e4ndiga beslut i olika fr\u00e5gor d\u00e4rf\u00f6r att vi \u00e4r ett sj\u00e4lvst\u00e4ndigt trossamfund. I grund och botten kan Svenska kyrkan fatta vilka beslut man vill p\u00e5 kyrkom\u00f6tet utan n\u00e5gon som helst h\u00e4nsyn till dem som tycker olika. Majoriteten best\u00e4mmer. Samtidigt \u00e4r det en f\u00f6r\u00f6dande kyrkosyn som kommer fram i ett s\u00e5dant t\u00e4nkande. F\u00f6r Svenska kyrkan \u00e4r sannerligen ett sj\u00e4lvst\u00e4ndigt trossamfund samtidigt som Svenska kyrkan \u00e4r en del av den v\u00e4rldsvida kristna kyrkan, en del av Kyrkornas v\u00e4rldsr\u00e5d, en del av Lutherska v\u00e4rldsf\u00f6rbundet med systerkyrkorelation till flera kyrkor &#8211; inte minst Svenska missionskyrkan, men ocks\u00e5 med ett avtal tecknat i Borg\u00e5 mellan Church of England, Finska kyrkan, en av de tyska lutherska kyrkorna etc.<br \/>Vi h\u00f6r ihop bortom v\u00e5ra samfundsgr\u00e4nser. D\u00e4rf\u00f6r \u00e4r det s\u00e5 viktigt att f\u00f6ra ekumeniska samtal, att inte isolera sig, att lyssna, att dela, att f\u00f6rs\u00f6ka f\u00f6rst\u00e5 varandra b\u00e4ttre, varandras olikheter och varandras likheter.<\/p>\n<p>Med en d\u00e5res envishet vill jag st\u00e5 upp f\u00f6r vikten av ekumeniska relationer. Jag skulle vilja starta ett Stockholms ekumeniska r\u00e5d d\u00e4r vi skulle kunna samtal, dela, lyssna, kanske fira gudstj\u00e4nster tillsammans p\u00e5 n\u00e5gon sorts stiftsniv\u00e5 eller p\u00e5 annat s\u00e4tt. Med en barnslig d\u00e5res envishet h\u00e4vdar jag att vi har s\u00e5 mycket gemensamt. Vi har olika traditioner i v\u00e5ra samfund. Vi har olika trostolkningar och teologisk grundsyn men l\u00e5t oss samtala, l\u00e5t oss tr\u00e4ffas regelbundet. L\u00e5t oss se vilka steg vi kan ta i gemenskap!<\/p>\n<p>Om n\u00e5gra veckor \u00e4r det ett m\u00f6te om det ekumensika landskapet 20 \u00e5r efter Johannes Paulus II:s bes\u00f6k i Sverige. Vi har haft en ekumenisk v\u00e5r i Sverige d\u00e4r steg tycktes tas i r\u00e4tt riktning, p\u00e5 v\u00e4g mot den enhet som Jesus ber f\u00f6r och ber om. Just nu k\u00e4nns det mer som kylig h\u00f6st i det ekumeniska klimatet. \u00c5tminstone m\u00e4rks inte det officiella ekumeniska samtalet. Om det finns beh\u00f6ver samtalstonen vara h\u00f6gre. Det blir d\u00e5 ett vittnesb\u00f6rd f\u00f6r omgivningen.<\/p>\n<p>Vi har inte r\u00e5d att enbart t\u00e4nka p\u00e5 v\u00e5rt eget samfund! Vi ska vara tydliga. Vi ska leda p\u00e5 olika v\u00e4gar men vi f\u00e5r inte tappa kontakten med v\u00e5ra systrar och br\u00f6der i andra trossamfund. Ekumeniken \u00e4r livsviktig! Vi beh\u00f6ver \u00e4n mer se vad vi kan g\u00f6ra tillsammans!<\/p>\n<p>D\u00e4rf\u00f6r, oavsett vad vissa inom kyrkan sorgligt nog s\u00e4ger och menar, f\u00e5r aldrig det ekumeniska samtalet tystna! Tystnar andra m\u00e5ste vi forts\u00e4tta, med den barnsliga d\u00e5rens envishet, att envisas med dialog.<\/p>\n<div class=\"blogger-post-footer\"><img width='1' height='1' src='https:\/\/blogger.googleusercontent.com\/tracker\/9055441369901436026-1410229428412777815?l=akebonnier.blogspot.com' alt='' \/><\/div>\n","protected":false},"excerpt":{"rendered":"<p>Svenska kyrkan fattar sj\u00e4lvst\u00e4ndiga beslut i olika fr\u00e5gor d\u00e4rf\u00f6r att vi \u00e4r ett sj\u00e4lvst\u00e4ndigt trossamfund. I grund och botten kan Svenska kyrkan fatta vilka beslut man vill p\u00e5 kyrkom\u00f6tet utan n\u00e5gon som helst h\u00e4nsyn till dem som tycker olika. Majoriteten best\u00e4mmer. Samtidigt \u00e4r det en f\u00f6r\u00f6dande kyrkosyn som kommer fram i ett s\u00e5dant t\u00e4nkande. F\u00f6r [&hellip;]<\/p>\n","protected":false},"author":108,"featured_media":0,"comment_status":"open","ping_status":"open","sticky":false,"template":"","format":"standard","meta":{"_acf_changed":false,"footnotes":""},"categories":[16293],"tags":[],"class_list":["post-315","post","type-post","status-publish","format-standard","hentry","category-vi-far-aldrig-sluta-att-tala-med-varandra"],"acf":[],"yoast_head":"<!-- This site is optimized with the Yoast SEO plugin v27.1.1 - https:\/\/yoast.com\/product\/yoast-seo-wordpress\/ -->\n<title>Vi f\u00e5r aldrig sluta att tala med varandra! - \u00c5ke Bonnier<\/title>\n<meta name=\"robots\" content=\"index, follow, max-snippet:-1, max-image-preview:large, max-video-preview:-1\" \/>\n<link rel=\"canonical\" href=\"https:\/\/blogg.svenskakyrkan.se\/akebonnier\/2009\/09\/30\/vi-far-aldrig-sluta-att-tala-med-varandra\/\" \/>\n<meta property=\"og:locale\" content=\"sv_SE\" \/>\n<meta property=\"og:type\" content=\"article\" \/>\n<meta property=\"og:title\" content=\"Vi f\u00e5r aldrig sluta att tala med varandra! - \u00c5ke Bonnier\" \/>\n<meta property=\"og:description\" content=\"Svenska kyrkan fattar sj\u00e4lvst\u00e4ndiga beslut i olika fr\u00e5gor d\u00e4rf\u00f6r att vi \u00e4r ett sj\u00e4lvst\u00e4ndigt trossamfund. I grund och botten kan Svenska kyrkan fatta vilka beslut man vill p\u00e5 kyrkom\u00f6tet utan n\u00e5gon som helst h\u00e4nsyn till dem som tycker olika. Majoriteten best\u00e4mmer. Samtidigt \u00e4r det en f\u00f6r\u00f6dande kyrkosyn som kommer fram i ett s\u00e5dant t\u00e4nkande. F\u00f6r [&hellip;]\" \/>\n<meta property=\"og:url\" content=\"https:\/\/blogg.svenskakyrkan.se\/akebonnier\/2009\/09\/30\/vi-far-aldrig-sluta-att-tala-med-varandra\/\" \/>\n<meta property=\"og:site_name\" content=\"\u00c5ke Bonnier\" \/>\n<meta property=\"article:published_time\" content=\"2009-09-30T20:53:00+00:00\" \/>\n<meta property=\"og:image\" content=\"https:\/\/blogger.googleusercontent.com\/tracker\/9055441369901436026-1410229428412777815?l=akebonnier.blogspot.com\" \/>\n<meta name=\"author\" content=\"\u00c5ke Bonnier\" \/>\n<meta name=\"twitter:card\" content=\"summary_large_image\" \/>\n<meta name=\"twitter:label1\" content=\"Skriven av\" \/>\n\t<meta name=\"twitter:data1\" content=\"\u00c5ke Bonnier\" \/>\n\t<meta name=\"twitter:label2\" content=\"Ber\u00e4knad l\u00e4stid\" \/>\n\t<meta name=\"twitter:data2\" content=\"2 minuter\" \/>\n<script type=\"application\/ld+json\" class=\"yoast-schema-graph\">{\"@context\":\"https:\/\/schema.org\",\"@graph\":[{\"@type\":\"Article\",\"@id\":\"https:\/\/blogg.svenskakyrkan.se\/akebonnier\/2009\/09\/30\/vi-far-aldrig-sluta-att-tala-med-varandra\/#article\",\"isPartOf\":{\"@id\":\"https:\/\/blogg.svenskakyrkan.se\/akebonnier\/2009\/09\/30\/vi-far-aldrig-sluta-att-tala-med-varandra\/\"},\"author\":{\"name\":\"\u00c5ke Bonnier\",\"@id\":\"https:\/\/blogg.svenskakyrkan.se\/akebonnier\/#\/schema\/person\/8db68bc0c94f6a5a62df2d4486ff1343\"},\"headline\":\"Vi f\u00e5r aldrig sluta att tala med varandra!\",\"datePublished\":\"2009-09-30T20:53:00+00:00\",\"mainEntityOfPage\":{\"@id\":\"https:\/\/blogg.svenskakyrkan.se\/akebonnier\/2009\/09\/30\/vi-far-aldrig-sluta-att-tala-med-varandra\/\"},\"wordCount\":479,\"commentCount\":8,\"image\":{\"@id\":\"https:\/\/blogg.svenskakyrkan.se\/akebonnier\/2009\/09\/30\/vi-far-aldrig-sluta-att-tala-med-varandra\/#primaryimage\"},\"thumbnailUrl\":\"https:\/\/blogger.googleusercontent.com\/tracker\/9055441369901436026-1410229428412777815?l=akebonnier.blogspot.com\",\"articleSection\":[\"Vi f\u00e5r aldrig sluta att tala med varandra\"],\"inLanguage\":\"sv-SE\",\"potentialAction\":[{\"@type\":\"CommentAction\",\"name\":\"Comment\",\"target\":[\"https:\/\/blogg.svenskakyrkan.se\/akebonnier\/2009\/09\/30\/vi-far-aldrig-sluta-att-tala-med-varandra\/#respond\"]}]},{\"@type\":\"WebPage\",\"@id\":\"https:\/\/blogg.svenskakyrkan.se\/akebonnier\/2009\/09\/30\/vi-far-aldrig-sluta-att-tala-med-varandra\/\",\"url\":\"https:\/\/blogg.svenskakyrkan.se\/akebonnier\/2009\/09\/30\/vi-far-aldrig-sluta-att-tala-med-varandra\/\",\"name\":\"Vi f\u00e5r aldrig sluta att tala med varandra! - \u00c5ke Bonnier\",\"isPartOf\":{\"@id\":\"https:\/\/blogg.svenskakyrkan.se\/akebonnier\/#website\"},\"primaryImageOfPage\":{\"@id\":\"https:\/\/blogg.svenskakyrkan.se\/akebonnier\/2009\/09\/30\/vi-far-aldrig-sluta-att-tala-med-varandra\/#primaryimage\"},\"image\":{\"@id\":\"https:\/\/blogg.svenskakyrkan.se\/akebonnier\/2009\/09\/30\/vi-far-aldrig-sluta-att-tala-med-varandra\/#primaryimage\"},\"thumbnailUrl\":\"https:\/\/blogger.googleusercontent.com\/tracker\/9055441369901436026-1410229428412777815?l=akebonnier.blogspot.com\",\"datePublished\":\"2009-09-30T20:53:00+00:00\",\"author\":{\"@id\":\"https:\/\/blogg.svenskakyrkan.se\/akebonnier\/#\/schema\/person\/8db68bc0c94f6a5a62df2d4486ff1343\"},\"breadcrumb\":{\"@id\":\"https:\/\/blogg.svenskakyrkan.se\/akebonnier\/2009\/09\/30\/vi-far-aldrig-sluta-att-tala-med-varandra\/#breadcrumb\"},\"inLanguage\":\"sv-SE\",\"potentialAction\":[{\"@type\":\"ReadAction\",\"target\":[\"https:\/\/blogg.svenskakyrkan.se\/akebonnier\/2009\/09\/30\/vi-far-aldrig-sluta-att-tala-med-varandra\/\"]}]},{\"@type\":\"ImageObject\",\"inLanguage\":\"sv-SE\",\"@id\":\"https:\/\/blogg.svenskakyrkan.se\/akebonnier\/2009\/09\/30\/vi-far-aldrig-sluta-att-tala-med-varandra\/#primaryimage\",\"url\":\"https:\/\/blogger.googleusercontent.com\/tracker\/9055441369901436026-1410229428412777815?l=akebonnier.blogspot.com\",\"contentUrl\":\"https:\/\/blogger.googleusercontent.com\/tracker\/9055441369901436026-1410229428412777815?l=akebonnier.blogspot.com\"},{\"@type\":\"BreadcrumbList\",\"@id\":\"https:\/\/blogg.svenskakyrkan.se\/akebonnier\/2009\/09\/30\/vi-far-aldrig-sluta-att-tala-med-varandra\/#breadcrumb\",\"itemListElement\":[{\"@type\":\"ListItem\",\"position\":1,\"name\":\"Hem\",\"item\":\"https:\/\/blogg.svenskakyrkan.se\/akebonnier\/\"},{\"@type\":\"ListItem\",\"position\":2,\"name\":\"Vi f\u00e5r aldrig sluta att tala med varandra!\"}]},{\"@type\":\"WebSite\",\"@id\":\"https:\/\/blogg.svenskakyrkan.se\/akebonnier\/#website\",\"url\":\"https:\/\/blogg.svenskakyrkan.se\/akebonnier\/\",\"name\":\"\u00c5ke Bonnier\",\"description\":\"Biskop i Svenska kyrkan - Skara stift\",\"potentialAction\":[{\"@type\":\"SearchAction\",\"target\":{\"@type\":\"EntryPoint\",\"urlTemplate\":\"https:\/\/blogg.svenskakyrkan.se\/akebonnier\/?s={search_term_string}\"},\"query-input\":{\"@type\":\"PropertyValueSpecification\",\"valueRequired\":true,\"valueName\":\"search_term_string\"}}],\"inLanguage\":\"sv-SE\"},{\"@type\":\"Person\",\"@id\":\"https:\/\/blogg.svenskakyrkan.se\/akebonnier\/#\/schema\/person\/8db68bc0c94f6a5a62df2d4486ff1343\",\"name\":\"\u00c5ke Bonnier\",\"image\":{\"@type\":\"ImageObject\",\"inLanguage\":\"sv-SE\",\"@id\":\"https:\/\/blogg.svenskakyrkan.se\/akebonnier\/#\/schema\/person\/image\/\",\"url\":\"https:\/\/secure.gravatar.com\/avatar\/b88264736bb0bc0d1ea92298aef02c9f98cfc13c7484130c42c663ae484f9462?s=96&d=mm&r=g\",\"contentUrl\":\"https:\/\/secure.gravatar.com\/avatar\/b88264736bb0bc0d1ea92298aef02c9f98cfc13c7484130c42c663ae484f9462?s=96&d=mm&r=g\",\"caption\":\"\u00c5ke Bonnier\"},\"description\":\"Jag \u00e4r gift och har tv\u00e5 vuxna d\u00f6ttrar. Pr\u00e4stvigdes 1984 och biskopsvigs 26 augusti 2012 . Jag har tidigare bland annat varit, komminister och kyrkoherde i Liding\u00f6 f\u00f6rsamling och domprost i Stockholms domkyrkof\u00f6rsamling. Jag \u00e4r intresserad av konst, litteratur, teater, film. Jag tr\u00e4nar regelbundet p\u00e5 gym. Mitt huvudsakliga musikintresse \u00e4r klassisk musik men ocks\u00e5 Beatles, Elvis Presley, Monika Zettelund, Povel Ramel och m\u00e5nga andra tycker jag om att lyssna p\u00e5. Jag l\u00e4ser f\u00f6r lite sk\u00f6nlitteratur beroende p\u00e5 annat som jag m\u00e5ste l\u00e4sa i mitt uppdrag som biskop. Men jag \u00e4lskar b\u00f6cker. Naturligtvis l\u00e4ser jag n\u00e4st intill dagligdags i \\\"B\u00f6ckernas Bok.\\\"\",\"sameAs\":[\"http:\/\/www.skarastift.se\"],\"url\":\"https:\/\/blogg.svenskakyrkan.se\/akebonnier\/author\/akebonnier\/\"}]}<\/script>\n<!-- \/ Yoast SEO plugin. -->","yoast_head_json":{"title":"Vi f\u00e5r aldrig sluta att tala med varandra! - \u00c5ke Bonnier","robots":{"index":"index","follow":"follow","max-snippet":"max-snippet:-1","max-image-preview":"max-image-preview:large","max-video-preview":"max-video-preview:-1"},"canonical":"https:\/\/blogg.svenskakyrkan.se\/akebonnier\/2009\/09\/30\/vi-far-aldrig-sluta-att-tala-med-varandra\/","og_locale":"sv_SE","og_type":"article","og_title":"Vi f\u00e5r aldrig sluta att tala med varandra! - \u00c5ke Bonnier","og_description":"Svenska kyrkan fattar sj\u00e4lvst\u00e4ndiga beslut i olika fr\u00e5gor d\u00e4rf\u00f6r att vi \u00e4r ett sj\u00e4lvst\u00e4ndigt trossamfund. I grund och botten kan Svenska kyrkan fatta vilka beslut man vill p\u00e5 kyrkom\u00f6tet utan n\u00e5gon som helst h\u00e4nsyn till dem som tycker olika. Majoriteten best\u00e4mmer. Samtidigt \u00e4r det en f\u00f6r\u00f6dande kyrkosyn som kommer fram i ett s\u00e5dant t\u00e4nkande. F\u00f6r [&hellip;]","og_url":"https:\/\/blogg.svenskakyrkan.se\/akebonnier\/2009\/09\/30\/vi-far-aldrig-sluta-att-tala-med-varandra\/","og_site_name":"\u00c5ke Bonnier","article_published_time":"2009-09-30T20:53:00+00:00","og_image":[{"url":"https:\/\/blogger.googleusercontent.com\/tracker\/9055441369901436026-1410229428412777815?l=akebonnier.blogspot.com","type":"","width":"","height":""}],"author":"\u00c5ke Bonnier","twitter_card":"summary_large_image","twitter_misc":{"Skriven av":"\u00c5ke Bonnier","Ber\u00e4knad l\u00e4stid":"2 minuter"},"schema":{"@context":"https:\/\/schema.org","@graph":[{"@type":"Article","@id":"https:\/\/blogg.svenskakyrkan.se\/akebonnier\/2009\/09\/30\/vi-far-aldrig-sluta-att-tala-med-varandra\/#article","isPartOf":{"@id":"https:\/\/blogg.svenskakyrkan.se\/akebonnier\/2009\/09\/30\/vi-far-aldrig-sluta-att-tala-med-varandra\/"},"author":{"name":"\u00c5ke Bonnier","@id":"https:\/\/blogg.svenskakyrkan.se\/akebonnier\/#\/schema\/person\/8db68bc0c94f6a5a62df2d4486ff1343"},"headline":"Vi f\u00e5r aldrig sluta att tala med varandra!","datePublished":"2009-09-30T20:53:00+00:00","mainEntityOfPage":{"@id":"https:\/\/blogg.svenskakyrkan.se\/akebonnier\/2009\/09\/30\/vi-far-aldrig-sluta-att-tala-med-varandra\/"},"wordCount":479,"commentCount":8,"image":{"@id":"https:\/\/blogg.svenskakyrkan.se\/akebonnier\/2009\/09\/30\/vi-far-aldrig-sluta-att-tala-med-varandra\/#primaryimage"},"thumbnailUrl":"https:\/\/blogger.googleusercontent.com\/tracker\/9055441369901436026-1410229428412777815?l=akebonnier.blogspot.com","articleSection":["Vi f\u00e5r aldrig sluta att tala med varandra"],"inLanguage":"sv-SE","potentialAction":[{"@type":"CommentAction","name":"Comment","target":["https:\/\/blogg.svenskakyrkan.se\/akebonnier\/2009\/09\/30\/vi-far-aldrig-sluta-att-tala-med-varandra\/#respond"]}]},{"@type":"WebPage","@id":"https:\/\/blogg.svenskakyrkan.se\/akebonnier\/2009\/09\/30\/vi-far-aldrig-sluta-att-tala-med-varandra\/","url":"https:\/\/blogg.svenskakyrkan.se\/akebonnier\/2009\/09\/30\/vi-far-aldrig-sluta-att-tala-med-varandra\/","name":"Vi f\u00e5r aldrig sluta att tala med varandra! - \u00c5ke Bonnier","isPartOf":{"@id":"https:\/\/blogg.svenskakyrkan.se\/akebonnier\/#website"},"primaryImageOfPage":{"@id":"https:\/\/blogg.svenskakyrkan.se\/akebonnier\/2009\/09\/30\/vi-far-aldrig-sluta-att-tala-med-varandra\/#primaryimage"},"image":{"@id":"https:\/\/blogg.svenskakyrkan.se\/akebonnier\/2009\/09\/30\/vi-far-aldrig-sluta-att-tala-med-varandra\/#primaryimage"},"thumbnailUrl":"https:\/\/blogger.googleusercontent.com\/tracker\/9055441369901436026-1410229428412777815?l=akebonnier.blogspot.com","datePublished":"2009-09-30T20:53:00+00:00","author":{"@id":"https:\/\/blogg.svenskakyrkan.se\/akebonnier\/#\/schema\/person\/8db68bc0c94f6a5a62df2d4486ff1343"},"breadcrumb":{"@id":"https:\/\/blogg.svenskakyrkan.se\/akebonnier\/2009\/09\/30\/vi-far-aldrig-sluta-att-tala-med-varandra\/#breadcrumb"},"inLanguage":"sv-SE","potentialAction":[{"@type":"ReadAction","target":["https:\/\/blogg.svenskakyrkan.se\/akebonnier\/2009\/09\/30\/vi-far-aldrig-sluta-att-tala-med-varandra\/"]}]},{"@type":"ImageObject","inLanguage":"sv-SE","@id":"https:\/\/blogg.svenskakyrkan.se\/akebonnier\/2009\/09\/30\/vi-far-aldrig-sluta-att-tala-med-varandra\/#primaryimage","url":"https:\/\/blogger.googleusercontent.com\/tracker\/9055441369901436026-1410229428412777815?l=akebonnier.blogspot.com","contentUrl":"https:\/\/blogger.googleusercontent.com\/tracker\/9055441369901436026-1410229428412777815?l=akebonnier.blogspot.com"},{"@type":"BreadcrumbList","@id":"https:\/\/blogg.svenskakyrkan.se\/akebonnier\/2009\/09\/30\/vi-far-aldrig-sluta-att-tala-med-varandra\/#breadcrumb","itemListElement":[{"@type":"ListItem","position":1,"name":"Hem","item":"https:\/\/blogg.svenskakyrkan.se\/akebonnier\/"},{"@type":"ListItem","position":2,"name":"Vi f\u00e5r aldrig sluta att tala med varandra!"}]},{"@type":"WebSite","@id":"https:\/\/blogg.svenskakyrkan.se\/akebonnier\/#website","url":"https:\/\/blogg.svenskakyrkan.se\/akebonnier\/","name":"\u00c5ke Bonnier","description":"Biskop i Svenska kyrkan - Skara stift","potentialAction":[{"@type":"SearchAction","target":{"@type":"EntryPoint","urlTemplate":"https:\/\/blogg.svenskakyrkan.se\/akebonnier\/?s={search_term_string}"},"query-input":{"@type":"PropertyValueSpecification","valueRequired":true,"valueName":"search_term_string"}}],"inLanguage":"sv-SE"},{"@type":"Person","@id":"https:\/\/blogg.svenskakyrkan.se\/akebonnier\/#\/schema\/person\/8db68bc0c94f6a5a62df2d4486ff1343","name":"\u00c5ke Bonnier","image":{"@type":"ImageObject","inLanguage":"sv-SE","@id":"https:\/\/blogg.svenskakyrkan.se\/akebonnier\/#\/schema\/person\/image\/","url":"https:\/\/secure.gravatar.com\/avatar\/b88264736bb0bc0d1ea92298aef02c9f98cfc13c7484130c42c663ae484f9462?s=96&d=mm&r=g","contentUrl":"https:\/\/secure.gravatar.com\/avatar\/b88264736bb0bc0d1ea92298aef02c9f98cfc13c7484130c42c663ae484f9462?s=96&d=mm&r=g","caption":"\u00c5ke Bonnier"},"description":"Jag \u00e4r gift och har tv\u00e5 vuxna d\u00f6ttrar. Pr\u00e4stvigdes 1984 och biskopsvigs 26 augusti 2012 . Jag har tidigare bland annat varit, komminister och kyrkoherde i Liding\u00f6 f\u00f6rsamling och domprost i Stockholms domkyrkof\u00f6rsamling. Jag \u00e4r intresserad av konst, litteratur, teater, film. Jag tr\u00e4nar regelbundet p\u00e5 gym. Mitt huvudsakliga musikintresse \u00e4r klassisk musik men ocks\u00e5 Beatles, Elvis Presley, Monika Zettelund, Povel Ramel och m\u00e5nga andra tycker jag om att lyssna p\u00e5. Jag l\u00e4ser f\u00f6r lite sk\u00f6nlitteratur beroende p\u00e5 annat som jag m\u00e5ste l\u00e4sa i mitt uppdrag som biskop. Men jag \u00e4lskar b\u00f6cker. Naturligtvis l\u00e4ser jag n\u00e4st intill dagligdags i \"B\u00f6ckernas Bok.\"","sameAs":["http:\/\/www.skarastift.se"],"url":"https:\/\/blogg.svenskakyrkan.se\/akebonnier\/author\/akebonnier\/"}]}},"author_meta":{"ID":"108","user_nicename":"akebonnier","user_url":"http:\/\/www.skarastift.se","user_registered":"2011-10-11 09:24:48","display_name":"\u00c5ke Bonnier","first_name":"\u00c5ke","last_name":"Bonnier","avatar":"https:\/\/secure.gravatar.com\/avatar\/b88264736bb0bc0d1ea92298aef02c9f98cfc13c7484130c42c663ae484f9462?s=96&d=mm&r=g"},"featured_image":false,"bloginfo":{"name":"\u00c5ke Bonnier","url":"https:\/\/blogg.svenskakyrkan.se\/akebonnier"},"_links":{"self":[{"href":"https:\/\/blogg.svenskakyrkan.se\/akebonnier\/wp-json\/wp\/v2\/posts\/315","targetHints":{"allow":["GET"]}}],"collection":[{"href":"https:\/\/blogg.svenskakyrkan.se\/akebonnier\/wp-json\/wp\/v2\/posts"}],"about":[{"href":"https:\/\/blogg.svenskakyrkan.se\/akebonnier\/wp-json\/wp\/v2\/types\/post"}],"author":[{"embeddable":true,"href":"https:\/\/blogg.svenskakyrkan.se\/akebonnier\/wp-json\/wp\/v2\/users\/108"}],"replies":[{"embeddable":true,"href":"https:\/\/blogg.svenskakyrkan.se\/akebonnier\/wp-json\/wp\/v2\/comments?post=315"}],"version-history":[{"count":0,"href":"https:\/\/blogg.svenskakyrkan.se\/akebonnier\/wp-json\/wp\/v2\/posts\/315\/revisions"}],"wp:attachment":[{"href":"https:\/\/blogg.svenskakyrkan.se\/akebonnier\/wp-json\/wp\/v2\/media?parent=315"}],"wp:term":[{"taxonomy":"category","embeddable":true,"href":"https:\/\/blogg.svenskakyrkan.se\/akebonnier\/wp-json\/wp\/v2\/categories?post=315"},{"taxonomy":"post_tag","embeddable":true,"href":"https:\/\/blogg.svenskakyrkan.se\/akebonnier\/wp-json\/wp\/v2\/tags?post=315"}],"curies":[{"name":"wp","href":"https:\/\/api.w.org\/{rel}","templated":true}]}}