{"id":319,"date":"2009-10-09T07:50:00","date_gmt":"2009-10-09T07:50:00","guid":{"rendered":"http:\/\/blogg.svenskakyrkan.se\/akebonnier\/2009\/10\/09\/tankar-om-stockholms-domkyrkoforsamling-2\/"},"modified":"2009-10-09T07:50:00","modified_gmt":"2009-10-09T07:50:00","slug":"tankar-om-stockholms-domkyrkoforsamling-2","status":"publish","type":"post","link":"https:\/\/blogg.svenskakyrkan.se\/akebonnier\/2009\/10\/09\/tankar-om-stockholms-domkyrkoforsamling-2\/","title":{"rendered":"Tankar om Stockholms domkyrkof\u00f6rsamling 2."},"content":{"rendered":"<p>S\u00e5 var det dags f\u00f6r utlovade tankar om Stockholms domkyrkof\u00f6rsamlings andra kyrka &#8211; S:t Jacobs kyrka. Just nu \u00e4r den st\u00e4ngd f\u00f6r reng\u00f6ring. Ullenius Ateljeer AB g\u00f6r ett fantatstiskt arbete och kyrkan kommer att bli str\u00e5lande ren &#8211; ja str\u00e5lande f\u00f6rhoppningsvis p\u00e5 m\u00e5nga olika s\u00e4tt. Den 1.a advent sl\u00e5r vi upp portarna till S:t Jacobs kyrka. D\u00e5 kommer &#8221;Bered en v\u00e4g f\u00f6r Herran&#8221; att ljuda, kyrkan att \u00e5ter tas i bruk, Guds Ord f\u00f6rkunnas och sakramentet f\u00f6rvaltas (det blir naturligtvis nattvardsm\u00e4ssa). Men sen d\u00e5, dagen efter och alla andra dagar efter f\u00f6rsta Advent. D\u00e5 st\u00e5r den d\u00e4r, den underbara 1600-talskyrkan i Kungstr\u00e4dgp\u00e5rden, n\u00e4ra scenen d\u00e4r all sk\u00f6ns musik ljuder och alla m\u00f6jliga talare talar. D\u00e5 st\u00e5r den d\u00e4r, S:t Jacobs kyrka, n\u00e4ra caf\u00e9er och restauranger, n\u00e4ra operahus och museer, n\u00e4ra riksdagshus och varuhus, n\u00e4ra bankpalats och advokatbyr\u00e5er. D\u00e5 st\u00e5r den d\u00e4r och vad \u00e4r dess funktion n\u00e4r 1:a advent \u00e4r \u00f6ver? Vad \u00e4r min dr\u00f6m, min vision om S:t Jacob?<\/p>\n<p>Mitt i bullret, mitt i stressen, mitt i h\u00f6ghastighetssamh\u00e4llets ofr\u00e5nkomliga krav mitt i cityk\u00e4rnan finns S:t Jacob som ett rum att komma in och Andas i. Jo, jag skriver Andas med stort A f\u00f6r att det handlar om Anden.<\/p>\n<p>Jag dr\u00f6mmer om och vill f\u00f6rverkliga en kyrka som \u00e5tminstone n\u00e5gon dag i veckan kan vara \u00f6ppen p\u00e5 morgonen f\u00f6r att man p\u00e5 v\u00e4g till sitt arbete eller till n\u00e5got annat ska kunna slinka in, t\u00e4nda ett ljus, bedja, kanske byta ett ord med en pr\u00e4st, kanske dricka en snabb kopp kaffe.<\/p>\n<p>Jag dr\u00f6mmer om och vill f\u00f6rverkliga en kyrka som har \u00f6ppet p\u00e5 lunchtid f\u00f6r att de som finns i n\u00e4rheten ska ha ett rum som inte handlar om att k\u00f6pa, att bedriva aff\u00e4rsverksamhet, att tj\u00e4na pengar, ett rum d\u00e4r man kan f\u00e5 lyssna till tystnad, men ocks\u00e5 lyssna till musik, kanske en andakt, kanske ett samtal.<\/p>\n<p>Jag dr\u00f6mmer om och vill f\u00f6rverkliga en kyrka d\u00e4r m\u00e4ssan \u00e4r viktig &#8211; nattvardens br\u00f6d och vin som \u00e4r ett konkret uttryck f\u00f6r Guds gr\u00e4nsl\u00f6sa k\u00e4rlek &#8211; m\u00e4ssor d\u00e4r vi kommer n\u00e4ra varandra utan att utesluta andra.<\/p>\n<p>Jag dr\u00f6mmer om och vill f\u00f6rverkliga en kyrka d\u00e4r dialog i alla dess former ocks\u00e5 st\u00e5r h\u00f6gt i kurs, inte minst religionsdialogen med Stockholms stifts centrum f\u00f6r religionsdialog inhyst i S:t Jacobs f\u00f6rsamlingshus. D\u00e4r finns detta centrum redan nu.<\/p>\n<p>Jag dr\u00f6mmer om och vill f\u00f6rverkliga en kyrka d\u00e4r konstutst\u00e4llningar och filmvisningar kan finnas och f\u00f6rekomma i sj\u00e4lva kyrkorummet, utst\u00e4llningar och filmer som utmanar, som f\u00e5r oss att v\u00e5ga st\u00e4lla existentiella fr\u00e5gor som sj\u00e4lva kyrkorummet vill ge ett m\u00f6jligt svar p\u00e5.<\/p>\n<p>Jag dr\u00f6mmer om och vill f\u00f6rverkliga en kyrka d\u00e4r Gud &#8211; stavad med stort G &#8211; kan tillbedjas p\u00e5 flera olika s\u00e4tt s\u00e5 l\u00e4nge det sker i full respekt f\u00f6r sj\u00e4lva rummets tradition och grund.<\/p>\n<p>Jag dr\u00f6mmer om och vill f\u00f6rverkliga en kyrka d\u00e4r konsertant musik med v\u00e5ra k\u00f6rer f\u00e5r vara en av h\u00f6rnstenarna i den rengjorda kyrkan, d\u00e4r v\u00e5r fantastiska orgel f\u00e5r forts\u00e4tta att ljuda vid m\u00e5nga olika tillf\u00e4llen &#8211; b\u00e5de vid lunchtid och andra tider.<\/p>\n<p>Jag dr\u00f6mmer om och vill bidra till att Evangeliet f\u00f6rkunnas p\u00e5 ett s\u00e4tt som blir angel\u00e4get f\u00f6r dem som inte \u00e4r s\u00e5 vana vid kyrkans tro och tradition.<\/p>\n<p>Jag dr\u00f6mmer om en kyrka som \u00e4r tydlig &#8211; tydlig med Jesus Kristus &#8211; utan att vara exkluderande. Ocks\u00e5 till detta vill jag bidra.<\/p>\n<p>Fr\u00e5n och med f\u00f6rsta Advent vill jag, tillsammans med ideella medarbetare, tillsammans med f\u00f6rtroendevalda, tillsammans med anst\u00e4llda och framf\u00f6r allt tillsammans med alla andra och Dig vara med och successivt f\u00f6rverkliga S:t Jacobs kyrka som en plats d\u00e4r man verkligen kan Andas.<\/p>\n<div class=\"blogger-post-footer\"><img width='1' height='1' src='https:\/\/blogger.googleusercontent.com\/tracker\/9055441369901436026-126721738327491025?l=akebonnier.blogspot.com' alt='' \/><\/div>\n","protected":false},"excerpt":{"rendered":"<p>S\u00e5 var det dags f\u00f6r utlovade tankar om Stockholms domkyrkof\u00f6rsamlings andra kyrka &#8211; S:t Jacobs kyrka. Just nu \u00e4r den st\u00e4ngd f\u00f6r reng\u00f6ring. Ullenius Ateljeer AB g\u00f6r ett fantatstiskt arbete och kyrkan kommer att bli str\u00e5lande ren &#8211; ja str\u00e5lande f\u00f6rhoppningsvis p\u00e5 m\u00e5nga olika s\u00e4tt. Den 1.a advent sl\u00e5r vi upp portarna till S:t Jacobs [&hellip;]<\/p>\n","protected":false},"author":108,"featured_media":0,"comment_status":"open","ping_status":"open","sticky":false,"template":"","format":"standard","meta":{"_acf_changed":false,"footnotes":""},"categories":[16296],"tags":[],"class_list":["post-319","post","type-post","status-publish","format-standard","hentry","category-tankar-om-stockholms-domkyrkoforsamling-2"],"acf":[],"yoast_head":"<!-- This site is optimized with the Yoast SEO plugin v27.1.1 - https:\/\/yoast.com\/product\/yoast-seo-wordpress\/ -->\n<title>Tankar om Stockholms domkyrkof\u00f6rsamling 2. - \u00c5ke Bonnier<\/title>\n<meta name=\"robots\" content=\"index, follow, max-snippet:-1, max-image-preview:large, max-video-preview:-1\" \/>\n<link rel=\"canonical\" href=\"https:\/\/blogg.svenskakyrkan.se\/akebonnier\/2009\/10\/09\/tankar-om-stockholms-domkyrkoforsamling-2\/\" \/>\n<meta property=\"og:locale\" content=\"sv_SE\" \/>\n<meta property=\"og:type\" content=\"article\" \/>\n<meta property=\"og:title\" content=\"Tankar om Stockholms domkyrkof\u00f6rsamling 2. - \u00c5ke Bonnier\" \/>\n<meta property=\"og:description\" content=\"S\u00e5 var det dags f\u00f6r utlovade tankar om Stockholms domkyrkof\u00f6rsamlings andra kyrka &#8211; S:t Jacobs kyrka. Just nu \u00e4r den st\u00e4ngd f\u00f6r reng\u00f6ring. Ullenius Ateljeer AB g\u00f6r ett fantatstiskt arbete och kyrkan kommer att bli str\u00e5lande ren &#8211; ja str\u00e5lande f\u00f6rhoppningsvis p\u00e5 m\u00e5nga olika s\u00e4tt. Den 1.a advent sl\u00e5r vi upp portarna till S:t Jacobs [&hellip;]\" \/>\n<meta property=\"og:url\" content=\"https:\/\/blogg.svenskakyrkan.se\/akebonnier\/2009\/10\/09\/tankar-om-stockholms-domkyrkoforsamling-2\/\" \/>\n<meta property=\"og:site_name\" content=\"\u00c5ke Bonnier\" \/>\n<meta property=\"article:published_time\" content=\"2009-10-09T07:50:00+00:00\" \/>\n<meta property=\"og:image\" content=\"https:\/\/blogger.googleusercontent.com\/tracker\/9055441369901436026-126721738327491025?l=akebonnier.blogspot.com\" \/>\n<meta name=\"author\" content=\"\u00c5ke Bonnier\" \/>\n<meta name=\"twitter:card\" content=\"summary_large_image\" \/>\n<meta name=\"twitter:label1\" content=\"Skriven av\" \/>\n\t<meta name=\"twitter:data1\" content=\"\u00c5ke Bonnier\" \/>\n\t<meta name=\"twitter:label2\" content=\"Ber\u00e4knad l\u00e4stid\" \/>\n\t<meta name=\"twitter:data2\" content=\"4 minuter\" \/>\n<script type=\"application\/ld+json\" class=\"yoast-schema-graph\">{\"@context\":\"https:\/\/schema.org\",\"@graph\":[{\"@type\":\"Article\",\"@id\":\"https:\/\/blogg.svenskakyrkan.se\/akebonnier\/2009\/10\/09\/tankar-om-stockholms-domkyrkoforsamling-2\/#article\",\"isPartOf\":{\"@id\":\"https:\/\/blogg.svenskakyrkan.se\/akebonnier\/2009\/10\/09\/tankar-om-stockholms-domkyrkoforsamling-2\/\"},\"author\":{\"name\":\"\u00c5ke Bonnier\",\"@id\":\"https:\/\/blogg.svenskakyrkan.se\/akebonnier\/#\/schema\/person\/8db68bc0c94f6a5a62df2d4486ff1343\"},\"headline\":\"Tankar om Stockholms domkyrkof\u00f6rsamling 2.\",\"datePublished\":\"2009-10-09T07:50:00+00:00\",\"mainEntityOfPage\":{\"@id\":\"https:\/\/blogg.svenskakyrkan.se\/akebonnier\/2009\/10\/09\/tankar-om-stockholms-domkyrkoforsamling-2\/\"},\"wordCount\":733,\"commentCount\":2,\"image\":{\"@id\":\"https:\/\/blogg.svenskakyrkan.se\/akebonnier\/2009\/10\/09\/tankar-om-stockholms-domkyrkoforsamling-2\/#primaryimage\"},\"thumbnailUrl\":\"https:\/\/blogger.googleusercontent.com\/tracker\/9055441369901436026-126721738327491025?l=akebonnier.blogspot.com\",\"articleSection\":[\"Tankar om Stockholms domkyrkof\u00f6rsamling 2\"],\"inLanguage\":\"sv-SE\",\"potentialAction\":[{\"@type\":\"CommentAction\",\"name\":\"Comment\",\"target\":[\"https:\/\/blogg.svenskakyrkan.se\/akebonnier\/2009\/10\/09\/tankar-om-stockholms-domkyrkoforsamling-2\/#respond\"]}]},{\"@type\":\"WebPage\",\"@id\":\"https:\/\/blogg.svenskakyrkan.se\/akebonnier\/2009\/10\/09\/tankar-om-stockholms-domkyrkoforsamling-2\/\",\"url\":\"https:\/\/blogg.svenskakyrkan.se\/akebonnier\/2009\/10\/09\/tankar-om-stockholms-domkyrkoforsamling-2\/\",\"name\":\"Tankar om Stockholms domkyrkof\u00f6rsamling 2. - \u00c5ke Bonnier\",\"isPartOf\":{\"@id\":\"https:\/\/blogg.svenskakyrkan.se\/akebonnier\/#website\"},\"primaryImageOfPage\":{\"@id\":\"https:\/\/blogg.svenskakyrkan.se\/akebonnier\/2009\/10\/09\/tankar-om-stockholms-domkyrkoforsamling-2\/#primaryimage\"},\"image\":{\"@id\":\"https:\/\/blogg.svenskakyrkan.se\/akebonnier\/2009\/10\/09\/tankar-om-stockholms-domkyrkoforsamling-2\/#primaryimage\"},\"thumbnailUrl\":\"https:\/\/blogger.googleusercontent.com\/tracker\/9055441369901436026-126721738327491025?l=akebonnier.blogspot.com\",\"datePublished\":\"2009-10-09T07:50:00+00:00\",\"author\":{\"@id\":\"https:\/\/blogg.svenskakyrkan.se\/akebonnier\/#\/schema\/person\/8db68bc0c94f6a5a62df2d4486ff1343\"},\"breadcrumb\":{\"@id\":\"https:\/\/blogg.svenskakyrkan.se\/akebonnier\/2009\/10\/09\/tankar-om-stockholms-domkyrkoforsamling-2\/#breadcrumb\"},\"inLanguage\":\"sv-SE\",\"potentialAction\":[{\"@type\":\"ReadAction\",\"target\":[\"https:\/\/blogg.svenskakyrkan.se\/akebonnier\/2009\/10\/09\/tankar-om-stockholms-domkyrkoforsamling-2\/\"]}]},{\"@type\":\"ImageObject\",\"inLanguage\":\"sv-SE\",\"@id\":\"https:\/\/blogg.svenskakyrkan.se\/akebonnier\/2009\/10\/09\/tankar-om-stockholms-domkyrkoforsamling-2\/#primaryimage\",\"url\":\"https:\/\/blogger.googleusercontent.com\/tracker\/9055441369901436026-126721738327491025?l=akebonnier.blogspot.com\",\"contentUrl\":\"https:\/\/blogger.googleusercontent.com\/tracker\/9055441369901436026-126721738327491025?l=akebonnier.blogspot.com\"},{\"@type\":\"BreadcrumbList\",\"@id\":\"https:\/\/blogg.svenskakyrkan.se\/akebonnier\/2009\/10\/09\/tankar-om-stockholms-domkyrkoforsamling-2\/#breadcrumb\",\"itemListElement\":[{\"@type\":\"ListItem\",\"position\":1,\"name\":\"Hem\",\"item\":\"https:\/\/blogg.svenskakyrkan.se\/akebonnier\/\"},{\"@type\":\"ListItem\",\"position\":2,\"name\":\"Tankar om Stockholms domkyrkof\u00f6rsamling 2.\"}]},{\"@type\":\"WebSite\",\"@id\":\"https:\/\/blogg.svenskakyrkan.se\/akebonnier\/#website\",\"url\":\"https:\/\/blogg.svenskakyrkan.se\/akebonnier\/\",\"name\":\"\u00c5ke Bonnier\",\"description\":\"Biskop i Svenska kyrkan - Skara stift\",\"potentialAction\":[{\"@type\":\"SearchAction\",\"target\":{\"@type\":\"EntryPoint\",\"urlTemplate\":\"https:\/\/blogg.svenskakyrkan.se\/akebonnier\/?s={search_term_string}\"},\"query-input\":{\"@type\":\"PropertyValueSpecification\",\"valueRequired\":true,\"valueName\":\"search_term_string\"}}],\"inLanguage\":\"sv-SE\"},{\"@type\":\"Person\",\"@id\":\"https:\/\/blogg.svenskakyrkan.se\/akebonnier\/#\/schema\/person\/8db68bc0c94f6a5a62df2d4486ff1343\",\"name\":\"\u00c5ke Bonnier\",\"image\":{\"@type\":\"ImageObject\",\"inLanguage\":\"sv-SE\",\"@id\":\"https:\/\/blogg.svenskakyrkan.se\/akebonnier\/#\/schema\/person\/image\/\",\"url\":\"https:\/\/secure.gravatar.com\/avatar\/b88264736bb0bc0d1ea92298aef02c9f98cfc13c7484130c42c663ae484f9462?s=96&d=mm&r=g\",\"contentUrl\":\"https:\/\/secure.gravatar.com\/avatar\/b88264736bb0bc0d1ea92298aef02c9f98cfc13c7484130c42c663ae484f9462?s=96&d=mm&r=g\",\"caption\":\"\u00c5ke Bonnier\"},\"description\":\"Jag \u00e4r gift och har tv\u00e5 vuxna d\u00f6ttrar. Pr\u00e4stvigdes 1984 och biskopsvigs 26 augusti 2012 . Jag har tidigare bland annat varit, komminister och kyrkoherde i Liding\u00f6 f\u00f6rsamling och domprost i Stockholms domkyrkof\u00f6rsamling. Jag \u00e4r intresserad av konst, litteratur, teater, film. Jag tr\u00e4nar regelbundet p\u00e5 gym. Mitt huvudsakliga musikintresse \u00e4r klassisk musik men ocks\u00e5 Beatles, Elvis Presley, Monika Zettelund, Povel Ramel och m\u00e5nga andra tycker jag om att lyssna p\u00e5. Jag l\u00e4ser f\u00f6r lite sk\u00f6nlitteratur beroende p\u00e5 annat som jag m\u00e5ste l\u00e4sa i mitt uppdrag som biskop. Men jag \u00e4lskar b\u00f6cker. Naturligtvis l\u00e4ser jag n\u00e4st intill dagligdags i \\\"B\u00f6ckernas Bok.\\\"\",\"sameAs\":[\"http:\/\/www.skarastift.se\"],\"url\":\"https:\/\/blogg.svenskakyrkan.se\/akebonnier\/author\/akebonnier\/\"}]}<\/script>\n<!-- \/ Yoast SEO plugin. -->","yoast_head_json":{"title":"Tankar om Stockholms domkyrkof\u00f6rsamling 2. - \u00c5ke Bonnier","robots":{"index":"index","follow":"follow","max-snippet":"max-snippet:-1","max-image-preview":"max-image-preview:large","max-video-preview":"max-video-preview:-1"},"canonical":"https:\/\/blogg.svenskakyrkan.se\/akebonnier\/2009\/10\/09\/tankar-om-stockholms-domkyrkoforsamling-2\/","og_locale":"sv_SE","og_type":"article","og_title":"Tankar om Stockholms domkyrkof\u00f6rsamling 2. - \u00c5ke Bonnier","og_description":"S\u00e5 var det dags f\u00f6r utlovade tankar om Stockholms domkyrkof\u00f6rsamlings andra kyrka &#8211; S:t Jacobs kyrka. Just nu \u00e4r den st\u00e4ngd f\u00f6r reng\u00f6ring. Ullenius Ateljeer AB g\u00f6r ett fantatstiskt arbete och kyrkan kommer att bli str\u00e5lande ren &#8211; ja str\u00e5lande f\u00f6rhoppningsvis p\u00e5 m\u00e5nga olika s\u00e4tt. Den 1.a advent sl\u00e5r vi upp portarna till S:t Jacobs [&hellip;]","og_url":"https:\/\/blogg.svenskakyrkan.se\/akebonnier\/2009\/10\/09\/tankar-om-stockholms-domkyrkoforsamling-2\/","og_site_name":"\u00c5ke Bonnier","article_published_time":"2009-10-09T07:50:00+00:00","og_image":[{"url":"https:\/\/blogger.googleusercontent.com\/tracker\/9055441369901436026-126721738327491025?l=akebonnier.blogspot.com","type":"","width":"","height":""}],"author":"\u00c5ke Bonnier","twitter_card":"summary_large_image","twitter_misc":{"Skriven av":"\u00c5ke Bonnier","Ber\u00e4knad l\u00e4stid":"4 minuter"},"schema":{"@context":"https:\/\/schema.org","@graph":[{"@type":"Article","@id":"https:\/\/blogg.svenskakyrkan.se\/akebonnier\/2009\/10\/09\/tankar-om-stockholms-domkyrkoforsamling-2\/#article","isPartOf":{"@id":"https:\/\/blogg.svenskakyrkan.se\/akebonnier\/2009\/10\/09\/tankar-om-stockholms-domkyrkoforsamling-2\/"},"author":{"name":"\u00c5ke Bonnier","@id":"https:\/\/blogg.svenskakyrkan.se\/akebonnier\/#\/schema\/person\/8db68bc0c94f6a5a62df2d4486ff1343"},"headline":"Tankar om Stockholms domkyrkof\u00f6rsamling 2.","datePublished":"2009-10-09T07:50:00+00:00","mainEntityOfPage":{"@id":"https:\/\/blogg.svenskakyrkan.se\/akebonnier\/2009\/10\/09\/tankar-om-stockholms-domkyrkoforsamling-2\/"},"wordCount":733,"commentCount":2,"image":{"@id":"https:\/\/blogg.svenskakyrkan.se\/akebonnier\/2009\/10\/09\/tankar-om-stockholms-domkyrkoforsamling-2\/#primaryimage"},"thumbnailUrl":"https:\/\/blogger.googleusercontent.com\/tracker\/9055441369901436026-126721738327491025?l=akebonnier.blogspot.com","articleSection":["Tankar om Stockholms domkyrkof\u00f6rsamling 2"],"inLanguage":"sv-SE","potentialAction":[{"@type":"CommentAction","name":"Comment","target":["https:\/\/blogg.svenskakyrkan.se\/akebonnier\/2009\/10\/09\/tankar-om-stockholms-domkyrkoforsamling-2\/#respond"]}]},{"@type":"WebPage","@id":"https:\/\/blogg.svenskakyrkan.se\/akebonnier\/2009\/10\/09\/tankar-om-stockholms-domkyrkoforsamling-2\/","url":"https:\/\/blogg.svenskakyrkan.se\/akebonnier\/2009\/10\/09\/tankar-om-stockholms-domkyrkoforsamling-2\/","name":"Tankar om Stockholms domkyrkof\u00f6rsamling 2. - \u00c5ke Bonnier","isPartOf":{"@id":"https:\/\/blogg.svenskakyrkan.se\/akebonnier\/#website"},"primaryImageOfPage":{"@id":"https:\/\/blogg.svenskakyrkan.se\/akebonnier\/2009\/10\/09\/tankar-om-stockholms-domkyrkoforsamling-2\/#primaryimage"},"image":{"@id":"https:\/\/blogg.svenskakyrkan.se\/akebonnier\/2009\/10\/09\/tankar-om-stockholms-domkyrkoforsamling-2\/#primaryimage"},"thumbnailUrl":"https:\/\/blogger.googleusercontent.com\/tracker\/9055441369901436026-126721738327491025?l=akebonnier.blogspot.com","datePublished":"2009-10-09T07:50:00+00:00","author":{"@id":"https:\/\/blogg.svenskakyrkan.se\/akebonnier\/#\/schema\/person\/8db68bc0c94f6a5a62df2d4486ff1343"},"breadcrumb":{"@id":"https:\/\/blogg.svenskakyrkan.se\/akebonnier\/2009\/10\/09\/tankar-om-stockholms-domkyrkoforsamling-2\/#breadcrumb"},"inLanguage":"sv-SE","potentialAction":[{"@type":"ReadAction","target":["https:\/\/blogg.svenskakyrkan.se\/akebonnier\/2009\/10\/09\/tankar-om-stockholms-domkyrkoforsamling-2\/"]}]},{"@type":"ImageObject","inLanguage":"sv-SE","@id":"https:\/\/blogg.svenskakyrkan.se\/akebonnier\/2009\/10\/09\/tankar-om-stockholms-domkyrkoforsamling-2\/#primaryimage","url":"https:\/\/blogger.googleusercontent.com\/tracker\/9055441369901436026-126721738327491025?l=akebonnier.blogspot.com","contentUrl":"https:\/\/blogger.googleusercontent.com\/tracker\/9055441369901436026-126721738327491025?l=akebonnier.blogspot.com"},{"@type":"BreadcrumbList","@id":"https:\/\/blogg.svenskakyrkan.se\/akebonnier\/2009\/10\/09\/tankar-om-stockholms-domkyrkoforsamling-2\/#breadcrumb","itemListElement":[{"@type":"ListItem","position":1,"name":"Hem","item":"https:\/\/blogg.svenskakyrkan.se\/akebonnier\/"},{"@type":"ListItem","position":2,"name":"Tankar om Stockholms domkyrkof\u00f6rsamling 2."}]},{"@type":"WebSite","@id":"https:\/\/blogg.svenskakyrkan.se\/akebonnier\/#website","url":"https:\/\/blogg.svenskakyrkan.se\/akebonnier\/","name":"\u00c5ke Bonnier","description":"Biskop i Svenska kyrkan - Skara stift","potentialAction":[{"@type":"SearchAction","target":{"@type":"EntryPoint","urlTemplate":"https:\/\/blogg.svenskakyrkan.se\/akebonnier\/?s={search_term_string}"},"query-input":{"@type":"PropertyValueSpecification","valueRequired":true,"valueName":"search_term_string"}}],"inLanguage":"sv-SE"},{"@type":"Person","@id":"https:\/\/blogg.svenskakyrkan.se\/akebonnier\/#\/schema\/person\/8db68bc0c94f6a5a62df2d4486ff1343","name":"\u00c5ke Bonnier","image":{"@type":"ImageObject","inLanguage":"sv-SE","@id":"https:\/\/blogg.svenskakyrkan.se\/akebonnier\/#\/schema\/person\/image\/","url":"https:\/\/secure.gravatar.com\/avatar\/b88264736bb0bc0d1ea92298aef02c9f98cfc13c7484130c42c663ae484f9462?s=96&d=mm&r=g","contentUrl":"https:\/\/secure.gravatar.com\/avatar\/b88264736bb0bc0d1ea92298aef02c9f98cfc13c7484130c42c663ae484f9462?s=96&d=mm&r=g","caption":"\u00c5ke Bonnier"},"description":"Jag \u00e4r gift och har tv\u00e5 vuxna d\u00f6ttrar. Pr\u00e4stvigdes 1984 och biskopsvigs 26 augusti 2012 . Jag har tidigare bland annat varit, komminister och kyrkoherde i Liding\u00f6 f\u00f6rsamling och domprost i Stockholms domkyrkof\u00f6rsamling. Jag \u00e4r intresserad av konst, litteratur, teater, film. Jag tr\u00e4nar regelbundet p\u00e5 gym. Mitt huvudsakliga musikintresse \u00e4r klassisk musik men ocks\u00e5 Beatles, Elvis Presley, Monika Zettelund, Povel Ramel och m\u00e5nga andra tycker jag om att lyssna p\u00e5. Jag l\u00e4ser f\u00f6r lite sk\u00f6nlitteratur beroende p\u00e5 annat som jag m\u00e5ste l\u00e4sa i mitt uppdrag som biskop. Men jag \u00e4lskar b\u00f6cker. Naturligtvis l\u00e4ser jag n\u00e4st intill dagligdags i \"B\u00f6ckernas Bok.\"","sameAs":["http:\/\/www.skarastift.se"],"url":"https:\/\/blogg.svenskakyrkan.se\/akebonnier\/author\/akebonnier\/"}]}},"author_meta":{"ID":"108","user_nicename":"akebonnier","user_url":"http:\/\/www.skarastift.se","user_registered":"2011-10-11 09:24:48","display_name":"\u00c5ke Bonnier","first_name":"\u00c5ke","last_name":"Bonnier","avatar":"https:\/\/secure.gravatar.com\/avatar\/b88264736bb0bc0d1ea92298aef02c9f98cfc13c7484130c42c663ae484f9462?s=96&d=mm&r=g"},"featured_image":false,"bloginfo":{"name":"\u00c5ke Bonnier","url":"https:\/\/blogg.svenskakyrkan.se\/akebonnier"},"_links":{"self":[{"href":"https:\/\/blogg.svenskakyrkan.se\/akebonnier\/wp-json\/wp\/v2\/posts\/319","targetHints":{"allow":["GET"]}}],"collection":[{"href":"https:\/\/blogg.svenskakyrkan.se\/akebonnier\/wp-json\/wp\/v2\/posts"}],"about":[{"href":"https:\/\/blogg.svenskakyrkan.se\/akebonnier\/wp-json\/wp\/v2\/types\/post"}],"author":[{"embeddable":true,"href":"https:\/\/blogg.svenskakyrkan.se\/akebonnier\/wp-json\/wp\/v2\/users\/108"}],"replies":[{"embeddable":true,"href":"https:\/\/blogg.svenskakyrkan.se\/akebonnier\/wp-json\/wp\/v2\/comments?post=319"}],"version-history":[{"count":0,"href":"https:\/\/blogg.svenskakyrkan.se\/akebonnier\/wp-json\/wp\/v2\/posts\/319\/revisions"}],"wp:attachment":[{"href":"https:\/\/blogg.svenskakyrkan.se\/akebonnier\/wp-json\/wp\/v2\/media?parent=319"}],"wp:term":[{"taxonomy":"category","embeddable":true,"href":"https:\/\/blogg.svenskakyrkan.se\/akebonnier\/wp-json\/wp\/v2\/categories?post=319"},{"taxonomy":"post_tag","embeddable":true,"href":"https:\/\/blogg.svenskakyrkan.se\/akebonnier\/wp-json\/wp\/v2\/tags?post=319"}],"curies":[{"name":"wp","href":"https:\/\/api.w.org\/{rel}","templated":true}]}}