{"id":329,"date":"2009-11-01T21:26:00","date_gmt":"2009-11-01T21:26:00","guid":{"rendered":"http:\/\/blogg.svenskakyrkan.se\/akebonnier\/2009\/11\/01\/tankar-pa-alla-sjalars-dag\/"},"modified":"2009-11-01T21:26:00","modified_gmt":"2009-11-01T21:26:00","slug":"tankar-pa-alla-sjalars-dag","status":"publish","type":"post","link":"https:\/\/blogg.svenskakyrkan.se\/akebonnier\/2009\/11\/01\/tankar-pa-alla-sjalars-dag\/","title":{"rendered":"Tankar p\u00e5 Alla sj\u00e4lars dag."},"content":{"rendered":"<p>Det har varit <span class=\"blsp-spelling-error\">Allhelgonahelg<\/span> och jag har varit i V\u00e4rmland under fredagen och l\u00f6rdagen, hos sv\u00e4rmor &#8211; vilat, \u00e4tit god mat, l\u00e4st och promenerat med hustrun. Men vi har ocks\u00e5 tr\u00e4ffat sl\u00e4ktingar p\u00e5 hustruns sida och vandrat p\u00e5 <span class=\"blsp-spelling-error\">Visnums<\/span> kyrkog\u00e5rd. D\u00e4r, liksom s\u00e4kert p\u00e5 de allra flesta kyrkog\u00e5rdarna lyste gravljus p\u00e5 gravar som var smyckade med kransar eller buketter med granris och kottar och kanske n\u00e5gon kastanj. Det \u00e4r en fin tradition att upps\u00f6ka kyrkog\u00e5rden och de anh\u00f6rigas gravar. Men f\u00f6r vems skull g\u00f6r vi det? Vad eller vem finns i graven?<\/p>\n<p>Jag tror inte att min sv\u00e4rfar ligger i sin grav, liksom inte heller hustruns morfar eller morbror. Jo, nog kan man hitta rester av deras kroppar, men, f\u00f6r att svara p\u00e5 ett tidigare <span class=\"blsp-spelling-error\">blogginl\u00e4gg<\/span>, jag tror inte p\u00e5 den fysiska, jordiska uppst\u00e5ndelsen d\u00e4r benen ska &#8221;skramla samman&#8221;, d\u00e4r k\u00f6ttet pl\u00f6tsligt ska komma tillbaka p\u00e5 v\u00e5ra armar och ben. Nej,n\u00e4r vi l\u00e4ggs i graven, antingen i en urna eller i en kista, eller n\u00e4r vi str\u00f6s eller l\u00e4ggs i minneslund, d\u00e5 \u00e4r kroppens tid f\u00f6rbi. D\u00e5 spelar inga ben i v\u00e4rlden n\u00e5gon roll l\u00e4ngre och ingen jordisk grav har n\u00e5gon betydelse. Poeten Hjalmar <span class=\"blsp-spelling-error\">Gullberg<\/span> skriver: <em>D\u00e5 skall ej v\u00e5r jordiska lekamen \/ l\u00e4ngre hindra och besv\u00e4ra oss. \/ Tyst i hallen st\u00e5r vid spegelramen \/ <span class=\"blsp-spelling-error\">rockvaktm\u00e4starn<\/span> som g\u00f6r <span class=\"blsp-spelling-error\">herrn<\/span> och damen \/ fr\u00e5n de tunga ytterplaggen loss. \/\/ Medan i fem fack han l\u00e4gger undan \/ \u00f6gon, \u00f6ron, tunga n\u00e4sa, hud, \/ st\u00e5r v\u00e5r sj\u00e4l i andakt och begrundan. \/ Stj\u00e4rnor brinner i den bl\u00e5 rotundan, \/ d\u00e4r vi \u00e4ntligen skall m\u00f6ta Gud.<\/em><\/p>\n<p>Men vi som \u00e4r kvar i detta livet, vi beh\u00f6ver f\u00e5 t\u00e4nda v\u00e5ra gravljus och l\u00e4gga v\u00e5ra kransar till minne och ljusen ocks\u00e5 som en p\u00e5minnelse om det stora Ljuset som lyser i m\u00f6rkret och som m\u00f6rkret inte \u00f6vervunnit.<\/p>\n<p>Nej, jag tror inte p\u00e5 den fysiska kroppens uppst\u00e5ndelse, men p\u00e5 den himmelska kroppens uppst\u00e5ndelse &#8211; den som \u00e4r helt annorlunda, den som f\u00e5r vara med om det helt annorlunda m\u00f6tet &#8211; ett m\u00f6te d\u00e4r jag personligen tror att min egen och alla andras tungor kommer att lovsjunga Gud &#8211; Han som \u00e4r alltings ursprung och m\u00e5l.<\/p>\n<div class=\"blogger-post-footer\"><img width='1' height='1' src='https:\/\/blogger.googleusercontent.com\/tracker\/9055441369901436026-7205946823947086613?l=akebonnier.blogspot.com' alt='' \/><\/div>\n","protected":false},"excerpt":{"rendered":"<p>Det har varit Allhelgonahelg och jag har varit i V\u00e4rmland under fredagen och l\u00f6rdagen, hos sv\u00e4rmor &#8211; vilat, \u00e4tit god mat, l\u00e4st och promenerat med hustrun. Men vi har ocks\u00e5 tr\u00e4ffat sl\u00e4ktingar p\u00e5 hustruns sida och vandrat p\u00e5 Visnums kyrkog\u00e5rd. D\u00e4r, liksom s\u00e4kert p\u00e5 de allra flesta kyrkog\u00e5rdarna lyste gravljus p\u00e5 gravar som var smyckade [&hellip;]<\/p>\n","protected":false},"author":108,"featured_media":0,"comment_status":"open","ping_status":"open","sticky":false,"template":"","format":"standard","meta":{"_acf_changed":false,"footnotes":""},"categories":[16306],"tags":[],"class_list":["post-329","post","type-post","status-publish","format-standard","hentry","category-tankar-pa-alla-sjalars-dag"],"acf":[],"yoast_head":"<!-- This site is optimized with the Yoast SEO plugin v27.1.1 - https:\/\/yoast.com\/product\/yoast-seo-wordpress\/ -->\n<title>Tankar p\u00e5 Alla sj\u00e4lars dag. - \u00c5ke Bonnier<\/title>\n<meta name=\"robots\" content=\"index, follow, max-snippet:-1, max-image-preview:large, max-video-preview:-1\" \/>\n<link rel=\"canonical\" href=\"https:\/\/blogg.svenskakyrkan.se\/akebonnier\/2009\/11\/01\/tankar-pa-alla-sjalars-dag\/\" \/>\n<meta property=\"og:locale\" content=\"sv_SE\" \/>\n<meta property=\"og:type\" content=\"article\" \/>\n<meta property=\"og:title\" content=\"Tankar p\u00e5 Alla sj\u00e4lars dag. - \u00c5ke Bonnier\" \/>\n<meta property=\"og:description\" content=\"Det har varit Allhelgonahelg och jag har varit i V\u00e4rmland under fredagen och l\u00f6rdagen, hos sv\u00e4rmor &#8211; vilat, \u00e4tit god mat, l\u00e4st och promenerat med hustrun. Men vi har ocks\u00e5 tr\u00e4ffat sl\u00e4ktingar p\u00e5 hustruns sida och vandrat p\u00e5 Visnums kyrkog\u00e5rd. D\u00e4r, liksom s\u00e4kert p\u00e5 de allra flesta kyrkog\u00e5rdarna lyste gravljus p\u00e5 gravar som var smyckade [&hellip;]\" \/>\n<meta property=\"og:url\" content=\"https:\/\/blogg.svenskakyrkan.se\/akebonnier\/2009\/11\/01\/tankar-pa-alla-sjalars-dag\/\" \/>\n<meta property=\"og:site_name\" content=\"\u00c5ke Bonnier\" \/>\n<meta property=\"article:published_time\" content=\"2009-11-01T21:26:00+00:00\" \/>\n<meta property=\"og:image\" content=\"https:\/\/blogger.googleusercontent.com\/tracker\/9055441369901436026-7205946823947086613?l=akebonnier.blogspot.com\" \/>\n<meta name=\"author\" content=\"\u00c5ke Bonnier\" \/>\n<meta name=\"twitter:card\" content=\"summary_large_image\" \/>\n<meta name=\"twitter:label1\" content=\"Skriven av\" \/>\n\t<meta name=\"twitter:data1\" content=\"\u00c5ke Bonnier\" \/>\n\t<meta name=\"twitter:label2\" content=\"Ber\u00e4knad l\u00e4stid\" \/>\n\t<meta name=\"twitter:data2\" content=\"2 minuter\" \/>\n<script type=\"application\/ld+json\" class=\"yoast-schema-graph\">{\"@context\":\"https:\/\/schema.org\",\"@graph\":[{\"@type\":\"Article\",\"@id\":\"https:\/\/blogg.svenskakyrkan.se\/akebonnier\/2009\/11\/01\/tankar-pa-alla-sjalars-dag\/#article\",\"isPartOf\":{\"@id\":\"https:\/\/blogg.svenskakyrkan.se\/akebonnier\/2009\/11\/01\/tankar-pa-alla-sjalars-dag\/\"},\"author\":{\"name\":\"\u00c5ke Bonnier\",\"@id\":\"https:\/\/blogg.svenskakyrkan.se\/akebonnier\/#\/schema\/person\/8db68bc0c94f6a5a62df2d4486ff1343\"},\"headline\":\"Tankar p\u00e5 Alla sj\u00e4lars dag.\",\"datePublished\":\"2009-11-01T21:26:00+00:00\",\"mainEntityOfPage\":{\"@id\":\"https:\/\/blogg.svenskakyrkan.se\/akebonnier\/2009\/11\/01\/tankar-pa-alla-sjalars-dag\/\"},\"wordCount\":423,\"commentCount\":5,\"image\":{\"@id\":\"https:\/\/blogg.svenskakyrkan.se\/akebonnier\/2009\/11\/01\/tankar-pa-alla-sjalars-dag\/#primaryimage\"},\"thumbnailUrl\":\"https:\/\/blogger.googleusercontent.com\/tracker\/9055441369901436026-7205946823947086613?l=akebonnier.blogspot.com\",\"articleSection\":[\"Tankar p\u00e5 Alla sj\u00e4lars dag\"],\"inLanguage\":\"sv-SE\",\"potentialAction\":[{\"@type\":\"CommentAction\",\"name\":\"Comment\",\"target\":[\"https:\/\/blogg.svenskakyrkan.se\/akebonnier\/2009\/11\/01\/tankar-pa-alla-sjalars-dag\/#respond\"]}]},{\"@type\":\"WebPage\",\"@id\":\"https:\/\/blogg.svenskakyrkan.se\/akebonnier\/2009\/11\/01\/tankar-pa-alla-sjalars-dag\/\",\"url\":\"https:\/\/blogg.svenskakyrkan.se\/akebonnier\/2009\/11\/01\/tankar-pa-alla-sjalars-dag\/\",\"name\":\"Tankar p\u00e5 Alla sj\u00e4lars dag. - \u00c5ke Bonnier\",\"isPartOf\":{\"@id\":\"https:\/\/blogg.svenskakyrkan.se\/akebonnier\/#website\"},\"primaryImageOfPage\":{\"@id\":\"https:\/\/blogg.svenskakyrkan.se\/akebonnier\/2009\/11\/01\/tankar-pa-alla-sjalars-dag\/#primaryimage\"},\"image\":{\"@id\":\"https:\/\/blogg.svenskakyrkan.se\/akebonnier\/2009\/11\/01\/tankar-pa-alla-sjalars-dag\/#primaryimage\"},\"thumbnailUrl\":\"https:\/\/blogger.googleusercontent.com\/tracker\/9055441369901436026-7205946823947086613?l=akebonnier.blogspot.com\",\"datePublished\":\"2009-11-01T21:26:00+00:00\",\"author\":{\"@id\":\"https:\/\/blogg.svenskakyrkan.se\/akebonnier\/#\/schema\/person\/8db68bc0c94f6a5a62df2d4486ff1343\"},\"breadcrumb\":{\"@id\":\"https:\/\/blogg.svenskakyrkan.se\/akebonnier\/2009\/11\/01\/tankar-pa-alla-sjalars-dag\/#breadcrumb\"},\"inLanguage\":\"sv-SE\",\"potentialAction\":[{\"@type\":\"ReadAction\",\"target\":[\"https:\/\/blogg.svenskakyrkan.se\/akebonnier\/2009\/11\/01\/tankar-pa-alla-sjalars-dag\/\"]}]},{\"@type\":\"ImageObject\",\"inLanguage\":\"sv-SE\",\"@id\":\"https:\/\/blogg.svenskakyrkan.se\/akebonnier\/2009\/11\/01\/tankar-pa-alla-sjalars-dag\/#primaryimage\",\"url\":\"https:\/\/blogger.googleusercontent.com\/tracker\/9055441369901436026-7205946823947086613?l=akebonnier.blogspot.com\",\"contentUrl\":\"https:\/\/blogger.googleusercontent.com\/tracker\/9055441369901436026-7205946823947086613?l=akebonnier.blogspot.com\"},{\"@type\":\"BreadcrumbList\",\"@id\":\"https:\/\/blogg.svenskakyrkan.se\/akebonnier\/2009\/11\/01\/tankar-pa-alla-sjalars-dag\/#breadcrumb\",\"itemListElement\":[{\"@type\":\"ListItem\",\"position\":1,\"name\":\"Hem\",\"item\":\"https:\/\/blogg.svenskakyrkan.se\/akebonnier\/\"},{\"@type\":\"ListItem\",\"position\":2,\"name\":\"Tankar p\u00e5 Alla sj\u00e4lars dag.\"}]},{\"@type\":\"WebSite\",\"@id\":\"https:\/\/blogg.svenskakyrkan.se\/akebonnier\/#website\",\"url\":\"https:\/\/blogg.svenskakyrkan.se\/akebonnier\/\",\"name\":\"\u00c5ke Bonnier\",\"description\":\"Biskop i Svenska kyrkan - Skara stift\",\"potentialAction\":[{\"@type\":\"SearchAction\",\"target\":{\"@type\":\"EntryPoint\",\"urlTemplate\":\"https:\/\/blogg.svenskakyrkan.se\/akebonnier\/?s={search_term_string}\"},\"query-input\":{\"@type\":\"PropertyValueSpecification\",\"valueRequired\":true,\"valueName\":\"search_term_string\"}}],\"inLanguage\":\"sv-SE\"},{\"@type\":\"Person\",\"@id\":\"https:\/\/blogg.svenskakyrkan.se\/akebonnier\/#\/schema\/person\/8db68bc0c94f6a5a62df2d4486ff1343\",\"name\":\"\u00c5ke Bonnier\",\"image\":{\"@type\":\"ImageObject\",\"inLanguage\":\"sv-SE\",\"@id\":\"https:\/\/blogg.svenskakyrkan.se\/akebonnier\/#\/schema\/person\/image\/\",\"url\":\"https:\/\/secure.gravatar.com\/avatar\/b88264736bb0bc0d1ea92298aef02c9f98cfc13c7484130c42c663ae484f9462?s=96&d=mm&r=g\",\"contentUrl\":\"https:\/\/secure.gravatar.com\/avatar\/b88264736bb0bc0d1ea92298aef02c9f98cfc13c7484130c42c663ae484f9462?s=96&d=mm&r=g\",\"caption\":\"\u00c5ke Bonnier\"},\"description\":\"Jag \u00e4r gift och har tv\u00e5 vuxna d\u00f6ttrar. Pr\u00e4stvigdes 1984 och biskopsvigs 26 augusti 2012 . Jag har tidigare bland annat varit, komminister och kyrkoherde i Liding\u00f6 f\u00f6rsamling och domprost i Stockholms domkyrkof\u00f6rsamling. Jag \u00e4r intresserad av konst, litteratur, teater, film. Jag tr\u00e4nar regelbundet p\u00e5 gym. Mitt huvudsakliga musikintresse \u00e4r klassisk musik men ocks\u00e5 Beatles, Elvis Presley, Monika Zettelund, Povel Ramel och m\u00e5nga andra tycker jag om att lyssna p\u00e5. Jag l\u00e4ser f\u00f6r lite sk\u00f6nlitteratur beroende p\u00e5 annat som jag m\u00e5ste l\u00e4sa i mitt uppdrag som biskop. Men jag \u00e4lskar b\u00f6cker. Naturligtvis l\u00e4ser jag n\u00e4st intill dagligdags i \\\"B\u00f6ckernas Bok.\\\"\",\"sameAs\":[\"http:\/\/www.skarastift.se\"],\"url\":\"https:\/\/blogg.svenskakyrkan.se\/akebonnier\/author\/akebonnier\/\"}]}<\/script>\n<!-- \/ Yoast SEO plugin. -->","yoast_head_json":{"title":"Tankar p\u00e5 Alla sj\u00e4lars dag. - \u00c5ke Bonnier","robots":{"index":"index","follow":"follow","max-snippet":"max-snippet:-1","max-image-preview":"max-image-preview:large","max-video-preview":"max-video-preview:-1"},"canonical":"https:\/\/blogg.svenskakyrkan.se\/akebonnier\/2009\/11\/01\/tankar-pa-alla-sjalars-dag\/","og_locale":"sv_SE","og_type":"article","og_title":"Tankar p\u00e5 Alla sj\u00e4lars dag. - \u00c5ke Bonnier","og_description":"Det har varit Allhelgonahelg och jag har varit i V\u00e4rmland under fredagen och l\u00f6rdagen, hos sv\u00e4rmor &#8211; vilat, \u00e4tit god mat, l\u00e4st och promenerat med hustrun. Men vi har ocks\u00e5 tr\u00e4ffat sl\u00e4ktingar p\u00e5 hustruns sida och vandrat p\u00e5 Visnums kyrkog\u00e5rd. D\u00e4r, liksom s\u00e4kert p\u00e5 de allra flesta kyrkog\u00e5rdarna lyste gravljus p\u00e5 gravar som var smyckade [&hellip;]","og_url":"https:\/\/blogg.svenskakyrkan.se\/akebonnier\/2009\/11\/01\/tankar-pa-alla-sjalars-dag\/","og_site_name":"\u00c5ke Bonnier","article_published_time":"2009-11-01T21:26:00+00:00","og_image":[{"url":"https:\/\/blogger.googleusercontent.com\/tracker\/9055441369901436026-7205946823947086613?l=akebonnier.blogspot.com","type":"","width":"","height":""}],"author":"\u00c5ke Bonnier","twitter_card":"summary_large_image","twitter_misc":{"Skriven av":"\u00c5ke Bonnier","Ber\u00e4knad l\u00e4stid":"2 minuter"},"schema":{"@context":"https:\/\/schema.org","@graph":[{"@type":"Article","@id":"https:\/\/blogg.svenskakyrkan.se\/akebonnier\/2009\/11\/01\/tankar-pa-alla-sjalars-dag\/#article","isPartOf":{"@id":"https:\/\/blogg.svenskakyrkan.se\/akebonnier\/2009\/11\/01\/tankar-pa-alla-sjalars-dag\/"},"author":{"name":"\u00c5ke Bonnier","@id":"https:\/\/blogg.svenskakyrkan.se\/akebonnier\/#\/schema\/person\/8db68bc0c94f6a5a62df2d4486ff1343"},"headline":"Tankar p\u00e5 Alla sj\u00e4lars dag.","datePublished":"2009-11-01T21:26:00+00:00","mainEntityOfPage":{"@id":"https:\/\/blogg.svenskakyrkan.se\/akebonnier\/2009\/11\/01\/tankar-pa-alla-sjalars-dag\/"},"wordCount":423,"commentCount":5,"image":{"@id":"https:\/\/blogg.svenskakyrkan.se\/akebonnier\/2009\/11\/01\/tankar-pa-alla-sjalars-dag\/#primaryimage"},"thumbnailUrl":"https:\/\/blogger.googleusercontent.com\/tracker\/9055441369901436026-7205946823947086613?l=akebonnier.blogspot.com","articleSection":["Tankar p\u00e5 Alla sj\u00e4lars dag"],"inLanguage":"sv-SE","potentialAction":[{"@type":"CommentAction","name":"Comment","target":["https:\/\/blogg.svenskakyrkan.se\/akebonnier\/2009\/11\/01\/tankar-pa-alla-sjalars-dag\/#respond"]}]},{"@type":"WebPage","@id":"https:\/\/blogg.svenskakyrkan.se\/akebonnier\/2009\/11\/01\/tankar-pa-alla-sjalars-dag\/","url":"https:\/\/blogg.svenskakyrkan.se\/akebonnier\/2009\/11\/01\/tankar-pa-alla-sjalars-dag\/","name":"Tankar p\u00e5 Alla sj\u00e4lars dag. - \u00c5ke Bonnier","isPartOf":{"@id":"https:\/\/blogg.svenskakyrkan.se\/akebonnier\/#website"},"primaryImageOfPage":{"@id":"https:\/\/blogg.svenskakyrkan.se\/akebonnier\/2009\/11\/01\/tankar-pa-alla-sjalars-dag\/#primaryimage"},"image":{"@id":"https:\/\/blogg.svenskakyrkan.se\/akebonnier\/2009\/11\/01\/tankar-pa-alla-sjalars-dag\/#primaryimage"},"thumbnailUrl":"https:\/\/blogger.googleusercontent.com\/tracker\/9055441369901436026-7205946823947086613?l=akebonnier.blogspot.com","datePublished":"2009-11-01T21:26:00+00:00","author":{"@id":"https:\/\/blogg.svenskakyrkan.se\/akebonnier\/#\/schema\/person\/8db68bc0c94f6a5a62df2d4486ff1343"},"breadcrumb":{"@id":"https:\/\/blogg.svenskakyrkan.se\/akebonnier\/2009\/11\/01\/tankar-pa-alla-sjalars-dag\/#breadcrumb"},"inLanguage":"sv-SE","potentialAction":[{"@type":"ReadAction","target":["https:\/\/blogg.svenskakyrkan.se\/akebonnier\/2009\/11\/01\/tankar-pa-alla-sjalars-dag\/"]}]},{"@type":"ImageObject","inLanguage":"sv-SE","@id":"https:\/\/blogg.svenskakyrkan.se\/akebonnier\/2009\/11\/01\/tankar-pa-alla-sjalars-dag\/#primaryimage","url":"https:\/\/blogger.googleusercontent.com\/tracker\/9055441369901436026-7205946823947086613?l=akebonnier.blogspot.com","contentUrl":"https:\/\/blogger.googleusercontent.com\/tracker\/9055441369901436026-7205946823947086613?l=akebonnier.blogspot.com"},{"@type":"BreadcrumbList","@id":"https:\/\/blogg.svenskakyrkan.se\/akebonnier\/2009\/11\/01\/tankar-pa-alla-sjalars-dag\/#breadcrumb","itemListElement":[{"@type":"ListItem","position":1,"name":"Hem","item":"https:\/\/blogg.svenskakyrkan.se\/akebonnier\/"},{"@type":"ListItem","position":2,"name":"Tankar p\u00e5 Alla sj\u00e4lars dag."}]},{"@type":"WebSite","@id":"https:\/\/blogg.svenskakyrkan.se\/akebonnier\/#website","url":"https:\/\/blogg.svenskakyrkan.se\/akebonnier\/","name":"\u00c5ke Bonnier","description":"Biskop i Svenska kyrkan - Skara stift","potentialAction":[{"@type":"SearchAction","target":{"@type":"EntryPoint","urlTemplate":"https:\/\/blogg.svenskakyrkan.se\/akebonnier\/?s={search_term_string}"},"query-input":{"@type":"PropertyValueSpecification","valueRequired":true,"valueName":"search_term_string"}}],"inLanguage":"sv-SE"},{"@type":"Person","@id":"https:\/\/blogg.svenskakyrkan.se\/akebonnier\/#\/schema\/person\/8db68bc0c94f6a5a62df2d4486ff1343","name":"\u00c5ke Bonnier","image":{"@type":"ImageObject","inLanguage":"sv-SE","@id":"https:\/\/blogg.svenskakyrkan.se\/akebonnier\/#\/schema\/person\/image\/","url":"https:\/\/secure.gravatar.com\/avatar\/b88264736bb0bc0d1ea92298aef02c9f98cfc13c7484130c42c663ae484f9462?s=96&d=mm&r=g","contentUrl":"https:\/\/secure.gravatar.com\/avatar\/b88264736bb0bc0d1ea92298aef02c9f98cfc13c7484130c42c663ae484f9462?s=96&d=mm&r=g","caption":"\u00c5ke Bonnier"},"description":"Jag \u00e4r gift och har tv\u00e5 vuxna d\u00f6ttrar. Pr\u00e4stvigdes 1984 och biskopsvigs 26 augusti 2012 . Jag har tidigare bland annat varit, komminister och kyrkoherde i Liding\u00f6 f\u00f6rsamling och domprost i Stockholms domkyrkof\u00f6rsamling. Jag \u00e4r intresserad av konst, litteratur, teater, film. Jag tr\u00e4nar regelbundet p\u00e5 gym. Mitt huvudsakliga musikintresse \u00e4r klassisk musik men ocks\u00e5 Beatles, Elvis Presley, Monika Zettelund, Povel Ramel och m\u00e5nga andra tycker jag om att lyssna p\u00e5. Jag l\u00e4ser f\u00f6r lite sk\u00f6nlitteratur beroende p\u00e5 annat som jag m\u00e5ste l\u00e4sa i mitt uppdrag som biskop. Men jag \u00e4lskar b\u00f6cker. Naturligtvis l\u00e4ser jag n\u00e4st intill dagligdags i \"B\u00f6ckernas Bok.\"","sameAs":["http:\/\/www.skarastift.se"],"url":"https:\/\/blogg.svenskakyrkan.se\/akebonnier\/author\/akebonnier\/"}]}},"author_meta":{"ID":"108","user_nicename":"akebonnier","user_url":"http:\/\/www.skarastift.se","user_registered":"2011-10-11 09:24:48","display_name":"\u00c5ke Bonnier","first_name":"\u00c5ke","last_name":"Bonnier","avatar":"https:\/\/secure.gravatar.com\/avatar\/b88264736bb0bc0d1ea92298aef02c9f98cfc13c7484130c42c663ae484f9462?s=96&d=mm&r=g"},"featured_image":false,"bloginfo":{"name":"\u00c5ke Bonnier","url":"https:\/\/blogg.svenskakyrkan.se\/akebonnier"},"_links":{"self":[{"href":"https:\/\/blogg.svenskakyrkan.se\/akebonnier\/wp-json\/wp\/v2\/posts\/329","targetHints":{"allow":["GET"]}}],"collection":[{"href":"https:\/\/blogg.svenskakyrkan.se\/akebonnier\/wp-json\/wp\/v2\/posts"}],"about":[{"href":"https:\/\/blogg.svenskakyrkan.se\/akebonnier\/wp-json\/wp\/v2\/types\/post"}],"author":[{"embeddable":true,"href":"https:\/\/blogg.svenskakyrkan.se\/akebonnier\/wp-json\/wp\/v2\/users\/108"}],"replies":[{"embeddable":true,"href":"https:\/\/blogg.svenskakyrkan.se\/akebonnier\/wp-json\/wp\/v2\/comments?post=329"}],"version-history":[{"count":0,"href":"https:\/\/blogg.svenskakyrkan.se\/akebonnier\/wp-json\/wp\/v2\/posts\/329\/revisions"}],"wp:attachment":[{"href":"https:\/\/blogg.svenskakyrkan.se\/akebonnier\/wp-json\/wp\/v2\/media?parent=329"}],"wp:term":[{"taxonomy":"category","embeddable":true,"href":"https:\/\/blogg.svenskakyrkan.se\/akebonnier\/wp-json\/wp\/v2\/categories?post=329"},{"taxonomy":"post_tag","embeddable":true,"href":"https:\/\/blogg.svenskakyrkan.se\/akebonnier\/wp-json\/wp\/v2\/tags?post=329"}],"curies":[{"name":"wp","href":"https:\/\/api.w.org\/{rel}","templated":true}]}}