{"id":335,"date":"2009-11-16T16:17:00","date_gmt":"2009-11-16T16:17:00","guid":{"rendered":"http:\/\/blogg.svenskakyrkan.se\/akebonnier\/2009\/11\/16\/en-ny-biskop-en-ny-bok-och-en-ny-nationaldag\/"},"modified":"2009-11-16T16:17:00","modified_gmt":"2009-11-16T16:17:00","slug":"en-ny-biskop-en-ny-bok-och-en-ny-nationaldag","status":"publish","type":"post","link":"https:\/\/blogg.svenskakyrkan.se\/akebonnier\/2009\/11\/16\/en-ny-biskop-en-ny-bok-och-en-ny-nationaldag\/","title":{"rendered":"En ny biskop, en ny bok och en ny nationaldag."},"content":{"rendered":"<p>Ig\u00e5r tog vi emot biskop Eva Brunne i Storkyrkan. Hon v\u00e4lkomnades enligt handbokens ordning f\u00f6r mottagande av en ny biskop med tal, textl\u00e4sningar och f\u00f6rb\u00f6n. Nu gl\u00e4ds vi \u00f6ver att ha henne p\u00e5 plats och \u00f6nskar v\u00e5r biskop all v\u00e4lsignelse i det innevarande och kommande arbetet!<\/p>\n<p>Jag har varit i Slottskyrkan idag. Verbum inbj\u00f6d till en release av Drottning Silvias b\u00f6nbok och drottningen var sj\u00e4lv n\u00e4rvarande. B\u00f6nboken \u00e4r en samling skriven av olika bidragsgivare d\u00e4r drottningen sj\u00e4lv har med en b\u00f6n fr\u00e5n sin barndom. Kung Carl XVI Gustaf har bidragit med oerh\u00f6rt fina fotografier som ett gott komplement till texterna. Boken, som kommer ut i handeln den 26 november, kommer att finnas ocks\u00e5 i Storkyrkoboden. V\u00e4lkommen in f\u00f6r att k\u00f6pa den, kanske som en l\u00e4mplig julklapp till Dig sj\u00e4lv eller till n\u00e5gon n\u00e4ra och k\u00e4r!<\/p>\n<p>Omedelbart efter m\u00f6tet i Slottskyrkan begav jag mig iv\u00e4g till riksdagshuset f\u00f6r ett m\u00f6te med Rikskommitt\u00e9n Sveriges Nationaldag d\u00e4r vi bland annat utv\u00e4rderade f\u00f6rra firandet p\u00e5 Skansen den 6 juni. Vi enades om att det var festligt men kallt (7 grader och bl\u00e5sigt). Sedan v\u00e4ckte jag en fr\u00e5ga som jag som Svenska kyrkans representant tycker \u00e4r oerh\u00f6rt v\u00e4sentlig: skulle man inte kunna t\u00e4nka sig ett religi\u00f6st inslag p\u00e5 Skansenscenen den 6 juni 2010? Med religi\u00f6st inslag menar jag ett interreligi\u00f6st inslag med tanke p\u00e5 att v\u00e5ra monoteistiska religioner f\u00f6retr\u00e4ds av s\u00e5 m\u00e5nga inf\u00f6dda svenskar och nya svenskar. Man kan v\u00e4l inte p\u00e5st\u00e5 att mitt f\u00f6rslag v\u00e4ckte n\u00e5got st\u00f6rre jubel. Snarare avf\u00e4rdades det ganska snart. Det finns en r\u00e4dsla bland en del svenskar \u2013 en r\u00e4dsla f\u00f6r religion och detta trots att religionen (och d\u00e5 framf\u00f6r allt det kristna) har betytt och betyder s\u00e5 ofattbart mycket i olika kultursammanhang. R\u00e4dslan f\u00f6r religion g\u00f6der ateismen och g\u00f6der dessutom fr\u00e4mlingsfientlighet. I Sverige borde vi ha r\u00e5d att ha b\u00e5de m\u00e5ngetniska, m\u00e5ngkulturella och m\u00e5ngreligi\u00f6sa inslag n\u00e4r vi firar Sverige \u2013 ett land som vi \u00e4lskar. Generositet och \u00f6ppenhet i m\u00e5ngfaldens tecken borde f\u00e5 pr\u00e4gla firandet \u2013 ocks\u00e5 p\u00e5 Skansens stora scen som m\u00e5nga, via TV, \u00e4r n\u00e4rvarande vid.<\/p>\n<div class=\"blogger-post-footer\"><img width='1' height='1' src='https:\/\/blogger.googleusercontent.com\/tracker\/9055441369901436026-5754973241710131280?l=akebonnier.blogspot.com' alt='' \/><\/div>\n","protected":false},"excerpt":{"rendered":"<p>Ig\u00e5r tog vi emot biskop Eva Brunne i Storkyrkan. Hon v\u00e4lkomnades enligt handbokens ordning f\u00f6r mottagande av en ny biskop med tal, textl\u00e4sningar och f\u00f6rb\u00f6n. Nu gl\u00e4ds vi \u00f6ver att ha henne p\u00e5 plats och \u00f6nskar v\u00e5r biskop all v\u00e4lsignelse i det innevarande och kommande arbetet! Jag har varit i Slottskyrkan idag. Verbum inbj\u00f6d till [&hellip;]<\/p>\n","protected":false},"author":108,"featured_media":0,"comment_status":"open","ping_status":"open","sticky":false,"template":"","format":"standard","meta":{"_acf_changed":false,"footnotes":""},"categories":[16314,16313],"tags":[],"class_list":["post-335","post","type-post","status-publish","format-standard","hentry","category-en-ny-biskop","category-en-ny-bok-och-en-ny-nationaldag"],"acf":[],"yoast_head":"<!-- This site is optimized with the Yoast SEO plugin v27.1.1 - https:\/\/yoast.com\/product\/yoast-seo-wordpress\/ -->\n<title>En ny biskop, en ny bok och en ny nationaldag. - \u00c5ke Bonnier<\/title>\n<meta name=\"robots\" content=\"index, follow, max-snippet:-1, max-image-preview:large, max-video-preview:-1\" \/>\n<link rel=\"canonical\" href=\"https:\/\/blogg.svenskakyrkan.se\/akebonnier\/2009\/11\/16\/en-ny-biskop-en-ny-bok-och-en-ny-nationaldag\/\" \/>\n<meta property=\"og:locale\" content=\"sv_SE\" \/>\n<meta property=\"og:type\" content=\"article\" \/>\n<meta property=\"og:title\" content=\"En ny biskop, en ny bok och en ny nationaldag. - \u00c5ke Bonnier\" \/>\n<meta property=\"og:description\" content=\"Ig\u00e5r tog vi emot biskop Eva Brunne i Storkyrkan. Hon v\u00e4lkomnades enligt handbokens ordning f\u00f6r mottagande av en ny biskop med tal, textl\u00e4sningar och f\u00f6rb\u00f6n. Nu gl\u00e4ds vi \u00f6ver att ha henne p\u00e5 plats och \u00f6nskar v\u00e5r biskop all v\u00e4lsignelse i det innevarande och kommande arbetet! Jag har varit i Slottskyrkan idag. Verbum inbj\u00f6d till [&hellip;]\" \/>\n<meta property=\"og:url\" content=\"https:\/\/blogg.svenskakyrkan.se\/akebonnier\/2009\/11\/16\/en-ny-biskop-en-ny-bok-och-en-ny-nationaldag\/\" \/>\n<meta property=\"og:site_name\" content=\"\u00c5ke Bonnier\" \/>\n<meta property=\"article:published_time\" content=\"2009-11-16T16:17:00+00:00\" \/>\n<meta property=\"og:image\" content=\"https:\/\/blogger.googleusercontent.com\/tracker\/9055441369901436026-5754973241710131280?l=akebonnier.blogspot.com\" \/>\n<meta name=\"author\" content=\"\u00c5ke Bonnier\" \/>\n<meta name=\"twitter:card\" content=\"summary_large_image\" \/>\n<meta name=\"twitter:label1\" content=\"Skriven av\" \/>\n\t<meta name=\"twitter:data1\" content=\"\u00c5ke Bonnier\" \/>\n\t<meta name=\"twitter:label2\" content=\"Ber\u00e4knad l\u00e4stid\" \/>\n\t<meta name=\"twitter:data2\" content=\"2 minuter\" \/>\n<script type=\"application\/ld+json\" class=\"yoast-schema-graph\">{\"@context\":\"https:\/\/schema.org\",\"@graph\":[{\"@type\":\"Article\",\"@id\":\"https:\/\/blogg.svenskakyrkan.se\/akebonnier\/2009\/11\/16\/en-ny-biskop-en-ny-bok-och-en-ny-nationaldag\/#article\",\"isPartOf\":{\"@id\":\"https:\/\/blogg.svenskakyrkan.se\/akebonnier\/2009\/11\/16\/en-ny-biskop-en-ny-bok-och-en-ny-nationaldag\/\"},\"author\":{\"name\":\"\u00c5ke Bonnier\",\"@id\":\"https:\/\/blogg.svenskakyrkan.se\/akebonnier\/#\/schema\/person\/8db68bc0c94f6a5a62df2d4486ff1343\"},\"headline\":\"En ny biskop, en ny bok och en ny nationaldag.\",\"datePublished\":\"2009-11-16T16:17:00+00:00\",\"mainEntityOfPage\":{\"@id\":\"https:\/\/blogg.svenskakyrkan.se\/akebonnier\/2009\/11\/16\/en-ny-biskop-en-ny-bok-och-en-ny-nationaldag\/\"},\"wordCount\":417,\"commentCount\":3,\"image\":{\"@id\":\"https:\/\/blogg.svenskakyrkan.se\/akebonnier\/2009\/11\/16\/en-ny-biskop-en-ny-bok-och-en-ny-nationaldag\/#primaryimage\"},\"thumbnailUrl\":\"https:\/\/blogger.googleusercontent.com\/tracker\/9055441369901436026-5754973241710131280?l=akebonnier.blogspot.com\",\"articleSection\":[\"En ny biskop\",\"en ny bok och en ny nationaldag\"],\"inLanguage\":\"sv-SE\",\"potentialAction\":[{\"@type\":\"CommentAction\",\"name\":\"Comment\",\"target\":[\"https:\/\/blogg.svenskakyrkan.se\/akebonnier\/2009\/11\/16\/en-ny-biskop-en-ny-bok-och-en-ny-nationaldag\/#respond\"]}]},{\"@type\":\"WebPage\",\"@id\":\"https:\/\/blogg.svenskakyrkan.se\/akebonnier\/2009\/11\/16\/en-ny-biskop-en-ny-bok-och-en-ny-nationaldag\/\",\"url\":\"https:\/\/blogg.svenskakyrkan.se\/akebonnier\/2009\/11\/16\/en-ny-biskop-en-ny-bok-och-en-ny-nationaldag\/\",\"name\":\"En ny biskop, en ny bok och en ny nationaldag. - \u00c5ke Bonnier\",\"isPartOf\":{\"@id\":\"https:\/\/blogg.svenskakyrkan.se\/akebonnier\/#website\"},\"primaryImageOfPage\":{\"@id\":\"https:\/\/blogg.svenskakyrkan.se\/akebonnier\/2009\/11\/16\/en-ny-biskop-en-ny-bok-och-en-ny-nationaldag\/#primaryimage\"},\"image\":{\"@id\":\"https:\/\/blogg.svenskakyrkan.se\/akebonnier\/2009\/11\/16\/en-ny-biskop-en-ny-bok-och-en-ny-nationaldag\/#primaryimage\"},\"thumbnailUrl\":\"https:\/\/blogger.googleusercontent.com\/tracker\/9055441369901436026-5754973241710131280?l=akebonnier.blogspot.com\",\"datePublished\":\"2009-11-16T16:17:00+00:00\",\"author\":{\"@id\":\"https:\/\/blogg.svenskakyrkan.se\/akebonnier\/#\/schema\/person\/8db68bc0c94f6a5a62df2d4486ff1343\"},\"breadcrumb\":{\"@id\":\"https:\/\/blogg.svenskakyrkan.se\/akebonnier\/2009\/11\/16\/en-ny-biskop-en-ny-bok-och-en-ny-nationaldag\/#breadcrumb\"},\"inLanguage\":\"sv-SE\",\"potentialAction\":[{\"@type\":\"ReadAction\",\"target\":[\"https:\/\/blogg.svenskakyrkan.se\/akebonnier\/2009\/11\/16\/en-ny-biskop-en-ny-bok-och-en-ny-nationaldag\/\"]}]},{\"@type\":\"ImageObject\",\"inLanguage\":\"sv-SE\",\"@id\":\"https:\/\/blogg.svenskakyrkan.se\/akebonnier\/2009\/11\/16\/en-ny-biskop-en-ny-bok-och-en-ny-nationaldag\/#primaryimage\",\"url\":\"https:\/\/blogger.googleusercontent.com\/tracker\/9055441369901436026-5754973241710131280?l=akebonnier.blogspot.com\",\"contentUrl\":\"https:\/\/blogger.googleusercontent.com\/tracker\/9055441369901436026-5754973241710131280?l=akebonnier.blogspot.com\"},{\"@type\":\"BreadcrumbList\",\"@id\":\"https:\/\/blogg.svenskakyrkan.se\/akebonnier\/2009\/11\/16\/en-ny-biskop-en-ny-bok-och-en-ny-nationaldag\/#breadcrumb\",\"itemListElement\":[{\"@type\":\"ListItem\",\"position\":1,\"name\":\"Hem\",\"item\":\"https:\/\/blogg.svenskakyrkan.se\/akebonnier\/\"},{\"@type\":\"ListItem\",\"position\":2,\"name\":\"En ny biskop, en ny bok och en ny nationaldag.\"}]},{\"@type\":\"WebSite\",\"@id\":\"https:\/\/blogg.svenskakyrkan.se\/akebonnier\/#website\",\"url\":\"https:\/\/blogg.svenskakyrkan.se\/akebonnier\/\",\"name\":\"\u00c5ke Bonnier\",\"description\":\"Biskop i Svenska kyrkan - Skara stift\",\"potentialAction\":[{\"@type\":\"SearchAction\",\"target\":{\"@type\":\"EntryPoint\",\"urlTemplate\":\"https:\/\/blogg.svenskakyrkan.se\/akebonnier\/?s={search_term_string}\"},\"query-input\":{\"@type\":\"PropertyValueSpecification\",\"valueRequired\":true,\"valueName\":\"search_term_string\"}}],\"inLanguage\":\"sv-SE\"},{\"@type\":\"Person\",\"@id\":\"https:\/\/blogg.svenskakyrkan.se\/akebonnier\/#\/schema\/person\/8db68bc0c94f6a5a62df2d4486ff1343\",\"name\":\"\u00c5ke Bonnier\",\"image\":{\"@type\":\"ImageObject\",\"inLanguage\":\"sv-SE\",\"@id\":\"https:\/\/blogg.svenskakyrkan.se\/akebonnier\/#\/schema\/person\/image\/\",\"url\":\"https:\/\/secure.gravatar.com\/avatar\/b88264736bb0bc0d1ea92298aef02c9f98cfc13c7484130c42c663ae484f9462?s=96&d=mm&r=g\",\"contentUrl\":\"https:\/\/secure.gravatar.com\/avatar\/b88264736bb0bc0d1ea92298aef02c9f98cfc13c7484130c42c663ae484f9462?s=96&d=mm&r=g\",\"caption\":\"\u00c5ke Bonnier\"},\"description\":\"Jag \u00e4r gift och har tv\u00e5 vuxna d\u00f6ttrar. Pr\u00e4stvigdes 1984 och biskopsvigs 26 augusti 2012 . Jag har tidigare bland annat varit, komminister och kyrkoherde i Liding\u00f6 f\u00f6rsamling och domprost i Stockholms domkyrkof\u00f6rsamling. Jag \u00e4r intresserad av konst, litteratur, teater, film. Jag tr\u00e4nar regelbundet p\u00e5 gym. Mitt huvudsakliga musikintresse \u00e4r klassisk musik men ocks\u00e5 Beatles, Elvis Presley, Monika Zettelund, Povel Ramel och m\u00e5nga andra tycker jag om att lyssna p\u00e5. Jag l\u00e4ser f\u00f6r lite sk\u00f6nlitteratur beroende p\u00e5 annat som jag m\u00e5ste l\u00e4sa i mitt uppdrag som biskop. Men jag \u00e4lskar b\u00f6cker. Naturligtvis l\u00e4ser jag n\u00e4st intill dagligdags i \\\"B\u00f6ckernas Bok.\\\"\",\"sameAs\":[\"http:\/\/www.skarastift.se\"],\"url\":\"https:\/\/blogg.svenskakyrkan.se\/akebonnier\/author\/akebonnier\/\"}]}<\/script>\n<!-- \/ Yoast SEO plugin. -->","yoast_head_json":{"title":"En ny biskop, en ny bok och en ny nationaldag. - \u00c5ke Bonnier","robots":{"index":"index","follow":"follow","max-snippet":"max-snippet:-1","max-image-preview":"max-image-preview:large","max-video-preview":"max-video-preview:-1"},"canonical":"https:\/\/blogg.svenskakyrkan.se\/akebonnier\/2009\/11\/16\/en-ny-biskop-en-ny-bok-och-en-ny-nationaldag\/","og_locale":"sv_SE","og_type":"article","og_title":"En ny biskop, en ny bok och en ny nationaldag. - \u00c5ke Bonnier","og_description":"Ig\u00e5r tog vi emot biskop Eva Brunne i Storkyrkan. Hon v\u00e4lkomnades enligt handbokens ordning f\u00f6r mottagande av en ny biskop med tal, textl\u00e4sningar och f\u00f6rb\u00f6n. Nu gl\u00e4ds vi \u00f6ver att ha henne p\u00e5 plats och \u00f6nskar v\u00e5r biskop all v\u00e4lsignelse i det innevarande och kommande arbetet! Jag har varit i Slottskyrkan idag. Verbum inbj\u00f6d till [&hellip;]","og_url":"https:\/\/blogg.svenskakyrkan.se\/akebonnier\/2009\/11\/16\/en-ny-biskop-en-ny-bok-och-en-ny-nationaldag\/","og_site_name":"\u00c5ke Bonnier","article_published_time":"2009-11-16T16:17:00+00:00","og_image":[{"url":"https:\/\/blogger.googleusercontent.com\/tracker\/9055441369901436026-5754973241710131280?l=akebonnier.blogspot.com","type":"","width":"","height":""}],"author":"\u00c5ke Bonnier","twitter_card":"summary_large_image","twitter_misc":{"Skriven av":"\u00c5ke Bonnier","Ber\u00e4knad l\u00e4stid":"2 minuter"},"schema":{"@context":"https:\/\/schema.org","@graph":[{"@type":"Article","@id":"https:\/\/blogg.svenskakyrkan.se\/akebonnier\/2009\/11\/16\/en-ny-biskop-en-ny-bok-och-en-ny-nationaldag\/#article","isPartOf":{"@id":"https:\/\/blogg.svenskakyrkan.se\/akebonnier\/2009\/11\/16\/en-ny-biskop-en-ny-bok-och-en-ny-nationaldag\/"},"author":{"name":"\u00c5ke Bonnier","@id":"https:\/\/blogg.svenskakyrkan.se\/akebonnier\/#\/schema\/person\/8db68bc0c94f6a5a62df2d4486ff1343"},"headline":"En ny biskop, en ny bok och en ny nationaldag.","datePublished":"2009-11-16T16:17:00+00:00","mainEntityOfPage":{"@id":"https:\/\/blogg.svenskakyrkan.se\/akebonnier\/2009\/11\/16\/en-ny-biskop-en-ny-bok-och-en-ny-nationaldag\/"},"wordCount":417,"commentCount":3,"image":{"@id":"https:\/\/blogg.svenskakyrkan.se\/akebonnier\/2009\/11\/16\/en-ny-biskop-en-ny-bok-och-en-ny-nationaldag\/#primaryimage"},"thumbnailUrl":"https:\/\/blogger.googleusercontent.com\/tracker\/9055441369901436026-5754973241710131280?l=akebonnier.blogspot.com","articleSection":["En ny biskop","en ny bok och en ny nationaldag"],"inLanguage":"sv-SE","potentialAction":[{"@type":"CommentAction","name":"Comment","target":["https:\/\/blogg.svenskakyrkan.se\/akebonnier\/2009\/11\/16\/en-ny-biskop-en-ny-bok-och-en-ny-nationaldag\/#respond"]}]},{"@type":"WebPage","@id":"https:\/\/blogg.svenskakyrkan.se\/akebonnier\/2009\/11\/16\/en-ny-biskop-en-ny-bok-och-en-ny-nationaldag\/","url":"https:\/\/blogg.svenskakyrkan.se\/akebonnier\/2009\/11\/16\/en-ny-biskop-en-ny-bok-och-en-ny-nationaldag\/","name":"En ny biskop, en ny bok och en ny nationaldag. - \u00c5ke Bonnier","isPartOf":{"@id":"https:\/\/blogg.svenskakyrkan.se\/akebonnier\/#website"},"primaryImageOfPage":{"@id":"https:\/\/blogg.svenskakyrkan.se\/akebonnier\/2009\/11\/16\/en-ny-biskop-en-ny-bok-och-en-ny-nationaldag\/#primaryimage"},"image":{"@id":"https:\/\/blogg.svenskakyrkan.se\/akebonnier\/2009\/11\/16\/en-ny-biskop-en-ny-bok-och-en-ny-nationaldag\/#primaryimage"},"thumbnailUrl":"https:\/\/blogger.googleusercontent.com\/tracker\/9055441369901436026-5754973241710131280?l=akebonnier.blogspot.com","datePublished":"2009-11-16T16:17:00+00:00","author":{"@id":"https:\/\/blogg.svenskakyrkan.se\/akebonnier\/#\/schema\/person\/8db68bc0c94f6a5a62df2d4486ff1343"},"breadcrumb":{"@id":"https:\/\/blogg.svenskakyrkan.se\/akebonnier\/2009\/11\/16\/en-ny-biskop-en-ny-bok-och-en-ny-nationaldag\/#breadcrumb"},"inLanguage":"sv-SE","potentialAction":[{"@type":"ReadAction","target":["https:\/\/blogg.svenskakyrkan.se\/akebonnier\/2009\/11\/16\/en-ny-biskop-en-ny-bok-och-en-ny-nationaldag\/"]}]},{"@type":"ImageObject","inLanguage":"sv-SE","@id":"https:\/\/blogg.svenskakyrkan.se\/akebonnier\/2009\/11\/16\/en-ny-biskop-en-ny-bok-och-en-ny-nationaldag\/#primaryimage","url":"https:\/\/blogger.googleusercontent.com\/tracker\/9055441369901436026-5754973241710131280?l=akebonnier.blogspot.com","contentUrl":"https:\/\/blogger.googleusercontent.com\/tracker\/9055441369901436026-5754973241710131280?l=akebonnier.blogspot.com"},{"@type":"BreadcrumbList","@id":"https:\/\/blogg.svenskakyrkan.se\/akebonnier\/2009\/11\/16\/en-ny-biskop-en-ny-bok-och-en-ny-nationaldag\/#breadcrumb","itemListElement":[{"@type":"ListItem","position":1,"name":"Hem","item":"https:\/\/blogg.svenskakyrkan.se\/akebonnier\/"},{"@type":"ListItem","position":2,"name":"En ny biskop, en ny bok och en ny nationaldag."}]},{"@type":"WebSite","@id":"https:\/\/blogg.svenskakyrkan.se\/akebonnier\/#website","url":"https:\/\/blogg.svenskakyrkan.se\/akebonnier\/","name":"\u00c5ke Bonnier","description":"Biskop i Svenska kyrkan - Skara stift","potentialAction":[{"@type":"SearchAction","target":{"@type":"EntryPoint","urlTemplate":"https:\/\/blogg.svenskakyrkan.se\/akebonnier\/?s={search_term_string}"},"query-input":{"@type":"PropertyValueSpecification","valueRequired":true,"valueName":"search_term_string"}}],"inLanguage":"sv-SE"},{"@type":"Person","@id":"https:\/\/blogg.svenskakyrkan.se\/akebonnier\/#\/schema\/person\/8db68bc0c94f6a5a62df2d4486ff1343","name":"\u00c5ke Bonnier","image":{"@type":"ImageObject","inLanguage":"sv-SE","@id":"https:\/\/blogg.svenskakyrkan.se\/akebonnier\/#\/schema\/person\/image\/","url":"https:\/\/secure.gravatar.com\/avatar\/b88264736bb0bc0d1ea92298aef02c9f98cfc13c7484130c42c663ae484f9462?s=96&d=mm&r=g","contentUrl":"https:\/\/secure.gravatar.com\/avatar\/b88264736bb0bc0d1ea92298aef02c9f98cfc13c7484130c42c663ae484f9462?s=96&d=mm&r=g","caption":"\u00c5ke Bonnier"},"description":"Jag \u00e4r gift och har tv\u00e5 vuxna d\u00f6ttrar. Pr\u00e4stvigdes 1984 och biskopsvigs 26 augusti 2012 . Jag har tidigare bland annat varit, komminister och kyrkoherde i Liding\u00f6 f\u00f6rsamling och domprost i Stockholms domkyrkof\u00f6rsamling. Jag \u00e4r intresserad av konst, litteratur, teater, film. Jag tr\u00e4nar regelbundet p\u00e5 gym. Mitt huvudsakliga musikintresse \u00e4r klassisk musik men ocks\u00e5 Beatles, Elvis Presley, Monika Zettelund, Povel Ramel och m\u00e5nga andra tycker jag om att lyssna p\u00e5. Jag l\u00e4ser f\u00f6r lite sk\u00f6nlitteratur beroende p\u00e5 annat som jag m\u00e5ste l\u00e4sa i mitt uppdrag som biskop. Men jag \u00e4lskar b\u00f6cker. Naturligtvis l\u00e4ser jag n\u00e4st intill dagligdags i \"B\u00f6ckernas Bok.\"","sameAs":["http:\/\/www.skarastift.se"],"url":"https:\/\/blogg.svenskakyrkan.se\/akebonnier\/author\/akebonnier\/"}]}},"author_meta":{"ID":"108","user_nicename":"akebonnier","user_url":"http:\/\/www.skarastift.se","user_registered":"2011-10-11 09:24:48","display_name":"\u00c5ke Bonnier","first_name":"\u00c5ke","last_name":"Bonnier","avatar":"https:\/\/secure.gravatar.com\/avatar\/b88264736bb0bc0d1ea92298aef02c9f98cfc13c7484130c42c663ae484f9462?s=96&d=mm&r=g"},"featured_image":false,"bloginfo":{"name":"\u00c5ke Bonnier","url":"https:\/\/blogg.svenskakyrkan.se\/akebonnier"},"_links":{"self":[{"href":"https:\/\/blogg.svenskakyrkan.se\/akebonnier\/wp-json\/wp\/v2\/posts\/335","targetHints":{"allow":["GET"]}}],"collection":[{"href":"https:\/\/blogg.svenskakyrkan.se\/akebonnier\/wp-json\/wp\/v2\/posts"}],"about":[{"href":"https:\/\/blogg.svenskakyrkan.se\/akebonnier\/wp-json\/wp\/v2\/types\/post"}],"author":[{"embeddable":true,"href":"https:\/\/blogg.svenskakyrkan.se\/akebonnier\/wp-json\/wp\/v2\/users\/108"}],"replies":[{"embeddable":true,"href":"https:\/\/blogg.svenskakyrkan.se\/akebonnier\/wp-json\/wp\/v2\/comments?post=335"}],"version-history":[{"count":0,"href":"https:\/\/blogg.svenskakyrkan.se\/akebonnier\/wp-json\/wp\/v2\/posts\/335\/revisions"}],"wp:attachment":[{"href":"https:\/\/blogg.svenskakyrkan.se\/akebonnier\/wp-json\/wp\/v2\/media?parent=335"}],"wp:term":[{"taxonomy":"category","embeddable":true,"href":"https:\/\/blogg.svenskakyrkan.se\/akebonnier\/wp-json\/wp\/v2\/categories?post=335"},{"taxonomy":"post_tag","embeddable":true,"href":"https:\/\/blogg.svenskakyrkan.se\/akebonnier\/wp-json\/wp\/v2\/tags?post=335"}],"curies":[{"name":"wp","href":"https:\/\/api.w.org\/{rel}","templated":true}]}}