{"id":351,"date":"2009-12-22T10:38:00","date_gmt":"2009-12-22T10:38:00","guid":{"rendered":"http:\/\/blogg.svenskakyrkan.se\/akebonnier\/2009\/12\/22\/pa-jakt-efter-jesusbarnet-och-hans-familj\/"},"modified":"2009-12-22T10:38:00","modified_gmt":"2009-12-22T10:38:00","slug":"pa-jakt-efter-jesusbarnet-och-hans-familj","status":"publish","type":"post","link":"https:\/\/blogg.svenskakyrkan.se\/akebonnier\/2009\/12\/22\/pa-jakt-efter-jesusbarnet-och-hans-familj\/","title":{"rendered":"P\u00e5 jakt efter Jesusbarnet och hans familj&#8230;"},"content":{"rendered":"<p>H\u00e4romdagen skrevs det i Dagens Nyheter att Jesusbarnet \u00e4r sv\u00e5rfunnet. Ingen Josef, ingen Maria, ingen \u00e5sna, ingen oxe. Inte ens i hantverksaff\u00e4rer tycks krubbor finnas. De tycks inte vara g\u00e5ngbara p\u00e5 marknaden l\u00e4ngre&#8230;<\/p>\n<p>Nu \u00e4r detta inte helt sant. Men det g\u00e4ller att leta p\u00e5 r\u00e4tt st\u00e4lle. Storkyrkoboden s\u00e4ljer krubbor och jag misst\u00e4nker att det g\u00e5r att finna krubbor ocks\u00e5 i Katolsk bokhandel vid Kungstr\u00e4dg\u00e5rden.<\/p>\n<p>Men kanske \u00e4r detta symptomatiskt i v\u00e5r \u00f6verkomersialiserade jul. Jesusbarnet \u00e4r sv\u00e5rfunnet d\u00e4rf\u00f6r att det d\u00f6ljs av alla erbjudanden, av alla presentf\u00f6rslag, av all julstress, av all jul\u00e5ngest.<\/p>\n<p>Men Jesusbarnet finns d\u00e4r \u00e4nd\u00e5. Om vi bara tar tid. Kanske \u00e4r det en av de finaste presenter man kan f\u00e5 i jul &#8211; tid att stanna upp, tid att lyssna in\u00e5t, tid att meditera \u00f6ver det makal\u00f6sa undret &#8211; att Gud blir m\u00e4nniska, att Gud sj\u00e4lv m\u00f6ter oss p\u00e5 ett unikt s\u00e4tt i ett litet barn, ett barn som delar det m\u00e4nskliga och sv\u00e5ra livet, som b\u00f6rjar utan ett hem, som blir politiskt flykting, som troligen v\u00e4xer upp med en ensamst\u00e5ende moder (man tror att Josef dog mycket tidigare), som blir missf\u00f6rst\u00e5dd av m\u00e5nga, f\u00f6rnekad och f\u00f6raktad av andra, som provocerade den romerska makten s\u00e5 mycket att de besl\u00f6t sig f\u00f6r att d\u00f6da honom. I denna M\u00e4nniska (med stort M) m\u00f6ter vi Gud sj\u00e4lv som \u00e4lskar Dig och mig ofattbart mycket.<\/p>\n<p>Ta tid, stanna upp framf\u00f6r krubban (den finns ocks\u00e5 i Storkyrkan och i S:t Jacobs kyrka)! Budskapet handlar om Guds k\u00e4rlek till Dig! Du \u00e4r gr\u00e4nsl\u00f6st \u00e4lskad som den Du \u00e4r och Gud sj\u00e4lv delar Ditt liv. Det lilla barnet i krubban vittnar!<\/p>\n<p>S\u00e5 ge inte upp s\u00f6kandet efter Jesusbarnet! Han finns d\u00e4r och det \u00e4r om Honom som julen handlar &#8211; inte om jultomtar, Kalle Anka, julmat och klappar. Visst \u00e4r det roligt med jultomte och Kalle etc, men det \u00e4r Jesusbarnet som h\u00e5ller att leva av och d\u00f6 f\u00f6r.<\/p>\n<p>Tack gode Gud f\u00f6r Jesus Kristus!<\/p>\n<div class=\"blogger-post-footer\"><img width='1' height='1' src='https:\/\/blogger.googleusercontent.com\/tracker\/9055441369901436026-6302684801007688629?l=akebonnier.blogspot.com' alt='' \/><\/div>\n","protected":false},"excerpt":{"rendered":"<p>H\u00e4romdagen skrevs det i Dagens Nyheter att Jesusbarnet \u00e4r sv\u00e5rfunnet. Ingen Josef, ingen Maria, ingen \u00e5sna, ingen oxe. Inte ens i hantverksaff\u00e4rer tycks krubbor finnas. De tycks inte vara g\u00e5ngbara p\u00e5 marknaden l\u00e4ngre&#8230; Nu \u00e4r detta inte helt sant. Men det g\u00e4ller att leta p\u00e5 r\u00e4tt st\u00e4lle. Storkyrkoboden s\u00e4ljer krubbor och jag misst\u00e4nker att det [&hellip;]<\/p>\n","protected":false},"author":108,"featured_media":0,"comment_status":"open","ping_status":"open","sticky":false,"template":"","format":"standard","meta":{"_acf_changed":false,"footnotes":""},"categories":[16331],"tags":[],"class_list":["post-351","post","type-post","status-publish","format-standard","hentry","category-pa-jakt-efter-jesusbarnet-och-hans-familj"],"acf":[],"yoast_head":"<!-- This site is optimized with the Yoast SEO plugin v27.1.1 - https:\/\/yoast.com\/product\/yoast-seo-wordpress\/ -->\n<title>P\u00e5 jakt efter Jesusbarnet och hans familj... - \u00c5ke Bonnier<\/title>\n<meta name=\"robots\" content=\"index, follow, max-snippet:-1, max-image-preview:large, max-video-preview:-1\" \/>\n<link rel=\"canonical\" href=\"https:\/\/blogg.svenskakyrkan.se\/akebonnier\/2009\/12\/22\/pa-jakt-efter-jesusbarnet-och-hans-familj\/\" \/>\n<meta property=\"og:locale\" content=\"sv_SE\" \/>\n<meta property=\"og:type\" content=\"article\" \/>\n<meta property=\"og:title\" content=\"P\u00e5 jakt efter Jesusbarnet och hans familj... - \u00c5ke Bonnier\" \/>\n<meta property=\"og:description\" content=\"H\u00e4romdagen skrevs det i Dagens Nyheter att Jesusbarnet \u00e4r sv\u00e5rfunnet. Ingen Josef, ingen Maria, ingen \u00e5sna, ingen oxe. Inte ens i hantverksaff\u00e4rer tycks krubbor finnas. De tycks inte vara g\u00e5ngbara p\u00e5 marknaden l\u00e4ngre&#8230; Nu \u00e4r detta inte helt sant. Men det g\u00e4ller att leta p\u00e5 r\u00e4tt st\u00e4lle. Storkyrkoboden s\u00e4ljer krubbor och jag misst\u00e4nker att det [&hellip;]\" \/>\n<meta property=\"og:url\" content=\"https:\/\/blogg.svenskakyrkan.se\/akebonnier\/2009\/12\/22\/pa-jakt-efter-jesusbarnet-och-hans-familj\/\" \/>\n<meta property=\"og:site_name\" content=\"\u00c5ke Bonnier\" \/>\n<meta property=\"article:published_time\" content=\"2009-12-22T10:38:00+00:00\" \/>\n<meta property=\"og:image\" content=\"https:\/\/blogger.googleusercontent.com\/tracker\/9055441369901436026-6302684801007688629?l=akebonnier.blogspot.com\" \/>\n<meta name=\"author\" content=\"\u00c5ke Bonnier\" \/>\n<meta name=\"twitter:card\" content=\"summary_large_image\" \/>\n<meta name=\"twitter:label1\" content=\"Skriven av\" \/>\n\t<meta name=\"twitter:data1\" content=\"\u00c5ke Bonnier\" \/>\n\t<meta name=\"twitter:label2\" content=\"Ber\u00e4knad l\u00e4stid\" \/>\n\t<meta name=\"twitter:data2\" content=\"2 minuter\" \/>\n<script type=\"application\/ld+json\" class=\"yoast-schema-graph\">{\"@context\":\"https:\/\/schema.org\",\"@graph\":[{\"@type\":\"Article\",\"@id\":\"https:\/\/blogg.svenskakyrkan.se\/akebonnier\/2009\/12\/22\/pa-jakt-efter-jesusbarnet-och-hans-familj\/#article\",\"isPartOf\":{\"@id\":\"https:\/\/blogg.svenskakyrkan.se\/akebonnier\/2009\/12\/22\/pa-jakt-efter-jesusbarnet-och-hans-familj\/\"},\"author\":{\"name\":\"\u00c5ke Bonnier\",\"@id\":\"https:\/\/blogg.svenskakyrkan.se\/akebonnier\/#\/schema\/person\/8db68bc0c94f6a5a62df2d4486ff1343\"},\"headline\":\"P\u00e5 jakt efter Jesusbarnet och hans familj&#8230;\",\"datePublished\":\"2009-12-22T10:38:00+00:00\",\"mainEntityOfPage\":{\"@id\":\"https:\/\/blogg.svenskakyrkan.se\/akebonnier\/2009\/12\/22\/pa-jakt-efter-jesusbarnet-och-hans-familj\/\"},\"wordCount\":383,\"commentCount\":2,\"image\":{\"@id\":\"https:\/\/blogg.svenskakyrkan.se\/akebonnier\/2009\/12\/22\/pa-jakt-efter-jesusbarnet-och-hans-familj\/#primaryimage\"},\"thumbnailUrl\":\"https:\/\/blogger.googleusercontent.com\/tracker\/9055441369901436026-6302684801007688629?l=akebonnier.blogspot.com\",\"articleSection\":[\"P\u00e5 jakt efter Jesusbarnet och hans familj\"],\"inLanguage\":\"sv-SE\",\"potentialAction\":[{\"@type\":\"CommentAction\",\"name\":\"Comment\",\"target\":[\"https:\/\/blogg.svenskakyrkan.se\/akebonnier\/2009\/12\/22\/pa-jakt-efter-jesusbarnet-och-hans-familj\/#respond\"]}]},{\"@type\":\"WebPage\",\"@id\":\"https:\/\/blogg.svenskakyrkan.se\/akebonnier\/2009\/12\/22\/pa-jakt-efter-jesusbarnet-och-hans-familj\/\",\"url\":\"https:\/\/blogg.svenskakyrkan.se\/akebonnier\/2009\/12\/22\/pa-jakt-efter-jesusbarnet-och-hans-familj\/\",\"name\":\"P\u00e5 jakt efter Jesusbarnet och hans familj... - \u00c5ke Bonnier\",\"isPartOf\":{\"@id\":\"https:\/\/blogg.svenskakyrkan.se\/akebonnier\/#website\"},\"primaryImageOfPage\":{\"@id\":\"https:\/\/blogg.svenskakyrkan.se\/akebonnier\/2009\/12\/22\/pa-jakt-efter-jesusbarnet-och-hans-familj\/#primaryimage\"},\"image\":{\"@id\":\"https:\/\/blogg.svenskakyrkan.se\/akebonnier\/2009\/12\/22\/pa-jakt-efter-jesusbarnet-och-hans-familj\/#primaryimage\"},\"thumbnailUrl\":\"https:\/\/blogger.googleusercontent.com\/tracker\/9055441369901436026-6302684801007688629?l=akebonnier.blogspot.com\",\"datePublished\":\"2009-12-22T10:38:00+00:00\",\"author\":{\"@id\":\"https:\/\/blogg.svenskakyrkan.se\/akebonnier\/#\/schema\/person\/8db68bc0c94f6a5a62df2d4486ff1343\"},\"breadcrumb\":{\"@id\":\"https:\/\/blogg.svenskakyrkan.se\/akebonnier\/2009\/12\/22\/pa-jakt-efter-jesusbarnet-och-hans-familj\/#breadcrumb\"},\"inLanguage\":\"sv-SE\",\"potentialAction\":[{\"@type\":\"ReadAction\",\"target\":[\"https:\/\/blogg.svenskakyrkan.se\/akebonnier\/2009\/12\/22\/pa-jakt-efter-jesusbarnet-och-hans-familj\/\"]}]},{\"@type\":\"ImageObject\",\"inLanguage\":\"sv-SE\",\"@id\":\"https:\/\/blogg.svenskakyrkan.se\/akebonnier\/2009\/12\/22\/pa-jakt-efter-jesusbarnet-och-hans-familj\/#primaryimage\",\"url\":\"https:\/\/blogger.googleusercontent.com\/tracker\/9055441369901436026-6302684801007688629?l=akebonnier.blogspot.com\",\"contentUrl\":\"https:\/\/blogger.googleusercontent.com\/tracker\/9055441369901436026-6302684801007688629?l=akebonnier.blogspot.com\"},{\"@type\":\"BreadcrumbList\",\"@id\":\"https:\/\/blogg.svenskakyrkan.se\/akebonnier\/2009\/12\/22\/pa-jakt-efter-jesusbarnet-och-hans-familj\/#breadcrumb\",\"itemListElement\":[{\"@type\":\"ListItem\",\"position\":1,\"name\":\"Hem\",\"item\":\"https:\/\/blogg.svenskakyrkan.se\/akebonnier\/\"},{\"@type\":\"ListItem\",\"position\":2,\"name\":\"P\u00e5 jakt efter Jesusbarnet och hans familj&#8230;\"}]},{\"@type\":\"WebSite\",\"@id\":\"https:\/\/blogg.svenskakyrkan.se\/akebonnier\/#website\",\"url\":\"https:\/\/blogg.svenskakyrkan.se\/akebonnier\/\",\"name\":\"\u00c5ke Bonnier\",\"description\":\"Biskop i Svenska kyrkan - Skara stift\",\"potentialAction\":[{\"@type\":\"SearchAction\",\"target\":{\"@type\":\"EntryPoint\",\"urlTemplate\":\"https:\/\/blogg.svenskakyrkan.se\/akebonnier\/?s={search_term_string}\"},\"query-input\":{\"@type\":\"PropertyValueSpecification\",\"valueRequired\":true,\"valueName\":\"search_term_string\"}}],\"inLanguage\":\"sv-SE\"},{\"@type\":\"Person\",\"@id\":\"https:\/\/blogg.svenskakyrkan.se\/akebonnier\/#\/schema\/person\/8db68bc0c94f6a5a62df2d4486ff1343\",\"name\":\"\u00c5ke Bonnier\",\"image\":{\"@type\":\"ImageObject\",\"inLanguage\":\"sv-SE\",\"@id\":\"https:\/\/blogg.svenskakyrkan.se\/akebonnier\/#\/schema\/person\/image\/\",\"url\":\"https:\/\/secure.gravatar.com\/avatar\/b88264736bb0bc0d1ea92298aef02c9f98cfc13c7484130c42c663ae484f9462?s=96&d=mm&r=g\",\"contentUrl\":\"https:\/\/secure.gravatar.com\/avatar\/b88264736bb0bc0d1ea92298aef02c9f98cfc13c7484130c42c663ae484f9462?s=96&d=mm&r=g\",\"caption\":\"\u00c5ke Bonnier\"},\"description\":\"Jag \u00e4r gift och har tv\u00e5 vuxna d\u00f6ttrar. Pr\u00e4stvigdes 1984 och biskopsvigs 26 augusti 2012 . Jag har tidigare bland annat varit, komminister och kyrkoherde i Liding\u00f6 f\u00f6rsamling och domprost i Stockholms domkyrkof\u00f6rsamling. Jag \u00e4r intresserad av konst, litteratur, teater, film. Jag tr\u00e4nar regelbundet p\u00e5 gym. Mitt huvudsakliga musikintresse \u00e4r klassisk musik men ocks\u00e5 Beatles, Elvis Presley, Monika Zettelund, Povel Ramel och m\u00e5nga andra tycker jag om att lyssna p\u00e5. Jag l\u00e4ser f\u00f6r lite sk\u00f6nlitteratur beroende p\u00e5 annat som jag m\u00e5ste l\u00e4sa i mitt uppdrag som biskop. Men jag \u00e4lskar b\u00f6cker. Naturligtvis l\u00e4ser jag n\u00e4st intill dagligdags i \\\"B\u00f6ckernas Bok.\\\"\",\"sameAs\":[\"http:\/\/www.skarastift.se\"],\"url\":\"https:\/\/blogg.svenskakyrkan.se\/akebonnier\/author\/akebonnier\/\"}]}<\/script>\n<!-- \/ Yoast SEO plugin. -->","yoast_head_json":{"title":"P\u00e5 jakt efter Jesusbarnet och hans familj... - \u00c5ke Bonnier","robots":{"index":"index","follow":"follow","max-snippet":"max-snippet:-1","max-image-preview":"max-image-preview:large","max-video-preview":"max-video-preview:-1"},"canonical":"https:\/\/blogg.svenskakyrkan.se\/akebonnier\/2009\/12\/22\/pa-jakt-efter-jesusbarnet-och-hans-familj\/","og_locale":"sv_SE","og_type":"article","og_title":"P\u00e5 jakt efter Jesusbarnet och hans familj... - \u00c5ke Bonnier","og_description":"H\u00e4romdagen skrevs det i Dagens Nyheter att Jesusbarnet \u00e4r sv\u00e5rfunnet. Ingen Josef, ingen Maria, ingen \u00e5sna, ingen oxe. Inte ens i hantverksaff\u00e4rer tycks krubbor finnas. De tycks inte vara g\u00e5ngbara p\u00e5 marknaden l\u00e4ngre&#8230; Nu \u00e4r detta inte helt sant. Men det g\u00e4ller att leta p\u00e5 r\u00e4tt st\u00e4lle. Storkyrkoboden s\u00e4ljer krubbor och jag misst\u00e4nker att det [&hellip;]","og_url":"https:\/\/blogg.svenskakyrkan.se\/akebonnier\/2009\/12\/22\/pa-jakt-efter-jesusbarnet-och-hans-familj\/","og_site_name":"\u00c5ke Bonnier","article_published_time":"2009-12-22T10:38:00+00:00","og_image":[{"url":"https:\/\/blogger.googleusercontent.com\/tracker\/9055441369901436026-6302684801007688629?l=akebonnier.blogspot.com","type":"","width":"","height":""}],"author":"\u00c5ke Bonnier","twitter_card":"summary_large_image","twitter_misc":{"Skriven av":"\u00c5ke Bonnier","Ber\u00e4knad l\u00e4stid":"2 minuter"},"schema":{"@context":"https:\/\/schema.org","@graph":[{"@type":"Article","@id":"https:\/\/blogg.svenskakyrkan.se\/akebonnier\/2009\/12\/22\/pa-jakt-efter-jesusbarnet-och-hans-familj\/#article","isPartOf":{"@id":"https:\/\/blogg.svenskakyrkan.se\/akebonnier\/2009\/12\/22\/pa-jakt-efter-jesusbarnet-och-hans-familj\/"},"author":{"name":"\u00c5ke Bonnier","@id":"https:\/\/blogg.svenskakyrkan.se\/akebonnier\/#\/schema\/person\/8db68bc0c94f6a5a62df2d4486ff1343"},"headline":"P\u00e5 jakt efter Jesusbarnet och hans familj&#8230;","datePublished":"2009-12-22T10:38:00+00:00","mainEntityOfPage":{"@id":"https:\/\/blogg.svenskakyrkan.se\/akebonnier\/2009\/12\/22\/pa-jakt-efter-jesusbarnet-och-hans-familj\/"},"wordCount":383,"commentCount":2,"image":{"@id":"https:\/\/blogg.svenskakyrkan.se\/akebonnier\/2009\/12\/22\/pa-jakt-efter-jesusbarnet-och-hans-familj\/#primaryimage"},"thumbnailUrl":"https:\/\/blogger.googleusercontent.com\/tracker\/9055441369901436026-6302684801007688629?l=akebonnier.blogspot.com","articleSection":["P\u00e5 jakt efter Jesusbarnet och hans familj"],"inLanguage":"sv-SE","potentialAction":[{"@type":"CommentAction","name":"Comment","target":["https:\/\/blogg.svenskakyrkan.se\/akebonnier\/2009\/12\/22\/pa-jakt-efter-jesusbarnet-och-hans-familj\/#respond"]}]},{"@type":"WebPage","@id":"https:\/\/blogg.svenskakyrkan.se\/akebonnier\/2009\/12\/22\/pa-jakt-efter-jesusbarnet-och-hans-familj\/","url":"https:\/\/blogg.svenskakyrkan.se\/akebonnier\/2009\/12\/22\/pa-jakt-efter-jesusbarnet-och-hans-familj\/","name":"P\u00e5 jakt efter Jesusbarnet och hans familj... - \u00c5ke Bonnier","isPartOf":{"@id":"https:\/\/blogg.svenskakyrkan.se\/akebonnier\/#website"},"primaryImageOfPage":{"@id":"https:\/\/blogg.svenskakyrkan.se\/akebonnier\/2009\/12\/22\/pa-jakt-efter-jesusbarnet-och-hans-familj\/#primaryimage"},"image":{"@id":"https:\/\/blogg.svenskakyrkan.se\/akebonnier\/2009\/12\/22\/pa-jakt-efter-jesusbarnet-och-hans-familj\/#primaryimage"},"thumbnailUrl":"https:\/\/blogger.googleusercontent.com\/tracker\/9055441369901436026-6302684801007688629?l=akebonnier.blogspot.com","datePublished":"2009-12-22T10:38:00+00:00","author":{"@id":"https:\/\/blogg.svenskakyrkan.se\/akebonnier\/#\/schema\/person\/8db68bc0c94f6a5a62df2d4486ff1343"},"breadcrumb":{"@id":"https:\/\/blogg.svenskakyrkan.se\/akebonnier\/2009\/12\/22\/pa-jakt-efter-jesusbarnet-och-hans-familj\/#breadcrumb"},"inLanguage":"sv-SE","potentialAction":[{"@type":"ReadAction","target":["https:\/\/blogg.svenskakyrkan.se\/akebonnier\/2009\/12\/22\/pa-jakt-efter-jesusbarnet-och-hans-familj\/"]}]},{"@type":"ImageObject","inLanguage":"sv-SE","@id":"https:\/\/blogg.svenskakyrkan.se\/akebonnier\/2009\/12\/22\/pa-jakt-efter-jesusbarnet-och-hans-familj\/#primaryimage","url":"https:\/\/blogger.googleusercontent.com\/tracker\/9055441369901436026-6302684801007688629?l=akebonnier.blogspot.com","contentUrl":"https:\/\/blogger.googleusercontent.com\/tracker\/9055441369901436026-6302684801007688629?l=akebonnier.blogspot.com"},{"@type":"BreadcrumbList","@id":"https:\/\/blogg.svenskakyrkan.se\/akebonnier\/2009\/12\/22\/pa-jakt-efter-jesusbarnet-och-hans-familj\/#breadcrumb","itemListElement":[{"@type":"ListItem","position":1,"name":"Hem","item":"https:\/\/blogg.svenskakyrkan.se\/akebonnier\/"},{"@type":"ListItem","position":2,"name":"P\u00e5 jakt efter Jesusbarnet och hans familj&#8230;"}]},{"@type":"WebSite","@id":"https:\/\/blogg.svenskakyrkan.se\/akebonnier\/#website","url":"https:\/\/blogg.svenskakyrkan.se\/akebonnier\/","name":"\u00c5ke Bonnier","description":"Biskop i Svenska kyrkan - Skara stift","potentialAction":[{"@type":"SearchAction","target":{"@type":"EntryPoint","urlTemplate":"https:\/\/blogg.svenskakyrkan.se\/akebonnier\/?s={search_term_string}"},"query-input":{"@type":"PropertyValueSpecification","valueRequired":true,"valueName":"search_term_string"}}],"inLanguage":"sv-SE"},{"@type":"Person","@id":"https:\/\/blogg.svenskakyrkan.se\/akebonnier\/#\/schema\/person\/8db68bc0c94f6a5a62df2d4486ff1343","name":"\u00c5ke Bonnier","image":{"@type":"ImageObject","inLanguage":"sv-SE","@id":"https:\/\/blogg.svenskakyrkan.se\/akebonnier\/#\/schema\/person\/image\/","url":"https:\/\/secure.gravatar.com\/avatar\/b88264736bb0bc0d1ea92298aef02c9f98cfc13c7484130c42c663ae484f9462?s=96&d=mm&r=g","contentUrl":"https:\/\/secure.gravatar.com\/avatar\/b88264736bb0bc0d1ea92298aef02c9f98cfc13c7484130c42c663ae484f9462?s=96&d=mm&r=g","caption":"\u00c5ke Bonnier"},"description":"Jag \u00e4r gift och har tv\u00e5 vuxna d\u00f6ttrar. Pr\u00e4stvigdes 1984 och biskopsvigs 26 augusti 2012 . Jag har tidigare bland annat varit, komminister och kyrkoherde i Liding\u00f6 f\u00f6rsamling och domprost i Stockholms domkyrkof\u00f6rsamling. Jag \u00e4r intresserad av konst, litteratur, teater, film. Jag tr\u00e4nar regelbundet p\u00e5 gym. Mitt huvudsakliga musikintresse \u00e4r klassisk musik men ocks\u00e5 Beatles, Elvis Presley, Monika Zettelund, Povel Ramel och m\u00e5nga andra tycker jag om att lyssna p\u00e5. Jag l\u00e4ser f\u00f6r lite sk\u00f6nlitteratur beroende p\u00e5 annat som jag m\u00e5ste l\u00e4sa i mitt uppdrag som biskop. Men jag \u00e4lskar b\u00f6cker. Naturligtvis l\u00e4ser jag n\u00e4st intill dagligdags i \"B\u00f6ckernas Bok.\"","sameAs":["http:\/\/www.skarastift.se"],"url":"https:\/\/blogg.svenskakyrkan.se\/akebonnier\/author\/akebonnier\/"}]}},"author_meta":{"ID":"108","user_nicename":"akebonnier","user_url":"http:\/\/www.skarastift.se","user_registered":"2011-10-11 09:24:48","display_name":"\u00c5ke Bonnier","first_name":"\u00c5ke","last_name":"Bonnier","avatar":"https:\/\/secure.gravatar.com\/avatar\/b88264736bb0bc0d1ea92298aef02c9f98cfc13c7484130c42c663ae484f9462?s=96&d=mm&r=g"},"featured_image":false,"bloginfo":{"name":"\u00c5ke Bonnier","url":"https:\/\/blogg.svenskakyrkan.se\/akebonnier"},"_links":{"self":[{"href":"https:\/\/blogg.svenskakyrkan.se\/akebonnier\/wp-json\/wp\/v2\/posts\/351","targetHints":{"allow":["GET"]}}],"collection":[{"href":"https:\/\/blogg.svenskakyrkan.se\/akebonnier\/wp-json\/wp\/v2\/posts"}],"about":[{"href":"https:\/\/blogg.svenskakyrkan.se\/akebonnier\/wp-json\/wp\/v2\/types\/post"}],"author":[{"embeddable":true,"href":"https:\/\/blogg.svenskakyrkan.se\/akebonnier\/wp-json\/wp\/v2\/users\/108"}],"replies":[{"embeddable":true,"href":"https:\/\/blogg.svenskakyrkan.se\/akebonnier\/wp-json\/wp\/v2\/comments?post=351"}],"version-history":[{"count":0,"href":"https:\/\/blogg.svenskakyrkan.se\/akebonnier\/wp-json\/wp\/v2\/posts\/351\/revisions"}],"wp:attachment":[{"href":"https:\/\/blogg.svenskakyrkan.se\/akebonnier\/wp-json\/wp\/v2\/media?parent=351"}],"wp:term":[{"taxonomy":"category","embeddable":true,"href":"https:\/\/blogg.svenskakyrkan.se\/akebonnier\/wp-json\/wp\/v2\/categories?post=351"},{"taxonomy":"post_tag","embeddable":true,"href":"https:\/\/blogg.svenskakyrkan.se\/akebonnier\/wp-json\/wp\/v2\/tags?post=351"}],"curies":[{"name":"wp","href":"https:\/\/api.w.org\/{rel}","templated":true}]}}