{"id":352,"date":"2009-12-23T20:52:00","date_gmt":"2009-12-23T20:52:00","guid":{"rendered":"http:\/\/blogg.svenskakyrkan.se\/akebonnier\/2009\/12\/23\/stralglansen-fran-betlehem\/"},"modified":"2009-12-23T20:52:00","modified_gmt":"2009-12-23T20:52:00","slug":"stralglansen-fran-betlehem","status":"publish","type":"post","link":"https:\/\/blogg.svenskakyrkan.se\/akebonnier\/2009\/12\/23\/stralglansen-fran-betlehem\/","title":{"rendered":"Str\u00e5lglansen fr\u00e5n Betlehem!"},"content":{"rendered":"<p>Dan f\u00f6re dopparedagen! Jo, det \u00e4r idag. Jag har varit ledig hela dagen. Det \u00e4r jag varje \u00e5r d\u00e4rf\u00f6r att en hel del beh\u00f6ver f\u00f6rberedas hemma och min uppgift \u00e4r att leda grankl\u00e4dandet och krubbupps\u00e4ttandet hemma. Nja, egentligen leder jag v\u00e4l inte det hela eftersom mina b\u00e4gge d\u00f6ttrar har v\u00e4ldigt best\u00e4mda \u00e5sikter om vad som ska sitta i granen och krubban s\u00e4tter vi fram tillsammans under ett visst t\u00e4vlande. I \u00e5r fick jag Jesusbarnet. Det l\u00e5g inlindat i hush\u00e5llspapper men jag lindade in det igen och har dessutom funnit en plats \u00e5t det i en l\u00e5da i den lilla matsalen i domprostv\u00e5ningen. Det f\u00e5r inte tas fram f\u00f6rr\u00e4n efter midnattsm\u00e4ssan i Storkyrkan. Den b\u00f6rjar kl. 23.00 (V\u00c4LKOMMEN!) D\u00e4refter g\u00e5r hustrun och jag hem, t\u00e4nder ljus, tar fram det lilla barnet och \u00f6nskar varandra en riktigt God jul.<\/p>\n<p>Men l\u00e5ngt dessf\u00f6rinnan har jag anat julefriden. S\u00e5 ock i \u00e5r. Varje \u00e5r i nu 21 \u00e5r har jag kommit hem till mina extraf\u00f6r\u00e4ldrar Maj-Britt och Ingmar. Maj-Britt har sv\u00e5rt att se och Ingmar har problem med ryggen. De \u00e4r knappt 40 \u00e5r \u00e4ldre \u00e4n jag men k\u00e4nns som de \u00e4r bortom alla \u00e5ldersbegrepp. Varje \u00e5r g\u00f6r de fint hemma f\u00f6r att jag ska komma kl. 10.00 och l\u00e4mna en julblomma. Maj-Britt bakar, Ingmar s\u00e4tter fram granen och s\u00e5 det viktigaste av allt &#8211; krubban. De bor i en l\u00e4genhet i min tidigare f\u00f6rsamling. D\u00e4r p\u00e5 en byr\u00e5 s\u00e4tts krubban fram p\u00e5 gr\u00f6n matta med sand p\u00e5. D\u00e4r kan man se de tre vise m\u00e4nnen samtala med varandra om stj\u00e4rnan i \u00f6ster, d\u00e4r finns Johannes d\u00f6paren som bebi och d\u00e4r finns krubban utan Jesus. Josef och Maria finns bredvid naturligtvis.<br \/>N\u00e4r jag kommer dit f\u00e5r jag l\u00e4gga Jesusbarnet, gjort av Jesu sm\u00e5 systrar, f\u00f6rvarat i en t\u00e4ndsticksask, i krubban. Stearinljuset som ska vara stj\u00e4rnan och ljuset vid krubban f\u00e5r jag ocks\u00e5 t\u00e4nda. Det \u00e4r likadant varje \u00e5r. Och jag \u00e4r s\u00e5 tacksam. T\u00e4nk att de g\u00f6r allt detta, mina k\u00e4ra extraf\u00f6r\u00e4ldrar. Jo, jag vet att de g\u00f6r det f\u00f6r egen skull och \u00f6vriga familjens skull. Men t\u00e4nk att jag f\u00e5r komma dit och f\u00f6rst\u00e5 att julen nu kommit och ana inkarnationens mysterium. Idag var det s\u00e5 starkt f\u00f6r mig. Det var som om str\u00e5lglansen fr\u00e5n Betlehem f\u00f6r n\u00e5gra sekunder lyste rakt in i mitt hj\u00e4rta. Jag k\u00e4nde mig v\u00e4ldigt r\u00f6rd och ber\u00f6rd.<br \/>Efter m\u00e5nga kakor, mycket samtalande och delande for jag till det lokala aff\u00e4rscentrat d\u00e4r det vimlade av julstressade m\u00e4nniskor.<\/p>\n<p>Men jag bar erfarenheten av str\u00e5lglansen fr\u00e5n Betlehem i mitt hj\u00e4rta mitt i julstressen. Det \u00e4r jag o\u00e4ndligt tacksam f\u00f6r. Tack k\u00e4ra, k\u00e4ra extraf\u00f6r\u00e4ldrar &#8211; Maj-Britt och Ingmar. Ni \u00e4r gudag\u00e5vor!<\/p>\n<div class=\"blogger-post-footer\"><img width='1' height='1' src='https:\/\/blogger.googleusercontent.com\/tracker\/9055441369901436026-8635718433305250312?l=akebonnier.blogspot.com' alt='' \/><\/div>\n","protected":false},"excerpt":{"rendered":"<p>Dan f\u00f6re dopparedagen! Jo, det \u00e4r idag. Jag har varit ledig hela dagen. Det \u00e4r jag varje \u00e5r d\u00e4rf\u00f6r att en hel del beh\u00f6ver f\u00f6rberedas hemma och min uppgift \u00e4r att leda grankl\u00e4dandet och krubbupps\u00e4ttandet hemma. Nja, egentligen leder jag v\u00e4l inte det hela eftersom mina b\u00e4gge d\u00f6ttrar har v\u00e4ldigt best\u00e4mda \u00e5sikter om vad som [&hellip;]<\/p>\n","protected":false},"author":108,"featured_media":0,"comment_status":"open","ping_status":"open","sticky":false,"template":"","format":"standard","meta":{"_acf_changed":false,"footnotes":""},"categories":[16332],"tags":[],"class_list":["post-352","post","type-post","status-publish","format-standard","hentry","category-stralglansen-fran-betlehem"],"acf":[],"yoast_head":"<!-- This site is optimized with the Yoast SEO plugin v27.1.1 - https:\/\/yoast.com\/product\/yoast-seo-wordpress\/ -->\n<title>Str\u00e5lglansen fr\u00e5n Betlehem! - \u00c5ke Bonnier<\/title>\n<meta name=\"robots\" content=\"index, follow, max-snippet:-1, max-image-preview:large, max-video-preview:-1\" \/>\n<link rel=\"canonical\" href=\"https:\/\/blogg.svenskakyrkan.se\/akebonnier\/2009\/12\/23\/stralglansen-fran-betlehem\/\" \/>\n<meta property=\"og:locale\" content=\"sv_SE\" \/>\n<meta property=\"og:type\" content=\"article\" \/>\n<meta property=\"og:title\" content=\"Str\u00e5lglansen fr\u00e5n Betlehem! - \u00c5ke Bonnier\" \/>\n<meta property=\"og:description\" content=\"Dan f\u00f6re dopparedagen! Jo, det \u00e4r idag. Jag har varit ledig hela dagen. Det \u00e4r jag varje \u00e5r d\u00e4rf\u00f6r att en hel del beh\u00f6ver f\u00f6rberedas hemma och min uppgift \u00e4r att leda grankl\u00e4dandet och krubbupps\u00e4ttandet hemma. Nja, egentligen leder jag v\u00e4l inte det hela eftersom mina b\u00e4gge d\u00f6ttrar har v\u00e4ldigt best\u00e4mda \u00e5sikter om vad som [&hellip;]\" \/>\n<meta property=\"og:url\" content=\"https:\/\/blogg.svenskakyrkan.se\/akebonnier\/2009\/12\/23\/stralglansen-fran-betlehem\/\" \/>\n<meta property=\"og:site_name\" content=\"\u00c5ke Bonnier\" \/>\n<meta property=\"article:published_time\" content=\"2009-12-23T20:52:00+00:00\" \/>\n<meta property=\"og:image\" content=\"https:\/\/blogger.googleusercontent.com\/tracker\/9055441369901436026-8635718433305250312?l=akebonnier.blogspot.com\" \/>\n<meta name=\"author\" content=\"\u00c5ke Bonnier\" \/>\n<meta name=\"twitter:card\" content=\"summary_large_image\" \/>\n<meta name=\"twitter:label1\" content=\"Skriven av\" \/>\n\t<meta name=\"twitter:data1\" content=\"\u00c5ke Bonnier\" \/>\n\t<meta name=\"twitter:label2\" content=\"Ber\u00e4knad l\u00e4stid\" \/>\n\t<meta name=\"twitter:data2\" content=\"3 minuter\" \/>\n<script type=\"application\/ld+json\" class=\"yoast-schema-graph\">{\"@context\":\"https:\/\/schema.org\",\"@graph\":[{\"@type\":\"Article\",\"@id\":\"https:\/\/blogg.svenskakyrkan.se\/akebonnier\/2009\/12\/23\/stralglansen-fran-betlehem\/#article\",\"isPartOf\":{\"@id\":\"https:\/\/blogg.svenskakyrkan.se\/akebonnier\/2009\/12\/23\/stralglansen-fran-betlehem\/\"},\"author\":{\"name\":\"\u00c5ke Bonnier\",\"@id\":\"https:\/\/blogg.svenskakyrkan.se\/akebonnier\/#\/schema\/person\/8db68bc0c94f6a5a62df2d4486ff1343\"},\"headline\":\"Str\u00e5lglansen fr\u00e5n Betlehem!\",\"datePublished\":\"2009-12-23T20:52:00+00:00\",\"mainEntityOfPage\":{\"@id\":\"https:\/\/blogg.svenskakyrkan.se\/akebonnier\/2009\/12\/23\/stralglansen-fran-betlehem\/\"},\"wordCount\":530,\"commentCount\":1,\"image\":{\"@id\":\"https:\/\/blogg.svenskakyrkan.se\/akebonnier\/2009\/12\/23\/stralglansen-fran-betlehem\/#primaryimage\"},\"thumbnailUrl\":\"https:\/\/blogger.googleusercontent.com\/tracker\/9055441369901436026-8635718433305250312?l=akebonnier.blogspot.com\",\"articleSection\":[\"Str\u00e5lglansen fr\u00e5n Betlehem\"],\"inLanguage\":\"sv-SE\",\"potentialAction\":[{\"@type\":\"CommentAction\",\"name\":\"Comment\",\"target\":[\"https:\/\/blogg.svenskakyrkan.se\/akebonnier\/2009\/12\/23\/stralglansen-fran-betlehem\/#respond\"]}]},{\"@type\":\"WebPage\",\"@id\":\"https:\/\/blogg.svenskakyrkan.se\/akebonnier\/2009\/12\/23\/stralglansen-fran-betlehem\/\",\"url\":\"https:\/\/blogg.svenskakyrkan.se\/akebonnier\/2009\/12\/23\/stralglansen-fran-betlehem\/\",\"name\":\"Str\u00e5lglansen fr\u00e5n Betlehem! - \u00c5ke Bonnier\",\"isPartOf\":{\"@id\":\"https:\/\/blogg.svenskakyrkan.se\/akebonnier\/#website\"},\"primaryImageOfPage\":{\"@id\":\"https:\/\/blogg.svenskakyrkan.se\/akebonnier\/2009\/12\/23\/stralglansen-fran-betlehem\/#primaryimage\"},\"image\":{\"@id\":\"https:\/\/blogg.svenskakyrkan.se\/akebonnier\/2009\/12\/23\/stralglansen-fran-betlehem\/#primaryimage\"},\"thumbnailUrl\":\"https:\/\/blogger.googleusercontent.com\/tracker\/9055441369901436026-8635718433305250312?l=akebonnier.blogspot.com\",\"datePublished\":\"2009-12-23T20:52:00+00:00\",\"author\":{\"@id\":\"https:\/\/blogg.svenskakyrkan.se\/akebonnier\/#\/schema\/person\/8db68bc0c94f6a5a62df2d4486ff1343\"},\"breadcrumb\":{\"@id\":\"https:\/\/blogg.svenskakyrkan.se\/akebonnier\/2009\/12\/23\/stralglansen-fran-betlehem\/#breadcrumb\"},\"inLanguage\":\"sv-SE\",\"potentialAction\":[{\"@type\":\"ReadAction\",\"target\":[\"https:\/\/blogg.svenskakyrkan.se\/akebonnier\/2009\/12\/23\/stralglansen-fran-betlehem\/\"]}]},{\"@type\":\"ImageObject\",\"inLanguage\":\"sv-SE\",\"@id\":\"https:\/\/blogg.svenskakyrkan.se\/akebonnier\/2009\/12\/23\/stralglansen-fran-betlehem\/#primaryimage\",\"url\":\"https:\/\/blogger.googleusercontent.com\/tracker\/9055441369901436026-8635718433305250312?l=akebonnier.blogspot.com\",\"contentUrl\":\"https:\/\/blogger.googleusercontent.com\/tracker\/9055441369901436026-8635718433305250312?l=akebonnier.blogspot.com\"},{\"@type\":\"BreadcrumbList\",\"@id\":\"https:\/\/blogg.svenskakyrkan.se\/akebonnier\/2009\/12\/23\/stralglansen-fran-betlehem\/#breadcrumb\",\"itemListElement\":[{\"@type\":\"ListItem\",\"position\":1,\"name\":\"Hem\",\"item\":\"https:\/\/blogg.svenskakyrkan.se\/akebonnier\/\"},{\"@type\":\"ListItem\",\"position\":2,\"name\":\"Str\u00e5lglansen fr\u00e5n Betlehem!\"}]},{\"@type\":\"WebSite\",\"@id\":\"https:\/\/blogg.svenskakyrkan.se\/akebonnier\/#website\",\"url\":\"https:\/\/blogg.svenskakyrkan.se\/akebonnier\/\",\"name\":\"\u00c5ke Bonnier\",\"description\":\"Biskop i Svenska kyrkan - Skara stift\",\"potentialAction\":[{\"@type\":\"SearchAction\",\"target\":{\"@type\":\"EntryPoint\",\"urlTemplate\":\"https:\/\/blogg.svenskakyrkan.se\/akebonnier\/?s={search_term_string}\"},\"query-input\":{\"@type\":\"PropertyValueSpecification\",\"valueRequired\":true,\"valueName\":\"search_term_string\"}}],\"inLanguage\":\"sv-SE\"},{\"@type\":\"Person\",\"@id\":\"https:\/\/blogg.svenskakyrkan.se\/akebonnier\/#\/schema\/person\/8db68bc0c94f6a5a62df2d4486ff1343\",\"name\":\"\u00c5ke Bonnier\",\"image\":{\"@type\":\"ImageObject\",\"inLanguage\":\"sv-SE\",\"@id\":\"https:\/\/blogg.svenskakyrkan.se\/akebonnier\/#\/schema\/person\/image\/\",\"url\":\"https:\/\/secure.gravatar.com\/avatar\/b88264736bb0bc0d1ea92298aef02c9f98cfc13c7484130c42c663ae484f9462?s=96&d=mm&r=g\",\"contentUrl\":\"https:\/\/secure.gravatar.com\/avatar\/b88264736bb0bc0d1ea92298aef02c9f98cfc13c7484130c42c663ae484f9462?s=96&d=mm&r=g\",\"caption\":\"\u00c5ke Bonnier\"},\"description\":\"Jag \u00e4r gift och har tv\u00e5 vuxna d\u00f6ttrar. Pr\u00e4stvigdes 1984 och biskopsvigs 26 augusti 2012 . Jag har tidigare bland annat varit, komminister och kyrkoherde i Liding\u00f6 f\u00f6rsamling och domprost i Stockholms domkyrkof\u00f6rsamling. Jag \u00e4r intresserad av konst, litteratur, teater, film. Jag tr\u00e4nar regelbundet p\u00e5 gym. Mitt huvudsakliga musikintresse \u00e4r klassisk musik men ocks\u00e5 Beatles, Elvis Presley, Monika Zettelund, Povel Ramel och m\u00e5nga andra tycker jag om att lyssna p\u00e5. Jag l\u00e4ser f\u00f6r lite sk\u00f6nlitteratur beroende p\u00e5 annat som jag m\u00e5ste l\u00e4sa i mitt uppdrag som biskop. Men jag \u00e4lskar b\u00f6cker. Naturligtvis l\u00e4ser jag n\u00e4st intill dagligdags i \\\"B\u00f6ckernas Bok.\\\"\",\"sameAs\":[\"http:\/\/www.skarastift.se\"],\"url\":\"https:\/\/blogg.svenskakyrkan.se\/akebonnier\/author\/akebonnier\/\"}]}<\/script>\n<!-- \/ Yoast SEO plugin. -->","yoast_head_json":{"title":"Str\u00e5lglansen fr\u00e5n Betlehem! - \u00c5ke Bonnier","robots":{"index":"index","follow":"follow","max-snippet":"max-snippet:-1","max-image-preview":"max-image-preview:large","max-video-preview":"max-video-preview:-1"},"canonical":"https:\/\/blogg.svenskakyrkan.se\/akebonnier\/2009\/12\/23\/stralglansen-fran-betlehem\/","og_locale":"sv_SE","og_type":"article","og_title":"Str\u00e5lglansen fr\u00e5n Betlehem! - \u00c5ke Bonnier","og_description":"Dan f\u00f6re dopparedagen! Jo, det \u00e4r idag. Jag har varit ledig hela dagen. Det \u00e4r jag varje \u00e5r d\u00e4rf\u00f6r att en hel del beh\u00f6ver f\u00f6rberedas hemma och min uppgift \u00e4r att leda grankl\u00e4dandet och krubbupps\u00e4ttandet hemma. Nja, egentligen leder jag v\u00e4l inte det hela eftersom mina b\u00e4gge d\u00f6ttrar har v\u00e4ldigt best\u00e4mda \u00e5sikter om vad som [&hellip;]","og_url":"https:\/\/blogg.svenskakyrkan.se\/akebonnier\/2009\/12\/23\/stralglansen-fran-betlehem\/","og_site_name":"\u00c5ke Bonnier","article_published_time":"2009-12-23T20:52:00+00:00","og_image":[{"url":"https:\/\/blogger.googleusercontent.com\/tracker\/9055441369901436026-8635718433305250312?l=akebonnier.blogspot.com","type":"","width":"","height":""}],"author":"\u00c5ke Bonnier","twitter_card":"summary_large_image","twitter_misc":{"Skriven av":"\u00c5ke Bonnier","Ber\u00e4knad l\u00e4stid":"3 minuter"},"schema":{"@context":"https:\/\/schema.org","@graph":[{"@type":"Article","@id":"https:\/\/blogg.svenskakyrkan.se\/akebonnier\/2009\/12\/23\/stralglansen-fran-betlehem\/#article","isPartOf":{"@id":"https:\/\/blogg.svenskakyrkan.se\/akebonnier\/2009\/12\/23\/stralglansen-fran-betlehem\/"},"author":{"name":"\u00c5ke Bonnier","@id":"https:\/\/blogg.svenskakyrkan.se\/akebonnier\/#\/schema\/person\/8db68bc0c94f6a5a62df2d4486ff1343"},"headline":"Str\u00e5lglansen fr\u00e5n Betlehem!","datePublished":"2009-12-23T20:52:00+00:00","mainEntityOfPage":{"@id":"https:\/\/blogg.svenskakyrkan.se\/akebonnier\/2009\/12\/23\/stralglansen-fran-betlehem\/"},"wordCount":530,"commentCount":1,"image":{"@id":"https:\/\/blogg.svenskakyrkan.se\/akebonnier\/2009\/12\/23\/stralglansen-fran-betlehem\/#primaryimage"},"thumbnailUrl":"https:\/\/blogger.googleusercontent.com\/tracker\/9055441369901436026-8635718433305250312?l=akebonnier.blogspot.com","articleSection":["Str\u00e5lglansen fr\u00e5n Betlehem"],"inLanguage":"sv-SE","potentialAction":[{"@type":"CommentAction","name":"Comment","target":["https:\/\/blogg.svenskakyrkan.se\/akebonnier\/2009\/12\/23\/stralglansen-fran-betlehem\/#respond"]}]},{"@type":"WebPage","@id":"https:\/\/blogg.svenskakyrkan.se\/akebonnier\/2009\/12\/23\/stralglansen-fran-betlehem\/","url":"https:\/\/blogg.svenskakyrkan.se\/akebonnier\/2009\/12\/23\/stralglansen-fran-betlehem\/","name":"Str\u00e5lglansen fr\u00e5n Betlehem! - \u00c5ke Bonnier","isPartOf":{"@id":"https:\/\/blogg.svenskakyrkan.se\/akebonnier\/#website"},"primaryImageOfPage":{"@id":"https:\/\/blogg.svenskakyrkan.se\/akebonnier\/2009\/12\/23\/stralglansen-fran-betlehem\/#primaryimage"},"image":{"@id":"https:\/\/blogg.svenskakyrkan.se\/akebonnier\/2009\/12\/23\/stralglansen-fran-betlehem\/#primaryimage"},"thumbnailUrl":"https:\/\/blogger.googleusercontent.com\/tracker\/9055441369901436026-8635718433305250312?l=akebonnier.blogspot.com","datePublished":"2009-12-23T20:52:00+00:00","author":{"@id":"https:\/\/blogg.svenskakyrkan.se\/akebonnier\/#\/schema\/person\/8db68bc0c94f6a5a62df2d4486ff1343"},"breadcrumb":{"@id":"https:\/\/blogg.svenskakyrkan.se\/akebonnier\/2009\/12\/23\/stralglansen-fran-betlehem\/#breadcrumb"},"inLanguage":"sv-SE","potentialAction":[{"@type":"ReadAction","target":["https:\/\/blogg.svenskakyrkan.se\/akebonnier\/2009\/12\/23\/stralglansen-fran-betlehem\/"]}]},{"@type":"ImageObject","inLanguage":"sv-SE","@id":"https:\/\/blogg.svenskakyrkan.se\/akebonnier\/2009\/12\/23\/stralglansen-fran-betlehem\/#primaryimage","url":"https:\/\/blogger.googleusercontent.com\/tracker\/9055441369901436026-8635718433305250312?l=akebonnier.blogspot.com","contentUrl":"https:\/\/blogger.googleusercontent.com\/tracker\/9055441369901436026-8635718433305250312?l=akebonnier.blogspot.com"},{"@type":"BreadcrumbList","@id":"https:\/\/blogg.svenskakyrkan.se\/akebonnier\/2009\/12\/23\/stralglansen-fran-betlehem\/#breadcrumb","itemListElement":[{"@type":"ListItem","position":1,"name":"Hem","item":"https:\/\/blogg.svenskakyrkan.se\/akebonnier\/"},{"@type":"ListItem","position":2,"name":"Str\u00e5lglansen fr\u00e5n Betlehem!"}]},{"@type":"WebSite","@id":"https:\/\/blogg.svenskakyrkan.se\/akebonnier\/#website","url":"https:\/\/blogg.svenskakyrkan.se\/akebonnier\/","name":"\u00c5ke Bonnier","description":"Biskop i Svenska kyrkan - Skara stift","potentialAction":[{"@type":"SearchAction","target":{"@type":"EntryPoint","urlTemplate":"https:\/\/blogg.svenskakyrkan.se\/akebonnier\/?s={search_term_string}"},"query-input":{"@type":"PropertyValueSpecification","valueRequired":true,"valueName":"search_term_string"}}],"inLanguage":"sv-SE"},{"@type":"Person","@id":"https:\/\/blogg.svenskakyrkan.se\/akebonnier\/#\/schema\/person\/8db68bc0c94f6a5a62df2d4486ff1343","name":"\u00c5ke Bonnier","image":{"@type":"ImageObject","inLanguage":"sv-SE","@id":"https:\/\/blogg.svenskakyrkan.se\/akebonnier\/#\/schema\/person\/image\/","url":"https:\/\/secure.gravatar.com\/avatar\/b88264736bb0bc0d1ea92298aef02c9f98cfc13c7484130c42c663ae484f9462?s=96&d=mm&r=g","contentUrl":"https:\/\/secure.gravatar.com\/avatar\/b88264736bb0bc0d1ea92298aef02c9f98cfc13c7484130c42c663ae484f9462?s=96&d=mm&r=g","caption":"\u00c5ke Bonnier"},"description":"Jag \u00e4r gift och har tv\u00e5 vuxna d\u00f6ttrar. Pr\u00e4stvigdes 1984 och biskopsvigs 26 augusti 2012 . Jag har tidigare bland annat varit, komminister och kyrkoherde i Liding\u00f6 f\u00f6rsamling och domprost i Stockholms domkyrkof\u00f6rsamling. Jag \u00e4r intresserad av konst, litteratur, teater, film. Jag tr\u00e4nar regelbundet p\u00e5 gym. Mitt huvudsakliga musikintresse \u00e4r klassisk musik men ocks\u00e5 Beatles, Elvis Presley, Monika Zettelund, Povel Ramel och m\u00e5nga andra tycker jag om att lyssna p\u00e5. Jag l\u00e4ser f\u00f6r lite sk\u00f6nlitteratur beroende p\u00e5 annat som jag m\u00e5ste l\u00e4sa i mitt uppdrag som biskop. Men jag \u00e4lskar b\u00f6cker. Naturligtvis l\u00e4ser jag n\u00e4st intill dagligdags i \"B\u00f6ckernas Bok.\"","sameAs":["http:\/\/www.skarastift.se"],"url":"https:\/\/blogg.svenskakyrkan.se\/akebonnier\/author\/akebonnier\/"}]}},"author_meta":{"ID":"108","user_nicename":"akebonnier","user_url":"http:\/\/www.skarastift.se","user_registered":"2011-10-11 09:24:48","display_name":"\u00c5ke Bonnier","first_name":"\u00c5ke","last_name":"Bonnier","avatar":"https:\/\/secure.gravatar.com\/avatar\/b88264736bb0bc0d1ea92298aef02c9f98cfc13c7484130c42c663ae484f9462?s=96&d=mm&r=g"},"featured_image":false,"bloginfo":{"name":"\u00c5ke Bonnier","url":"https:\/\/blogg.svenskakyrkan.se\/akebonnier"},"_links":{"self":[{"href":"https:\/\/blogg.svenskakyrkan.se\/akebonnier\/wp-json\/wp\/v2\/posts\/352","targetHints":{"allow":["GET"]}}],"collection":[{"href":"https:\/\/blogg.svenskakyrkan.se\/akebonnier\/wp-json\/wp\/v2\/posts"}],"about":[{"href":"https:\/\/blogg.svenskakyrkan.se\/akebonnier\/wp-json\/wp\/v2\/types\/post"}],"author":[{"embeddable":true,"href":"https:\/\/blogg.svenskakyrkan.se\/akebonnier\/wp-json\/wp\/v2\/users\/108"}],"replies":[{"embeddable":true,"href":"https:\/\/blogg.svenskakyrkan.se\/akebonnier\/wp-json\/wp\/v2\/comments?post=352"}],"version-history":[{"count":0,"href":"https:\/\/blogg.svenskakyrkan.se\/akebonnier\/wp-json\/wp\/v2\/posts\/352\/revisions"}],"wp:attachment":[{"href":"https:\/\/blogg.svenskakyrkan.se\/akebonnier\/wp-json\/wp\/v2\/media?parent=352"}],"wp:term":[{"taxonomy":"category","embeddable":true,"href":"https:\/\/blogg.svenskakyrkan.se\/akebonnier\/wp-json\/wp\/v2\/categories?post=352"},{"taxonomy":"post_tag","embeddable":true,"href":"https:\/\/blogg.svenskakyrkan.se\/akebonnier\/wp-json\/wp\/v2\/tags?post=352"}],"curies":[{"name":"wp","href":"https:\/\/api.w.org\/{rel}","templated":true}]}}