{"id":357,"date":"2010-01-07T22:42:00","date_gmt":"2010-01-07T22:42:00","guid":{"rendered":"http:\/\/blogg.svenskakyrkan.se\/akebonnier\/2010\/01\/07\/ska-jag-soka-pastorstjansten\/"},"modified":"2010-01-07T22:42:00","modified_gmt":"2010-01-07T22:42:00","slug":"ska-jag-soka-pastorstjansten","status":"publish","type":"post","link":"https:\/\/blogg.svenskakyrkan.se\/akebonnier\/2010\/01\/07\/ska-jag-soka-pastorstjansten\/","title":{"rendered":"Ska jag s\u00f6ka pastorstj\u00e4nsten?"},"content":{"rendered":"<p>Jag har varit i V\u00e4rmland n\u00e5gra dagar och blivit ompysslad av sv\u00e4rmor med god mat och annat i en underbar milj\u00f6 p\u00e5 en g\u00e5rd i de djupa V\u00e4rml\u00e4ndska skogarna inte s\u00e5 l\u00e5ngt fr\u00e5n Rudskoga. Jag har l\u00e4st Cecilia Wadsteins str\u00e5lande bok om sj\u00e4lav\u00e5rd och l\u00e4st pr\u00e4stkandidaters och diakonkandidats alster utifr\u00e5n den boken &#8211; ocks\u00e5 det stimluerande medan kylan blev allt starkare ute. S\u00e4mre kan man ha det.<\/p>\n<p>Jag bes\u00f6kte min Missionsf\u00f6rsamling. Jo jag s\u00e4ger &#8221;min&#8221; d\u00e4rf\u00f6r att jag k\u00e4nner mig mer och mer hemma d\u00e4r. Nysund-Rudskogas Missionsf\u00f6rsamling med den av f\u00f6rsamlingsmdlemmarna bygda kyrkan i \u00c5torp. Det har varit en v\u00e4l fungerande f\u00f6rsamling med en pastor som varit d\u00e4r i 13 \u00e5r. Pl\u00f6tsligt slutade han &#8211; inte p gr av n\u00e5gon konflikt men f\u00f6r att han troligen (enligt h\u00f6rs\u00e4gen) k\u00e4nde att det var dags att g\u00e5 vidare, dags att se andra vyer. Nu \u00e4r tj\u00e4nsten ledig. Ska jag s\u00f6ka den? Jag trivs ju d\u00e4r, \u00e5tminstone de f\u00e5 g\u00e5nger per \u00e5r jag \u00e4r d\u00e4r.<\/p>\n<p>Nej, naturligtvis kommer jag inte att s\u00f6ka den tj\u00e4nsten. Jag trivs verkligen med att vara domprost i Stockholm med allt vad det inneb\u00e4r av det stora och det lilla. men jag vill uppmuntra alla t\u00e4nkbara missionspastorer att s\u00f6ka tj\u00e4nsten i den m\u00e5n den inte blir tillsatt med n\u00e5gon av dem som redan s\u00f6kt. Det \u00e4r en sp\u00e4nnande f\u00f6rsamling d\u00e4r mycket sker.<\/p>\n<p>Det \u00e4r roligt \u00e4nd\u00e5 att faktiskt p\u00e5 allvar, som pr\u00e4st i Svenska kyrkan, kunna fundera p\u00e5, om jag skulle vara pastor i Missionskyrkan. Antagligen skulle det g\u00e5 med lite processande och kompletterande av diverse kurser. Jag \u00e4r ju t ex inte s\u00e5 sl\u00e4ngd i Missionskyrkans historia. Samtidigt skulle jag ocks\u00e5 sakna det som \u00e4r s\u00e5 typiskt f\u00f6r Svenska kyrkan och inte minst i Stockholms domkyrkof\u00f6rsamling: liturgin, sakramentscentrering etc, etc. Men \u00e5 andra sidan gl\u00e4der jag mig \u00f6ver att Svenska Missionskyrkan nu \u00e4r en systerkyrka till Svenska kyrkan. Vi st\u00e5r n\u00e4ra varandra och f\u00e5r p\u00e5 olika s\u00e4tt st\u00f6tta varandra.<\/p>\n<p>Nu \u00e4r det fem minuter kvar av den 7 januari. I morgon \u00e4r det pr\u00e4st och diakonexamen i Storkyrkans sj\u00e4lakor. Sedan ska kandidaterna \u00e4ta lunch hemma hos domprostparet tillsammans med biskop och domkapitel. Det blir roligt. Jag har, som sagt, l\u00e4st deras pm som de skrivit g\u00e4llande sj\u00e4lav\u00e5rd och ser fram emot samtalen imorgon. Bed f\u00f6r dem (nio pr\u00e4ster och en diakon) och kom till Storkyrkan p\u00e5 s\u00f6ndag och var med p\u00e5 vigningsm\u00e4ssan kl 11.00.<\/p>\n<p>Som sagt: Jag s\u00f6ker inte pasotorstj\u00e4nsten. Jag trivs med att vara &#8221;pastor primarius&#8221; (!).<\/p>\n<div class=\"blogger-post-footer\"><img width='1' height='1' src='https:\/\/blogger.googleusercontent.com\/tracker\/9055441369901436026-5339285398032753084?l=akebonnier.blogspot.com' alt='' \/><\/div>\n","protected":false},"excerpt":{"rendered":"<p>Jag har varit i V\u00e4rmland n\u00e5gra dagar och blivit ompysslad av sv\u00e4rmor med god mat och annat i en underbar milj\u00f6 p\u00e5 en g\u00e5rd i de djupa V\u00e4rml\u00e4ndska skogarna inte s\u00e5 l\u00e5ngt fr\u00e5n Rudskoga. Jag har l\u00e4st Cecilia Wadsteins str\u00e5lande bok om sj\u00e4lav\u00e5rd och l\u00e4st pr\u00e4stkandidaters och diakonkandidats alster utifr\u00e5n den boken &#8211; ocks\u00e5 det [&hellip;]<\/p>\n","protected":false},"author":108,"featured_media":0,"comment_status":"open","ping_status":"open","sticky":false,"template":"","format":"standard","meta":{"_acf_changed":false,"footnotes":""},"categories":[9],"tags":[],"class_list":["post-357","post","type-post","status-publish","format-standard","hentry","category-okategoriserade"],"acf":[],"yoast_head":"<!-- This site is optimized with the Yoast SEO plugin v27.1.1 - https:\/\/yoast.com\/product\/yoast-seo-wordpress\/ -->\n<title>Ska jag s\u00f6ka pastorstj\u00e4nsten? - \u00c5ke Bonnier<\/title>\n<meta name=\"robots\" content=\"index, follow, max-snippet:-1, max-image-preview:large, max-video-preview:-1\" \/>\n<link rel=\"canonical\" href=\"https:\/\/blogg.svenskakyrkan.se\/akebonnier\/2010\/01\/07\/ska-jag-soka-pastorstjansten\/\" \/>\n<meta property=\"og:locale\" content=\"sv_SE\" \/>\n<meta property=\"og:type\" content=\"article\" \/>\n<meta property=\"og:title\" content=\"Ska jag s\u00f6ka pastorstj\u00e4nsten? - \u00c5ke Bonnier\" \/>\n<meta property=\"og:description\" content=\"Jag har varit i V\u00e4rmland n\u00e5gra dagar och blivit ompysslad av sv\u00e4rmor med god mat och annat i en underbar milj\u00f6 p\u00e5 en g\u00e5rd i de djupa V\u00e4rml\u00e4ndska skogarna inte s\u00e5 l\u00e5ngt fr\u00e5n Rudskoga. Jag har l\u00e4st Cecilia Wadsteins str\u00e5lande bok om sj\u00e4lav\u00e5rd och l\u00e4st pr\u00e4stkandidaters och diakonkandidats alster utifr\u00e5n den boken &#8211; ocks\u00e5 det [&hellip;]\" \/>\n<meta property=\"og:url\" content=\"https:\/\/blogg.svenskakyrkan.se\/akebonnier\/2010\/01\/07\/ska-jag-soka-pastorstjansten\/\" \/>\n<meta property=\"og:site_name\" content=\"\u00c5ke Bonnier\" \/>\n<meta property=\"article:published_time\" content=\"2010-01-07T22:42:00+00:00\" \/>\n<meta property=\"og:image\" content=\"https:\/\/blogger.googleusercontent.com\/tracker\/9055441369901436026-5339285398032753084?l=akebonnier.blogspot.com\" \/>\n<meta name=\"author\" content=\"\u00c5ke Bonnier\" \/>\n<meta name=\"twitter:card\" content=\"summary_large_image\" \/>\n<meta name=\"twitter:label1\" content=\"Skriven av\" \/>\n\t<meta name=\"twitter:data1\" content=\"\u00c5ke Bonnier\" \/>\n\t<meta name=\"twitter:label2\" content=\"Ber\u00e4knad l\u00e4stid\" \/>\n\t<meta name=\"twitter:data2\" content=\"2 minuter\" \/>\n<script type=\"application\/ld+json\" class=\"yoast-schema-graph\">{\"@context\":\"https:\/\/schema.org\",\"@graph\":[{\"@type\":\"Article\",\"@id\":\"https:\/\/blogg.svenskakyrkan.se\/akebonnier\/2010\/01\/07\/ska-jag-soka-pastorstjansten\/#article\",\"isPartOf\":{\"@id\":\"https:\/\/blogg.svenskakyrkan.se\/akebonnier\/2010\/01\/07\/ska-jag-soka-pastorstjansten\/\"},\"author\":{\"name\":\"\u00c5ke Bonnier\",\"@id\":\"https:\/\/blogg.svenskakyrkan.se\/akebonnier\/#\/schema\/person\/8db68bc0c94f6a5a62df2d4486ff1343\"},\"headline\":\"Ska jag s\u00f6ka pastorstj\u00e4nsten?\",\"datePublished\":\"2010-01-07T22:42:00+00:00\",\"mainEntityOfPage\":{\"@id\":\"https:\/\/blogg.svenskakyrkan.se\/akebonnier\/2010\/01\/07\/ska-jag-soka-pastorstjansten\/\"},\"wordCount\":484,\"commentCount\":7,\"image\":{\"@id\":\"https:\/\/blogg.svenskakyrkan.se\/akebonnier\/2010\/01\/07\/ska-jag-soka-pastorstjansten\/#primaryimage\"},\"thumbnailUrl\":\"https:\/\/blogger.googleusercontent.com\/tracker\/9055441369901436026-5339285398032753084?l=akebonnier.blogspot.com\",\"inLanguage\":\"sv-SE\",\"potentialAction\":[{\"@type\":\"CommentAction\",\"name\":\"Comment\",\"target\":[\"https:\/\/blogg.svenskakyrkan.se\/akebonnier\/2010\/01\/07\/ska-jag-soka-pastorstjansten\/#respond\"]}]},{\"@type\":\"WebPage\",\"@id\":\"https:\/\/blogg.svenskakyrkan.se\/akebonnier\/2010\/01\/07\/ska-jag-soka-pastorstjansten\/\",\"url\":\"https:\/\/blogg.svenskakyrkan.se\/akebonnier\/2010\/01\/07\/ska-jag-soka-pastorstjansten\/\",\"name\":\"Ska jag s\u00f6ka pastorstj\u00e4nsten? - \u00c5ke Bonnier\",\"isPartOf\":{\"@id\":\"https:\/\/blogg.svenskakyrkan.se\/akebonnier\/#website\"},\"primaryImageOfPage\":{\"@id\":\"https:\/\/blogg.svenskakyrkan.se\/akebonnier\/2010\/01\/07\/ska-jag-soka-pastorstjansten\/#primaryimage\"},\"image\":{\"@id\":\"https:\/\/blogg.svenskakyrkan.se\/akebonnier\/2010\/01\/07\/ska-jag-soka-pastorstjansten\/#primaryimage\"},\"thumbnailUrl\":\"https:\/\/blogger.googleusercontent.com\/tracker\/9055441369901436026-5339285398032753084?l=akebonnier.blogspot.com\",\"datePublished\":\"2010-01-07T22:42:00+00:00\",\"author\":{\"@id\":\"https:\/\/blogg.svenskakyrkan.se\/akebonnier\/#\/schema\/person\/8db68bc0c94f6a5a62df2d4486ff1343\"},\"breadcrumb\":{\"@id\":\"https:\/\/blogg.svenskakyrkan.se\/akebonnier\/2010\/01\/07\/ska-jag-soka-pastorstjansten\/#breadcrumb\"},\"inLanguage\":\"sv-SE\",\"potentialAction\":[{\"@type\":\"ReadAction\",\"target\":[\"https:\/\/blogg.svenskakyrkan.se\/akebonnier\/2010\/01\/07\/ska-jag-soka-pastorstjansten\/\"]}]},{\"@type\":\"ImageObject\",\"inLanguage\":\"sv-SE\",\"@id\":\"https:\/\/blogg.svenskakyrkan.se\/akebonnier\/2010\/01\/07\/ska-jag-soka-pastorstjansten\/#primaryimage\",\"url\":\"https:\/\/blogger.googleusercontent.com\/tracker\/9055441369901436026-5339285398032753084?l=akebonnier.blogspot.com\",\"contentUrl\":\"https:\/\/blogger.googleusercontent.com\/tracker\/9055441369901436026-5339285398032753084?l=akebonnier.blogspot.com\"},{\"@type\":\"BreadcrumbList\",\"@id\":\"https:\/\/blogg.svenskakyrkan.se\/akebonnier\/2010\/01\/07\/ska-jag-soka-pastorstjansten\/#breadcrumb\",\"itemListElement\":[{\"@type\":\"ListItem\",\"position\":1,\"name\":\"Hem\",\"item\":\"https:\/\/blogg.svenskakyrkan.se\/akebonnier\/\"},{\"@type\":\"ListItem\",\"position\":2,\"name\":\"Ska jag s\u00f6ka pastorstj\u00e4nsten?\"}]},{\"@type\":\"WebSite\",\"@id\":\"https:\/\/blogg.svenskakyrkan.se\/akebonnier\/#website\",\"url\":\"https:\/\/blogg.svenskakyrkan.se\/akebonnier\/\",\"name\":\"\u00c5ke Bonnier\",\"description\":\"Biskop i Svenska kyrkan - Skara stift\",\"potentialAction\":[{\"@type\":\"SearchAction\",\"target\":{\"@type\":\"EntryPoint\",\"urlTemplate\":\"https:\/\/blogg.svenskakyrkan.se\/akebonnier\/?s={search_term_string}\"},\"query-input\":{\"@type\":\"PropertyValueSpecification\",\"valueRequired\":true,\"valueName\":\"search_term_string\"}}],\"inLanguage\":\"sv-SE\"},{\"@type\":\"Person\",\"@id\":\"https:\/\/blogg.svenskakyrkan.se\/akebonnier\/#\/schema\/person\/8db68bc0c94f6a5a62df2d4486ff1343\",\"name\":\"\u00c5ke Bonnier\",\"image\":{\"@type\":\"ImageObject\",\"inLanguage\":\"sv-SE\",\"@id\":\"https:\/\/blogg.svenskakyrkan.se\/akebonnier\/#\/schema\/person\/image\/\",\"url\":\"https:\/\/secure.gravatar.com\/avatar\/b88264736bb0bc0d1ea92298aef02c9f98cfc13c7484130c42c663ae484f9462?s=96&d=mm&r=g\",\"contentUrl\":\"https:\/\/secure.gravatar.com\/avatar\/b88264736bb0bc0d1ea92298aef02c9f98cfc13c7484130c42c663ae484f9462?s=96&d=mm&r=g\",\"caption\":\"\u00c5ke Bonnier\"},\"description\":\"Jag \u00e4r gift och har tv\u00e5 vuxna d\u00f6ttrar. Pr\u00e4stvigdes 1984 och biskopsvigs 26 augusti 2012 . Jag har tidigare bland annat varit, komminister och kyrkoherde i Liding\u00f6 f\u00f6rsamling och domprost i Stockholms domkyrkof\u00f6rsamling. Jag \u00e4r intresserad av konst, litteratur, teater, film. Jag tr\u00e4nar regelbundet p\u00e5 gym. Mitt huvudsakliga musikintresse \u00e4r klassisk musik men ocks\u00e5 Beatles, Elvis Presley, Monika Zettelund, Povel Ramel och m\u00e5nga andra tycker jag om att lyssna p\u00e5. Jag l\u00e4ser f\u00f6r lite sk\u00f6nlitteratur beroende p\u00e5 annat som jag m\u00e5ste l\u00e4sa i mitt uppdrag som biskop. Men jag \u00e4lskar b\u00f6cker. Naturligtvis l\u00e4ser jag n\u00e4st intill dagligdags i \\\"B\u00f6ckernas Bok.\\\"\",\"sameAs\":[\"http:\/\/www.skarastift.se\"],\"url\":\"https:\/\/blogg.svenskakyrkan.se\/akebonnier\/author\/akebonnier\/\"}]}<\/script>\n<!-- \/ Yoast SEO plugin. -->","yoast_head_json":{"title":"Ska jag s\u00f6ka pastorstj\u00e4nsten? - \u00c5ke Bonnier","robots":{"index":"index","follow":"follow","max-snippet":"max-snippet:-1","max-image-preview":"max-image-preview:large","max-video-preview":"max-video-preview:-1"},"canonical":"https:\/\/blogg.svenskakyrkan.se\/akebonnier\/2010\/01\/07\/ska-jag-soka-pastorstjansten\/","og_locale":"sv_SE","og_type":"article","og_title":"Ska jag s\u00f6ka pastorstj\u00e4nsten? - \u00c5ke Bonnier","og_description":"Jag har varit i V\u00e4rmland n\u00e5gra dagar och blivit ompysslad av sv\u00e4rmor med god mat och annat i en underbar milj\u00f6 p\u00e5 en g\u00e5rd i de djupa V\u00e4rml\u00e4ndska skogarna inte s\u00e5 l\u00e5ngt fr\u00e5n Rudskoga. Jag har l\u00e4st Cecilia Wadsteins str\u00e5lande bok om sj\u00e4lav\u00e5rd och l\u00e4st pr\u00e4stkandidaters och diakonkandidats alster utifr\u00e5n den boken &#8211; ocks\u00e5 det [&hellip;]","og_url":"https:\/\/blogg.svenskakyrkan.se\/akebonnier\/2010\/01\/07\/ska-jag-soka-pastorstjansten\/","og_site_name":"\u00c5ke Bonnier","article_published_time":"2010-01-07T22:42:00+00:00","og_image":[{"url":"https:\/\/blogger.googleusercontent.com\/tracker\/9055441369901436026-5339285398032753084?l=akebonnier.blogspot.com","type":"","width":"","height":""}],"author":"\u00c5ke Bonnier","twitter_card":"summary_large_image","twitter_misc":{"Skriven av":"\u00c5ke Bonnier","Ber\u00e4knad l\u00e4stid":"2 minuter"},"schema":{"@context":"https:\/\/schema.org","@graph":[{"@type":"Article","@id":"https:\/\/blogg.svenskakyrkan.se\/akebonnier\/2010\/01\/07\/ska-jag-soka-pastorstjansten\/#article","isPartOf":{"@id":"https:\/\/blogg.svenskakyrkan.se\/akebonnier\/2010\/01\/07\/ska-jag-soka-pastorstjansten\/"},"author":{"name":"\u00c5ke Bonnier","@id":"https:\/\/blogg.svenskakyrkan.se\/akebonnier\/#\/schema\/person\/8db68bc0c94f6a5a62df2d4486ff1343"},"headline":"Ska jag s\u00f6ka pastorstj\u00e4nsten?","datePublished":"2010-01-07T22:42:00+00:00","mainEntityOfPage":{"@id":"https:\/\/blogg.svenskakyrkan.se\/akebonnier\/2010\/01\/07\/ska-jag-soka-pastorstjansten\/"},"wordCount":484,"commentCount":7,"image":{"@id":"https:\/\/blogg.svenskakyrkan.se\/akebonnier\/2010\/01\/07\/ska-jag-soka-pastorstjansten\/#primaryimage"},"thumbnailUrl":"https:\/\/blogger.googleusercontent.com\/tracker\/9055441369901436026-5339285398032753084?l=akebonnier.blogspot.com","inLanguage":"sv-SE","potentialAction":[{"@type":"CommentAction","name":"Comment","target":["https:\/\/blogg.svenskakyrkan.se\/akebonnier\/2010\/01\/07\/ska-jag-soka-pastorstjansten\/#respond"]}]},{"@type":"WebPage","@id":"https:\/\/blogg.svenskakyrkan.se\/akebonnier\/2010\/01\/07\/ska-jag-soka-pastorstjansten\/","url":"https:\/\/blogg.svenskakyrkan.se\/akebonnier\/2010\/01\/07\/ska-jag-soka-pastorstjansten\/","name":"Ska jag s\u00f6ka pastorstj\u00e4nsten? - \u00c5ke Bonnier","isPartOf":{"@id":"https:\/\/blogg.svenskakyrkan.se\/akebonnier\/#website"},"primaryImageOfPage":{"@id":"https:\/\/blogg.svenskakyrkan.se\/akebonnier\/2010\/01\/07\/ska-jag-soka-pastorstjansten\/#primaryimage"},"image":{"@id":"https:\/\/blogg.svenskakyrkan.se\/akebonnier\/2010\/01\/07\/ska-jag-soka-pastorstjansten\/#primaryimage"},"thumbnailUrl":"https:\/\/blogger.googleusercontent.com\/tracker\/9055441369901436026-5339285398032753084?l=akebonnier.blogspot.com","datePublished":"2010-01-07T22:42:00+00:00","author":{"@id":"https:\/\/blogg.svenskakyrkan.se\/akebonnier\/#\/schema\/person\/8db68bc0c94f6a5a62df2d4486ff1343"},"breadcrumb":{"@id":"https:\/\/blogg.svenskakyrkan.se\/akebonnier\/2010\/01\/07\/ska-jag-soka-pastorstjansten\/#breadcrumb"},"inLanguage":"sv-SE","potentialAction":[{"@type":"ReadAction","target":["https:\/\/blogg.svenskakyrkan.se\/akebonnier\/2010\/01\/07\/ska-jag-soka-pastorstjansten\/"]}]},{"@type":"ImageObject","inLanguage":"sv-SE","@id":"https:\/\/blogg.svenskakyrkan.se\/akebonnier\/2010\/01\/07\/ska-jag-soka-pastorstjansten\/#primaryimage","url":"https:\/\/blogger.googleusercontent.com\/tracker\/9055441369901436026-5339285398032753084?l=akebonnier.blogspot.com","contentUrl":"https:\/\/blogger.googleusercontent.com\/tracker\/9055441369901436026-5339285398032753084?l=akebonnier.blogspot.com"},{"@type":"BreadcrumbList","@id":"https:\/\/blogg.svenskakyrkan.se\/akebonnier\/2010\/01\/07\/ska-jag-soka-pastorstjansten\/#breadcrumb","itemListElement":[{"@type":"ListItem","position":1,"name":"Hem","item":"https:\/\/blogg.svenskakyrkan.se\/akebonnier\/"},{"@type":"ListItem","position":2,"name":"Ska jag s\u00f6ka pastorstj\u00e4nsten?"}]},{"@type":"WebSite","@id":"https:\/\/blogg.svenskakyrkan.se\/akebonnier\/#website","url":"https:\/\/blogg.svenskakyrkan.se\/akebonnier\/","name":"\u00c5ke Bonnier","description":"Biskop i Svenska kyrkan - Skara stift","potentialAction":[{"@type":"SearchAction","target":{"@type":"EntryPoint","urlTemplate":"https:\/\/blogg.svenskakyrkan.se\/akebonnier\/?s={search_term_string}"},"query-input":{"@type":"PropertyValueSpecification","valueRequired":true,"valueName":"search_term_string"}}],"inLanguage":"sv-SE"},{"@type":"Person","@id":"https:\/\/blogg.svenskakyrkan.se\/akebonnier\/#\/schema\/person\/8db68bc0c94f6a5a62df2d4486ff1343","name":"\u00c5ke Bonnier","image":{"@type":"ImageObject","inLanguage":"sv-SE","@id":"https:\/\/blogg.svenskakyrkan.se\/akebonnier\/#\/schema\/person\/image\/","url":"https:\/\/secure.gravatar.com\/avatar\/b88264736bb0bc0d1ea92298aef02c9f98cfc13c7484130c42c663ae484f9462?s=96&d=mm&r=g","contentUrl":"https:\/\/secure.gravatar.com\/avatar\/b88264736bb0bc0d1ea92298aef02c9f98cfc13c7484130c42c663ae484f9462?s=96&d=mm&r=g","caption":"\u00c5ke Bonnier"},"description":"Jag \u00e4r gift och har tv\u00e5 vuxna d\u00f6ttrar. Pr\u00e4stvigdes 1984 och biskopsvigs 26 augusti 2012 . Jag har tidigare bland annat varit, komminister och kyrkoherde i Liding\u00f6 f\u00f6rsamling och domprost i Stockholms domkyrkof\u00f6rsamling. Jag \u00e4r intresserad av konst, litteratur, teater, film. Jag tr\u00e4nar regelbundet p\u00e5 gym. Mitt huvudsakliga musikintresse \u00e4r klassisk musik men ocks\u00e5 Beatles, Elvis Presley, Monika Zettelund, Povel Ramel och m\u00e5nga andra tycker jag om att lyssna p\u00e5. Jag l\u00e4ser f\u00f6r lite sk\u00f6nlitteratur beroende p\u00e5 annat som jag m\u00e5ste l\u00e4sa i mitt uppdrag som biskop. Men jag \u00e4lskar b\u00f6cker. Naturligtvis l\u00e4ser jag n\u00e4st intill dagligdags i \"B\u00f6ckernas Bok.\"","sameAs":["http:\/\/www.skarastift.se"],"url":"https:\/\/blogg.svenskakyrkan.se\/akebonnier\/author\/akebonnier\/"}]}},"author_meta":{"ID":"108","user_nicename":"akebonnier","user_url":"http:\/\/www.skarastift.se","user_registered":"2011-10-11 09:24:48","display_name":"\u00c5ke Bonnier","first_name":"\u00c5ke","last_name":"Bonnier","avatar":"https:\/\/secure.gravatar.com\/avatar\/b88264736bb0bc0d1ea92298aef02c9f98cfc13c7484130c42c663ae484f9462?s=96&d=mm&r=g"},"featured_image":false,"bloginfo":{"name":"\u00c5ke Bonnier","url":"https:\/\/blogg.svenskakyrkan.se\/akebonnier"},"_links":{"self":[{"href":"https:\/\/blogg.svenskakyrkan.se\/akebonnier\/wp-json\/wp\/v2\/posts\/357","targetHints":{"allow":["GET"]}}],"collection":[{"href":"https:\/\/blogg.svenskakyrkan.se\/akebonnier\/wp-json\/wp\/v2\/posts"}],"about":[{"href":"https:\/\/blogg.svenskakyrkan.se\/akebonnier\/wp-json\/wp\/v2\/types\/post"}],"author":[{"embeddable":true,"href":"https:\/\/blogg.svenskakyrkan.se\/akebonnier\/wp-json\/wp\/v2\/users\/108"}],"replies":[{"embeddable":true,"href":"https:\/\/blogg.svenskakyrkan.se\/akebonnier\/wp-json\/wp\/v2\/comments?post=357"}],"version-history":[{"count":0,"href":"https:\/\/blogg.svenskakyrkan.se\/akebonnier\/wp-json\/wp\/v2\/posts\/357\/revisions"}],"wp:attachment":[{"href":"https:\/\/blogg.svenskakyrkan.se\/akebonnier\/wp-json\/wp\/v2\/media?parent=357"}],"wp:term":[{"taxonomy":"category","embeddable":true,"href":"https:\/\/blogg.svenskakyrkan.se\/akebonnier\/wp-json\/wp\/v2\/categories?post=357"},{"taxonomy":"post_tag","embeddable":true,"href":"https:\/\/blogg.svenskakyrkan.se\/akebonnier\/wp-json\/wp\/v2\/tags?post=357"}],"curies":[{"name":"wp","href":"https:\/\/api.w.org\/{rel}","templated":true}]}}