{"id":360,"date":"2010-01-12T22:12:00","date_gmt":"2010-01-12T22:12:00","guid":{"rendered":"http:\/\/blogg.svenskakyrkan.se\/akebonnier\/2010\/01\/12\/bland-tops-och-svampar\/"},"modified":"2010-01-12T22:12:00","modified_gmt":"2010-01-12T22:12:00","slug":"bland-tops-och-svampar","status":"publish","type":"post","link":"https:\/\/blogg.svenskakyrkan.se\/akebonnier\/2010\/01\/12\/bland-tops-och-svampar\/","title":{"rendered":"Bland tops och svampar."},"content":{"rendered":"<p>Jo, s\u00e5 skulle s\u00e4kerligen en rubrik kunna formuleras om man skulle skriva en bok om renoveringen i Storkyrkan. S\u00e5 m\u00e5nga olika material kommer att anv\u00e4ndas f\u00f6r att f\u00e5 kyrkan riktigt fin. Urban Ullenius atelj\u00e9er AB \u00e4r generalentrepren\u00f6r och har sitt s\u00e4te i Sunne i V\u00e4rmland. V\u00e4rml\u00e4nningar \u00e4r ett klokt sl\u00e4kte vet jag som \u00e4r gift med en.<\/p>\n<p>M\u00e5nga fr\u00e5gor kom naturligtvis i samband med den presskonferens vi hade i Storkyrkan ig\u00e5r. Varf\u00f6r g\u00f6r vi denna renovering? \u00c4r det f\u00f6r att det ska bli fint till det kungliga br\u00f6llopet? Sj\u00e4lvklart! Vi vill att kyrkan ska vara riktigt vacker, s\u00e5 ursprungligt vacker som m\u00f6jligt n\u00e4r kronprinsessan och Daniel Westling gifter sig. Det \u00e4r nog den allra st\u00f6rsta vigseln som \u00e4gt rum under de senaste hundra \u00e5ren och d\u00e5 vill vi ju g\u00e4rna att kyrkan ska vara s\u00e5 vacker som m\u00f6jligt. Men vi vill ocks\u00e5 att kyrkan ska vara vacker f\u00f6r alla dem som s\u00f6ker sig till v\u00e5r katedral, som vill komma in och titta p\u00e5 silveraltaret, p\u00e5 S:t G\u00f6ran och draken, p\u00e5 V\u00e4dersolstavlan, p\u00e5 kungsstolarna och predikstolen. Storkyrkans inventarier \u00e4r ju turistmagneter och vi h\u00e4lsar alla turister varmt v\u00e4lkomna till v\u00e5r underbara kyrka. Men vi vill ocks\u00e5 g\u00f6ra kyrkan riktigt fin f\u00f6r alla dem som s\u00f6ker sig till det heliga rummet. F\u00f6r visst \u00e4r Storkyrkan en kulturbyggnad. Visst \u00e4r hela katedralen en turistdragare men fr\u00e4mst av allt \u00e4r det ett heligt rum som med all sin glans och i all sin glans visar p\u00e5 Gud som m\u00f6ter i Jesus Kristus.<br \/>N\u00e4r jag talade till media understr\u00f6k jag att kyrkan ocks\u00e5, och \u00e4n b\u00e4ttre genom renovering, reng\u00f6ring och komplettering, ska f\u00f6rkunna genom sin arkitektur &#8211; f\u00f6rkunna budskapet om Gud, skaparen, gud Fr\u00e4lsaren, Gud Livgivaren. Det finns allts\u00e5 s\u00e5 m\u00e5nga aspekter p\u00e5 varf\u00f6r vi g\u00f6r detta.<\/p>\n<p>Men, och det ska verkligen erk\u00e4nnas, vi skulle inte haft den ekonomiska m\u00f6jligheten om inte kronprinsessan och den blivande prinsen valt Storkyrkan som sin vigselkyrka.<\/p>\n<p>14 miljoner kronor kostar hela renoveringsarbetet inkluderande komplettering av belysning, orgelkomplettering och h\u00f6gtalarkomplettering. Det \u00e4r en stor summa pengar och samtidigt en liten summa med tanke p\u00e5 allt som ska g\u00f6ras och med tanke p\u00e5 alla experter som \u00e4r indragna i arbetet. Som mest kommer kanske 25 personer samtidigt att arbeta inne i kyrkan &#8211; en kyrka som verkligen kommer att vara fylld av byggnadsst\u00e4llningar fr\u00e5n golv till tak.<\/p>\n<p>Vi har f\u00e5tt 12 miljoner kronor fr\u00e5n kyrkoantikvarisk ers\u00e4ttning, 3,4 miljoner kronor har vi f\u00e5tt i kyrkobyggnadsbidrag och 1, 6 miljoner kronor har vi sj\u00e4lva kunnat skrapa fram genom en fond som vi har f\u00f6r Storkyrkans f\u00f6rsk\u00f6nande. Det \u00e4r en donation som vi f\u00e5tt f\u00f6r m\u00e5nga \u00e5r sedan och som vi nu (och \u00e4ven tidigare) har haft och har stor gl\u00e4dje av.<\/p>\n<p>Nu gl\u00e4ds jag \u00f6ver att S:t Jacob blir v\u00e5r gudstj\u00e4nstkyrka t o m den 1:a maj. Vi kommer att fira m\u00e4ssa p\u00e5 torsdagar (kl 12.00 med biskopen som huvudcelebrant), 11.00 p\u00e5 l\u00f6rdagar (f\u00f6rb\u00f6nsm\u00e4ssa som ibland inkluderar barndop i sj\u00e4lva m\u00e4ssan) och h\u00f6gm\u00e4ssa p\u00e5 s\u00f6ndagarna kl 15.00. Kl 18.00 firar ICS (International Church of Stockholm) m\u00e4ssa p\u00e5 engelska. ICS verksamhet \u00e4r v\u00e5r engelskspr\u00e5kiga verksamhet dit alla oavsett landstillh\u00f6righet \u00e4r v\u00e4lkomna.<br \/>F o m den 2.a maj \u00f6ppnar Storkyrkan igen f\u00f6r gudstj\u00e4nster och konserter \u00e4ven om inte allt arbete med renoveringen \u00e4r f\u00e4rdigt. S:t Jacobs kyrka forts\u00e4tter \u00e4ven sedan att fira m\u00e4ssa p\u00e5 s\u00f6ndagar och i andra sammanhang.<\/p>\n<p>Men allts\u00e5, redan nu:<\/p>\n<p>Kom och var med oss andra i S:t Jacob!<\/p>\n<div class=\"blogger-post-footer\"><img width='1' height='1' src='https:\/\/blogger.googleusercontent.com\/tracker\/9055441369901436026-6948950840517170443?l=akebonnier.blogspot.com' alt='' \/><\/div>\n","protected":false},"excerpt":{"rendered":"<p>Jo, s\u00e5 skulle s\u00e4kerligen en rubrik kunna formuleras om man skulle skriva en bok om renoveringen i Storkyrkan. S\u00e5 m\u00e5nga olika material kommer att anv\u00e4ndas f\u00f6r att f\u00e5 kyrkan riktigt fin. Urban Ullenius atelj\u00e9er AB \u00e4r generalentrepren\u00f6r och har sitt s\u00e4te i Sunne i V\u00e4rmland. V\u00e4rml\u00e4nningar \u00e4r ett klokt sl\u00e4kte vet jag som \u00e4r gift [&hellip;]<\/p>\n","protected":false},"author":108,"featured_media":0,"comment_status":"open","ping_status":"open","sticky":false,"template":"","format":"standard","meta":{"_acf_changed":false,"footnotes":""},"categories":[16337],"tags":[],"class_list":["post-360","post","type-post","status-publish","format-standard","hentry","category-bland-tops-och-svampar"],"acf":[],"yoast_head":"<!-- This site is optimized with the Yoast SEO plugin v27.1.1 - https:\/\/yoast.com\/product\/yoast-seo-wordpress\/ -->\n<title>Bland tops och svampar. - \u00c5ke Bonnier<\/title>\n<meta name=\"robots\" content=\"index, follow, max-snippet:-1, max-image-preview:large, max-video-preview:-1\" \/>\n<link rel=\"canonical\" href=\"https:\/\/blogg.svenskakyrkan.se\/akebonnier\/2010\/01\/12\/bland-tops-och-svampar\/\" \/>\n<meta property=\"og:locale\" content=\"sv_SE\" \/>\n<meta property=\"og:type\" content=\"article\" \/>\n<meta property=\"og:title\" content=\"Bland tops och svampar. - \u00c5ke Bonnier\" \/>\n<meta property=\"og:description\" content=\"Jo, s\u00e5 skulle s\u00e4kerligen en rubrik kunna formuleras om man skulle skriva en bok om renoveringen i Storkyrkan. S\u00e5 m\u00e5nga olika material kommer att anv\u00e4ndas f\u00f6r att f\u00e5 kyrkan riktigt fin. Urban Ullenius atelj\u00e9er AB \u00e4r generalentrepren\u00f6r och har sitt s\u00e4te i Sunne i V\u00e4rmland. V\u00e4rml\u00e4nningar \u00e4r ett klokt sl\u00e4kte vet jag som \u00e4r gift [&hellip;]\" \/>\n<meta property=\"og:url\" content=\"https:\/\/blogg.svenskakyrkan.se\/akebonnier\/2010\/01\/12\/bland-tops-och-svampar\/\" \/>\n<meta property=\"og:site_name\" content=\"\u00c5ke Bonnier\" \/>\n<meta property=\"article:published_time\" content=\"2010-01-12T22:12:00+00:00\" \/>\n<meta property=\"og:image\" content=\"https:\/\/blogger.googleusercontent.com\/tracker\/9055441369901436026-6948950840517170443?l=akebonnier.blogspot.com\" \/>\n<meta name=\"author\" content=\"\u00c5ke Bonnier\" \/>\n<meta name=\"twitter:card\" content=\"summary_large_image\" \/>\n<meta name=\"twitter:label1\" content=\"Skriven av\" \/>\n\t<meta name=\"twitter:data1\" content=\"\u00c5ke Bonnier\" \/>\n\t<meta name=\"twitter:label2\" content=\"Ber\u00e4knad l\u00e4stid\" \/>\n\t<meta name=\"twitter:data2\" content=\"3 minuter\" \/>\n<script type=\"application\/ld+json\" class=\"yoast-schema-graph\">{\"@context\":\"https:\/\/schema.org\",\"@graph\":[{\"@type\":\"Article\",\"@id\":\"https:\/\/blogg.svenskakyrkan.se\/akebonnier\/2010\/01\/12\/bland-tops-och-svampar\/#article\",\"isPartOf\":{\"@id\":\"https:\/\/blogg.svenskakyrkan.se\/akebonnier\/2010\/01\/12\/bland-tops-och-svampar\/\"},\"author\":{\"name\":\"\u00c5ke Bonnier\",\"@id\":\"https:\/\/blogg.svenskakyrkan.se\/akebonnier\/#\/schema\/person\/8db68bc0c94f6a5a62df2d4486ff1343\"},\"headline\":\"Bland tops och svampar.\",\"datePublished\":\"2010-01-12T22:12:00+00:00\",\"mainEntityOfPage\":{\"@id\":\"https:\/\/blogg.svenskakyrkan.se\/akebonnier\/2010\/01\/12\/bland-tops-och-svampar\/\"},\"wordCount\":655,\"commentCount\":6,\"image\":{\"@id\":\"https:\/\/blogg.svenskakyrkan.se\/akebonnier\/2010\/01\/12\/bland-tops-och-svampar\/#primaryimage\"},\"thumbnailUrl\":\"https:\/\/blogger.googleusercontent.com\/tracker\/9055441369901436026-6948950840517170443?l=akebonnier.blogspot.com\",\"articleSection\":[\"Bland tops och svampar\"],\"inLanguage\":\"sv-SE\",\"potentialAction\":[{\"@type\":\"CommentAction\",\"name\":\"Comment\",\"target\":[\"https:\/\/blogg.svenskakyrkan.se\/akebonnier\/2010\/01\/12\/bland-tops-och-svampar\/#respond\"]}]},{\"@type\":\"WebPage\",\"@id\":\"https:\/\/blogg.svenskakyrkan.se\/akebonnier\/2010\/01\/12\/bland-tops-och-svampar\/\",\"url\":\"https:\/\/blogg.svenskakyrkan.se\/akebonnier\/2010\/01\/12\/bland-tops-och-svampar\/\",\"name\":\"Bland tops och svampar. - \u00c5ke Bonnier\",\"isPartOf\":{\"@id\":\"https:\/\/blogg.svenskakyrkan.se\/akebonnier\/#website\"},\"primaryImageOfPage\":{\"@id\":\"https:\/\/blogg.svenskakyrkan.se\/akebonnier\/2010\/01\/12\/bland-tops-och-svampar\/#primaryimage\"},\"image\":{\"@id\":\"https:\/\/blogg.svenskakyrkan.se\/akebonnier\/2010\/01\/12\/bland-tops-och-svampar\/#primaryimage\"},\"thumbnailUrl\":\"https:\/\/blogger.googleusercontent.com\/tracker\/9055441369901436026-6948950840517170443?l=akebonnier.blogspot.com\",\"datePublished\":\"2010-01-12T22:12:00+00:00\",\"author\":{\"@id\":\"https:\/\/blogg.svenskakyrkan.se\/akebonnier\/#\/schema\/person\/8db68bc0c94f6a5a62df2d4486ff1343\"},\"breadcrumb\":{\"@id\":\"https:\/\/blogg.svenskakyrkan.se\/akebonnier\/2010\/01\/12\/bland-tops-och-svampar\/#breadcrumb\"},\"inLanguage\":\"sv-SE\",\"potentialAction\":[{\"@type\":\"ReadAction\",\"target\":[\"https:\/\/blogg.svenskakyrkan.se\/akebonnier\/2010\/01\/12\/bland-tops-och-svampar\/\"]}]},{\"@type\":\"ImageObject\",\"inLanguage\":\"sv-SE\",\"@id\":\"https:\/\/blogg.svenskakyrkan.se\/akebonnier\/2010\/01\/12\/bland-tops-och-svampar\/#primaryimage\",\"url\":\"https:\/\/blogger.googleusercontent.com\/tracker\/9055441369901436026-6948950840517170443?l=akebonnier.blogspot.com\",\"contentUrl\":\"https:\/\/blogger.googleusercontent.com\/tracker\/9055441369901436026-6948950840517170443?l=akebonnier.blogspot.com\"},{\"@type\":\"BreadcrumbList\",\"@id\":\"https:\/\/blogg.svenskakyrkan.se\/akebonnier\/2010\/01\/12\/bland-tops-och-svampar\/#breadcrumb\",\"itemListElement\":[{\"@type\":\"ListItem\",\"position\":1,\"name\":\"Hem\",\"item\":\"https:\/\/blogg.svenskakyrkan.se\/akebonnier\/\"},{\"@type\":\"ListItem\",\"position\":2,\"name\":\"Bland tops och svampar.\"}]},{\"@type\":\"WebSite\",\"@id\":\"https:\/\/blogg.svenskakyrkan.se\/akebonnier\/#website\",\"url\":\"https:\/\/blogg.svenskakyrkan.se\/akebonnier\/\",\"name\":\"\u00c5ke Bonnier\",\"description\":\"Biskop i Svenska kyrkan - Skara stift\",\"potentialAction\":[{\"@type\":\"SearchAction\",\"target\":{\"@type\":\"EntryPoint\",\"urlTemplate\":\"https:\/\/blogg.svenskakyrkan.se\/akebonnier\/?s={search_term_string}\"},\"query-input\":{\"@type\":\"PropertyValueSpecification\",\"valueRequired\":true,\"valueName\":\"search_term_string\"}}],\"inLanguage\":\"sv-SE\"},{\"@type\":\"Person\",\"@id\":\"https:\/\/blogg.svenskakyrkan.se\/akebonnier\/#\/schema\/person\/8db68bc0c94f6a5a62df2d4486ff1343\",\"name\":\"\u00c5ke Bonnier\",\"image\":{\"@type\":\"ImageObject\",\"inLanguage\":\"sv-SE\",\"@id\":\"https:\/\/blogg.svenskakyrkan.se\/akebonnier\/#\/schema\/person\/image\/\",\"url\":\"https:\/\/secure.gravatar.com\/avatar\/b88264736bb0bc0d1ea92298aef02c9f98cfc13c7484130c42c663ae484f9462?s=96&d=mm&r=g\",\"contentUrl\":\"https:\/\/secure.gravatar.com\/avatar\/b88264736bb0bc0d1ea92298aef02c9f98cfc13c7484130c42c663ae484f9462?s=96&d=mm&r=g\",\"caption\":\"\u00c5ke Bonnier\"},\"description\":\"Jag \u00e4r gift och har tv\u00e5 vuxna d\u00f6ttrar. Pr\u00e4stvigdes 1984 och biskopsvigs 26 augusti 2012 . Jag har tidigare bland annat varit, komminister och kyrkoherde i Liding\u00f6 f\u00f6rsamling och domprost i Stockholms domkyrkof\u00f6rsamling. Jag \u00e4r intresserad av konst, litteratur, teater, film. Jag tr\u00e4nar regelbundet p\u00e5 gym. Mitt huvudsakliga musikintresse \u00e4r klassisk musik men ocks\u00e5 Beatles, Elvis Presley, Monika Zettelund, Povel Ramel och m\u00e5nga andra tycker jag om att lyssna p\u00e5. Jag l\u00e4ser f\u00f6r lite sk\u00f6nlitteratur beroende p\u00e5 annat som jag m\u00e5ste l\u00e4sa i mitt uppdrag som biskop. Men jag \u00e4lskar b\u00f6cker. Naturligtvis l\u00e4ser jag n\u00e4st intill dagligdags i \\\"B\u00f6ckernas Bok.\\\"\",\"sameAs\":[\"http:\/\/www.skarastift.se\"],\"url\":\"https:\/\/blogg.svenskakyrkan.se\/akebonnier\/author\/akebonnier\/\"}]}<\/script>\n<!-- \/ Yoast SEO plugin. -->","yoast_head_json":{"title":"Bland tops och svampar. - \u00c5ke Bonnier","robots":{"index":"index","follow":"follow","max-snippet":"max-snippet:-1","max-image-preview":"max-image-preview:large","max-video-preview":"max-video-preview:-1"},"canonical":"https:\/\/blogg.svenskakyrkan.se\/akebonnier\/2010\/01\/12\/bland-tops-och-svampar\/","og_locale":"sv_SE","og_type":"article","og_title":"Bland tops och svampar. - \u00c5ke Bonnier","og_description":"Jo, s\u00e5 skulle s\u00e4kerligen en rubrik kunna formuleras om man skulle skriva en bok om renoveringen i Storkyrkan. S\u00e5 m\u00e5nga olika material kommer att anv\u00e4ndas f\u00f6r att f\u00e5 kyrkan riktigt fin. Urban Ullenius atelj\u00e9er AB \u00e4r generalentrepren\u00f6r och har sitt s\u00e4te i Sunne i V\u00e4rmland. V\u00e4rml\u00e4nningar \u00e4r ett klokt sl\u00e4kte vet jag som \u00e4r gift [&hellip;]","og_url":"https:\/\/blogg.svenskakyrkan.se\/akebonnier\/2010\/01\/12\/bland-tops-och-svampar\/","og_site_name":"\u00c5ke Bonnier","article_published_time":"2010-01-12T22:12:00+00:00","og_image":[{"url":"https:\/\/blogger.googleusercontent.com\/tracker\/9055441369901436026-6948950840517170443?l=akebonnier.blogspot.com","type":"","width":"","height":""}],"author":"\u00c5ke Bonnier","twitter_card":"summary_large_image","twitter_misc":{"Skriven av":"\u00c5ke Bonnier","Ber\u00e4knad l\u00e4stid":"3 minuter"},"schema":{"@context":"https:\/\/schema.org","@graph":[{"@type":"Article","@id":"https:\/\/blogg.svenskakyrkan.se\/akebonnier\/2010\/01\/12\/bland-tops-och-svampar\/#article","isPartOf":{"@id":"https:\/\/blogg.svenskakyrkan.se\/akebonnier\/2010\/01\/12\/bland-tops-och-svampar\/"},"author":{"name":"\u00c5ke Bonnier","@id":"https:\/\/blogg.svenskakyrkan.se\/akebonnier\/#\/schema\/person\/8db68bc0c94f6a5a62df2d4486ff1343"},"headline":"Bland tops och svampar.","datePublished":"2010-01-12T22:12:00+00:00","mainEntityOfPage":{"@id":"https:\/\/blogg.svenskakyrkan.se\/akebonnier\/2010\/01\/12\/bland-tops-och-svampar\/"},"wordCount":655,"commentCount":6,"image":{"@id":"https:\/\/blogg.svenskakyrkan.se\/akebonnier\/2010\/01\/12\/bland-tops-och-svampar\/#primaryimage"},"thumbnailUrl":"https:\/\/blogger.googleusercontent.com\/tracker\/9055441369901436026-6948950840517170443?l=akebonnier.blogspot.com","articleSection":["Bland tops och svampar"],"inLanguage":"sv-SE","potentialAction":[{"@type":"CommentAction","name":"Comment","target":["https:\/\/blogg.svenskakyrkan.se\/akebonnier\/2010\/01\/12\/bland-tops-och-svampar\/#respond"]}]},{"@type":"WebPage","@id":"https:\/\/blogg.svenskakyrkan.se\/akebonnier\/2010\/01\/12\/bland-tops-och-svampar\/","url":"https:\/\/blogg.svenskakyrkan.se\/akebonnier\/2010\/01\/12\/bland-tops-och-svampar\/","name":"Bland tops och svampar. - \u00c5ke Bonnier","isPartOf":{"@id":"https:\/\/blogg.svenskakyrkan.se\/akebonnier\/#website"},"primaryImageOfPage":{"@id":"https:\/\/blogg.svenskakyrkan.se\/akebonnier\/2010\/01\/12\/bland-tops-och-svampar\/#primaryimage"},"image":{"@id":"https:\/\/blogg.svenskakyrkan.se\/akebonnier\/2010\/01\/12\/bland-tops-och-svampar\/#primaryimage"},"thumbnailUrl":"https:\/\/blogger.googleusercontent.com\/tracker\/9055441369901436026-6948950840517170443?l=akebonnier.blogspot.com","datePublished":"2010-01-12T22:12:00+00:00","author":{"@id":"https:\/\/blogg.svenskakyrkan.se\/akebonnier\/#\/schema\/person\/8db68bc0c94f6a5a62df2d4486ff1343"},"breadcrumb":{"@id":"https:\/\/blogg.svenskakyrkan.se\/akebonnier\/2010\/01\/12\/bland-tops-och-svampar\/#breadcrumb"},"inLanguage":"sv-SE","potentialAction":[{"@type":"ReadAction","target":["https:\/\/blogg.svenskakyrkan.se\/akebonnier\/2010\/01\/12\/bland-tops-och-svampar\/"]}]},{"@type":"ImageObject","inLanguage":"sv-SE","@id":"https:\/\/blogg.svenskakyrkan.se\/akebonnier\/2010\/01\/12\/bland-tops-och-svampar\/#primaryimage","url":"https:\/\/blogger.googleusercontent.com\/tracker\/9055441369901436026-6948950840517170443?l=akebonnier.blogspot.com","contentUrl":"https:\/\/blogger.googleusercontent.com\/tracker\/9055441369901436026-6948950840517170443?l=akebonnier.blogspot.com"},{"@type":"BreadcrumbList","@id":"https:\/\/blogg.svenskakyrkan.se\/akebonnier\/2010\/01\/12\/bland-tops-och-svampar\/#breadcrumb","itemListElement":[{"@type":"ListItem","position":1,"name":"Hem","item":"https:\/\/blogg.svenskakyrkan.se\/akebonnier\/"},{"@type":"ListItem","position":2,"name":"Bland tops och svampar."}]},{"@type":"WebSite","@id":"https:\/\/blogg.svenskakyrkan.se\/akebonnier\/#website","url":"https:\/\/blogg.svenskakyrkan.se\/akebonnier\/","name":"\u00c5ke Bonnier","description":"Biskop i Svenska kyrkan - Skara stift","potentialAction":[{"@type":"SearchAction","target":{"@type":"EntryPoint","urlTemplate":"https:\/\/blogg.svenskakyrkan.se\/akebonnier\/?s={search_term_string}"},"query-input":{"@type":"PropertyValueSpecification","valueRequired":true,"valueName":"search_term_string"}}],"inLanguage":"sv-SE"},{"@type":"Person","@id":"https:\/\/blogg.svenskakyrkan.se\/akebonnier\/#\/schema\/person\/8db68bc0c94f6a5a62df2d4486ff1343","name":"\u00c5ke Bonnier","image":{"@type":"ImageObject","inLanguage":"sv-SE","@id":"https:\/\/blogg.svenskakyrkan.se\/akebonnier\/#\/schema\/person\/image\/","url":"https:\/\/secure.gravatar.com\/avatar\/b88264736bb0bc0d1ea92298aef02c9f98cfc13c7484130c42c663ae484f9462?s=96&d=mm&r=g","contentUrl":"https:\/\/secure.gravatar.com\/avatar\/b88264736bb0bc0d1ea92298aef02c9f98cfc13c7484130c42c663ae484f9462?s=96&d=mm&r=g","caption":"\u00c5ke Bonnier"},"description":"Jag \u00e4r gift och har tv\u00e5 vuxna d\u00f6ttrar. Pr\u00e4stvigdes 1984 och biskopsvigs 26 augusti 2012 . Jag har tidigare bland annat varit, komminister och kyrkoherde i Liding\u00f6 f\u00f6rsamling och domprost i Stockholms domkyrkof\u00f6rsamling. Jag \u00e4r intresserad av konst, litteratur, teater, film. Jag tr\u00e4nar regelbundet p\u00e5 gym. Mitt huvudsakliga musikintresse \u00e4r klassisk musik men ocks\u00e5 Beatles, Elvis Presley, Monika Zettelund, Povel Ramel och m\u00e5nga andra tycker jag om att lyssna p\u00e5. Jag l\u00e4ser f\u00f6r lite sk\u00f6nlitteratur beroende p\u00e5 annat som jag m\u00e5ste l\u00e4sa i mitt uppdrag som biskop. Men jag \u00e4lskar b\u00f6cker. Naturligtvis l\u00e4ser jag n\u00e4st intill dagligdags i \"B\u00f6ckernas Bok.\"","sameAs":["http:\/\/www.skarastift.se"],"url":"https:\/\/blogg.svenskakyrkan.se\/akebonnier\/author\/akebonnier\/"}]}},"author_meta":{"ID":"108","user_nicename":"akebonnier","user_url":"http:\/\/www.skarastift.se","user_registered":"2011-10-11 09:24:48","display_name":"\u00c5ke Bonnier","first_name":"\u00c5ke","last_name":"Bonnier","avatar":"https:\/\/secure.gravatar.com\/avatar\/b88264736bb0bc0d1ea92298aef02c9f98cfc13c7484130c42c663ae484f9462?s=96&d=mm&r=g"},"featured_image":false,"bloginfo":{"name":"\u00c5ke Bonnier","url":"https:\/\/blogg.svenskakyrkan.se\/akebonnier"},"_links":{"self":[{"href":"https:\/\/blogg.svenskakyrkan.se\/akebonnier\/wp-json\/wp\/v2\/posts\/360","targetHints":{"allow":["GET"]}}],"collection":[{"href":"https:\/\/blogg.svenskakyrkan.se\/akebonnier\/wp-json\/wp\/v2\/posts"}],"about":[{"href":"https:\/\/blogg.svenskakyrkan.se\/akebonnier\/wp-json\/wp\/v2\/types\/post"}],"author":[{"embeddable":true,"href":"https:\/\/blogg.svenskakyrkan.se\/akebonnier\/wp-json\/wp\/v2\/users\/108"}],"replies":[{"embeddable":true,"href":"https:\/\/blogg.svenskakyrkan.se\/akebonnier\/wp-json\/wp\/v2\/comments?post=360"}],"version-history":[{"count":0,"href":"https:\/\/blogg.svenskakyrkan.se\/akebonnier\/wp-json\/wp\/v2\/posts\/360\/revisions"}],"wp:attachment":[{"href":"https:\/\/blogg.svenskakyrkan.se\/akebonnier\/wp-json\/wp\/v2\/media?parent=360"}],"wp:term":[{"taxonomy":"category","embeddable":true,"href":"https:\/\/blogg.svenskakyrkan.se\/akebonnier\/wp-json\/wp\/v2\/categories?post=360"},{"taxonomy":"post_tag","embeddable":true,"href":"https:\/\/blogg.svenskakyrkan.se\/akebonnier\/wp-json\/wp\/v2\/tags?post=360"}],"curies":[{"name":"wp","href":"https:\/\/api.w.org\/{rel}","templated":true}]}}