{"id":361,"date":"2010-01-14T20:42:00","date_gmt":"2010-01-14T20:42:00","guid":{"rendered":"http:\/\/blogg.svenskakyrkan.se\/akebonnier\/2010\/01\/14\/jag-drommer-ocksa-om-en-kyrka-i-tiden\/"},"modified":"2010-01-14T20:42:00","modified_gmt":"2010-01-14T20:42:00","slug":"jag-drommer-ocksa-om-en-kyrka-i-tiden","status":"publish","type":"post","link":"https:\/\/blogg.svenskakyrkan.se\/akebonnier\/2010\/01\/14\/jag-drommer-ocksa-om-en-kyrka-i-tiden\/","title":{"rendered":"Jag dr\u00f6mmer ocks\u00e5 om en kyrka i tiden!"},"content":{"rendered":"<p>Generalsekreteraren i Equmenia Patric Forsling skrev en bra artikel i g\u00e5rdagens nummer av den utm\u00e4rkta tidningen Dagen! (<a href=\"http:\/\/www.dagen.se\/dagen\/article.aspx?id=199377\">http:\/\/www.dagen.se\/dagen\/article.aspx?id=199377<\/a>) Han dr\u00f6mmer om en ny kyrka d\u00e4r Jesus Kristus \u00e4r i centrum men d\u00e4r inte allt m\u00e5ste vara som det alltid varit. Jag delar inte alla Patrics tankar, men dr\u00f6mmen om en kyrka d\u00e4r m\u00e4nniskor k\u00e4nner sig hemma, d\u00e4r man n\u00e5s av ett existentiellt tilltal som b\u00e4r, som ber\u00f6r, d\u00e4r Jesus Kristus \u00e4r tydlig och d\u00e4r kyrkan och dess budskap blir som en magnet \u00e4r viktig. Den kyrkan dr\u00f6mmer jag om. Jo, jag vet att S:ta Clara kyrka fylls varje s\u00f6ndag liksom Allhelgonakyrkan och det \u00e4r fantastiskt roligt. Men, jag dr\u00f6mmer om att kyrkan eller kyrkorna (andra trossamfund ocks\u00e5) ska bli platser d\u00e4r man \u00e4r hemma och att det som man tar emot &#8221;hemma&#8221; ska b\u00e4ra n\u00e4r man arbetar, n\u00e4r man tr\u00e4ffar andra m\u00e4nniskor etc, etc. Kort sagt dr\u00f6mmer jag om en kyrka d\u00e4r dess medlemmar med stolthet i r\u00f6sten s\u00e4ger: &#8221;jag \u00e4r kristen&#8221;.<\/p>\n<p>Vad kan vi som finns i kyrkans sammanhang g\u00f6ra idag? Vara trogna v\u00e5ra kyrkor, st\u00f6dja, inspirera, bedja, finnas med, \u00e4lska den trots dess brister. Vi som f\u00f6rkunnar p\u00e5 olika s\u00e4tt m\u00e5ste fundera \u00f6ver vad vi s\u00e4ger s\u00e5 att f\u00f6rkunnelsen blir angel\u00e4gen f\u00f6r dem som kommer, angel\u00e4gen f\u00f6r v\u00e5ra grannar, angel\u00e4gen f\u00f6r dem vi m\u00f6ter ute i samh\u00e4llet p\u00e5 olika s\u00e4tt. L\u00e5t oss se hur vi tillsammans kan skapa en Kyrka (med stort K f\u00f6r att det handlar om kristenheten i Sverige) som \u00e4r angel\u00e4gen f\u00f6r m\u00e5nga, m\u00e5nga.<\/p>\n<p>V\u00e4gen fram\u00e5t heter <em>ora et labora!<\/em> Bed och arbeta! Men tillsammans och g\u00e4rna \u00f6ver trossamfundsgr\u00e4nser f\u00f6r att se hur vi kan st\u00f6dja och inspirera varandra.<\/p>\n<p>Idag tr\u00e4ffade jag en metodistpastor, en katolsk pr\u00e4st och en missionspastor och med oss per telefon hade vi en pingstpastor. Vi talade om att bilda ett regionalt ekumeniskt r\u00e5d just f\u00f6r att dela v\u00e5ra tankar, dela v\u00e5ra sm\u00e4rtor, inspirera varandra och inspirera andra, fira gudstj\u00e4nst ihop, g\u00f6ra mer spektakul\u00e4ra saker ihop. Vi tror inte p\u00e5 samma s\u00e4tt, vi tolkar inte p\u00e5 samma s\u00e4tt, men den \u00f6msesidiga k\u00e4rleken g\u00f6r att ingenting kan skilja oss \u00e5t. Det \u00e4r fantastiskt! Tack k\u00e4ra syskon i Kyrkans gemenskap!<\/p>\n<p>En kyrka i tiden m\u00e5ste ocks\u00e5 bry sig om de som finns l\u00e5ngt borta. Haitis katastrof \u00e4r fasansfull, fullst\u00e4ndigt fasansfull!! Jag hoppas att Svenska kyrkans internationella arbete kommer p\u00e5 plats s\u00e5 snart som m\u00f6jligt med resurser. Men jag vet ju, som gammal lutherhj\u00e4lpare, att \u00e4ven om kyrkan inte \u00e4r snabbast p\u00e5 plats s\u00e5 \u00e4r kyrkan p\u00e5 plats ocks\u00e5 d\u00e5 alla tv-kameror slocknat. Att l\u00e5ngsiktigt finnas p\u00e5 plats och hj\u00e4lpa och st\u00f6dja \u00e4r livsviktigt &#8211; f\u00f6r en kyrka i tiden.<\/p>\n<div class=\"blogger-post-footer\"><img width='1' height='1' src='https:\/\/blogger.googleusercontent.com\/tracker\/9055441369901436026-3547937242940037547?l=akebonnier.blogspot.com' alt='' \/><\/div>\n","protected":false},"excerpt":{"rendered":"<p>Generalsekreteraren i Equmenia Patric Forsling skrev en bra artikel i g\u00e5rdagens nummer av den utm\u00e4rkta tidningen Dagen! (http:\/\/www.dagen.se\/dagen\/article.aspx?id=199377) Han dr\u00f6mmer om en ny kyrka d\u00e4r Jesus Kristus \u00e4r i centrum men d\u00e4r inte allt m\u00e5ste vara som det alltid varit. Jag delar inte alla Patrics tankar, men dr\u00f6mmen om en kyrka d\u00e4r m\u00e4nniskor k\u00e4nner sig [&hellip;]<\/p>\n","protected":false},"author":108,"featured_media":0,"comment_status":"open","ping_status":"open","sticky":false,"template":"","format":"standard","meta":{"_acf_changed":false,"footnotes":""},"categories":[16338],"tags":[],"class_list":["post-361","post","type-post","status-publish","format-standard","hentry","category-jag-drommer-ocksa-om-en-kyrka-i-tiden"],"acf":[],"yoast_head":"<!-- This site is optimized with the Yoast SEO plugin v27.1.1 - https:\/\/yoast.com\/product\/yoast-seo-wordpress\/ -->\n<title>Jag dr\u00f6mmer ocks\u00e5 om en kyrka i tiden! - \u00c5ke Bonnier<\/title>\n<meta name=\"robots\" content=\"index, follow, max-snippet:-1, max-image-preview:large, max-video-preview:-1\" \/>\n<link rel=\"canonical\" href=\"https:\/\/blogg.svenskakyrkan.se\/akebonnier\/2010\/01\/14\/jag-drommer-ocksa-om-en-kyrka-i-tiden\/\" \/>\n<meta property=\"og:locale\" content=\"sv_SE\" \/>\n<meta property=\"og:type\" content=\"article\" \/>\n<meta property=\"og:title\" content=\"Jag dr\u00f6mmer ocks\u00e5 om en kyrka i tiden! - \u00c5ke Bonnier\" \/>\n<meta property=\"og:description\" content=\"Generalsekreteraren i Equmenia Patric Forsling skrev en bra artikel i g\u00e5rdagens nummer av den utm\u00e4rkta tidningen Dagen! (http:\/\/www.dagen.se\/dagen\/article.aspx?id=199377) Han dr\u00f6mmer om en ny kyrka d\u00e4r Jesus Kristus \u00e4r i centrum men d\u00e4r inte allt m\u00e5ste vara som det alltid varit. Jag delar inte alla Patrics tankar, men dr\u00f6mmen om en kyrka d\u00e4r m\u00e4nniskor k\u00e4nner sig [&hellip;]\" \/>\n<meta property=\"og:url\" content=\"https:\/\/blogg.svenskakyrkan.se\/akebonnier\/2010\/01\/14\/jag-drommer-ocksa-om-en-kyrka-i-tiden\/\" \/>\n<meta property=\"og:site_name\" content=\"\u00c5ke Bonnier\" \/>\n<meta property=\"article:published_time\" content=\"2010-01-14T20:42:00+00:00\" \/>\n<meta property=\"og:image\" content=\"https:\/\/blogger.googleusercontent.com\/tracker\/9055441369901436026-3547937242940037547?l=akebonnier.blogspot.com\" \/>\n<meta name=\"author\" content=\"\u00c5ke Bonnier\" \/>\n<meta name=\"twitter:card\" content=\"summary_large_image\" \/>\n<meta name=\"twitter:label1\" content=\"Skriven av\" \/>\n\t<meta name=\"twitter:data1\" content=\"\u00c5ke Bonnier\" \/>\n\t<meta name=\"twitter:label2\" content=\"Ber\u00e4knad l\u00e4stid\" \/>\n\t<meta name=\"twitter:data2\" content=\"3 minuter\" \/>\n<script type=\"application\/ld+json\" class=\"yoast-schema-graph\">{\"@context\":\"https:\/\/schema.org\",\"@graph\":[{\"@type\":\"Article\",\"@id\":\"https:\/\/blogg.svenskakyrkan.se\/akebonnier\/2010\/01\/14\/jag-drommer-ocksa-om-en-kyrka-i-tiden\/#article\",\"isPartOf\":{\"@id\":\"https:\/\/blogg.svenskakyrkan.se\/akebonnier\/2010\/01\/14\/jag-drommer-ocksa-om-en-kyrka-i-tiden\/\"},\"author\":{\"name\":\"\u00c5ke Bonnier\",\"@id\":\"https:\/\/blogg.svenskakyrkan.se\/akebonnier\/#\/schema\/person\/8db68bc0c94f6a5a62df2d4486ff1343\"},\"headline\":\"Jag dr\u00f6mmer ocks\u00e5 om en kyrka i tiden!\",\"datePublished\":\"2010-01-14T20:42:00+00:00\",\"mainEntityOfPage\":{\"@id\":\"https:\/\/blogg.svenskakyrkan.se\/akebonnier\/2010\/01\/14\/jag-drommer-ocksa-om-en-kyrka-i-tiden\/\"},\"wordCount\":536,\"commentCount\":11,\"image\":{\"@id\":\"https:\/\/blogg.svenskakyrkan.se\/akebonnier\/2010\/01\/14\/jag-drommer-ocksa-om-en-kyrka-i-tiden\/#primaryimage\"},\"thumbnailUrl\":\"https:\/\/blogger.googleusercontent.com\/tracker\/9055441369901436026-3547937242940037547?l=akebonnier.blogspot.com\",\"articleSection\":[\"Jag dr\u00f6mmer ocks\u00e5 om en kyrka i tiden\"],\"inLanguage\":\"sv-SE\",\"potentialAction\":[{\"@type\":\"CommentAction\",\"name\":\"Comment\",\"target\":[\"https:\/\/blogg.svenskakyrkan.se\/akebonnier\/2010\/01\/14\/jag-drommer-ocksa-om-en-kyrka-i-tiden\/#respond\"]}]},{\"@type\":\"WebPage\",\"@id\":\"https:\/\/blogg.svenskakyrkan.se\/akebonnier\/2010\/01\/14\/jag-drommer-ocksa-om-en-kyrka-i-tiden\/\",\"url\":\"https:\/\/blogg.svenskakyrkan.se\/akebonnier\/2010\/01\/14\/jag-drommer-ocksa-om-en-kyrka-i-tiden\/\",\"name\":\"Jag dr\u00f6mmer ocks\u00e5 om en kyrka i tiden! - \u00c5ke Bonnier\",\"isPartOf\":{\"@id\":\"https:\/\/blogg.svenskakyrkan.se\/akebonnier\/#website\"},\"primaryImageOfPage\":{\"@id\":\"https:\/\/blogg.svenskakyrkan.se\/akebonnier\/2010\/01\/14\/jag-drommer-ocksa-om-en-kyrka-i-tiden\/#primaryimage\"},\"image\":{\"@id\":\"https:\/\/blogg.svenskakyrkan.se\/akebonnier\/2010\/01\/14\/jag-drommer-ocksa-om-en-kyrka-i-tiden\/#primaryimage\"},\"thumbnailUrl\":\"https:\/\/blogger.googleusercontent.com\/tracker\/9055441369901436026-3547937242940037547?l=akebonnier.blogspot.com\",\"datePublished\":\"2010-01-14T20:42:00+00:00\",\"author\":{\"@id\":\"https:\/\/blogg.svenskakyrkan.se\/akebonnier\/#\/schema\/person\/8db68bc0c94f6a5a62df2d4486ff1343\"},\"breadcrumb\":{\"@id\":\"https:\/\/blogg.svenskakyrkan.se\/akebonnier\/2010\/01\/14\/jag-drommer-ocksa-om-en-kyrka-i-tiden\/#breadcrumb\"},\"inLanguage\":\"sv-SE\",\"potentialAction\":[{\"@type\":\"ReadAction\",\"target\":[\"https:\/\/blogg.svenskakyrkan.se\/akebonnier\/2010\/01\/14\/jag-drommer-ocksa-om-en-kyrka-i-tiden\/\"]}]},{\"@type\":\"ImageObject\",\"inLanguage\":\"sv-SE\",\"@id\":\"https:\/\/blogg.svenskakyrkan.se\/akebonnier\/2010\/01\/14\/jag-drommer-ocksa-om-en-kyrka-i-tiden\/#primaryimage\",\"url\":\"https:\/\/blogger.googleusercontent.com\/tracker\/9055441369901436026-3547937242940037547?l=akebonnier.blogspot.com\",\"contentUrl\":\"https:\/\/blogger.googleusercontent.com\/tracker\/9055441369901436026-3547937242940037547?l=akebonnier.blogspot.com\"},{\"@type\":\"BreadcrumbList\",\"@id\":\"https:\/\/blogg.svenskakyrkan.se\/akebonnier\/2010\/01\/14\/jag-drommer-ocksa-om-en-kyrka-i-tiden\/#breadcrumb\",\"itemListElement\":[{\"@type\":\"ListItem\",\"position\":1,\"name\":\"Hem\",\"item\":\"https:\/\/blogg.svenskakyrkan.se\/akebonnier\/\"},{\"@type\":\"ListItem\",\"position\":2,\"name\":\"Jag dr\u00f6mmer ocks\u00e5 om en kyrka i tiden!\"}]},{\"@type\":\"WebSite\",\"@id\":\"https:\/\/blogg.svenskakyrkan.se\/akebonnier\/#website\",\"url\":\"https:\/\/blogg.svenskakyrkan.se\/akebonnier\/\",\"name\":\"\u00c5ke Bonnier\",\"description\":\"Biskop i Svenska kyrkan - Skara stift\",\"potentialAction\":[{\"@type\":\"SearchAction\",\"target\":{\"@type\":\"EntryPoint\",\"urlTemplate\":\"https:\/\/blogg.svenskakyrkan.se\/akebonnier\/?s={search_term_string}\"},\"query-input\":{\"@type\":\"PropertyValueSpecification\",\"valueRequired\":true,\"valueName\":\"search_term_string\"}}],\"inLanguage\":\"sv-SE\"},{\"@type\":\"Person\",\"@id\":\"https:\/\/blogg.svenskakyrkan.se\/akebonnier\/#\/schema\/person\/8db68bc0c94f6a5a62df2d4486ff1343\",\"name\":\"\u00c5ke Bonnier\",\"image\":{\"@type\":\"ImageObject\",\"inLanguage\":\"sv-SE\",\"@id\":\"https:\/\/blogg.svenskakyrkan.se\/akebonnier\/#\/schema\/person\/image\/\",\"url\":\"https:\/\/secure.gravatar.com\/avatar\/b88264736bb0bc0d1ea92298aef02c9f98cfc13c7484130c42c663ae484f9462?s=96&d=mm&r=g\",\"contentUrl\":\"https:\/\/secure.gravatar.com\/avatar\/b88264736bb0bc0d1ea92298aef02c9f98cfc13c7484130c42c663ae484f9462?s=96&d=mm&r=g\",\"caption\":\"\u00c5ke Bonnier\"},\"description\":\"Jag \u00e4r gift och har tv\u00e5 vuxna d\u00f6ttrar. Pr\u00e4stvigdes 1984 och biskopsvigs 26 augusti 2012 . Jag har tidigare bland annat varit, komminister och kyrkoherde i Liding\u00f6 f\u00f6rsamling och domprost i Stockholms domkyrkof\u00f6rsamling. Jag \u00e4r intresserad av konst, litteratur, teater, film. Jag tr\u00e4nar regelbundet p\u00e5 gym. Mitt huvudsakliga musikintresse \u00e4r klassisk musik men ocks\u00e5 Beatles, Elvis Presley, Monika Zettelund, Povel Ramel och m\u00e5nga andra tycker jag om att lyssna p\u00e5. Jag l\u00e4ser f\u00f6r lite sk\u00f6nlitteratur beroende p\u00e5 annat som jag m\u00e5ste l\u00e4sa i mitt uppdrag som biskop. Men jag \u00e4lskar b\u00f6cker. Naturligtvis l\u00e4ser jag n\u00e4st intill dagligdags i \\\"B\u00f6ckernas Bok.\\\"\",\"sameAs\":[\"http:\/\/www.skarastift.se\"],\"url\":\"https:\/\/blogg.svenskakyrkan.se\/akebonnier\/author\/akebonnier\/\"}]}<\/script>\n<!-- \/ Yoast SEO plugin. -->","yoast_head_json":{"title":"Jag dr\u00f6mmer ocks\u00e5 om en kyrka i tiden! - \u00c5ke Bonnier","robots":{"index":"index","follow":"follow","max-snippet":"max-snippet:-1","max-image-preview":"max-image-preview:large","max-video-preview":"max-video-preview:-1"},"canonical":"https:\/\/blogg.svenskakyrkan.se\/akebonnier\/2010\/01\/14\/jag-drommer-ocksa-om-en-kyrka-i-tiden\/","og_locale":"sv_SE","og_type":"article","og_title":"Jag dr\u00f6mmer ocks\u00e5 om en kyrka i tiden! - \u00c5ke Bonnier","og_description":"Generalsekreteraren i Equmenia Patric Forsling skrev en bra artikel i g\u00e5rdagens nummer av den utm\u00e4rkta tidningen Dagen! (http:\/\/www.dagen.se\/dagen\/article.aspx?id=199377) Han dr\u00f6mmer om en ny kyrka d\u00e4r Jesus Kristus \u00e4r i centrum men d\u00e4r inte allt m\u00e5ste vara som det alltid varit. Jag delar inte alla Patrics tankar, men dr\u00f6mmen om en kyrka d\u00e4r m\u00e4nniskor k\u00e4nner sig [&hellip;]","og_url":"https:\/\/blogg.svenskakyrkan.se\/akebonnier\/2010\/01\/14\/jag-drommer-ocksa-om-en-kyrka-i-tiden\/","og_site_name":"\u00c5ke Bonnier","article_published_time":"2010-01-14T20:42:00+00:00","og_image":[{"url":"https:\/\/blogger.googleusercontent.com\/tracker\/9055441369901436026-3547937242940037547?l=akebonnier.blogspot.com","type":"","width":"","height":""}],"author":"\u00c5ke Bonnier","twitter_card":"summary_large_image","twitter_misc":{"Skriven av":"\u00c5ke Bonnier","Ber\u00e4knad l\u00e4stid":"3 minuter"},"schema":{"@context":"https:\/\/schema.org","@graph":[{"@type":"Article","@id":"https:\/\/blogg.svenskakyrkan.se\/akebonnier\/2010\/01\/14\/jag-drommer-ocksa-om-en-kyrka-i-tiden\/#article","isPartOf":{"@id":"https:\/\/blogg.svenskakyrkan.se\/akebonnier\/2010\/01\/14\/jag-drommer-ocksa-om-en-kyrka-i-tiden\/"},"author":{"name":"\u00c5ke Bonnier","@id":"https:\/\/blogg.svenskakyrkan.se\/akebonnier\/#\/schema\/person\/8db68bc0c94f6a5a62df2d4486ff1343"},"headline":"Jag dr\u00f6mmer ocks\u00e5 om en kyrka i tiden!","datePublished":"2010-01-14T20:42:00+00:00","mainEntityOfPage":{"@id":"https:\/\/blogg.svenskakyrkan.se\/akebonnier\/2010\/01\/14\/jag-drommer-ocksa-om-en-kyrka-i-tiden\/"},"wordCount":536,"commentCount":11,"image":{"@id":"https:\/\/blogg.svenskakyrkan.se\/akebonnier\/2010\/01\/14\/jag-drommer-ocksa-om-en-kyrka-i-tiden\/#primaryimage"},"thumbnailUrl":"https:\/\/blogger.googleusercontent.com\/tracker\/9055441369901436026-3547937242940037547?l=akebonnier.blogspot.com","articleSection":["Jag dr\u00f6mmer ocks\u00e5 om en kyrka i tiden"],"inLanguage":"sv-SE","potentialAction":[{"@type":"CommentAction","name":"Comment","target":["https:\/\/blogg.svenskakyrkan.se\/akebonnier\/2010\/01\/14\/jag-drommer-ocksa-om-en-kyrka-i-tiden\/#respond"]}]},{"@type":"WebPage","@id":"https:\/\/blogg.svenskakyrkan.se\/akebonnier\/2010\/01\/14\/jag-drommer-ocksa-om-en-kyrka-i-tiden\/","url":"https:\/\/blogg.svenskakyrkan.se\/akebonnier\/2010\/01\/14\/jag-drommer-ocksa-om-en-kyrka-i-tiden\/","name":"Jag dr\u00f6mmer ocks\u00e5 om en kyrka i tiden! - \u00c5ke Bonnier","isPartOf":{"@id":"https:\/\/blogg.svenskakyrkan.se\/akebonnier\/#website"},"primaryImageOfPage":{"@id":"https:\/\/blogg.svenskakyrkan.se\/akebonnier\/2010\/01\/14\/jag-drommer-ocksa-om-en-kyrka-i-tiden\/#primaryimage"},"image":{"@id":"https:\/\/blogg.svenskakyrkan.se\/akebonnier\/2010\/01\/14\/jag-drommer-ocksa-om-en-kyrka-i-tiden\/#primaryimage"},"thumbnailUrl":"https:\/\/blogger.googleusercontent.com\/tracker\/9055441369901436026-3547937242940037547?l=akebonnier.blogspot.com","datePublished":"2010-01-14T20:42:00+00:00","author":{"@id":"https:\/\/blogg.svenskakyrkan.se\/akebonnier\/#\/schema\/person\/8db68bc0c94f6a5a62df2d4486ff1343"},"breadcrumb":{"@id":"https:\/\/blogg.svenskakyrkan.se\/akebonnier\/2010\/01\/14\/jag-drommer-ocksa-om-en-kyrka-i-tiden\/#breadcrumb"},"inLanguage":"sv-SE","potentialAction":[{"@type":"ReadAction","target":["https:\/\/blogg.svenskakyrkan.se\/akebonnier\/2010\/01\/14\/jag-drommer-ocksa-om-en-kyrka-i-tiden\/"]}]},{"@type":"ImageObject","inLanguage":"sv-SE","@id":"https:\/\/blogg.svenskakyrkan.se\/akebonnier\/2010\/01\/14\/jag-drommer-ocksa-om-en-kyrka-i-tiden\/#primaryimage","url":"https:\/\/blogger.googleusercontent.com\/tracker\/9055441369901436026-3547937242940037547?l=akebonnier.blogspot.com","contentUrl":"https:\/\/blogger.googleusercontent.com\/tracker\/9055441369901436026-3547937242940037547?l=akebonnier.blogspot.com"},{"@type":"BreadcrumbList","@id":"https:\/\/blogg.svenskakyrkan.se\/akebonnier\/2010\/01\/14\/jag-drommer-ocksa-om-en-kyrka-i-tiden\/#breadcrumb","itemListElement":[{"@type":"ListItem","position":1,"name":"Hem","item":"https:\/\/blogg.svenskakyrkan.se\/akebonnier\/"},{"@type":"ListItem","position":2,"name":"Jag dr\u00f6mmer ocks\u00e5 om en kyrka i tiden!"}]},{"@type":"WebSite","@id":"https:\/\/blogg.svenskakyrkan.se\/akebonnier\/#website","url":"https:\/\/blogg.svenskakyrkan.se\/akebonnier\/","name":"\u00c5ke Bonnier","description":"Biskop i Svenska kyrkan - Skara stift","potentialAction":[{"@type":"SearchAction","target":{"@type":"EntryPoint","urlTemplate":"https:\/\/blogg.svenskakyrkan.se\/akebonnier\/?s={search_term_string}"},"query-input":{"@type":"PropertyValueSpecification","valueRequired":true,"valueName":"search_term_string"}}],"inLanguage":"sv-SE"},{"@type":"Person","@id":"https:\/\/blogg.svenskakyrkan.se\/akebonnier\/#\/schema\/person\/8db68bc0c94f6a5a62df2d4486ff1343","name":"\u00c5ke Bonnier","image":{"@type":"ImageObject","inLanguage":"sv-SE","@id":"https:\/\/blogg.svenskakyrkan.se\/akebonnier\/#\/schema\/person\/image\/","url":"https:\/\/secure.gravatar.com\/avatar\/b88264736bb0bc0d1ea92298aef02c9f98cfc13c7484130c42c663ae484f9462?s=96&d=mm&r=g","contentUrl":"https:\/\/secure.gravatar.com\/avatar\/b88264736bb0bc0d1ea92298aef02c9f98cfc13c7484130c42c663ae484f9462?s=96&d=mm&r=g","caption":"\u00c5ke Bonnier"},"description":"Jag \u00e4r gift och har tv\u00e5 vuxna d\u00f6ttrar. Pr\u00e4stvigdes 1984 och biskopsvigs 26 augusti 2012 . Jag har tidigare bland annat varit, komminister och kyrkoherde i Liding\u00f6 f\u00f6rsamling och domprost i Stockholms domkyrkof\u00f6rsamling. Jag \u00e4r intresserad av konst, litteratur, teater, film. Jag tr\u00e4nar regelbundet p\u00e5 gym. Mitt huvudsakliga musikintresse \u00e4r klassisk musik men ocks\u00e5 Beatles, Elvis Presley, Monika Zettelund, Povel Ramel och m\u00e5nga andra tycker jag om att lyssna p\u00e5. Jag l\u00e4ser f\u00f6r lite sk\u00f6nlitteratur beroende p\u00e5 annat som jag m\u00e5ste l\u00e4sa i mitt uppdrag som biskop. Men jag \u00e4lskar b\u00f6cker. Naturligtvis l\u00e4ser jag n\u00e4st intill dagligdags i \"B\u00f6ckernas Bok.\"","sameAs":["http:\/\/www.skarastift.se"],"url":"https:\/\/blogg.svenskakyrkan.se\/akebonnier\/author\/akebonnier\/"}]}},"author_meta":{"ID":"108","user_nicename":"akebonnier","user_url":"http:\/\/www.skarastift.se","user_registered":"2011-10-11 09:24:48","display_name":"\u00c5ke Bonnier","first_name":"\u00c5ke","last_name":"Bonnier","avatar":"https:\/\/secure.gravatar.com\/avatar\/b88264736bb0bc0d1ea92298aef02c9f98cfc13c7484130c42c663ae484f9462?s=96&d=mm&r=g"},"featured_image":false,"bloginfo":{"name":"\u00c5ke Bonnier","url":"https:\/\/blogg.svenskakyrkan.se\/akebonnier"},"_links":{"self":[{"href":"https:\/\/blogg.svenskakyrkan.se\/akebonnier\/wp-json\/wp\/v2\/posts\/361","targetHints":{"allow":["GET"]}}],"collection":[{"href":"https:\/\/blogg.svenskakyrkan.se\/akebonnier\/wp-json\/wp\/v2\/posts"}],"about":[{"href":"https:\/\/blogg.svenskakyrkan.se\/akebonnier\/wp-json\/wp\/v2\/types\/post"}],"author":[{"embeddable":true,"href":"https:\/\/blogg.svenskakyrkan.se\/akebonnier\/wp-json\/wp\/v2\/users\/108"}],"replies":[{"embeddable":true,"href":"https:\/\/blogg.svenskakyrkan.se\/akebonnier\/wp-json\/wp\/v2\/comments?post=361"}],"version-history":[{"count":0,"href":"https:\/\/blogg.svenskakyrkan.se\/akebonnier\/wp-json\/wp\/v2\/posts\/361\/revisions"}],"wp:attachment":[{"href":"https:\/\/blogg.svenskakyrkan.se\/akebonnier\/wp-json\/wp\/v2\/media?parent=361"}],"wp:term":[{"taxonomy":"category","embeddable":true,"href":"https:\/\/blogg.svenskakyrkan.se\/akebonnier\/wp-json\/wp\/v2\/categories?post=361"},{"taxonomy":"post_tag","embeddable":true,"href":"https:\/\/blogg.svenskakyrkan.se\/akebonnier\/wp-json\/wp\/v2\/tags?post=361"}],"curies":[{"name":"wp","href":"https:\/\/api.w.org\/{rel}","templated":true}]}}