{"id":362,"date":"2010-01-17T22:02:00","date_gmt":"2010-01-17T22:02:00","guid":{"rendered":"http:\/\/blogg.svenskakyrkan.se\/akebonnier\/2010\/01\/17\/se-vi-gar-upp-till-jerusalem\/"},"modified":"2010-01-17T22:02:00","modified_gmt":"2010-01-17T22:02:00","slug":"se-vi-gar-upp-till-jerusalem","status":"publish","type":"post","link":"https:\/\/blogg.svenskakyrkan.se\/akebonnier\/2010\/01\/17\/se-vi-gar-upp-till-jerusalem\/","title":{"rendered":"Se, vi g\u00e5r upp till Jerusalem!"},"content":{"rendered":"<p>I dag har jag varit i Djursholms kapell och firat h\u00f6gm\u00e4ssa. Jag blir inbjuden ca 1 g\u00e5ng per \u00e5r och kommer med gl\u00e4dje. Kapellk\u00f6ren sj\u00f6ng och kapellv\u00e4rd l\u00e4ste text och sedvanligt sk\u00f6tte Ingmar och Inrid von Heine det hela utm\u00e4rkt. De styr med varm, fast och v\u00e4nlig hand gudstj\u00e4nstlivet i kapellet. Det \u00e4r bara att tacka Gud f\u00f6r deras engagemang och f\u00f6r alla andras engagemang f\u00f6r att f\u00e5 detta fina kapell s\u00e5 levande. Jag anar att Danderyds f\u00f6rsamling \u00e4r glad f\u00f6r kapellstiftelsens insatser.<\/p>\n<p>P\u00e5 eftermiddagen var det dags f\u00f6r den f\u00f6rsta h\u00f6gm\u00e4ssan i S:t jacob p\u00e5 l\u00e4nge. Storkyrkan \u00e4r st\u00e4ngd och allt gudstj\u00e4nstliv har flyttats ned till S:t Jacob. I g\u00e5r firade vi en fin f\u00f6rb\u00f6nsm\u00e4ssa d\u00e4r lilla Alice d\u00f6ptes och idag var det allts\u00e5 dags f\u00f6r h\u00f6gm\u00e4ssa enligt &#8221;konstens alla regler&#8221;. V\u00e5r ungdomsk\u00f6r sj\u00f6ng under Mikael Wedars ledning. Oh, s\u00e5 underbart de sj\u00f6ng!!! Evangelietexten handlade om kvinnan vid Sykars brunn, en text som handlar om att Jesus kan f\u00f6rvandla v\u00e5rt eget liv, ge oss ny syn p\u00e5 oss sj\u00e4lva och ny syn p\u00e5 Honom. Det \u00e4r en fantastisk text och oerh\u00f6rt utmanande.<\/p>\n<p>I morgon bitti \u00e4r det dags att fara till Jerusalem. Jo, vi \u00e4r ett g\u00e4ng pr\u00e4ster och andra medarbetare fr\u00e5n Stockholms domkyrkof\u00f6rsamling som ska fara f\u00f6r att f\u00f6rdjupa f\u00f6rsamlingens profil av religionsdialog och ekumenik. Vi bor p\u00e5 Svenska teologiska institutet och kanske kommer jag att blogga fr\u00e5n Jerusalem, tankar som v\u00e4cks i den stad d\u00e4r tre religioner ska samsas. Det \u00e4r sannerligen en knepig stad och underbar p\u00e5 en g\u00e5ng. Den \u00e4r knepig d\u00e4rf\u00f6r att den st\u00e4ndigt p\u00e5minner om sp\u00e4nningen mellan palestinier och israeler. Muren finns d\u00e4r fysiskt p\u00e5taglig och skyddar mot sj\u00e4lvmordsbombare och andra terrorister samtidigt som den inkr\u00e4ktar p\u00e5 palestinsk mark. Det \u00e4r sannerligen inte enkelt att f\u00f6rst\u00e5 dess existens. S\u00e5 m\u00e5nga oskyldiga m\u00e4nniskor drabbas av den israeliska milit\u00e4rens obegripliga behandling av vanliga civila, och samtidigt, \u00e5ter igen &#8211; muren har gjort att sj\u00e4lvmordsattentaten minskar. Varje mynt har tv\u00e5 sidor. Nu ska vi i vilket fall igenom muren, igenom sp\u00e4rrarna p\u00e5 Jerusalemssidan f\u00f6r att komma till Betlehem. Det \u00e4r med stor gl\u00e4dje jag far till det Heliga Landet och jag hoppas att denna resa ska b\u00e4ra frukt i v\u00e5r f\u00f6rsamling.<\/p>\n<p>Se, vi g\u00e5r upp till Jerusalem&#8230;<\/p>\n<div class=\"blogger-post-footer\"><img width='1' height='1' src='https:\/\/blogger.googleusercontent.com\/tracker\/9055441369901436026-9176875418091121567?l=akebonnier.blogspot.com' alt='' \/><\/div>\n","protected":false},"excerpt":{"rendered":"<p>I dag har jag varit i Djursholms kapell och firat h\u00f6gm\u00e4ssa. Jag blir inbjuden ca 1 g\u00e5ng per \u00e5r och kommer med gl\u00e4dje. Kapellk\u00f6ren sj\u00f6ng och kapellv\u00e4rd l\u00e4ste text och sedvanligt sk\u00f6tte Ingmar och Inrid von Heine det hela utm\u00e4rkt. De styr med varm, fast och v\u00e4nlig hand gudstj\u00e4nstlivet i kapellet. Det \u00e4r bara att [&hellip;]<\/p>\n","protected":false},"author":108,"featured_media":0,"comment_status":"open","ping_status":"open","sticky":false,"template":"","format":"standard","meta":{"_acf_changed":false,"footnotes":""},"categories":[16340,16339],"tags":[],"class_list":["post-362","post","type-post","status-publish","format-standard","hentry","category-se","category-vi-gar-upp-till-jerusalem"],"acf":[],"yoast_head":"<!-- This site is optimized with the Yoast SEO plugin v27.1.1 - https:\/\/yoast.com\/product\/yoast-seo-wordpress\/ -->\n<title>Se, vi g\u00e5r upp till Jerusalem! - \u00c5ke Bonnier<\/title>\n<meta name=\"robots\" content=\"index, follow, max-snippet:-1, max-image-preview:large, max-video-preview:-1\" \/>\n<link rel=\"canonical\" href=\"https:\/\/blogg.svenskakyrkan.se\/akebonnier\/2010\/01\/17\/se-vi-gar-upp-till-jerusalem\/\" \/>\n<meta property=\"og:locale\" content=\"sv_SE\" \/>\n<meta property=\"og:type\" content=\"article\" \/>\n<meta property=\"og:title\" content=\"Se, vi g\u00e5r upp till Jerusalem! - \u00c5ke Bonnier\" \/>\n<meta property=\"og:description\" content=\"I dag har jag varit i Djursholms kapell och firat h\u00f6gm\u00e4ssa. Jag blir inbjuden ca 1 g\u00e5ng per \u00e5r och kommer med gl\u00e4dje. Kapellk\u00f6ren sj\u00f6ng och kapellv\u00e4rd l\u00e4ste text och sedvanligt sk\u00f6tte Ingmar och Inrid von Heine det hela utm\u00e4rkt. De styr med varm, fast och v\u00e4nlig hand gudstj\u00e4nstlivet i kapellet. Det \u00e4r bara att [&hellip;]\" \/>\n<meta property=\"og:url\" content=\"https:\/\/blogg.svenskakyrkan.se\/akebonnier\/2010\/01\/17\/se-vi-gar-upp-till-jerusalem\/\" \/>\n<meta property=\"og:site_name\" content=\"\u00c5ke Bonnier\" \/>\n<meta property=\"article:published_time\" content=\"2010-01-17T22:02:00+00:00\" \/>\n<meta property=\"og:image\" content=\"https:\/\/blogger.googleusercontent.com\/tracker\/9055441369901436026-9176875418091121567?l=akebonnier.blogspot.com\" \/>\n<meta name=\"author\" content=\"\u00c5ke Bonnier\" \/>\n<meta name=\"twitter:card\" content=\"summary_large_image\" \/>\n<meta name=\"twitter:label1\" content=\"Skriven av\" \/>\n\t<meta name=\"twitter:data1\" content=\"\u00c5ke Bonnier\" \/>\n\t<meta name=\"twitter:label2\" content=\"Ber\u00e4knad l\u00e4stid\" \/>\n\t<meta name=\"twitter:data2\" content=\"2 minuter\" \/>\n<script type=\"application\/ld+json\" class=\"yoast-schema-graph\">{\"@context\":\"https:\/\/schema.org\",\"@graph\":[{\"@type\":\"Article\",\"@id\":\"https:\/\/blogg.svenskakyrkan.se\/akebonnier\/2010\/01\/17\/se-vi-gar-upp-till-jerusalem\/#article\",\"isPartOf\":{\"@id\":\"https:\/\/blogg.svenskakyrkan.se\/akebonnier\/2010\/01\/17\/se-vi-gar-upp-till-jerusalem\/\"},\"author\":{\"name\":\"\u00c5ke Bonnier\",\"@id\":\"https:\/\/blogg.svenskakyrkan.se\/akebonnier\/#\/schema\/person\/8db68bc0c94f6a5a62df2d4486ff1343\"},\"headline\":\"Se, vi g\u00e5r upp till Jerusalem!\",\"datePublished\":\"2010-01-17T22:02:00+00:00\",\"mainEntityOfPage\":{\"@id\":\"https:\/\/blogg.svenskakyrkan.se\/akebonnier\/2010\/01\/17\/se-vi-gar-upp-till-jerusalem\/\"},\"wordCount\":452,\"commentCount\":2,\"image\":{\"@id\":\"https:\/\/blogg.svenskakyrkan.se\/akebonnier\/2010\/01\/17\/se-vi-gar-upp-till-jerusalem\/#primaryimage\"},\"thumbnailUrl\":\"https:\/\/blogger.googleusercontent.com\/tracker\/9055441369901436026-9176875418091121567?l=akebonnier.blogspot.com\",\"articleSection\":[\"Se\",\"vi g\u00e5r upp till Jerusalem\"],\"inLanguage\":\"sv-SE\",\"potentialAction\":[{\"@type\":\"CommentAction\",\"name\":\"Comment\",\"target\":[\"https:\/\/blogg.svenskakyrkan.se\/akebonnier\/2010\/01\/17\/se-vi-gar-upp-till-jerusalem\/#respond\"]}]},{\"@type\":\"WebPage\",\"@id\":\"https:\/\/blogg.svenskakyrkan.se\/akebonnier\/2010\/01\/17\/se-vi-gar-upp-till-jerusalem\/\",\"url\":\"https:\/\/blogg.svenskakyrkan.se\/akebonnier\/2010\/01\/17\/se-vi-gar-upp-till-jerusalem\/\",\"name\":\"Se, vi g\u00e5r upp till Jerusalem! - \u00c5ke Bonnier\",\"isPartOf\":{\"@id\":\"https:\/\/blogg.svenskakyrkan.se\/akebonnier\/#website\"},\"primaryImageOfPage\":{\"@id\":\"https:\/\/blogg.svenskakyrkan.se\/akebonnier\/2010\/01\/17\/se-vi-gar-upp-till-jerusalem\/#primaryimage\"},\"image\":{\"@id\":\"https:\/\/blogg.svenskakyrkan.se\/akebonnier\/2010\/01\/17\/se-vi-gar-upp-till-jerusalem\/#primaryimage\"},\"thumbnailUrl\":\"https:\/\/blogger.googleusercontent.com\/tracker\/9055441369901436026-9176875418091121567?l=akebonnier.blogspot.com\",\"datePublished\":\"2010-01-17T22:02:00+00:00\",\"author\":{\"@id\":\"https:\/\/blogg.svenskakyrkan.se\/akebonnier\/#\/schema\/person\/8db68bc0c94f6a5a62df2d4486ff1343\"},\"breadcrumb\":{\"@id\":\"https:\/\/blogg.svenskakyrkan.se\/akebonnier\/2010\/01\/17\/se-vi-gar-upp-till-jerusalem\/#breadcrumb\"},\"inLanguage\":\"sv-SE\",\"potentialAction\":[{\"@type\":\"ReadAction\",\"target\":[\"https:\/\/blogg.svenskakyrkan.se\/akebonnier\/2010\/01\/17\/se-vi-gar-upp-till-jerusalem\/\"]}]},{\"@type\":\"ImageObject\",\"inLanguage\":\"sv-SE\",\"@id\":\"https:\/\/blogg.svenskakyrkan.se\/akebonnier\/2010\/01\/17\/se-vi-gar-upp-till-jerusalem\/#primaryimage\",\"url\":\"https:\/\/blogger.googleusercontent.com\/tracker\/9055441369901436026-9176875418091121567?l=akebonnier.blogspot.com\",\"contentUrl\":\"https:\/\/blogger.googleusercontent.com\/tracker\/9055441369901436026-9176875418091121567?l=akebonnier.blogspot.com\"},{\"@type\":\"BreadcrumbList\",\"@id\":\"https:\/\/blogg.svenskakyrkan.se\/akebonnier\/2010\/01\/17\/se-vi-gar-upp-till-jerusalem\/#breadcrumb\",\"itemListElement\":[{\"@type\":\"ListItem\",\"position\":1,\"name\":\"Hem\",\"item\":\"https:\/\/blogg.svenskakyrkan.se\/akebonnier\/\"},{\"@type\":\"ListItem\",\"position\":2,\"name\":\"Se, vi g\u00e5r upp till Jerusalem!\"}]},{\"@type\":\"WebSite\",\"@id\":\"https:\/\/blogg.svenskakyrkan.se\/akebonnier\/#website\",\"url\":\"https:\/\/blogg.svenskakyrkan.se\/akebonnier\/\",\"name\":\"\u00c5ke Bonnier\",\"description\":\"Biskop i Svenska kyrkan - Skara stift\",\"potentialAction\":[{\"@type\":\"SearchAction\",\"target\":{\"@type\":\"EntryPoint\",\"urlTemplate\":\"https:\/\/blogg.svenskakyrkan.se\/akebonnier\/?s={search_term_string}\"},\"query-input\":{\"@type\":\"PropertyValueSpecification\",\"valueRequired\":true,\"valueName\":\"search_term_string\"}}],\"inLanguage\":\"sv-SE\"},{\"@type\":\"Person\",\"@id\":\"https:\/\/blogg.svenskakyrkan.se\/akebonnier\/#\/schema\/person\/8db68bc0c94f6a5a62df2d4486ff1343\",\"name\":\"\u00c5ke Bonnier\",\"image\":{\"@type\":\"ImageObject\",\"inLanguage\":\"sv-SE\",\"@id\":\"https:\/\/blogg.svenskakyrkan.se\/akebonnier\/#\/schema\/person\/image\/\",\"url\":\"https:\/\/secure.gravatar.com\/avatar\/b88264736bb0bc0d1ea92298aef02c9f98cfc13c7484130c42c663ae484f9462?s=96&d=mm&r=g\",\"contentUrl\":\"https:\/\/secure.gravatar.com\/avatar\/b88264736bb0bc0d1ea92298aef02c9f98cfc13c7484130c42c663ae484f9462?s=96&d=mm&r=g\",\"caption\":\"\u00c5ke Bonnier\"},\"description\":\"Jag \u00e4r gift och har tv\u00e5 vuxna d\u00f6ttrar. Pr\u00e4stvigdes 1984 och biskopsvigs 26 augusti 2012 . Jag har tidigare bland annat varit, komminister och kyrkoherde i Liding\u00f6 f\u00f6rsamling och domprost i Stockholms domkyrkof\u00f6rsamling. Jag \u00e4r intresserad av konst, litteratur, teater, film. Jag tr\u00e4nar regelbundet p\u00e5 gym. Mitt huvudsakliga musikintresse \u00e4r klassisk musik men ocks\u00e5 Beatles, Elvis Presley, Monika Zettelund, Povel Ramel och m\u00e5nga andra tycker jag om att lyssna p\u00e5. Jag l\u00e4ser f\u00f6r lite sk\u00f6nlitteratur beroende p\u00e5 annat som jag m\u00e5ste l\u00e4sa i mitt uppdrag som biskop. Men jag \u00e4lskar b\u00f6cker. Naturligtvis l\u00e4ser jag n\u00e4st intill dagligdags i \\\"B\u00f6ckernas Bok.\\\"\",\"sameAs\":[\"http:\/\/www.skarastift.se\"],\"url\":\"https:\/\/blogg.svenskakyrkan.se\/akebonnier\/author\/akebonnier\/\"}]}<\/script>\n<!-- \/ Yoast SEO plugin. -->","yoast_head_json":{"title":"Se, vi g\u00e5r upp till Jerusalem! - \u00c5ke Bonnier","robots":{"index":"index","follow":"follow","max-snippet":"max-snippet:-1","max-image-preview":"max-image-preview:large","max-video-preview":"max-video-preview:-1"},"canonical":"https:\/\/blogg.svenskakyrkan.se\/akebonnier\/2010\/01\/17\/se-vi-gar-upp-till-jerusalem\/","og_locale":"sv_SE","og_type":"article","og_title":"Se, vi g\u00e5r upp till Jerusalem! - \u00c5ke Bonnier","og_description":"I dag har jag varit i Djursholms kapell och firat h\u00f6gm\u00e4ssa. Jag blir inbjuden ca 1 g\u00e5ng per \u00e5r och kommer med gl\u00e4dje. Kapellk\u00f6ren sj\u00f6ng och kapellv\u00e4rd l\u00e4ste text och sedvanligt sk\u00f6tte Ingmar och Inrid von Heine det hela utm\u00e4rkt. De styr med varm, fast och v\u00e4nlig hand gudstj\u00e4nstlivet i kapellet. Det \u00e4r bara att [&hellip;]","og_url":"https:\/\/blogg.svenskakyrkan.se\/akebonnier\/2010\/01\/17\/se-vi-gar-upp-till-jerusalem\/","og_site_name":"\u00c5ke Bonnier","article_published_time":"2010-01-17T22:02:00+00:00","og_image":[{"url":"https:\/\/blogger.googleusercontent.com\/tracker\/9055441369901436026-9176875418091121567?l=akebonnier.blogspot.com","type":"","width":"","height":""}],"author":"\u00c5ke Bonnier","twitter_card":"summary_large_image","twitter_misc":{"Skriven av":"\u00c5ke Bonnier","Ber\u00e4knad l\u00e4stid":"2 minuter"},"schema":{"@context":"https:\/\/schema.org","@graph":[{"@type":"Article","@id":"https:\/\/blogg.svenskakyrkan.se\/akebonnier\/2010\/01\/17\/se-vi-gar-upp-till-jerusalem\/#article","isPartOf":{"@id":"https:\/\/blogg.svenskakyrkan.se\/akebonnier\/2010\/01\/17\/se-vi-gar-upp-till-jerusalem\/"},"author":{"name":"\u00c5ke Bonnier","@id":"https:\/\/blogg.svenskakyrkan.se\/akebonnier\/#\/schema\/person\/8db68bc0c94f6a5a62df2d4486ff1343"},"headline":"Se, vi g\u00e5r upp till Jerusalem!","datePublished":"2010-01-17T22:02:00+00:00","mainEntityOfPage":{"@id":"https:\/\/blogg.svenskakyrkan.se\/akebonnier\/2010\/01\/17\/se-vi-gar-upp-till-jerusalem\/"},"wordCount":452,"commentCount":2,"image":{"@id":"https:\/\/blogg.svenskakyrkan.se\/akebonnier\/2010\/01\/17\/se-vi-gar-upp-till-jerusalem\/#primaryimage"},"thumbnailUrl":"https:\/\/blogger.googleusercontent.com\/tracker\/9055441369901436026-9176875418091121567?l=akebonnier.blogspot.com","articleSection":["Se","vi g\u00e5r upp till Jerusalem"],"inLanguage":"sv-SE","potentialAction":[{"@type":"CommentAction","name":"Comment","target":["https:\/\/blogg.svenskakyrkan.se\/akebonnier\/2010\/01\/17\/se-vi-gar-upp-till-jerusalem\/#respond"]}]},{"@type":"WebPage","@id":"https:\/\/blogg.svenskakyrkan.se\/akebonnier\/2010\/01\/17\/se-vi-gar-upp-till-jerusalem\/","url":"https:\/\/blogg.svenskakyrkan.se\/akebonnier\/2010\/01\/17\/se-vi-gar-upp-till-jerusalem\/","name":"Se, vi g\u00e5r upp till Jerusalem! - \u00c5ke Bonnier","isPartOf":{"@id":"https:\/\/blogg.svenskakyrkan.se\/akebonnier\/#website"},"primaryImageOfPage":{"@id":"https:\/\/blogg.svenskakyrkan.se\/akebonnier\/2010\/01\/17\/se-vi-gar-upp-till-jerusalem\/#primaryimage"},"image":{"@id":"https:\/\/blogg.svenskakyrkan.se\/akebonnier\/2010\/01\/17\/se-vi-gar-upp-till-jerusalem\/#primaryimage"},"thumbnailUrl":"https:\/\/blogger.googleusercontent.com\/tracker\/9055441369901436026-9176875418091121567?l=akebonnier.blogspot.com","datePublished":"2010-01-17T22:02:00+00:00","author":{"@id":"https:\/\/blogg.svenskakyrkan.se\/akebonnier\/#\/schema\/person\/8db68bc0c94f6a5a62df2d4486ff1343"},"breadcrumb":{"@id":"https:\/\/blogg.svenskakyrkan.se\/akebonnier\/2010\/01\/17\/se-vi-gar-upp-till-jerusalem\/#breadcrumb"},"inLanguage":"sv-SE","potentialAction":[{"@type":"ReadAction","target":["https:\/\/blogg.svenskakyrkan.se\/akebonnier\/2010\/01\/17\/se-vi-gar-upp-till-jerusalem\/"]}]},{"@type":"ImageObject","inLanguage":"sv-SE","@id":"https:\/\/blogg.svenskakyrkan.se\/akebonnier\/2010\/01\/17\/se-vi-gar-upp-till-jerusalem\/#primaryimage","url":"https:\/\/blogger.googleusercontent.com\/tracker\/9055441369901436026-9176875418091121567?l=akebonnier.blogspot.com","contentUrl":"https:\/\/blogger.googleusercontent.com\/tracker\/9055441369901436026-9176875418091121567?l=akebonnier.blogspot.com"},{"@type":"BreadcrumbList","@id":"https:\/\/blogg.svenskakyrkan.se\/akebonnier\/2010\/01\/17\/se-vi-gar-upp-till-jerusalem\/#breadcrumb","itemListElement":[{"@type":"ListItem","position":1,"name":"Hem","item":"https:\/\/blogg.svenskakyrkan.se\/akebonnier\/"},{"@type":"ListItem","position":2,"name":"Se, vi g\u00e5r upp till Jerusalem!"}]},{"@type":"WebSite","@id":"https:\/\/blogg.svenskakyrkan.se\/akebonnier\/#website","url":"https:\/\/blogg.svenskakyrkan.se\/akebonnier\/","name":"\u00c5ke Bonnier","description":"Biskop i Svenska kyrkan - Skara stift","potentialAction":[{"@type":"SearchAction","target":{"@type":"EntryPoint","urlTemplate":"https:\/\/blogg.svenskakyrkan.se\/akebonnier\/?s={search_term_string}"},"query-input":{"@type":"PropertyValueSpecification","valueRequired":true,"valueName":"search_term_string"}}],"inLanguage":"sv-SE"},{"@type":"Person","@id":"https:\/\/blogg.svenskakyrkan.se\/akebonnier\/#\/schema\/person\/8db68bc0c94f6a5a62df2d4486ff1343","name":"\u00c5ke Bonnier","image":{"@type":"ImageObject","inLanguage":"sv-SE","@id":"https:\/\/blogg.svenskakyrkan.se\/akebonnier\/#\/schema\/person\/image\/","url":"https:\/\/secure.gravatar.com\/avatar\/b88264736bb0bc0d1ea92298aef02c9f98cfc13c7484130c42c663ae484f9462?s=96&d=mm&r=g","contentUrl":"https:\/\/secure.gravatar.com\/avatar\/b88264736bb0bc0d1ea92298aef02c9f98cfc13c7484130c42c663ae484f9462?s=96&d=mm&r=g","caption":"\u00c5ke Bonnier"},"description":"Jag \u00e4r gift och har tv\u00e5 vuxna d\u00f6ttrar. Pr\u00e4stvigdes 1984 och biskopsvigs 26 augusti 2012 . Jag har tidigare bland annat varit, komminister och kyrkoherde i Liding\u00f6 f\u00f6rsamling och domprost i Stockholms domkyrkof\u00f6rsamling. Jag \u00e4r intresserad av konst, litteratur, teater, film. Jag tr\u00e4nar regelbundet p\u00e5 gym. Mitt huvudsakliga musikintresse \u00e4r klassisk musik men ocks\u00e5 Beatles, Elvis Presley, Monika Zettelund, Povel Ramel och m\u00e5nga andra tycker jag om att lyssna p\u00e5. Jag l\u00e4ser f\u00f6r lite sk\u00f6nlitteratur beroende p\u00e5 annat som jag m\u00e5ste l\u00e4sa i mitt uppdrag som biskop. Men jag \u00e4lskar b\u00f6cker. Naturligtvis l\u00e4ser jag n\u00e4st intill dagligdags i \"B\u00f6ckernas Bok.\"","sameAs":["http:\/\/www.skarastift.se"],"url":"https:\/\/blogg.svenskakyrkan.se\/akebonnier\/author\/akebonnier\/"}]}},"author_meta":{"ID":"108","user_nicename":"akebonnier","user_url":"http:\/\/www.skarastift.se","user_registered":"2011-10-11 09:24:48","display_name":"\u00c5ke Bonnier","first_name":"\u00c5ke","last_name":"Bonnier","avatar":"https:\/\/secure.gravatar.com\/avatar\/b88264736bb0bc0d1ea92298aef02c9f98cfc13c7484130c42c663ae484f9462?s=96&d=mm&r=g"},"featured_image":false,"bloginfo":{"name":"\u00c5ke Bonnier","url":"https:\/\/blogg.svenskakyrkan.se\/akebonnier"},"_links":{"self":[{"href":"https:\/\/blogg.svenskakyrkan.se\/akebonnier\/wp-json\/wp\/v2\/posts\/362","targetHints":{"allow":["GET"]}}],"collection":[{"href":"https:\/\/blogg.svenskakyrkan.se\/akebonnier\/wp-json\/wp\/v2\/posts"}],"about":[{"href":"https:\/\/blogg.svenskakyrkan.se\/akebonnier\/wp-json\/wp\/v2\/types\/post"}],"author":[{"embeddable":true,"href":"https:\/\/blogg.svenskakyrkan.se\/akebonnier\/wp-json\/wp\/v2\/users\/108"}],"replies":[{"embeddable":true,"href":"https:\/\/blogg.svenskakyrkan.se\/akebonnier\/wp-json\/wp\/v2\/comments?post=362"}],"version-history":[{"count":0,"href":"https:\/\/blogg.svenskakyrkan.se\/akebonnier\/wp-json\/wp\/v2\/posts\/362\/revisions"}],"wp:attachment":[{"href":"https:\/\/blogg.svenskakyrkan.se\/akebonnier\/wp-json\/wp\/v2\/media?parent=362"}],"wp:term":[{"taxonomy":"category","embeddable":true,"href":"https:\/\/blogg.svenskakyrkan.se\/akebonnier\/wp-json\/wp\/v2\/categories?post=362"},{"taxonomy":"post_tag","embeddable":true,"href":"https:\/\/blogg.svenskakyrkan.se\/akebonnier\/wp-json\/wp\/v2\/tags?post=362"}],"curies":[{"name":"wp","href":"https:\/\/api.w.org\/{rel}","templated":true}]}}