{"id":375,"date":"2010-02-20T16:56:00","date_gmt":"2010-02-20T16:56:00","guid":{"rendered":"http:\/\/blogg.svenskakyrkan.se\/akebonnier\/2010\/02\/20\/aktenskapet\/"},"modified":"2010-02-20T16:56:00","modified_gmt":"2010-02-20T16:56:00","slug":"aktenskapet","status":"publish","type":"post","link":"https:\/\/blogg.svenskakyrkan.se\/akebonnier\/2010\/02\/20\/aktenskapet\/","title":{"rendered":"\u00c4ktenskapet"},"content":{"rendered":"<p>St\u00f6rst av allt \u00e4r k\u00e4rleken skriver aposteln Paulus i 1 Kor 13:13. Det \u00e4r underbara ord som ing\u00e5r i en text som med st\u00f6rsta sannolikhet handlar om den gudomliga k\u00e4rleken. Den \u00e4r verkligen st\u00f6rst av allt. Gud \u00e4lskar och har visat sin k\u00e4rlek till oss m\u00e4nniskor p\u00e5 flera s\u00e4tt men tydligast i Jesus Kristus och Hans liv, d\u00f6d och uppst\u00e5ndelse. V\u00e5r m\u00e4nskliga uppgift \u00e4r att genom ord och handling visa p\u00e5 den gudomliga k\u00e4rleken. Det \u00e4r v\u00e5r kallelse som kristna, ja egentligen alla m\u00e4nniskors kallelse. Ett s\u00e4tt att visa p\u00e5 den gudomliga k\u00e4rleken \u00e4r att ing\u00e5 \u00e4ktenskap d\u00e4r tv\u00e5 personers uppgift \u00e4r att leva i ett troget och livsl\u00e5ngt f\u00f6rh\u00e5llande d\u00e4r man f\u00e5r v\u00e4xa till sin ande och sj\u00e4l tillsammans (jo ocks\u00e5 kroppen f\u00e5r v\u00e4xa p\u00e5 ett s\u00e5dant s\u00e4tt som \u00e4r h\u00e4lsosamt), d\u00e4r man kan utvecklas tillsammans, gr\u00e5ta tillsammans, skratta tillsammans.<\/p>\n<p>Svenska kyrkan st\u00f6djer trofasta f\u00f6rh\u00e5llanden med livsl\u00e5ng inriktning. Det \u00e4r v\u00e5r grundh\u00e5llning oavsett k\u00f6n. Vi vill att tv\u00e5 m\u00e4nniskor som \u00e4lskar varandra djupt och innerligt och som inte skadar varandra eller sig sj\u00e4lva ska kunna leva ihop under juridiska former som \u00e4r lika f\u00f6r b\u00e5de heterosexuella och homosexuella par. Vi vill att dessa par ska kunna f\u00e5 f\u00f6rb\u00f6n och v\u00e4lsignelse i en gudstj\u00e4nst i kyrkan. Vi vill sedan st\u00f6tta dem p\u00e5 olika s\u00e4tt genom \u00e5tersamtal, genom dopsamtal, genom att vara livsguider f\u00f6r dem i deras gemensamma liv.<\/p>\n<p>Svenska kyrkan menar, enligt kyrkom\u00f6tets beslut, att det \u00e4r viktigt att alla par behandlas p\u00e5 samma s\u00e4tt, att alla par har samma kyrkliga r\u00e4ttigheter.<\/p>\n<p>Den viktiga roll som kyrkan nu har \u00e4r att p\u00e5 olika s\u00e4tt st\u00f6dja makarna, be f\u00f6r dem, lyssna till dem och samtala med dem. L\u00e5t oss ta den rollen p\u00e5 allvar. L\u00e5t oss bli \u00e4nnu b\u00e4ttre p\u00e5 att f\u00f6lja upp vigselpar och l\u00e5t oss bli \u00e4nnu b\u00e4ttre p\u00e5 f\u00f6rberedelsen innan sj\u00e4lva vigseln. Det \u00e4r en av mina \u00f6nskedr\u00f6mmar.<\/p>\n<p>Och jag till\u00e5ter mig att \u00f6nskedr\u00f6mma och jag hoppas att dr\u00f6mmen ska besannas!<\/p>\n<div class=\"blogger-post-footer\"><img width='1' height='1' src='https:\/\/blogger.googleusercontent.com\/tracker\/9055441369901436026-5217831826443420674?l=akebonnier.blogspot.com' alt='' \/><\/div>\n","protected":false},"excerpt":{"rendered":"<p>St\u00f6rst av allt \u00e4r k\u00e4rleken skriver aposteln Paulus i 1 Kor 13:13. Det \u00e4r underbara ord som ing\u00e5r i en text som med st\u00f6rsta sannolikhet handlar om den gudomliga k\u00e4rleken. Den \u00e4r verkligen st\u00f6rst av allt. Gud \u00e4lskar och har visat sin k\u00e4rlek till oss m\u00e4nniskor p\u00e5 flera s\u00e4tt men tydligast i Jesus Kristus och [&hellip;]<\/p>\n","protected":false},"author":108,"featured_media":0,"comment_status":"open","ping_status":"open","sticky":false,"template":"","format":"standard","meta":{"_acf_changed":false,"footnotes":""},"categories":[16354],"tags":[],"class_list":["post-375","post","type-post","status-publish","format-standard","hentry","category-aktenskap"],"acf":[],"yoast_head":"<!-- This site is optimized with the Yoast SEO plugin v27.1.1 - https:\/\/yoast.com\/product\/yoast-seo-wordpress\/ -->\n<title>\u00c4ktenskapet - \u00c5ke Bonnier<\/title>\n<meta name=\"robots\" content=\"index, follow, max-snippet:-1, max-image-preview:large, max-video-preview:-1\" \/>\n<link rel=\"canonical\" href=\"https:\/\/blogg.svenskakyrkan.se\/akebonnier\/2010\/02\/20\/aktenskapet\/\" \/>\n<meta property=\"og:locale\" content=\"sv_SE\" \/>\n<meta property=\"og:type\" content=\"article\" \/>\n<meta property=\"og:title\" content=\"\u00c4ktenskapet - \u00c5ke Bonnier\" \/>\n<meta property=\"og:description\" content=\"St\u00f6rst av allt \u00e4r k\u00e4rleken skriver aposteln Paulus i 1 Kor 13:13. Det \u00e4r underbara ord som ing\u00e5r i en text som med st\u00f6rsta sannolikhet handlar om den gudomliga k\u00e4rleken. Den \u00e4r verkligen st\u00f6rst av allt. Gud \u00e4lskar och har visat sin k\u00e4rlek till oss m\u00e4nniskor p\u00e5 flera s\u00e4tt men tydligast i Jesus Kristus och [&hellip;]\" \/>\n<meta property=\"og:url\" content=\"https:\/\/blogg.svenskakyrkan.se\/akebonnier\/2010\/02\/20\/aktenskapet\/\" \/>\n<meta property=\"og:site_name\" content=\"\u00c5ke Bonnier\" \/>\n<meta property=\"article:published_time\" content=\"2010-02-20T16:56:00+00:00\" \/>\n<meta property=\"og:image\" content=\"https:\/\/blogger.googleusercontent.com\/tracker\/9055441369901436026-5217831826443420674?l=akebonnier.blogspot.com\" \/>\n<meta name=\"author\" content=\"\u00c5ke Bonnier\" \/>\n<meta name=\"twitter:card\" content=\"summary_large_image\" \/>\n<meta name=\"twitter:label1\" content=\"Skriven av\" \/>\n\t<meta name=\"twitter:data1\" content=\"\u00c5ke Bonnier\" \/>\n\t<meta name=\"twitter:label2\" content=\"Ber\u00e4knad l\u00e4stid\" \/>\n\t<meta name=\"twitter:data2\" content=\"2 minuter\" \/>\n<script type=\"application\/ld+json\" class=\"yoast-schema-graph\">{\"@context\":\"https:\/\/schema.org\",\"@graph\":[{\"@type\":\"Article\",\"@id\":\"https:\/\/blogg.svenskakyrkan.se\/akebonnier\/2010\/02\/20\/aktenskapet\/#article\",\"isPartOf\":{\"@id\":\"https:\/\/blogg.svenskakyrkan.se\/akebonnier\/2010\/02\/20\/aktenskapet\/\"},\"author\":{\"name\":\"\u00c5ke Bonnier\",\"@id\":\"https:\/\/blogg.svenskakyrkan.se\/akebonnier\/#\/schema\/person\/8db68bc0c94f6a5a62df2d4486ff1343\"},\"headline\":\"\u00c4ktenskapet\",\"datePublished\":\"2010-02-20T16:56:00+00:00\",\"mainEntityOfPage\":{\"@id\":\"https:\/\/blogg.svenskakyrkan.se\/akebonnier\/2010\/02\/20\/aktenskapet\/\"},\"wordCount\":391,\"commentCount\":15,\"image\":{\"@id\":\"https:\/\/blogg.svenskakyrkan.se\/akebonnier\/2010\/02\/20\/aktenskapet\/#primaryimage\"},\"thumbnailUrl\":\"https:\/\/blogger.googleusercontent.com\/tracker\/9055441369901436026-5217831826443420674?l=akebonnier.blogspot.com\",\"articleSection\":[\"\u00c4ktenskap\"],\"inLanguage\":\"sv-SE\",\"potentialAction\":[{\"@type\":\"CommentAction\",\"name\":\"Comment\",\"target\":[\"https:\/\/blogg.svenskakyrkan.se\/akebonnier\/2010\/02\/20\/aktenskapet\/#respond\"]}]},{\"@type\":\"WebPage\",\"@id\":\"https:\/\/blogg.svenskakyrkan.se\/akebonnier\/2010\/02\/20\/aktenskapet\/\",\"url\":\"https:\/\/blogg.svenskakyrkan.se\/akebonnier\/2010\/02\/20\/aktenskapet\/\",\"name\":\"\u00c4ktenskapet - \u00c5ke Bonnier\",\"isPartOf\":{\"@id\":\"https:\/\/blogg.svenskakyrkan.se\/akebonnier\/#website\"},\"primaryImageOfPage\":{\"@id\":\"https:\/\/blogg.svenskakyrkan.se\/akebonnier\/2010\/02\/20\/aktenskapet\/#primaryimage\"},\"image\":{\"@id\":\"https:\/\/blogg.svenskakyrkan.se\/akebonnier\/2010\/02\/20\/aktenskapet\/#primaryimage\"},\"thumbnailUrl\":\"https:\/\/blogger.googleusercontent.com\/tracker\/9055441369901436026-5217831826443420674?l=akebonnier.blogspot.com\",\"datePublished\":\"2010-02-20T16:56:00+00:00\",\"author\":{\"@id\":\"https:\/\/blogg.svenskakyrkan.se\/akebonnier\/#\/schema\/person\/8db68bc0c94f6a5a62df2d4486ff1343\"},\"breadcrumb\":{\"@id\":\"https:\/\/blogg.svenskakyrkan.se\/akebonnier\/2010\/02\/20\/aktenskapet\/#breadcrumb\"},\"inLanguage\":\"sv-SE\",\"potentialAction\":[{\"@type\":\"ReadAction\",\"target\":[\"https:\/\/blogg.svenskakyrkan.se\/akebonnier\/2010\/02\/20\/aktenskapet\/\"]}]},{\"@type\":\"ImageObject\",\"inLanguage\":\"sv-SE\",\"@id\":\"https:\/\/blogg.svenskakyrkan.se\/akebonnier\/2010\/02\/20\/aktenskapet\/#primaryimage\",\"url\":\"https:\/\/blogger.googleusercontent.com\/tracker\/9055441369901436026-5217831826443420674?l=akebonnier.blogspot.com\",\"contentUrl\":\"https:\/\/blogger.googleusercontent.com\/tracker\/9055441369901436026-5217831826443420674?l=akebonnier.blogspot.com\"},{\"@type\":\"BreadcrumbList\",\"@id\":\"https:\/\/blogg.svenskakyrkan.se\/akebonnier\/2010\/02\/20\/aktenskapet\/#breadcrumb\",\"itemListElement\":[{\"@type\":\"ListItem\",\"position\":1,\"name\":\"Hem\",\"item\":\"https:\/\/blogg.svenskakyrkan.se\/akebonnier\/\"},{\"@type\":\"ListItem\",\"position\":2,\"name\":\"\u00c4ktenskapet\"}]},{\"@type\":\"WebSite\",\"@id\":\"https:\/\/blogg.svenskakyrkan.se\/akebonnier\/#website\",\"url\":\"https:\/\/blogg.svenskakyrkan.se\/akebonnier\/\",\"name\":\"\u00c5ke Bonnier\",\"description\":\"Biskop i Svenska kyrkan - Skara stift\",\"potentialAction\":[{\"@type\":\"SearchAction\",\"target\":{\"@type\":\"EntryPoint\",\"urlTemplate\":\"https:\/\/blogg.svenskakyrkan.se\/akebonnier\/?s={search_term_string}\"},\"query-input\":{\"@type\":\"PropertyValueSpecification\",\"valueRequired\":true,\"valueName\":\"search_term_string\"}}],\"inLanguage\":\"sv-SE\"},{\"@type\":\"Person\",\"@id\":\"https:\/\/blogg.svenskakyrkan.se\/akebonnier\/#\/schema\/person\/8db68bc0c94f6a5a62df2d4486ff1343\",\"name\":\"\u00c5ke Bonnier\",\"image\":{\"@type\":\"ImageObject\",\"inLanguage\":\"sv-SE\",\"@id\":\"https:\/\/blogg.svenskakyrkan.se\/akebonnier\/#\/schema\/person\/image\/\",\"url\":\"https:\/\/secure.gravatar.com\/avatar\/b88264736bb0bc0d1ea92298aef02c9f98cfc13c7484130c42c663ae484f9462?s=96&d=mm&r=g\",\"contentUrl\":\"https:\/\/secure.gravatar.com\/avatar\/b88264736bb0bc0d1ea92298aef02c9f98cfc13c7484130c42c663ae484f9462?s=96&d=mm&r=g\",\"caption\":\"\u00c5ke Bonnier\"},\"description\":\"Jag \u00e4r gift och har tv\u00e5 vuxna d\u00f6ttrar. Pr\u00e4stvigdes 1984 och biskopsvigs 26 augusti 2012 . Jag har tidigare bland annat varit, komminister och kyrkoherde i Liding\u00f6 f\u00f6rsamling och domprost i Stockholms domkyrkof\u00f6rsamling. Jag \u00e4r intresserad av konst, litteratur, teater, film. Jag tr\u00e4nar regelbundet p\u00e5 gym. Mitt huvudsakliga musikintresse \u00e4r klassisk musik men ocks\u00e5 Beatles, Elvis Presley, Monika Zettelund, Povel Ramel och m\u00e5nga andra tycker jag om att lyssna p\u00e5. Jag l\u00e4ser f\u00f6r lite sk\u00f6nlitteratur beroende p\u00e5 annat som jag m\u00e5ste l\u00e4sa i mitt uppdrag som biskop. Men jag \u00e4lskar b\u00f6cker. Naturligtvis l\u00e4ser jag n\u00e4st intill dagligdags i \\\"B\u00f6ckernas Bok.\\\"\",\"sameAs\":[\"http:\/\/www.skarastift.se\"],\"url\":\"https:\/\/blogg.svenskakyrkan.se\/akebonnier\/author\/akebonnier\/\"}]}<\/script>\n<!-- \/ Yoast SEO plugin. -->","yoast_head_json":{"title":"\u00c4ktenskapet - \u00c5ke Bonnier","robots":{"index":"index","follow":"follow","max-snippet":"max-snippet:-1","max-image-preview":"max-image-preview:large","max-video-preview":"max-video-preview:-1"},"canonical":"https:\/\/blogg.svenskakyrkan.se\/akebonnier\/2010\/02\/20\/aktenskapet\/","og_locale":"sv_SE","og_type":"article","og_title":"\u00c4ktenskapet - \u00c5ke Bonnier","og_description":"St\u00f6rst av allt \u00e4r k\u00e4rleken skriver aposteln Paulus i 1 Kor 13:13. Det \u00e4r underbara ord som ing\u00e5r i en text som med st\u00f6rsta sannolikhet handlar om den gudomliga k\u00e4rleken. Den \u00e4r verkligen st\u00f6rst av allt. Gud \u00e4lskar och har visat sin k\u00e4rlek till oss m\u00e4nniskor p\u00e5 flera s\u00e4tt men tydligast i Jesus Kristus och [&hellip;]","og_url":"https:\/\/blogg.svenskakyrkan.se\/akebonnier\/2010\/02\/20\/aktenskapet\/","og_site_name":"\u00c5ke Bonnier","article_published_time":"2010-02-20T16:56:00+00:00","og_image":[{"url":"https:\/\/blogger.googleusercontent.com\/tracker\/9055441369901436026-5217831826443420674?l=akebonnier.blogspot.com","type":"","width":"","height":""}],"author":"\u00c5ke Bonnier","twitter_card":"summary_large_image","twitter_misc":{"Skriven av":"\u00c5ke Bonnier","Ber\u00e4knad l\u00e4stid":"2 minuter"},"schema":{"@context":"https:\/\/schema.org","@graph":[{"@type":"Article","@id":"https:\/\/blogg.svenskakyrkan.se\/akebonnier\/2010\/02\/20\/aktenskapet\/#article","isPartOf":{"@id":"https:\/\/blogg.svenskakyrkan.se\/akebonnier\/2010\/02\/20\/aktenskapet\/"},"author":{"name":"\u00c5ke Bonnier","@id":"https:\/\/blogg.svenskakyrkan.se\/akebonnier\/#\/schema\/person\/8db68bc0c94f6a5a62df2d4486ff1343"},"headline":"\u00c4ktenskapet","datePublished":"2010-02-20T16:56:00+00:00","mainEntityOfPage":{"@id":"https:\/\/blogg.svenskakyrkan.se\/akebonnier\/2010\/02\/20\/aktenskapet\/"},"wordCount":391,"commentCount":15,"image":{"@id":"https:\/\/blogg.svenskakyrkan.se\/akebonnier\/2010\/02\/20\/aktenskapet\/#primaryimage"},"thumbnailUrl":"https:\/\/blogger.googleusercontent.com\/tracker\/9055441369901436026-5217831826443420674?l=akebonnier.blogspot.com","articleSection":["\u00c4ktenskap"],"inLanguage":"sv-SE","potentialAction":[{"@type":"CommentAction","name":"Comment","target":["https:\/\/blogg.svenskakyrkan.se\/akebonnier\/2010\/02\/20\/aktenskapet\/#respond"]}]},{"@type":"WebPage","@id":"https:\/\/blogg.svenskakyrkan.se\/akebonnier\/2010\/02\/20\/aktenskapet\/","url":"https:\/\/blogg.svenskakyrkan.se\/akebonnier\/2010\/02\/20\/aktenskapet\/","name":"\u00c4ktenskapet - \u00c5ke Bonnier","isPartOf":{"@id":"https:\/\/blogg.svenskakyrkan.se\/akebonnier\/#website"},"primaryImageOfPage":{"@id":"https:\/\/blogg.svenskakyrkan.se\/akebonnier\/2010\/02\/20\/aktenskapet\/#primaryimage"},"image":{"@id":"https:\/\/blogg.svenskakyrkan.se\/akebonnier\/2010\/02\/20\/aktenskapet\/#primaryimage"},"thumbnailUrl":"https:\/\/blogger.googleusercontent.com\/tracker\/9055441369901436026-5217831826443420674?l=akebonnier.blogspot.com","datePublished":"2010-02-20T16:56:00+00:00","author":{"@id":"https:\/\/blogg.svenskakyrkan.se\/akebonnier\/#\/schema\/person\/8db68bc0c94f6a5a62df2d4486ff1343"},"breadcrumb":{"@id":"https:\/\/blogg.svenskakyrkan.se\/akebonnier\/2010\/02\/20\/aktenskapet\/#breadcrumb"},"inLanguage":"sv-SE","potentialAction":[{"@type":"ReadAction","target":["https:\/\/blogg.svenskakyrkan.se\/akebonnier\/2010\/02\/20\/aktenskapet\/"]}]},{"@type":"ImageObject","inLanguage":"sv-SE","@id":"https:\/\/blogg.svenskakyrkan.se\/akebonnier\/2010\/02\/20\/aktenskapet\/#primaryimage","url":"https:\/\/blogger.googleusercontent.com\/tracker\/9055441369901436026-5217831826443420674?l=akebonnier.blogspot.com","contentUrl":"https:\/\/blogger.googleusercontent.com\/tracker\/9055441369901436026-5217831826443420674?l=akebonnier.blogspot.com"},{"@type":"BreadcrumbList","@id":"https:\/\/blogg.svenskakyrkan.se\/akebonnier\/2010\/02\/20\/aktenskapet\/#breadcrumb","itemListElement":[{"@type":"ListItem","position":1,"name":"Hem","item":"https:\/\/blogg.svenskakyrkan.se\/akebonnier\/"},{"@type":"ListItem","position":2,"name":"\u00c4ktenskapet"}]},{"@type":"WebSite","@id":"https:\/\/blogg.svenskakyrkan.se\/akebonnier\/#website","url":"https:\/\/blogg.svenskakyrkan.se\/akebonnier\/","name":"\u00c5ke Bonnier","description":"Biskop i Svenska kyrkan - Skara stift","potentialAction":[{"@type":"SearchAction","target":{"@type":"EntryPoint","urlTemplate":"https:\/\/blogg.svenskakyrkan.se\/akebonnier\/?s={search_term_string}"},"query-input":{"@type":"PropertyValueSpecification","valueRequired":true,"valueName":"search_term_string"}}],"inLanguage":"sv-SE"},{"@type":"Person","@id":"https:\/\/blogg.svenskakyrkan.se\/akebonnier\/#\/schema\/person\/8db68bc0c94f6a5a62df2d4486ff1343","name":"\u00c5ke Bonnier","image":{"@type":"ImageObject","inLanguage":"sv-SE","@id":"https:\/\/blogg.svenskakyrkan.se\/akebonnier\/#\/schema\/person\/image\/","url":"https:\/\/secure.gravatar.com\/avatar\/b88264736bb0bc0d1ea92298aef02c9f98cfc13c7484130c42c663ae484f9462?s=96&d=mm&r=g","contentUrl":"https:\/\/secure.gravatar.com\/avatar\/b88264736bb0bc0d1ea92298aef02c9f98cfc13c7484130c42c663ae484f9462?s=96&d=mm&r=g","caption":"\u00c5ke Bonnier"},"description":"Jag \u00e4r gift och har tv\u00e5 vuxna d\u00f6ttrar. Pr\u00e4stvigdes 1984 och biskopsvigs 26 augusti 2012 . Jag har tidigare bland annat varit, komminister och kyrkoherde i Liding\u00f6 f\u00f6rsamling och domprost i Stockholms domkyrkof\u00f6rsamling. Jag \u00e4r intresserad av konst, litteratur, teater, film. Jag tr\u00e4nar regelbundet p\u00e5 gym. Mitt huvudsakliga musikintresse \u00e4r klassisk musik men ocks\u00e5 Beatles, Elvis Presley, Monika Zettelund, Povel Ramel och m\u00e5nga andra tycker jag om att lyssna p\u00e5. Jag l\u00e4ser f\u00f6r lite sk\u00f6nlitteratur beroende p\u00e5 annat som jag m\u00e5ste l\u00e4sa i mitt uppdrag som biskop. Men jag \u00e4lskar b\u00f6cker. Naturligtvis l\u00e4ser jag n\u00e4st intill dagligdags i \"B\u00f6ckernas Bok.\"","sameAs":["http:\/\/www.skarastift.se"],"url":"https:\/\/blogg.svenskakyrkan.se\/akebonnier\/author\/akebonnier\/"}]}},"author_meta":{"ID":"108","user_nicename":"akebonnier","user_url":"http:\/\/www.skarastift.se","user_registered":"2011-10-11 09:24:48","display_name":"\u00c5ke Bonnier","first_name":"\u00c5ke","last_name":"Bonnier","avatar":"https:\/\/secure.gravatar.com\/avatar\/b88264736bb0bc0d1ea92298aef02c9f98cfc13c7484130c42c663ae484f9462?s=96&d=mm&r=g"},"featured_image":false,"bloginfo":{"name":"\u00c5ke Bonnier","url":"https:\/\/blogg.svenskakyrkan.se\/akebonnier"},"_links":{"self":[{"href":"https:\/\/blogg.svenskakyrkan.se\/akebonnier\/wp-json\/wp\/v2\/posts\/375","targetHints":{"allow":["GET"]}}],"collection":[{"href":"https:\/\/blogg.svenskakyrkan.se\/akebonnier\/wp-json\/wp\/v2\/posts"}],"about":[{"href":"https:\/\/blogg.svenskakyrkan.se\/akebonnier\/wp-json\/wp\/v2\/types\/post"}],"author":[{"embeddable":true,"href":"https:\/\/blogg.svenskakyrkan.se\/akebonnier\/wp-json\/wp\/v2\/users\/108"}],"replies":[{"embeddable":true,"href":"https:\/\/blogg.svenskakyrkan.se\/akebonnier\/wp-json\/wp\/v2\/comments?post=375"}],"version-history":[{"count":0,"href":"https:\/\/blogg.svenskakyrkan.se\/akebonnier\/wp-json\/wp\/v2\/posts\/375\/revisions"}],"wp:attachment":[{"href":"https:\/\/blogg.svenskakyrkan.se\/akebonnier\/wp-json\/wp\/v2\/media?parent=375"}],"wp:term":[{"taxonomy":"category","embeddable":true,"href":"https:\/\/blogg.svenskakyrkan.se\/akebonnier\/wp-json\/wp\/v2\/categories?post=375"},{"taxonomy":"post_tag","embeddable":true,"href":"https:\/\/blogg.svenskakyrkan.se\/akebonnier\/wp-json\/wp\/v2\/tags?post=375"}],"curies":[{"name":"wp","href":"https:\/\/api.w.org\/{rel}","templated":true}]}}