{"id":376,"date":"2010-02-23T16:29:00","date_gmt":"2010-02-23T16:29:00","guid":{"rendered":"http:\/\/blogg.svenskakyrkan.se\/akebonnier\/2010\/02\/23\/har-gud-kommit-tillbaka\/"},"modified":"2010-02-23T16:29:00","modified_gmt":"2010-02-23T16:29:00","slug":"har-gud-kommit-tillbaka","status":"publish","type":"post","link":"https:\/\/blogg.svenskakyrkan.se\/akebonnier\/2010\/02\/23\/har-gud-kommit-tillbaka\/","title":{"rendered":"Har Gud kommit tillbaka?"},"content":{"rendered":"<p>Fr\u00e5gan \u00e4r konstig och \u00e5terfinns implicit i tankar p\u00e5 Guds \u00e5terkomst som \u00e5terspeglas i den i och f\u00f6r sig utm\u00e4rkta artikeln p\u00e5 Idagsidan i Svenska Dagbladet: <a href=\"http:\/\/www.svd.se\/nyheter\/idagsidan\/existentiellt\/sverige-star-modell-for-en-ny-andlighet_4310195.svd\">http:\/\/www.svd.se\/nyheter\/idagsidan\/existentiellt\/sverige-star-modell-for-en-ny-andlighet_4310195.svd<\/a>. Jag tror inte att Gud har kommit tillbaka. Gud har alltid funnits h\u00e4r &#8211; ocks\u00e5 i det &#8221;sekulariserade&#8221; Sverige. Trots h\u00f6gt utvecklad individualism, trots f\u00e5 verkligt bek\u00e4nnande religi\u00f6sa m\u00e4nniskor finns Gud n\u00e4rvarande &#8211; ocks\u00e5 i m\u00e4nniskors liv. Men man har inte spr\u00e5k f\u00f6r det man tror p\u00e5 och man tar avst\u00e5nd fr\u00e5n s\u00e5dant som man tror att andra tror p\u00e5 utan att riktigt veta. Det finns ocks\u00e5, menar jag (och kyrkofadern Augustinus och f\u00f6rfattaren August Strindberg m fl.) en inneboende l\u00e4ngtan hos varje m\u00e4nniska, en l\u00e4ngtan efter &#8221;n\u00e5got mer&#8221; n\u00e5got b\u00e4ttre, n\u00e5got st\u00f6rre \u00e4n det som g\u00e5r att m\u00e4ta och v\u00e4ga. Ordet Gud (en bokstavskombination) tycks det ha g\u00e5tt troll i f\u00f6r somliga. Man tycks vara allergisk och sl\u00e5r bort det med en ryggm\u00e4rgsreflex. men \u00e4nd\u00e5 finns l\u00e4ngtan d\u00e4r hos oss alla &#8211; en l\u00e4ngtan efter k\u00e4rleken, en l\u00e4ngtan efter meningen, en l\u00e4ngtan efter det som b\u00e4r n\u00e4r allt k\u00e4nns nattsvart, en l\u00e4ngtan efter ljuset i det vardagsgr\u00e5.<\/p>\n<p>F\u00f6r mig \u00e4r Gud just allt det ovan beskrivna &#8211; k\u00e4rleken, ljuset &#8211; meningen (eller den som ger mitt liv en mening), den som b\u00e4r n\u00e4r allt bara \u00e4r slitit och jag undrar hur allt ska bli och den som m\u00f6ter mig i varje medm\u00e4nniska bara jag har f\u00f6rm\u00e5gan att se det. Tydligast finns Gud i den historiske Jesus som levde, dog och uppstod.<\/p>\n<p>Kanske \u00e4r det s\u00e5 att de som \u00e4r &#8221;gudsallergiska&#8221; blandar ihop bilden av Gud med Gud. Dessutom kanske man alltf\u00f6r l\u00e4tt fastnar i en antropomorf syn p\u00e5 Gud d\u00e4r Gud blir en gubbe p\u00e5 ett moln.<\/p>\n<p>En kollega sa till sin fru att hon \u00e4r nr 2 i hans liv (och han var nr 2 i hennes liv) f\u00f6r Gud \u00e4r nr 1. Jag skulle aldrig kunna s\u00e4ga s\u00e5 f\u00f6r Gud m\u00f6ter \u00f6verallt i alla. Den andliga v\u00e4g jag vandrar handlar om en kollektiv spiritualitet d\u00e4r v\u00e4gen till Gud &#8211; m\u00f6tesplatsen med Gud \u00e4r genom och med min medm\u00e4nniska, genom och med Dig!<\/p>\n<p>Du som l\u00e4ser min blogg just nu &#8211; det vore sp\u00e4nnande &#8211; oavsett Din livs\u00e5sk\u00e5dning &#8211; om Du skrev n\u00e5gra rader om Din egen syn p\u00e5 Gud. Har Gud kommit tillbaka i m\u00e4nniskor medvetande? \u00c4r Gud betydelsefull i Ditt liv?<\/p>\n<div class=\"blogger-post-footer\"><img width='1' height='1' src='https:\/\/blogger.googleusercontent.com\/tracker\/9055441369901436026-8741142615545847489?l=akebonnier.blogspot.com' alt='' \/><\/div>\n","protected":false},"excerpt":{"rendered":"<p>Fr\u00e5gan \u00e4r konstig och \u00e5terfinns implicit i tankar p\u00e5 Guds \u00e5terkomst som \u00e5terspeglas i den i och f\u00f6r sig utm\u00e4rkta artikeln p\u00e5 Idagsidan i Svenska Dagbladet: http:\/\/www.svd.se\/nyheter\/idagsidan\/existentiellt\/sverige-star-modell-for-en-ny-andlighet_4310195.svd. Jag tror inte att Gud har kommit tillbaka. Gud har alltid funnits h\u00e4r &#8211; ocks\u00e5 i det &#8221;sekulariserade&#8221; Sverige. Trots h\u00f6gt utvecklad individualism, trots f\u00e5 verkligt bek\u00e4nnande religi\u00f6sa [&hellip;]<\/p>\n","protected":false},"author":108,"featured_media":0,"comment_status":"open","ping_status":"open","sticky":false,"template":"","format":"standard","meta":{"_acf_changed":false,"footnotes":""},"categories":[9],"tags":[],"class_list":["post-376","post","type-post","status-publish","format-standard","hentry","category-okategoriserade"],"acf":[],"yoast_head":"<!-- This site is optimized with the Yoast SEO plugin v27.1.1 - https:\/\/yoast.com\/product\/yoast-seo-wordpress\/ -->\n<title>Har Gud kommit tillbaka? - \u00c5ke Bonnier<\/title>\n<meta name=\"robots\" content=\"index, follow, max-snippet:-1, max-image-preview:large, max-video-preview:-1\" \/>\n<link rel=\"canonical\" href=\"https:\/\/blogg.svenskakyrkan.se\/akebonnier\/2010\/02\/23\/har-gud-kommit-tillbaka\/\" \/>\n<meta property=\"og:locale\" content=\"sv_SE\" \/>\n<meta property=\"og:type\" content=\"article\" \/>\n<meta property=\"og:title\" content=\"Har Gud kommit tillbaka? - \u00c5ke Bonnier\" \/>\n<meta property=\"og:description\" content=\"Fr\u00e5gan \u00e4r konstig och \u00e5terfinns implicit i tankar p\u00e5 Guds \u00e5terkomst som \u00e5terspeglas i den i och f\u00f6r sig utm\u00e4rkta artikeln p\u00e5 Idagsidan i Svenska Dagbladet: http:\/\/www.svd.se\/nyheter\/idagsidan\/existentiellt\/sverige-star-modell-for-en-ny-andlighet_4310195.svd. Jag tror inte att Gud har kommit tillbaka. Gud har alltid funnits h\u00e4r &#8211; ocks\u00e5 i det &#8221;sekulariserade&#8221; Sverige. Trots h\u00f6gt utvecklad individualism, trots f\u00e5 verkligt bek\u00e4nnande religi\u00f6sa [&hellip;]\" \/>\n<meta property=\"og:url\" content=\"https:\/\/blogg.svenskakyrkan.se\/akebonnier\/2010\/02\/23\/har-gud-kommit-tillbaka\/\" \/>\n<meta property=\"og:site_name\" content=\"\u00c5ke Bonnier\" \/>\n<meta property=\"article:published_time\" content=\"2010-02-23T16:29:00+00:00\" \/>\n<meta property=\"og:image\" content=\"https:\/\/blogger.googleusercontent.com\/tracker\/9055441369901436026-8741142615545847489?l=akebonnier.blogspot.com\" \/>\n<meta name=\"author\" content=\"\u00c5ke Bonnier\" \/>\n<meta name=\"twitter:card\" content=\"summary_large_image\" \/>\n<meta name=\"twitter:label1\" content=\"Skriven av\" \/>\n\t<meta name=\"twitter:data1\" content=\"\u00c5ke Bonnier\" \/>\n\t<meta name=\"twitter:label2\" content=\"Ber\u00e4knad l\u00e4stid\" \/>\n\t<meta name=\"twitter:data2\" content=\"2 minuter\" \/>\n<script type=\"application\/ld+json\" class=\"yoast-schema-graph\">{\"@context\":\"https:\/\/schema.org\",\"@graph\":[{\"@type\":\"Article\",\"@id\":\"https:\/\/blogg.svenskakyrkan.se\/akebonnier\/2010\/02\/23\/har-gud-kommit-tillbaka\/#article\",\"isPartOf\":{\"@id\":\"https:\/\/blogg.svenskakyrkan.se\/akebonnier\/2010\/02\/23\/har-gud-kommit-tillbaka\/\"},\"author\":{\"name\":\"\u00c5ke Bonnier\",\"@id\":\"https:\/\/blogg.svenskakyrkan.se\/akebonnier\/#\/schema\/person\/8db68bc0c94f6a5a62df2d4486ff1343\"},\"headline\":\"Har Gud kommit tillbaka?\",\"datePublished\":\"2010-02-23T16:29:00+00:00\",\"mainEntityOfPage\":{\"@id\":\"https:\/\/blogg.svenskakyrkan.se\/akebonnier\/2010\/02\/23\/har-gud-kommit-tillbaka\/\"},\"wordCount\":468,\"commentCount\":13,\"image\":{\"@id\":\"https:\/\/blogg.svenskakyrkan.se\/akebonnier\/2010\/02\/23\/har-gud-kommit-tillbaka\/#primaryimage\"},\"thumbnailUrl\":\"https:\/\/blogger.googleusercontent.com\/tracker\/9055441369901436026-8741142615545847489?l=akebonnier.blogspot.com\",\"inLanguage\":\"sv-SE\",\"potentialAction\":[{\"@type\":\"CommentAction\",\"name\":\"Comment\",\"target\":[\"https:\/\/blogg.svenskakyrkan.se\/akebonnier\/2010\/02\/23\/har-gud-kommit-tillbaka\/#respond\"]}]},{\"@type\":\"WebPage\",\"@id\":\"https:\/\/blogg.svenskakyrkan.se\/akebonnier\/2010\/02\/23\/har-gud-kommit-tillbaka\/\",\"url\":\"https:\/\/blogg.svenskakyrkan.se\/akebonnier\/2010\/02\/23\/har-gud-kommit-tillbaka\/\",\"name\":\"Har Gud kommit tillbaka? - \u00c5ke Bonnier\",\"isPartOf\":{\"@id\":\"https:\/\/blogg.svenskakyrkan.se\/akebonnier\/#website\"},\"primaryImageOfPage\":{\"@id\":\"https:\/\/blogg.svenskakyrkan.se\/akebonnier\/2010\/02\/23\/har-gud-kommit-tillbaka\/#primaryimage\"},\"image\":{\"@id\":\"https:\/\/blogg.svenskakyrkan.se\/akebonnier\/2010\/02\/23\/har-gud-kommit-tillbaka\/#primaryimage\"},\"thumbnailUrl\":\"https:\/\/blogger.googleusercontent.com\/tracker\/9055441369901436026-8741142615545847489?l=akebonnier.blogspot.com\",\"datePublished\":\"2010-02-23T16:29:00+00:00\",\"author\":{\"@id\":\"https:\/\/blogg.svenskakyrkan.se\/akebonnier\/#\/schema\/person\/8db68bc0c94f6a5a62df2d4486ff1343\"},\"breadcrumb\":{\"@id\":\"https:\/\/blogg.svenskakyrkan.se\/akebonnier\/2010\/02\/23\/har-gud-kommit-tillbaka\/#breadcrumb\"},\"inLanguage\":\"sv-SE\",\"potentialAction\":[{\"@type\":\"ReadAction\",\"target\":[\"https:\/\/blogg.svenskakyrkan.se\/akebonnier\/2010\/02\/23\/har-gud-kommit-tillbaka\/\"]}]},{\"@type\":\"ImageObject\",\"inLanguage\":\"sv-SE\",\"@id\":\"https:\/\/blogg.svenskakyrkan.se\/akebonnier\/2010\/02\/23\/har-gud-kommit-tillbaka\/#primaryimage\",\"url\":\"https:\/\/blogger.googleusercontent.com\/tracker\/9055441369901436026-8741142615545847489?l=akebonnier.blogspot.com\",\"contentUrl\":\"https:\/\/blogger.googleusercontent.com\/tracker\/9055441369901436026-8741142615545847489?l=akebonnier.blogspot.com\"},{\"@type\":\"BreadcrumbList\",\"@id\":\"https:\/\/blogg.svenskakyrkan.se\/akebonnier\/2010\/02\/23\/har-gud-kommit-tillbaka\/#breadcrumb\",\"itemListElement\":[{\"@type\":\"ListItem\",\"position\":1,\"name\":\"Hem\",\"item\":\"https:\/\/blogg.svenskakyrkan.se\/akebonnier\/\"},{\"@type\":\"ListItem\",\"position\":2,\"name\":\"Har Gud kommit tillbaka?\"}]},{\"@type\":\"WebSite\",\"@id\":\"https:\/\/blogg.svenskakyrkan.se\/akebonnier\/#website\",\"url\":\"https:\/\/blogg.svenskakyrkan.se\/akebonnier\/\",\"name\":\"\u00c5ke Bonnier\",\"description\":\"Biskop i Svenska kyrkan - Skara stift\",\"potentialAction\":[{\"@type\":\"SearchAction\",\"target\":{\"@type\":\"EntryPoint\",\"urlTemplate\":\"https:\/\/blogg.svenskakyrkan.se\/akebonnier\/?s={search_term_string}\"},\"query-input\":{\"@type\":\"PropertyValueSpecification\",\"valueRequired\":true,\"valueName\":\"search_term_string\"}}],\"inLanguage\":\"sv-SE\"},{\"@type\":\"Person\",\"@id\":\"https:\/\/blogg.svenskakyrkan.se\/akebonnier\/#\/schema\/person\/8db68bc0c94f6a5a62df2d4486ff1343\",\"name\":\"\u00c5ke Bonnier\",\"image\":{\"@type\":\"ImageObject\",\"inLanguage\":\"sv-SE\",\"@id\":\"https:\/\/blogg.svenskakyrkan.se\/akebonnier\/#\/schema\/person\/image\/\",\"url\":\"https:\/\/secure.gravatar.com\/avatar\/b88264736bb0bc0d1ea92298aef02c9f98cfc13c7484130c42c663ae484f9462?s=96&d=mm&r=g\",\"contentUrl\":\"https:\/\/secure.gravatar.com\/avatar\/b88264736bb0bc0d1ea92298aef02c9f98cfc13c7484130c42c663ae484f9462?s=96&d=mm&r=g\",\"caption\":\"\u00c5ke Bonnier\"},\"description\":\"Jag \u00e4r gift och har tv\u00e5 vuxna d\u00f6ttrar. Pr\u00e4stvigdes 1984 och biskopsvigs 26 augusti 2012 . Jag har tidigare bland annat varit, komminister och kyrkoherde i Liding\u00f6 f\u00f6rsamling och domprost i Stockholms domkyrkof\u00f6rsamling. Jag \u00e4r intresserad av konst, litteratur, teater, film. Jag tr\u00e4nar regelbundet p\u00e5 gym. Mitt huvudsakliga musikintresse \u00e4r klassisk musik men ocks\u00e5 Beatles, Elvis Presley, Monika Zettelund, Povel Ramel och m\u00e5nga andra tycker jag om att lyssna p\u00e5. Jag l\u00e4ser f\u00f6r lite sk\u00f6nlitteratur beroende p\u00e5 annat som jag m\u00e5ste l\u00e4sa i mitt uppdrag som biskop. Men jag \u00e4lskar b\u00f6cker. Naturligtvis l\u00e4ser jag n\u00e4st intill dagligdags i \\\"B\u00f6ckernas Bok.\\\"\",\"sameAs\":[\"http:\/\/www.skarastift.se\"],\"url\":\"https:\/\/blogg.svenskakyrkan.se\/akebonnier\/author\/akebonnier\/\"}]}<\/script>\n<!-- \/ Yoast SEO plugin. -->","yoast_head_json":{"title":"Har Gud kommit tillbaka? - \u00c5ke Bonnier","robots":{"index":"index","follow":"follow","max-snippet":"max-snippet:-1","max-image-preview":"max-image-preview:large","max-video-preview":"max-video-preview:-1"},"canonical":"https:\/\/blogg.svenskakyrkan.se\/akebonnier\/2010\/02\/23\/har-gud-kommit-tillbaka\/","og_locale":"sv_SE","og_type":"article","og_title":"Har Gud kommit tillbaka? - \u00c5ke Bonnier","og_description":"Fr\u00e5gan \u00e4r konstig och \u00e5terfinns implicit i tankar p\u00e5 Guds \u00e5terkomst som \u00e5terspeglas i den i och f\u00f6r sig utm\u00e4rkta artikeln p\u00e5 Idagsidan i Svenska Dagbladet: http:\/\/www.svd.se\/nyheter\/idagsidan\/existentiellt\/sverige-star-modell-for-en-ny-andlighet_4310195.svd. Jag tror inte att Gud har kommit tillbaka. Gud har alltid funnits h\u00e4r &#8211; ocks\u00e5 i det &#8221;sekulariserade&#8221; Sverige. Trots h\u00f6gt utvecklad individualism, trots f\u00e5 verkligt bek\u00e4nnande religi\u00f6sa [&hellip;]","og_url":"https:\/\/blogg.svenskakyrkan.se\/akebonnier\/2010\/02\/23\/har-gud-kommit-tillbaka\/","og_site_name":"\u00c5ke Bonnier","article_published_time":"2010-02-23T16:29:00+00:00","og_image":[{"url":"https:\/\/blogger.googleusercontent.com\/tracker\/9055441369901436026-8741142615545847489?l=akebonnier.blogspot.com","type":"","width":"","height":""}],"author":"\u00c5ke Bonnier","twitter_card":"summary_large_image","twitter_misc":{"Skriven av":"\u00c5ke Bonnier","Ber\u00e4knad l\u00e4stid":"2 minuter"},"schema":{"@context":"https:\/\/schema.org","@graph":[{"@type":"Article","@id":"https:\/\/blogg.svenskakyrkan.se\/akebonnier\/2010\/02\/23\/har-gud-kommit-tillbaka\/#article","isPartOf":{"@id":"https:\/\/blogg.svenskakyrkan.se\/akebonnier\/2010\/02\/23\/har-gud-kommit-tillbaka\/"},"author":{"name":"\u00c5ke Bonnier","@id":"https:\/\/blogg.svenskakyrkan.se\/akebonnier\/#\/schema\/person\/8db68bc0c94f6a5a62df2d4486ff1343"},"headline":"Har Gud kommit tillbaka?","datePublished":"2010-02-23T16:29:00+00:00","mainEntityOfPage":{"@id":"https:\/\/blogg.svenskakyrkan.se\/akebonnier\/2010\/02\/23\/har-gud-kommit-tillbaka\/"},"wordCount":468,"commentCount":13,"image":{"@id":"https:\/\/blogg.svenskakyrkan.se\/akebonnier\/2010\/02\/23\/har-gud-kommit-tillbaka\/#primaryimage"},"thumbnailUrl":"https:\/\/blogger.googleusercontent.com\/tracker\/9055441369901436026-8741142615545847489?l=akebonnier.blogspot.com","inLanguage":"sv-SE","potentialAction":[{"@type":"CommentAction","name":"Comment","target":["https:\/\/blogg.svenskakyrkan.se\/akebonnier\/2010\/02\/23\/har-gud-kommit-tillbaka\/#respond"]}]},{"@type":"WebPage","@id":"https:\/\/blogg.svenskakyrkan.se\/akebonnier\/2010\/02\/23\/har-gud-kommit-tillbaka\/","url":"https:\/\/blogg.svenskakyrkan.se\/akebonnier\/2010\/02\/23\/har-gud-kommit-tillbaka\/","name":"Har Gud kommit tillbaka? - \u00c5ke Bonnier","isPartOf":{"@id":"https:\/\/blogg.svenskakyrkan.se\/akebonnier\/#website"},"primaryImageOfPage":{"@id":"https:\/\/blogg.svenskakyrkan.se\/akebonnier\/2010\/02\/23\/har-gud-kommit-tillbaka\/#primaryimage"},"image":{"@id":"https:\/\/blogg.svenskakyrkan.se\/akebonnier\/2010\/02\/23\/har-gud-kommit-tillbaka\/#primaryimage"},"thumbnailUrl":"https:\/\/blogger.googleusercontent.com\/tracker\/9055441369901436026-8741142615545847489?l=akebonnier.blogspot.com","datePublished":"2010-02-23T16:29:00+00:00","author":{"@id":"https:\/\/blogg.svenskakyrkan.se\/akebonnier\/#\/schema\/person\/8db68bc0c94f6a5a62df2d4486ff1343"},"breadcrumb":{"@id":"https:\/\/blogg.svenskakyrkan.se\/akebonnier\/2010\/02\/23\/har-gud-kommit-tillbaka\/#breadcrumb"},"inLanguage":"sv-SE","potentialAction":[{"@type":"ReadAction","target":["https:\/\/blogg.svenskakyrkan.se\/akebonnier\/2010\/02\/23\/har-gud-kommit-tillbaka\/"]}]},{"@type":"ImageObject","inLanguage":"sv-SE","@id":"https:\/\/blogg.svenskakyrkan.se\/akebonnier\/2010\/02\/23\/har-gud-kommit-tillbaka\/#primaryimage","url":"https:\/\/blogger.googleusercontent.com\/tracker\/9055441369901436026-8741142615545847489?l=akebonnier.blogspot.com","contentUrl":"https:\/\/blogger.googleusercontent.com\/tracker\/9055441369901436026-8741142615545847489?l=akebonnier.blogspot.com"},{"@type":"BreadcrumbList","@id":"https:\/\/blogg.svenskakyrkan.se\/akebonnier\/2010\/02\/23\/har-gud-kommit-tillbaka\/#breadcrumb","itemListElement":[{"@type":"ListItem","position":1,"name":"Hem","item":"https:\/\/blogg.svenskakyrkan.se\/akebonnier\/"},{"@type":"ListItem","position":2,"name":"Har Gud kommit tillbaka?"}]},{"@type":"WebSite","@id":"https:\/\/blogg.svenskakyrkan.se\/akebonnier\/#website","url":"https:\/\/blogg.svenskakyrkan.se\/akebonnier\/","name":"\u00c5ke Bonnier","description":"Biskop i Svenska kyrkan - Skara stift","potentialAction":[{"@type":"SearchAction","target":{"@type":"EntryPoint","urlTemplate":"https:\/\/blogg.svenskakyrkan.se\/akebonnier\/?s={search_term_string}"},"query-input":{"@type":"PropertyValueSpecification","valueRequired":true,"valueName":"search_term_string"}}],"inLanguage":"sv-SE"},{"@type":"Person","@id":"https:\/\/blogg.svenskakyrkan.se\/akebonnier\/#\/schema\/person\/8db68bc0c94f6a5a62df2d4486ff1343","name":"\u00c5ke Bonnier","image":{"@type":"ImageObject","inLanguage":"sv-SE","@id":"https:\/\/blogg.svenskakyrkan.se\/akebonnier\/#\/schema\/person\/image\/","url":"https:\/\/secure.gravatar.com\/avatar\/b88264736bb0bc0d1ea92298aef02c9f98cfc13c7484130c42c663ae484f9462?s=96&d=mm&r=g","contentUrl":"https:\/\/secure.gravatar.com\/avatar\/b88264736bb0bc0d1ea92298aef02c9f98cfc13c7484130c42c663ae484f9462?s=96&d=mm&r=g","caption":"\u00c5ke Bonnier"},"description":"Jag \u00e4r gift och har tv\u00e5 vuxna d\u00f6ttrar. Pr\u00e4stvigdes 1984 och biskopsvigs 26 augusti 2012 . Jag har tidigare bland annat varit, komminister och kyrkoherde i Liding\u00f6 f\u00f6rsamling och domprost i Stockholms domkyrkof\u00f6rsamling. Jag \u00e4r intresserad av konst, litteratur, teater, film. Jag tr\u00e4nar regelbundet p\u00e5 gym. Mitt huvudsakliga musikintresse \u00e4r klassisk musik men ocks\u00e5 Beatles, Elvis Presley, Monika Zettelund, Povel Ramel och m\u00e5nga andra tycker jag om att lyssna p\u00e5. Jag l\u00e4ser f\u00f6r lite sk\u00f6nlitteratur beroende p\u00e5 annat som jag m\u00e5ste l\u00e4sa i mitt uppdrag som biskop. Men jag \u00e4lskar b\u00f6cker. Naturligtvis l\u00e4ser jag n\u00e4st intill dagligdags i \"B\u00f6ckernas Bok.\"","sameAs":["http:\/\/www.skarastift.se"],"url":"https:\/\/blogg.svenskakyrkan.se\/akebonnier\/author\/akebonnier\/"}]}},"author_meta":{"ID":"108","user_nicename":"akebonnier","user_url":"http:\/\/www.skarastift.se","user_registered":"2011-10-11 09:24:48","display_name":"\u00c5ke Bonnier","first_name":"\u00c5ke","last_name":"Bonnier","avatar":"https:\/\/secure.gravatar.com\/avatar\/b88264736bb0bc0d1ea92298aef02c9f98cfc13c7484130c42c663ae484f9462?s=96&d=mm&r=g"},"featured_image":false,"bloginfo":{"name":"\u00c5ke Bonnier","url":"https:\/\/blogg.svenskakyrkan.se\/akebonnier"},"_links":{"self":[{"href":"https:\/\/blogg.svenskakyrkan.se\/akebonnier\/wp-json\/wp\/v2\/posts\/376","targetHints":{"allow":["GET"]}}],"collection":[{"href":"https:\/\/blogg.svenskakyrkan.se\/akebonnier\/wp-json\/wp\/v2\/posts"}],"about":[{"href":"https:\/\/blogg.svenskakyrkan.se\/akebonnier\/wp-json\/wp\/v2\/types\/post"}],"author":[{"embeddable":true,"href":"https:\/\/blogg.svenskakyrkan.se\/akebonnier\/wp-json\/wp\/v2\/users\/108"}],"replies":[{"embeddable":true,"href":"https:\/\/blogg.svenskakyrkan.se\/akebonnier\/wp-json\/wp\/v2\/comments?post=376"}],"version-history":[{"count":0,"href":"https:\/\/blogg.svenskakyrkan.se\/akebonnier\/wp-json\/wp\/v2\/posts\/376\/revisions"}],"wp:attachment":[{"href":"https:\/\/blogg.svenskakyrkan.se\/akebonnier\/wp-json\/wp\/v2\/media?parent=376"}],"wp:term":[{"taxonomy":"category","embeddable":true,"href":"https:\/\/blogg.svenskakyrkan.se\/akebonnier\/wp-json\/wp\/v2\/categories?post=376"},{"taxonomy":"post_tag","embeddable":true,"href":"https:\/\/blogg.svenskakyrkan.se\/akebonnier\/wp-json\/wp\/v2\/tags?post=376"}],"curies":[{"name":"wp","href":"https:\/\/api.w.org\/{rel}","templated":true}]}}