{"id":377,"date":"2010-02-24T19:39:00","date_gmt":"2010-02-24T19:39:00","guid":{"rendered":"http:\/\/blogg.svenskakyrkan.se\/akebonnier\/2010\/02\/24\/no-tears-for-queers\/"},"modified":"2010-02-24T19:39:00","modified_gmt":"2010-02-24T19:39:00","slug":"no-tears-for-queers","status":"publish","type":"post","link":"https:\/\/blogg.svenskakyrkan.se\/akebonnier\/2010\/02\/24\/no-tears-for-queers\/","title":{"rendered":"No Tears for Queers"},"content":{"rendered":"<p>Jag var i g\u00e5r med min \u00e4ldsta dotter p\u00e5 Stadsteaterns lilla scen d\u00e4r Riksteatern g\u00e4stspelade en oerh\u00f6rt angel\u00e4gen pj\u00e4s om manlighet och hatbrott. No Tears for Queers \u00e4r titeln. Pj\u00e4sen handlar om hatbrott gent emot tre homosexuella m\u00e4n, ett i USA och tv\u00e5 i Sverige. Pj\u00e4sen \u00e4r en dramatisering av Mattias Brunn och bygger p\u00e5 Johan Hiltons reportagebok med samma titel.<\/p>\n<p>Jag var skakad n\u00e4r takbelysningen t\u00e4ndes efter en timme och tjugo minuter. Mina tankar hoppade i skallen och jag samtalade mycket med min dotter som har kloka tankar ocks\u00e5 i dessa fr\u00e5gor. Hur kan m\u00e4nniskor bete sig s\u00e5 dj\u00e4vulskt gent emot andra m\u00e4nniskor bara f\u00f6r att de har en annan sexuell identitet? Vart tar m\u00e4nniskov\u00e4rdet v\u00e4gen? N\u00e4r vi v\u00e4rderar sexuell identitet och kanske s\u00e4ger att t ex homosexualitet \u00e4r n\u00e5got onaturligt, bidrar vi d\u00e5 till att g\u00f6da homofobi som i sin tur, dragen till sin spets leder till hatbrott? N\u00e4r kristna f\u00f6rd\u00f6mer homosexualitet, kan man d\u00e5 komma f\u00f6rbi att det handlar om homofobi? M\u00e5ste kyrkan st\u00e5 f\u00f6r en antihomosexuell h\u00e5llning f\u00f6r att vara trogen Bibeln? Vi \u00e4r m\u00e5nga som menar att det inte beh\u00f6ver vara s\u00e5.<\/p>\n<p>Ni som l\u00e4ser min blogg och h\u00e4vdar motsatt \u00e5sikt m\u00e5 g\u00e4rna g\u00f6ra det och beskylla mig f\u00f6r b\u00e5de det ena och det andra. Det b\u00f6rjar jag bli van vid och det \u00e4r v\u00e4l sm\u00e4llar man f\u00e5r ta i min roll. Men jag h\u00e4vdar best\u00e4mt att kyrkan \u00e4n mer, och med Jesu hela livsh\u00e5llning som grund, borde st\u00e5 upp f\u00f6r m\u00e4nniskors r\u00e4tt att f\u00e5 &#8221;komma ut&#8221; som dem de \u00e4r p\u00e5 djupet, bli respekterade f\u00f6r sin sexuella identitet s\u00e5 l\u00e4nge den inte skadar dem sj\u00e4lva eller n\u00e5gon annan. Kyrkan har s\u00e5 oerh\u00f6rt l\u00e4nge l\u00e5st in m\u00e4nniskor i garderober i den bem\u00e4rkelsen att man har skambelagt annan sexualitet \u00e4n den heterosexuella.<\/p>\n<p>Vill vi ha en b\u00e4ttre v\u00e4rld, en v\u00e4rld pr\u00e4glad av medm\u00e4nsklighet och respekt, en v\u00e4rld d\u00e4r k\u00e4rleken \u00e4r st\u00f6rst av allt, en v\u00e4rld d\u00e4r vi ser varandra, d\u00e4r vi bryr oss om varandra,  d\u00e5 m\u00e5ste vi b\u00f6rja sopa bort det skr\u00e4p som finns i v\u00e5r n\u00e4rhet, skr\u00e4p som vi kanske sj\u00e4lva b\u00e4r p\u00e5. Vill vi ha en b\u00e4ttre v\u00e4rld kan vi inte forts\u00e4tta p\u00e5 f\u00f6rd\u00f6mandets v\u00e4g utan ist\u00e4llet se p\u00e5 varandra som br\u00f6der och systrar. Homofobi g\u00f6der en fasansfull v\u00e4rld och homofobin finns i en kyrka n\u00e4ra Dig l\u00e5ngt ifr\u00e5n Jesus sj\u00e4lv.<\/p>\n<p>G\u00e5 och se &#8221;No Tears for Queers&#8221;! Mer information ges p\u00e5 <a href=\"http:\/\/www.riksteatern.se\/notearsforqueers\">www.riksteatern.se\/notearsforqueers<\/a><\/p>\n<div class=\"blogger-post-footer\"><img width='1' height='1' src='https:\/\/blogger.googleusercontent.com\/tracker\/9055441369901436026-6846786970688535037?l=akebonnier.blogspot.com' alt='' \/><\/div>\n","protected":false},"excerpt":{"rendered":"<p>Jag var i g\u00e5r med min \u00e4ldsta dotter p\u00e5 Stadsteaterns lilla scen d\u00e4r Riksteatern g\u00e4stspelade en oerh\u00f6rt angel\u00e4gen pj\u00e4s om manlighet och hatbrott. No Tears for Queers \u00e4r titeln. Pj\u00e4sen handlar om hatbrott gent emot tre homosexuella m\u00e4n, ett i USA och tv\u00e5 i Sverige. Pj\u00e4sen \u00e4r en dramatisering av Mattias Brunn och bygger p\u00e5 [&hellip;]<\/p>\n","protected":false},"author":108,"featured_media":0,"comment_status":"open","ping_status":"open","sticky":false,"template":"","format":"standard","meta":{"_acf_changed":false,"footnotes":""},"categories":[16355],"tags":[],"class_list":["post-377","post","type-post","status-publish","format-standard","hentry","category-no-tears-for-queers"],"acf":[],"yoast_head":"<!-- This site is optimized with the Yoast SEO plugin v27.1.1 - https:\/\/yoast.com\/product\/yoast-seo-wordpress\/ -->\n<title>No Tears for Queers - \u00c5ke Bonnier<\/title>\n<meta name=\"robots\" content=\"index, follow, max-snippet:-1, max-image-preview:large, max-video-preview:-1\" \/>\n<link rel=\"canonical\" href=\"https:\/\/blogg.svenskakyrkan.se\/akebonnier\/2010\/02\/24\/no-tears-for-queers\/\" \/>\n<meta property=\"og:locale\" content=\"sv_SE\" \/>\n<meta property=\"og:type\" content=\"article\" \/>\n<meta property=\"og:title\" content=\"No Tears for Queers - \u00c5ke Bonnier\" \/>\n<meta property=\"og:description\" content=\"Jag var i g\u00e5r med min \u00e4ldsta dotter p\u00e5 Stadsteaterns lilla scen d\u00e4r Riksteatern g\u00e4stspelade en oerh\u00f6rt angel\u00e4gen pj\u00e4s om manlighet och hatbrott. No Tears for Queers \u00e4r titeln. Pj\u00e4sen handlar om hatbrott gent emot tre homosexuella m\u00e4n, ett i USA och tv\u00e5 i Sverige. Pj\u00e4sen \u00e4r en dramatisering av Mattias Brunn och bygger p\u00e5 [&hellip;]\" \/>\n<meta property=\"og:url\" content=\"https:\/\/blogg.svenskakyrkan.se\/akebonnier\/2010\/02\/24\/no-tears-for-queers\/\" \/>\n<meta property=\"og:site_name\" content=\"\u00c5ke Bonnier\" \/>\n<meta property=\"article:published_time\" content=\"2010-02-24T19:39:00+00:00\" \/>\n<meta property=\"og:image\" content=\"https:\/\/blogger.googleusercontent.com\/tracker\/9055441369901436026-6846786970688535037?l=akebonnier.blogspot.com\" \/>\n<meta name=\"author\" content=\"\u00c5ke Bonnier\" \/>\n<meta name=\"twitter:card\" content=\"summary_large_image\" \/>\n<meta name=\"twitter:label1\" content=\"Skriven av\" \/>\n\t<meta name=\"twitter:data1\" content=\"\u00c5ke Bonnier\" \/>\n\t<meta name=\"twitter:label2\" content=\"Ber\u00e4knad l\u00e4stid\" \/>\n\t<meta name=\"twitter:data2\" content=\"2 minuter\" \/>\n<script type=\"application\/ld+json\" class=\"yoast-schema-graph\">{\"@context\":\"https:\/\/schema.org\",\"@graph\":[{\"@type\":\"Article\",\"@id\":\"https:\/\/blogg.svenskakyrkan.se\/akebonnier\/2010\/02\/24\/no-tears-for-queers\/#article\",\"isPartOf\":{\"@id\":\"https:\/\/blogg.svenskakyrkan.se\/akebonnier\/2010\/02\/24\/no-tears-for-queers\/\"},\"author\":{\"name\":\"\u00c5ke Bonnier\",\"@id\":\"https:\/\/blogg.svenskakyrkan.se\/akebonnier\/#\/schema\/person\/8db68bc0c94f6a5a62df2d4486ff1343\"},\"headline\":\"No Tears for Queers\",\"datePublished\":\"2010-02-24T19:39:00+00:00\",\"mainEntityOfPage\":{\"@id\":\"https:\/\/blogg.svenskakyrkan.se\/akebonnier\/2010\/02\/24\/no-tears-for-queers\/\"},\"wordCount\":500,\"commentCount\":4,\"image\":{\"@id\":\"https:\/\/blogg.svenskakyrkan.se\/akebonnier\/2010\/02\/24\/no-tears-for-queers\/#primaryimage\"},\"thumbnailUrl\":\"https:\/\/blogger.googleusercontent.com\/tracker\/9055441369901436026-6846786970688535037?l=akebonnier.blogspot.com\",\"articleSection\":[\"No Tears for Queers\"],\"inLanguage\":\"sv-SE\",\"potentialAction\":[{\"@type\":\"CommentAction\",\"name\":\"Comment\",\"target\":[\"https:\/\/blogg.svenskakyrkan.se\/akebonnier\/2010\/02\/24\/no-tears-for-queers\/#respond\"]}]},{\"@type\":\"WebPage\",\"@id\":\"https:\/\/blogg.svenskakyrkan.se\/akebonnier\/2010\/02\/24\/no-tears-for-queers\/\",\"url\":\"https:\/\/blogg.svenskakyrkan.se\/akebonnier\/2010\/02\/24\/no-tears-for-queers\/\",\"name\":\"No Tears for Queers - \u00c5ke Bonnier\",\"isPartOf\":{\"@id\":\"https:\/\/blogg.svenskakyrkan.se\/akebonnier\/#website\"},\"primaryImageOfPage\":{\"@id\":\"https:\/\/blogg.svenskakyrkan.se\/akebonnier\/2010\/02\/24\/no-tears-for-queers\/#primaryimage\"},\"image\":{\"@id\":\"https:\/\/blogg.svenskakyrkan.se\/akebonnier\/2010\/02\/24\/no-tears-for-queers\/#primaryimage\"},\"thumbnailUrl\":\"https:\/\/blogger.googleusercontent.com\/tracker\/9055441369901436026-6846786970688535037?l=akebonnier.blogspot.com\",\"datePublished\":\"2010-02-24T19:39:00+00:00\",\"author\":{\"@id\":\"https:\/\/blogg.svenskakyrkan.se\/akebonnier\/#\/schema\/person\/8db68bc0c94f6a5a62df2d4486ff1343\"},\"breadcrumb\":{\"@id\":\"https:\/\/blogg.svenskakyrkan.se\/akebonnier\/2010\/02\/24\/no-tears-for-queers\/#breadcrumb\"},\"inLanguage\":\"sv-SE\",\"potentialAction\":[{\"@type\":\"ReadAction\",\"target\":[\"https:\/\/blogg.svenskakyrkan.se\/akebonnier\/2010\/02\/24\/no-tears-for-queers\/\"]}]},{\"@type\":\"ImageObject\",\"inLanguage\":\"sv-SE\",\"@id\":\"https:\/\/blogg.svenskakyrkan.se\/akebonnier\/2010\/02\/24\/no-tears-for-queers\/#primaryimage\",\"url\":\"https:\/\/blogger.googleusercontent.com\/tracker\/9055441369901436026-6846786970688535037?l=akebonnier.blogspot.com\",\"contentUrl\":\"https:\/\/blogger.googleusercontent.com\/tracker\/9055441369901436026-6846786970688535037?l=akebonnier.blogspot.com\"},{\"@type\":\"BreadcrumbList\",\"@id\":\"https:\/\/blogg.svenskakyrkan.se\/akebonnier\/2010\/02\/24\/no-tears-for-queers\/#breadcrumb\",\"itemListElement\":[{\"@type\":\"ListItem\",\"position\":1,\"name\":\"Hem\",\"item\":\"https:\/\/blogg.svenskakyrkan.se\/akebonnier\/\"},{\"@type\":\"ListItem\",\"position\":2,\"name\":\"No Tears for Queers\"}]},{\"@type\":\"WebSite\",\"@id\":\"https:\/\/blogg.svenskakyrkan.se\/akebonnier\/#website\",\"url\":\"https:\/\/blogg.svenskakyrkan.se\/akebonnier\/\",\"name\":\"\u00c5ke Bonnier\",\"description\":\"Biskop i Svenska kyrkan - Skara stift\",\"potentialAction\":[{\"@type\":\"SearchAction\",\"target\":{\"@type\":\"EntryPoint\",\"urlTemplate\":\"https:\/\/blogg.svenskakyrkan.se\/akebonnier\/?s={search_term_string}\"},\"query-input\":{\"@type\":\"PropertyValueSpecification\",\"valueRequired\":true,\"valueName\":\"search_term_string\"}}],\"inLanguage\":\"sv-SE\"},{\"@type\":\"Person\",\"@id\":\"https:\/\/blogg.svenskakyrkan.se\/akebonnier\/#\/schema\/person\/8db68bc0c94f6a5a62df2d4486ff1343\",\"name\":\"\u00c5ke Bonnier\",\"image\":{\"@type\":\"ImageObject\",\"inLanguage\":\"sv-SE\",\"@id\":\"https:\/\/blogg.svenskakyrkan.se\/akebonnier\/#\/schema\/person\/image\/\",\"url\":\"https:\/\/secure.gravatar.com\/avatar\/b88264736bb0bc0d1ea92298aef02c9f98cfc13c7484130c42c663ae484f9462?s=96&d=mm&r=g\",\"contentUrl\":\"https:\/\/secure.gravatar.com\/avatar\/b88264736bb0bc0d1ea92298aef02c9f98cfc13c7484130c42c663ae484f9462?s=96&d=mm&r=g\",\"caption\":\"\u00c5ke Bonnier\"},\"description\":\"Jag \u00e4r gift och har tv\u00e5 vuxna d\u00f6ttrar. Pr\u00e4stvigdes 1984 och biskopsvigs 26 augusti 2012 . Jag har tidigare bland annat varit, komminister och kyrkoherde i Liding\u00f6 f\u00f6rsamling och domprost i Stockholms domkyrkof\u00f6rsamling. Jag \u00e4r intresserad av konst, litteratur, teater, film. Jag tr\u00e4nar regelbundet p\u00e5 gym. Mitt huvudsakliga musikintresse \u00e4r klassisk musik men ocks\u00e5 Beatles, Elvis Presley, Monika Zettelund, Povel Ramel och m\u00e5nga andra tycker jag om att lyssna p\u00e5. Jag l\u00e4ser f\u00f6r lite sk\u00f6nlitteratur beroende p\u00e5 annat som jag m\u00e5ste l\u00e4sa i mitt uppdrag som biskop. Men jag \u00e4lskar b\u00f6cker. Naturligtvis l\u00e4ser jag n\u00e4st intill dagligdags i \\\"B\u00f6ckernas Bok.\\\"\",\"sameAs\":[\"http:\/\/www.skarastift.se\"],\"url\":\"https:\/\/blogg.svenskakyrkan.se\/akebonnier\/author\/akebonnier\/\"}]}<\/script>\n<!-- \/ Yoast SEO plugin. -->","yoast_head_json":{"title":"No Tears for Queers - \u00c5ke Bonnier","robots":{"index":"index","follow":"follow","max-snippet":"max-snippet:-1","max-image-preview":"max-image-preview:large","max-video-preview":"max-video-preview:-1"},"canonical":"https:\/\/blogg.svenskakyrkan.se\/akebonnier\/2010\/02\/24\/no-tears-for-queers\/","og_locale":"sv_SE","og_type":"article","og_title":"No Tears for Queers - \u00c5ke Bonnier","og_description":"Jag var i g\u00e5r med min \u00e4ldsta dotter p\u00e5 Stadsteaterns lilla scen d\u00e4r Riksteatern g\u00e4stspelade en oerh\u00f6rt angel\u00e4gen pj\u00e4s om manlighet och hatbrott. No Tears for Queers \u00e4r titeln. Pj\u00e4sen handlar om hatbrott gent emot tre homosexuella m\u00e4n, ett i USA och tv\u00e5 i Sverige. Pj\u00e4sen \u00e4r en dramatisering av Mattias Brunn och bygger p\u00e5 [&hellip;]","og_url":"https:\/\/blogg.svenskakyrkan.se\/akebonnier\/2010\/02\/24\/no-tears-for-queers\/","og_site_name":"\u00c5ke Bonnier","article_published_time":"2010-02-24T19:39:00+00:00","og_image":[{"url":"https:\/\/blogger.googleusercontent.com\/tracker\/9055441369901436026-6846786970688535037?l=akebonnier.blogspot.com","type":"","width":"","height":""}],"author":"\u00c5ke Bonnier","twitter_card":"summary_large_image","twitter_misc":{"Skriven av":"\u00c5ke Bonnier","Ber\u00e4knad l\u00e4stid":"2 minuter"},"schema":{"@context":"https:\/\/schema.org","@graph":[{"@type":"Article","@id":"https:\/\/blogg.svenskakyrkan.se\/akebonnier\/2010\/02\/24\/no-tears-for-queers\/#article","isPartOf":{"@id":"https:\/\/blogg.svenskakyrkan.se\/akebonnier\/2010\/02\/24\/no-tears-for-queers\/"},"author":{"name":"\u00c5ke Bonnier","@id":"https:\/\/blogg.svenskakyrkan.se\/akebonnier\/#\/schema\/person\/8db68bc0c94f6a5a62df2d4486ff1343"},"headline":"No Tears for Queers","datePublished":"2010-02-24T19:39:00+00:00","mainEntityOfPage":{"@id":"https:\/\/blogg.svenskakyrkan.se\/akebonnier\/2010\/02\/24\/no-tears-for-queers\/"},"wordCount":500,"commentCount":4,"image":{"@id":"https:\/\/blogg.svenskakyrkan.se\/akebonnier\/2010\/02\/24\/no-tears-for-queers\/#primaryimage"},"thumbnailUrl":"https:\/\/blogger.googleusercontent.com\/tracker\/9055441369901436026-6846786970688535037?l=akebonnier.blogspot.com","articleSection":["No Tears for Queers"],"inLanguage":"sv-SE","potentialAction":[{"@type":"CommentAction","name":"Comment","target":["https:\/\/blogg.svenskakyrkan.se\/akebonnier\/2010\/02\/24\/no-tears-for-queers\/#respond"]}]},{"@type":"WebPage","@id":"https:\/\/blogg.svenskakyrkan.se\/akebonnier\/2010\/02\/24\/no-tears-for-queers\/","url":"https:\/\/blogg.svenskakyrkan.se\/akebonnier\/2010\/02\/24\/no-tears-for-queers\/","name":"No Tears for Queers - \u00c5ke Bonnier","isPartOf":{"@id":"https:\/\/blogg.svenskakyrkan.se\/akebonnier\/#website"},"primaryImageOfPage":{"@id":"https:\/\/blogg.svenskakyrkan.se\/akebonnier\/2010\/02\/24\/no-tears-for-queers\/#primaryimage"},"image":{"@id":"https:\/\/blogg.svenskakyrkan.se\/akebonnier\/2010\/02\/24\/no-tears-for-queers\/#primaryimage"},"thumbnailUrl":"https:\/\/blogger.googleusercontent.com\/tracker\/9055441369901436026-6846786970688535037?l=akebonnier.blogspot.com","datePublished":"2010-02-24T19:39:00+00:00","author":{"@id":"https:\/\/blogg.svenskakyrkan.se\/akebonnier\/#\/schema\/person\/8db68bc0c94f6a5a62df2d4486ff1343"},"breadcrumb":{"@id":"https:\/\/blogg.svenskakyrkan.se\/akebonnier\/2010\/02\/24\/no-tears-for-queers\/#breadcrumb"},"inLanguage":"sv-SE","potentialAction":[{"@type":"ReadAction","target":["https:\/\/blogg.svenskakyrkan.se\/akebonnier\/2010\/02\/24\/no-tears-for-queers\/"]}]},{"@type":"ImageObject","inLanguage":"sv-SE","@id":"https:\/\/blogg.svenskakyrkan.se\/akebonnier\/2010\/02\/24\/no-tears-for-queers\/#primaryimage","url":"https:\/\/blogger.googleusercontent.com\/tracker\/9055441369901436026-6846786970688535037?l=akebonnier.blogspot.com","contentUrl":"https:\/\/blogger.googleusercontent.com\/tracker\/9055441369901436026-6846786970688535037?l=akebonnier.blogspot.com"},{"@type":"BreadcrumbList","@id":"https:\/\/blogg.svenskakyrkan.se\/akebonnier\/2010\/02\/24\/no-tears-for-queers\/#breadcrumb","itemListElement":[{"@type":"ListItem","position":1,"name":"Hem","item":"https:\/\/blogg.svenskakyrkan.se\/akebonnier\/"},{"@type":"ListItem","position":2,"name":"No Tears for Queers"}]},{"@type":"WebSite","@id":"https:\/\/blogg.svenskakyrkan.se\/akebonnier\/#website","url":"https:\/\/blogg.svenskakyrkan.se\/akebonnier\/","name":"\u00c5ke Bonnier","description":"Biskop i Svenska kyrkan - Skara stift","potentialAction":[{"@type":"SearchAction","target":{"@type":"EntryPoint","urlTemplate":"https:\/\/blogg.svenskakyrkan.se\/akebonnier\/?s={search_term_string}"},"query-input":{"@type":"PropertyValueSpecification","valueRequired":true,"valueName":"search_term_string"}}],"inLanguage":"sv-SE"},{"@type":"Person","@id":"https:\/\/blogg.svenskakyrkan.se\/akebonnier\/#\/schema\/person\/8db68bc0c94f6a5a62df2d4486ff1343","name":"\u00c5ke Bonnier","image":{"@type":"ImageObject","inLanguage":"sv-SE","@id":"https:\/\/blogg.svenskakyrkan.se\/akebonnier\/#\/schema\/person\/image\/","url":"https:\/\/secure.gravatar.com\/avatar\/b88264736bb0bc0d1ea92298aef02c9f98cfc13c7484130c42c663ae484f9462?s=96&d=mm&r=g","contentUrl":"https:\/\/secure.gravatar.com\/avatar\/b88264736bb0bc0d1ea92298aef02c9f98cfc13c7484130c42c663ae484f9462?s=96&d=mm&r=g","caption":"\u00c5ke Bonnier"},"description":"Jag \u00e4r gift och har tv\u00e5 vuxna d\u00f6ttrar. Pr\u00e4stvigdes 1984 och biskopsvigs 26 augusti 2012 . Jag har tidigare bland annat varit, komminister och kyrkoherde i Liding\u00f6 f\u00f6rsamling och domprost i Stockholms domkyrkof\u00f6rsamling. Jag \u00e4r intresserad av konst, litteratur, teater, film. Jag tr\u00e4nar regelbundet p\u00e5 gym. Mitt huvudsakliga musikintresse \u00e4r klassisk musik men ocks\u00e5 Beatles, Elvis Presley, Monika Zettelund, Povel Ramel och m\u00e5nga andra tycker jag om att lyssna p\u00e5. Jag l\u00e4ser f\u00f6r lite sk\u00f6nlitteratur beroende p\u00e5 annat som jag m\u00e5ste l\u00e4sa i mitt uppdrag som biskop. Men jag \u00e4lskar b\u00f6cker. Naturligtvis l\u00e4ser jag n\u00e4st intill dagligdags i \"B\u00f6ckernas Bok.\"","sameAs":["http:\/\/www.skarastift.se"],"url":"https:\/\/blogg.svenskakyrkan.se\/akebonnier\/author\/akebonnier\/"}]}},"author_meta":{"ID":"108","user_nicename":"akebonnier","user_url":"http:\/\/www.skarastift.se","user_registered":"2011-10-11 09:24:48","display_name":"\u00c5ke Bonnier","first_name":"\u00c5ke","last_name":"Bonnier","avatar":"https:\/\/secure.gravatar.com\/avatar\/b88264736bb0bc0d1ea92298aef02c9f98cfc13c7484130c42c663ae484f9462?s=96&d=mm&r=g"},"featured_image":false,"bloginfo":{"name":"\u00c5ke Bonnier","url":"https:\/\/blogg.svenskakyrkan.se\/akebonnier"},"_links":{"self":[{"href":"https:\/\/blogg.svenskakyrkan.se\/akebonnier\/wp-json\/wp\/v2\/posts\/377","targetHints":{"allow":["GET"]}}],"collection":[{"href":"https:\/\/blogg.svenskakyrkan.se\/akebonnier\/wp-json\/wp\/v2\/posts"}],"about":[{"href":"https:\/\/blogg.svenskakyrkan.se\/akebonnier\/wp-json\/wp\/v2\/types\/post"}],"author":[{"embeddable":true,"href":"https:\/\/blogg.svenskakyrkan.se\/akebonnier\/wp-json\/wp\/v2\/users\/108"}],"replies":[{"embeddable":true,"href":"https:\/\/blogg.svenskakyrkan.se\/akebonnier\/wp-json\/wp\/v2\/comments?post=377"}],"version-history":[{"count":0,"href":"https:\/\/blogg.svenskakyrkan.se\/akebonnier\/wp-json\/wp\/v2\/posts\/377\/revisions"}],"wp:attachment":[{"href":"https:\/\/blogg.svenskakyrkan.se\/akebonnier\/wp-json\/wp\/v2\/media?parent=377"}],"wp:term":[{"taxonomy":"category","embeddable":true,"href":"https:\/\/blogg.svenskakyrkan.se\/akebonnier\/wp-json\/wp\/v2\/categories?post=377"},{"taxonomy":"post_tag","embeddable":true,"href":"https:\/\/blogg.svenskakyrkan.se\/akebonnier\/wp-json\/wp\/v2\/tags?post=377"}],"curies":[{"name":"wp","href":"https:\/\/api.w.org\/{rel}","templated":true}]}}